{"id":31819,"date":"2022-12-23T13:41:22","date_gmt":"2022-12-23T18:41:22","guid":{"rendered":"https:\/\/www.cornyn.senate.gov\/news\/aprobado-el-proyecto-de-ley-de-cornyn-y-pfluger-para-sellar-los-tuneles-transfronterizos\/"},"modified":"2023-01-04T13:37:34","modified_gmt":"2023-01-04T18:37:34","slug":"aprobado-el-proyecto-de-ley-de-cornyn-y-pfluger-para-sellar-los-tuneles-transfronterizos","status":"publish","type":"news","link":"https:\/\/www.cornyn.senate.gov\/es-mx\/news\/aprobado-el-proyecto-de-ley-de-cornyn-y-pfluger-para-sellar-los-tuneles-transfronterizos\/","title":{"rendered":"Aprobado el proyecto de ley de Cornyn y Pfluger para sellar los t\u00faneles transfronterizos"},"content":{"rendered":"\t\t<div data-elementor-type=\"wp-post\" data-elementor-id=\"31819\" class=\"elementor elementor-31819 elementor-31327\" data-elementor-post-type=\"news\">\n\t\t\t\t\t\t<section class=\"elementor-section elementor-top-section elementor-element elementor-element-22a05e3 elementor-section-boxed elementor-section-height-default elementor-section-height-default\" data-id=\"22a05e3\" data-element_type=\"section\" data-e-type=\"section\">\n\t\t\t\t\t\t<div class=\"elementor-container elementor-column-gap-default\">\n\t\t\t\t\t<div class=\"elementor-column elementor-col-100 elementor-top-column elementor-element elementor-element-26b40532\" data-id=\"26b40532\" data-element_type=\"column\" data-e-type=\"column\">\n\t\t\t<div class=\"elementor-widget-wrap elementor-element-populated\">\n\t\t\t\t\t\t<section class=\"elementor-section elementor-inner-section elementor-element elementor-element-2b0932b9 elementor-section-boxed elementor-section-height-default elementor-section-height-default\" data-id=\"2b0932b9\" data-element_type=\"section\" data-e-type=\"section\">\n\t\t\t\t\t\t<div class=\"elementor-container elementor-column-gap-default\">\n\t\t\t\t\t<div class=\"elementor-column elementor-col-50 elementor-inner-column elementor-element elementor-element-31d2172a\" data-id=\"31d2172a\" data-element_type=\"column\" data-e-type=\"column\">\n\t\t\t<div class=\"elementor-widget-wrap elementor-element-populated\">\n\t\t\t\t\t\t<div class=\"elementor-element elementor-element-592dc665 breadcrumb--back elementor-widget elementor-widget-button\" data-id=\"592dc665\" data-element_type=\"widget\" data-e-type=\"widget\" data-widget_type=\"button.default\">\n\t\t\t\t<div class=\"elementor-widget-container\">\n\t\t\t\t\t\t\t\t\t<div class=\"elementor-button-wrapper\">\n\t\t\t\t\t<a class=\"elementor-button elementor-button-link elementor-size-sm\" href=\"\/noticias\/\">\n\t\t\t\t\t\t<span class=\"elementor-button-content-wrapper\">\n\t\t\t\t\t\t<span class=\"elementor-button-icon\">\n\t\t\t\t<i aria-hidden=\"true\" class=\"icon icon-arrow-left\"><\/i>\t\t\t<\/span>\n\t\t\t\t\t\t\t\t\t<span class=\"elementor-button-text\">Noticias<\/span>\n\t\t\t\t\t<\/span>\n\t\t\t\t\t<\/a>\n\t\t\t\t<\/div>\n\t\t\t\t\t\t\t\t<\/div>\n\t\t\t\t<\/div>\n\t\t\t\t\t<\/div>\n\t\t<\/div>\n\t\t\t\t<div class=\"elementor-column elementor-col-50 elementor-inner-column elementor-element elementor-element-7c9d0ae5 content-page__content\" data-id=\"7c9d0ae5\" data-element_type=\"column\" data-e-type=\"column\">\n\t\t\t<div class=\"elementor-widget-wrap elementor-element-populated\">\n\t\t\t\t\t\t<div class=\"elementor-element elementor-element-40a5ab4b elementor-widget elementor-widget-theme-post-title elementor-page-title elementor-widget-heading\" data-id=\"40a5ab4b\" data-element_type=\"widget\" data-e-type=\"widget\" data-widget_type=\"theme-post-title.default\">\n\t\t\t\t<div class=\"elementor-widget-container\">\n\t\t\t\t\t<h1 class=\"elementor-heading-title elementor-size-default\">Aprobado el proyecto de ley de Cornyn y Pfluger para sellar los t\u00faneles transfronterizos<\/h1>\t\t\t\t<\/div>\n\t\t\t\t<\/div>\n\t\t\t\t<div class=\"elementor-element elementor-element-22c4b010 elementor-widget-divider--view-line elementor-widget elementor-widget-divider\" data-id=\"22c4b010\" data-element_type=\"widget\" data-e-type=\"widget\" data-widget_type=\"divider.default\">\n\t\t\t\t<div class=\"elementor-widget-container\">\n\t\t\t\t\t\t\t<div class=\"elementor-divider\">\n\t\t\t<span class=\"elementor-divider-separator\">\n\t\t\t\t\t\t<\/span>\n\t\t<\/div>\n\t\t\t\t\t\t<\/div>\n\t\t\t\t<\/div>\n\t\t\t\t<div class=\"elementor-element elementor-element-3dffa1dd elementor-widget__width-initial elementor-widget-mobile__width-inherit elementor-widget elementor-widget-text-editor\" data-id=\"3dffa1dd\" data-element_type=\"widget\" data-e-type=\"widget\" data-widget_type=\"text-editor.default\">\n\t\t\t\t<div class=\"elementor-widget-container\">\n\t\t\t\t\t\t\t\t\tDecember 23, 2022\t\t\t\t\t\t\t\t<\/div>\n\t\t\t\t<\/div>\n\t\t\t\t<div class=\"elementor-element elementor-element-6ad44bbc elementor-share-buttons--view-icon elementor-share-buttons--skin-flat elementor-share-buttons--shape-circle elementor-share-buttons--color-custom share-buttons elementor-widget__width-initial elementor-widget-mobile__width-inherit elementor-grid-0 elementor-widget elementor-widget-global elementor-global-33223 elementor-global-401 elementor-widget-share-buttons\" data-id=\"6ad44bbc\" data-element_type=\"widget\" data-e-type=\"widget\" title=\"Share\" data-widget_type=\"share-buttons.default\">\n\t\t\t\t<div class=\"elementor-widget-container\">\n\t\t\t\t\t\t\t<div class=\"elementor-grid\" role=\"list\">\n\t\t\t\t\t\t\t\t<div class=\"elementor-grid-item\" role=\"listitem\">\n\t\t\t\t\t\t<div class=\"elementor-share-btn elementor-share-btn_email\" role=\"button\" tabindex=\"0\" aria-label=\"Share on email\">\n\t\t\t\t\t\t\t\t\t\t\t\t\t\t\t<span class=\"elementor-share-btn__icon\">\n\t\t\t\t\t\t\t\t<i class=\"fas fa-envelope\" aria-hidden=\"true\"><\/i>\t\t\t\t\t\t\t<\/span>\n\t\t\t\t\t\t\t\t\t\t\t\t\t\t\t\t\t\t\t\t<\/div>\n\t\t\t\t\t<\/div>\n\t\t\t\t\t\t\t\t\t<div class=\"elementor-grid-item\" role=\"listitem\">\n\t\t\t\t\t\t<div class=\"elementor-share-btn elementor-share-btn_linkedin\" role=\"button\" tabindex=\"0\" aria-label=\"Share on linkedin\">\n\t\t\t\t\t\t\t\t\t\t\t\t\t\t\t<span class=\"elementor-share-btn__icon\">\n\t\t\t\t\t\t\t\t<i class=\"fab fa-linkedin\" aria-hidden=\"true\"><\/i>\t\t\t\t\t\t\t<\/span>\n\t\t\t\t\t\t\t\t\t\t\t\t\t\t\t\t\t\t\t\t<\/div>\n\t\t\t\t\t<\/div>\n\t\t\t\t\t\t\t\t\t<div class=\"elementor-grid-item\" role=\"listitem\">\n\t\t\t\t\t\t<div class=\"elementor-share-btn elementor-share-btn_facebook\" role=\"button\" tabindex=\"0\" aria-label=\"Share on facebook\">\n\t\t\t\t\t\t\t\t\t\t\t\t\t\t\t<span class=\"elementor-share-btn__icon\">\n\t\t\t\t\t\t\t\t<i class=\"fab fa-facebook\" aria-hidden=\"true\"><\/i>\t\t\t\t\t\t\t<\/span>\n\t\t\t\t\t\t\t\t\t\t\t\t\t\t\t\t\t\t\t\t<\/div>\n\t\t\t\t\t<\/div>\n\t\t\t\t\t\t<\/div>\n\t\t\t\t\t\t<\/div>\n\t\t\t\t<\/div>\n\t\t\t\t<div class=\"elementor-element elementor-element-2e4a0075 elementor-widget elementor-widget-text-editor\" data-id=\"2e4a0075\" data-element_type=\"widget\" data-e-type=\"widget\" data-widget_type=\"text-editor.default\">\n\t\t\t\t<div class=\"elementor-widget-container\">\n\t\t\t\t\t\t\t\t\t<p><strong>WASHINGTON-El<\/strong>senador estadounidense John Cornyn (R-TX) y el congresista August Pfluger (TX-11) han hecho p\u00fablicas las siguientes declaraciones tras su  <em>DHS Illicit Cross-Border Tunnel Defense Act<\/em>, which instructs U.S. Customs and Border Protection to develop and execute a plan to combat the use of tunnels by cartels and other transnational criminal organizations, was signed into law: <\/p>\n<p><em>&#8220;Los t\u00faneles son una de las formas en que los c\u00e1rteles intentan evadir a la Patrulla Fronteriza y pasar drogas, armas y personas a trav\u00e9s de nuestra frontera&#8221;, dijo el senador Cornyn<\/em> <strong>.<\/strong> <em>&#8220;Al eliminar el uso de t\u00faneles por parte de los c\u00e1rteles, podemos detener el flujo de narc\u00f3ticos y el tr\u00e1fico de personas hacia Estados Unidos, y me alegro de que esta legislaci\u00f3n sea ahora ley&#8221;.<\/em><\/p>\n<p>&#8220;<em>Nuestra naci\u00f3n se enfrenta a una multitud de amenazas a nuestra seguridad a lo largo de la frontera sur&#8221;,<\/em> dijo el congresista Pfluger<strong>. <\/strong> <em>&#8220;Este proyecto de ley ayudar\u00e1 a sellar los m\u00e1s de 230 t\u00faneles subterr\u00e1neos bajo la frontera entre EE.UU. y M\u00e9xico que los c\u00e1rteles de la droga y los traficantes de personas est\u00e1n utilizando actualmente para pasar de contrabando narc\u00f3ticos, armas y dinero en efectivo. Ahora, la Oficina de Aduanas y Protecci\u00f3n Fronteriza (CBP) dispondr\u00e1 de las herramientas y los recursos necesarios para elaborar un plan, destruir los t\u00faneles y evitar que estos peligrosos productos entren en Texas. Estoy orgulloso de ver mi legislaci\u00f3n convertida en ley y continuar\u00e9 la lucha para asegurar nuestra frontera.&#8221;<\/em><\/p>\n<p><u>Antecedentes:<\/u><\/p>\n<p>La <em>Ley de Defensa de T\u00faneles Transfronterizos Il\u00edcitos del DHS<\/em> encarga a la Oficina de Aduanas y Protecci\u00f3n de Fronteras de EE.UU. la elaboraci\u00f3n de un plan que ayude a identificar, violar y remediar los t\u00faneles transfronterizos il\u00edcitos. La legislaci\u00f3n tambi\u00e9n exige al CBP que lleve a cabo una evaluaci\u00f3n de los recursos para determinar las necesidades tecnol\u00f3gicas y de personal necesarias para la aplicaci\u00f3n de este plan estrat\u00e9gico, y que informe al Congreso sobre los avances en la aplicaci\u00f3n del CBP al cabo de un a\u00f1o.<\/p>\n\t\t\t\t\t\t\t\t<\/div>\n\t\t\t\t<\/div>\n\t\t\t\t\t<\/div>\n\t\t<\/div>\n\t\t\t\t\t<\/div>\n\t\t<\/section>\n\t\t\t\t\t<\/div>\n\t\t<\/div>\n\t\t\t\t\t<\/div>\n\t\t<\/section>\n\t\t\t\t<\/div>\n\t\t","protected":false},"author":2,"template":"","news-type":[161],"issues":[171],"class_list":["post-31819","news","type-news","status-publish","hentry","news-type-press-releases-es-mx","issues-immigration-border-security-es-mx"],"acf":[],"yoast_head":"<!-- This site is optimized with the Yoast SEO plugin v27.2 - https:\/\/yoast.com\/product\/yoast-seo-wordpress\/ -->\n<title>Aprobado el proyecto de ley de Cornyn y Pfluger para sellar los t\u00faneles transfronterizos - Senator Cornyn<\/title>\n<meta name=\"robots\" content=\"index, follow, max-snippet:-1, max-image-preview:large, max-video-preview:-1\" \/>\n<link rel=\"canonical\" href=\"https:\/\/www.cornyn.senate.gov\/es-mx\/news\/aprobado-el-proyecto-de-ley-de-cornyn-y-pfluger-para-sellar-los-tuneles-transfronterizos\/\" \/>\n<meta property=\"og:locale\" content=\"es_MX\" \/>\n<meta property=\"og:type\" content=\"article\" \/>\n<meta property=\"og:title\" content=\"Aprobado el proyecto de ley de Cornyn y Pfluger para sellar los t\u00faneles transfronterizos - Senator Cornyn\" \/>\n<meta property=\"og:description\" content=\"Noticias WASHINGTON-Elsenador estadounidense John Cornyn (R-TX) y el congresista August Pfluger (TX-11) han hecho p\u00fablicas las siguientes declaraciones tras su DHS Illicit Cross-Border Tunnel Defense Act, which instructs U.S. Customs and Border Protection to develop and execute a plan to combat the use of tunnels by cartels and other transnational criminal organizations, was signed into [&hellip;]\" \/>\n<meta property=\"og:url\" content=\"https:\/\/www.cornyn.senate.gov\/es-mx\/news\/aprobado-el-proyecto-de-ley-de-cornyn-y-pfluger-para-sellar-los-tuneles-transfronterizos\/\" \/>\n<meta property=\"og:site_name\" content=\"Senator Cornyn\" \/>\n<meta property=\"article:publisher\" content=\"https:\/\/www.facebook.com\/SenJohnCornyn\" \/>\n<meta property=\"article:modified_time\" content=\"2023-01-04T18:37:34+00:00\" \/>\n<meta property=\"og:image\" content=\"https:\/\/www.cornyn.senate.gov\/wp-content\/uploads\/2023\/11\/Twitter-Card-Dec-23-1024x535.png\" \/>\n\t<meta property=\"og:image:width\" content=\"1024\" \/>\n\t<meta property=\"og:image:height\" content=\"535\" \/>\n\t<meta property=\"og:image:type\" content=\"image\/png\" \/>\n<meta name=\"twitter:card\" content=\"summary_large_image\" \/>\n<meta name=\"twitter:site\" content=\"@johncornyn\" \/>\n<meta name=\"twitter:label1\" content=\"Est. reading time\" \/>\n\t<meta name=\"twitter:data1\" content=\"2 minutes\" \/>\n<script type=\"application\/ld+json\" class=\"yoast-schema-graph\">{\"@context\":\"https:\/\/schema.org\",\"@graph\":[{\"@type\":\"WebPage\",\"@id\":\"https:\/\/www.cornyn.senate.gov\/es-mx\/news\/aprobado-el-proyecto-de-ley-de-cornyn-y-pfluger-para-sellar-los-tuneles-transfronterizos\/\",\"url\":\"https:\/\/www.cornyn.senate.gov\/es-mx\/news\/aprobado-el-proyecto-de-ley-de-cornyn-y-pfluger-para-sellar-los-tuneles-transfronterizos\/\",\"name\":\"Aprobado el proyecto de ley de Cornyn y Pfluger para sellar los t\u00faneles transfronterizos - Senator Cornyn\",\"isPartOf\":{\"@id\":\"https:\/\/www.cornyn.senate.gov\/es-mx\/#website\"},\"datePublished\":\"2022-12-23T18:41:22+00:00\",\"dateModified\":\"2023-01-04T18:37:34+00:00\",\"breadcrumb\":{\"@id\":\"https:\/\/www.cornyn.senate.gov\/es-mx\/news\/aprobado-el-proyecto-de-ley-de-cornyn-y-pfluger-para-sellar-los-tuneles-transfronterizos\/#breadcrumb\"},\"inLanguage\":\"es-MX\",\"potentialAction\":[{\"@type\":\"ReadAction\",\"target\":[\"https:\/\/www.cornyn.senate.gov\/es-mx\/news\/aprobado-el-proyecto-de-ley-de-cornyn-y-pfluger-para-sellar-los-tuneles-transfronterizos\/\"]}]},{\"@type\":\"BreadcrumbList\",\"@id\":\"https:\/\/www.cornyn.senate.gov\/es-mx\/news\/aprobado-el-proyecto-de-ley-de-cornyn-y-pfluger-para-sellar-los-tuneles-transfronterizos\/#breadcrumb\",\"itemListElement\":[{\"@type\":\"ListItem\",\"position\":1,\"name\":\"Home\",\"item\":\"https:\/\/www.cornyn.senate.gov\/es-mx\/\"},{\"@type\":\"ListItem\",\"position\":2,\"name\":\"News\",\"item\":\"https:\/\/www.cornyn.senate.gov\/es-mx\/news\/\"},{\"@type\":\"ListItem\",\"position\":3,\"name\":\"Aprobado el proyecto de ley de Cornyn y Pfluger para sellar los t\u00faneles transfronterizos\"}]},{\"@type\":\"WebSite\",\"@id\":\"https:\/\/www.cornyn.senate.gov\/es-mx\/#website\",\"url\":\"https:\/\/www.cornyn.senate.gov\/es-mx\/\",\"name\":\"Senator Cornyn\",\"description\":\"\",\"publisher\":{\"@id\":\"https:\/\/www.cornyn.senate.gov\/es-mx\/#organization\"},\"potentialAction\":[{\"@type\":\"SearchAction\",\"target\":{\"@type\":\"EntryPoint\",\"urlTemplate\":\"https:\/\/www.cornyn.senate.gov\/es-mx\/?s={search_term_string}\"},\"query-input\":{\"@type\":\"PropertyValueSpecification\",\"valueRequired\":true,\"valueName\":\"search_term_string\"}}],\"inLanguage\":\"es-MX\"},{\"@type\":\"Organization\",\"@id\":\"https:\/\/www.cornyn.senate.gov\/es-mx\/#organization\",\"name\":\"Senator Cornyn\",\"url\":\"https:\/\/www.cornyn.senate.gov\/es-mx\/\",\"logo\":{\"@type\":\"ImageObject\",\"inLanguage\":\"es-MX\",\"@id\":\"https:\/\/www.cornyn.senate.gov\/es-mx\/#\/schema\/logo\/image\/\",\"url\":\"https:\/\/www.cornyn.senate.gov\/wp-content\/uploads\/2022\/01\/Logo-2.svg\",\"contentUrl\":\"https:\/\/www.cornyn.senate.gov\/wp-content\/uploads\/2022\/01\/Logo-2.svg\",\"caption\":\"Senator Cornyn\"},\"image\":{\"@id\":\"https:\/\/www.cornyn.senate.gov\/es-mx\/#\/schema\/logo\/image\/\"},\"sameAs\":[\"https:\/\/www.facebook.com\/SenJohnCornyn\",\"https:\/\/x.com\/johncornyn\"]}]}<\/script>\n<!-- \/ Yoast SEO plugin. -->","yoast_head_json":{"title":"Aprobado el proyecto de ley de Cornyn y Pfluger para sellar los t\u00faneles transfronterizos - Senator Cornyn","robots":{"index":"index","follow":"follow","max-snippet":"max-snippet:-1","max-image-preview":"max-image-preview:large","max-video-preview":"max-video-preview:-1"},"canonical":"https:\/\/www.cornyn.senate.gov\/es-mx\/news\/aprobado-el-proyecto-de-ley-de-cornyn-y-pfluger-para-sellar-los-tuneles-transfronterizos\/","og_locale":"es_MX","og_type":"article","og_title":"Aprobado el proyecto de ley de Cornyn y Pfluger para sellar los t\u00faneles transfronterizos - Senator Cornyn","og_description":"Noticias WASHINGTON-Elsenador estadounidense John Cornyn (R-TX) y el congresista August Pfluger (TX-11) han hecho p\u00fablicas las siguientes declaraciones tras su DHS Illicit Cross-Border Tunnel Defense Act, which instructs U.S. Customs and Border Protection to develop and execute a plan to combat the use of tunnels by cartels and other transnational criminal organizations, was signed into [&hellip;]","og_url":"https:\/\/www.cornyn.senate.gov\/es-mx\/news\/aprobado-el-proyecto-de-ley-de-cornyn-y-pfluger-para-sellar-los-tuneles-transfronterizos\/","og_site_name":"Senator Cornyn","article_publisher":"https:\/\/www.facebook.com\/SenJohnCornyn","article_modified_time":"2023-01-04T18:37:34+00:00","og_image":[{"width":1024,"height":535,"url":"https:\/\/www.cornyn.senate.gov\/wp-content\/uploads\/2023\/11\/Twitter-Card-Dec-23-1024x535.png","type":"image\/png"}],"twitter_card":"summary_large_image","twitter_site":"@johncornyn","twitter_misc":{"Est. reading time":"2 minutes"},"schema":{"@context":"https:\/\/schema.org","@graph":[{"@type":"WebPage","@id":"https:\/\/www.cornyn.senate.gov\/es-mx\/news\/aprobado-el-proyecto-de-ley-de-cornyn-y-pfluger-para-sellar-los-tuneles-transfronterizos\/","url":"https:\/\/www.cornyn.senate.gov\/es-mx\/news\/aprobado-el-proyecto-de-ley-de-cornyn-y-pfluger-para-sellar-los-tuneles-transfronterizos\/","name":"Aprobado el proyecto de ley de Cornyn y Pfluger para sellar los t\u00faneles transfronterizos - Senator Cornyn","isPartOf":{"@id":"https:\/\/www.cornyn.senate.gov\/es-mx\/#website"},"datePublished":"2022-12-23T18:41:22+00:00","dateModified":"2023-01-04T18:37:34+00:00","breadcrumb":{"@id":"https:\/\/www.cornyn.senate.gov\/es-mx\/news\/aprobado-el-proyecto-de-ley-de-cornyn-y-pfluger-para-sellar-los-tuneles-transfronterizos\/#breadcrumb"},"inLanguage":"es-MX","potentialAction":[{"@type":"ReadAction","target":["https:\/\/www.cornyn.senate.gov\/es-mx\/news\/aprobado-el-proyecto-de-ley-de-cornyn-y-pfluger-para-sellar-los-tuneles-transfronterizos\/"]}]},{"@type":"BreadcrumbList","@id":"https:\/\/www.cornyn.senate.gov\/es-mx\/news\/aprobado-el-proyecto-de-ley-de-cornyn-y-pfluger-para-sellar-los-tuneles-transfronterizos\/#breadcrumb","itemListElement":[{"@type":"ListItem","position":1,"name":"Home","item":"https:\/\/www.cornyn.senate.gov\/es-mx\/"},{"@type":"ListItem","position":2,"name":"News","item":"https:\/\/www.cornyn.senate.gov\/es-mx\/news\/"},{"@type":"ListItem","position":3,"name":"Aprobado el proyecto de ley de Cornyn y Pfluger para sellar los t\u00faneles transfronterizos"}]},{"@type":"WebSite","@id":"https:\/\/www.cornyn.senate.gov\/es-mx\/#website","url":"https:\/\/www.cornyn.senate.gov\/es-mx\/","name":"Senator Cornyn","description":"","publisher":{"@id":"https:\/\/www.cornyn.senate.gov\/es-mx\/#organization"},"potentialAction":[{"@type":"SearchAction","target":{"@type":"EntryPoint","urlTemplate":"https:\/\/www.cornyn.senate.gov\/es-mx\/?s={search_term_string}"},"query-input":{"@type":"PropertyValueSpecification","valueRequired":true,"valueName":"search_term_string"}}],"inLanguage":"es-MX"},{"@type":"Organization","@id":"https:\/\/www.cornyn.senate.gov\/es-mx\/#organization","name":"Senator Cornyn","url":"https:\/\/www.cornyn.senate.gov\/es-mx\/","logo":{"@type":"ImageObject","inLanguage":"es-MX","@id":"https:\/\/www.cornyn.senate.gov\/es-mx\/#\/schema\/logo\/image\/","url":"https:\/\/www.cornyn.senate.gov\/wp-content\/uploads\/2022\/01\/Logo-2.svg","contentUrl":"https:\/\/www.cornyn.senate.gov\/wp-content\/uploads\/2022\/01\/Logo-2.svg","caption":"Senator Cornyn"},"image":{"@id":"https:\/\/www.cornyn.senate.gov\/es-mx\/#\/schema\/logo\/image\/"},"sameAs":["https:\/\/www.facebook.com\/SenJohnCornyn","https:\/\/x.com\/johncornyn"]}]}},"_links":{"self":[{"href":"https:\/\/www.cornyn.senate.gov\/es-mx\/wp-json\/wp\/v2\/news\/31819","targetHints":{"allow":["GET"]}}],"collection":[{"href":"https:\/\/www.cornyn.senate.gov\/es-mx\/wp-json\/wp\/v2\/news"}],"about":[{"href":"https:\/\/www.cornyn.senate.gov\/es-mx\/wp-json\/wp\/v2\/types\/news"}],"author":[{"embeddable":true,"href":"https:\/\/www.cornyn.senate.gov\/es-mx\/wp-json\/wp\/v2\/users\/2"}],"version-history":[{"count":1,"href":"https:\/\/www.cornyn.senate.gov\/es-mx\/wp-json\/wp\/v2\/news\/31819\/revisions"}],"predecessor-version":[{"id":31821,"href":"https:\/\/www.cornyn.senate.gov\/es-mx\/wp-json\/wp\/v2\/news\/31819\/revisions\/31821"}],"wp:attachment":[{"href":"https:\/\/www.cornyn.senate.gov\/es-mx\/wp-json\/wp\/v2\/media?parent=31819"}],"wp:term":[{"taxonomy":"news-type","embeddable":true,"href":"https:\/\/www.cornyn.senate.gov\/es-mx\/wp-json\/wp\/v2\/news-type?post=31819"},{"taxonomy":"issues","embeddable":true,"href":"https:\/\/www.cornyn.senate.gov\/es-mx\/wp-json\/wp\/v2\/issues?post=31819"}],"curies":[{"name":"wp","href":"https:\/\/api.w.org\/{rel}","templated":true}]}}