{"id":31835,"date":"2022-12-20T18:06:12","date_gmt":"2022-12-20T23:06:12","guid":{"rendered":"https:\/\/www.cornyn.senate.gov\/news\/el-senado-aprueba-un-proyecto-de-ley-de-cornyn-y-padilla-para-destinar-a-infraestructuras-y-catastrofes-los-fondos-no-gastados-del-covid\/"},"modified":"2023-01-04T13:44:49","modified_gmt":"2023-01-04T18:44:49","slug":"el-senado-aprueba-un-proyecto-de-ley-de-cornyn-y-padilla-para-destinar-a-infraestructuras-y-catastrofes-los-fondos-no-gastados-del-covid","status":"publish","type":"news","link":"https:\/\/www.cornyn.senate.gov\/es-mx\/news\/el-senado-aprueba-un-proyecto-de-ley-de-cornyn-y-padilla-para-destinar-a-infraestructuras-y-catastrofes-los-fondos-no-gastados-del-covid\/","title":{"rendered":"El Senado aprueba un proyecto de ley de Cornyn y Padilla para destinar a infraestructuras y cat\u00e1strofes los fondos no gastados del COVID"},"content":{"rendered":"\t\t<div data-elementor-type=\"wp-post\" data-elementor-id=\"31835\" class=\"elementor elementor-31835 elementor-31111\" data-elementor-post-type=\"news\">\n\t\t\t\t\t\t<section class=\"elementor-section elementor-top-section elementor-element elementor-element-6dca63f3 elementor-section-boxed elementor-section-height-default elementor-section-height-default\" data-id=\"6dca63f3\" data-element_type=\"section\" data-e-type=\"section\">\n\t\t\t\t\t\t<div class=\"elementor-container elementor-column-gap-default\">\n\t\t\t\t\t<div class=\"elementor-column elementor-col-100 elementor-top-column elementor-element elementor-element-2f6c97f0\" data-id=\"2f6c97f0\" data-element_type=\"column\" data-e-type=\"column\">\n\t\t\t<div class=\"elementor-widget-wrap elementor-element-populated\">\n\t\t\t\t\t\t<section class=\"elementor-section elementor-inner-section elementor-element elementor-element-17968ed0 elementor-section-boxed elementor-section-height-default elementor-section-height-default\" data-id=\"17968ed0\" data-element_type=\"section\" data-e-type=\"section\">\n\t\t\t\t\t\t<div class=\"elementor-container elementor-column-gap-default\">\n\t\t\t\t\t<div class=\"elementor-column elementor-col-50 elementor-inner-column elementor-element elementor-element-695de2f5\" data-id=\"695de2f5\" data-element_type=\"column\" data-e-type=\"column\">\n\t\t\t<div class=\"elementor-widget-wrap elementor-element-populated\">\n\t\t\t\t\t\t<div class=\"elementor-element elementor-element-94bbfb breadcrumb--back elementor-widget elementor-widget-button\" data-id=\"94bbfb\" data-element_type=\"widget\" data-e-type=\"widget\" data-widget_type=\"button.default\">\n\t\t\t\t<div class=\"elementor-widget-container\">\n\t\t\t\t\t\t\t\t\t<div class=\"elementor-button-wrapper\">\n\t\t\t\t\t<a class=\"elementor-button elementor-button-link elementor-size-sm\" href=\"\/noticias\/\">\n\t\t\t\t\t\t<span class=\"elementor-button-content-wrapper\">\n\t\t\t\t\t\t<span class=\"elementor-button-icon\">\n\t\t\t\t<i aria-hidden=\"true\" class=\"icon icon-arrow-left\"><\/i>\t\t\t<\/span>\n\t\t\t\t\t\t\t\t\t<span class=\"elementor-button-text\">Noticias<\/span>\n\t\t\t\t\t<\/span>\n\t\t\t\t\t<\/a>\n\t\t\t\t<\/div>\n\t\t\t\t\t\t\t\t<\/div>\n\t\t\t\t<\/div>\n\t\t\t\t\t<\/div>\n\t\t<\/div>\n\t\t\t\t<div class=\"elementor-column elementor-col-50 elementor-inner-column elementor-element elementor-element-4df1b494 content-page__content\" data-id=\"4df1b494\" data-element_type=\"column\" data-e-type=\"column\">\n\t\t\t<div class=\"elementor-widget-wrap elementor-element-populated\">\n\t\t\t\t\t\t<div class=\"elementor-element elementor-element-500da253 elementor-widget elementor-widget-theme-post-title elementor-page-title elementor-widget-heading\" data-id=\"500da253\" data-element_type=\"widget\" data-e-type=\"widget\" data-widget_type=\"theme-post-title.default\">\n\t\t\t\t<div class=\"elementor-widget-container\">\n\t\t\t\t\t<h1 class=\"elementor-heading-title elementor-size-default\">El Senado aprueba un proyecto de ley de Cornyn y Padilla para destinar a infraestructuras y cat\u00e1strofes los fondos no gastados del COVID<\/h1>\t\t\t\t<\/div>\n\t\t\t\t<\/div>\n\t\t\t\t<div class=\"elementor-element elementor-element-6d1fe338 elementor-widget-divider--view-line elementor-widget elementor-widget-divider\" data-id=\"6d1fe338\" data-element_type=\"widget\" data-e-type=\"widget\" data-widget_type=\"divider.default\">\n\t\t\t\t<div class=\"elementor-widget-container\">\n\t\t\t\t\t\t\t<div class=\"elementor-divider\">\n\t\t\t<span class=\"elementor-divider-separator\">\n\t\t\t\t\t\t<\/span>\n\t\t<\/div>\n\t\t\t\t\t\t<\/div>\n\t\t\t\t<\/div>\n\t\t\t\t<div class=\"elementor-element elementor-element-7fb7d953 elementor-widget__width-initial elementor-widget-mobile__width-inherit elementor-widget elementor-widget-text-editor\" data-id=\"7fb7d953\" data-element_type=\"widget\" data-e-type=\"widget\" data-widget_type=\"text-editor.default\">\n\t\t\t\t<div class=\"elementor-widget-container\">\n\t\t\t\t\t\t\t\t\tDecember 20, 2022\t\t\t\t\t\t\t\t<\/div>\n\t\t\t\t<\/div>\n\t\t\t\t<div class=\"elementor-element elementor-element-156f18c3 elementor-share-buttons--view-icon elementor-share-buttons--skin-flat elementor-share-buttons--shape-circle elementor-share-buttons--color-custom share-buttons elementor-widget__width-initial elementor-widget-mobile__width-inherit elementor-grid-0 elementor-widget elementor-widget-global elementor-global-33223 elementor-global-401 elementor-widget-share-buttons\" data-id=\"156f18c3\" data-element_type=\"widget\" data-e-type=\"widget\" title=\"Share\" data-widget_type=\"share-buttons.default\">\n\t\t\t\t<div class=\"elementor-widget-container\">\n\t\t\t\t\t\t\t<div class=\"elementor-grid\" role=\"list\">\n\t\t\t\t\t\t\t\t<div class=\"elementor-grid-item\" role=\"listitem\">\n\t\t\t\t\t\t<div class=\"elementor-share-btn elementor-share-btn_email\" role=\"button\" tabindex=\"0\" aria-label=\"Share on email\">\n\t\t\t\t\t\t\t\t\t\t\t\t\t\t\t<span class=\"elementor-share-btn__icon\">\n\t\t\t\t\t\t\t\t<i class=\"fas fa-envelope\" aria-hidden=\"true\"><\/i>\t\t\t\t\t\t\t<\/span>\n\t\t\t\t\t\t\t\t\t\t\t\t\t\t\t\t\t\t\t\t<\/div>\n\t\t\t\t\t<\/div>\n\t\t\t\t\t\t\t\t\t<div class=\"elementor-grid-item\" role=\"listitem\">\n\t\t\t\t\t\t<div class=\"elementor-share-btn elementor-share-btn_linkedin\" role=\"button\" tabindex=\"0\" aria-label=\"Share on linkedin\">\n\t\t\t\t\t\t\t\t\t\t\t\t\t\t\t<span class=\"elementor-share-btn__icon\">\n\t\t\t\t\t\t\t\t<i class=\"fab fa-linkedin\" aria-hidden=\"true\"><\/i>\t\t\t\t\t\t\t<\/span>\n\t\t\t\t\t\t\t\t\t\t\t\t\t\t\t\t\t\t\t\t<\/div>\n\t\t\t\t\t<\/div>\n\t\t\t\t\t\t\t\t\t<div class=\"elementor-grid-item\" role=\"listitem\">\n\t\t\t\t\t\t<div class=\"elementor-share-btn elementor-share-btn_facebook\" role=\"button\" tabindex=\"0\" aria-label=\"Share on facebook\">\n\t\t\t\t\t\t\t\t\t\t\t\t\t\t\t<span class=\"elementor-share-btn__icon\">\n\t\t\t\t\t\t\t\t<i class=\"fab fa-facebook\" aria-hidden=\"true\"><\/i>\t\t\t\t\t\t\t<\/span>\n\t\t\t\t\t\t\t\t\t\t\t\t\t\t\t\t\t\t\t\t<\/div>\n\t\t\t\t\t<\/div>\n\t\t\t\t\t\t<\/div>\n\t\t\t\t\t\t<\/div>\n\t\t\t\t<\/div>\n\t\t\t\t<div class=\"elementor-element elementor-element-57766704 elementor-widget elementor-widget-text-editor\" data-id=\"57766704\" data-element_type=\"widget\" data-e-type=\"widget\" data-widget_type=\"text-editor.default\">\n\t\t\t\t<div class=\"elementor-widget-container\">\n\t\t\t\t\t\t\t\t\t<p><strong>WASHINGTON &#8211; <\/strong>Los senadores John Cornyn (republicano de Texas), Alex Padilla (dem\u00f3crata de California) y Jon Tester (dem\u00f3crata de Minnesota) han hecho p\u00fablicas las siguientes declaraciones tras el  La <em>Ley de Flexibilidad para la Recuperaci\u00f3n Fiscal, las Infraestructuras y la Ayuda en Casos de Cat\u00e1strofe a nivel estatal, local, tribal y<\/em> territorial, que introducir\u00eda cambios en varias categor\u00edas de inversiones en infraestructuras y ayuda en casos de cat\u00e1strofe elegibles para los fondos de ayuda no gastados del COVID-19, fue aprobada por unanimidad en el Senado:<\/p>\n<p>&#8220;Los <em>dirigentes tejanos de todo el Estado se han quedado con m\u00e1s fondos de ayuda para la pandemia que gastos subvencionables, un problema que no es exclusivo del Estado de la Estrella Solitaria&#8221;, <\/em>dijo el senador Cornyn.  <em>&#8220;Estoy agradecido a mis colegas del Senado por trabajar conmigo en esta legislaci\u00f3n para dar a los gobiernos estatales y locales m\u00e1s flexibilidad para invertir los fondos no gastados en proyectos cr\u00edticos que sus comunidades necesitan, y estoy instando a la C\u00e1mara para enviar esto a la mesa del Presidente tan pronto como sea posible.&#8221;  <\/em><\/p>\n<p><em>&#8220;Los gobiernos estatales, locales, tribales y territoriales necesitan flexibilidad para utilizar los recursos proporcionados por el gobierno federal para atender y servir a sus electores lo mejor que puedan. Este esfuerzo bipartidista ayudar\u00e1 a cada regi\u00f3n del pa\u00eds a responder a los retos \u00fanicos a los que se enfrentan&#8221;, <\/em>declar\u00f3 el senador Padilla.<strong> <\/strong><em>&#8220;Mientras seguimos enfrent\u00e1ndonos a cat\u00e1strofes naturales sin precedentes tanto en California como en todo el pa\u00eds, nuestro proyecto de ley tambi\u00e9n permitir\u00e1 a nuestras comunidades acceder m\u00e1s r\u00e1pidamente a los recursos que necesitan en momentos de tragedia.&#8221;<\/em><\/p>\n<p>&#8220;Los <em>condados de Butte-Silver Bow y Anaconda-Deer Lodge se quedaron fuera de esta fuente de financiaci\u00f3n cr\u00edtica por causas ajenas a su voluntad, y eso est\u00e1 mal, por lo que estoy luchando para garantizar que reciban los recursos que necesitan&#8221;, <\/em>dijo el senador Tester.<strong> <\/strong><em>&#8220;Los montaneses siempre pueden esperar de m\u00ed que exija responsabilidades a Washington, D.C., independientemente de qui\u00e9n est\u00e9 al mando&#8221;.<\/em><\/p>\n<p><em>&#8220;Este esfuerzo bipartidista beneficiar\u00e1 a muchos de los municipios unificados de Alaska, que lamentablemente se quedaron fuera de la financiaci\u00f3n de ayuda destinada a ayudar a hacer frente a los impactos econ\u00f3micos de la pandemia&#8221;,<\/em> dijola senadora Murkowski.<b> <\/b><em>&#8220;<\/em><em>Esta legislaci\u00f3n resuelve los errores que dificultaban a esas comunidades el acceso a esos fondos y su utilizaci\u00f3n. Quiero dar las gracias a mis colegas por trabajar en esta legislaci\u00f3n de sentido com\u00fan, y por acordar una soluci\u00f3n sencilla que marcar\u00e1 la diferencia para las comunidades de toda Alaska.&#8221;<\/em><\/p>\n<p><u>Antecedentes:<\/u><\/p>\n<p>La <em>Ley de Flexibilidad <\/em>para la Recuperaci\u00f3n <em>Fiscal, Infraestructuras y Ayuda en Cat\u00e1strofes a nivel Estatal, Local, Tribal y <\/em>Territorial proporcionar\u00eda flexibilidad adicional a los estados, tribus y unidades de gobierno local para gastar sus asignaciones de los Fondos de Recuperaci\u00f3n Fiscal Estatales y Locales para el Coronavirus. El proyecto de ley permite que estos fondos se utilicen para proporcionar ayuda de emergencia en caso de cat\u00e1strofes naturales y crea un proceso para que los funcionarios locales puedan rechazar los fondos si sus jurisdicciones no sufrieron d\u00e9ficits presupuestarios durante el COVID, una opci\u00f3n de la que no disponen actualmente. En virtud de esta legislaci\u00f3n, el l\u00edmite m\u00e1ximo de los fondos del COVID que pueden destinarse a estos nuevos fines ser\u00eda de 10 millones de d\u00f3lares o el 30% de los fondos, el mayor de los dos importes. Este proyecto de ley no impone mandatos de gasto a los beneficiarios de la financiaci\u00f3n COVID y no reclama ninguna financiaci\u00f3n distribuida.<\/p>\n\t\t\t\t\t\t\t\t<\/div>\n\t\t\t\t<\/div>\n\t\t\t\t\t<\/div>\n\t\t<\/div>\n\t\t\t\t\t<\/div>\n\t\t<\/section>\n\t\t\t\t\t<\/div>\n\t\t<\/div>\n\t\t\t\t\t<\/div>\n\t\t<\/section>\n\t\t\t\t<\/div>\n\t\t","protected":false},"author":2,"template":"","news-type":[161],"issues":[179],"class_list":["post-31835","news","type-news","status-publish","hentry","news-type-press-releases-es-mx","issues-disaster-emergency-preparedness-es-mx"],"acf":[],"yoast_head":"<!-- This site is optimized with the Yoast SEO plugin v27.2 - https:\/\/yoast.com\/product\/yoast-seo-wordpress\/ -->\n<title>El Senado aprueba un proyecto de ley de Cornyn y Padilla para destinar a infraestructuras y cat\u00e1strofes los fondos no gastados del COVID - Senator Cornyn<\/title>\n<meta name=\"robots\" content=\"index, follow, max-snippet:-1, max-image-preview:large, max-video-preview:-1\" \/>\n<link rel=\"canonical\" href=\"https:\/\/www.cornyn.senate.gov\/es-mx\/news\/el-senado-aprueba-un-proyecto-de-ley-de-cornyn-y-padilla-para-destinar-a-infraestructuras-y-catastrofes-los-fondos-no-gastados-del-covid\/\" \/>\n<meta property=\"og:locale\" content=\"es_MX\" \/>\n<meta property=\"og:type\" content=\"article\" \/>\n<meta property=\"og:title\" content=\"El Senado aprueba un proyecto de ley de Cornyn y Padilla para destinar a infraestructuras y cat\u00e1strofes los fondos no gastados del COVID - Senator Cornyn\" \/>\n<meta property=\"og:description\" content=\"Noticias WASHINGTON &#8211; Los senadores John Cornyn (republicano de Texas), Alex Padilla (dem\u00f3crata de California) y Jon Tester (dem\u00f3crata de Minnesota) han hecho p\u00fablicas las siguientes declaraciones tras el La Ley de Flexibilidad para la Recuperaci\u00f3n Fiscal, las Infraestructuras y la Ayuda en Casos de Cat\u00e1strofe a nivel estatal, local, tribal y territorial, que introducir\u00eda [&hellip;]\" \/>\n<meta property=\"og:url\" content=\"https:\/\/www.cornyn.senate.gov\/es-mx\/news\/el-senado-aprueba-un-proyecto-de-ley-de-cornyn-y-padilla-para-destinar-a-infraestructuras-y-catastrofes-los-fondos-no-gastados-del-covid\/\" \/>\n<meta property=\"og:site_name\" content=\"Senator Cornyn\" \/>\n<meta property=\"article:publisher\" content=\"https:\/\/www.facebook.com\/SenJohnCornyn\" \/>\n<meta property=\"article:modified_time\" content=\"2023-01-04T18:44:49+00:00\" \/>\n<meta property=\"og:image\" content=\"https:\/\/www.cornyn.senate.gov\/wp-content\/uploads\/2023\/11\/Twitter-Card-Dec-23-1024x535.png\" \/>\n\t<meta property=\"og:image:width\" content=\"1024\" \/>\n\t<meta property=\"og:image:height\" content=\"535\" \/>\n\t<meta property=\"og:image:type\" content=\"image\/png\" \/>\n<meta name=\"twitter:card\" content=\"summary_large_image\" \/>\n<meta name=\"twitter:site\" content=\"@johncornyn\" \/>\n<meta name=\"twitter:label1\" content=\"Est. reading time\" \/>\n\t<meta name=\"twitter:data1\" content=\"3 minutes\" \/>\n<script type=\"application\/ld+json\" class=\"yoast-schema-graph\">{\"@context\":\"https:\/\/schema.org\",\"@graph\":[{\"@type\":\"WebPage\",\"@id\":\"https:\/\/www.cornyn.senate.gov\/es-mx\/news\/el-senado-aprueba-un-proyecto-de-ley-de-cornyn-y-padilla-para-destinar-a-infraestructuras-y-catastrofes-los-fondos-no-gastados-del-covid\/\",\"url\":\"https:\/\/www.cornyn.senate.gov\/es-mx\/news\/el-senado-aprueba-un-proyecto-de-ley-de-cornyn-y-padilla-para-destinar-a-infraestructuras-y-catastrofes-los-fondos-no-gastados-del-covid\/\",\"name\":\"El Senado aprueba un proyecto de ley de Cornyn y Padilla para destinar a infraestructuras y cat\u00e1strofes los fondos no gastados del COVID - Senator Cornyn\",\"isPartOf\":{\"@id\":\"https:\/\/www.cornyn.senate.gov\/es-mx\/#website\"},\"datePublished\":\"2022-12-20T23:06:12+00:00\",\"dateModified\":\"2023-01-04T18:44:49+00:00\",\"breadcrumb\":{\"@id\":\"https:\/\/www.cornyn.senate.gov\/es-mx\/news\/el-senado-aprueba-un-proyecto-de-ley-de-cornyn-y-padilla-para-destinar-a-infraestructuras-y-catastrofes-los-fondos-no-gastados-del-covid\/#breadcrumb\"},\"inLanguage\":\"es-MX\",\"potentialAction\":[{\"@type\":\"ReadAction\",\"target\":[\"https:\/\/www.cornyn.senate.gov\/es-mx\/news\/el-senado-aprueba-un-proyecto-de-ley-de-cornyn-y-padilla-para-destinar-a-infraestructuras-y-catastrofes-los-fondos-no-gastados-del-covid\/\"]}]},{\"@type\":\"BreadcrumbList\",\"@id\":\"https:\/\/www.cornyn.senate.gov\/es-mx\/news\/el-senado-aprueba-un-proyecto-de-ley-de-cornyn-y-padilla-para-destinar-a-infraestructuras-y-catastrofes-los-fondos-no-gastados-del-covid\/#breadcrumb\",\"itemListElement\":[{\"@type\":\"ListItem\",\"position\":1,\"name\":\"Home\",\"item\":\"https:\/\/www.cornyn.senate.gov\/es-mx\/\"},{\"@type\":\"ListItem\",\"position\":2,\"name\":\"News\",\"item\":\"https:\/\/www.cornyn.senate.gov\/es-mx\/news\/\"},{\"@type\":\"ListItem\",\"position\":3,\"name\":\"El Senado aprueba un proyecto de ley de Cornyn y Padilla para destinar a infraestructuras y cat\u00e1strofes los fondos no gastados del COVID\"}]},{\"@type\":\"WebSite\",\"@id\":\"https:\/\/www.cornyn.senate.gov\/es-mx\/#website\",\"url\":\"https:\/\/www.cornyn.senate.gov\/es-mx\/\",\"name\":\"Senator Cornyn\",\"description\":\"\",\"publisher\":{\"@id\":\"https:\/\/www.cornyn.senate.gov\/es-mx\/#organization\"},\"potentialAction\":[{\"@type\":\"SearchAction\",\"target\":{\"@type\":\"EntryPoint\",\"urlTemplate\":\"https:\/\/www.cornyn.senate.gov\/es-mx\/?s={search_term_string}\"},\"query-input\":{\"@type\":\"PropertyValueSpecification\",\"valueRequired\":true,\"valueName\":\"search_term_string\"}}],\"inLanguage\":\"es-MX\"},{\"@type\":\"Organization\",\"@id\":\"https:\/\/www.cornyn.senate.gov\/es-mx\/#organization\",\"name\":\"Senator Cornyn\",\"url\":\"https:\/\/www.cornyn.senate.gov\/es-mx\/\",\"logo\":{\"@type\":\"ImageObject\",\"inLanguage\":\"es-MX\",\"@id\":\"https:\/\/www.cornyn.senate.gov\/es-mx\/#\/schema\/logo\/image\/\",\"url\":\"https:\/\/www.cornyn.senate.gov\/wp-content\/uploads\/2022\/01\/Logo-2.svg\",\"contentUrl\":\"https:\/\/www.cornyn.senate.gov\/wp-content\/uploads\/2022\/01\/Logo-2.svg\",\"caption\":\"Senator Cornyn\"},\"image\":{\"@id\":\"https:\/\/www.cornyn.senate.gov\/es-mx\/#\/schema\/logo\/image\/\"},\"sameAs\":[\"https:\/\/www.facebook.com\/SenJohnCornyn\",\"https:\/\/x.com\/johncornyn\"]}]}<\/script>\n<!-- \/ Yoast SEO plugin. -->","yoast_head_json":{"title":"El Senado aprueba un proyecto de ley de Cornyn y Padilla para destinar a infraestructuras y cat\u00e1strofes los fondos no gastados del COVID - Senator Cornyn","robots":{"index":"index","follow":"follow","max-snippet":"max-snippet:-1","max-image-preview":"max-image-preview:large","max-video-preview":"max-video-preview:-1"},"canonical":"https:\/\/www.cornyn.senate.gov\/es-mx\/news\/el-senado-aprueba-un-proyecto-de-ley-de-cornyn-y-padilla-para-destinar-a-infraestructuras-y-catastrofes-los-fondos-no-gastados-del-covid\/","og_locale":"es_MX","og_type":"article","og_title":"El Senado aprueba un proyecto de ley de Cornyn y Padilla para destinar a infraestructuras y cat\u00e1strofes los fondos no gastados del COVID - Senator Cornyn","og_description":"Noticias WASHINGTON &#8211; Los senadores John Cornyn (republicano de Texas), Alex Padilla (dem\u00f3crata de California) y Jon Tester (dem\u00f3crata de Minnesota) han hecho p\u00fablicas las siguientes declaraciones tras el La Ley de Flexibilidad para la Recuperaci\u00f3n Fiscal, las Infraestructuras y la Ayuda en Casos de Cat\u00e1strofe a nivel estatal, local, tribal y territorial, que introducir\u00eda [&hellip;]","og_url":"https:\/\/www.cornyn.senate.gov\/es-mx\/news\/el-senado-aprueba-un-proyecto-de-ley-de-cornyn-y-padilla-para-destinar-a-infraestructuras-y-catastrofes-los-fondos-no-gastados-del-covid\/","og_site_name":"Senator Cornyn","article_publisher":"https:\/\/www.facebook.com\/SenJohnCornyn","article_modified_time":"2023-01-04T18:44:49+00:00","og_image":[{"width":1024,"height":535,"url":"https:\/\/www.cornyn.senate.gov\/wp-content\/uploads\/2023\/11\/Twitter-Card-Dec-23-1024x535.png","type":"image\/png"}],"twitter_card":"summary_large_image","twitter_site":"@johncornyn","twitter_misc":{"Est. reading time":"3 minutes"},"schema":{"@context":"https:\/\/schema.org","@graph":[{"@type":"WebPage","@id":"https:\/\/www.cornyn.senate.gov\/es-mx\/news\/el-senado-aprueba-un-proyecto-de-ley-de-cornyn-y-padilla-para-destinar-a-infraestructuras-y-catastrofes-los-fondos-no-gastados-del-covid\/","url":"https:\/\/www.cornyn.senate.gov\/es-mx\/news\/el-senado-aprueba-un-proyecto-de-ley-de-cornyn-y-padilla-para-destinar-a-infraestructuras-y-catastrofes-los-fondos-no-gastados-del-covid\/","name":"El Senado aprueba un proyecto de ley de Cornyn y Padilla para destinar a infraestructuras y cat\u00e1strofes los fondos no gastados del COVID - Senator Cornyn","isPartOf":{"@id":"https:\/\/www.cornyn.senate.gov\/es-mx\/#website"},"datePublished":"2022-12-20T23:06:12+00:00","dateModified":"2023-01-04T18:44:49+00:00","breadcrumb":{"@id":"https:\/\/www.cornyn.senate.gov\/es-mx\/news\/el-senado-aprueba-un-proyecto-de-ley-de-cornyn-y-padilla-para-destinar-a-infraestructuras-y-catastrofes-los-fondos-no-gastados-del-covid\/#breadcrumb"},"inLanguage":"es-MX","potentialAction":[{"@type":"ReadAction","target":["https:\/\/www.cornyn.senate.gov\/es-mx\/news\/el-senado-aprueba-un-proyecto-de-ley-de-cornyn-y-padilla-para-destinar-a-infraestructuras-y-catastrofes-los-fondos-no-gastados-del-covid\/"]}]},{"@type":"BreadcrumbList","@id":"https:\/\/www.cornyn.senate.gov\/es-mx\/news\/el-senado-aprueba-un-proyecto-de-ley-de-cornyn-y-padilla-para-destinar-a-infraestructuras-y-catastrofes-los-fondos-no-gastados-del-covid\/#breadcrumb","itemListElement":[{"@type":"ListItem","position":1,"name":"Home","item":"https:\/\/www.cornyn.senate.gov\/es-mx\/"},{"@type":"ListItem","position":2,"name":"News","item":"https:\/\/www.cornyn.senate.gov\/es-mx\/news\/"},{"@type":"ListItem","position":3,"name":"El Senado aprueba un proyecto de ley de Cornyn y Padilla para destinar a infraestructuras y cat\u00e1strofes los fondos no gastados del COVID"}]},{"@type":"WebSite","@id":"https:\/\/www.cornyn.senate.gov\/es-mx\/#website","url":"https:\/\/www.cornyn.senate.gov\/es-mx\/","name":"Senator Cornyn","description":"","publisher":{"@id":"https:\/\/www.cornyn.senate.gov\/es-mx\/#organization"},"potentialAction":[{"@type":"SearchAction","target":{"@type":"EntryPoint","urlTemplate":"https:\/\/www.cornyn.senate.gov\/es-mx\/?s={search_term_string}"},"query-input":{"@type":"PropertyValueSpecification","valueRequired":true,"valueName":"search_term_string"}}],"inLanguage":"es-MX"},{"@type":"Organization","@id":"https:\/\/www.cornyn.senate.gov\/es-mx\/#organization","name":"Senator Cornyn","url":"https:\/\/www.cornyn.senate.gov\/es-mx\/","logo":{"@type":"ImageObject","inLanguage":"es-MX","@id":"https:\/\/www.cornyn.senate.gov\/es-mx\/#\/schema\/logo\/image\/","url":"https:\/\/www.cornyn.senate.gov\/wp-content\/uploads\/2022\/01\/Logo-2.svg","contentUrl":"https:\/\/www.cornyn.senate.gov\/wp-content\/uploads\/2022\/01\/Logo-2.svg","caption":"Senator Cornyn"},"image":{"@id":"https:\/\/www.cornyn.senate.gov\/es-mx\/#\/schema\/logo\/image\/"},"sameAs":["https:\/\/www.facebook.com\/SenJohnCornyn","https:\/\/x.com\/johncornyn"]}]}},"_links":{"self":[{"href":"https:\/\/www.cornyn.senate.gov\/es-mx\/wp-json\/wp\/v2\/news\/31835","targetHints":{"allow":["GET"]}}],"collection":[{"href":"https:\/\/www.cornyn.senate.gov\/es-mx\/wp-json\/wp\/v2\/news"}],"about":[{"href":"https:\/\/www.cornyn.senate.gov\/es-mx\/wp-json\/wp\/v2\/types\/news"}],"author":[{"embeddable":true,"href":"https:\/\/www.cornyn.senate.gov\/es-mx\/wp-json\/wp\/v2\/users\/2"}],"version-history":[{"count":1,"href":"https:\/\/www.cornyn.senate.gov\/es-mx\/wp-json\/wp\/v2\/news\/31835\/revisions"}],"predecessor-version":[{"id":31837,"href":"https:\/\/www.cornyn.senate.gov\/es-mx\/wp-json\/wp\/v2\/news\/31835\/revisions\/31837"}],"wp:attachment":[{"href":"https:\/\/www.cornyn.senate.gov\/es-mx\/wp-json\/wp\/v2\/media?parent=31835"}],"wp:term":[{"taxonomy":"news-type","embeddable":true,"href":"https:\/\/www.cornyn.senate.gov\/es-mx\/wp-json\/wp\/v2\/news-type?post=31835"},{"taxonomy":"issues","embeddable":true,"href":"https:\/\/www.cornyn.senate.gov\/es-mx\/wp-json\/wp\/v2\/issues?post=31835"}],"curies":[{"name":"wp","href":"https:\/\/api.w.org\/{rel}","templated":true}]}}