{"id":31871,"date":"2022-12-13T12:55:38","date_gmt":"2022-12-13T17:55:38","guid":{"rendered":"https:\/\/www.cornyn.senate.gov\/news\/cornyn-manchin-cuellar-y-gonzales-instan-a-la-administracion-biden-a-prorrogar-el-titulo-42\/"},"modified":"2023-01-04T13:58:55","modified_gmt":"2023-01-04T18:58:55","slug":"cornyn-manchin-cuellar-y-gonzales-instan-a-la-administracion-biden-a-prorrogar-el-titulo-42","status":"publish","type":"news","link":"https:\/\/www.cornyn.senate.gov\/es-mx\/news\/cornyn-manchin-cuellar-y-gonzales-instan-a-la-administracion-biden-a-prorrogar-el-titulo-42\/","title":{"rendered":"Cornyn, Manchin, Cuellar y Gonzales instan a la Administraci\u00f3n Biden a prorrogar el T\u00edtulo 42"},"content":{"rendered":"\t\t<div data-elementor-type=\"wp-post\" data-elementor-id=\"31871\" class=\"elementor elementor-31871 elementor-30087\" data-elementor-post-type=\"news\">\n\t\t\t\t\t\t<section class=\"elementor-section elementor-top-section elementor-element elementor-element-d5bb145 elementor-section-boxed elementor-section-height-default elementor-section-height-default\" data-id=\"d5bb145\" data-element_type=\"section\" data-e-type=\"section\">\n\t\t\t\t\t\t<div class=\"elementor-container elementor-column-gap-default\">\n\t\t\t\t\t<div class=\"elementor-column elementor-col-100 elementor-top-column elementor-element elementor-element-491bbdee\" data-id=\"491bbdee\" data-element_type=\"column\" data-e-type=\"column\">\n\t\t\t<div class=\"elementor-widget-wrap elementor-element-populated\">\n\t\t\t\t\t\t<section class=\"elementor-section elementor-inner-section elementor-element elementor-element-4e9f9ae9 elementor-section-boxed elementor-section-height-default elementor-section-height-default\" data-id=\"4e9f9ae9\" data-element_type=\"section\" data-e-type=\"section\">\n\t\t\t\t\t\t<div class=\"elementor-container elementor-column-gap-default\">\n\t\t\t\t\t<div class=\"elementor-column elementor-col-50 elementor-inner-column elementor-element elementor-element-7e45acd9\" data-id=\"7e45acd9\" data-element_type=\"column\" data-e-type=\"column\">\n\t\t\t<div class=\"elementor-widget-wrap elementor-element-populated\">\n\t\t\t\t\t\t<div class=\"elementor-element elementor-element-27181076 breadcrumb--back elementor-widget elementor-widget-button\" data-id=\"27181076\" data-element_type=\"widget\" data-e-type=\"widget\" data-widget_type=\"button.default\">\n\t\t\t\t<div class=\"elementor-widget-container\">\n\t\t\t\t\t\t\t\t\t<div class=\"elementor-button-wrapper\">\n\t\t\t\t\t<a class=\"elementor-button elementor-button-link elementor-size-sm\" href=\"\/noticias\/\">\n\t\t\t\t\t\t<span class=\"elementor-button-content-wrapper\">\n\t\t\t\t\t\t<span class=\"elementor-button-icon\">\n\t\t\t\t<i aria-hidden=\"true\" class=\"icon icon-arrow-left\"><\/i>\t\t\t<\/span>\n\t\t\t\t\t\t\t\t\t<span class=\"elementor-button-text\">Noticias<\/span>\n\t\t\t\t\t<\/span>\n\t\t\t\t\t<\/a>\n\t\t\t\t<\/div>\n\t\t\t\t\t\t\t\t<\/div>\n\t\t\t\t<\/div>\n\t\t\t\t\t<\/div>\n\t\t<\/div>\n\t\t\t\t<div class=\"elementor-column elementor-col-50 elementor-inner-column elementor-element elementor-element-462525ba content-page__content\" data-id=\"462525ba\" data-element_type=\"column\" data-e-type=\"column\">\n\t\t\t<div class=\"elementor-widget-wrap elementor-element-populated\">\n\t\t\t\t\t\t<div class=\"elementor-element elementor-element-2da3fb34 elementor-widget elementor-widget-theme-post-title elementor-page-title elementor-widget-heading\" data-id=\"2da3fb34\" data-element_type=\"widget\" data-e-type=\"widget\" data-widget_type=\"theme-post-title.default\">\n\t\t\t\t<div class=\"elementor-widget-container\">\n\t\t\t\t\t<h1 class=\"elementor-heading-title elementor-size-default\">Cornyn, Manchin, Cuellar y Gonzales instan a la Administraci\u00f3n Biden a prorrogar el T\u00edtulo 42<\/h1>\t\t\t\t<\/div>\n\t\t\t\t<\/div>\n\t\t\t\t<div class=\"elementor-element elementor-element-25a2644 elementor-widget-divider--view-line elementor-widget elementor-widget-divider\" data-id=\"25a2644\" data-element_type=\"widget\" data-e-type=\"widget\" data-widget_type=\"divider.default\">\n\t\t\t\t<div class=\"elementor-widget-container\">\n\t\t\t\t\t\t\t<div class=\"elementor-divider\">\n\t\t\t<span class=\"elementor-divider-separator\">\n\t\t\t\t\t\t<\/span>\n\t\t<\/div>\n\t\t\t\t\t\t<\/div>\n\t\t\t\t<\/div>\n\t\t\t\t<div class=\"elementor-element elementor-element-751094e9 elementor-widget__width-initial elementor-widget-mobile__width-inherit elementor-widget elementor-widget-text-editor\" data-id=\"751094e9\" data-element_type=\"widget\" data-e-type=\"widget\" data-widget_type=\"text-editor.default\">\n\t\t\t\t<div class=\"elementor-widget-container\">\n\t\t\t\t\t\t\t\t\tDecember 13, 2022\t\t\t\t\t\t\t\t<\/div>\n\t\t\t\t<\/div>\n\t\t\t\t<div class=\"elementor-element elementor-element-41a9ae21 elementor-share-buttons--view-icon elementor-share-buttons--skin-flat elementor-share-buttons--shape-circle elementor-share-buttons--color-custom share-buttons elementor-widget__width-initial elementor-widget-mobile__width-inherit elementor-grid-0 elementor-widget elementor-widget-global elementor-global-33223 elementor-global-401 elementor-widget-share-buttons\" data-id=\"41a9ae21\" data-element_type=\"widget\" data-e-type=\"widget\" title=\"Share\" data-widget_type=\"share-buttons.default\">\n\t\t\t\t<div class=\"elementor-widget-container\">\n\t\t\t\t\t\t\t<div class=\"elementor-grid\" role=\"list\">\n\t\t\t\t\t\t\t\t<div class=\"elementor-grid-item\" role=\"listitem\">\n\t\t\t\t\t\t<div class=\"elementor-share-btn elementor-share-btn_email\" role=\"button\" tabindex=\"0\" aria-label=\"Share on email\">\n\t\t\t\t\t\t\t\t\t\t\t\t\t\t\t<span class=\"elementor-share-btn__icon\">\n\t\t\t\t\t\t\t\t<i class=\"fas fa-envelope\" aria-hidden=\"true\"><\/i>\t\t\t\t\t\t\t<\/span>\n\t\t\t\t\t\t\t\t\t\t\t\t\t\t\t\t\t\t\t\t<\/div>\n\t\t\t\t\t<\/div>\n\t\t\t\t\t\t\t\t\t<div class=\"elementor-grid-item\" role=\"listitem\">\n\t\t\t\t\t\t<div class=\"elementor-share-btn elementor-share-btn_linkedin\" role=\"button\" tabindex=\"0\" aria-label=\"Share on linkedin\">\n\t\t\t\t\t\t\t\t\t\t\t\t\t\t\t<span class=\"elementor-share-btn__icon\">\n\t\t\t\t\t\t\t\t<i class=\"fab fa-linkedin\" aria-hidden=\"true\"><\/i>\t\t\t\t\t\t\t<\/span>\n\t\t\t\t\t\t\t\t\t\t\t\t\t\t\t\t\t\t\t\t<\/div>\n\t\t\t\t\t<\/div>\n\t\t\t\t\t\t\t\t\t<div class=\"elementor-grid-item\" role=\"listitem\">\n\t\t\t\t\t\t<div class=\"elementor-share-btn elementor-share-btn_facebook\" role=\"button\" tabindex=\"0\" aria-label=\"Share on facebook\">\n\t\t\t\t\t\t\t\t\t\t\t\t\t\t\t<span class=\"elementor-share-btn__icon\">\n\t\t\t\t\t\t\t\t<i class=\"fab fa-facebook\" aria-hidden=\"true\"><\/i>\t\t\t\t\t\t\t<\/span>\n\t\t\t\t\t\t\t\t\t\t\t\t\t\t\t\t\t\t\t\t<\/div>\n\t\t\t\t\t<\/div>\n\t\t\t\t\t\t<\/div>\n\t\t\t\t\t\t<\/div>\n\t\t\t\t<\/div>\n\t\t\t\t<div class=\"elementor-element elementor-element-66e55741 elementor-widget elementor-widget-text-editor\" data-id=\"66e55741\" data-element_type=\"widget\" data-e-type=\"widget\" data-widget_type=\"text-editor.default\">\n\t\t\t\t<div class=\"elementor-widget-container\">\n\t\t\t\t\t\t\t\t\t<p class=\"wordsection1\"><b>WASHINGTON<\/b><span class=\"Apple-converted-space\"> <\/span>&#8211; Los senadores estadounidenses John Cornyn (R-TX) y Joe Manchin (D-WV) y los representantes de<span class=\"Apple-converted-space\"> <\/span>Henry Cuellar (TX-28) y Tony Gonzales (TX-23) enviaron una carta instando al presidente Joe Biden a ampliar la orden del T\u00edtulo 42 de los Centros para el Control y la Prevenci\u00f3n de Enfermedades (CDC) m\u00e1s all\u00e1 de la pr\u00f3xima fecha l\u00edmite del 21 de diciembre de 2022.<\/p>\n<p class=\"wordsection1\">Ellos escribieron:<span class=\"Apple-converted-space\"> <\/span><em>&#8220;Tenemos una crisis en nuestra frontera sur. Nunca antes en la historia de nuestra naci\u00f3n hemos experimentado este alcance y escala de cruces fronterizos ilegales, y nos sigue preocupando que su administraci\u00f3n no haya proporcionado suficiente apoyo o recursos a los hombres y mujeres del Departamento de Seguridad Nacional (DHS) que tienen la tarea de mantener la seguridad fronteriza.&#8221;<\/em><\/p>\n<p class=\"wordsection1\"><em>&#8220;Estamos comprometidos con la promulgaci\u00f3n de una legislaci\u00f3n bipartidista que permita al DHS aplicar eficazmente las pol\u00edticas y programas que se han revelado como cr\u00edticos para mantener el control operativo sobre la frontera sur, y que no implican poner en libertad condicional a un gran n\u00famero de migrantes en Estados Unidos para que se sometan a procesos de meses o a\u00f1os de duraci\u00f3n&#8221;. Estas negociaciones llevar\u00e1n tiempo. Mientras tanto, le instamos a que haga todo lo que est\u00e9 en su mano para prorrogar la orden del T\u00edtulo 42 de los Centros para el Control y la Prevenci\u00f3n de Enfermedades (CDC) m\u00e1s all\u00e1 del<sup>21 de diciembre<\/sup>.<span class=\"Apple-converted-space\"> <\/span>plazo hasta que el Congreso pueda actuar&#8221;.<\/em><\/p>\n<p class=\"wordsection1\"><u>Antecedentes:<\/u><\/p>\n<p class=\"wordsection1\">En mayo de 2022, el secretario del DHS, Mayorkas, declar\u00f3 que preve\u00eda hasta 18.000 cruces ilegales al d\u00eda una vez levantado el T\u00edtulo 42. Recientes presentaciones ante los tribunales muestran que el Departamento de Seguridad Nacional (DHS) depende casi por completo del T\u00edtulo 42 para controlar la migraci\u00f3n desde M\u00e9xico y el Tri\u00e1ngulo Norte. La gran mayor\u00eda de los mexicanos, guatemaltecos, hondure\u00f1os y salvadore\u00f1os encontrados por la Patrulla Fronteriza de EE.UU. a lo largo de la frontera en octubre de 2022 fueron expulsados en virtud del T\u00edtulo 42 en lugar de ser procesados en virtud del T\u00edtulo 8.<\/p>\n<p class=\"wordsection1\">El texto completo de la carta puede consultarse en<span class=\"Apple-converted-space\"> <\/span><a title=\"https:\/\/www.cornyn.senate.gov\/sites\/default\/files\/22121320Bipar20Title204220Letter20to20President%20Biden.pdf\" contenteditable=\"false\" href=\"https:\/\/www.cornyn.senate.gov\/wp-content\/uploads\/2022\/12\/221213-Bipar-Title-42-Letter-to-President-Biden.pdf\">aqu\u00ed<\/a><span class=\"Apple-converted-space\"> <\/span>y m\u00e1s abajo.<\/p>\n<p class=\"wordsection1\" align=\"center\">13 de diciembre de 2022<\/p>\n<p class=\"wordsection1\">Honorable Joseph R. Biden Jr.<\/p>\n<p class=\"wordsection1\">Presidente de los Estados Unidos<\/p>\n<p class=\"wordsection1\">La Casa del Mientras<\/p>\n<p class=\"wordsection1\">1600 Pennsylvania Avenue, N.W.<\/p>\n<p class=\"wordsection1\">Washington, D.C. 20502<\/p>\n<\/p>\n<p class=\"wordsection1\">Estimado Presidente Biden:<\/p>\n<p class=\"wordsection1\">Tenemos una crisis en nuestra frontera sur. Nunca antes en la historia de nuestra naci\u00f3n hab\u00edamos experimentado este alcance y escala de cruces ilegales de fronteras, y nos sigue preocupando que su administraci\u00f3n no haya proporcionado suficiente apoyo o recursos a los hombres y mujeres del Departamento de Seguridad Nacional (DHS) encargados de mantener la seguridad fronteriza. Nos comprometemos a promulgar una legislaci\u00f3n bipartidista que permita al DHS aplicar eficazmente las pol\u00edticas y programas que se han revelado fundamentales para mantener el control operativo de la frontera sur, y que no implican la puesta en libertad condicional de un gran n\u00famero de migrantes en Estados Unidos para que se sometan a procesos de meses o a\u00f1os de duraci\u00f3n. Estas negociaciones llevar\u00e1n tiempo. Mientras tanto, le instamos a que haga todo lo que est\u00e9 en su mano para prorrogar la orden del T\u00edtulo 42 de los Centros para el Control y la Prevenci\u00f3n de Enfermedades (CDC) m\u00e1s all\u00e1 del<sup>21 de diciembre<\/sup>.<span class=\"Apple-converted-space\"> <\/span>plazo hasta que el Congreso pueda actuar.<\/p>\n<p class=\"wordsection1\">Si bien es cierto que es imperfecta, la terminaci\u00f3n de la orden del T\u00edtulo 42 del CDC en este momento dar\u00e1 lugar a una p\u00e9rdida total del control operativo sobre la frontera sur, un impacto profundamente negativo en las comunidades fronterizas y un sufrimiento y un n\u00famero de v\u00edctimas mortales significativos entre los migrantes que entran ilegalmente en Estados Unidos. En mayo de 2022, el secretario del DHS, Mayorkas, declar\u00f3 que preve\u00eda hasta 18.000 cruces ilegales al d\u00eda una vez levantado el T\u00edtulo 42. En base a recientes presentaciones judiciales, el DHS depende casi por completo del T\u00edtulo 42 para controlar la migraci\u00f3n desde M\u00e9xico y el Tri\u00e1ngulo Norte: la gran mayor\u00eda de los mexicanos, guatemaltecos, hondure\u00f1os y salvadore\u00f1os encontrados por la Patrulla Fronteriza de EE.UU. a lo largo de la frontera en octubre de 2022 fueron expulsados bajo el T\u00edtulo 42 en lugar de ser procesados bajo el T\u00edtulo 8. Adem\u00e1s, el nuevo proceso de aplicaci\u00f3n de la legislaci\u00f3n migratoria de su administraci\u00f3n para los venezolanos depende de la disponibilidad del T\u00edtulo 42.<span class=\"Apple-converted-space\"> <\/span><\/p>\n<p class=\"wordsection1\">Mientras el T\u00edtulo 42 siga siendo nuestra \u00fanica herramienta eficaz para controlar la inmigraci\u00f3n ilegal -junto con la expectativa de su inminente rescisi\u00f3n- la presi\u00f3n seguir\u00e1 aumentando en la frontera sur. Un art\u00edculo reciente del<span class=\"Apple-converted-space\"> <\/span><i>New York Times<span class=\"Apple-converted-space\"> <\/span><\/i>afirm\u00f3 que &#8220;oleadas de venezolanos han abandonado Sudam\u00e9rica al correrse la voz de que Estados Unidos no ten\u00eda forma f\u00e1cil de mantener a la mayor\u00eda fuera y les permitir\u00eda entrar en el pa\u00eds y solicitar asilo&#8221;, y que &#8220;[n]o todos han pasado por la brecha del Dari\u00e9n&#8221;. Sin embargo, a pesar de que la administraci\u00f3n se bas\u00f3 en el T\u00edtulo 42 para mantener el control, el CDC intent\u00f3 rescindir la orden del T\u00edtulo 42 en abril de 2022 y, despu\u00e9s de que el juez Robert Summerhays se lo impidiera de forma preliminar, apel\u00f3 la decisi\u00f3n del juez Summerhays ante el 5\u00ba Circuito.<span class=\"Apple-converted-space\"> <\/span><\/p>\n<p class=\"wordsection1\">Ahora, estamos a menos de dos semanas de la terminaci\u00f3n de la orden del T\u00edtulo 42 como resultado de una decisi\u00f3n separada emitida por el juez Emmet Sullivan el 15 de noviembre de 2022. Aunque apreciamos que el DHS haya solicitado la suspensi\u00f3n de la decisi\u00f3n del juez Sullivan para facilitar un periodo de transici\u00f3n, s\u00f3lo cinco semanas son completamente inadecuadas para prepararse para una afluencia masiva de inmigrantes cuando no se dispone de la infraestructura ni de las pol\u00edticas necesarias para expulsar r\u00e1pidamente a aquellos que solicitan asilo u otras formas de ayuda inv\u00e1lidas. Tambi\u00e9n nos preocupa que, aparte de presentar un recurso de apelaci\u00f3n semanas despu\u00e9s de la decisi\u00f3n del juez Sullivan, el DHS no haya esbozado un plan viable para mantener el control operativo de la frontera sur. Esta situaci\u00f3n es insostenible, y debemos trabajar juntos para mantener la autoridad del DHS para expulsar r\u00e1pidamente a los migrantes hasta que se ponga en marcha un conjunto aceptable de pol\u00edticas y recursos alternativos.<\/p>\n<p class=\"wordsection1\">Esperamos que aproveche esta oportunidad de actuar con decisi\u00f3n para evitar que la situaci\u00f3n en la frontera sur se deteriore a\u00fan m\u00e1s, y esperamos seguir trabajando con el DHS y su administraci\u00f3n en una soluci\u00f3n permanente y bipartidista a este problema.<\/p>\n<\/p>\n<p class=\"wordsection1\">Atentamente,<\/p>\n<p class=\"wordsection1\">\/s\/<\/p>\n\t\t\t\t\t\t\t\t<\/div>\n\t\t\t\t<\/div>\n\t\t\t\t\t<\/div>\n\t\t<\/div>\n\t\t\t\t\t<\/div>\n\t\t<\/section>\n\t\t\t\t\t<\/div>\n\t\t<\/div>\n\t\t\t\t\t<\/div>\n\t\t<\/section>\n\t\t\t\t<\/div>\n\t\t","protected":false},"author":2,"template":"","news-type":[161],"issues":[171],"class_list":["post-31871","news","type-news","status-publish","hentry","news-type-press-releases-es-mx","issues-immigration-border-security-es-mx"],"acf":[],"yoast_head":"<!-- This site is optimized with the Yoast SEO plugin v27.2 - https:\/\/yoast.com\/product\/yoast-seo-wordpress\/ -->\n<title>Cornyn, Manchin, Cuellar y Gonzales instan a la Administraci\u00f3n Biden a prorrogar el T\u00edtulo 42 - Senator Cornyn<\/title>\n<meta name=\"robots\" content=\"index, follow, max-snippet:-1, max-image-preview:large, max-video-preview:-1\" \/>\n<link rel=\"canonical\" href=\"https:\/\/www.cornyn.senate.gov\/es-mx\/news\/cornyn-manchin-cuellar-y-gonzales-instan-a-la-administracion-biden-a-prorrogar-el-titulo-42\/\" \/>\n<meta property=\"og:locale\" content=\"es_MX\" \/>\n<meta property=\"og:type\" content=\"article\" \/>\n<meta property=\"og:title\" content=\"Cornyn, Manchin, Cuellar y Gonzales instan a la Administraci\u00f3n Biden a prorrogar el T\u00edtulo 42 - Senator Cornyn\" \/>\n<meta property=\"og:description\" content=\"Noticias WASHINGTON &#8211; Los senadores estadounidenses John Cornyn (R-TX) y Joe Manchin (D-WV) y los representantes de Henry Cuellar (TX-28) y Tony Gonzales (TX-23) enviaron una carta instando al presidente Joe Biden a ampliar la orden del T\u00edtulo 42 de los Centros para el Control y la Prevenci\u00f3n de Enfermedades (CDC) m\u00e1s all\u00e1 de la [&hellip;]\" \/>\n<meta property=\"og:url\" content=\"https:\/\/www.cornyn.senate.gov\/es-mx\/news\/cornyn-manchin-cuellar-y-gonzales-instan-a-la-administracion-biden-a-prorrogar-el-titulo-42\/\" \/>\n<meta property=\"og:site_name\" content=\"Senator Cornyn\" \/>\n<meta property=\"article:publisher\" content=\"https:\/\/www.facebook.com\/SenJohnCornyn\" \/>\n<meta property=\"article:modified_time\" content=\"2023-01-04T18:58:55+00:00\" \/>\n<meta property=\"og:image\" content=\"https:\/\/www.cornyn.senate.gov\/wp-content\/uploads\/2023\/11\/Twitter-Card-Dec-23-1024x535.png\" \/>\n\t<meta property=\"og:image:width\" content=\"1024\" \/>\n\t<meta property=\"og:image:height\" content=\"535\" \/>\n\t<meta property=\"og:image:type\" content=\"image\/png\" \/>\n<meta name=\"twitter:card\" content=\"summary_large_image\" \/>\n<meta name=\"twitter:site\" content=\"@johncornyn\" \/>\n<meta name=\"twitter:label1\" content=\"Est. reading time\" \/>\n\t<meta name=\"twitter:data1\" content=\"6 minutes\" \/>\n<script type=\"application\/ld+json\" class=\"yoast-schema-graph\">{\"@context\":\"https:\/\/schema.org\",\"@graph\":[{\"@type\":\"WebPage\",\"@id\":\"https:\/\/www.cornyn.senate.gov\/es-mx\/news\/cornyn-manchin-cuellar-y-gonzales-instan-a-la-administracion-biden-a-prorrogar-el-titulo-42\/\",\"url\":\"https:\/\/www.cornyn.senate.gov\/es-mx\/news\/cornyn-manchin-cuellar-y-gonzales-instan-a-la-administracion-biden-a-prorrogar-el-titulo-42\/\",\"name\":\"Cornyn, Manchin, Cuellar y Gonzales instan a la Administraci\u00f3n Biden a prorrogar el T\u00edtulo 42 - Senator Cornyn\",\"isPartOf\":{\"@id\":\"https:\/\/www.cornyn.senate.gov\/es-mx\/#website\"},\"datePublished\":\"2022-12-13T17:55:38+00:00\",\"dateModified\":\"2023-01-04T18:58:55+00:00\",\"breadcrumb\":{\"@id\":\"https:\/\/www.cornyn.senate.gov\/es-mx\/news\/cornyn-manchin-cuellar-y-gonzales-instan-a-la-administracion-biden-a-prorrogar-el-titulo-42\/#breadcrumb\"},\"inLanguage\":\"es-MX\",\"potentialAction\":[{\"@type\":\"ReadAction\",\"target\":[\"https:\/\/www.cornyn.senate.gov\/es-mx\/news\/cornyn-manchin-cuellar-y-gonzales-instan-a-la-administracion-biden-a-prorrogar-el-titulo-42\/\"]}]},{\"@type\":\"BreadcrumbList\",\"@id\":\"https:\/\/www.cornyn.senate.gov\/es-mx\/news\/cornyn-manchin-cuellar-y-gonzales-instan-a-la-administracion-biden-a-prorrogar-el-titulo-42\/#breadcrumb\",\"itemListElement\":[{\"@type\":\"ListItem\",\"position\":1,\"name\":\"Home\",\"item\":\"https:\/\/www.cornyn.senate.gov\/es-mx\/\"},{\"@type\":\"ListItem\",\"position\":2,\"name\":\"News\",\"item\":\"https:\/\/www.cornyn.senate.gov\/es-mx\/news\/\"},{\"@type\":\"ListItem\",\"position\":3,\"name\":\"Cornyn, Manchin, Cuellar y Gonzales instan a la Administraci\u00f3n Biden a prorrogar el T\u00edtulo 42\"}]},{\"@type\":\"WebSite\",\"@id\":\"https:\/\/www.cornyn.senate.gov\/es-mx\/#website\",\"url\":\"https:\/\/www.cornyn.senate.gov\/es-mx\/\",\"name\":\"Senator Cornyn\",\"description\":\"\",\"publisher\":{\"@id\":\"https:\/\/www.cornyn.senate.gov\/es-mx\/#organization\"},\"potentialAction\":[{\"@type\":\"SearchAction\",\"target\":{\"@type\":\"EntryPoint\",\"urlTemplate\":\"https:\/\/www.cornyn.senate.gov\/es-mx\/?s={search_term_string}\"},\"query-input\":{\"@type\":\"PropertyValueSpecification\",\"valueRequired\":true,\"valueName\":\"search_term_string\"}}],\"inLanguage\":\"es-MX\"},{\"@type\":\"Organization\",\"@id\":\"https:\/\/www.cornyn.senate.gov\/es-mx\/#organization\",\"name\":\"Senator Cornyn\",\"url\":\"https:\/\/www.cornyn.senate.gov\/es-mx\/\",\"logo\":{\"@type\":\"ImageObject\",\"inLanguage\":\"es-MX\",\"@id\":\"https:\/\/www.cornyn.senate.gov\/es-mx\/#\/schema\/logo\/image\/\",\"url\":\"https:\/\/www.cornyn.senate.gov\/wp-content\/uploads\/2022\/01\/Logo-2.svg\",\"contentUrl\":\"https:\/\/www.cornyn.senate.gov\/wp-content\/uploads\/2022\/01\/Logo-2.svg\",\"caption\":\"Senator Cornyn\"},\"image\":{\"@id\":\"https:\/\/www.cornyn.senate.gov\/es-mx\/#\/schema\/logo\/image\/\"},\"sameAs\":[\"https:\/\/www.facebook.com\/SenJohnCornyn\",\"https:\/\/x.com\/johncornyn\"]}]}<\/script>\n<!-- \/ Yoast SEO plugin. -->","yoast_head_json":{"title":"Cornyn, Manchin, Cuellar y Gonzales instan a la Administraci\u00f3n Biden a prorrogar el T\u00edtulo 42 - Senator Cornyn","robots":{"index":"index","follow":"follow","max-snippet":"max-snippet:-1","max-image-preview":"max-image-preview:large","max-video-preview":"max-video-preview:-1"},"canonical":"https:\/\/www.cornyn.senate.gov\/es-mx\/news\/cornyn-manchin-cuellar-y-gonzales-instan-a-la-administracion-biden-a-prorrogar-el-titulo-42\/","og_locale":"es_MX","og_type":"article","og_title":"Cornyn, Manchin, Cuellar y Gonzales instan a la Administraci\u00f3n Biden a prorrogar el T\u00edtulo 42 - Senator Cornyn","og_description":"Noticias WASHINGTON &#8211; Los senadores estadounidenses John Cornyn (R-TX) y Joe Manchin (D-WV) y los representantes de Henry Cuellar (TX-28) y Tony Gonzales (TX-23) enviaron una carta instando al presidente Joe Biden a ampliar la orden del T\u00edtulo 42 de los Centros para el Control y la Prevenci\u00f3n de Enfermedades (CDC) m\u00e1s all\u00e1 de la [&hellip;]","og_url":"https:\/\/www.cornyn.senate.gov\/es-mx\/news\/cornyn-manchin-cuellar-y-gonzales-instan-a-la-administracion-biden-a-prorrogar-el-titulo-42\/","og_site_name":"Senator Cornyn","article_publisher":"https:\/\/www.facebook.com\/SenJohnCornyn","article_modified_time":"2023-01-04T18:58:55+00:00","og_image":[{"width":1024,"height":535,"url":"https:\/\/www.cornyn.senate.gov\/wp-content\/uploads\/2023\/11\/Twitter-Card-Dec-23-1024x535.png","type":"image\/png"}],"twitter_card":"summary_large_image","twitter_site":"@johncornyn","twitter_misc":{"Est. reading time":"6 minutes"},"schema":{"@context":"https:\/\/schema.org","@graph":[{"@type":"WebPage","@id":"https:\/\/www.cornyn.senate.gov\/es-mx\/news\/cornyn-manchin-cuellar-y-gonzales-instan-a-la-administracion-biden-a-prorrogar-el-titulo-42\/","url":"https:\/\/www.cornyn.senate.gov\/es-mx\/news\/cornyn-manchin-cuellar-y-gonzales-instan-a-la-administracion-biden-a-prorrogar-el-titulo-42\/","name":"Cornyn, Manchin, Cuellar y Gonzales instan a la Administraci\u00f3n Biden a prorrogar el T\u00edtulo 42 - Senator Cornyn","isPartOf":{"@id":"https:\/\/www.cornyn.senate.gov\/es-mx\/#website"},"datePublished":"2022-12-13T17:55:38+00:00","dateModified":"2023-01-04T18:58:55+00:00","breadcrumb":{"@id":"https:\/\/www.cornyn.senate.gov\/es-mx\/news\/cornyn-manchin-cuellar-y-gonzales-instan-a-la-administracion-biden-a-prorrogar-el-titulo-42\/#breadcrumb"},"inLanguage":"es-MX","potentialAction":[{"@type":"ReadAction","target":["https:\/\/www.cornyn.senate.gov\/es-mx\/news\/cornyn-manchin-cuellar-y-gonzales-instan-a-la-administracion-biden-a-prorrogar-el-titulo-42\/"]}]},{"@type":"BreadcrumbList","@id":"https:\/\/www.cornyn.senate.gov\/es-mx\/news\/cornyn-manchin-cuellar-y-gonzales-instan-a-la-administracion-biden-a-prorrogar-el-titulo-42\/#breadcrumb","itemListElement":[{"@type":"ListItem","position":1,"name":"Home","item":"https:\/\/www.cornyn.senate.gov\/es-mx\/"},{"@type":"ListItem","position":2,"name":"News","item":"https:\/\/www.cornyn.senate.gov\/es-mx\/news\/"},{"@type":"ListItem","position":3,"name":"Cornyn, Manchin, Cuellar y Gonzales instan a la Administraci\u00f3n Biden a prorrogar el T\u00edtulo 42"}]},{"@type":"WebSite","@id":"https:\/\/www.cornyn.senate.gov\/es-mx\/#website","url":"https:\/\/www.cornyn.senate.gov\/es-mx\/","name":"Senator Cornyn","description":"","publisher":{"@id":"https:\/\/www.cornyn.senate.gov\/es-mx\/#organization"},"potentialAction":[{"@type":"SearchAction","target":{"@type":"EntryPoint","urlTemplate":"https:\/\/www.cornyn.senate.gov\/es-mx\/?s={search_term_string}"},"query-input":{"@type":"PropertyValueSpecification","valueRequired":true,"valueName":"search_term_string"}}],"inLanguage":"es-MX"},{"@type":"Organization","@id":"https:\/\/www.cornyn.senate.gov\/es-mx\/#organization","name":"Senator Cornyn","url":"https:\/\/www.cornyn.senate.gov\/es-mx\/","logo":{"@type":"ImageObject","inLanguage":"es-MX","@id":"https:\/\/www.cornyn.senate.gov\/es-mx\/#\/schema\/logo\/image\/","url":"https:\/\/www.cornyn.senate.gov\/wp-content\/uploads\/2022\/01\/Logo-2.svg","contentUrl":"https:\/\/www.cornyn.senate.gov\/wp-content\/uploads\/2022\/01\/Logo-2.svg","caption":"Senator Cornyn"},"image":{"@id":"https:\/\/www.cornyn.senate.gov\/es-mx\/#\/schema\/logo\/image\/"},"sameAs":["https:\/\/www.facebook.com\/SenJohnCornyn","https:\/\/x.com\/johncornyn"]}]}},"_links":{"self":[{"href":"https:\/\/www.cornyn.senate.gov\/es-mx\/wp-json\/wp\/v2\/news\/31871","targetHints":{"allow":["GET"]}}],"collection":[{"href":"https:\/\/www.cornyn.senate.gov\/es-mx\/wp-json\/wp\/v2\/news"}],"about":[{"href":"https:\/\/www.cornyn.senate.gov\/es-mx\/wp-json\/wp\/v2\/types\/news"}],"author":[{"embeddable":true,"href":"https:\/\/www.cornyn.senate.gov\/es-mx\/wp-json\/wp\/v2\/users\/2"}],"version-history":[{"count":1,"href":"https:\/\/www.cornyn.senate.gov\/es-mx\/wp-json\/wp\/v2\/news\/31871\/revisions"}],"predecessor-version":[{"id":31873,"href":"https:\/\/www.cornyn.senate.gov\/es-mx\/wp-json\/wp\/v2\/news\/31871\/revisions\/31873"}],"wp:attachment":[{"href":"https:\/\/www.cornyn.senate.gov\/es-mx\/wp-json\/wp\/v2\/media?parent=31871"}],"wp:term":[{"taxonomy":"news-type","embeddable":true,"href":"https:\/\/www.cornyn.senate.gov\/es-mx\/wp-json\/wp\/v2\/news-type?post=31871"},{"taxonomy":"issues","embeddable":true,"href":"https:\/\/www.cornyn.senate.gov\/es-mx\/wp-json\/wp\/v2\/issues?post=31871"}],"curies":[{"name":"wp","href":"https:\/\/api.w.org\/{rel}","templated":true}]}}