{"id":31907,"date":"2022-11-30T09:09:33","date_gmt":"2022-11-30T14:09:33","guid":{"rendered":"https:\/\/www.cornyn.senate.gov\/news\/aprobada-en-la-camara-la-ley-de-reautorizacion-de-la-colaboracion-en-justicia-y-salud-mental-de-cornyn-y-klobuchar\/"},"modified":"2023-01-04T14:05:01","modified_gmt":"2023-01-04T19:05:01","slug":"aprobada-en-la-camara-la-ley-de-reautorizacion-de-la-colaboracion-en-justicia-y-salud-mental-de-cornyn-y-klobuchar","status":"publish","type":"news","link":"https:\/\/www.cornyn.senate.gov\/es-mx\/news\/aprobada-en-la-camara-la-ley-de-reautorizacion-de-la-colaboracion-en-justicia-y-salud-mental-de-cornyn-y-klobuchar\/","title":{"rendered":"Aprobada en la C\u00e1mara la Ley de Reautorizaci\u00f3n de la Colaboraci\u00f3n en Justicia y Salud Mental de Cornyn y Klobuchar"},"content":{"rendered":"\t\t<div data-elementor-type=\"wp-post\" data-elementor-id=\"31907\" class=\"elementor elementor-31907 elementor-29253\" data-elementor-post-type=\"news\">\n\t\t\t\t\t\t<section class=\"elementor-section elementor-top-section elementor-element elementor-element-2504badd elementor-section-boxed elementor-section-height-default elementor-section-height-default\" data-id=\"2504badd\" data-element_type=\"section\" data-e-type=\"section\">\n\t\t\t\t\t\t<div class=\"elementor-container elementor-column-gap-default\">\n\t\t\t\t\t<div class=\"elementor-column elementor-col-100 elementor-top-column elementor-element elementor-element-59f3fa3a\" data-id=\"59f3fa3a\" data-element_type=\"column\" data-e-type=\"column\">\n\t\t\t<div class=\"elementor-widget-wrap elementor-element-populated\">\n\t\t\t\t\t\t<section class=\"elementor-section elementor-inner-section elementor-element elementor-element-379279a4 elementor-section-boxed elementor-section-height-default elementor-section-height-default\" data-id=\"379279a4\" data-element_type=\"section\" data-e-type=\"section\">\n\t\t\t\t\t\t<div class=\"elementor-container elementor-column-gap-default\">\n\t\t\t\t\t<div class=\"elementor-column elementor-col-50 elementor-inner-column elementor-element elementor-element-7895eead\" data-id=\"7895eead\" data-element_type=\"column\" data-e-type=\"column\">\n\t\t\t<div class=\"elementor-widget-wrap elementor-element-populated\">\n\t\t\t\t\t\t<div class=\"elementor-element elementor-element-5acab551 breadcrumb--back elementor-widget elementor-widget-button\" data-id=\"5acab551\" data-element_type=\"widget\" data-e-type=\"widget\" data-widget_type=\"button.default\">\n\t\t\t\t<div class=\"elementor-widget-container\">\n\t\t\t\t\t\t\t\t\t<div class=\"elementor-button-wrapper\">\n\t\t\t\t\t<a class=\"elementor-button elementor-button-link elementor-size-sm\" href=\"\/noticias\/\">\n\t\t\t\t\t\t<span class=\"elementor-button-content-wrapper\">\n\t\t\t\t\t\t<span class=\"elementor-button-icon\">\n\t\t\t\t<i aria-hidden=\"true\" class=\"icon icon-arrow-left\"><\/i>\t\t\t<\/span>\n\t\t\t\t\t\t\t\t\t<span class=\"elementor-button-text\">Noticias<\/span>\n\t\t\t\t\t<\/span>\n\t\t\t\t\t<\/a>\n\t\t\t\t<\/div>\n\t\t\t\t\t\t\t\t<\/div>\n\t\t\t\t<\/div>\n\t\t\t\t\t<\/div>\n\t\t<\/div>\n\t\t\t\t<div class=\"elementor-column elementor-col-50 elementor-inner-column elementor-element elementor-element-601338a8 content-page__content\" data-id=\"601338a8\" data-element_type=\"column\" data-e-type=\"column\">\n\t\t\t<div class=\"elementor-widget-wrap elementor-element-populated\">\n\t\t\t\t\t\t<div class=\"elementor-element elementor-element-5990c44c elementor-widget elementor-widget-theme-post-title elementor-page-title elementor-widget-heading\" data-id=\"5990c44c\" data-element_type=\"widget\" data-e-type=\"widget\" data-widget_type=\"theme-post-title.default\">\n\t\t\t\t<div class=\"elementor-widget-container\">\n\t\t\t\t\t<h1 class=\"elementor-heading-title elementor-size-default\">Aprobada en la C\u00e1mara la Ley de Reautorizaci\u00f3n de la Colaboraci\u00f3n en Justicia y Salud Mental de Cornyn y Klobuchar<\/h1>\t\t\t\t<\/div>\n\t\t\t\t<\/div>\n\t\t\t\t<div class=\"elementor-element elementor-element-75c7aca8 elementor-widget-divider--view-line elementor-widget elementor-widget-divider\" data-id=\"75c7aca8\" data-element_type=\"widget\" data-e-type=\"widget\" data-widget_type=\"divider.default\">\n\t\t\t\t<div class=\"elementor-widget-container\">\n\t\t\t\t\t\t\t<div class=\"elementor-divider\">\n\t\t\t<span class=\"elementor-divider-separator\">\n\t\t\t\t\t\t<\/span>\n\t\t<\/div>\n\t\t\t\t\t\t<\/div>\n\t\t\t\t<\/div>\n\t\t\t\t<div class=\"elementor-element elementor-element-69095038 elementor-widget__width-initial elementor-widget-mobile__width-inherit elementor-widget elementor-widget-text-editor\" data-id=\"69095038\" data-element_type=\"widget\" data-e-type=\"widget\" data-widget_type=\"text-editor.default\">\n\t\t\t\t<div class=\"elementor-widget-container\">\n\t\t\t\t\t\t\t\t\tNovember 30, 2022\t\t\t\t\t\t\t\t<\/div>\n\t\t\t\t<\/div>\n\t\t\t\t<div class=\"elementor-element elementor-element-594028e3 elementor-share-buttons--view-icon elementor-share-buttons--skin-flat elementor-share-buttons--shape-circle elementor-share-buttons--color-custom share-buttons elementor-widget__width-initial elementor-widget-mobile__width-inherit elementor-grid-0 elementor-widget elementor-widget-share-buttons\" data-id=\"594028e3\" data-element_type=\"widget\" data-e-type=\"widget\" title=\"Share\" data-widget_type=\"share-buttons.default\">\n\t\t\t\t<div class=\"elementor-widget-container\">\n\t\t\t\t\t\t\t<div class=\"elementor-grid\" role=\"list\">\n\t\t\t\t\t\t\t\t<div class=\"elementor-grid-item\" role=\"listitem\">\n\t\t\t\t\t\t<div class=\"elementor-share-btn elementor-share-btn_email\" role=\"button\" tabindex=\"0\" aria-label=\"Share on email\">\n\t\t\t\t\t\t\t\t\t\t\t\t\t\t\t<span class=\"elementor-share-btn__icon\">\n\t\t\t\t\t\t\t\t<i class=\"fas fa-envelope\" aria-hidden=\"true\"><\/i>\t\t\t\t\t\t\t<\/span>\n\t\t\t\t\t\t\t\t\t\t\t\t\t\t\t\t\t\t\t\t<\/div>\n\t\t\t\t\t<\/div>\n\t\t\t\t\t\t\t\t\t<div class=\"elementor-grid-item\" role=\"listitem\">\n\t\t\t\t\t\t<div class=\"elementor-share-btn elementor-share-btn_linkedin\" role=\"button\" tabindex=\"0\" aria-label=\"Share on linkedin\">\n\t\t\t\t\t\t\t\t\t\t\t\t\t\t\t<span class=\"elementor-share-btn__icon\">\n\t\t\t\t\t\t\t\t<i class=\"fab fa-linkedin\" aria-hidden=\"true\"><\/i>\t\t\t\t\t\t\t<\/span>\n\t\t\t\t\t\t\t\t\t\t\t\t\t\t\t\t\t\t\t\t<\/div>\n\t\t\t\t\t<\/div>\n\t\t\t\t\t\t\t\t\t<div class=\"elementor-grid-item\" role=\"listitem\">\n\t\t\t\t\t\t<div class=\"elementor-share-btn elementor-share-btn_facebook\" role=\"button\" tabindex=\"0\" aria-label=\"Share on facebook\">\n\t\t\t\t\t\t\t\t\t\t\t\t\t\t\t<span class=\"elementor-share-btn__icon\">\n\t\t\t\t\t\t\t\t<i class=\"fab fa-facebook\" aria-hidden=\"true\"><\/i>\t\t\t\t\t\t\t<\/span>\n\t\t\t\t\t\t\t\t\t\t\t\t\t\t\t\t\t\t\t\t<\/div>\n\t\t\t\t\t<\/div>\n\t\t\t\t\t\t<\/div>\n\t\t\t\t\t\t<\/div>\n\t\t\t\t<\/div>\n\t\t\t\t<div class=\"elementor-element elementor-element-1bee5aa0 callout-box elementor-widget elementor-widget-text-editor\" data-id=\"1bee5aa0\" data-element_type=\"widget\" data-e-type=\"widget\" data-widget_type=\"text-editor.default\">\n\t\t\t\t<div class=\"elementor-widget-container\">\n\t\t\t\t\t\t\t\t\t<p align=\"center\"><em>La legislaci\u00f3n apoyar\u00eda la respuesta de las fuerzas de seguridad a las personas en crisis<\/em><\/p>\n\t\t\t\t\t\t\t\t<\/div>\n\t\t\t\t<\/div>\n\t\t\t\t<div class=\"elementor-element elementor-element-2dd9657c elementor-widget elementor-widget-text-editor\" data-id=\"2dd9657c\" data-element_type=\"widget\" data-e-type=\"widget\" data-widget_type=\"text-editor.default\">\n\t\t\t\t<div class=\"elementor-widget-container\">\n\t\t\t\t\t\t\t\t\t<p><strong>WASHINGTON<\/strong> &#8211; Los senadores John Cornyn (republicano de Texas) y Amy Klobuchar (dem\u00f3crata de Minnesota) han hecho p\u00fablicas las siguientes declaraciones despu\u00e9s de que su  La C\u00e1mara de Representantes aprob\u00f3 <em>la Ley de Reautorizaci\u00f3n de la Colaboraci\u00f3n entre Justicia y Salud<\/em> Mental, que apoya los esfuerzos de prevenci\u00f3n del suicidio en las c\u00e1rceles, los tribunales de salud mental, los equipos de intervenci\u00f3n en crisis y otros programas que llevan casi dos d\u00e9cadas ayudando a las fuerzas del orden a asistir a personas con enfermedades mentales:  <\/p>\n<p>&#8220;<em>Los programas de salud mental e intervenci\u00f3n en crisis financiados por estas subvenciones han aliviado la presi\u00f3n sobre las fuerzas del orden, han reducido las tasas de encarcelamiento y han proporcionado un mejor acceso a la atenci\u00f3n a las personas en crisis&#8221; <\/em>, declar\u00f3 el senador Cornyn.  <em>&#8220;Estoy agradecido a mis colegas de la C\u00e1mara por apoyar este importante programa, e insto a mis colegas del Senado a que garanticen que los tribunales de salud mental y los equipos de intervenci\u00f3n en crisis puedan continuar su labor de salvar vidas.&#8221;<\/em><\/p>\n<p>&#8220;<em>Como antigua fiscal, he visto de primera mano c\u00f3mo mejora la seguridad p\u00fablica la colaboraci\u00f3n entre las fuerzas del orden y los proveedores de servicios de salud mental&#8221;, <\/em>declar\u00f3 la senadora Klobuchar.<strong> <\/strong><em>&#8220;Esta legislaci\u00f3n bipartidista ayudar\u00e1 a garantizar que tengamos la formaci\u00f3n y los recursos para abordar los problemas de salud mental en todas las etapas del sistema de justicia, desde equipar a las fuerzas del orden para responder eficazmente a las llamadas de salud mental hasta facilitar una reinserci\u00f3n sin problemas en la sociedad. Ahora que este proyecto de ley ha sido aprobado por la C\u00e1mara, seguir\u00e9 trabajando con mis colegas a ambos lados del pasillo para conseguir que se convierta en ley.&#8221;  <\/em><\/p>\n<p>Esta legislaci\u00f3n debe volver ahora al Senado y ser aprobada de nuevo debido a enmiendas t\u00e9cnicas antes de dirigirse a la mesa del Presidente.<\/p>\n<p><u>Antecedentes:<\/u><\/p>\n<p>La <em>Ley de Reautorizaci\u00f3n de la Colaboraci\u00f3n en materia de Justicia y Salud <\/em>Mental proporcionar\u00eda a los beneficiarios mayores opciones para responder y tratar a las personas que sufren una crisis de salud mental. El proyecto de ley lo har\u00eda:<\/p>\n<ul>\n<li>Apoyar a los equipos de respuesta conjunta que despliegan profesionales de la salud mental con las fuerzas del orden y permiten una capacidad de respuesta 24\/7, 365;<\/li>\n<li>Mejorar la capacidad de la comunidad y la conexi\u00f3n con los sistemas de atenci\u00f3n para garantizar la continuidad de la atenci\u00f3n y la conexi\u00f3n con los servicios de crisis de salud mental y trastornos por consumo de sustancias;<\/li>\n<li>Permitir que las jurisdicciones ofrezcan servicios de gesti\u00f3n de casos y apoyo junto con programas de prevenci\u00f3n del suicidio; y<\/li>\n<li>Apoyar los programas comunitarios a medida que integran la nueva l\u00ednea telef\u00f3nica 988 para crisis de salud mental y permite colocar equipos de intervenci\u00f3n en crisis en los centros de llamadas al 911.<\/li>\n<\/ul>\n<p><em>Ley de Reautorizaci\u00f3n de la Colaboraci\u00f3n en Justicia y Salud Mental<\/em> cuenta con el apoyo del Addiction Policy Forum, American Correctional Association, American Jail Association, American Foundation for Suicide Prevention, American Probation and Parole Association, Association of Prosecuting Attorneys, Correctional Leaders Association, Fraternal Order of the Police (FOP), Major Cities Chiefs Association (MCCA), Major County Sheriffs of America (MCSA), Mental Health America, Miami Center for Mental Health and Recovery, National Association for Behavioral Health, National Association of Counties (NACo), National Association of Drug Court Professionals, National Association of State Mental Health Program Directors, National Alliance on Mental Illness (NAMI), National Association of Police Organizations (NAPO), National Association of State Alcohol and Drug Abuse Directors (NASADAD), National Conference of State Legislatures, National Council for Mental Wellbeing, National Criminal Justice Association (NCJA), National District Attorneys Association (NDAA), National Fraternal Order of Police, National Governors Association, National League of Cities, National Sheriffs&#8217; Association (NSA), Prison Fellowship, Council of State Governments Justice Center y Treatment Alternatives for Safe Communities (TASC).<\/p>\n\t\t\t\t\t\t\t\t<\/div>\n\t\t\t\t<\/div>\n\t\t\t\t\t<\/div>\n\t\t<\/div>\n\t\t\t\t\t<\/div>\n\t\t<\/section>\n\t\t\t\t\t<\/div>\n\t\t<\/div>\n\t\t\t\t\t<\/div>\n\t\t<\/section>\n\t\t\t\t<\/div>\n\t\t","protected":false},"author":2,"template":"","news-type":[161],"issues":[177,169],"class_list":["post-31907","news","type-news","status-publish","hentry","news-type-press-releases-es-mx","issues-crime-law-enforcement-es-mx","issues-health-care-es-mx"],"acf":[],"yoast_head":"<!-- This site is optimized with the Yoast SEO plugin v27.2 - https:\/\/yoast.com\/product\/yoast-seo-wordpress\/ -->\n<title>Aprobada en la C\u00e1mara la Ley de Reautorizaci\u00f3n de la Colaboraci\u00f3n en Justicia y Salud Mental de Cornyn y Klobuchar - Senator Cornyn<\/title>\n<meta name=\"robots\" content=\"index, follow, max-snippet:-1, max-image-preview:large, max-video-preview:-1\" \/>\n<link rel=\"canonical\" href=\"https:\/\/www.cornyn.senate.gov\/es-mx\/news\/aprobada-en-la-camara-la-ley-de-reautorizacion-de-la-colaboracion-en-justicia-y-salud-mental-de-cornyn-y-klobuchar\/\" \/>\n<meta property=\"og:locale\" content=\"es_MX\" \/>\n<meta property=\"og:type\" content=\"article\" \/>\n<meta property=\"og:title\" content=\"Aprobada en la C\u00e1mara la Ley de Reautorizaci\u00f3n de la Colaboraci\u00f3n en Justicia y Salud Mental de Cornyn y Klobuchar - Senator Cornyn\" \/>\n<meta property=\"og:description\" content=\"Noticias La legislaci\u00f3n apoyar\u00eda la respuesta de las fuerzas de seguridad a las personas en crisis WASHINGTON &#8211; Los senadores John Cornyn (republicano de Texas) y Amy Klobuchar (dem\u00f3crata de Minnesota) han hecho p\u00fablicas las siguientes declaraciones despu\u00e9s de que su La C\u00e1mara de Representantes aprob\u00f3 la Ley de Reautorizaci\u00f3n de la Colaboraci\u00f3n entre Justicia [&hellip;]\" \/>\n<meta property=\"og:url\" content=\"https:\/\/www.cornyn.senate.gov\/es-mx\/news\/aprobada-en-la-camara-la-ley-de-reautorizacion-de-la-colaboracion-en-justicia-y-salud-mental-de-cornyn-y-klobuchar\/\" \/>\n<meta property=\"og:site_name\" content=\"Senator Cornyn\" \/>\n<meta property=\"article:publisher\" content=\"https:\/\/www.facebook.com\/SenJohnCornyn\" \/>\n<meta property=\"article:modified_time\" content=\"2023-01-04T19:05:01+00:00\" \/>\n<meta property=\"og:image\" content=\"https:\/\/www.cornyn.senate.gov\/wp-content\/uploads\/2023\/11\/Twitter-Card-Dec-23-1024x535.png\" \/>\n\t<meta property=\"og:image:width\" content=\"1024\" \/>\n\t<meta property=\"og:image:height\" content=\"535\" \/>\n\t<meta property=\"og:image:type\" content=\"image\/png\" \/>\n<meta name=\"twitter:card\" content=\"summary_large_image\" \/>\n<meta name=\"twitter:site\" content=\"@johncornyn\" \/>\n<meta name=\"twitter:label1\" content=\"Est. reading time\" \/>\n\t<meta name=\"twitter:data1\" content=\"3 minutes\" \/>\n<script type=\"application\/ld+json\" class=\"yoast-schema-graph\">{\"@context\":\"https:\/\/schema.org\",\"@graph\":[{\"@type\":\"WebPage\",\"@id\":\"https:\/\/www.cornyn.senate.gov\/es-mx\/news\/aprobada-en-la-camara-la-ley-de-reautorizacion-de-la-colaboracion-en-justicia-y-salud-mental-de-cornyn-y-klobuchar\/\",\"url\":\"https:\/\/www.cornyn.senate.gov\/es-mx\/news\/aprobada-en-la-camara-la-ley-de-reautorizacion-de-la-colaboracion-en-justicia-y-salud-mental-de-cornyn-y-klobuchar\/\",\"name\":\"Aprobada en la C\u00e1mara la Ley de Reautorizaci\u00f3n de la Colaboraci\u00f3n en Justicia y Salud Mental de Cornyn y Klobuchar - Senator Cornyn\",\"isPartOf\":{\"@id\":\"https:\/\/www.cornyn.senate.gov\/es-mx\/#website\"},\"datePublished\":\"2022-11-30T14:09:33+00:00\",\"dateModified\":\"2023-01-04T19:05:01+00:00\",\"breadcrumb\":{\"@id\":\"https:\/\/www.cornyn.senate.gov\/es-mx\/news\/aprobada-en-la-camara-la-ley-de-reautorizacion-de-la-colaboracion-en-justicia-y-salud-mental-de-cornyn-y-klobuchar\/#breadcrumb\"},\"inLanguage\":\"es-MX\",\"potentialAction\":[{\"@type\":\"ReadAction\",\"target\":[\"https:\/\/www.cornyn.senate.gov\/es-mx\/news\/aprobada-en-la-camara-la-ley-de-reautorizacion-de-la-colaboracion-en-justicia-y-salud-mental-de-cornyn-y-klobuchar\/\"]}]},{\"@type\":\"BreadcrumbList\",\"@id\":\"https:\/\/www.cornyn.senate.gov\/es-mx\/news\/aprobada-en-la-camara-la-ley-de-reautorizacion-de-la-colaboracion-en-justicia-y-salud-mental-de-cornyn-y-klobuchar\/#breadcrumb\",\"itemListElement\":[{\"@type\":\"ListItem\",\"position\":1,\"name\":\"Home\",\"item\":\"https:\/\/www.cornyn.senate.gov\/es-mx\/\"},{\"@type\":\"ListItem\",\"position\":2,\"name\":\"News\",\"item\":\"https:\/\/www.cornyn.senate.gov\/es-mx\/news\/\"},{\"@type\":\"ListItem\",\"position\":3,\"name\":\"Aprobada en la C\u00e1mara la Ley de Reautorizaci\u00f3n de la Colaboraci\u00f3n en Justicia y Salud Mental de Cornyn y Klobuchar\"}]},{\"@type\":\"WebSite\",\"@id\":\"https:\/\/www.cornyn.senate.gov\/es-mx\/#website\",\"url\":\"https:\/\/www.cornyn.senate.gov\/es-mx\/\",\"name\":\"Senator Cornyn\",\"description\":\"\",\"publisher\":{\"@id\":\"https:\/\/www.cornyn.senate.gov\/es-mx\/#organization\"},\"potentialAction\":[{\"@type\":\"SearchAction\",\"target\":{\"@type\":\"EntryPoint\",\"urlTemplate\":\"https:\/\/www.cornyn.senate.gov\/es-mx\/?s={search_term_string}\"},\"query-input\":{\"@type\":\"PropertyValueSpecification\",\"valueRequired\":true,\"valueName\":\"search_term_string\"}}],\"inLanguage\":\"es-MX\"},{\"@type\":\"Organization\",\"@id\":\"https:\/\/www.cornyn.senate.gov\/es-mx\/#organization\",\"name\":\"Senator Cornyn\",\"url\":\"https:\/\/www.cornyn.senate.gov\/es-mx\/\",\"logo\":{\"@type\":\"ImageObject\",\"inLanguage\":\"es-MX\",\"@id\":\"https:\/\/www.cornyn.senate.gov\/es-mx\/#\/schema\/logo\/image\/\",\"url\":\"https:\/\/www.cornyn.senate.gov\/wp-content\/uploads\/2022\/01\/Logo-2.svg\",\"contentUrl\":\"https:\/\/www.cornyn.senate.gov\/wp-content\/uploads\/2022\/01\/Logo-2.svg\",\"caption\":\"Senator Cornyn\"},\"image\":{\"@id\":\"https:\/\/www.cornyn.senate.gov\/es-mx\/#\/schema\/logo\/image\/\"},\"sameAs\":[\"https:\/\/www.facebook.com\/SenJohnCornyn\",\"https:\/\/x.com\/johncornyn\"]}]}<\/script>\n<!-- \/ Yoast SEO plugin. -->","yoast_head_json":{"title":"Aprobada en la C\u00e1mara la Ley de Reautorizaci\u00f3n de la Colaboraci\u00f3n en Justicia y Salud Mental de Cornyn y Klobuchar - Senator Cornyn","robots":{"index":"index","follow":"follow","max-snippet":"max-snippet:-1","max-image-preview":"max-image-preview:large","max-video-preview":"max-video-preview:-1"},"canonical":"https:\/\/www.cornyn.senate.gov\/es-mx\/news\/aprobada-en-la-camara-la-ley-de-reautorizacion-de-la-colaboracion-en-justicia-y-salud-mental-de-cornyn-y-klobuchar\/","og_locale":"es_MX","og_type":"article","og_title":"Aprobada en la C\u00e1mara la Ley de Reautorizaci\u00f3n de la Colaboraci\u00f3n en Justicia y Salud Mental de Cornyn y Klobuchar - Senator Cornyn","og_description":"Noticias La legislaci\u00f3n apoyar\u00eda la respuesta de las fuerzas de seguridad a las personas en crisis WASHINGTON &#8211; Los senadores John Cornyn (republicano de Texas) y Amy Klobuchar (dem\u00f3crata de Minnesota) han hecho p\u00fablicas las siguientes declaraciones despu\u00e9s de que su La C\u00e1mara de Representantes aprob\u00f3 la Ley de Reautorizaci\u00f3n de la Colaboraci\u00f3n entre Justicia [&hellip;]","og_url":"https:\/\/www.cornyn.senate.gov\/es-mx\/news\/aprobada-en-la-camara-la-ley-de-reautorizacion-de-la-colaboracion-en-justicia-y-salud-mental-de-cornyn-y-klobuchar\/","og_site_name":"Senator Cornyn","article_publisher":"https:\/\/www.facebook.com\/SenJohnCornyn","article_modified_time":"2023-01-04T19:05:01+00:00","og_image":[{"width":1024,"height":535,"url":"https:\/\/www.cornyn.senate.gov\/wp-content\/uploads\/2023\/11\/Twitter-Card-Dec-23-1024x535.png","type":"image\/png"}],"twitter_card":"summary_large_image","twitter_site":"@johncornyn","twitter_misc":{"Est. reading time":"3 minutes"},"schema":{"@context":"https:\/\/schema.org","@graph":[{"@type":"WebPage","@id":"https:\/\/www.cornyn.senate.gov\/es-mx\/news\/aprobada-en-la-camara-la-ley-de-reautorizacion-de-la-colaboracion-en-justicia-y-salud-mental-de-cornyn-y-klobuchar\/","url":"https:\/\/www.cornyn.senate.gov\/es-mx\/news\/aprobada-en-la-camara-la-ley-de-reautorizacion-de-la-colaboracion-en-justicia-y-salud-mental-de-cornyn-y-klobuchar\/","name":"Aprobada en la C\u00e1mara la Ley de Reautorizaci\u00f3n de la Colaboraci\u00f3n en Justicia y Salud Mental de Cornyn y Klobuchar - Senator Cornyn","isPartOf":{"@id":"https:\/\/www.cornyn.senate.gov\/es-mx\/#website"},"datePublished":"2022-11-30T14:09:33+00:00","dateModified":"2023-01-04T19:05:01+00:00","breadcrumb":{"@id":"https:\/\/www.cornyn.senate.gov\/es-mx\/news\/aprobada-en-la-camara-la-ley-de-reautorizacion-de-la-colaboracion-en-justicia-y-salud-mental-de-cornyn-y-klobuchar\/#breadcrumb"},"inLanguage":"es-MX","potentialAction":[{"@type":"ReadAction","target":["https:\/\/www.cornyn.senate.gov\/es-mx\/news\/aprobada-en-la-camara-la-ley-de-reautorizacion-de-la-colaboracion-en-justicia-y-salud-mental-de-cornyn-y-klobuchar\/"]}]},{"@type":"BreadcrumbList","@id":"https:\/\/www.cornyn.senate.gov\/es-mx\/news\/aprobada-en-la-camara-la-ley-de-reautorizacion-de-la-colaboracion-en-justicia-y-salud-mental-de-cornyn-y-klobuchar\/#breadcrumb","itemListElement":[{"@type":"ListItem","position":1,"name":"Home","item":"https:\/\/www.cornyn.senate.gov\/es-mx\/"},{"@type":"ListItem","position":2,"name":"News","item":"https:\/\/www.cornyn.senate.gov\/es-mx\/news\/"},{"@type":"ListItem","position":3,"name":"Aprobada en la C\u00e1mara la Ley de Reautorizaci\u00f3n de la Colaboraci\u00f3n en Justicia y Salud Mental de Cornyn y Klobuchar"}]},{"@type":"WebSite","@id":"https:\/\/www.cornyn.senate.gov\/es-mx\/#website","url":"https:\/\/www.cornyn.senate.gov\/es-mx\/","name":"Senator Cornyn","description":"","publisher":{"@id":"https:\/\/www.cornyn.senate.gov\/es-mx\/#organization"},"potentialAction":[{"@type":"SearchAction","target":{"@type":"EntryPoint","urlTemplate":"https:\/\/www.cornyn.senate.gov\/es-mx\/?s={search_term_string}"},"query-input":{"@type":"PropertyValueSpecification","valueRequired":true,"valueName":"search_term_string"}}],"inLanguage":"es-MX"},{"@type":"Organization","@id":"https:\/\/www.cornyn.senate.gov\/es-mx\/#organization","name":"Senator Cornyn","url":"https:\/\/www.cornyn.senate.gov\/es-mx\/","logo":{"@type":"ImageObject","inLanguage":"es-MX","@id":"https:\/\/www.cornyn.senate.gov\/es-mx\/#\/schema\/logo\/image\/","url":"https:\/\/www.cornyn.senate.gov\/wp-content\/uploads\/2022\/01\/Logo-2.svg","contentUrl":"https:\/\/www.cornyn.senate.gov\/wp-content\/uploads\/2022\/01\/Logo-2.svg","caption":"Senator Cornyn"},"image":{"@id":"https:\/\/www.cornyn.senate.gov\/es-mx\/#\/schema\/logo\/image\/"},"sameAs":["https:\/\/www.facebook.com\/SenJohnCornyn","https:\/\/x.com\/johncornyn"]}]}},"_links":{"self":[{"href":"https:\/\/www.cornyn.senate.gov\/es-mx\/wp-json\/wp\/v2\/news\/31907","targetHints":{"allow":["GET"]}}],"collection":[{"href":"https:\/\/www.cornyn.senate.gov\/es-mx\/wp-json\/wp\/v2\/news"}],"about":[{"href":"https:\/\/www.cornyn.senate.gov\/es-mx\/wp-json\/wp\/v2\/types\/news"}],"author":[{"embeddable":true,"href":"https:\/\/www.cornyn.senate.gov\/es-mx\/wp-json\/wp\/v2\/users\/2"}],"version-history":[{"count":1,"href":"https:\/\/www.cornyn.senate.gov\/es-mx\/wp-json\/wp\/v2\/news\/31907\/revisions"}],"predecessor-version":[{"id":31911,"href":"https:\/\/www.cornyn.senate.gov\/es-mx\/wp-json\/wp\/v2\/news\/31907\/revisions\/31911"}],"wp:attachment":[{"href":"https:\/\/www.cornyn.senate.gov\/es-mx\/wp-json\/wp\/v2\/media?parent=31907"}],"wp:term":[{"taxonomy":"news-type","embeddable":true,"href":"https:\/\/www.cornyn.senate.gov\/es-mx\/wp-json\/wp\/v2\/news-type?post=31907"},{"taxonomy":"issues","embeddable":true,"href":"https:\/\/www.cornyn.senate.gov\/es-mx\/wp-json\/wp\/v2\/issues?post=31907"}],"curies":[{"name":"wp","href":"https:\/\/api.w.org\/{rel}","templated":true}]}}