{"id":31913,"date":"2022-11-29T14:59:04","date_gmt":"2022-11-29T19:59:04","guid":{"rendered":"https:\/\/www.cornyn.senate.gov\/news\/video-en-fox-cornyn-habla-del-caso-de-texas-ante-la-scotus-que-cuestiona-las-fallidas-politicas-fronterizas-del-gobierno-de-biden\/"},"modified":"2023-01-04T14:05:49","modified_gmt":"2023-01-04T19:05:49","slug":"video-en-fox-cornyn-habla-del-caso-de-texas-ante-la-scotus-que-cuestiona-las-fallidas-politicas-fronterizas-del-gobierno-de-biden","status":"publish","type":"news","link":"https:\/\/www.cornyn.senate.gov\/es-mx\/news\/video-en-fox-cornyn-habla-del-caso-de-texas-ante-la-scotus-que-cuestiona-las-fallidas-politicas-fronterizas-del-gobierno-de-biden\/","title":{"rendered":"VIDEO: En Fox, Cornyn habla del caso de Texas ante la SCOTUS que cuestiona las fallidas pol\u00edticas fronterizas del gobierno de Biden"},"content":{"rendered":"\t\t<div data-elementor-type=\"wp-post\" data-elementor-id=\"31913\" class=\"elementor elementor-31913 elementor-29241\" data-elementor-post-type=\"news\">\n\t\t\t\t\t\t<section class=\"elementor-section elementor-top-section elementor-element elementor-element-a2b1a71 elementor-section-boxed elementor-section-height-default elementor-section-height-default\" data-id=\"a2b1a71\" data-element_type=\"section\" data-e-type=\"section\">\n\t\t\t\t\t\t<div class=\"elementor-container elementor-column-gap-default\">\n\t\t\t\t\t<div class=\"elementor-column elementor-col-100 elementor-top-column elementor-element elementor-element-7fb1ae05\" data-id=\"7fb1ae05\" data-element_type=\"column\" data-e-type=\"column\">\n\t\t\t<div class=\"elementor-widget-wrap elementor-element-populated\">\n\t\t\t\t\t\t<section class=\"elementor-section elementor-inner-section elementor-element elementor-element-6ad89c08 elementor-section-boxed elementor-section-height-default elementor-section-height-default\" data-id=\"6ad89c08\" data-element_type=\"section\" data-e-type=\"section\">\n\t\t\t\t\t\t<div class=\"elementor-container elementor-column-gap-default\">\n\t\t\t\t\t<div class=\"elementor-column elementor-col-50 elementor-inner-column elementor-element elementor-element-38b0fd7e\" data-id=\"38b0fd7e\" data-element_type=\"column\" data-e-type=\"column\">\n\t\t\t<div class=\"elementor-widget-wrap elementor-element-populated\">\n\t\t\t\t\t\t<div class=\"elementor-element elementor-element-32760fe3 breadcrumb--back elementor-widget elementor-widget-button\" data-id=\"32760fe3\" data-element_type=\"widget\" data-e-type=\"widget\" data-widget_type=\"button.default\">\n\t\t\t\t<div class=\"elementor-widget-container\">\n\t\t\t\t\t\t\t\t\t<div class=\"elementor-button-wrapper\">\n\t\t\t\t\t<a class=\"elementor-button elementor-button-link elementor-size-sm\" href=\"\/noticias\/\">\n\t\t\t\t\t\t<span class=\"elementor-button-content-wrapper\">\n\t\t\t\t\t\t<span class=\"elementor-button-icon\">\n\t\t\t\t<i aria-hidden=\"true\" class=\"icon icon-arrow-left\"><\/i>\t\t\t<\/span>\n\t\t\t\t\t\t\t\t\t<span class=\"elementor-button-text\">Noticias<\/span>\n\t\t\t\t\t<\/span>\n\t\t\t\t\t<\/a>\n\t\t\t\t<\/div>\n\t\t\t\t\t\t\t\t<\/div>\n\t\t\t\t<\/div>\n\t\t\t\t\t<\/div>\n\t\t<\/div>\n\t\t\t\t<div class=\"elementor-column elementor-col-50 elementor-inner-column elementor-element elementor-element-24e375ca content-page__content\" data-id=\"24e375ca\" data-element_type=\"column\" data-e-type=\"column\">\n\t\t\t<div class=\"elementor-widget-wrap elementor-element-populated\">\n\t\t\t\t\t\t<div class=\"elementor-element elementor-element-63c5b187 elementor-widget elementor-widget-theme-post-title elementor-page-title elementor-widget-heading\" data-id=\"63c5b187\" data-element_type=\"widget\" data-e-type=\"widget\" data-widget_type=\"theme-post-title.default\">\n\t\t\t\t<div class=\"elementor-widget-container\">\n\t\t\t\t\t<h1 class=\"elementor-heading-title elementor-size-default\">VIDEO: En Fox, Cornyn habla del caso de Texas ante la SCOTUS que cuestiona las fallidas pol\u00edticas fronterizas del gobierno de Biden<\/h1>\t\t\t\t<\/div>\n\t\t\t\t<\/div>\n\t\t\t\t<div class=\"elementor-element elementor-element-5a5879a7 elementor-widget-divider--view-line elementor-widget elementor-widget-divider\" data-id=\"5a5879a7\" data-element_type=\"widget\" data-e-type=\"widget\" data-widget_type=\"divider.default\">\n\t\t\t\t<div class=\"elementor-widget-container\">\n\t\t\t\t\t\t\t<div class=\"elementor-divider\">\n\t\t\t<span class=\"elementor-divider-separator\">\n\t\t\t\t\t\t<\/span>\n\t\t<\/div>\n\t\t\t\t\t\t<\/div>\n\t\t\t\t<\/div>\n\t\t\t\t<div class=\"elementor-element elementor-element-315d6b94 elementor-widget__width-initial elementor-widget-mobile__width-inherit elementor-widget elementor-widget-text-editor\" data-id=\"315d6b94\" data-element_type=\"widget\" data-e-type=\"widget\" data-widget_type=\"text-editor.default\">\n\t\t\t\t<div class=\"elementor-widget-container\">\n\t\t\t\t\t\t\t\t\tNovember 29, 2022\t\t\t\t\t\t\t\t<\/div>\n\t\t\t\t<\/div>\n\t\t\t\t<div class=\"elementor-element elementor-element-71e8fa35 elementor-share-buttons--view-icon elementor-share-buttons--skin-flat elementor-share-buttons--shape-circle elementor-share-buttons--color-custom share-buttons elementor-widget__width-initial elementor-widget-mobile__width-inherit elementor-grid-0 elementor-widget elementor-widget-global elementor-global-33223 elementor-global-401 elementor-widget-share-buttons\" data-id=\"71e8fa35\" data-element_type=\"widget\" data-e-type=\"widget\" title=\"Share\" data-widget_type=\"share-buttons.default\">\n\t\t\t\t<div class=\"elementor-widget-container\">\n\t\t\t\t\t\t\t<div class=\"elementor-grid\" role=\"list\">\n\t\t\t\t\t\t\t\t<div class=\"elementor-grid-item\" role=\"listitem\">\n\t\t\t\t\t\t<div class=\"elementor-share-btn elementor-share-btn_email\" role=\"button\" tabindex=\"0\" aria-label=\"Share on email\">\n\t\t\t\t\t\t\t\t\t\t\t\t\t\t\t<span class=\"elementor-share-btn__icon\">\n\t\t\t\t\t\t\t\t<i class=\"fas fa-envelope\" aria-hidden=\"true\"><\/i>\t\t\t\t\t\t\t<\/span>\n\t\t\t\t\t\t\t\t\t\t\t\t\t\t\t\t\t\t\t\t<\/div>\n\t\t\t\t\t<\/div>\n\t\t\t\t\t\t\t\t\t<div class=\"elementor-grid-item\" role=\"listitem\">\n\t\t\t\t\t\t<div class=\"elementor-share-btn elementor-share-btn_linkedin\" role=\"button\" tabindex=\"0\" aria-label=\"Share on linkedin\">\n\t\t\t\t\t\t\t\t\t\t\t\t\t\t\t<span class=\"elementor-share-btn__icon\">\n\t\t\t\t\t\t\t\t<i class=\"fab fa-linkedin\" aria-hidden=\"true\"><\/i>\t\t\t\t\t\t\t<\/span>\n\t\t\t\t\t\t\t\t\t\t\t\t\t\t\t\t\t\t\t\t<\/div>\n\t\t\t\t\t<\/div>\n\t\t\t\t\t\t\t\t\t<div class=\"elementor-grid-item\" role=\"listitem\">\n\t\t\t\t\t\t<div class=\"elementor-share-btn elementor-share-btn_facebook\" role=\"button\" tabindex=\"0\" aria-label=\"Share on facebook\">\n\t\t\t\t\t\t\t\t\t\t\t\t\t\t\t<span class=\"elementor-share-btn__icon\">\n\t\t\t\t\t\t\t\t<i class=\"fab fa-facebook\" aria-hidden=\"true\"><\/i>\t\t\t\t\t\t\t<\/span>\n\t\t\t\t\t\t\t\t\t\t\t\t\t\t\t\t\t\t\t\t<\/div>\n\t\t\t\t\t<\/div>\n\t\t\t\t\t\t<\/div>\n\t\t\t\t\t\t<\/div>\n\t\t\t\t<\/div>\n\t\t\t\t<div class=\"elementor-element elementor-element-781b7aae elementor-blockquote--skin-boxed elementor-widget elementor-widget-blockquote\" data-id=\"781b7aae\" data-element_type=\"widget\" data-e-type=\"widget\" data-widget_type=\"blockquote.default\">\n\t\t\t\t<div class=\"elementor-widget-container\">\n\t\t\t\t\t\t\t<blockquote class=\"elementor-blockquote\">\n\t\t\t<p class=\"elementor-blockquote__content\">\n\t\t\t\tEl Congreso ha hablado y ha dicho, en particular, que en los casos en que los migrantes hayan cometido delitos graves deben ser detenidos.  <br><br>\n\nEste es un caso realmente importante porque la Administraci\u00f3n Biden ha sacado la bandera blanca en lo que se refiere a hacer cumplir nuestra frontera.  <br><br>\n\nLa Administraci\u00f3n Biden est\u00e1 diciendo esencialmente que debemos conceder la amnist\u00eda a cualquiera que cruce la frontera y eso no es lo que dice la ley.\t\t\t<\/p>\n\t\t\t\t\t<\/blockquote>\n\t\t\t\t\t\t<\/div>\n\t\t\t\t<\/div>\n\t\t\t\t<div class=\"elementor-element elementor-element-30bcf54b elementor-widget elementor-widget-text-editor\" data-id=\"30bcf54b\" data-element_type=\"widget\" data-e-type=\"widget\" data-widget_type=\"text-editor.default\">\n\t\t\t\t<div class=\"elementor-widget-container\">\n\t\t\t\t\t\t\t\t\t<p><strong>WASHINGTON<\/strong> &#8211; Hoy en <em>America Reports<\/em> de Fox News, el senador John Cornyn (R-TX) comparti\u00f3 su reacci\u00f3n despu\u00e9s de escuchar los argumentos orales en la Corte Suprema de los EE.UU. esta ma\u00f1ana en el caso de Texas y Louisiana desafiando las pol\u00edticas de la Administraci\u00f3n Biden sobre la detenci\u00f3n y aprehensi\u00f3n de migrantes. A continuaci\u00f3n se ofrecen extractos de las declaraciones del Senador Cornyn, y <a title=\"https:\/\/www.youtube.com\/watch?v=ZXKEXxBXUWs\" contenteditable=\"false\" href=\"https:\/\/www.youtube.com\/watch?v=ZXKEXxBXUWs\">aqu\u00ed<\/a> puede verse el v\u00eddeo. <\/p>\n<p><em>&#8220;El Congreso se ha pronunciado y ha dicho, en particular, que en los casos en que los migrantes hayan cometido delitos con agravantes deben ser detenidos. Este es un caso realmente importante porque la Administraci\u00f3n Biden ha sacado la bandera blanca en lo que se refiere a hacer cumplir nuestra frontera.&#8221;<\/em><\/p>\n<p><em>&#8220;Millones de personas llegan a trav\u00e9s de [the border], desbordando nuestra capacidad para distinguir entre inmigrantes econ\u00f3micos, los solicitantes v\u00e1lidos de asilo, o personas con antecedentes penales, traficantes de sexo o narcotraficantes. Est\u00e1 fuera de control&#8221;.  <\/em><\/p>\n<p><em>&#8220;En esencia, lo que ocurri\u00f3 es que el secretario Mayorkas emiti\u00f3 un memorando que socavaba el mandato o requisito del Congreso de que los delincuentes violentos sean detenidos y dijo: &#8216;Son demasiados, no podemos hacerlo&#8217;, argumentando que pueden elegir cu\u00e1ndo aplicar una ley y cu\u00e1ndo no. Eso no puede sostenerse&#8221;.<\/em><\/p>\n<p><em>&#8220;La Administraci\u00f3n Biden est\u00e1 diciendo esencialmente que debemos conceder amnist\u00eda a cualquiera y a todos los que crucen la frontera y eso no es lo que dice la ley. Y se negaron a hacer cumplir la ley&#8221;.<\/em><\/p>\n\t\t\t\t\t\t\t\t<\/div>\n\t\t\t\t<\/div>\n\t\t\t\t\t<\/div>\n\t\t<\/div>\n\t\t\t\t\t<\/div>\n\t\t<\/section>\n\t\t\t\t\t<\/div>\n\t\t<\/div>\n\t\t\t\t\t<\/div>\n\t\t<\/section>\n\t\t\t\t<\/div>\n\t\t","protected":false},"author":2,"template":"","news-type":[161],"issues":[171],"class_list":["post-31913","news","type-news","status-publish","hentry","news-type-press-releases-es-mx","issues-immigration-border-security-es-mx"],"acf":[],"yoast_head":"<!-- This site is optimized with the Yoast SEO plugin v27.2 - https:\/\/yoast.com\/product\/yoast-seo-wordpress\/ -->\n<title>VIDEO: En Fox, Cornyn habla del caso de Texas ante la SCOTUS que cuestiona las fallidas pol\u00edticas fronterizas del gobierno de Biden - Senator Cornyn<\/title>\n<meta name=\"robots\" content=\"index, follow, max-snippet:-1, max-image-preview:large, max-video-preview:-1\" \/>\n<link rel=\"canonical\" href=\"https:\/\/www.cornyn.senate.gov\/es-mx\/news\/video-en-fox-cornyn-habla-del-caso-de-texas-ante-la-scotus-que-cuestiona-las-fallidas-politicas-fronterizas-del-gobierno-de-biden\/\" \/>\n<meta property=\"og:locale\" content=\"es_MX\" \/>\n<meta property=\"og:type\" content=\"article\" \/>\n<meta property=\"og:title\" content=\"VIDEO: En Fox, Cornyn habla del caso de Texas ante la SCOTUS que cuestiona las fallidas pol\u00edticas fronterizas del gobierno de Biden - Senator Cornyn\" \/>\n<meta property=\"og:description\" content=\"Noticias El Congreso ha hablado y ha dicho, en particular, que en los casos en que los migrantes hayan cometido delitos graves deben ser detenidos. Este es un caso realmente importante porque la Administraci\u00f3n Biden ha sacado la bandera blanca en lo que se refiere a hacer cumplir nuestra frontera. La Administraci\u00f3n Biden est\u00e1 diciendo [&hellip;]\" \/>\n<meta property=\"og:url\" content=\"https:\/\/www.cornyn.senate.gov\/es-mx\/news\/video-en-fox-cornyn-habla-del-caso-de-texas-ante-la-scotus-que-cuestiona-las-fallidas-politicas-fronterizas-del-gobierno-de-biden\/\" \/>\n<meta property=\"og:site_name\" content=\"Senator Cornyn\" \/>\n<meta property=\"article:publisher\" content=\"https:\/\/www.facebook.com\/SenJohnCornyn\" \/>\n<meta property=\"article:modified_time\" content=\"2023-01-04T19:05:49+00:00\" \/>\n<meta property=\"og:image\" content=\"https:\/\/www.cornyn.senate.gov\/wp-content\/uploads\/2023\/11\/Twitter-Card-Dec-23-1024x535.png\" \/>\n\t<meta property=\"og:image:width\" content=\"1024\" \/>\n\t<meta property=\"og:image:height\" content=\"535\" \/>\n\t<meta property=\"og:image:type\" content=\"image\/png\" \/>\n<meta name=\"twitter:card\" content=\"summary_large_image\" \/>\n<meta name=\"twitter:site\" content=\"@johncornyn\" \/>\n<meta name=\"twitter:label1\" content=\"Est. reading time\" \/>\n\t<meta name=\"twitter:data1\" content=\"2 minutes\" \/>\n<script type=\"application\/ld+json\" class=\"yoast-schema-graph\">{\"@context\":\"https:\/\/schema.org\",\"@graph\":[{\"@type\":\"WebPage\",\"@id\":\"https:\/\/www.cornyn.senate.gov\/es-mx\/news\/video-en-fox-cornyn-habla-del-caso-de-texas-ante-la-scotus-que-cuestiona-las-fallidas-politicas-fronterizas-del-gobierno-de-biden\/\",\"url\":\"https:\/\/www.cornyn.senate.gov\/es-mx\/news\/video-en-fox-cornyn-habla-del-caso-de-texas-ante-la-scotus-que-cuestiona-las-fallidas-politicas-fronterizas-del-gobierno-de-biden\/\",\"name\":\"VIDEO: En Fox, Cornyn habla del caso de Texas ante la SCOTUS que cuestiona las fallidas pol\u00edticas fronterizas del gobierno de Biden - Senator Cornyn\",\"isPartOf\":{\"@id\":\"https:\/\/www.cornyn.senate.gov\/es-mx\/#website\"},\"datePublished\":\"2022-11-29T19:59:04+00:00\",\"dateModified\":\"2023-01-04T19:05:49+00:00\",\"breadcrumb\":{\"@id\":\"https:\/\/www.cornyn.senate.gov\/es-mx\/news\/video-en-fox-cornyn-habla-del-caso-de-texas-ante-la-scotus-que-cuestiona-las-fallidas-politicas-fronterizas-del-gobierno-de-biden\/#breadcrumb\"},\"inLanguage\":\"es-MX\",\"potentialAction\":[{\"@type\":\"ReadAction\",\"target\":[\"https:\/\/www.cornyn.senate.gov\/es-mx\/news\/video-en-fox-cornyn-habla-del-caso-de-texas-ante-la-scotus-que-cuestiona-las-fallidas-politicas-fronterizas-del-gobierno-de-biden\/\"]}]},{\"@type\":\"BreadcrumbList\",\"@id\":\"https:\/\/www.cornyn.senate.gov\/es-mx\/news\/video-en-fox-cornyn-habla-del-caso-de-texas-ante-la-scotus-que-cuestiona-las-fallidas-politicas-fronterizas-del-gobierno-de-biden\/#breadcrumb\",\"itemListElement\":[{\"@type\":\"ListItem\",\"position\":1,\"name\":\"Home\",\"item\":\"https:\/\/www.cornyn.senate.gov\/es-mx\/\"},{\"@type\":\"ListItem\",\"position\":2,\"name\":\"News\",\"item\":\"https:\/\/www.cornyn.senate.gov\/es-mx\/news\/\"},{\"@type\":\"ListItem\",\"position\":3,\"name\":\"VIDEO: En Fox, Cornyn habla del caso de Texas ante la SCOTUS que cuestiona las fallidas pol\u00edticas fronterizas del gobierno de Biden\"}]},{\"@type\":\"WebSite\",\"@id\":\"https:\/\/www.cornyn.senate.gov\/es-mx\/#website\",\"url\":\"https:\/\/www.cornyn.senate.gov\/es-mx\/\",\"name\":\"Senator Cornyn\",\"description\":\"\",\"publisher\":{\"@id\":\"https:\/\/www.cornyn.senate.gov\/es-mx\/#organization\"},\"potentialAction\":[{\"@type\":\"SearchAction\",\"target\":{\"@type\":\"EntryPoint\",\"urlTemplate\":\"https:\/\/www.cornyn.senate.gov\/es-mx\/?s={search_term_string}\"},\"query-input\":{\"@type\":\"PropertyValueSpecification\",\"valueRequired\":true,\"valueName\":\"search_term_string\"}}],\"inLanguage\":\"es-MX\"},{\"@type\":\"Organization\",\"@id\":\"https:\/\/www.cornyn.senate.gov\/es-mx\/#organization\",\"name\":\"Senator Cornyn\",\"url\":\"https:\/\/www.cornyn.senate.gov\/es-mx\/\",\"logo\":{\"@type\":\"ImageObject\",\"inLanguage\":\"es-MX\",\"@id\":\"https:\/\/www.cornyn.senate.gov\/es-mx\/#\/schema\/logo\/image\/\",\"url\":\"https:\/\/www.cornyn.senate.gov\/wp-content\/uploads\/2022\/01\/Logo-2.svg\",\"contentUrl\":\"https:\/\/www.cornyn.senate.gov\/wp-content\/uploads\/2022\/01\/Logo-2.svg\",\"caption\":\"Senator Cornyn\"},\"image\":{\"@id\":\"https:\/\/www.cornyn.senate.gov\/es-mx\/#\/schema\/logo\/image\/\"},\"sameAs\":[\"https:\/\/www.facebook.com\/SenJohnCornyn\",\"https:\/\/x.com\/johncornyn\"]}]}<\/script>\n<!-- \/ Yoast SEO plugin. -->","yoast_head_json":{"title":"VIDEO: En Fox, Cornyn habla del caso de Texas ante la SCOTUS que cuestiona las fallidas pol\u00edticas fronterizas del gobierno de Biden - Senator Cornyn","robots":{"index":"index","follow":"follow","max-snippet":"max-snippet:-1","max-image-preview":"max-image-preview:large","max-video-preview":"max-video-preview:-1"},"canonical":"https:\/\/www.cornyn.senate.gov\/es-mx\/news\/video-en-fox-cornyn-habla-del-caso-de-texas-ante-la-scotus-que-cuestiona-las-fallidas-politicas-fronterizas-del-gobierno-de-biden\/","og_locale":"es_MX","og_type":"article","og_title":"VIDEO: En Fox, Cornyn habla del caso de Texas ante la SCOTUS que cuestiona las fallidas pol\u00edticas fronterizas del gobierno de Biden - Senator Cornyn","og_description":"Noticias El Congreso ha hablado y ha dicho, en particular, que en los casos en que los migrantes hayan cometido delitos graves deben ser detenidos. Este es un caso realmente importante porque la Administraci\u00f3n Biden ha sacado la bandera blanca en lo que se refiere a hacer cumplir nuestra frontera. La Administraci\u00f3n Biden est\u00e1 diciendo [&hellip;]","og_url":"https:\/\/www.cornyn.senate.gov\/es-mx\/news\/video-en-fox-cornyn-habla-del-caso-de-texas-ante-la-scotus-que-cuestiona-las-fallidas-politicas-fronterizas-del-gobierno-de-biden\/","og_site_name":"Senator Cornyn","article_publisher":"https:\/\/www.facebook.com\/SenJohnCornyn","article_modified_time":"2023-01-04T19:05:49+00:00","og_image":[{"width":1024,"height":535,"url":"https:\/\/www.cornyn.senate.gov\/wp-content\/uploads\/2023\/11\/Twitter-Card-Dec-23-1024x535.png","type":"image\/png"}],"twitter_card":"summary_large_image","twitter_site":"@johncornyn","twitter_misc":{"Est. reading time":"2 minutes"},"schema":{"@context":"https:\/\/schema.org","@graph":[{"@type":"WebPage","@id":"https:\/\/www.cornyn.senate.gov\/es-mx\/news\/video-en-fox-cornyn-habla-del-caso-de-texas-ante-la-scotus-que-cuestiona-las-fallidas-politicas-fronterizas-del-gobierno-de-biden\/","url":"https:\/\/www.cornyn.senate.gov\/es-mx\/news\/video-en-fox-cornyn-habla-del-caso-de-texas-ante-la-scotus-que-cuestiona-las-fallidas-politicas-fronterizas-del-gobierno-de-biden\/","name":"VIDEO: En Fox, Cornyn habla del caso de Texas ante la SCOTUS que cuestiona las fallidas pol\u00edticas fronterizas del gobierno de Biden - Senator Cornyn","isPartOf":{"@id":"https:\/\/www.cornyn.senate.gov\/es-mx\/#website"},"datePublished":"2022-11-29T19:59:04+00:00","dateModified":"2023-01-04T19:05:49+00:00","breadcrumb":{"@id":"https:\/\/www.cornyn.senate.gov\/es-mx\/news\/video-en-fox-cornyn-habla-del-caso-de-texas-ante-la-scotus-que-cuestiona-las-fallidas-politicas-fronterizas-del-gobierno-de-biden\/#breadcrumb"},"inLanguage":"es-MX","potentialAction":[{"@type":"ReadAction","target":["https:\/\/www.cornyn.senate.gov\/es-mx\/news\/video-en-fox-cornyn-habla-del-caso-de-texas-ante-la-scotus-que-cuestiona-las-fallidas-politicas-fronterizas-del-gobierno-de-biden\/"]}]},{"@type":"BreadcrumbList","@id":"https:\/\/www.cornyn.senate.gov\/es-mx\/news\/video-en-fox-cornyn-habla-del-caso-de-texas-ante-la-scotus-que-cuestiona-las-fallidas-politicas-fronterizas-del-gobierno-de-biden\/#breadcrumb","itemListElement":[{"@type":"ListItem","position":1,"name":"Home","item":"https:\/\/www.cornyn.senate.gov\/es-mx\/"},{"@type":"ListItem","position":2,"name":"News","item":"https:\/\/www.cornyn.senate.gov\/es-mx\/news\/"},{"@type":"ListItem","position":3,"name":"VIDEO: En Fox, Cornyn habla del caso de Texas ante la SCOTUS que cuestiona las fallidas pol\u00edticas fronterizas del gobierno de Biden"}]},{"@type":"WebSite","@id":"https:\/\/www.cornyn.senate.gov\/es-mx\/#website","url":"https:\/\/www.cornyn.senate.gov\/es-mx\/","name":"Senator Cornyn","description":"","publisher":{"@id":"https:\/\/www.cornyn.senate.gov\/es-mx\/#organization"},"potentialAction":[{"@type":"SearchAction","target":{"@type":"EntryPoint","urlTemplate":"https:\/\/www.cornyn.senate.gov\/es-mx\/?s={search_term_string}"},"query-input":{"@type":"PropertyValueSpecification","valueRequired":true,"valueName":"search_term_string"}}],"inLanguage":"es-MX"},{"@type":"Organization","@id":"https:\/\/www.cornyn.senate.gov\/es-mx\/#organization","name":"Senator Cornyn","url":"https:\/\/www.cornyn.senate.gov\/es-mx\/","logo":{"@type":"ImageObject","inLanguage":"es-MX","@id":"https:\/\/www.cornyn.senate.gov\/es-mx\/#\/schema\/logo\/image\/","url":"https:\/\/www.cornyn.senate.gov\/wp-content\/uploads\/2022\/01\/Logo-2.svg","contentUrl":"https:\/\/www.cornyn.senate.gov\/wp-content\/uploads\/2022\/01\/Logo-2.svg","caption":"Senator Cornyn"},"image":{"@id":"https:\/\/www.cornyn.senate.gov\/es-mx\/#\/schema\/logo\/image\/"},"sameAs":["https:\/\/www.facebook.com\/SenJohnCornyn","https:\/\/x.com\/johncornyn"]}]}},"_links":{"self":[{"href":"https:\/\/www.cornyn.senate.gov\/es-mx\/wp-json\/wp\/v2\/news\/31913","targetHints":{"allow":["GET"]}}],"collection":[{"href":"https:\/\/www.cornyn.senate.gov\/es-mx\/wp-json\/wp\/v2\/news"}],"about":[{"href":"https:\/\/www.cornyn.senate.gov\/es-mx\/wp-json\/wp\/v2\/types\/news"}],"author":[{"embeddable":true,"href":"https:\/\/www.cornyn.senate.gov\/es-mx\/wp-json\/wp\/v2\/users\/2"}],"version-history":[{"count":1,"href":"https:\/\/www.cornyn.senate.gov\/es-mx\/wp-json\/wp\/v2\/news\/31913\/revisions"}],"predecessor-version":[{"id":31915,"href":"https:\/\/www.cornyn.senate.gov\/es-mx\/wp-json\/wp\/v2\/news\/31913\/revisions\/31915"}],"wp:attachment":[{"href":"https:\/\/www.cornyn.senate.gov\/es-mx\/wp-json\/wp\/v2\/media?parent=31913"}],"wp:term":[{"taxonomy":"news-type","embeddable":true,"href":"https:\/\/www.cornyn.senate.gov\/es-mx\/wp-json\/wp\/v2\/news-type?post=31913"},{"taxonomy":"issues","embeddable":true,"href":"https:\/\/www.cornyn.senate.gov\/es-mx\/wp-json\/wp\/v2\/issues?post=31913"}],"curies":[{"name":"wp","href":"https:\/\/api.w.org\/{rel}","templated":true}]}}