{"id":32585,"date":"2022-09-20T07:53:39","date_gmt":"2022-09-20T11:53:39","guid":{"rendered":"https:\/\/www.cornyn.senate.gov\/news\/cornyn-y-pfluger-aprueban-el-cambio-de-nombre-de-la-clinica-de-veteranos-de-san-angelo\/"},"modified":"2023-01-09T12:14:21","modified_gmt":"2023-01-09T17:14:21","slug":"cornyn-y-pfluger-aprueban-el-cambio-de-nombre-de-la-clinica-de-veteranos-de-san-angelo","status":"publish","type":"news","link":"https:\/\/www.cornyn.senate.gov\/es-mx\/news\/cornyn-y-pfluger-aprueban-el-cambio-de-nombre-de-la-clinica-de-veteranos-de-san-angelo\/","title":{"rendered":"Cornyn y Pfluger aprueban el cambio de nombre de la cl\u00ednica de veteranos de San Angelo"},"content":{"rendered":"\t\t<div data-elementor-type=\"wp-post\" data-elementor-id=\"32585\" class=\"elementor elementor-32585 elementor-20461\" data-elementor-post-type=\"news\">\n\t\t\t\t\t\t<section class=\"elementor-section elementor-top-section elementor-element elementor-element-272cc86e elementor-section-boxed elementor-section-height-default elementor-section-height-default\" data-id=\"272cc86e\" data-element_type=\"section\" data-e-type=\"section\">\n\t\t\t\t\t\t<div class=\"elementor-container elementor-column-gap-default\">\n\t\t\t\t\t<div class=\"elementor-column elementor-col-100 elementor-top-column elementor-element elementor-element-1c71edc5\" data-id=\"1c71edc5\" data-element_type=\"column\" data-e-type=\"column\">\n\t\t\t<div class=\"elementor-widget-wrap elementor-element-populated\">\n\t\t\t\t\t\t<section class=\"elementor-section elementor-inner-section elementor-element elementor-element-54754130 elementor-section-boxed elementor-section-height-default elementor-section-height-default\" data-id=\"54754130\" data-element_type=\"section\" data-e-type=\"section\">\n\t\t\t\t\t\t<div class=\"elementor-container elementor-column-gap-default\">\n\t\t\t\t\t<div class=\"elementor-column elementor-col-50 elementor-inner-column elementor-element elementor-element-755acb76\" data-id=\"755acb76\" data-element_type=\"column\" data-e-type=\"column\">\n\t\t\t<div class=\"elementor-widget-wrap elementor-element-populated\">\n\t\t\t\t\t\t<div class=\"elementor-element elementor-element-c7712e9 breadcrumb--back elementor-widget elementor-widget-button\" data-id=\"c7712e9\" data-element_type=\"widget\" data-e-type=\"widget\" data-widget_type=\"button.default\">\n\t\t\t\t<div class=\"elementor-widget-container\">\n\t\t\t\t\t\t\t\t\t<div class=\"elementor-button-wrapper\">\n\t\t\t\t\t<a class=\"elementor-button elementor-button-link elementor-size-sm\" href=\"\/noticias\/\">\n\t\t\t\t\t\t<span class=\"elementor-button-content-wrapper\">\n\t\t\t\t\t\t<span class=\"elementor-button-icon\">\n\t\t\t\t<i aria-hidden=\"true\" class=\"icon icon-arrow-left\"><\/i>\t\t\t<\/span>\n\t\t\t\t\t\t\t\t\t<span class=\"elementor-button-text\">Noticias<\/span>\n\t\t\t\t\t<\/span>\n\t\t\t\t\t<\/a>\n\t\t\t\t<\/div>\n\t\t\t\t\t\t\t\t<\/div>\n\t\t\t\t<\/div>\n\t\t\t\t\t<\/div>\n\t\t<\/div>\n\t\t\t\t<div class=\"elementor-column elementor-col-50 elementor-inner-column elementor-element elementor-element-2c0f6da5 content-page__content\" data-id=\"2c0f6da5\" data-element_type=\"column\" data-e-type=\"column\">\n\t\t\t<div class=\"elementor-widget-wrap elementor-element-populated\">\n\t\t\t\t\t\t<div class=\"elementor-element elementor-element-2e4ba30b elementor-widget elementor-widget-theme-post-title elementor-page-title elementor-widget-heading\" data-id=\"2e4ba30b\" data-element_type=\"widget\" data-e-type=\"widget\" data-widget_type=\"theme-post-title.default\">\n\t\t\t\t<div class=\"elementor-widget-container\">\n\t\t\t\t\t<h1 class=\"elementor-heading-title elementor-size-default\">Cornyn y Pfluger aprueban el cambio de nombre de la cl\u00ednica de veteranos de San Angelo<\/h1>\t\t\t\t<\/div>\n\t\t\t\t<\/div>\n\t\t\t\t<div class=\"elementor-element elementor-element-4a2d5e7 elementor-widget-divider--view-line elementor-widget elementor-widget-divider\" data-id=\"4a2d5e7\" data-element_type=\"widget\" data-e-type=\"widget\" data-widget_type=\"divider.default\">\n\t\t\t\t<div class=\"elementor-widget-container\">\n\t\t\t\t\t\t\t<div class=\"elementor-divider\">\n\t\t\t<span class=\"elementor-divider-separator\">\n\t\t\t\t\t\t<\/span>\n\t\t<\/div>\n\t\t\t\t\t\t<\/div>\n\t\t\t\t<\/div>\n\t\t\t\t<div class=\"elementor-element elementor-element-676b19be elementor-widget__width-initial elementor-widget-mobile__width-inherit elementor-widget elementor-widget-text-editor\" data-id=\"676b19be\" data-element_type=\"widget\" data-e-type=\"widget\" data-widget_type=\"text-editor.default\">\n\t\t\t\t<div class=\"elementor-widget-container\">\n\t\t\t\t\t\t\t\t\tSeptember 20, 2022\t\t\t\t\t\t\t\t<\/div>\n\t\t\t\t<\/div>\n\t\t\t\t<div class=\"elementor-element elementor-element-621a7070 elementor-share-buttons--view-icon elementor-share-buttons--skin-flat elementor-share-buttons--shape-circle elementor-share-buttons--color-custom share-buttons elementor-widget__width-initial elementor-widget-mobile__width-inherit elementor-grid-0 elementor-widget elementor-widget-global elementor-global-33223 elementor-global-401 elementor-widget-share-buttons\" data-id=\"621a7070\" data-element_type=\"widget\" data-e-type=\"widget\" title=\"Share\" data-widget_type=\"share-buttons.default\">\n\t\t\t\t<div class=\"elementor-widget-container\">\n\t\t\t\t\t\t\t<div class=\"elementor-grid\" role=\"list\">\n\t\t\t\t\t\t\t\t<div class=\"elementor-grid-item\" role=\"listitem\">\n\t\t\t\t\t\t<div class=\"elementor-share-btn elementor-share-btn_email\" role=\"button\" tabindex=\"0\" aria-label=\"Share on email\">\n\t\t\t\t\t\t\t\t\t\t\t\t\t\t\t<span class=\"elementor-share-btn__icon\">\n\t\t\t\t\t\t\t\t<i class=\"fas fa-envelope\" aria-hidden=\"true\"><\/i>\t\t\t\t\t\t\t<\/span>\n\t\t\t\t\t\t\t\t\t\t\t\t\t\t\t\t\t\t\t\t<\/div>\n\t\t\t\t\t<\/div>\n\t\t\t\t\t\t\t\t\t<div class=\"elementor-grid-item\" role=\"listitem\">\n\t\t\t\t\t\t<div class=\"elementor-share-btn elementor-share-btn_linkedin\" role=\"button\" tabindex=\"0\" aria-label=\"Share on linkedin\">\n\t\t\t\t\t\t\t\t\t\t\t\t\t\t\t<span class=\"elementor-share-btn__icon\">\n\t\t\t\t\t\t\t\t<i class=\"fab fa-linkedin\" aria-hidden=\"true\"><\/i>\t\t\t\t\t\t\t<\/span>\n\t\t\t\t\t\t\t\t\t\t\t\t\t\t\t\t\t\t\t\t<\/div>\n\t\t\t\t\t<\/div>\n\t\t\t\t\t\t\t\t\t<div class=\"elementor-grid-item\" role=\"listitem\">\n\t\t\t\t\t\t<div class=\"elementor-share-btn elementor-share-btn_facebook\" role=\"button\" tabindex=\"0\" aria-label=\"Share on facebook\">\n\t\t\t\t\t\t\t\t\t\t\t\t\t\t\t<span class=\"elementor-share-btn__icon\">\n\t\t\t\t\t\t\t\t<i class=\"fab fa-facebook\" aria-hidden=\"true\"><\/i>\t\t\t\t\t\t\t<\/span>\n\t\t\t\t\t\t\t\t\t\t\t\t\t\t\t\t\t\t\t\t<\/div>\n\t\t\t\t\t<\/div>\n\t\t\t\t\t\t<\/div>\n\t\t\t\t\t\t<\/div>\n\t\t\t\t<\/div>\n\t\t\t\t<div class=\"elementor-element elementor-element-6804382c elementor-widget elementor-widget-text-editor\" data-id=\"6804382c\" data-element_type=\"widget\" data-e-type=\"widget\" data-widget_type=\"text-editor.default\">\n\t\t\t\t<div class=\"elementor-widget-container\">\n\t\t\t\t\t\t\t\t\t<p class=\"wordsection1\"><b>WASHINGTON<span class=\"Apple-converted-space\"> <\/span> &#8211;<\/b>El senador estadounidense John Cornyn (R-TX) y el congresista August Pfluger (TX-11) han hecho p\u00fablicas las siguientes declaraciones despu\u00e9s de que la C\u00e1mara de Representantes de EE.UU. aprobara la<span class=\"Apple-converted-space\"> <\/span><i>Ley de la Cl\u00ednica de Veteranos Coronel Charles y JoAnne Powell,<\/i><span class=\"Apple-converted-space\"> <\/span>para cambiar el nombre de la cl\u00ednica ambulatoria para veteranos San Angelo Community Based VA Clinic de San Angelo, Texas, en honor a toda una vida de servicio a la zona por parte de Powell:<\/p>\n<p class=\"wordsection1\"><em>&#8220;El coronel Charles y JoAnne Powell son recordados por su notable dedicaci\u00f3n al servicio p\u00fablico y al oeste de Texas&#8221;.<\/em><span class=\"Apple-converted-space\"> <\/span>dijo el senador Cornyn.<span class=\"Apple-converted-space\"> <\/span><em>&#8220;Su legado de liderazgo comunitario perdurar\u00e1 para inspirar a otros que atraviesen las puertas de esta cl\u00ednica de veteranos y espero que este proyecto de ley se convierta en ley&#8221;.<\/em><\/p>\n<p class=\"wordsection1\">&#8220;El <em>coronel Powell y JoAnne sirvieron a nuestro pa\u00eds y a la comunidad de San Angelo con car\u00e1cter y dignidad, viviendo sus vidas completamente dedicados al servicio de los dem\u00e1s&#8221;,<\/em>dijo el representante Pfluger en <em><span class=\"Apple-converted-space\"> <\/span>.<\/em><b><span class=\"Apple-converted-space\"> <\/span><\/b><em>&#8220;Cambiar el nombre de la cl\u00ednica de veteranos de San Angelo por el de estas dos leyendas no podr\u00eda ser m\u00e1s apropiado, ya que ambos apoyaron apasionadamente a nuestros militares durante toda su vida. Nuestra naci\u00f3n es un lugar mejor gracias a su patriotismo sin parang\u00f3n y a su amor por nuestro pa\u00eds. Ahora, cada veterano que acuda a la cl\u00ednica y cada persona de la comunidad que pase por all\u00ed se sentir\u00e1 inspirado por el servicio de Charles y JoAnne&#8221;.<\/em><b><\/b><\/p>\n<p class=\"wordsection1\"><u>Antecedentes:<\/u><\/p>\n<p class=\"wordsection1\">El coronel Charles E. Powell era natural de Texas y llevaba 30 a\u00f1os como piloto de las Fuerzas A\u00e9reas. Se present\u00f3 voluntario para servir en Vietnam como comandante de la tripulaci\u00f3n de rescate, volando en 168 misiones de combate, y m\u00e1s tarde fue comandante de la 17.\u00aa ala de entrenamiento en la base a\u00e9rea de Goodfellow. Fue condecorado con la Cruz de Vuelo Distinguida, dos Legiones al M\u00e9rito y la Medalla A\u00e9rea con siete Hojas de Roble. Tras su carrera en las Fuerzas A\u00e9reas, el coronel Powell sirvi\u00f3 a su comunidad como miembro del consejo de United Way of Texas, Boy Scouts of Southwest Texas, Retired Seniors Volunteer Program y la C\u00e1mara de Comercio de San Angelo, obteniendo el galard\u00f3n de Ciudadano del A\u00f1o de la C\u00e1mara de Comercio de San Angelo, el de Ciudadano Distinguido del A\u00f1o de Boy Scouts of Southwest Texas y el de Veterano del A\u00f1o de la Universidad Estatal de Angelo. Tambi\u00e9n form\u00f3 parte del Consejo de Selecci\u00f3n de Academias de Servicio del senador Cornyn durante m\u00e1s de una d\u00e9cada, ayudando a revisar las solicitudes de los estudiantes de Texas que solicitaban un nombramiento para las academias de servicio de Estados Unidos.<\/p>\n<p class=\"wordsection1\">Su esposa, JoAnne, fue Directora de la Oficina del Distrito del Congreso y ayudante del personal regional de cuatro congresistas locales a lo largo de varias d\u00e9cadas de servicio p\u00fablico. Form\u00f3 parte de las juntas directivas de la Cruz Roja, Meals for the Elderly, Hospice of San Angelo, y con frecuencia se refer\u00edan a ella como &#8220;la Primera Dama de la Base A\u00e9rea Goodfellow&#8221;.  <\/p>\n<p class=\"wordsection1\">El coronel Powell falleci\u00f3 el 2 de julio de 2020 y JoAnne Powell el 24 de marzo de 2021. La pareja estuvo casada 65 a\u00f1os.<\/p>\n\t\t\t\t\t\t\t\t<\/div>\n\t\t\t\t<\/div>\n\t\t\t\t\t<\/div>\n\t\t<\/div>\n\t\t\t\t\t<\/div>\n\t\t<\/section>\n\t\t\t\t\t<\/div>\n\t\t<\/div>\n\t\t\t\t\t<\/div>\n\t\t<\/section>\n\t\t\t\t<\/div>\n\t\t","protected":false},"author":2,"template":"","news-type":[161],"issues":[163],"class_list":["post-32585","news","type-news","status-publish","hentry","news-type-press-releases-es-mx","issues-u-s-military-and-veterans-es-mx"],"acf":[],"yoast_head":"<!-- This site is optimized with the Yoast SEO plugin v27.2 - https:\/\/yoast.com\/product\/yoast-seo-wordpress\/ -->\n<title>Cornyn y Pfluger aprueban el cambio de nombre de la cl\u00ednica de veteranos de San Angelo - Senator Cornyn<\/title>\n<meta name=\"robots\" content=\"index, follow, max-snippet:-1, max-image-preview:large, max-video-preview:-1\" \/>\n<link rel=\"canonical\" href=\"https:\/\/www.cornyn.senate.gov\/es-mx\/news\/cornyn-y-pfluger-aprueban-el-cambio-de-nombre-de-la-clinica-de-veteranos-de-san-angelo\/\" \/>\n<meta property=\"og:locale\" content=\"es_MX\" \/>\n<meta property=\"og:type\" content=\"article\" \/>\n<meta property=\"og:title\" content=\"Cornyn y Pfluger aprueban el cambio de nombre de la cl\u00ednica de veteranos de San Angelo - Senator Cornyn\" \/>\n<meta property=\"og:description\" content=\"Noticias WASHINGTON &#8211;El senador estadounidense John Cornyn (R-TX) y el congresista August Pfluger (TX-11) han hecho p\u00fablicas las siguientes declaraciones despu\u00e9s de que la C\u00e1mara de Representantes de EE.UU. aprobara la Ley de la Cl\u00ednica de Veteranos Coronel Charles y JoAnne Powell, para cambiar el nombre de la cl\u00ednica ambulatoria para veteranos San Angelo Community [&hellip;]\" \/>\n<meta property=\"og:url\" content=\"https:\/\/www.cornyn.senate.gov\/es-mx\/news\/cornyn-y-pfluger-aprueban-el-cambio-de-nombre-de-la-clinica-de-veteranos-de-san-angelo\/\" \/>\n<meta property=\"og:site_name\" content=\"Senator Cornyn\" \/>\n<meta property=\"article:publisher\" content=\"https:\/\/www.facebook.com\/SenJohnCornyn\" \/>\n<meta property=\"article:modified_time\" content=\"2023-01-09T17:14:21+00:00\" \/>\n<meta property=\"og:image\" content=\"https:\/\/www.cornyn.senate.gov\/wp-content\/uploads\/2023\/11\/Twitter-Card-Dec-23-1024x535.png\" \/>\n\t<meta property=\"og:image:width\" content=\"1024\" \/>\n\t<meta property=\"og:image:height\" content=\"535\" \/>\n\t<meta property=\"og:image:type\" content=\"image\/png\" \/>\n<meta name=\"twitter:card\" content=\"summary_large_image\" \/>\n<meta name=\"twitter:site\" content=\"@johncornyn\" \/>\n<meta name=\"twitter:label1\" content=\"Est. reading time\" \/>\n\t<meta name=\"twitter:data1\" content=\"3 minutes\" \/>\n<script type=\"application\/ld+json\" class=\"yoast-schema-graph\">{\"@context\":\"https:\/\/schema.org\",\"@graph\":[{\"@type\":\"WebPage\",\"@id\":\"https:\/\/www.cornyn.senate.gov\/es-mx\/news\/cornyn-y-pfluger-aprueban-el-cambio-de-nombre-de-la-clinica-de-veteranos-de-san-angelo\/\",\"url\":\"https:\/\/www.cornyn.senate.gov\/es-mx\/news\/cornyn-y-pfluger-aprueban-el-cambio-de-nombre-de-la-clinica-de-veteranos-de-san-angelo\/\",\"name\":\"Cornyn y Pfluger aprueban el cambio de nombre de la cl\u00ednica de veteranos de San Angelo - Senator Cornyn\",\"isPartOf\":{\"@id\":\"https:\/\/www.cornyn.senate.gov\/es-mx\/#website\"},\"datePublished\":\"2022-09-20T11:53:39+00:00\",\"dateModified\":\"2023-01-09T17:14:21+00:00\",\"breadcrumb\":{\"@id\":\"https:\/\/www.cornyn.senate.gov\/es-mx\/news\/cornyn-y-pfluger-aprueban-el-cambio-de-nombre-de-la-clinica-de-veteranos-de-san-angelo\/#breadcrumb\"},\"inLanguage\":\"es-MX\",\"potentialAction\":[{\"@type\":\"ReadAction\",\"target\":[\"https:\/\/www.cornyn.senate.gov\/es-mx\/news\/cornyn-y-pfluger-aprueban-el-cambio-de-nombre-de-la-clinica-de-veteranos-de-san-angelo\/\"]}]},{\"@type\":\"BreadcrumbList\",\"@id\":\"https:\/\/www.cornyn.senate.gov\/es-mx\/news\/cornyn-y-pfluger-aprueban-el-cambio-de-nombre-de-la-clinica-de-veteranos-de-san-angelo\/#breadcrumb\",\"itemListElement\":[{\"@type\":\"ListItem\",\"position\":1,\"name\":\"Home\",\"item\":\"https:\/\/www.cornyn.senate.gov\/es-mx\/\"},{\"@type\":\"ListItem\",\"position\":2,\"name\":\"News\",\"item\":\"https:\/\/www.cornyn.senate.gov\/es-mx\/news\/\"},{\"@type\":\"ListItem\",\"position\":3,\"name\":\"Cornyn y Pfluger aprueban el cambio de nombre de la cl\u00ednica de veteranos de San Angelo\"}]},{\"@type\":\"WebSite\",\"@id\":\"https:\/\/www.cornyn.senate.gov\/es-mx\/#website\",\"url\":\"https:\/\/www.cornyn.senate.gov\/es-mx\/\",\"name\":\"Senator Cornyn\",\"description\":\"\",\"publisher\":{\"@id\":\"https:\/\/www.cornyn.senate.gov\/es-mx\/#organization\"},\"potentialAction\":[{\"@type\":\"SearchAction\",\"target\":{\"@type\":\"EntryPoint\",\"urlTemplate\":\"https:\/\/www.cornyn.senate.gov\/es-mx\/?s={search_term_string}\"},\"query-input\":{\"@type\":\"PropertyValueSpecification\",\"valueRequired\":true,\"valueName\":\"search_term_string\"}}],\"inLanguage\":\"es-MX\"},{\"@type\":\"Organization\",\"@id\":\"https:\/\/www.cornyn.senate.gov\/es-mx\/#organization\",\"name\":\"Senator Cornyn\",\"url\":\"https:\/\/www.cornyn.senate.gov\/es-mx\/\",\"logo\":{\"@type\":\"ImageObject\",\"inLanguage\":\"es-MX\",\"@id\":\"https:\/\/www.cornyn.senate.gov\/es-mx\/#\/schema\/logo\/image\/\",\"url\":\"https:\/\/www.cornyn.senate.gov\/wp-content\/uploads\/2022\/01\/Logo-2.svg\",\"contentUrl\":\"https:\/\/www.cornyn.senate.gov\/wp-content\/uploads\/2022\/01\/Logo-2.svg\",\"caption\":\"Senator Cornyn\"},\"image\":{\"@id\":\"https:\/\/www.cornyn.senate.gov\/es-mx\/#\/schema\/logo\/image\/\"},\"sameAs\":[\"https:\/\/www.facebook.com\/SenJohnCornyn\",\"https:\/\/x.com\/johncornyn\"]}]}<\/script>\n<!-- \/ Yoast SEO plugin. -->","yoast_head_json":{"title":"Cornyn y Pfluger aprueban el cambio de nombre de la cl\u00ednica de veteranos de San Angelo - Senator Cornyn","robots":{"index":"index","follow":"follow","max-snippet":"max-snippet:-1","max-image-preview":"max-image-preview:large","max-video-preview":"max-video-preview:-1"},"canonical":"https:\/\/www.cornyn.senate.gov\/es-mx\/news\/cornyn-y-pfluger-aprueban-el-cambio-de-nombre-de-la-clinica-de-veteranos-de-san-angelo\/","og_locale":"es_MX","og_type":"article","og_title":"Cornyn y Pfluger aprueban el cambio de nombre de la cl\u00ednica de veteranos de San Angelo - Senator Cornyn","og_description":"Noticias WASHINGTON &#8211;El senador estadounidense John Cornyn (R-TX) y el congresista August Pfluger (TX-11) han hecho p\u00fablicas las siguientes declaraciones despu\u00e9s de que la C\u00e1mara de Representantes de EE.UU. aprobara la Ley de la Cl\u00ednica de Veteranos Coronel Charles y JoAnne Powell, para cambiar el nombre de la cl\u00ednica ambulatoria para veteranos San Angelo Community [&hellip;]","og_url":"https:\/\/www.cornyn.senate.gov\/es-mx\/news\/cornyn-y-pfluger-aprueban-el-cambio-de-nombre-de-la-clinica-de-veteranos-de-san-angelo\/","og_site_name":"Senator Cornyn","article_publisher":"https:\/\/www.facebook.com\/SenJohnCornyn","article_modified_time":"2023-01-09T17:14:21+00:00","og_image":[{"width":1024,"height":535,"url":"https:\/\/www.cornyn.senate.gov\/wp-content\/uploads\/2023\/11\/Twitter-Card-Dec-23-1024x535.png","type":"image\/png"}],"twitter_card":"summary_large_image","twitter_site":"@johncornyn","twitter_misc":{"Est. reading time":"3 minutes"},"schema":{"@context":"https:\/\/schema.org","@graph":[{"@type":"WebPage","@id":"https:\/\/www.cornyn.senate.gov\/es-mx\/news\/cornyn-y-pfluger-aprueban-el-cambio-de-nombre-de-la-clinica-de-veteranos-de-san-angelo\/","url":"https:\/\/www.cornyn.senate.gov\/es-mx\/news\/cornyn-y-pfluger-aprueban-el-cambio-de-nombre-de-la-clinica-de-veteranos-de-san-angelo\/","name":"Cornyn y Pfluger aprueban el cambio de nombre de la cl\u00ednica de veteranos de San Angelo - Senator Cornyn","isPartOf":{"@id":"https:\/\/www.cornyn.senate.gov\/es-mx\/#website"},"datePublished":"2022-09-20T11:53:39+00:00","dateModified":"2023-01-09T17:14:21+00:00","breadcrumb":{"@id":"https:\/\/www.cornyn.senate.gov\/es-mx\/news\/cornyn-y-pfluger-aprueban-el-cambio-de-nombre-de-la-clinica-de-veteranos-de-san-angelo\/#breadcrumb"},"inLanguage":"es-MX","potentialAction":[{"@type":"ReadAction","target":["https:\/\/www.cornyn.senate.gov\/es-mx\/news\/cornyn-y-pfluger-aprueban-el-cambio-de-nombre-de-la-clinica-de-veteranos-de-san-angelo\/"]}]},{"@type":"BreadcrumbList","@id":"https:\/\/www.cornyn.senate.gov\/es-mx\/news\/cornyn-y-pfluger-aprueban-el-cambio-de-nombre-de-la-clinica-de-veteranos-de-san-angelo\/#breadcrumb","itemListElement":[{"@type":"ListItem","position":1,"name":"Home","item":"https:\/\/www.cornyn.senate.gov\/es-mx\/"},{"@type":"ListItem","position":2,"name":"News","item":"https:\/\/www.cornyn.senate.gov\/es-mx\/news\/"},{"@type":"ListItem","position":3,"name":"Cornyn y Pfluger aprueban el cambio de nombre de la cl\u00ednica de veteranos de San Angelo"}]},{"@type":"WebSite","@id":"https:\/\/www.cornyn.senate.gov\/es-mx\/#website","url":"https:\/\/www.cornyn.senate.gov\/es-mx\/","name":"Senator Cornyn","description":"","publisher":{"@id":"https:\/\/www.cornyn.senate.gov\/es-mx\/#organization"},"potentialAction":[{"@type":"SearchAction","target":{"@type":"EntryPoint","urlTemplate":"https:\/\/www.cornyn.senate.gov\/es-mx\/?s={search_term_string}"},"query-input":{"@type":"PropertyValueSpecification","valueRequired":true,"valueName":"search_term_string"}}],"inLanguage":"es-MX"},{"@type":"Organization","@id":"https:\/\/www.cornyn.senate.gov\/es-mx\/#organization","name":"Senator Cornyn","url":"https:\/\/www.cornyn.senate.gov\/es-mx\/","logo":{"@type":"ImageObject","inLanguage":"es-MX","@id":"https:\/\/www.cornyn.senate.gov\/es-mx\/#\/schema\/logo\/image\/","url":"https:\/\/www.cornyn.senate.gov\/wp-content\/uploads\/2022\/01\/Logo-2.svg","contentUrl":"https:\/\/www.cornyn.senate.gov\/wp-content\/uploads\/2022\/01\/Logo-2.svg","caption":"Senator Cornyn"},"image":{"@id":"https:\/\/www.cornyn.senate.gov\/es-mx\/#\/schema\/logo\/image\/"},"sameAs":["https:\/\/www.facebook.com\/SenJohnCornyn","https:\/\/x.com\/johncornyn"]}]}},"_links":{"self":[{"href":"https:\/\/www.cornyn.senate.gov\/es-mx\/wp-json\/wp\/v2\/news\/32585","targetHints":{"allow":["GET"]}}],"collection":[{"href":"https:\/\/www.cornyn.senate.gov\/es-mx\/wp-json\/wp\/v2\/news"}],"about":[{"href":"https:\/\/www.cornyn.senate.gov\/es-mx\/wp-json\/wp\/v2\/types\/news"}],"author":[{"embeddable":true,"href":"https:\/\/www.cornyn.senate.gov\/es-mx\/wp-json\/wp\/v2\/users\/2"}],"version-history":[{"count":2,"href":"https:\/\/www.cornyn.senate.gov\/es-mx\/wp-json\/wp\/v2\/news\/32585\/revisions"}],"predecessor-version":[{"id":32591,"href":"https:\/\/www.cornyn.senate.gov\/es-mx\/wp-json\/wp\/v2\/news\/32585\/revisions\/32591"}],"wp:attachment":[{"href":"https:\/\/www.cornyn.senate.gov\/es-mx\/wp-json\/wp\/v2\/media?parent=32585"}],"wp:term":[{"taxonomy":"news-type","embeddable":true,"href":"https:\/\/www.cornyn.senate.gov\/es-mx\/wp-json\/wp\/v2\/news-type?post=32585"},{"taxonomy":"issues","embeddable":true,"href":"https:\/\/www.cornyn.senate.gov\/es-mx\/wp-json\/wp\/v2\/issues?post=32585"}],"curies":[{"name":"wp","href":"https:\/\/api.w.org\/{rel}","templated":true}]}}