{"id":32623,"date":"2022-09-13T14:39:23","date_gmt":"2022-09-13T18:39:23","guid":{"rendered":"https:\/\/www.cornyn.senate.gov\/news\/cornyn-a-schumer-el-senado-debe-aprobar-la-ndaa-antes-del-receso\/"},"modified":"2023-01-09T12:16:00","modified_gmt":"2023-01-09T17:16:00","slug":"cornyn-a-schumer-el-senado-debe-aprobar-la-ndaa-antes-del-receso","status":"publish","type":"news","link":"https:\/\/www.cornyn.senate.gov\/es-mx\/news\/cornyn-a-schumer-el-senado-debe-aprobar-la-ndaa-antes-del-receso\/","title":{"rendered":"Cornyn a Schumer: El Senado debe aprobar la NDAA antes del receso"},"content":{"rendered":"\t\t<div data-elementor-type=\"wp-post\" data-elementor-id=\"32623\" class=\"elementor elementor-32623 elementor-18685\" data-elementor-post-type=\"news\">\n\t\t\t\t\t\t<section class=\"elementor-section elementor-top-section elementor-element elementor-element-476409b0 elementor-section-boxed elementor-section-height-default elementor-section-height-default\" data-id=\"476409b0\" data-element_type=\"section\" data-e-type=\"section\">\n\t\t\t\t\t\t<div class=\"elementor-container elementor-column-gap-default\">\n\t\t\t\t\t<div class=\"elementor-column elementor-col-100 elementor-top-column elementor-element elementor-element-6d9b711f\" data-id=\"6d9b711f\" data-element_type=\"column\" data-e-type=\"column\">\n\t\t\t<div class=\"elementor-widget-wrap elementor-element-populated\">\n\t\t\t\t\t\t<section class=\"elementor-section elementor-inner-section elementor-element elementor-element-6812f4ac elementor-section-boxed elementor-section-height-default elementor-section-height-default\" data-id=\"6812f4ac\" data-element_type=\"section\" data-e-type=\"section\">\n\t\t\t\t\t\t<div class=\"elementor-container elementor-column-gap-default\">\n\t\t\t\t\t<div class=\"elementor-column elementor-col-50 elementor-inner-column elementor-element elementor-element-5d3dde1f\" data-id=\"5d3dde1f\" data-element_type=\"column\" data-e-type=\"column\">\n\t\t\t<div class=\"elementor-widget-wrap elementor-element-populated\">\n\t\t\t\t\t\t<div class=\"elementor-element elementor-element-7ac868d4 breadcrumb--back elementor-widget elementor-widget-button\" data-id=\"7ac868d4\" data-element_type=\"widget\" data-e-type=\"widget\" data-widget_type=\"button.default\">\n\t\t\t\t<div class=\"elementor-widget-container\">\n\t\t\t\t\t\t\t\t\t<div class=\"elementor-button-wrapper\">\n\t\t\t\t\t<a class=\"elementor-button elementor-button-link elementor-size-sm\" href=\"\/noticias\/\">\n\t\t\t\t\t\t<span class=\"elementor-button-content-wrapper\">\n\t\t\t\t\t\t<span class=\"elementor-button-icon\">\n\t\t\t\t<i aria-hidden=\"true\" class=\"icon icon-arrow-left\"><\/i>\t\t\t<\/span>\n\t\t\t\t\t\t\t\t\t<span class=\"elementor-button-text\">Noticias<\/span>\n\t\t\t\t\t<\/span>\n\t\t\t\t\t<\/a>\n\t\t\t\t<\/div>\n\t\t\t\t\t\t\t\t<\/div>\n\t\t\t\t<\/div>\n\t\t\t\t\t<\/div>\n\t\t<\/div>\n\t\t\t\t<div class=\"elementor-column elementor-col-50 elementor-inner-column elementor-element elementor-element-2fcc65bf content-page__content\" data-id=\"2fcc65bf\" data-element_type=\"column\" data-e-type=\"column\">\n\t\t\t<div class=\"elementor-widget-wrap elementor-element-populated\">\n\t\t\t\t\t\t<div class=\"elementor-element elementor-element-7e5b8f21 elementor-widget elementor-widget-theme-post-title elementor-page-title elementor-widget-heading\" data-id=\"7e5b8f21\" data-element_type=\"widget\" data-e-type=\"widget\" data-widget_type=\"theme-post-title.default\">\n\t\t\t\t<div class=\"elementor-widget-container\">\n\t\t\t\t\t<h1 class=\"elementor-heading-title elementor-size-default\">Cornyn a Schumer: El Senado debe aprobar la NDAA antes del receso<\/h1>\t\t\t\t<\/div>\n\t\t\t\t<\/div>\n\t\t\t\t<div class=\"elementor-element elementor-element-552d2caa elementor-widget-divider--view-line elementor-widget elementor-widget-divider\" data-id=\"552d2caa\" data-element_type=\"widget\" data-e-type=\"widget\" data-widget_type=\"divider.default\">\n\t\t\t\t<div class=\"elementor-widget-container\">\n\t\t\t\t\t\t\t<div class=\"elementor-divider\">\n\t\t\t<span class=\"elementor-divider-separator\">\n\t\t\t\t\t\t<\/span>\n\t\t<\/div>\n\t\t\t\t\t\t<\/div>\n\t\t\t\t<\/div>\n\t\t\t\t<div class=\"elementor-element elementor-element-39e4230e elementor-widget__width-initial elementor-widget-mobile__width-inherit elementor-widget elementor-widget-text-editor\" data-id=\"39e4230e\" data-element_type=\"widget\" data-e-type=\"widget\" data-widget_type=\"text-editor.default\">\n\t\t\t\t<div class=\"elementor-widget-container\">\n\t\t\t\t\t\t\t\t\tSeptember 13, 2022\t\t\t\t\t\t\t\t<\/div>\n\t\t\t\t<\/div>\n\t\t\t\t<div class=\"elementor-element elementor-element-139f738b elementor-share-buttons--view-icon elementor-share-buttons--skin-flat elementor-share-buttons--shape-circle elementor-share-buttons--color-custom share-buttons elementor-widget__width-initial elementor-widget-mobile__width-inherit elementor-grid-0 elementor-widget elementor-widget-share-buttons\" data-id=\"139f738b\" data-element_type=\"widget\" data-e-type=\"widget\" title=\"Share\" data-widget_type=\"share-buttons.default\">\n\t\t\t\t<div class=\"elementor-widget-container\">\n\t\t\t\t\t\t\t<div class=\"elementor-grid\" role=\"list\">\n\t\t\t\t\t\t\t\t<div class=\"elementor-grid-item\" role=\"listitem\">\n\t\t\t\t\t\t<div class=\"elementor-share-btn elementor-share-btn_email\" role=\"button\" tabindex=\"0\" aria-label=\"Share on email\">\n\t\t\t\t\t\t\t\t\t\t\t\t\t\t\t<span class=\"elementor-share-btn__icon\">\n\t\t\t\t\t\t\t\t<i class=\"fas fa-envelope\" aria-hidden=\"true\"><\/i>\t\t\t\t\t\t\t<\/span>\n\t\t\t\t\t\t\t\t\t\t\t\t\t\t\t\t\t\t\t\t<\/div>\n\t\t\t\t\t<\/div>\n\t\t\t\t\t\t\t\t\t<div class=\"elementor-grid-item\" role=\"listitem\">\n\t\t\t\t\t\t<div class=\"elementor-share-btn elementor-share-btn_linkedin\" role=\"button\" tabindex=\"0\" aria-label=\"Share on linkedin\">\n\t\t\t\t\t\t\t\t\t\t\t\t\t\t\t<span class=\"elementor-share-btn__icon\">\n\t\t\t\t\t\t\t\t<i class=\"fab fa-linkedin\" aria-hidden=\"true\"><\/i>\t\t\t\t\t\t\t<\/span>\n\t\t\t\t\t\t\t\t\t\t\t\t\t\t\t\t\t\t\t\t<\/div>\n\t\t\t\t\t<\/div>\n\t\t\t\t\t\t\t\t\t<div class=\"elementor-grid-item\" role=\"listitem\">\n\t\t\t\t\t\t<div class=\"elementor-share-btn elementor-share-btn_facebook\" role=\"button\" tabindex=\"0\" aria-label=\"Share on facebook\">\n\t\t\t\t\t\t\t\t\t\t\t\t\t\t\t<span class=\"elementor-share-btn__icon\">\n\t\t\t\t\t\t\t\t<i class=\"fab fa-facebook\" aria-hidden=\"true\"><\/i>\t\t\t\t\t\t\t<\/span>\n\t\t\t\t\t\t\t\t\t\t\t\t\t\t\t\t\t\t\t\t<\/div>\n\t\t\t\t\t<\/div>\n\t\t\t\t\t\t<\/div>\n\t\t\t\t\t\t<\/div>\n\t\t\t\t<\/div>\n\t\t\t\t<div class=\"elementor-element elementor-element-3e790e31 elementor-blockquote--skin-boxed elementor-widget elementor-widget-blockquote\" data-id=\"3e790e31\" data-element_type=\"widget\" data-e-type=\"widget\" data-widget_type=\"blockquote.default\">\n\t\t\t\t<div class=\"elementor-widget-container\">\n\t\t\t\t\t\t\t<blockquote class=\"elementor-blockquote\">\n\t\t\t<p class=\"elementor-blockquote__content\">\n\t\t\t\tDurante 61 a\u00f1os consecutivos, hemos aprobado un proyecto de ley de Autorizaci\u00f3n de la Defensa Nacional. Pero al parecer, el l\u00edder de la mayor\u00eda, el senador Schumer, est\u00e1 contemplando no hacerlo este a\u00f1o.  <br><br>\n\nEl proyecto de ley de Autorizaci\u00f3n de Defensa parece estar al final de su lista de prioridades, por debajo de las nominaciones judiciales y de un proyecto de ley para codificar un derecho al matrimonio que ni siquiera est\u00e1 en peligro.<br><br>\n\nEspero que el l\u00edder de la mayor\u00eda presente este proyecto de ley este mes... para que podamos fortalecer nuestra defensa nacional en este momento cr\u00edtico de la historia de nuestra naci\u00f3n.\t\t\t<\/p>\n\t\t\t\t\t<\/blockquote>\n\t\t\t\t\t\t<\/div>\n\t\t\t\t<\/div>\n\t\t\t\t<div class=\"elementor-element elementor-element-1a452508 elementor-widget elementor-widget-text-editor\" data-id=\"1a452508\" data-element_type=\"widget\" data-e-type=\"widget\" data-widget_type=\"text-editor.default\">\n\t\t\t\t<div class=\"elementor-widget-container\">\n\t\t\t\t\t\t\t\t\t<p><strong>WASHINGTON<\/strong> &#8211; Hoy en el pleno, el senador de EE.UU. John Cornyn (R-TX) habl\u00f3 de la importancia de aprobar la <em>Ley de Autorizaci\u00f3n de Defensa <\/em>Nacional e inst\u00f3 al l\u00edder Schumer para llevarlo al pleno para su votaci\u00f3n este mes. A continuaci\u00f3n se ofrecen extractos de las declaraciones del Senador Cornyn, y <a href=\"https:\/\/youtu.be\/I4APWQ_qk7s\">aqu\u00ed<\/a> puede verse el v\u00eddeo. <\/p>\n<p><em>&#8220;En mi opini\u00f3n, la ley de autorizaci\u00f3n de la Defensa Nacional es el instrumento legislativo por excelencia. Cada a\u00f1o, as\u00ed es como nos aseguramos de que nuestros hombres y mujeres de uniforme tienen el apoyo, y las herramientas, y la formaci\u00f3n que necesitan.&#8221;<\/em><\/p>\n<p><em>&#8220;As\u00ed mantenemos nuestras bases militares, modernizamos nuestros sistemas&#8221;.<\/em><\/p>\n<p><em>&#8220;As\u00ed hacemos balance del panorama mundial de amenazas&#8221;.<\/em><\/p>\n<p><em>&#8220;Y nos aseguramos de que nuestro pa\u00eds est\u00e9 preparado para enfrentarse incluso a nuestros adversarios m\u00e1s agresivos&#8221;.<\/em><\/p>\n<p><em>&#8220;Durante 61 a\u00f1os seguidos, hemos aprobado un proyecto de ley de Autorizaci\u00f3n de Defensa Nacional. Pero aparentemente, el L\u00edder de la Mayor\u00eda, el Senador Schumer, est\u00e1 contemplando no hacerlo este a\u00f1o.&#8221;<\/em><\/p>\n<p><em>&#8220;Bajo el liderazgo del senador Reed, dem\u00f3crata, y del senador Inhofe, republicano, han compilado un s\u00f3lido proyecto de ley que reforzar\u00e1 y modernizar\u00e1 nuestra defensa nacional, pero el Comit\u00e9 de Servicios Armados del Senado termin\u00f3 su trabajo el 18 de julio.&#8221;<\/em><\/p>\n<p><em>&#8220;Aqu\u00ed estamos,<sup>13<\/sup> de septiembre. El senador Schumer, que es quien marca la agenda del Senado de Estados Unidos, a\u00fan no ha presentado ese proyecto de ley&#8221;.<\/em><\/p>\n<p><em>&#8220;El proyecto de ley de Autorizaci\u00f3n de Defensa parece estar al final de su lista de prioridades, por debajo de las nominaciones judiciales y de un proyecto de ley para codificar un derecho al matrimonio que ni siquiera est\u00e1 en peligro&#8221;.<\/em><\/p>\n<p><em>&#8220;Mi esperanza es que el L\u00edder de la Mayor\u00eda traiga este proyecto de ley al pleno este mes&#8230; para que podamos fortalecer nuestra defensa nacional en este momento cr\u00edtico de la historia de nuestra naci\u00f3n&#8221;.<\/em><\/p>\n\t\t\t\t\t\t\t\t<\/div>\n\t\t\t\t<\/div>\n\t\t\t\t\t<\/div>\n\t\t<\/div>\n\t\t\t\t\t<\/div>\n\t\t<\/section>\n\t\t\t\t\t<\/div>\n\t\t<\/div>\n\t\t\t\t\t<\/div>\n\t\t<\/section>\n\t\t\t\t<\/div>\n\t\t","protected":false},"author":2,"template":"","news-type":[161],"issues":[163],"class_list":["post-32623","news","type-news","status-publish","hentry","news-type-press-releases-es-mx","issues-u-s-military-and-veterans-es-mx"],"acf":[],"yoast_head":"<!-- This site is optimized with the Yoast SEO plugin v27.2 - https:\/\/yoast.com\/product\/yoast-seo-wordpress\/ -->\n<title>Cornyn a Schumer: El Senado debe aprobar la NDAA antes del receso - Senator Cornyn<\/title>\n<meta name=\"robots\" content=\"index, follow, max-snippet:-1, max-image-preview:large, max-video-preview:-1\" \/>\n<link rel=\"canonical\" href=\"https:\/\/www.cornyn.senate.gov\/es-mx\/news\/cornyn-a-schumer-el-senado-debe-aprobar-la-ndaa-antes-del-receso\/\" \/>\n<meta property=\"og:locale\" content=\"es_MX\" \/>\n<meta property=\"og:type\" content=\"article\" \/>\n<meta property=\"og:title\" content=\"Cornyn a Schumer: El Senado debe aprobar la NDAA antes del receso - Senator Cornyn\" \/>\n<meta property=\"og:description\" content=\"Noticias Durante 61 a\u00f1os consecutivos, hemos aprobado un proyecto de ley de Autorizaci\u00f3n de la Defensa Nacional. Pero al parecer, el l\u00edder de la mayor\u00eda, el senador Schumer, est\u00e1 contemplando no hacerlo este a\u00f1o. El proyecto de ley de Autorizaci\u00f3n de Defensa parece estar al final de su lista de prioridades, por debajo de las [&hellip;]\" \/>\n<meta property=\"og:url\" content=\"https:\/\/www.cornyn.senate.gov\/es-mx\/news\/cornyn-a-schumer-el-senado-debe-aprobar-la-ndaa-antes-del-receso\/\" \/>\n<meta property=\"og:site_name\" content=\"Senator Cornyn\" \/>\n<meta property=\"article:publisher\" content=\"https:\/\/www.facebook.com\/SenJohnCornyn\" \/>\n<meta property=\"article:modified_time\" content=\"2023-01-09T17:16:00+00:00\" \/>\n<meta property=\"og:image\" content=\"https:\/\/www.cornyn.senate.gov\/wp-content\/uploads\/2023\/11\/Twitter-Card-Dec-23-1024x535.png\" \/>\n\t<meta property=\"og:image:width\" content=\"1024\" \/>\n\t<meta property=\"og:image:height\" content=\"535\" \/>\n\t<meta property=\"og:image:type\" content=\"image\/png\" \/>\n<meta name=\"twitter:card\" content=\"summary_large_image\" \/>\n<meta name=\"twitter:site\" content=\"@johncornyn\" \/>\n<meta name=\"twitter:label1\" content=\"Est. reading time\" \/>\n\t<meta name=\"twitter:data1\" content=\"2 minutes\" \/>\n<script type=\"application\/ld+json\" class=\"yoast-schema-graph\">{\"@context\":\"https:\/\/schema.org\",\"@graph\":[{\"@type\":\"WebPage\",\"@id\":\"https:\/\/www.cornyn.senate.gov\/es-mx\/news\/cornyn-a-schumer-el-senado-debe-aprobar-la-ndaa-antes-del-receso\/\",\"url\":\"https:\/\/www.cornyn.senate.gov\/es-mx\/news\/cornyn-a-schumer-el-senado-debe-aprobar-la-ndaa-antes-del-receso\/\",\"name\":\"Cornyn a Schumer: El Senado debe aprobar la NDAA antes del receso - Senator Cornyn\",\"isPartOf\":{\"@id\":\"https:\/\/www.cornyn.senate.gov\/es-mx\/#website\"},\"datePublished\":\"2022-09-13T18:39:23+00:00\",\"dateModified\":\"2023-01-09T17:16:00+00:00\",\"breadcrumb\":{\"@id\":\"https:\/\/www.cornyn.senate.gov\/es-mx\/news\/cornyn-a-schumer-el-senado-debe-aprobar-la-ndaa-antes-del-receso\/#breadcrumb\"},\"inLanguage\":\"es-MX\",\"potentialAction\":[{\"@type\":\"ReadAction\",\"target\":[\"https:\/\/www.cornyn.senate.gov\/es-mx\/news\/cornyn-a-schumer-el-senado-debe-aprobar-la-ndaa-antes-del-receso\/\"]}]},{\"@type\":\"BreadcrumbList\",\"@id\":\"https:\/\/www.cornyn.senate.gov\/es-mx\/news\/cornyn-a-schumer-el-senado-debe-aprobar-la-ndaa-antes-del-receso\/#breadcrumb\",\"itemListElement\":[{\"@type\":\"ListItem\",\"position\":1,\"name\":\"Home\",\"item\":\"https:\/\/www.cornyn.senate.gov\/es-mx\/\"},{\"@type\":\"ListItem\",\"position\":2,\"name\":\"News\",\"item\":\"https:\/\/www.cornyn.senate.gov\/es-mx\/news\/\"},{\"@type\":\"ListItem\",\"position\":3,\"name\":\"Cornyn a Schumer: El Senado debe aprobar la NDAA antes del receso\"}]},{\"@type\":\"WebSite\",\"@id\":\"https:\/\/www.cornyn.senate.gov\/es-mx\/#website\",\"url\":\"https:\/\/www.cornyn.senate.gov\/es-mx\/\",\"name\":\"Senator Cornyn\",\"description\":\"\",\"publisher\":{\"@id\":\"https:\/\/www.cornyn.senate.gov\/es-mx\/#organization\"},\"potentialAction\":[{\"@type\":\"SearchAction\",\"target\":{\"@type\":\"EntryPoint\",\"urlTemplate\":\"https:\/\/www.cornyn.senate.gov\/es-mx\/?s={search_term_string}\"},\"query-input\":{\"@type\":\"PropertyValueSpecification\",\"valueRequired\":true,\"valueName\":\"search_term_string\"}}],\"inLanguage\":\"es-MX\"},{\"@type\":\"Organization\",\"@id\":\"https:\/\/www.cornyn.senate.gov\/es-mx\/#organization\",\"name\":\"Senator Cornyn\",\"url\":\"https:\/\/www.cornyn.senate.gov\/es-mx\/\",\"logo\":{\"@type\":\"ImageObject\",\"inLanguage\":\"es-MX\",\"@id\":\"https:\/\/www.cornyn.senate.gov\/es-mx\/#\/schema\/logo\/image\/\",\"url\":\"https:\/\/www.cornyn.senate.gov\/wp-content\/uploads\/2022\/01\/Logo-2.svg\",\"contentUrl\":\"https:\/\/www.cornyn.senate.gov\/wp-content\/uploads\/2022\/01\/Logo-2.svg\",\"caption\":\"Senator Cornyn\"},\"image\":{\"@id\":\"https:\/\/www.cornyn.senate.gov\/es-mx\/#\/schema\/logo\/image\/\"},\"sameAs\":[\"https:\/\/www.facebook.com\/SenJohnCornyn\",\"https:\/\/x.com\/johncornyn\"]}]}<\/script>\n<!-- \/ Yoast SEO plugin. -->","yoast_head_json":{"title":"Cornyn a Schumer: El Senado debe aprobar la NDAA antes del receso - Senator Cornyn","robots":{"index":"index","follow":"follow","max-snippet":"max-snippet:-1","max-image-preview":"max-image-preview:large","max-video-preview":"max-video-preview:-1"},"canonical":"https:\/\/www.cornyn.senate.gov\/es-mx\/news\/cornyn-a-schumer-el-senado-debe-aprobar-la-ndaa-antes-del-receso\/","og_locale":"es_MX","og_type":"article","og_title":"Cornyn a Schumer: El Senado debe aprobar la NDAA antes del receso - Senator Cornyn","og_description":"Noticias Durante 61 a\u00f1os consecutivos, hemos aprobado un proyecto de ley de Autorizaci\u00f3n de la Defensa Nacional. Pero al parecer, el l\u00edder de la mayor\u00eda, el senador Schumer, est\u00e1 contemplando no hacerlo este a\u00f1o. El proyecto de ley de Autorizaci\u00f3n de Defensa parece estar al final de su lista de prioridades, por debajo de las [&hellip;]","og_url":"https:\/\/www.cornyn.senate.gov\/es-mx\/news\/cornyn-a-schumer-el-senado-debe-aprobar-la-ndaa-antes-del-receso\/","og_site_name":"Senator Cornyn","article_publisher":"https:\/\/www.facebook.com\/SenJohnCornyn","article_modified_time":"2023-01-09T17:16:00+00:00","og_image":[{"width":1024,"height":535,"url":"https:\/\/www.cornyn.senate.gov\/wp-content\/uploads\/2023\/11\/Twitter-Card-Dec-23-1024x535.png","type":"image\/png"}],"twitter_card":"summary_large_image","twitter_site":"@johncornyn","twitter_misc":{"Est. reading time":"2 minutes"},"schema":{"@context":"https:\/\/schema.org","@graph":[{"@type":"WebPage","@id":"https:\/\/www.cornyn.senate.gov\/es-mx\/news\/cornyn-a-schumer-el-senado-debe-aprobar-la-ndaa-antes-del-receso\/","url":"https:\/\/www.cornyn.senate.gov\/es-mx\/news\/cornyn-a-schumer-el-senado-debe-aprobar-la-ndaa-antes-del-receso\/","name":"Cornyn a Schumer: El Senado debe aprobar la NDAA antes del receso - Senator Cornyn","isPartOf":{"@id":"https:\/\/www.cornyn.senate.gov\/es-mx\/#website"},"datePublished":"2022-09-13T18:39:23+00:00","dateModified":"2023-01-09T17:16:00+00:00","breadcrumb":{"@id":"https:\/\/www.cornyn.senate.gov\/es-mx\/news\/cornyn-a-schumer-el-senado-debe-aprobar-la-ndaa-antes-del-receso\/#breadcrumb"},"inLanguage":"es-MX","potentialAction":[{"@type":"ReadAction","target":["https:\/\/www.cornyn.senate.gov\/es-mx\/news\/cornyn-a-schumer-el-senado-debe-aprobar-la-ndaa-antes-del-receso\/"]}]},{"@type":"BreadcrumbList","@id":"https:\/\/www.cornyn.senate.gov\/es-mx\/news\/cornyn-a-schumer-el-senado-debe-aprobar-la-ndaa-antes-del-receso\/#breadcrumb","itemListElement":[{"@type":"ListItem","position":1,"name":"Home","item":"https:\/\/www.cornyn.senate.gov\/es-mx\/"},{"@type":"ListItem","position":2,"name":"News","item":"https:\/\/www.cornyn.senate.gov\/es-mx\/news\/"},{"@type":"ListItem","position":3,"name":"Cornyn a Schumer: El Senado debe aprobar la NDAA antes del receso"}]},{"@type":"WebSite","@id":"https:\/\/www.cornyn.senate.gov\/es-mx\/#website","url":"https:\/\/www.cornyn.senate.gov\/es-mx\/","name":"Senator Cornyn","description":"","publisher":{"@id":"https:\/\/www.cornyn.senate.gov\/es-mx\/#organization"},"potentialAction":[{"@type":"SearchAction","target":{"@type":"EntryPoint","urlTemplate":"https:\/\/www.cornyn.senate.gov\/es-mx\/?s={search_term_string}"},"query-input":{"@type":"PropertyValueSpecification","valueRequired":true,"valueName":"search_term_string"}}],"inLanguage":"es-MX"},{"@type":"Organization","@id":"https:\/\/www.cornyn.senate.gov\/es-mx\/#organization","name":"Senator Cornyn","url":"https:\/\/www.cornyn.senate.gov\/es-mx\/","logo":{"@type":"ImageObject","inLanguage":"es-MX","@id":"https:\/\/www.cornyn.senate.gov\/es-mx\/#\/schema\/logo\/image\/","url":"https:\/\/www.cornyn.senate.gov\/wp-content\/uploads\/2022\/01\/Logo-2.svg","contentUrl":"https:\/\/www.cornyn.senate.gov\/wp-content\/uploads\/2022\/01\/Logo-2.svg","caption":"Senator Cornyn"},"image":{"@id":"https:\/\/www.cornyn.senate.gov\/es-mx\/#\/schema\/logo\/image\/"},"sameAs":["https:\/\/www.facebook.com\/SenJohnCornyn","https:\/\/x.com\/johncornyn"]}]}},"_links":{"self":[{"href":"https:\/\/www.cornyn.senate.gov\/es-mx\/wp-json\/wp\/v2\/news\/32623","targetHints":{"allow":["GET"]}}],"collection":[{"href":"https:\/\/www.cornyn.senate.gov\/es-mx\/wp-json\/wp\/v2\/news"}],"about":[{"href":"https:\/\/www.cornyn.senate.gov\/es-mx\/wp-json\/wp\/v2\/types\/news"}],"author":[{"embeddable":true,"href":"https:\/\/www.cornyn.senate.gov\/es-mx\/wp-json\/wp\/v2\/users\/2"}],"version-history":[{"count":1,"href":"https:\/\/www.cornyn.senate.gov\/es-mx\/wp-json\/wp\/v2\/news\/32623\/revisions"}],"predecessor-version":[{"id":32625,"href":"https:\/\/www.cornyn.senate.gov\/es-mx\/wp-json\/wp\/v2\/news\/32623\/revisions\/32625"}],"wp:attachment":[{"href":"https:\/\/www.cornyn.senate.gov\/es-mx\/wp-json\/wp\/v2\/media?parent=32623"}],"wp:term":[{"taxonomy":"news-type","embeddable":true,"href":"https:\/\/www.cornyn.senate.gov\/es-mx\/wp-json\/wp\/v2\/news-type?post=32623"},{"taxonomy":"issues","embeddable":true,"href":"https:\/\/www.cornyn.senate.gov\/es-mx\/wp-json\/wp\/v2\/issues?post=32623"}],"curies":[{"name":"wp","href":"https:\/\/api.w.org\/{rel}","templated":true}]}}