{"id":32635,"date":"2022-08-29T14:50:00","date_gmt":"2022-08-29T18:50:00","guid":{"rendered":"https:\/\/www.cornyn.senate.gov\/news\/articulo-de-opinion-de-cornyn-gobernando-como-un-rey-biden-perjudica-a-los-estadounidenses\/"},"modified":"2023-01-09T12:16:50","modified_gmt":"2023-01-09T17:16:50","slug":"articulo-de-opinion-de-cornyn-gobernando-como-un-rey-biden-perjudica-a-los-estadounidenses","status":"publish","type":"news","link":"https:\/\/www.cornyn.senate.gov\/es-mx\/news\/articulo-de-opinion-de-cornyn-gobernando-como-un-rey-biden-perjudica-a-los-estadounidenses\/","title":{"rendered":"Art\u00edculo de opini\u00f3n de Cornyn: Gobernando como un rey, Biden perjudica a los estadounidenses"},"content":{"rendered":"\t\t<div data-elementor-type=\"wp-post\" data-elementor-id=\"32635\" class=\"elementor elementor-32635 elementor-18089\" data-elementor-post-type=\"news\">\n\t\t\t\t\t\t<section class=\"elementor-section elementor-top-section elementor-element elementor-element-2dc9ba38 elementor-section-boxed elementor-section-height-default elementor-section-height-default\" data-id=\"2dc9ba38\" data-element_type=\"section\" data-e-type=\"section\">\n\t\t\t\t\t\t<div class=\"elementor-container elementor-column-gap-default\">\n\t\t\t\t\t<div class=\"elementor-column elementor-col-100 elementor-top-column elementor-element elementor-element-1a11fbb4\" data-id=\"1a11fbb4\" data-element_type=\"column\" data-e-type=\"column\">\n\t\t\t<div class=\"elementor-widget-wrap elementor-element-populated\">\n\t\t\t\t\t\t<section class=\"elementor-section elementor-inner-section elementor-element elementor-element-2bb2f8a6 elementor-section-boxed elementor-section-height-default elementor-section-height-default\" data-id=\"2bb2f8a6\" data-element_type=\"section\" data-e-type=\"section\">\n\t\t\t\t\t\t<div class=\"elementor-container elementor-column-gap-default\">\n\t\t\t\t\t<div class=\"elementor-column elementor-col-50 elementor-inner-column elementor-element elementor-element-2f9f35ba\" data-id=\"2f9f35ba\" data-element_type=\"column\" data-e-type=\"column\">\n\t\t\t<div class=\"elementor-widget-wrap elementor-element-populated\">\n\t\t\t\t\t\t<div class=\"elementor-element elementor-element-662ee1d2 breadcrumb--back elementor-widget elementor-widget-button\" data-id=\"662ee1d2\" data-element_type=\"widget\" data-e-type=\"widget\" data-widget_type=\"button.default\">\n\t\t\t\t<div class=\"elementor-widget-container\">\n\t\t\t\t\t\t\t\t\t<div class=\"elementor-button-wrapper\">\n\t\t\t\t\t<a class=\"elementor-button elementor-button-link elementor-size-sm\" href=\"\/noticias\/\">\n\t\t\t\t\t\t<span class=\"elementor-button-content-wrapper\">\n\t\t\t\t\t\t<span class=\"elementor-button-icon\">\n\t\t\t\t<i aria-hidden=\"true\" class=\"icon icon-arrow-left\"><\/i>\t\t\t<\/span>\n\t\t\t\t\t\t\t\t\t<span class=\"elementor-button-text\">Noticias<\/span>\n\t\t\t\t\t<\/span>\n\t\t\t\t\t<\/a>\n\t\t\t\t<\/div>\n\t\t\t\t\t\t\t\t<\/div>\n\t\t\t\t<\/div>\n\t\t\t\t\t<\/div>\n\t\t<\/div>\n\t\t\t\t<div class=\"elementor-column elementor-col-50 elementor-inner-column elementor-element elementor-element-2c90deb3 content-page__content\" data-id=\"2c90deb3\" data-element_type=\"column\" data-e-type=\"column\">\n\t\t\t<div class=\"elementor-widget-wrap elementor-element-populated\">\n\t\t\t\t\t\t<div class=\"elementor-element elementor-element-550e6aa3 elementor-widget elementor-widget-theme-post-title elementor-page-title elementor-widget-heading\" data-id=\"550e6aa3\" data-element_type=\"widget\" data-e-type=\"widget\" data-widget_type=\"theme-post-title.default\">\n\t\t\t\t<div class=\"elementor-widget-container\">\n\t\t\t\t\t<h1 class=\"elementor-heading-title elementor-size-default\">Art\u00edculo de opini\u00f3n de Cornyn: Gobernando como un rey, Biden perjudica a los estadounidenses<\/h1>\t\t\t\t<\/div>\n\t\t\t\t<\/div>\n\t\t\t\t<div class=\"elementor-element elementor-element-6f9a1c5 elementor-widget-divider--view-line elementor-widget elementor-widget-divider\" data-id=\"6f9a1c5\" data-element_type=\"widget\" data-e-type=\"widget\" data-widget_type=\"divider.default\">\n\t\t\t\t<div class=\"elementor-widget-container\">\n\t\t\t\t\t\t\t<div class=\"elementor-divider\">\n\t\t\t<span class=\"elementor-divider-separator\">\n\t\t\t\t\t\t<\/span>\n\t\t<\/div>\n\t\t\t\t\t\t<\/div>\n\t\t\t\t<\/div>\n\t\t\t\t<div class=\"elementor-element elementor-element-5fbe7f7 elementor-widget__width-initial elementor-widget-mobile__width-inherit elementor-widget elementor-widget-text-editor\" data-id=\"5fbe7f7\" data-element_type=\"widget\" data-e-type=\"widget\" data-widget_type=\"text-editor.default\">\n\t\t\t\t<div class=\"elementor-widget-container\">\n\t\t\t\t\t\t\t\t\tAugust 29, 2022\t\t\t\t\t\t\t\t<\/div>\n\t\t\t\t<\/div>\n\t\t\t\t<div class=\"elementor-element elementor-element-176660be elementor-share-buttons--view-icon elementor-share-buttons--skin-flat elementor-share-buttons--shape-circle elementor-share-buttons--color-custom share-buttons elementor-widget__width-initial elementor-widget-mobile__width-inherit elementor-grid-0 elementor-widget elementor-widget-share-buttons\" data-id=\"176660be\" data-element_type=\"widget\" data-e-type=\"widget\" title=\"Share\" data-widget_type=\"share-buttons.default\">\n\t\t\t\t<div class=\"elementor-widget-container\">\n\t\t\t\t\t\t\t<div class=\"elementor-grid\" role=\"list\">\n\t\t\t\t\t\t\t\t<div class=\"elementor-grid-item\" role=\"listitem\">\n\t\t\t\t\t\t<div class=\"elementor-share-btn elementor-share-btn_email\" role=\"button\" tabindex=\"0\" aria-label=\"Share on email\">\n\t\t\t\t\t\t\t\t\t\t\t\t\t\t\t<span class=\"elementor-share-btn__icon\">\n\t\t\t\t\t\t\t\t<i class=\"fas fa-envelope\" aria-hidden=\"true\"><\/i>\t\t\t\t\t\t\t<\/span>\n\t\t\t\t\t\t\t\t\t\t\t\t\t\t\t\t\t\t\t\t<\/div>\n\t\t\t\t\t<\/div>\n\t\t\t\t\t\t\t\t\t<div class=\"elementor-grid-item\" role=\"listitem\">\n\t\t\t\t\t\t<div class=\"elementor-share-btn elementor-share-btn_linkedin\" role=\"button\" tabindex=\"0\" aria-label=\"Share on linkedin\">\n\t\t\t\t\t\t\t\t\t\t\t\t\t\t\t<span class=\"elementor-share-btn__icon\">\n\t\t\t\t\t\t\t\t<i class=\"fab fa-linkedin\" aria-hidden=\"true\"><\/i>\t\t\t\t\t\t\t<\/span>\n\t\t\t\t\t\t\t\t\t\t\t\t\t\t\t\t\t\t\t\t<\/div>\n\t\t\t\t\t<\/div>\n\t\t\t\t\t\t\t\t\t<div class=\"elementor-grid-item\" role=\"listitem\">\n\t\t\t\t\t\t<div class=\"elementor-share-btn elementor-share-btn_facebook\" role=\"button\" tabindex=\"0\" aria-label=\"Share on facebook\">\n\t\t\t\t\t\t\t\t\t\t\t\t\t\t\t<span class=\"elementor-share-btn__icon\">\n\t\t\t\t\t\t\t\t<i class=\"fab fa-facebook\" aria-hidden=\"true\"><\/i>\t\t\t\t\t\t\t<\/span>\n\t\t\t\t\t\t\t\t\t\t\t\t\t\t\t\t\t\t\t\t<\/div>\n\t\t\t\t\t<\/div>\n\t\t\t\t\t\t<\/div>\n\t\t\t\t\t\t<\/div>\n\t\t\t\t<\/div>\n\t\t\t\t<div class=\"elementor-element elementor-element-61b8da41 elementor-blockquote--skin-boxed elementor-widget elementor-widget-blockquote\" data-id=\"61b8da41\" data-element_type=\"widget\" data-e-type=\"widget\" data-widget_type=\"blockquote.default\">\n\t\t\t\t<div class=\"elementor-widget-container\">\n\t\t\t\t\t\t\t<blockquote class=\"elementor-blockquote\">\n\t\t\t<p class=\"elementor-blockquote__content\">\n\t\t\t\tEl presidente ha estirado los l\u00edmites del poder ejecutivo para gobernar unilateralmente, y esta tendencia acarrea graves consecuencias para nuestro pa\u00eds.  <br><br>\n\nCuando un presidente gobierna como un rey, sobreviene la inestabilidad. Y no hay duda de que la administraci\u00f3n Biden ha puesto a nuestro pa\u00eds en terreno inestable.\t\t\t<\/p>\n\t\t\t\t\t<\/blockquote>\n\t\t\t\t\t\t<\/div>\n\t\t\t\t<\/div>\n\t\t\t\t<div class=\"elementor-element elementor-element-73c43faa elementor-widget elementor-widget-text-editor\" data-id=\"73c43faa\" data-element_type=\"widget\" data-e-type=\"widget\" data-widget_type=\"text-editor.default\">\n\t\t\t\t<div class=\"elementor-widget-container\">\n\t\t\t\t\t\t\t\t\t<p><strong>WASHINGTON-<\/strong>Tras el irresponsable anuncio del presidente Biden de &#8220;cancelar&#8221; la deuda de pr\u00e9stamos estudiantiles en un momento de alta inflaci\u00f3n, el senador estadounidense John Cornyn (R-TX) escribi\u00f3 el siguiente art\u00edculo de opini\u00f3n en el <em>San Antonio Express-News <\/em>destacando la inclinaci\u00f3n de la administraci\u00f3n Biden por gobernar por decreto en lugar de trabajar con el Congreso para llegar a un consenso:<\/p>\n<\/p>\n<p><strong>Gobernando como un rey, Biden perjudica a los estadounidenses<\/strong><\/p>\n<p>Senador John Cornyn<\/p>\n<p>San Antonio Express-News<br \/>29 de agosto de 2022<\/p>\n<p><a href=\"https:\/\/www.expressnews.com\/opinion\/commentary\/article\/Cornyn-Biden-hurting-Americans-17400702.php\">https:\/\/www.expressnews.com\/opinion\/commentary\/article\/Cornyn-Biden-hurting-Americans-17400702.php<\/a><\/p>\n<p>Nuestros Padres Fundadores tuvieron la sabidur\u00eda de establecer tres ramas de gobierno para impedir que una sola persona o instituci\u00f3n ejerciera el poder absoluto. El eterno favorito &#8220;Schoolhouse Rock&#8221; lo expresa a la perfecci\u00f3n: &#8220;La actuaci\u00f3n de todos forma parte del espect\u00e1culo, y el trabajo de nadie es m\u00e1s importante&#8221;.<\/p>\n<p>A juzgar por los dos \u00faltimos a\u00f1os, el Presidente Joe Biden debe haberse perdido ese episodio.<\/p>\n<p>El gobierno de Biden ha desarrollado la peligrosa costumbre de ignorar a los poderes legislativo y judicial, y de actuar como un espect\u00e1culo unipersonal. El presidente ha estirado los l\u00edmites del poder ejecutivo para gobernar unilateralmente, y esta tendencia acarrea graves consecuencias para nuestro pa\u00eds.<\/p>\n<p>La semana pasada, Biden anunci\u00f3 que &#8220;cancelar\u00eda&#8221; los pr\u00e9stamos estudiantiles de millones de prestatarios. La deuda no puede borrarse con una varita m\u00e1gica. Cada d\u00f3lar ser\u00e1 pagado por alguien. Biden acaba de trasladar la carga de las personas ricas con estudios universitarios a los contribuyentes que nunca pidieron pr\u00e9stamos estudiantiles y a los licenciados que devolvieron lo que pidieron prestado. Esta decisi\u00f3n costar\u00e1 a los contribuyentes estadounidenses aproximadamente medio bill\u00f3n de d\u00f3lares, todo ello para enjugar una deuda que millones de personas asumieron voluntariamente. Las familias est\u00e1n bajo el agua debido a la inflaci\u00f3n, y destacados funcionarios de la administraci\u00f3n Obama reconocen que esto har\u00e1 subir los precios.<\/p>\n<p>Luego est\u00e1n las acciones ejecutivas de Biden en materia de energ\u00eda. Hizo campa\u00f1a con la promesa de una &#8220;transici\u00f3n&#8221; de los combustibles f\u00f3siles e hizo de las pol\u00edticas contra el petr\u00f3leo y el gas una prioridad desde el primer d\u00eda. El d\u00eda de la toma de posesi\u00f3n, Biden cancel\u00f3 el permiso del oleoducto Keystone XL y paraliz\u00f3 los arrendamientos de petr\u00f3leo y gas en tierras y aguas federales. Estas decisiones ponen en peligro nuestra futura seguridad energ\u00e9tica. Los productores de petr\u00f3leo y gas no pueden aumentar la producci\u00f3n por arte de magia de la noche a la ma\u00f1ana.<\/p>\n<p>Hoy, los tejanos est\u00e1n agobiados por los altos precios del gas, producto de la guerra de Rusia contra Ucrania, el auge de los viajes tras la pandemia y las pol\u00edticas de la Administraci\u00f3n. Ha llegado el momento de analizar detenidamente nuestra seguridad energ\u00e9tica y planificar nuestras necesidades a largo plazo. La administraci\u00f3n Biden se niega a hacerlo.<\/p>\n<p>Y no olvidemos la crisis fronteriza. El a\u00f1o pasado, el Servicio de Aduanas y Protecci\u00f3n de Fronteras de Estados Unidos registr\u00f3 m\u00e1s de 2,3 millones de cruces ilegales de fronteras. Los agentes de la Patrulla Fronteriza est\u00e1n muy dispersos y abrumados por la magnitud del trabajo.<\/p>\n<p>Las acciones de la administraci\u00f3n Biden crearon esta crisis, y si no fuera por los tribunales federales, los problemas ser\u00edan peores. En abril, la administraci\u00f3n anunci\u00f3 que pondr\u00eda fin al T\u00edtulo 42, una de las pocas herramientas que imped\u00edan un caos a\u00fan mayor en la frontera. Casi la mitad de los migrantes que cruzaron ilegalmente la frontera sur el a\u00f1o pasado fueron devueltos en virtud del T\u00edtulo 42. Sin esta autoridad, las fuerzas del orden y nuestro sistema de inmigraci\u00f3n se hundir\u00edan bajo el peso de esta crisis. Afortunadamente, los tribunales federales bloquearon el desastroso plan de la administraci\u00f3n.<\/p>\n<p>La administraci\u00f3n Biden ha intentado impedir que los estados reasignen los fondos de ayuda COVID para ofrecer recortes fiscales a las familias trabajadoras. Incluso puso en marcha una pol\u00edtica para disuadir a los agentes del Servicio de Inmigraci\u00f3n y Control de Aduanas de aplicar la ley.<\/p>\n<p>La extralimitaci\u00f3n ejecutiva acarrea consecuencias a largo plazo, y uno de los mejores ejemplos procede del ex Presidente Barack Obama. En numerosas ocasiones, Obama reconoci\u00f3 que carec\u00eda de autoridad para aplicar reformas migratorias de forma unilateral. En 2010 dijo: &#8220;No soy el rey. No puedo hacer estas cosas yo solo&#8221;.<\/p>\n<p>Dos a\u00f1os despu\u00e9s, Obama lo intent\u00f3 de todos modos. En lugar de trabajar con el Congreso para llegar a un consenso y convertirlo en ley, emiti\u00f3 una orden ejecutiva para establecer el programa de Acci\u00f3n Diferida para los Llegados en la Infancia, que proporcionaba un estatus legal a los ni\u00f1os inmigrantes indocumentados. Aunque dio al ex presidente una &#8220;victoria&#8221; a corto plazo, esta acci\u00f3n desencaden\u00f3 una oleada de miedo e incertidumbre para estos j\u00f3venes, que todav\u00eda -m\u00e1s de una d\u00e9cada despu\u00e9s- se preguntan si les revocar\u00e1n sus autorizaciones de trabajo o si ser\u00e1n deportados del \u00fanico hogar que han conocido.<\/p>\n<p>Cuando un presidente gobierna como un rey, sobreviene la inestabilidad. Y no hay duda de que la administraci\u00f3n Biden ha puesto a nuestro pa\u00eds en terreno inestable.<\/p>\n<p>El uso excesivamente entusiasta que hace Biden de la autoridad ejecutiva no es el sistema que imaginaron nuestros fundadores, y desde luego no est\u00e1 mejorando la vida de los tejanos. Los problemas a los que se enfrenta nuestro pa\u00eds exigen que los cargos electos -incluido el presidente- trabajen juntos, negocien y lleguen a un consenso.<\/p>\n<p>Es mucho m\u00e1s dif\u00edcil que firmar una orden ejecutiva, pero merece la pena.<\/p>\n\t\t\t\t\t\t\t\t<\/div>\n\t\t\t\t<\/div>\n\t\t\t\t\t<\/div>\n\t\t<\/div>\n\t\t\t\t\t<\/div>\n\t\t<\/section>\n\t\t\t\t\t<\/div>\n\t\t<\/div>\n\t\t\t\t\t<\/div>\n\t\t<\/section>\n\t\t\t\t<\/div>\n\t\t","protected":false},"author":2,"template":"","news-type":[161],"issues":[185],"class_list":["post-32635","news","type-news","status-publish","hentry","news-type-press-releases-es-mx","issues-open-government-es-mx"],"acf":[],"yoast_head":"<!-- This site is optimized with the Yoast SEO plugin v27.2 - https:\/\/yoast.com\/product\/yoast-seo-wordpress\/ -->\n<title>Art\u00edculo de opini\u00f3n de Cornyn: Gobernando como un rey, Biden perjudica a los estadounidenses - Senator Cornyn<\/title>\n<meta name=\"robots\" content=\"index, follow, max-snippet:-1, max-image-preview:large, max-video-preview:-1\" \/>\n<link rel=\"canonical\" href=\"https:\/\/www.cornyn.senate.gov\/es-mx\/news\/articulo-de-opinion-de-cornyn-gobernando-como-un-rey-biden-perjudica-a-los-estadounidenses\/\" \/>\n<meta property=\"og:locale\" content=\"es_MX\" \/>\n<meta property=\"og:type\" content=\"article\" \/>\n<meta property=\"og:title\" content=\"Art\u00edculo de opini\u00f3n de Cornyn: Gobernando como un rey, Biden perjudica a los estadounidenses - Senator Cornyn\" \/>\n<meta property=\"og:description\" content=\"Noticias El presidente ha estirado los l\u00edmites del poder ejecutivo para gobernar unilateralmente, y esta tendencia acarrea graves consecuencias para nuestro pa\u00eds. Cuando un presidente gobierna como un rey, sobreviene la inestabilidad. Y no hay duda de que la administraci\u00f3n Biden ha puesto a nuestro pa\u00eds en terreno inestable. WASHINGTON-Tras el irresponsable anuncio del presidente [&hellip;]\" \/>\n<meta property=\"og:url\" content=\"https:\/\/www.cornyn.senate.gov\/es-mx\/news\/articulo-de-opinion-de-cornyn-gobernando-como-un-rey-biden-perjudica-a-los-estadounidenses\/\" \/>\n<meta property=\"og:site_name\" content=\"Senator Cornyn\" \/>\n<meta property=\"article:publisher\" content=\"https:\/\/www.facebook.com\/SenJohnCornyn\" \/>\n<meta property=\"article:modified_time\" content=\"2023-01-09T17:16:50+00:00\" \/>\n<meta property=\"og:image\" content=\"https:\/\/www.cornyn.senate.gov\/wp-content\/uploads\/2023\/11\/Twitter-Card-Dec-23-1024x535.png\" \/>\n\t<meta property=\"og:image:width\" content=\"1024\" \/>\n\t<meta property=\"og:image:height\" content=\"535\" \/>\n\t<meta property=\"og:image:type\" content=\"image\/png\" \/>\n<meta name=\"twitter:card\" content=\"summary_large_image\" \/>\n<meta name=\"twitter:site\" content=\"@johncornyn\" \/>\n<meta name=\"twitter:label1\" content=\"Est. reading time\" \/>\n\t<meta name=\"twitter:data1\" content=\"5 minutes\" \/>\n<script type=\"application\/ld+json\" class=\"yoast-schema-graph\">{\"@context\":\"https:\/\/schema.org\",\"@graph\":[{\"@type\":\"WebPage\",\"@id\":\"https:\/\/www.cornyn.senate.gov\/es-mx\/news\/articulo-de-opinion-de-cornyn-gobernando-como-un-rey-biden-perjudica-a-los-estadounidenses\/\",\"url\":\"https:\/\/www.cornyn.senate.gov\/es-mx\/news\/articulo-de-opinion-de-cornyn-gobernando-como-un-rey-biden-perjudica-a-los-estadounidenses\/\",\"name\":\"Art\u00edculo de opini\u00f3n de Cornyn: Gobernando como un rey, Biden perjudica a los estadounidenses - Senator Cornyn\",\"isPartOf\":{\"@id\":\"https:\/\/www.cornyn.senate.gov\/es-mx\/#website\"},\"datePublished\":\"2022-08-29T18:50:00+00:00\",\"dateModified\":\"2023-01-09T17:16:50+00:00\",\"breadcrumb\":{\"@id\":\"https:\/\/www.cornyn.senate.gov\/es-mx\/news\/articulo-de-opinion-de-cornyn-gobernando-como-un-rey-biden-perjudica-a-los-estadounidenses\/#breadcrumb\"},\"inLanguage\":\"es-MX\",\"potentialAction\":[{\"@type\":\"ReadAction\",\"target\":[\"https:\/\/www.cornyn.senate.gov\/es-mx\/news\/articulo-de-opinion-de-cornyn-gobernando-como-un-rey-biden-perjudica-a-los-estadounidenses\/\"]}]},{\"@type\":\"BreadcrumbList\",\"@id\":\"https:\/\/www.cornyn.senate.gov\/es-mx\/news\/articulo-de-opinion-de-cornyn-gobernando-como-un-rey-biden-perjudica-a-los-estadounidenses\/#breadcrumb\",\"itemListElement\":[{\"@type\":\"ListItem\",\"position\":1,\"name\":\"Home\",\"item\":\"https:\/\/www.cornyn.senate.gov\/es-mx\/\"},{\"@type\":\"ListItem\",\"position\":2,\"name\":\"News\",\"item\":\"https:\/\/www.cornyn.senate.gov\/es-mx\/news\/\"},{\"@type\":\"ListItem\",\"position\":3,\"name\":\"Art\u00edculo de opini\u00f3n de Cornyn: Gobernando como un rey, Biden perjudica a los estadounidenses\"}]},{\"@type\":\"WebSite\",\"@id\":\"https:\/\/www.cornyn.senate.gov\/es-mx\/#website\",\"url\":\"https:\/\/www.cornyn.senate.gov\/es-mx\/\",\"name\":\"Senator Cornyn\",\"description\":\"\",\"publisher\":{\"@id\":\"https:\/\/www.cornyn.senate.gov\/es-mx\/#organization\"},\"potentialAction\":[{\"@type\":\"SearchAction\",\"target\":{\"@type\":\"EntryPoint\",\"urlTemplate\":\"https:\/\/www.cornyn.senate.gov\/es-mx\/?s={search_term_string}\"},\"query-input\":{\"@type\":\"PropertyValueSpecification\",\"valueRequired\":true,\"valueName\":\"search_term_string\"}}],\"inLanguage\":\"es-MX\"},{\"@type\":\"Organization\",\"@id\":\"https:\/\/www.cornyn.senate.gov\/es-mx\/#organization\",\"name\":\"Senator Cornyn\",\"url\":\"https:\/\/www.cornyn.senate.gov\/es-mx\/\",\"logo\":{\"@type\":\"ImageObject\",\"inLanguage\":\"es-MX\",\"@id\":\"https:\/\/www.cornyn.senate.gov\/es-mx\/#\/schema\/logo\/image\/\",\"url\":\"https:\/\/www.cornyn.senate.gov\/wp-content\/uploads\/2022\/01\/Logo-2.svg\",\"contentUrl\":\"https:\/\/www.cornyn.senate.gov\/wp-content\/uploads\/2022\/01\/Logo-2.svg\",\"caption\":\"Senator Cornyn\"},\"image\":{\"@id\":\"https:\/\/www.cornyn.senate.gov\/es-mx\/#\/schema\/logo\/image\/\"},\"sameAs\":[\"https:\/\/www.facebook.com\/SenJohnCornyn\",\"https:\/\/x.com\/johncornyn\"]}]}<\/script>\n<!-- \/ Yoast SEO plugin. -->","yoast_head_json":{"title":"Art\u00edculo de opini\u00f3n de Cornyn: Gobernando como un rey, Biden perjudica a los estadounidenses - Senator Cornyn","robots":{"index":"index","follow":"follow","max-snippet":"max-snippet:-1","max-image-preview":"max-image-preview:large","max-video-preview":"max-video-preview:-1"},"canonical":"https:\/\/www.cornyn.senate.gov\/es-mx\/news\/articulo-de-opinion-de-cornyn-gobernando-como-un-rey-biden-perjudica-a-los-estadounidenses\/","og_locale":"es_MX","og_type":"article","og_title":"Art\u00edculo de opini\u00f3n de Cornyn: Gobernando como un rey, Biden perjudica a los estadounidenses - Senator Cornyn","og_description":"Noticias El presidente ha estirado los l\u00edmites del poder ejecutivo para gobernar unilateralmente, y esta tendencia acarrea graves consecuencias para nuestro pa\u00eds. Cuando un presidente gobierna como un rey, sobreviene la inestabilidad. Y no hay duda de que la administraci\u00f3n Biden ha puesto a nuestro pa\u00eds en terreno inestable. WASHINGTON-Tras el irresponsable anuncio del presidente [&hellip;]","og_url":"https:\/\/www.cornyn.senate.gov\/es-mx\/news\/articulo-de-opinion-de-cornyn-gobernando-como-un-rey-biden-perjudica-a-los-estadounidenses\/","og_site_name":"Senator Cornyn","article_publisher":"https:\/\/www.facebook.com\/SenJohnCornyn","article_modified_time":"2023-01-09T17:16:50+00:00","og_image":[{"width":1024,"height":535,"url":"https:\/\/www.cornyn.senate.gov\/wp-content\/uploads\/2023\/11\/Twitter-Card-Dec-23-1024x535.png","type":"image\/png"}],"twitter_card":"summary_large_image","twitter_site":"@johncornyn","twitter_misc":{"Est. reading time":"5 minutes"},"schema":{"@context":"https:\/\/schema.org","@graph":[{"@type":"WebPage","@id":"https:\/\/www.cornyn.senate.gov\/es-mx\/news\/articulo-de-opinion-de-cornyn-gobernando-como-un-rey-biden-perjudica-a-los-estadounidenses\/","url":"https:\/\/www.cornyn.senate.gov\/es-mx\/news\/articulo-de-opinion-de-cornyn-gobernando-como-un-rey-biden-perjudica-a-los-estadounidenses\/","name":"Art\u00edculo de opini\u00f3n de Cornyn: Gobernando como un rey, Biden perjudica a los estadounidenses - Senator Cornyn","isPartOf":{"@id":"https:\/\/www.cornyn.senate.gov\/es-mx\/#website"},"datePublished":"2022-08-29T18:50:00+00:00","dateModified":"2023-01-09T17:16:50+00:00","breadcrumb":{"@id":"https:\/\/www.cornyn.senate.gov\/es-mx\/news\/articulo-de-opinion-de-cornyn-gobernando-como-un-rey-biden-perjudica-a-los-estadounidenses\/#breadcrumb"},"inLanguage":"es-MX","potentialAction":[{"@type":"ReadAction","target":["https:\/\/www.cornyn.senate.gov\/es-mx\/news\/articulo-de-opinion-de-cornyn-gobernando-como-un-rey-biden-perjudica-a-los-estadounidenses\/"]}]},{"@type":"BreadcrumbList","@id":"https:\/\/www.cornyn.senate.gov\/es-mx\/news\/articulo-de-opinion-de-cornyn-gobernando-como-un-rey-biden-perjudica-a-los-estadounidenses\/#breadcrumb","itemListElement":[{"@type":"ListItem","position":1,"name":"Home","item":"https:\/\/www.cornyn.senate.gov\/es-mx\/"},{"@type":"ListItem","position":2,"name":"News","item":"https:\/\/www.cornyn.senate.gov\/es-mx\/news\/"},{"@type":"ListItem","position":3,"name":"Art\u00edculo de opini\u00f3n de Cornyn: Gobernando como un rey, Biden perjudica a los estadounidenses"}]},{"@type":"WebSite","@id":"https:\/\/www.cornyn.senate.gov\/es-mx\/#website","url":"https:\/\/www.cornyn.senate.gov\/es-mx\/","name":"Senator Cornyn","description":"","publisher":{"@id":"https:\/\/www.cornyn.senate.gov\/es-mx\/#organization"},"potentialAction":[{"@type":"SearchAction","target":{"@type":"EntryPoint","urlTemplate":"https:\/\/www.cornyn.senate.gov\/es-mx\/?s={search_term_string}"},"query-input":{"@type":"PropertyValueSpecification","valueRequired":true,"valueName":"search_term_string"}}],"inLanguage":"es-MX"},{"@type":"Organization","@id":"https:\/\/www.cornyn.senate.gov\/es-mx\/#organization","name":"Senator Cornyn","url":"https:\/\/www.cornyn.senate.gov\/es-mx\/","logo":{"@type":"ImageObject","inLanguage":"es-MX","@id":"https:\/\/www.cornyn.senate.gov\/es-mx\/#\/schema\/logo\/image\/","url":"https:\/\/www.cornyn.senate.gov\/wp-content\/uploads\/2022\/01\/Logo-2.svg","contentUrl":"https:\/\/www.cornyn.senate.gov\/wp-content\/uploads\/2022\/01\/Logo-2.svg","caption":"Senator Cornyn"},"image":{"@id":"https:\/\/www.cornyn.senate.gov\/es-mx\/#\/schema\/logo\/image\/"},"sameAs":["https:\/\/www.facebook.com\/SenJohnCornyn","https:\/\/x.com\/johncornyn"]}]}},"_links":{"self":[{"href":"https:\/\/www.cornyn.senate.gov\/es-mx\/wp-json\/wp\/v2\/news\/32635","targetHints":{"allow":["GET"]}}],"collection":[{"href":"https:\/\/www.cornyn.senate.gov\/es-mx\/wp-json\/wp\/v2\/news"}],"about":[{"href":"https:\/\/www.cornyn.senate.gov\/es-mx\/wp-json\/wp\/v2\/types\/news"}],"author":[{"embeddable":true,"href":"https:\/\/www.cornyn.senate.gov\/es-mx\/wp-json\/wp\/v2\/users\/2"}],"version-history":[{"count":1,"href":"https:\/\/www.cornyn.senate.gov\/es-mx\/wp-json\/wp\/v2\/news\/32635\/revisions"}],"predecessor-version":[{"id":32637,"href":"https:\/\/www.cornyn.senate.gov\/es-mx\/wp-json\/wp\/v2\/news\/32635\/revisions\/32637"}],"wp:attachment":[{"href":"https:\/\/www.cornyn.senate.gov\/es-mx\/wp-json\/wp\/v2\/media?parent=32635"}],"wp:term":[{"taxonomy":"news-type","embeddable":true,"href":"https:\/\/www.cornyn.senate.gov\/es-mx\/wp-json\/wp\/v2\/news-type?post=32635"},{"taxonomy":"issues","embeddable":true,"href":"https:\/\/www.cornyn.senate.gov\/es-mx\/wp-json\/wp\/v2\/issues?post=32635"}],"curies":[{"name":"wp","href":"https:\/\/api.w.org\/{rel}","templated":true}]}}