{"id":32687,"date":"2022-07-26T14:56:28","date_gmt":"2022-07-26T18:56:28","guid":{"rendered":"https:\/\/www.cornyn.senate.gov\/news\/cornyn-y-sus-colegas-de-texas-presionan-a-biden-para-que-detenga-el-cierre-de-los-centros-de-detencion-privados-del-sur-de-texas\/"},"modified":"2023-01-09T12:20:25","modified_gmt":"2023-01-09T17:20:25","slug":"cornyn-y-sus-colegas-de-texas-presionan-a-biden-para-que-detenga-el-cierre-de-los-centros-de-detencion-privados-del-sur-de-texas","status":"publish","type":"news","link":"https:\/\/www.cornyn.senate.gov\/es-mx\/news\/cornyn-y-sus-colegas-de-texas-presionan-a-biden-para-que-detenga-el-cierre-de-los-centros-de-detencion-privados-del-sur-de-texas\/","title":{"rendered":"Cornyn y sus colegas de Texas presionan a Biden para que detenga el cierre de los centros de detenci\u00f3n privados del sur de Texas"},"content":{"rendered":"\t\t<div data-elementor-type=\"wp-post\" data-elementor-id=\"32687\" class=\"elementor elementor-32687 elementor-17259\" data-elementor-post-type=\"news\">\n\t\t\t\t\t\t<section class=\"elementor-section elementor-top-section elementor-element elementor-element-76d4fabc elementor-section-boxed elementor-section-height-default elementor-section-height-default\" data-id=\"76d4fabc\" data-element_type=\"section\" data-e-type=\"section\">\n\t\t\t\t\t\t<div class=\"elementor-container elementor-column-gap-default\">\n\t\t\t\t\t<div class=\"elementor-column elementor-col-100 elementor-top-column elementor-element elementor-element-4b974118\" data-id=\"4b974118\" data-element_type=\"column\" data-e-type=\"column\">\n\t\t\t<div class=\"elementor-widget-wrap elementor-element-populated\">\n\t\t\t\t\t\t<section class=\"elementor-section elementor-inner-section elementor-element elementor-element-f53503c elementor-section-boxed elementor-section-height-default elementor-section-height-default\" data-id=\"f53503c\" data-element_type=\"section\" data-e-type=\"section\">\n\t\t\t\t\t\t<div class=\"elementor-container elementor-column-gap-default\">\n\t\t\t\t\t<div class=\"elementor-column elementor-col-50 elementor-inner-column elementor-element elementor-element-1b9fd96\" data-id=\"1b9fd96\" data-element_type=\"column\" data-e-type=\"column\">\n\t\t\t<div class=\"elementor-widget-wrap elementor-element-populated\">\n\t\t\t\t\t\t<div class=\"elementor-element elementor-element-4daccd3e breadcrumb--back elementor-widget elementor-widget-button\" data-id=\"4daccd3e\" data-element_type=\"widget\" data-e-type=\"widget\" data-widget_type=\"button.default\">\n\t\t\t\t<div class=\"elementor-widget-container\">\n\t\t\t\t\t\t\t\t\t<div class=\"elementor-button-wrapper\">\n\t\t\t\t\t<a class=\"elementor-button elementor-button-link elementor-size-sm\" href=\"\/noticias\/\">\n\t\t\t\t\t\t<span class=\"elementor-button-content-wrapper\">\n\t\t\t\t\t\t<span class=\"elementor-button-icon\">\n\t\t\t\t<i aria-hidden=\"true\" class=\"icon icon-arrow-left\"><\/i>\t\t\t<\/span>\n\t\t\t\t\t\t\t\t\t<span class=\"elementor-button-text\">Noticias<\/span>\n\t\t\t\t\t<\/span>\n\t\t\t\t\t<\/a>\n\t\t\t\t<\/div>\n\t\t\t\t\t\t\t\t<\/div>\n\t\t\t\t<\/div>\n\t\t\t\t\t<\/div>\n\t\t<\/div>\n\t\t\t\t<div class=\"elementor-column elementor-col-50 elementor-inner-column elementor-element elementor-element-1099c0dc content-page__content\" data-id=\"1099c0dc\" data-element_type=\"column\" data-e-type=\"column\">\n\t\t\t<div class=\"elementor-widget-wrap elementor-element-populated\">\n\t\t\t\t\t\t<div class=\"elementor-element elementor-element-792b8840 elementor-widget elementor-widget-theme-post-title elementor-page-title elementor-widget-heading\" data-id=\"792b8840\" data-element_type=\"widget\" data-e-type=\"widget\" data-widget_type=\"theme-post-title.default\">\n\t\t\t\t<div class=\"elementor-widget-container\">\n\t\t\t\t\t<h1 class=\"elementor-heading-title elementor-size-default\">Cornyn y sus colegas de Texas presionan a Biden para que detenga el cierre de los centros de detenci\u00f3n privados del sur de Texas<\/h1>\t\t\t\t<\/div>\n\t\t\t\t<\/div>\n\t\t\t\t<div class=\"elementor-element elementor-element-3ab6a5e5 elementor-widget-divider--view-line elementor-widget elementor-widget-divider\" data-id=\"3ab6a5e5\" data-element_type=\"widget\" data-e-type=\"widget\" data-widget_type=\"divider.default\">\n\t\t\t\t<div class=\"elementor-widget-container\">\n\t\t\t\t\t\t\t<div class=\"elementor-divider\">\n\t\t\t<span class=\"elementor-divider-separator\">\n\t\t\t\t\t\t<\/span>\n\t\t<\/div>\n\t\t\t\t\t\t<\/div>\n\t\t\t\t<\/div>\n\t\t\t\t<div class=\"elementor-element elementor-element-2d7720a7 elementor-widget__width-initial elementor-widget-mobile__width-inherit elementor-widget elementor-widget-text-editor\" data-id=\"2d7720a7\" data-element_type=\"widget\" data-e-type=\"widget\" data-widget_type=\"text-editor.default\">\n\t\t\t\t<div class=\"elementor-widget-container\">\n\t\t\t\t\t\t\t\t\tJuly 26, 2022\t\t\t\t\t\t\t\t<\/div>\n\t\t\t\t<\/div>\n\t\t\t\t<div class=\"elementor-element elementor-element-35f0c87b elementor-share-buttons--view-icon elementor-share-buttons--skin-flat elementor-share-buttons--shape-circle elementor-share-buttons--color-custom share-buttons elementor-widget__width-initial elementor-widget-mobile__width-inherit elementor-grid-0 elementor-widget elementor-widget-share-buttons\" data-id=\"35f0c87b\" data-element_type=\"widget\" data-e-type=\"widget\" title=\"Share\" data-widget_type=\"share-buttons.default\">\n\t\t\t\t<div class=\"elementor-widget-container\">\n\t\t\t\t\t\t\t<div class=\"elementor-grid\" role=\"list\">\n\t\t\t\t\t\t\t\t<div class=\"elementor-grid-item\" role=\"listitem\">\n\t\t\t\t\t\t<div class=\"elementor-share-btn elementor-share-btn_email\" role=\"button\" tabindex=\"0\" aria-label=\"Share on email\">\n\t\t\t\t\t\t\t\t\t\t\t\t\t\t\t<span class=\"elementor-share-btn__icon\">\n\t\t\t\t\t\t\t\t<i class=\"fas fa-envelope\" aria-hidden=\"true\"><\/i>\t\t\t\t\t\t\t<\/span>\n\t\t\t\t\t\t\t\t\t\t\t\t\t\t\t\t\t\t\t\t<\/div>\n\t\t\t\t\t<\/div>\n\t\t\t\t\t\t\t\t\t<div class=\"elementor-grid-item\" role=\"listitem\">\n\t\t\t\t\t\t<div class=\"elementor-share-btn elementor-share-btn_linkedin\" role=\"button\" tabindex=\"0\" aria-label=\"Share on linkedin\">\n\t\t\t\t\t\t\t\t\t\t\t\t\t\t\t<span class=\"elementor-share-btn__icon\">\n\t\t\t\t\t\t\t\t<i class=\"fab fa-linkedin\" aria-hidden=\"true\"><\/i>\t\t\t\t\t\t\t<\/span>\n\t\t\t\t\t\t\t\t\t\t\t\t\t\t\t\t\t\t\t\t<\/div>\n\t\t\t\t\t<\/div>\n\t\t\t\t\t\t\t\t\t<div class=\"elementor-grid-item\" role=\"listitem\">\n\t\t\t\t\t\t<div class=\"elementor-share-btn elementor-share-btn_facebook\" role=\"button\" tabindex=\"0\" aria-label=\"Share on facebook\">\n\t\t\t\t\t\t\t\t\t\t\t\t\t\t\t<span class=\"elementor-share-btn__icon\">\n\t\t\t\t\t\t\t\t<i class=\"fab fa-facebook\" aria-hidden=\"true\"><\/i>\t\t\t\t\t\t\t<\/span>\n\t\t\t\t\t\t\t\t\t\t\t\t\t\t\t\t\t\t\t\t<\/div>\n\t\t\t\t\t<\/div>\n\t\t\t\t\t\t<\/div>\n\t\t\t\t\t\t<\/div>\n\t\t\t\t<\/div>\n\t\t\t\t<div class=\"elementor-element elementor-element-408a7e32 elementor-blockquote--skin-boxed elementor-widget elementor-widget-blockquote\" data-id=\"408a7e32\" data-element_type=\"widget\" data-e-type=\"widget\" data-widget_type=\"blockquote.default\">\n\t\t\t\t<div class=\"elementor-widget-container\">\n\t\t\t\t\t\t\t<blockquote class=\"elementor-blockquote\">\n\t\t\t<p class=\"elementor-blockquote__content\">\n\t\t\t\t  La Orden Ejecutiva ha creado numerosas consecuencias imprevistas, que han afectado principalmente a los derechos constitucionales y a la seguridad f\u00edsica de los detenidos en prisi\u00f3n preventiva.\n\t\t\t<\/p>\n\t\t\t\t\t<\/blockquote>\n\t\t\t\t\t\t<\/div>\n\t\t\t\t<\/div>\n\t\t\t\t<div class=\"elementor-element elementor-element-3a88804 elementor-widget elementor-widget-text-editor\" data-id=\"3a88804\" data-element_type=\"widget\" data-e-type=\"widget\" data-widget_type=\"text-editor.default\">\n\t\t\t\t<div class=\"elementor-widget-container\">\n\t\t\t\t\t\t\t\t\t<p><strong>WASHINGTON<\/strong>  &#8211; Hoy, los senadores John Cornyn (R-TX) y Ted Cruz (R-TX) y los representantes Henry Cuellar (TX-28), Vicente Gonz\u00e1lez (TX-15) y Sheila Jackson Lee (TX-18) enviaron una carta al fiscal general Merrick Garland y a la directora del Consejo de Pol\u00edtica Interior de la Casa Blanca, Susan Rice, solicitando una exenci\u00f3n permanente para el centro de detenci\u00f3n regional del condado de Willacy en Raymondville, Texas y el centro de detenci\u00f3n de R\u00edo Grande en Laredo, Texas.<\/p>\n<p><em>&#8220;Como se\u00f1al\u00f3 la jueza Rosenthal en su carta del 7 de julio de 2022, la orden ejecutiva ha creado numerosas consecuencias imprevistas, que han afectado principalmente a los derechos constitucionales y a la seguridad f\u00edsica de los detenidos en prisi\u00f3n preventiva. Como resultado de la Orden Ejecutiva, los detenidos ahora deben viajar entre 160 y 240 millas ida y vuelta para comparecer ante el tribunal. Esto ha provocado largos periodos de confinamiento en espacios abarrotados, con grilletes durante todo el d\u00eda, para cientos de detenidos en prisi\u00f3n preventiva.&#8221;<\/em><\/p>\n<p><em>&#8220;El impacto de la Orden Ejecutiva afectar\u00e1 a cientos de puestos de trabajo y perjudicar\u00e1 a las econom\u00edas locales. El cierre del Centro de Detenci\u00f3n Regional del Condado de Willacy caus\u00f3 que cientos de empleados perdieran sus medios de vida, dejando a las familias sin una fuente estable de ingresos durante un per\u00edodo de gran incertidumbre econ\u00f3mica. Ahora, los esforzados funcionarios de prisiones y empleados del Centro de Detenci\u00f3n de R\u00edo Grande y sus familias pronto se enfrentar\u00e1n a las mismas sombr\u00edas circunstancias.&#8221;<\/em><\/p>\n<p><em>&#8220;La excepci\u00f3n solicitada no carece de precedentes. Tanto el Northeast Ohio Correctional Center en Youngstown, Ohio, como el Western Region Detention Facility en San Diego, California, recibieron exenciones de la Orden Ejecutiva. Los detenidos en el Valle del R\u00edo Grande enfrentan circunstancias similares a las que enfrentan los detenidos en Ohio y California. Compartimos la esperanza de que la Administraci\u00f3n extienda la misma exenci\u00f3n a nuestros centros de detenci\u00f3n del sur de Texas&#8221;.<\/em><\/p>\n<p><u>Antecedentes: <\/u><\/p>\n<p>En enero de 2021, la Administraci\u00f3n Biden emiti\u00f3 una Orden Ejecutiva que ordenaba al Fiscal General no renovar los contratos del Departamento de Justicia con centros de detenci\u00f3n de propiedad privada, lo que ha causado problemas econ\u00f3micos y administrativos a las comunidades y sistemas judiciales del sur de Texas.<\/p>\n<p>El texto completo de la carta puede consultarse a continuaci\u00f3n y <a href=\"https:\/\/www.cornyn.senate.gov\/wp-content\/uploads\/2022\/07\/AG-Garland-Director-Rice-Letter-for-South-Texas-Carve-Out-Final.pdf\">aqu\u00ed<\/a>.<\/p>\n<\/p>\n<p style=\"text-align: center;\">26 de julio de 2022<\/p>\n<p>El Honorable Merrick B. Garland<\/p>\n<p>Departamento de Justicia de EE.UU.<\/p>\n<p>950 Pennsylvania Avenue, NW<\/p>\n<p>Washington, D.C. 20530<\/p>\n<\/p>\n<p>La Honorable Susan Rice<\/p>\n<p>Director del Consejo de Pol\u00edtica Interior<\/p>\n<p>La Casa Blanca<\/p>\n<p>1600 Pennsylvania Avenue, NW<\/p>\n<p>Washington, D.C. 20500<\/p>\n<\/p>\n<p>Estimado Fiscal General Garland y Directora Susan Rice:<\/p>\n<p>Los abajo firmantes escribimos en referencia a la Orden Ejecutiva 14006, titulada &#8220;Reforma de nuestro sistema de encarcelamiento para eliminar el uso de centros privados de detenci\u00f3n de delincuentes&#8221; (&#8220;Orden Ejecutiva&#8221;). Nos preocupa el impacto de la Orden Ejecutiva sobre los derechos constitucionales de los acusados, la seguridad p\u00fablica, la administraci\u00f3n de justicia y los puestos de trabajo de cientos de tejanos. Por lo tanto, solicitamos respetuosamente una exenci\u00f3n permanente de la Orden Ejecutiva tanto para el centro de detenci\u00f3n regional del condado de Willacy en Raymondville, Texas, como para el centro de detenci\u00f3n de R\u00edo Grande en Laredo, Texas.  <\/p>\n<p>Todos hemos proporcionado cartas y comentarios a la Administraci\u00f3n sobre este tema desde que el centro de detenci\u00f3n regional del condado de Willacy cerr\u00f3 el 31 de marzo de 2022. Como se\u00f1al\u00f3 la Jueza Presidenta Rosenthal en su carta de 7 de julio de 2022, la Orden Ejecutiva ha creado numerosas consecuencias imprevistas, que han afectado principalmente a los derechos constitucionales y a la seguridad f\u00edsica de los detenidos en prisi\u00f3n preventiva. Como consecuencia de la Orden Ejecutiva, los detenidos deben viajar ahora entre 160 y 240 millas ida y vuelta para comparecer ante los tribunales. Esto ha provocado largos periodos de confinamiento en espacios abarrotados, con grilletes durante todo el d\u00eda, para cientos de detenidos en prisi\u00f3n preventiva. La orden ejecutiva tambi\u00e9n ha retrasado las comparecencias ante los tribunales, ha prohibido las comparecencias familiares y ha impedido el acceso de los detenidos en prisi\u00f3n preventiva a la asistencia letrada. Como dijo el juez presidente Rosenthal, &#8220;[e]l sistema depende de que estos detenidos tengan un acceso r\u00e1pido a un abogado, seguido de comparecencias r\u00e1pidas ante el tribunal y audiencias de alegaciones y sentencias.&#8221;  <\/p>\n<p>Todos estos problemas se agravar\u00e1n si la administraci\u00f3n cierra el Centro de Detenci\u00f3n de R\u00edo Grande. De hecho, si esta ubicaci\u00f3n cierra como est\u00e1 previsto en octubre de 2023, 1.600 detenidos sufrir\u00e1n las consecuencias. Sin embargo, los efectos sufridos por estos presos preventivos repercutir\u00e1n en otras partes del sur de Texas. De hecho, el desplazamiento de los presos preventivos tanto del centro de detenci\u00f3n regional del condado de Willacy como del centro de detenci\u00f3n de R\u00edo Grande supone una carga no s\u00f3lo para los presos preventivos, los jueces y los abogados del distrito sur de Texas, sino tambi\u00e9n para los centros de los alrededores que se ven obligados a acoger a los presos preventivos. Colocar a los detenidos en prisi\u00f3n preventiva en instalaciones superpobladas, alojar a los testigos colaboradores con los acusados condenados o confiar en peque\u00f1as c\u00e1rceles locales superpobladas no es la soluci\u00f3n.  <\/p>\n<p>Adem\u00e1s, el impacto de la Orden Ejecutiva afectar\u00e1 a cientos de puestos de trabajo y perjudicar\u00e1 a las econom\u00edas locales. El cierre del centro de detenci\u00f3n regional del condado de Willacy provoc\u00f3 que cientos de empleados perdieran su medio de vida, dejando a las familias sin una fuente estable de ingresos durante un periodo de gran incertidumbre econ\u00f3mica. Ahora, los esforzados funcionarios y empleados del Centro de Detenci\u00f3n de R\u00edo Grande y sus familias pronto se enfrentar\u00e1n a las mismas sombr\u00edas circunstancias.  <\/p>\n<p>La excepci\u00f3n solicitada no carece de precedentes. Tanto el Northeast Ohio Correctional Center de Youngstown (Ohio) como el Western Region Detention Facility de San Diego (California) se beneficiaron de excepciones a la orden ejecutiva. Los detenidos del Valle del R\u00edo Grande se enfrentan a circunstancias similares a las de los detenidos de Ohio y California. Compartimos la esperanza de que la Administraci\u00f3n extienda la misma excepci\u00f3n a nuestros centros de detenci\u00f3n del sur de Texas.  <\/p>\n<p>Por lo tanto, los abajo firmantes nos unimos a la solicitud de las partes interesadas del sur de Texas, incluidos los jueces del Distrito Sur de Texas, el Servicio de Alguaciles, la Oficina del Fiscal de los Estados Unidos para el Distrito Sur de Texas, el Defensor P\u00fablico Federal y el Representante del Distrito del Panel de la Ley de Justicia Penal en el Distrito Sur de Texas, y respetuosamente solicitamos que la Administraci\u00f3n haga una excepci\u00f3n a la Orden Ejecutiva y permita que tanto el Centro de Detenci\u00f3n Regional del Condado de Willacy como el Centro de Detenci\u00f3n de R\u00edo Grande funcionen.  <\/p>\n<p>Esperamos con inter\u00e9s su pronta decisi\u00f3n y agradecemos la oportunidad de participar en nuevas discusiones sobre el impacto que la Orden Ejecutiva ha tenido en el Distrito Sur de Texas.  <\/p>\n<p>Saludos,<\/p>\n<p>\/s\/<\/p>\n\t\t\t\t\t\t\t\t<\/div>\n\t\t\t\t<\/div>\n\t\t\t\t\t<\/div>\n\t\t<\/div>\n\t\t\t\t\t<\/div>\n\t\t<\/section>\n\t\t\t\t\t<\/div>\n\t\t<\/div>\n\t\t\t\t\t<\/div>\n\t\t<\/section>\n\t\t\t\t<\/div>\n\t\t","protected":false},"author":2,"template":"","news-type":[161],"issues":[177],"class_list":["post-32687","news","type-news","status-publish","hentry","news-type-press-releases-es-mx","issues-crime-law-enforcement-es-mx"],"acf":[],"yoast_head":"<!-- This site is optimized with the Yoast SEO plugin v27.2 - https:\/\/yoast.com\/product\/yoast-seo-wordpress\/ -->\n<title>Cornyn y sus colegas de Texas presionan a Biden para que detenga el cierre de los centros de detenci\u00f3n privados del sur de Texas - Senator Cornyn<\/title>\n<meta name=\"robots\" content=\"index, follow, max-snippet:-1, max-image-preview:large, max-video-preview:-1\" \/>\n<link rel=\"canonical\" href=\"https:\/\/www.cornyn.senate.gov\/es-mx\/news\/cornyn-y-sus-colegas-de-texas-presionan-a-biden-para-que-detenga-el-cierre-de-los-centros-de-detencion-privados-del-sur-de-texas\/\" \/>\n<meta property=\"og:locale\" content=\"es_MX\" \/>\n<meta property=\"og:type\" content=\"article\" \/>\n<meta property=\"og:title\" content=\"Cornyn y sus colegas de Texas presionan a Biden para que detenga el cierre de los centros de detenci\u00f3n privados del sur de Texas - Senator Cornyn\" \/>\n<meta property=\"og:description\" content=\"Noticias La Orden Ejecutiva ha creado numerosas consecuencias imprevistas, que han afectado principalmente a los derechos constitucionales y a la seguridad f\u00edsica de los detenidos en prisi\u00f3n preventiva. WASHINGTON &#8211; Hoy, los senadores John Cornyn (R-TX) y Ted Cruz (R-TX) y los representantes Henry Cuellar (TX-28), Vicente Gonz\u00e1lez (TX-15) y Sheila Jackson Lee (TX-18) enviaron [&hellip;]\" \/>\n<meta property=\"og:url\" content=\"https:\/\/www.cornyn.senate.gov\/es-mx\/news\/cornyn-y-sus-colegas-de-texas-presionan-a-biden-para-que-detenga-el-cierre-de-los-centros-de-detencion-privados-del-sur-de-texas\/\" \/>\n<meta property=\"og:site_name\" content=\"Senator Cornyn\" \/>\n<meta property=\"article:publisher\" content=\"https:\/\/www.facebook.com\/SenJohnCornyn\" \/>\n<meta property=\"article:modified_time\" content=\"2023-01-09T17:20:25+00:00\" \/>\n<meta property=\"og:image\" content=\"https:\/\/www.cornyn.senate.gov\/wp-content\/uploads\/2023\/11\/Twitter-Card-Dec-23-1024x535.png\" \/>\n\t<meta property=\"og:image:width\" content=\"1024\" \/>\n\t<meta property=\"og:image:height\" content=\"535\" \/>\n\t<meta property=\"og:image:type\" content=\"image\/png\" \/>\n<meta name=\"twitter:card\" content=\"summary_large_image\" \/>\n<meta name=\"twitter:site\" content=\"@johncornyn\" \/>\n<meta name=\"twitter:label1\" content=\"Est. reading time\" \/>\n\t<meta name=\"twitter:data1\" content=\"6 minutes\" \/>\n<script type=\"application\/ld+json\" class=\"yoast-schema-graph\">{\"@context\":\"https:\/\/schema.org\",\"@graph\":[{\"@type\":\"WebPage\",\"@id\":\"https:\/\/www.cornyn.senate.gov\/es-mx\/news\/cornyn-y-sus-colegas-de-texas-presionan-a-biden-para-que-detenga-el-cierre-de-los-centros-de-detencion-privados-del-sur-de-texas\/\",\"url\":\"https:\/\/www.cornyn.senate.gov\/es-mx\/news\/cornyn-y-sus-colegas-de-texas-presionan-a-biden-para-que-detenga-el-cierre-de-los-centros-de-detencion-privados-del-sur-de-texas\/\",\"name\":\"Cornyn y sus colegas de Texas presionan a Biden para que detenga el cierre de los centros de detenci\u00f3n privados del sur de Texas - Senator Cornyn\",\"isPartOf\":{\"@id\":\"https:\/\/www.cornyn.senate.gov\/es-mx\/#website\"},\"datePublished\":\"2022-07-26T18:56:28+00:00\",\"dateModified\":\"2023-01-09T17:20:25+00:00\",\"breadcrumb\":{\"@id\":\"https:\/\/www.cornyn.senate.gov\/es-mx\/news\/cornyn-y-sus-colegas-de-texas-presionan-a-biden-para-que-detenga-el-cierre-de-los-centros-de-detencion-privados-del-sur-de-texas\/#breadcrumb\"},\"inLanguage\":\"es-MX\",\"potentialAction\":[{\"@type\":\"ReadAction\",\"target\":[\"https:\/\/www.cornyn.senate.gov\/es-mx\/news\/cornyn-y-sus-colegas-de-texas-presionan-a-biden-para-que-detenga-el-cierre-de-los-centros-de-detencion-privados-del-sur-de-texas\/\"]}]},{\"@type\":\"BreadcrumbList\",\"@id\":\"https:\/\/www.cornyn.senate.gov\/es-mx\/news\/cornyn-y-sus-colegas-de-texas-presionan-a-biden-para-que-detenga-el-cierre-de-los-centros-de-detencion-privados-del-sur-de-texas\/#breadcrumb\",\"itemListElement\":[{\"@type\":\"ListItem\",\"position\":1,\"name\":\"Home\",\"item\":\"https:\/\/www.cornyn.senate.gov\/es-mx\/\"},{\"@type\":\"ListItem\",\"position\":2,\"name\":\"News\",\"item\":\"https:\/\/www.cornyn.senate.gov\/es-mx\/news\/\"},{\"@type\":\"ListItem\",\"position\":3,\"name\":\"Cornyn y sus colegas de Texas presionan a Biden para que detenga el cierre de los centros de detenci\u00f3n privados del sur de Texas\"}]},{\"@type\":\"WebSite\",\"@id\":\"https:\/\/www.cornyn.senate.gov\/es-mx\/#website\",\"url\":\"https:\/\/www.cornyn.senate.gov\/es-mx\/\",\"name\":\"Senator Cornyn\",\"description\":\"\",\"publisher\":{\"@id\":\"https:\/\/www.cornyn.senate.gov\/es-mx\/#organization\"},\"potentialAction\":[{\"@type\":\"SearchAction\",\"target\":{\"@type\":\"EntryPoint\",\"urlTemplate\":\"https:\/\/www.cornyn.senate.gov\/es-mx\/?s={search_term_string}\"},\"query-input\":{\"@type\":\"PropertyValueSpecification\",\"valueRequired\":true,\"valueName\":\"search_term_string\"}}],\"inLanguage\":\"es-MX\"},{\"@type\":\"Organization\",\"@id\":\"https:\/\/www.cornyn.senate.gov\/es-mx\/#organization\",\"name\":\"Senator Cornyn\",\"url\":\"https:\/\/www.cornyn.senate.gov\/es-mx\/\",\"logo\":{\"@type\":\"ImageObject\",\"inLanguage\":\"es-MX\",\"@id\":\"https:\/\/www.cornyn.senate.gov\/es-mx\/#\/schema\/logo\/image\/\",\"url\":\"https:\/\/www.cornyn.senate.gov\/wp-content\/uploads\/2022\/01\/Logo-2.svg\",\"contentUrl\":\"https:\/\/www.cornyn.senate.gov\/wp-content\/uploads\/2022\/01\/Logo-2.svg\",\"caption\":\"Senator Cornyn\"},\"image\":{\"@id\":\"https:\/\/www.cornyn.senate.gov\/es-mx\/#\/schema\/logo\/image\/\"},\"sameAs\":[\"https:\/\/www.facebook.com\/SenJohnCornyn\",\"https:\/\/x.com\/johncornyn\"]}]}<\/script>\n<!-- \/ Yoast SEO plugin. -->","yoast_head_json":{"title":"Cornyn y sus colegas de Texas presionan a Biden para que detenga el cierre de los centros de detenci\u00f3n privados del sur de Texas - Senator Cornyn","robots":{"index":"index","follow":"follow","max-snippet":"max-snippet:-1","max-image-preview":"max-image-preview:large","max-video-preview":"max-video-preview:-1"},"canonical":"https:\/\/www.cornyn.senate.gov\/es-mx\/news\/cornyn-y-sus-colegas-de-texas-presionan-a-biden-para-que-detenga-el-cierre-de-los-centros-de-detencion-privados-del-sur-de-texas\/","og_locale":"es_MX","og_type":"article","og_title":"Cornyn y sus colegas de Texas presionan a Biden para que detenga el cierre de los centros de detenci\u00f3n privados del sur de Texas - Senator Cornyn","og_description":"Noticias La Orden Ejecutiva ha creado numerosas consecuencias imprevistas, que han afectado principalmente a los derechos constitucionales y a la seguridad f\u00edsica de los detenidos en prisi\u00f3n preventiva. WASHINGTON &#8211; Hoy, los senadores John Cornyn (R-TX) y Ted Cruz (R-TX) y los representantes Henry Cuellar (TX-28), Vicente Gonz\u00e1lez (TX-15) y Sheila Jackson Lee (TX-18) enviaron [&hellip;]","og_url":"https:\/\/www.cornyn.senate.gov\/es-mx\/news\/cornyn-y-sus-colegas-de-texas-presionan-a-biden-para-que-detenga-el-cierre-de-los-centros-de-detencion-privados-del-sur-de-texas\/","og_site_name":"Senator Cornyn","article_publisher":"https:\/\/www.facebook.com\/SenJohnCornyn","article_modified_time":"2023-01-09T17:20:25+00:00","og_image":[{"width":1024,"height":535,"url":"https:\/\/www.cornyn.senate.gov\/wp-content\/uploads\/2023\/11\/Twitter-Card-Dec-23-1024x535.png","type":"image\/png"}],"twitter_card":"summary_large_image","twitter_site":"@johncornyn","twitter_misc":{"Est. reading time":"6 minutes"},"schema":{"@context":"https:\/\/schema.org","@graph":[{"@type":"WebPage","@id":"https:\/\/www.cornyn.senate.gov\/es-mx\/news\/cornyn-y-sus-colegas-de-texas-presionan-a-biden-para-que-detenga-el-cierre-de-los-centros-de-detencion-privados-del-sur-de-texas\/","url":"https:\/\/www.cornyn.senate.gov\/es-mx\/news\/cornyn-y-sus-colegas-de-texas-presionan-a-biden-para-que-detenga-el-cierre-de-los-centros-de-detencion-privados-del-sur-de-texas\/","name":"Cornyn y sus colegas de Texas presionan a Biden para que detenga el cierre de los centros de detenci\u00f3n privados del sur de Texas - Senator Cornyn","isPartOf":{"@id":"https:\/\/www.cornyn.senate.gov\/es-mx\/#website"},"datePublished":"2022-07-26T18:56:28+00:00","dateModified":"2023-01-09T17:20:25+00:00","breadcrumb":{"@id":"https:\/\/www.cornyn.senate.gov\/es-mx\/news\/cornyn-y-sus-colegas-de-texas-presionan-a-biden-para-que-detenga-el-cierre-de-los-centros-de-detencion-privados-del-sur-de-texas\/#breadcrumb"},"inLanguage":"es-MX","potentialAction":[{"@type":"ReadAction","target":["https:\/\/www.cornyn.senate.gov\/es-mx\/news\/cornyn-y-sus-colegas-de-texas-presionan-a-biden-para-que-detenga-el-cierre-de-los-centros-de-detencion-privados-del-sur-de-texas\/"]}]},{"@type":"BreadcrumbList","@id":"https:\/\/www.cornyn.senate.gov\/es-mx\/news\/cornyn-y-sus-colegas-de-texas-presionan-a-biden-para-que-detenga-el-cierre-de-los-centros-de-detencion-privados-del-sur-de-texas\/#breadcrumb","itemListElement":[{"@type":"ListItem","position":1,"name":"Home","item":"https:\/\/www.cornyn.senate.gov\/es-mx\/"},{"@type":"ListItem","position":2,"name":"News","item":"https:\/\/www.cornyn.senate.gov\/es-mx\/news\/"},{"@type":"ListItem","position":3,"name":"Cornyn y sus colegas de Texas presionan a Biden para que detenga el cierre de los centros de detenci\u00f3n privados del sur de Texas"}]},{"@type":"WebSite","@id":"https:\/\/www.cornyn.senate.gov\/es-mx\/#website","url":"https:\/\/www.cornyn.senate.gov\/es-mx\/","name":"Senator Cornyn","description":"","publisher":{"@id":"https:\/\/www.cornyn.senate.gov\/es-mx\/#organization"},"potentialAction":[{"@type":"SearchAction","target":{"@type":"EntryPoint","urlTemplate":"https:\/\/www.cornyn.senate.gov\/es-mx\/?s={search_term_string}"},"query-input":{"@type":"PropertyValueSpecification","valueRequired":true,"valueName":"search_term_string"}}],"inLanguage":"es-MX"},{"@type":"Organization","@id":"https:\/\/www.cornyn.senate.gov\/es-mx\/#organization","name":"Senator Cornyn","url":"https:\/\/www.cornyn.senate.gov\/es-mx\/","logo":{"@type":"ImageObject","inLanguage":"es-MX","@id":"https:\/\/www.cornyn.senate.gov\/es-mx\/#\/schema\/logo\/image\/","url":"https:\/\/www.cornyn.senate.gov\/wp-content\/uploads\/2022\/01\/Logo-2.svg","contentUrl":"https:\/\/www.cornyn.senate.gov\/wp-content\/uploads\/2022\/01\/Logo-2.svg","caption":"Senator Cornyn"},"image":{"@id":"https:\/\/www.cornyn.senate.gov\/es-mx\/#\/schema\/logo\/image\/"},"sameAs":["https:\/\/www.facebook.com\/SenJohnCornyn","https:\/\/x.com\/johncornyn"]}]}},"_links":{"self":[{"href":"https:\/\/www.cornyn.senate.gov\/es-mx\/wp-json\/wp\/v2\/news\/32687","targetHints":{"allow":["GET"]}}],"collection":[{"href":"https:\/\/www.cornyn.senate.gov\/es-mx\/wp-json\/wp\/v2\/news"}],"about":[{"href":"https:\/\/www.cornyn.senate.gov\/es-mx\/wp-json\/wp\/v2\/types\/news"}],"author":[{"embeddable":true,"href":"https:\/\/www.cornyn.senate.gov\/es-mx\/wp-json\/wp\/v2\/users\/2"}],"version-history":[{"count":1,"href":"https:\/\/www.cornyn.senate.gov\/es-mx\/wp-json\/wp\/v2\/news\/32687\/revisions"}],"predecessor-version":[{"id":32691,"href":"https:\/\/www.cornyn.senate.gov\/es-mx\/wp-json\/wp\/v2\/news\/32687\/revisions\/32691"}],"wp:attachment":[{"href":"https:\/\/www.cornyn.senate.gov\/es-mx\/wp-json\/wp\/v2\/media?parent=32687"}],"wp:term":[{"taxonomy":"news-type","embeddable":true,"href":"https:\/\/www.cornyn.senate.gov\/es-mx\/wp-json\/wp\/v2\/news-type?post=32687"},{"taxonomy":"issues","embeddable":true,"href":"https:\/\/www.cornyn.senate.gov\/es-mx\/wp-json\/wp\/v2\/issues?post=32687"}],"curies":[{"name":"wp","href":"https:\/\/api.w.org\/{rel}","templated":true}]}}