{"id":34600,"date":"2023-01-26T11:59:22","date_gmt":"2023-01-26T16:59:22","guid":{"rendered":"https:\/\/www.cornyn.senate.gov\/news\/cornyn-el-senado-debe-utilizar-todas-las-herramientas-disponibles-para-obligar-al-gobierno-de-biden-a-divulgar-documentos-clasificados\/"},"modified":"2023-01-30T13:37:30","modified_gmt":"2023-01-30T18:37:30","slug":"cornyn-el-senado-debe-utilizar-todas-las-herramientas-disponibles-para-obligar-al-gobierno-de-biden-a-divulgar-documentos-clasificados","status":"publish","type":"news","link":"https:\/\/www.cornyn.senate.gov\/es-mx\/news\/cornyn-el-senado-debe-utilizar-todas-las-herramientas-disponibles-para-obligar-al-gobierno-de-biden-a-divulgar-documentos-clasificados\/","title":{"rendered":"Cornyn: el Senado debe utilizar &#8220;todas las herramientas disponibles&#8221; para obligar al Gobierno de Biden a divulgar documentos clasificados"},"content":{"rendered":"\t\t<div data-elementor-type=\"wp-post\" data-elementor-id=\"34600\" class=\"elementor elementor-34600 elementor-34552\" data-elementor-post-type=\"news\">\n\t\t\t\t\t\t<section class=\"elementor-section elementor-top-section elementor-element elementor-element-4ebb6038 elementor-section-boxed elementor-section-height-default elementor-section-height-default\" data-id=\"4ebb6038\" data-element_type=\"section\" data-e-type=\"section\">\n\t\t\t\t\t\t<div class=\"elementor-container elementor-column-gap-default\">\n\t\t\t\t\t<div class=\"elementor-column elementor-col-100 elementor-top-column elementor-element elementor-element-196c3235\" data-id=\"196c3235\" data-element_type=\"column\" data-e-type=\"column\">\n\t\t\t<div class=\"elementor-widget-wrap elementor-element-populated\">\n\t\t\t\t\t\t<section class=\"elementor-section elementor-inner-section elementor-element elementor-element-40b37ff2 elementor-section-boxed elementor-section-height-default elementor-section-height-default\" data-id=\"40b37ff2\" data-element_type=\"section\" data-e-type=\"section\">\n\t\t\t\t\t\t<div class=\"elementor-container elementor-column-gap-default\">\n\t\t\t\t\t<div class=\"elementor-column elementor-col-50 elementor-inner-column elementor-element elementor-element-8b6c379\" data-id=\"8b6c379\" data-element_type=\"column\" data-e-type=\"column\">\n\t\t\t<div class=\"elementor-widget-wrap elementor-element-populated\">\n\t\t\t\t\t\t<div class=\"elementor-element elementor-element-230446fe breadcrumb--back elementor-widget elementor-widget-button\" data-id=\"230446fe\" data-element_type=\"widget\" data-e-type=\"widget\" data-widget_type=\"button.default\">\n\t\t\t\t<div class=\"elementor-widget-container\">\n\t\t\t\t\t\t\t\t\t<div class=\"elementor-button-wrapper\">\n\t\t\t\t\t<a class=\"elementor-button elementor-button-link elementor-size-sm\" href=\"\/noticias\/\">\n\t\t\t\t\t\t<span class=\"elementor-button-content-wrapper\">\n\t\t\t\t\t\t<span class=\"elementor-button-icon\">\n\t\t\t\t<i aria-hidden=\"true\" class=\"icon icon-arrow-left\"><\/i>\t\t\t<\/span>\n\t\t\t\t\t\t\t\t\t<span class=\"elementor-button-text\">Noticias<\/span>\n\t\t\t\t\t<\/span>\n\t\t\t\t\t<\/a>\n\t\t\t\t<\/div>\n\t\t\t\t\t\t\t\t<\/div>\n\t\t\t\t<\/div>\n\t\t\t\t\t<\/div>\n\t\t<\/div>\n\t\t\t\t<div class=\"elementor-column elementor-col-50 elementor-inner-column elementor-element elementor-element-326b38fa content-page__content\" data-id=\"326b38fa\" data-element_type=\"column\" data-e-type=\"column\">\n\t\t\t<div class=\"elementor-widget-wrap elementor-element-populated\">\n\t\t\t\t\t\t<div class=\"elementor-element elementor-element-1a65c796 elementor-widget elementor-widget-theme-post-title elementor-page-title elementor-widget-heading\" data-id=\"1a65c796\" data-element_type=\"widget\" data-e-type=\"widget\" data-widget_type=\"theme-post-title.default\">\n\t\t\t\t<div class=\"elementor-widget-container\">\n\t\t\t\t\t<h1 class=\"elementor-heading-title elementor-size-default\">Cornyn: el Senado debe utilizar &#8220;todas las herramientas disponibles&#8221; para obligar al Gobierno de Biden a divulgar documentos clasificados<\/h1>\t\t\t\t<\/div>\n\t\t\t\t<\/div>\n\t\t\t\t<div class=\"elementor-element elementor-element-146a4bc9 elementor-widget-divider--view-line elementor-widget elementor-widget-divider\" data-id=\"146a4bc9\" data-element_type=\"widget\" data-e-type=\"widget\" data-widget_type=\"divider.default\">\n\t\t\t\t<div class=\"elementor-widget-container\">\n\t\t\t\t\t\t\t<div class=\"elementor-divider\">\n\t\t\t<span class=\"elementor-divider-separator\">\n\t\t\t\t\t\t<\/span>\n\t\t<\/div>\n\t\t\t\t\t\t<\/div>\n\t\t\t\t<\/div>\n\t\t\t\t<div class=\"elementor-element elementor-element-5ac5eed1 elementor-widget__width-initial elementor-widget-mobile__width-inherit elementor-widget elementor-widget-text-editor\" data-id=\"5ac5eed1\" data-element_type=\"widget\" data-e-type=\"widget\" data-widget_type=\"text-editor.default\">\n\t\t\t\t<div class=\"elementor-widget-container\">\n\t\t\t\t\t\t\t\t\tJanuary 26, 2023\t\t\t\t\t\t\t\t<\/div>\n\t\t\t\t<\/div>\n\t\t\t\t<div class=\"elementor-element elementor-element-11722e44 elementor-share-buttons--view-icon elementor-share-buttons--skin-flat elementor-share-buttons--shape-circle elementor-share-buttons--color-custom share-buttons elementor-widget__width-initial elementor-widget-mobile__width-inherit elementor-grid-0 elementor-widget elementor-widget-global elementor-global-33223 elementor-global-401 elementor-widget-share-buttons\" data-id=\"11722e44\" data-element_type=\"widget\" data-e-type=\"widget\" title=\"Share\" data-widget_type=\"share-buttons.default\">\n\t\t\t\t<div class=\"elementor-widget-container\">\n\t\t\t\t\t\t\t<div class=\"elementor-grid\" role=\"list\">\n\t\t\t\t\t\t\t\t<div class=\"elementor-grid-item\" role=\"listitem\">\n\t\t\t\t\t\t<div class=\"elementor-share-btn elementor-share-btn_email\" role=\"button\" tabindex=\"0\" aria-label=\"Share on email\">\n\t\t\t\t\t\t\t\t\t\t\t\t\t\t\t<span class=\"elementor-share-btn__icon\">\n\t\t\t\t\t\t\t\t<i class=\"fas fa-envelope\" aria-hidden=\"true\"><\/i>\t\t\t\t\t\t\t<\/span>\n\t\t\t\t\t\t\t\t\t\t\t\t\t\t\t\t\t\t\t\t<\/div>\n\t\t\t\t\t<\/div>\n\t\t\t\t\t\t\t\t\t<div class=\"elementor-grid-item\" role=\"listitem\">\n\t\t\t\t\t\t<div class=\"elementor-share-btn elementor-share-btn_linkedin\" role=\"button\" tabindex=\"0\" aria-label=\"Share on linkedin\">\n\t\t\t\t\t\t\t\t\t\t\t\t\t\t\t<span class=\"elementor-share-btn__icon\">\n\t\t\t\t\t\t\t\t<i class=\"fab fa-linkedin\" aria-hidden=\"true\"><\/i>\t\t\t\t\t\t\t<\/span>\n\t\t\t\t\t\t\t\t\t\t\t\t\t\t\t\t\t\t\t\t<\/div>\n\t\t\t\t\t<\/div>\n\t\t\t\t\t\t\t\t\t<div class=\"elementor-grid-item\" role=\"listitem\">\n\t\t\t\t\t\t<div class=\"elementor-share-btn elementor-share-btn_facebook\" role=\"button\" tabindex=\"0\" aria-label=\"Share on facebook\">\n\t\t\t\t\t\t\t\t\t\t\t\t\t\t\t<span class=\"elementor-share-btn__icon\">\n\t\t\t\t\t\t\t\t<i class=\"fab fa-facebook\" aria-hidden=\"true\"><\/i>\t\t\t\t\t\t\t<\/span>\n\t\t\t\t\t\t\t\t\t\t\t\t\t\t\t\t\t\t\t\t<\/div>\n\t\t\t\t\t<\/div>\n\t\t\t\t\t\t<\/div>\n\t\t\t\t\t\t<\/div>\n\t\t\t\t<\/div>\n\t\t\t\t<div class=\"elementor-element elementor-element-2c56f33a elementor-blockquote--skin-boxed elementor-widget elementor-widget-blockquote\" data-id=\"2c56f33a\" data-element_type=\"widget\" data-e-type=\"widget\" data-widget_type=\"blockquote.default\">\n\t\t\t\t<div class=\"elementor-widget-container\">\n\t\t\t\t\t\t\t<blockquote class=\"elementor-blockquote\">\n\t\t\t<p class=\"elementor-blockquote__content\">\n\t\t\t\tNo son responsables pol\u00edticos. Se supone que deben contarnos lo bueno, lo malo y lo feo, sin tener en cuenta ning\u00fan tipo de pol\u00edtica o afiliaci\u00f3n pol\u00edtica. <br><br>\n \nEsto es inaceptable, y vamos a hacer y utilizar todas las herramientas a nuestro alcance para acceder a esta informaci\u00f3n.\t\t\t<\/p>\n\t\t\t\t\t<\/blockquote>\n\t\t\t\t\t\t<\/div>\n\t\t\t\t<\/div>\n\t\t\t\t<div class=\"elementor-element elementor-element-52805e54 elementor-widget elementor-widget-text-editor\" data-id=\"52805e54\" data-element_type=\"widget\" data-e-type=\"widget\" data-widget_type=\"text-editor.default\">\n\t\t\t\t<div class=\"elementor-widget-container\">\n\t\t\t\t\t\t\t\t\t<p style=\"font-weight: 400;\"><strong>WASHINGTON<\/strong> &#8211; Hoy en el Comit\u00e9 Judicial del Senado, el senador estadounidense John Cornyn (R-TX) discuti\u00f3 la negativa de la administraci\u00f3n Biden a entregar documentos clasificados incautados en las residencias del presidente Biden y del ex presidente Trump al Comit\u00e9 de Inteligencia del Senado. A continuaci\u00f3n se ofrecen extractos, y el v\u00eddeo puede verse <a href=\"https:\/\/youtu.be\/6-DeFeN6n6Y\">aqu\u00ed<\/a>.<\/p>\n<p style=\"font-weight: 400;\"><em>&#8220;El Congreso tiene la responsabilidad constitucional de supervisar la recopilaci\u00f3n de informaci\u00f3n por parte de la Comunidad de Inteligencia, las 17 agencias que encajan bajo ese paraguas. Esto es algo que no podemos hacer si el Departamento de Justicia de Biden dice que no van a compartir con nosotros qu\u00e9 productos de inteligencia almacen\u00f3 el presidente Biden en su garaje o en su think tank de Filadelfia&#8221;. <\/em><\/p>\n<p style=\"font-weight: 400;\"><em>&#8220;Lo que se vio, y a lo que aludi\u00f3 el senador Graham, es la indignaci\u00f3n bipartidista por el hecho de que el Director de Inteligencia Nacional, que es responsable esencialmente de las 17 ramas de la Comunidad de Inteligencia, dijera: &#8216;El Departamento de Justicia nos dice que nos retiremos, nos retiramos. No sabemos lo que tienen'&#8221;. <\/em><\/p>\n<p style=\"font-weight: 400;\"><em>&#8220;No son responsables pol\u00edticos. Se supone que deben contarnos lo bueno, lo malo y lo feo, sin tener en cuenta ning\u00fan tipo de pol\u00edtica o afiliaci\u00f3n pol\u00edtica&#8221;.<\/em><\/p>\n<p style=\"font-weight: 400;\"><em>&#8220;No es dif\u00edcil imaginar alg\u00fan escenario en el que se saque informaci\u00f3n clasificada de una instalaci\u00f3n segura, se ponga a disposici\u00f3n de nuestros adversarios, que amenace la seguridad nacional de los Estados Unidos en formas a las que tendr\u00edamos que responder como responsables pol\u00edticos.&#8221;<\/em><\/p>\n<p style=\"font-weight: 400;\"><em>&#8220;Eso explica por qu\u00e9 vieron al presidente Warner, al vicepresidente Rubio y a un grupo bipartidista de senadores del Comit\u00e9 de Inteligencia expresar su indignaci\u00f3n por esta falta de voluntad de la administraci\u00f3n Biden -y el Departamento de Justicia es un brazo de la administraci\u00f3n Biden-, la administraci\u00f3n Biden bloqueando la supervisi\u00f3n del Congreso y el conocimiento de estos materiales clasificados por parte del Congreso, que tiene una responsabilidad constitucional que desempe\u00f1ar aqu\u00ed.&#8221;<\/em><\/p>\n<p style=\"font-weight: 400;\"><em>&#8220;Esto es inaceptable, y vamos a utilizar todas las herramientas a nuestro alcance para acceder a esta informaci\u00f3n&#8221;. <\/em><\/p>\n<p style=\"font-weight: 400;\"><em>&#8220;Es completamente inaceptable para m\u00ed, y, creo, sobre una base bipartidista, que la administraci\u00f3n Biden bloquee al Congreso en el cumplimiento de su deber constitucional aqu\u00ed, y hay cuestiones mucho m\u00e1s amplias que una investigaci\u00f3n criminal individual que creo que deben abordarse.&#8221;<\/em><\/p>\n\t\t\t\t\t\t\t\t<\/div>\n\t\t\t\t<\/div>\n\t\t\t\t<div class=\"elementor-element elementor-element-61f116fa callout-box elementor-widget elementor-widget-text-editor\" data-id=\"61f116fa\" data-element_type=\"widget\" data-e-type=\"widget\" data-widget_type=\"text-editor.default\">\n\t\t\t\t<div class=\"elementor-widget-container\">\n\t\t\t\t\t\t\t\t\t<p>Cuadro de llamadas.<\/p>\n<p>Lorem ipsum dolor sit amet, consectetur adipiscing elit. Ut elit tellus, luctus nec ullamcorper mattis, pulvinar dapibus leo.<\/p>\n\t\t\t\t\t\t\t\t<\/div>\n\t\t\t\t<\/div>\n\t\t\t\t\t<\/div>\n\t\t<\/div>\n\t\t\t\t\t<\/div>\n\t\t<\/section>\n\t\t\t\t\t<\/div>\n\t\t<\/div>\n\t\t\t\t\t<\/div>\n\t\t<\/section>\n\t\t\t\t<\/div>\n\t\t","protected":false},"author":2,"template":"","news-type":[161],"issues":[185],"class_list":["post-34600","news","type-news","status-publish","hentry","news-type-press-releases-es-mx","issues-open-government-es-mx"],"acf":[],"yoast_head":"<!-- This site is optimized with the Yoast SEO plugin v27.2 - https:\/\/yoast.com\/product\/yoast-seo-wordpress\/ -->\n<title>Cornyn: el Senado debe utilizar &quot;todas las herramientas disponibles&quot; para obligar al Gobierno de Biden a divulgar documentos clasificados - Senator Cornyn<\/title>\n<meta name=\"robots\" content=\"index, follow, max-snippet:-1, max-image-preview:large, max-video-preview:-1\" \/>\n<link rel=\"canonical\" href=\"https:\/\/www.cornyn.senate.gov\/es-mx\/news\/cornyn-el-senado-debe-utilizar-todas-las-herramientas-disponibles-para-obligar-al-gobierno-de-biden-a-divulgar-documentos-clasificados\/\" \/>\n<meta property=\"og:locale\" content=\"es_MX\" \/>\n<meta property=\"og:type\" content=\"article\" \/>\n<meta property=\"og:title\" content=\"Cornyn: el Senado debe utilizar &quot;todas las herramientas disponibles&quot; para obligar al Gobierno de Biden a divulgar documentos clasificados - Senator Cornyn\" \/>\n<meta property=\"og:description\" content=\"Noticias No son responsables pol\u00edticos. Se supone que deben contarnos lo bueno, lo malo y lo feo, sin tener en cuenta ning\u00fan tipo de pol\u00edtica o afiliaci\u00f3n pol\u00edtica. Esto es inaceptable, y vamos a hacer y utilizar todas las herramientas a nuestro alcance para acceder a esta informaci\u00f3n. WASHINGTON &#8211; Hoy en el Comit\u00e9 Judicial [&hellip;]\" \/>\n<meta property=\"og:url\" content=\"https:\/\/www.cornyn.senate.gov\/es-mx\/news\/cornyn-el-senado-debe-utilizar-todas-las-herramientas-disponibles-para-obligar-al-gobierno-de-biden-a-divulgar-documentos-clasificados\/\" \/>\n<meta property=\"og:site_name\" content=\"Senator Cornyn\" \/>\n<meta property=\"article:publisher\" content=\"https:\/\/www.facebook.com\/SenJohnCornyn\" \/>\n<meta property=\"article:modified_time\" content=\"2023-01-30T18:37:30+00:00\" \/>\n<meta property=\"og:image\" content=\"https:\/\/www.cornyn.senate.gov\/wp-content\/uploads\/2023\/11\/Twitter-Card-Dec-23-1024x535.png\" \/>\n\t<meta property=\"og:image:width\" content=\"1024\" \/>\n\t<meta property=\"og:image:height\" content=\"535\" \/>\n\t<meta property=\"og:image:type\" content=\"image\/png\" \/>\n<meta name=\"twitter:card\" content=\"summary_large_image\" \/>\n<meta name=\"twitter:site\" content=\"@johncornyn\" \/>\n<meta name=\"twitter:label1\" content=\"Est. reading time\" \/>\n\t<meta name=\"twitter:data1\" content=\"2 minutes\" \/>\n<script type=\"application\/ld+json\" class=\"yoast-schema-graph\">{\"@context\":\"https:\/\/schema.org\",\"@graph\":[{\"@type\":\"WebPage\",\"@id\":\"https:\/\/www.cornyn.senate.gov\/es-mx\/news\/cornyn-el-senado-debe-utilizar-todas-las-herramientas-disponibles-para-obligar-al-gobierno-de-biden-a-divulgar-documentos-clasificados\/\",\"url\":\"https:\/\/www.cornyn.senate.gov\/es-mx\/news\/cornyn-el-senado-debe-utilizar-todas-las-herramientas-disponibles-para-obligar-al-gobierno-de-biden-a-divulgar-documentos-clasificados\/\",\"name\":\"Cornyn: el Senado debe utilizar \\\"todas las herramientas disponibles\\\" para obligar al Gobierno de Biden a divulgar documentos clasificados - Senator Cornyn\",\"isPartOf\":{\"@id\":\"https:\/\/www.cornyn.senate.gov\/es-mx\/#website\"},\"datePublished\":\"2023-01-26T16:59:22+00:00\",\"dateModified\":\"2023-01-30T18:37:30+00:00\",\"breadcrumb\":{\"@id\":\"https:\/\/www.cornyn.senate.gov\/es-mx\/news\/cornyn-el-senado-debe-utilizar-todas-las-herramientas-disponibles-para-obligar-al-gobierno-de-biden-a-divulgar-documentos-clasificados\/#breadcrumb\"},\"inLanguage\":\"es-MX\",\"potentialAction\":[{\"@type\":\"ReadAction\",\"target\":[\"https:\/\/www.cornyn.senate.gov\/es-mx\/news\/cornyn-el-senado-debe-utilizar-todas-las-herramientas-disponibles-para-obligar-al-gobierno-de-biden-a-divulgar-documentos-clasificados\/\"]}]},{\"@type\":\"BreadcrumbList\",\"@id\":\"https:\/\/www.cornyn.senate.gov\/es-mx\/news\/cornyn-el-senado-debe-utilizar-todas-las-herramientas-disponibles-para-obligar-al-gobierno-de-biden-a-divulgar-documentos-clasificados\/#breadcrumb\",\"itemListElement\":[{\"@type\":\"ListItem\",\"position\":1,\"name\":\"Home\",\"item\":\"https:\/\/www.cornyn.senate.gov\/es-mx\/\"},{\"@type\":\"ListItem\",\"position\":2,\"name\":\"News\",\"item\":\"https:\/\/www.cornyn.senate.gov\/es-mx\/news\/\"},{\"@type\":\"ListItem\",\"position\":3,\"name\":\"Cornyn: el Senado debe utilizar &#8220;todas las herramientas disponibles&#8221; para obligar al Gobierno de Biden a divulgar documentos clasificados\"}]},{\"@type\":\"WebSite\",\"@id\":\"https:\/\/www.cornyn.senate.gov\/es-mx\/#website\",\"url\":\"https:\/\/www.cornyn.senate.gov\/es-mx\/\",\"name\":\"Senator Cornyn\",\"description\":\"\",\"publisher\":{\"@id\":\"https:\/\/www.cornyn.senate.gov\/es-mx\/#organization\"},\"potentialAction\":[{\"@type\":\"SearchAction\",\"target\":{\"@type\":\"EntryPoint\",\"urlTemplate\":\"https:\/\/www.cornyn.senate.gov\/es-mx\/?s={search_term_string}\"},\"query-input\":{\"@type\":\"PropertyValueSpecification\",\"valueRequired\":true,\"valueName\":\"search_term_string\"}}],\"inLanguage\":\"es-MX\"},{\"@type\":\"Organization\",\"@id\":\"https:\/\/www.cornyn.senate.gov\/es-mx\/#organization\",\"name\":\"Senator Cornyn\",\"url\":\"https:\/\/www.cornyn.senate.gov\/es-mx\/\",\"logo\":{\"@type\":\"ImageObject\",\"inLanguage\":\"es-MX\",\"@id\":\"https:\/\/www.cornyn.senate.gov\/es-mx\/#\/schema\/logo\/image\/\",\"url\":\"https:\/\/www.cornyn.senate.gov\/wp-content\/uploads\/2022\/01\/Logo-2.svg\",\"contentUrl\":\"https:\/\/www.cornyn.senate.gov\/wp-content\/uploads\/2022\/01\/Logo-2.svg\",\"caption\":\"Senator Cornyn\"},\"image\":{\"@id\":\"https:\/\/www.cornyn.senate.gov\/es-mx\/#\/schema\/logo\/image\/\"},\"sameAs\":[\"https:\/\/www.facebook.com\/SenJohnCornyn\",\"https:\/\/x.com\/johncornyn\"]}]}<\/script>\n<!-- \/ Yoast SEO plugin. -->","yoast_head_json":{"title":"Cornyn: el Senado debe utilizar \"todas las herramientas disponibles\" para obligar al Gobierno de Biden a divulgar documentos clasificados - Senator Cornyn","robots":{"index":"index","follow":"follow","max-snippet":"max-snippet:-1","max-image-preview":"max-image-preview:large","max-video-preview":"max-video-preview:-1"},"canonical":"https:\/\/www.cornyn.senate.gov\/es-mx\/news\/cornyn-el-senado-debe-utilizar-todas-las-herramientas-disponibles-para-obligar-al-gobierno-de-biden-a-divulgar-documentos-clasificados\/","og_locale":"es_MX","og_type":"article","og_title":"Cornyn: el Senado debe utilizar \"todas las herramientas disponibles\" para obligar al Gobierno de Biden a divulgar documentos clasificados - Senator Cornyn","og_description":"Noticias No son responsables pol\u00edticos. Se supone que deben contarnos lo bueno, lo malo y lo feo, sin tener en cuenta ning\u00fan tipo de pol\u00edtica o afiliaci\u00f3n pol\u00edtica. Esto es inaceptable, y vamos a hacer y utilizar todas las herramientas a nuestro alcance para acceder a esta informaci\u00f3n. WASHINGTON &#8211; Hoy en el Comit\u00e9 Judicial [&hellip;]","og_url":"https:\/\/www.cornyn.senate.gov\/es-mx\/news\/cornyn-el-senado-debe-utilizar-todas-las-herramientas-disponibles-para-obligar-al-gobierno-de-biden-a-divulgar-documentos-clasificados\/","og_site_name":"Senator Cornyn","article_publisher":"https:\/\/www.facebook.com\/SenJohnCornyn","article_modified_time":"2023-01-30T18:37:30+00:00","og_image":[{"width":1024,"height":535,"url":"https:\/\/www.cornyn.senate.gov\/wp-content\/uploads\/2023\/11\/Twitter-Card-Dec-23-1024x535.png","type":"image\/png"}],"twitter_card":"summary_large_image","twitter_site":"@johncornyn","twitter_misc":{"Est. reading time":"2 minutes"},"schema":{"@context":"https:\/\/schema.org","@graph":[{"@type":"WebPage","@id":"https:\/\/www.cornyn.senate.gov\/es-mx\/news\/cornyn-el-senado-debe-utilizar-todas-las-herramientas-disponibles-para-obligar-al-gobierno-de-biden-a-divulgar-documentos-clasificados\/","url":"https:\/\/www.cornyn.senate.gov\/es-mx\/news\/cornyn-el-senado-debe-utilizar-todas-las-herramientas-disponibles-para-obligar-al-gobierno-de-biden-a-divulgar-documentos-clasificados\/","name":"Cornyn: el Senado debe utilizar \"todas las herramientas disponibles\" para obligar al Gobierno de Biden a divulgar documentos clasificados - Senator Cornyn","isPartOf":{"@id":"https:\/\/www.cornyn.senate.gov\/es-mx\/#website"},"datePublished":"2023-01-26T16:59:22+00:00","dateModified":"2023-01-30T18:37:30+00:00","breadcrumb":{"@id":"https:\/\/www.cornyn.senate.gov\/es-mx\/news\/cornyn-el-senado-debe-utilizar-todas-las-herramientas-disponibles-para-obligar-al-gobierno-de-biden-a-divulgar-documentos-clasificados\/#breadcrumb"},"inLanguage":"es-MX","potentialAction":[{"@type":"ReadAction","target":["https:\/\/www.cornyn.senate.gov\/es-mx\/news\/cornyn-el-senado-debe-utilizar-todas-las-herramientas-disponibles-para-obligar-al-gobierno-de-biden-a-divulgar-documentos-clasificados\/"]}]},{"@type":"BreadcrumbList","@id":"https:\/\/www.cornyn.senate.gov\/es-mx\/news\/cornyn-el-senado-debe-utilizar-todas-las-herramientas-disponibles-para-obligar-al-gobierno-de-biden-a-divulgar-documentos-clasificados\/#breadcrumb","itemListElement":[{"@type":"ListItem","position":1,"name":"Home","item":"https:\/\/www.cornyn.senate.gov\/es-mx\/"},{"@type":"ListItem","position":2,"name":"News","item":"https:\/\/www.cornyn.senate.gov\/es-mx\/news\/"},{"@type":"ListItem","position":3,"name":"Cornyn: el Senado debe utilizar &#8220;todas las herramientas disponibles&#8221; para obligar al Gobierno de Biden a divulgar documentos clasificados"}]},{"@type":"WebSite","@id":"https:\/\/www.cornyn.senate.gov\/es-mx\/#website","url":"https:\/\/www.cornyn.senate.gov\/es-mx\/","name":"Senator Cornyn","description":"","publisher":{"@id":"https:\/\/www.cornyn.senate.gov\/es-mx\/#organization"},"potentialAction":[{"@type":"SearchAction","target":{"@type":"EntryPoint","urlTemplate":"https:\/\/www.cornyn.senate.gov\/es-mx\/?s={search_term_string}"},"query-input":{"@type":"PropertyValueSpecification","valueRequired":true,"valueName":"search_term_string"}}],"inLanguage":"es-MX"},{"@type":"Organization","@id":"https:\/\/www.cornyn.senate.gov\/es-mx\/#organization","name":"Senator Cornyn","url":"https:\/\/www.cornyn.senate.gov\/es-mx\/","logo":{"@type":"ImageObject","inLanguage":"es-MX","@id":"https:\/\/www.cornyn.senate.gov\/es-mx\/#\/schema\/logo\/image\/","url":"https:\/\/www.cornyn.senate.gov\/wp-content\/uploads\/2022\/01\/Logo-2.svg","contentUrl":"https:\/\/www.cornyn.senate.gov\/wp-content\/uploads\/2022\/01\/Logo-2.svg","caption":"Senator Cornyn"},"image":{"@id":"https:\/\/www.cornyn.senate.gov\/es-mx\/#\/schema\/logo\/image\/"},"sameAs":["https:\/\/www.facebook.com\/SenJohnCornyn","https:\/\/x.com\/johncornyn"]}]}},"_links":{"self":[{"href":"https:\/\/www.cornyn.senate.gov\/es-mx\/wp-json\/wp\/v2\/news\/34600","targetHints":{"allow":["GET"]}}],"collection":[{"href":"https:\/\/www.cornyn.senate.gov\/es-mx\/wp-json\/wp\/v2\/news"}],"about":[{"href":"https:\/\/www.cornyn.senate.gov\/es-mx\/wp-json\/wp\/v2\/types\/news"}],"author":[{"embeddable":true,"href":"https:\/\/www.cornyn.senate.gov\/es-mx\/wp-json\/wp\/v2\/users\/2"}],"version-history":[{"count":1,"href":"https:\/\/www.cornyn.senate.gov\/es-mx\/wp-json\/wp\/v2\/news\/34600\/revisions"}],"predecessor-version":[{"id":34602,"href":"https:\/\/www.cornyn.senate.gov\/es-mx\/wp-json\/wp\/v2\/news\/34600\/revisions\/34602"}],"wp:attachment":[{"href":"https:\/\/www.cornyn.senate.gov\/es-mx\/wp-json\/wp\/v2\/media?parent=34600"}],"wp:term":[{"taxonomy":"news-type","embeddable":true,"href":"https:\/\/www.cornyn.senate.gov\/es-mx\/wp-json\/wp\/v2\/news-type?post=34600"},{"taxonomy":"issues","embeddable":true,"href":"https:\/\/www.cornyn.senate.gov\/es-mx\/wp-json\/wp\/v2\/issues?post=34600"}],"curies":[{"name":"wp","href":"https:\/\/api.w.org\/{rel}","templated":true}]}}