{"id":34724,"date":"2023-01-31T12:45:23","date_gmt":"2023-01-31T17:45:23","guid":{"rendered":"https:\/\/www.cornyn.senate.gov\/news\/cornyn-la-administracion-biden-falsea-la-realidad-con-su-nueva-politica-fronteriza\/"},"modified":"2023-01-31T13:19:59","modified_gmt":"2023-01-31T18:19:59","slug":"cornyn-la-administracion-biden-falsea-la-realidad-con-su-nueva-politica-fronteriza","status":"publish","type":"news","link":"https:\/\/www.cornyn.senate.gov\/es-mx\/news\/cornyn-la-administracion-biden-falsea-la-realidad-con-su-nueva-politica-fronteriza\/","title":{"rendered":"Cornyn: la Administraci\u00f3n Biden falsea la realidad con su nueva pol\u00edtica fronteriza"},"content":{"rendered":"\t\t<div data-elementor-type=\"wp-post\" data-elementor-id=\"34724\" class=\"elementor elementor-34724 elementor-34708\" data-elementor-post-type=\"news\">\n\t\t\t\t\t\t<section class=\"elementor-section elementor-top-section elementor-element elementor-element-75668af0 elementor-section-boxed elementor-section-height-default elementor-section-height-default\" data-id=\"75668af0\" data-element_type=\"section\" data-e-type=\"section\">\n\t\t\t\t\t\t<div class=\"elementor-container elementor-column-gap-default\">\n\t\t\t\t\t<div class=\"elementor-column elementor-col-100 elementor-top-column elementor-element elementor-element-4ef35c0d\" data-id=\"4ef35c0d\" data-element_type=\"column\" data-e-type=\"column\">\n\t\t\t<div class=\"elementor-widget-wrap elementor-element-populated\">\n\t\t\t\t\t\t<section class=\"elementor-section elementor-inner-section elementor-element elementor-element-30d4da5c elementor-section-boxed elementor-section-height-default elementor-section-height-default\" data-id=\"30d4da5c\" data-element_type=\"section\" data-e-type=\"section\">\n\t\t\t\t\t\t<div class=\"elementor-container elementor-column-gap-default\">\n\t\t\t\t\t<div class=\"elementor-column elementor-col-50 elementor-inner-column elementor-element elementor-element-69a1f0d4\" data-id=\"69a1f0d4\" data-element_type=\"column\" data-e-type=\"column\">\n\t\t\t<div class=\"elementor-widget-wrap elementor-element-populated\">\n\t\t\t\t\t\t<div class=\"elementor-element elementor-element-72bcd3dd breadcrumb--back elementor-widget elementor-widget-button\" data-id=\"72bcd3dd\" data-element_type=\"widget\" data-e-type=\"widget\" data-widget_type=\"button.default\">\n\t\t\t\t<div class=\"elementor-widget-container\">\n\t\t\t\t\t\t\t\t\t<div class=\"elementor-button-wrapper\">\n\t\t\t\t\t<a class=\"elementor-button elementor-button-link elementor-size-sm\" href=\"\/noticias\/\">\n\t\t\t\t\t\t<span class=\"elementor-button-content-wrapper\">\n\t\t\t\t\t\t<span class=\"elementor-button-icon\">\n\t\t\t\t<i aria-hidden=\"true\" class=\"icon icon-arrow-left\"><\/i>\t\t\t<\/span>\n\t\t\t\t\t\t\t\t\t<span class=\"elementor-button-text\">Noticias<\/span>\n\t\t\t\t\t<\/span>\n\t\t\t\t\t<\/a>\n\t\t\t\t<\/div>\n\t\t\t\t\t\t\t\t<\/div>\n\t\t\t\t<\/div>\n\t\t\t\t\t<\/div>\n\t\t<\/div>\n\t\t\t\t<div class=\"elementor-column elementor-col-50 elementor-inner-column elementor-element elementor-element-c1424bd content-page__content\" data-id=\"c1424bd\" data-element_type=\"column\" data-e-type=\"column\">\n\t\t\t<div class=\"elementor-widget-wrap elementor-element-populated\">\n\t\t\t\t\t\t<div class=\"elementor-element elementor-element-45980964 elementor-widget elementor-widget-theme-post-title elementor-page-title elementor-widget-heading\" data-id=\"45980964\" data-element_type=\"widget\" data-e-type=\"widget\" data-widget_type=\"theme-post-title.default\">\n\t\t\t\t<div class=\"elementor-widget-container\">\n\t\t\t\t\t<h1 class=\"elementor-heading-title elementor-size-default\">Cornyn: la Administraci\u00f3n Biden falsea la realidad con su nueva pol\u00edtica fronteriza<\/h1>\t\t\t\t<\/div>\n\t\t\t\t<\/div>\n\t\t\t\t<div class=\"elementor-element elementor-element-2a6c276c elementor-widget-divider--view-line elementor-widget elementor-widget-divider\" data-id=\"2a6c276c\" data-element_type=\"widget\" data-e-type=\"widget\" data-widget_type=\"divider.default\">\n\t\t\t\t<div class=\"elementor-widget-container\">\n\t\t\t\t\t\t\t<div class=\"elementor-divider\">\n\t\t\t<span class=\"elementor-divider-separator\">\n\t\t\t\t\t\t<\/span>\n\t\t<\/div>\n\t\t\t\t\t\t<\/div>\n\t\t\t\t<\/div>\n\t\t\t\t<div class=\"elementor-element elementor-element-783a74f9 elementor-widget__width-initial elementor-widget-mobile__width-inherit elementor-widget elementor-widget-text-editor\" data-id=\"783a74f9\" data-element_type=\"widget\" data-e-type=\"widget\" data-widget_type=\"text-editor.default\">\n\t\t\t\t<div class=\"elementor-widget-container\">\n\t\t\t\t\t\t\t\t\tJanuary 31, 2023\t\t\t\t\t\t\t\t<\/div>\n\t\t\t\t<\/div>\n\t\t\t\t<div class=\"elementor-element elementor-element-579fa694 elementor-share-buttons--view-icon elementor-share-buttons--skin-flat elementor-share-buttons--shape-circle elementor-share-buttons--color-custom share-buttons elementor-widget__width-initial elementor-widget-mobile__width-inherit elementor-grid-0 elementor-widget elementor-widget-global elementor-global-33223 elementor-global-401 elementor-widget-share-buttons\" data-id=\"579fa694\" data-element_type=\"widget\" data-e-type=\"widget\" title=\"Share\" data-widget_type=\"share-buttons.default\">\n\t\t\t\t<div class=\"elementor-widget-container\">\n\t\t\t\t\t\t\t<div class=\"elementor-grid\" role=\"list\">\n\t\t\t\t\t\t\t\t<div class=\"elementor-grid-item\" role=\"listitem\">\n\t\t\t\t\t\t<div class=\"elementor-share-btn elementor-share-btn_email\" role=\"button\" tabindex=\"0\" aria-label=\"Share on email\">\n\t\t\t\t\t\t\t\t\t\t\t\t\t\t\t<span class=\"elementor-share-btn__icon\">\n\t\t\t\t\t\t\t\t<i class=\"fas fa-envelope\" aria-hidden=\"true\"><\/i>\t\t\t\t\t\t\t<\/span>\n\t\t\t\t\t\t\t\t\t\t\t\t\t\t\t\t\t\t\t\t<\/div>\n\t\t\t\t\t<\/div>\n\t\t\t\t\t\t\t\t\t<div class=\"elementor-grid-item\" role=\"listitem\">\n\t\t\t\t\t\t<div class=\"elementor-share-btn elementor-share-btn_linkedin\" role=\"button\" tabindex=\"0\" aria-label=\"Share on linkedin\">\n\t\t\t\t\t\t\t\t\t\t\t\t\t\t\t<span class=\"elementor-share-btn__icon\">\n\t\t\t\t\t\t\t\t<i class=\"fab fa-linkedin\" aria-hidden=\"true\"><\/i>\t\t\t\t\t\t\t<\/span>\n\t\t\t\t\t\t\t\t\t\t\t\t\t\t\t\t\t\t\t\t<\/div>\n\t\t\t\t\t<\/div>\n\t\t\t\t\t\t\t\t\t<div class=\"elementor-grid-item\" role=\"listitem\">\n\t\t\t\t\t\t<div class=\"elementor-share-btn elementor-share-btn_facebook\" role=\"button\" tabindex=\"0\" aria-label=\"Share on facebook\">\n\t\t\t\t\t\t\t\t\t\t\t\t\t\t\t<span class=\"elementor-share-btn__icon\">\n\t\t\t\t\t\t\t\t<i class=\"fab fa-facebook\" aria-hidden=\"true\"><\/i>\t\t\t\t\t\t\t<\/span>\n\t\t\t\t\t\t\t\t\t\t\t\t\t\t\t\t\t\t\t\t<\/div>\n\t\t\t\t\t<\/div>\n\t\t\t\t\t\t<\/div>\n\t\t\t\t\t\t<\/div>\n\t\t\t\t<\/div>\n\t\t\t\t<div class=\"elementor-element elementor-element-202a6e6d elementor-blockquote--skin-boxed elementor-widget elementor-widget-blockquote\" data-id=\"202a6e6d\" data-element_type=\"widget\" data-e-type=\"widget\" data-widget_type=\"blockquote.default\">\n\t\t\t\t<div class=\"elementor-widget-container\">\n\t\t\t\t\t\t\t<blockquote class=\"elementor-blockquote\">\n\t\t\t<p class=\"elementor-blockquote__content\">\n\t\t\t\tGente de todo el mundo se est\u00e1 aprovechando de las d\u00e9biles pol\u00edticas de la administraci\u00f3n Biden. <br><br>\n\nEsta nueva pol\u00edtica permite a la administraci\u00f3n extender la alfombra de bienvenida a decenas de miles de inmigrantes, al tiempo que hace parecer que el n\u00famero de inmigrantes ha disminuido, lo que no es cierto. <br><br>\n\nEl Presidente no ha resuelto el problema. Lo ha escondido debajo de la alfombra y podr\u00eda decirse que lo ha empeorado.\t\t\t<\/p>\n\t\t\t\t\t<\/blockquote>\n\t\t\t\t\t\t<\/div>\n\t\t\t\t<\/div>\n\t\t\t\t<div class=\"elementor-element elementor-element-1d495198 elementor-widget elementor-widget-text-editor\" data-id=\"1d495198\" data-element_type=\"widget\" data-e-type=\"widget\" data-widget_type=\"text-editor.default\">\n\t\t\t\t<div class=\"elementor-widget-container\">\n\t\t\t\t\t\t\t\t\t<p style=\"font-weight: 400;\"><strong>WASHINGTON<\/strong> &#8211; Hoy en el hemiciclo, el senador John Cornyn (republicano de Texas) habl\u00f3 sobre el fracaso de la nueva pol\u00edtica fronteriza de la administraci\u00f3n Biden, que no disuadir\u00e1 a los inmigrantes con solicitudes de asilo ileg\u00edtimas de intentar cruzar la frontera sur. A continuaci\u00f3n se ofrecen extractos de las declaraciones del Senador Cornyn, y <a href=\"https:\/\/youtu.be\/s89W6-4MeWE\">aqu\u00ed<\/a> puede verse el v\u00eddeo.<\/p>\n<p style=\"font-weight: 400;\"><em>&#8220;Gente de todo el mundo se aprovecha de las d\u00e9biles pol\u00edticas de la administraci\u00f3n Biden&#8221;.<\/em><\/p>\n<p style=\"font-weight: 400;\"><em>&#8220;Est\u00e1n cruzando nuestra frontera sur a un ritmo alarmante, imponiendo enormes cargas a las comunidades fronterizas de estados como el m\u00edo -Texas- que no disponen de recursos para hacer frente a las demandas de esta crisis.&#8221;<\/em><\/p>\n<p style=\"font-weight: 400;\"><em>&#8220;Bajo el nuevo plan de la administraci\u00f3n, hay una opci\u00f3n para cubanos, haitianos, nicarag\u00fcenses y venezolanos que les permitir\u00e1 permanecer en Estados Unidos durante dos a\u00f1os y recibir autorizaci\u00f3n de trabajo. \u00bfQu\u00e9 m\u00e1s im\u00e1n se necesita para que la gente venga a Estados Unidos que darles un permiso de trabajo y decirles que pueden permanecer aqu\u00ed legalmente durante dos a\u00f1os mientras esperan su proceso judicial?&#8221;<\/em><\/p>\n<p style=\"font-weight: 400;\"><em>&#8220;No es una soluci\u00f3n a las pol\u00edticas de fronteras abiertas que existen actualmente. No disuade a los inmigrantes de hacer el largo y peligroso viaje. S\u00f3lo reduce artificialmente las cifras&#8221;.<\/em><\/p>\n<p style=\"font-weight: 400;\"><em>&#8220;Han cogido a 30.000 personas y les han dicho: &#8216;Vale, vamos a hacer que vuestra entrada en el pa\u00eds sea legal, as\u00ed que por definici\u00f3n ya no es inmigraci\u00f3n ilegal&#8217; con un movimiento de varita m\u00e1gica. En resumen, esta nueva pol\u00edtica permite a la administraci\u00f3n extender la alfombra de bienvenida a decenas de miles de inmigrantes, al tiempo que hace parecer que las cifras han disminuido realmente, lo que no es el caso.&#8221;<\/em><\/p>\n<p style=\"font-weight: 400;\"><em>&#8220;\u00bfQu\u00e9 pasar\u00e1 cuando se cubran esas 30.000 plazas? \u00bfQu\u00e9 pasar\u00e1 cuando los inmigrantes tarden meses en recibir luz verde en lugar de semanas? Puedo decirles exactamente lo que ocurrir\u00e1. Los inmigrantes de esos cuatro pa\u00edses volver\u00e1n a cruzar ilegalmente la frontera. \u00bfSer\u00e1n expulsados en virtud del T\u00edtulo 42? \u00bfSer\u00e1n puestos en libertad condicional en el interior? S\u00f3lo el tiempo lo dir\u00e1. Pero una cosa es segura, una vez que la cola se haga demasiado larga, estaremos justo donde empezamos, s\u00f3lo que con un reto a\u00f1adido.&#8221; <\/em><\/p>\n<p style=\"font-weight: 400;\"><em>&#8220;El nuevo programa normaliza a los inmigrantes que llegan a Estados Unidos bas\u00e1ndose en hechos que no les dar\u00edan derecho a asilo seg\u00fan nuestras leyes actuales&#8221;.<\/em><\/p>\n<p style=\"font-weight: 400;\"><em>&#8220;Esto nos lleva quiz\u00e1s al mayor problema de todos: que la administraci\u00f3n eludi\u00f3 al Congreso para aplicar esta pol\u00edtica, lo que b\u00e1sicamente ha provocado un dolor de cabeza a\u00fan mayor. El presidente Biden est\u00e1 siguiendo los pasos del presidente Obama al crear una nueva categor\u00eda de inmigrantes sin consultar ni obtener el acuerdo del Congreso.&#8221;<\/em><\/p>\n<p style=\"font-weight: 400;\"><em>&#8220;El Presidente no ha resuelto el problema. S\u00f3lo lo ha escondido debajo de la alfombra, y podr\u00eda decirse que lo ha empeorado. Esta crisis es compleja, pero la soluci\u00f3n no lo es. La administraci\u00f3n tiene que comprometerse con el Congreso y hacer cumplir nuestras leyes de inmigraci\u00f3n que est\u00e1n en los libros.&#8221; <\/em><\/p>\n<p style=\"font-weight: 400;\"><em>&#8220;Si los inmigrantes de cualquier pa\u00eds ven que Estados Unidos detiene y expulsa r\u00e1pidamente a las personas que no tienen base legal para permanecer en nuestro pa\u00eds, el flujo de inmigraci\u00f3n ilegal disminuir\u00e1 dr\u00e1sticamente. Ese es el \u00fanico camino viable y donde la administraci\u00f3n deber\u00eda centrar su tiempo y esfuerzo.&#8221;<\/em><\/p>\n\t\t\t\t\t\t\t\t<\/div>\n\t\t\t\t<\/div>\n\t\t\t\t\t<\/div>\n\t\t<\/div>\n\t\t\t\t\t<\/div>\n\t\t<\/section>\n\t\t\t\t\t<\/div>\n\t\t<\/div>\n\t\t\t\t\t<\/div>\n\t\t<\/section>\n\t\t\t\t<\/div>\n\t\t","protected":false},"author":2,"template":"","news-type":[161],"issues":[171],"class_list":["post-34724","news","type-news","status-publish","hentry","news-type-press-releases-es-mx","issues-immigration-border-security-es-mx"],"acf":[],"yoast_head":"<!-- This site is optimized with the Yoast SEO plugin v27.2 - https:\/\/yoast.com\/product\/yoast-seo-wordpress\/ -->\n<title>Cornyn: la Administraci\u00f3n Biden falsea la realidad con su nueva pol\u00edtica fronteriza - Senator Cornyn<\/title>\n<meta name=\"description\" content=\"El Presidente no ha resuelto el problema. Lo ha escondido debajo de la alfombra y podr\u00eda decirse que lo ha empeorado.\" \/>\n<meta name=\"robots\" content=\"index, follow, max-snippet:-1, max-image-preview:large, max-video-preview:-1\" \/>\n<link rel=\"canonical\" href=\"https:\/\/www.cornyn.senate.gov\/es-mx\/news\/cornyn-la-administracion-biden-falsea-la-realidad-con-su-nueva-politica-fronteriza\/\" \/>\n<meta property=\"og:locale\" content=\"es_MX\" \/>\n<meta property=\"og:type\" content=\"article\" \/>\n<meta property=\"og:title\" content=\"Cornyn: la Administraci\u00f3n Biden falsea la realidad con su nueva pol\u00edtica fronteriza - Senator Cornyn\" \/>\n<meta property=\"og:description\" content=\"El Presidente no ha resuelto el problema. Lo ha escondido debajo de la alfombra y podr\u00eda decirse que lo ha empeorado.\" \/>\n<meta property=\"og:url\" content=\"https:\/\/www.cornyn.senate.gov\/es-mx\/news\/cornyn-la-administracion-biden-falsea-la-realidad-con-su-nueva-politica-fronteriza\/\" \/>\n<meta property=\"og:site_name\" content=\"Senator Cornyn\" \/>\n<meta property=\"article:publisher\" content=\"https:\/\/www.facebook.com\/SenJohnCornyn\" \/>\n<meta property=\"article:modified_time\" content=\"2023-01-31T18:19:59+00:00\" \/>\n<meta property=\"og:image\" content=\"https:\/\/www.cornyn.senate.gov\/wp-content\/uploads\/2023\/11\/Twitter-Card-Dec-23-1024x535.png\" \/>\n\t<meta property=\"og:image:width\" content=\"1024\" \/>\n\t<meta property=\"og:image:height\" content=\"535\" \/>\n\t<meta property=\"og:image:type\" content=\"image\/png\" \/>\n<meta name=\"twitter:card\" content=\"summary_large_image\" \/>\n<meta name=\"twitter:site\" content=\"@johncornyn\" \/>\n<meta name=\"twitter:label1\" content=\"Est. reading time\" \/>\n\t<meta name=\"twitter:data1\" content=\"3 minutes\" \/>\n<script type=\"application\/ld+json\" class=\"yoast-schema-graph\">{\"@context\":\"https:\/\/schema.org\",\"@graph\":[{\"@type\":\"WebPage\",\"@id\":\"https:\/\/www.cornyn.senate.gov\/es-mx\/news\/cornyn-la-administracion-biden-falsea-la-realidad-con-su-nueva-politica-fronteriza\/\",\"url\":\"https:\/\/www.cornyn.senate.gov\/es-mx\/news\/cornyn-la-administracion-biden-falsea-la-realidad-con-su-nueva-politica-fronteriza\/\",\"name\":\"Cornyn: la Administraci\u00f3n Biden falsea la realidad con su nueva pol\u00edtica fronteriza - Senator Cornyn\",\"isPartOf\":{\"@id\":\"https:\/\/www.cornyn.senate.gov\/es-mx\/#website\"},\"datePublished\":\"2023-01-31T17:45:23+00:00\",\"dateModified\":\"2023-01-31T18:19:59+00:00\",\"description\":\"El Presidente no ha resuelto el problema. Lo ha escondido debajo de la alfombra y podr\u00eda decirse que lo ha empeorado.\",\"breadcrumb\":{\"@id\":\"https:\/\/www.cornyn.senate.gov\/es-mx\/news\/cornyn-la-administracion-biden-falsea-la-realidad-con-su-nueva-politica-fronteriza\/#breadcrumb\"},\"inLanguage\":\"es-MX\",\"potentialAction\":[{\"@type\":\"ReadAction\",\"target\":[\"https:\/\/www.cornyn.senate.gov\/es-mx\/news\/cornyn-la-administracion-biden-falsea-la-realidad-con-su-nueva-politica-fronteriza\/\"]}]},{\"@type\":\"BreadcrumbList\",\"@id\":\"https:\/\/www.cornyn.senate.gov\/es-mx\/news\/cornyn-la-administracion-biden-falsea-la-realidad-con-su-nueva-politica-fronteriza\/#breadcrumb\",\"itemListElement\":[{\"@type\":\"ListItem\",\"position\":1,\"name\":\"Home\",\"item\":\"https:\/\/www.cornyn.senate.gov\/es-mx\/\"},{\"@type\":\"ListItem\",\"position\":2,\"name\":\"News\",\"item\":\"https:\/\/www.cornyn.senate.gov\/es-mx\/news\/\"},{\"@type\":\"ListItem\",\"position\":3,\"name\":\"Cornyn: la Administraci\u00f3n Biden falsea la realidad con su nueva pol\u00edtica fronteriza\"}]},{\"@type\":\"WebSite\",\"@id\":\"https:\/\/www.cornyn.senate.gov\/es-mx\/#website\",\"url\":\"https:\/\/www.cornyn.senate.gov\/es-mx\/\",\"name\":\"Senator Cornyn\",\"description\":\"\",\"publisher\":{\"@id\":\"https:\/\/www.cornyn.senate.gov\/es-mx\/#organization\"},\"potentialAction\":[{\"@type\":\"SearchAction\",\"target\":{\"@type\":\"EntryPoint\",\"urlTemplate\":\"https:\/\/www.cornyn.senate.gov\/es-mx\/?s={search_term_string}\"},\"query-input\":{\"@type\":\"PropertyValueSpecification\",\"valueRequired\":true,\"valueName\":\"search_term_string\"}}],\"inLanguage\":\"es-MX\"},{\"@type\":\"Organization\",\"@id\":\"https:\/\/www.cornyn.senate.gov\/es-mx\/#organization\",\"name\":\"Senator Cornyn\",\"url\":\"https:\/\/www.cornyn.senate.gov\/es-mx\/\",\"logo\":{\"@type\":\"ImageObject\",\"inLanguage\":\"es-MX\",\"@id\":\"https:\/\/www.cornyn.senate.gov\/es-mx\/#\/schema\/logo\/image\/\",\"url\":\"https:\/\/www.cornyn.senate.gov\/wp-content\/uploads\/2022\/01\/Logo-2.svg\",\"contentUrl\":\"https:\/\/www.cornyn.senate.gov\/wp-content\/uploads\/2022\/01\/Logo-2.svg\",\"caption\":\"Senator Cornyn\"},\"image\":{\"@id\":\"https:\/\/www.cornyn.senate.gov\/es-mx\/#\/schema\/logo\/image\/\"},\"sameAs\":[\"https:\/\/www.facebook.com\/SenJohnCornyn\",\"https:\/\/x.com\/johncornyn\"]}]}<\/script>\n<!-- \/ Yoast SEO plugin. -->","yoast_head_json":{"title":"Cornyn: la Administraci\u00f3n Biden falsea la realidad con su nueva pol\u00edtica fronteriza - Senator Cornyn","description":"El Presidente no ha resuelto el problema. Lo ha escondido debajo de la alfombra y podr\u00eda decirse que lo ha empeorado.","robots":{"index":"index","follow":"follow","max-snippet":"max-snippet:-1","max-image-preview":"max-image-preview:large","max-video-preview":"max-video-preview:-1"},"canonical":"https:\/\/www.cornyn.senate.gov\/es-mx\/news\/cornyn-la-administracion-biden-falsea-la-realidad-con-su-nueva-politica-fronteriza\/","og_locale":"es_MX","og_type":"article","og_title":"Cornyn: la Administraci\u00f3n Biden falsea la realidad con su nueva pol\u00edtica fronteriza - Senator Cornyn","og_description":"El Presidente no ha resuelto el problema. Lo ha escondido debajo de la alfombra y podr\u00eda decirse que lo ha empeorado.","og_url":"https:\/\/www.cornyn.senate.gov\/es-mx\/news\/cornyn-la-administracion-biden-falsea-la-realidad-con-su-nueva-politica-fronteriza\/","og_site_name":"Senator Cornyn","article_publisher":"https:\/\/www.facebook.com\/SenJohnCornyn","article_modified_time":"2023-01-31T18:19:59+00:00","og_image":[{"width":1024,"height":535,"url":"https:\/\/www.cornyn.senate.gov\/wp-content\/uploads\/2023\/11\/Twitter-Card-Dec-23-1024x535.png","type":"image\/png"}],"twitter_card":"summary_large_image","twitter_site":"@johncornyn","twitter_misc":{"Est. reading time":"3 minutes"},"schema":{"@context":"https:\/\/schema.org","@graph":[{"@type":"WebPage","@id":"https:\/\/www.cornyn.senate.gov\/es-mx\/news\/cornyn-la-administracion-biden-falsea-la-realidad-con-su-nueva-politica-fronteriza\/","url":"https:\/\/www.cornyn.senate.gov\/es-mx\/news\/cornyn-la-administracion-biden-falsea-la-realidad-con-su-nueva-politica-fronteriza\/","name":"Cornyn: la Administraci\u00f3n Biden falsea la realidad con su nueva pol\u00edtica fronteriza - Senator Cornyn","isPartOf":{"@id":"https:\/\/www.cornyn.senate.gov\/es-mx\/#website"},"datePublished":"2023-01-31T17:45:23+00:00","dateModified":"2023-01-31T18:19:59+00:00","description":"El Presidente no ha resuelto el problema. Lo ha escondido debajo de la alfombra y podr\u00eda decirse que lo ha empeorado.","breadcrumb":{"@id":"https:\/\/www.cornyn.senate.gov\/es-mx\/news\/cornyn-la-administracion-biden-falsea-la-realidad-con-su-nueva-politica-fronteriza\/#breadcrumb"},"inLanguage":"es-MX","potentialAction":[{"@type":"ReadAction","target":["https:\/\/www.cornyn.senate.gov\/es-mx\/news\/cornyn-la-administracion-biden-falsea-la-realidad-con-su-nueva-politica-fronteriza\/"]}]},{"@type":"BreadcrumbList","@id":"https:\/\/www.cornyn.senate.gov\/es-mx\/news\/cornyn-la-administracion-biden-falsea-la-realidad-con-su-nueva-politica-fronteriza\/#breadcrumb","itemListElement":[{"@type":"ListItem","position":1,"name":"Home","item":"https:\/\/www.cornyn.senate.gov\/es-mx\/"},{"@type":"ListItem","position":2,"name":"News","item":"https:\/\/www.cornyn.senate.gov\/es-mx\/news\/"},{"@type":"ListItem","position":3,"name":"Cornyn: la Administraci\u00f3n Biden falsea la realidad con su nueva pol\u00edtica fronteriza"}]},{"@type":"WebSite","@id":"https:\/\/www.cornyn.senate.gov\/es-mx\/#website","url":"https:\/\/www.cornyn.senate.gov\/es-mx\/","name":"Senator Cornyn","description":"","publisher":{"@id":"https:\/\/www.cornyn.senate.gov\/es-mx\/#organization"},"potentialAction":[{"@type":"SearchAction","target":{"@type":"EntryPoint","urlTemplate":"https:\/\/www.cornyn.senate.gov\/es-mx\/?s={search_term_string}"},"query-input":{"@type":"PropertyValueSpecification","valueRequired":true,"valueName":"search_term_string"}}],"inLanguage":"es-MX"},{"@type":"Organization","@id":"https:\/\/www.cornyn.senate.gov\/es-mx\/#organization","name":"Senator Cornyn","url":"https:\/\/www.cornyn.senate.gov\/es-mx\/","logo":{"@type":"ImageObject","inLanguage":"es-MX","@id":"https:\/\/www.cornyn.senate.gov\/es-mx\/#\/schema\/logo\/image\/","url":"https:\/\/www.cornyn.senate.gov\/wp-content\/uploads\/2022\/01\/Logo-2.svg","contentUrl":"https:\/\/www.cornyn.senate.gov\/wp-content\/uploads\/2022\/01\/Logo-2.svg","caption":"Senator Cornyn"},"image":{"@id":"https:\/\/www.cornyn.senate.gov\/es-mx\/#\/schema\/logo\/image\/"},"sameAs":["https:\/\/www.facebook.com\/SenJohnCornyn","https:\/\/x.com\/johncornyn"]}]}},"_links":{"self":[{"href":"https:\/\/www.cornyn.senate.gov\/es-mx\/wp-json\/wp\/v2\/news\/34724","targetHints":{"allow":["GET"]}}],"collection":[{"href":"https:\/\/www.cornyn.senate.gov\/es-mx\/wp-json\/wp\/v2\/news"}],"about":[{"href":"https:\/\/www.cornyn.senate.gov\/es-mx\/wp-json\/wp\/v2\/types\/news"}],"author":[{"embeddable":true,"href":"https:\/\/www.cornyn.senate.gov\/es-mx\/wp-json\/wp\/v2\/users\/2"}],"version-history":[{"count":1,"href":"https:\/\/www.cornyn.senate.gov\/es-mx\/wp-json\/wp\/v2\/news\/34724\/revisions"}],"predecessor-version":[{"id":34726,"href":"https:\/\/www.cornyn.senate.gov\/es-mx\/wp-json\/wp\/v2\/news\/34724\/revisions\/34726"}],"wp:attachment":[{"href":"https:\/\/www.cornyn.senate.gov\/es-mx\/wp-json\/wp\/v2\/media?parent=34724"}],"wp:term":[{"taxonomy":"news-type","embeddable":true,"href":"https:\/\/www.cornyn.senate.gov\/es-mx\/wp-json\/wp\/v2\/news-type?post=34724"},{"taxonomy":"issues","embeddable":true,"href":"https:\/\/www.cornyn.senate.gov\/es-mx\/wp-json\/wp\/v2\/issues?post=34724"}],"curies":[{"name":"wp","href":"https:\/\/api.w.org\/{rel}","templated":true}]}}