{"id":34988,"date":"2023-02-08T17:15:32","date_gmt":"2023-02-08T22:15:32","guid":{"rendered":"https:\/\/www.cornyn.senate.gov\/news\/cornyn-y-cruz-apoyan-la-peticion-de-abbott-de-una-declaracion-federal-de-emergencia-por-desastre-para-el-sureste-de-texas\/"},"modified":"2023-02-08T17:27:28","modified_gmt":"2023-02-08T22:27:28","slug":"cornyn-y-cruz-apoyan-la-peticion-de-abbott-de-una-declaracion-federal-de-emergencia-por-desastre-para-el-sureste-de-texas","status":"publish","type":"news","link":"https:\/\/www.cornyn.senate.gov\/es-mx\/news\/cornyn-y-cruz-apoyan-la-peticion-de-abbott-de-una-declaracion-federal-de-emergencia-por-desastre-para-el-sureste-de-texas\/","title":{"rendered":"Cornyn y Cruz apoyan la petici\u00f3n de Abbott de una declaraci\u00f3n federal de emergencia por desastre para el sureste de Texas"},"content":{"rendered":"\t\t<div data-elementor-type=\"wp-post\" data-elementor-id=\"34988\" class=\"elementor elementor-34988 elementor-34970\" data-elementor-post-type=\"news\">\n\t\t\t\t\t\t<section class=\"elementor-section elementor-top-section elementor-element elementor-element-124f449f elementor-section-boxed elementor-section-height-default elementor-section-height-default\" data-id=\"124f449f\" data-element_type=\"section\" data-e-type=\"section\">\n\t\t\t\t\t\t<div class=\"elementor-container elementor-column-gap-default\">\n\t\t\t\t\t<div class=\"elementor-column elementor-col-100 elementor-top-column elementor-element elementor-element-785c4c2f\" data-id=\"785c4c2f\" data-element_type=\"column\" data-e-type=\"column\">\n\t\t\t<div class=\"elementor-widget-wrap elementor-element-populated\">\n\t\t\t\t\t\t<section class=\"elementor-section elementor-inner-section elementor-element elementor-element-4bb538da elementor-section-boxed elementor-section-height-default elementor-section-height-default\" data-id=\"4bb538da\" data-element_type=\"section\" data-e-type=\"section\">\n\t\t\t\t\t\t<div class=\"elementor-container elementor-column-gap-default\">\n\t\t\t\t\t<div class=\"elementor-column elementor-col-50 elementor-inner-column elementor-element elementor-element-356b9079\" data-id=\"356b9079\" data-element_type=\"column\" data-e-type=\"column\">\n\t\t\t<div class=\"elementor-widget-wrap elementor-element-populated\">\n\t\t\t\t\t\t<div class=\"elementor-element elementor-element-428550d8 breadcrumb--back elementor-widget elementor-widget-button\" data-id=\"428550d8\" data-element_type=\"widget\" data-e-type=\"widget\" data-widget_type=\"button.default\">\n\t\t\t\t<div class=\"elementor-widget-container\">\n\t\t\t\t\t\t\t\t\t<div class=\"elementor-button-wrapper\">\n\t\t\t\t\t<a class=\"elementor-button elementor-button-link elementor-size-sm\" href=\"\/noticias\/\">\n\t\t\t\t\t\t<span class=\"elementor-button-content-wrapper\">\n\t\t\t\t\t\t<span class=\"elementor-button-icon\">\n\t\t\t\t<i aria-hidden=\"true\" class=\"icon icon-arrow-left\"><\/i>\t\t\t<\/span>\n\t\t\t\t\t\t\t\t\t<span class=\"elementor-button-text\">Noticias<\/span>\n\t\t\t\t\t<\/span>\n\t\t\t\t\t<\/a>\n\t\t\t\t<\/div>\n\t\t\t\t\t\t\t\t<\/div>\n\t\t\t\t<\/div>\n\t\t\t\t\t<\/div>\n\t\t<\/div>\n\t\t\t\t<div class=\"elementor-column elementor-col-50 elementor-inner-column elementor-element elementor-element-594912bf content-page__content\" data-id=\"594912bf\" data-element_type=\"column\" data-e-type=\"column\">\n\t\t\t<div class=\"elementor-widget-wrap elementor-element-populated\">\n\t\t\t\t\t\t<div class=\"elementor-element elementor-element-5f67ef25 elementor-widget elementor-widget-theme-post-title elementor-page-title elementor-widget-heading\" data-id=\"5f67ef25\" data-element_type=\"widget\" data-e-type=\"widget\" data-widget_type=\"theme-post-title.default\">\n\t\t\t\t<div class=\"elementor-widget-container\">\n\t\t\t\t\t<h1 class=\"elementor-heading-title elementor-size-default\">Cornyn y Cruz apoyan la petici\u00f3n de Abbott de una declaraci\u00f3n federal de emergencia por desastre para el sureste de Texas<\/h1>\t\t\t\t<\/div>\n\t\t\t\t<\/div>\n\t\t\t\t<div class=\"elementor-element elementor-element-78b565fc elementor-widget-divider--view-line elementor-widget elementor-widget-divider\" data-id=\"78b565fc\" data-element_type=\"widget\" data-e-type=\"widget\" data-widget_type=\"divider.default\">\n\t\t\t\t<div class=\"elementor-widget-container\">\n\t\t\t\t\t\t\t<div class=\"elementor-divider\">\n\t\t\t<span class=\"elementor-divider-separator\">\n\t\t\t\t\t\t<\/span>\n\t\t<\/div>\n\t\t\t\t\t\t<\/div>\n\t\t\t\t<\/div>\n\t\t\t\t<div class=\"elementor-element elementor-element-7fa015a2 elementor-widget__width-initial elementor-widget-mobile__width-inherit elementor-widget elementor-widget-text-editor\" data-id=\"7fa015a2\" data-element_type=\"widget\" data-e-type=\"widget\" data-widget_type=\"text-editor.default\">\n\t\t\t\t<div class=\"elementor-widget-container\">\n\t\t\t\t\t\t\t\t\tFebruary 8, 2023\t\t\t\t\t\t\t\t<\/div>\n\t\t\t\t<\/div>\n\t\t\t\t<div class=\"elementor-element elementor-element-683890a8 elementor-share-buttons--view-icon elementor-share-buttons--skin-flat elementor-share-buttons--shape-circle elementor-share-buttons--color-custom share-buttons elementor-widget__width-initial elementor-widget-mobile__width-inherit elementor-grid-0 elementor-widget elementor-widget-share-buttons\" data-id=\"683890a8\" data-element_type=\"widget\" data-e-type=\"widget\" title=\"Share\" data-widget_type=\"share-buttons.default\">\n\t\t\t\t<div class=\"elementor-widget-container\">\n\t\t\t\t\t\t\t<div class=\"elementor-grid\" role=\"list\">\n\t\t\t\t\t\t\t\t<div class=\"elementor-grid-item\" role=\"listitem\">\n\t\t\t\t\t\t<div class=\"elementor-share-btn elementor-share-btn_email\" role=\"button\" tabindex=\"0\" aria-label=\"Share on email\">\n\t\t\t\t\t\t\t\t\t\t\t\t\t\t\t<span class=\"elementor-share-btn__icon\">\n\t\t\t\t\t\t\t\t<i class=\"fas fa-envelope\" aria-hidden=\"true\"><\/i>\t\t\t\t\t\t\t<\/span>\n\t\t\t\t\t\t\t\t\t\t\t\t\t\t\t\t\t\t\t\t<\/div>\n\t\t\t\t\t<\/div>\n\t\t\t\t\t\t\t\t\t<div class=\"elementor-grid-item\" role=\"listitem\">\n\t\t\t\t\t\t<div class=\"elementor-share-btn elementor-share-btn_linkedin\" role=\"button\" tabindex=\"0\" aria-label=\"Share on linkedin\">\n\t\t\t\t\t\t\t\t\t\t\t\t\t\t\t<span class=\"elementor-share-btn__icon\">\n\t\t\t\t\t\t\t\t<i class=\"fab fa-linkedin\" aria-hidden=\"true\"><\/i>\t\t\t\t\t\t\t<\/span>\n\t\t\t\t\t\t\t\t\t\t\t\t\t\t\t\t\t\t\t\t<\/div>\n\t\t\t\t\t<\/div>\n\t\t\t\t\t\t\t\t\t<div class=\"elementor-grid-item\" role=\"listitem\">\n\t\t\t\t\t\t<div class=\"elementor-share-btn elementor-share-btn_facebook\" role=\"button\" tabindex=\"0\" aria-label=\"Share on facebook\">\n\t\t\t\t\t\t\t\t\t\t\t\t\t\t\t<span class=\"elementor-share-btn__icon\">\n\t\t\t\t\t\t\t\t<i class=\"fab fa-facebook\" aria-hidden=\"true\"><\/i>\t\t\t\t\t\t\t<\/span>\n\t\t\t\t\t\t\t\t\t\t\t\t\t\t\t\t\t\t\t\t<\/div>\n\t\t\t\t\t<\/div>\n\t\t\t\t\t\t<\/div>\n\t\t\t\t\t\t<\/div>\n\t\t\t\t<\/div>\n\t\t\t\t<div class=\"elementor-element elementor-element-59aa94d3 elementor-widget elementor-widget-text-editor\" data-id=\"59aa94d3\" data-element_type=\"widget\" data-e-type=\"widget\" data-widget_type=\"text-editor.default\">\n\t\t\t\t<div class=\"elementor-widget-container\">\n\t\t\t\t\t\t\t\t\t<p><strong>WASHINGTON <\/strong>&#8211; Los senadores estadounidenses John Cornyn (R-TX) y Ted Cruz (R-TX) escribieron hoy una carta al presidente Biden apoyando la solicitud del gobernador de Texas Abbott de una declaraci\u00f3n de desastre de emergencia para proporcionar asistencia federal a los tejanos afectados por el clima severo en los condados de Harris, Jefferson, Liberty y Orange el mes pasado. <\/p>\n<p>Los senadores escribieron, <em>&#8220;El Gobernador y los funcionarios locales nos han informado de que la gravedad y la magnitud de la tormenta superan las capacidades de respuesta del gobierno estatal y local. El desplazamiento prolongado debido a los da\u00f1os en viviendas, negocios y otras propiedades es s\u00f3lo uno de los muchos peligros a los que se enfrentan los tejanos en las zonas afectadas. Le instamos respetuosamente a que apruebe la solicitud del Gobernador de Asistencia Individual en los condados de Harris, Jefferson, Liberty y Orange&#8221;.<\/em><\/p>\n<p>A continuaci\u00f3n figura el texto \u00edntegro de la carta.<\/p>\n<\/p>\n<p style=\"text-align: center;\">8 de febrero de 2023<\/p>\n<p>Honorable Joseph R. Biden, Jr.<\/p>\n<p>Presidente de los Estados Unidos<\/p>\n<p>La Casa Blanca<\/p>\n<p>Avenida Pennsylvania 1600<\/p>\n<p>Washington, D.C. 20500<\/p>\n<\/p>\n<p>Se\u00f1or Presidente:<\/p>\n<p>Entendemos que el Estado de Texas, a trav\u00e9s de la Oficina del Gobernador, ha hecho una solicitud formal para una declaraci\u00f3n de desastre de emergencia como resultado del clima severo que comenz\u00f3 el 23 de enero de 2023 e impact\u00f3 el sureste de Texas. Como ustedes saben, el gobernador Abbott ya ha declarado un desastre estatal en los condados de Harris, Jefferson, Liberty y Orange. Las grandes tormentas, incluidos los tornados y las lluvias torrenciales, han afectado a hogares y empresas y constituyen una amenaza continua para la salud y la seguridad de los tejanos.<\/p>\n<p>El Gobernador y los funcionarios locales nos han informado de que la gravedad y la magnitud de la tormenta superan las capacidades de respuesta del gobierno estatal y local. El desplazamiento prolongado debido a los da\u00f1os sufridos por viviendas, negocios y otras propiedades es s\u00f3lo uno de los muchos peligros a los que se enfrentan los tejanos de las zonas afectadas. Respetuosamente le instamos a que apruebe la solicitud del Gobernador de Asistencia Individual en los condados de Harris, Jefferson, Liberty y Orange.<\/p>\n<p>Estamos dispuestos a ayudarle en todo lo posible para garantizar la r\u00e1pida evaluaci\u00f3n de esta solicitud. No dude en ponerse en contacto con nuestras oficinas si tiene alguna pregunta.<\/p>\n<p>Atentamente,<\/p>\n<p>\/S\/<\/p>\n\t\t\t\t\t\t\t\t<\/div>\n\t\t\t\t<\/div>\n\t\t\t\t\t<\/div>\n\t\t<\/div>\n\t\t\t\t\t<\/div>\n\t\t<\/section>\n\t\t\t\t\t<\/div>\n\t\t<\/div>\n\t\t\t\t\t<\/div>\n\t\t<\/section>\n\t\t\t\t<\/div>\n\t\t","protected":false},"author":2,"template":"","news-type":[161],"issues":[179],"class_list":["post-34988","news","type-news","status-publish","hentry","news-type-press-releases-es-mx","issues-disaster-emergency-preparedness-es-mx"],"acf":[],"yoast_head":"<!-- This site is optimized with the Yoast SEO plugin v27.2 - https:\/\/yoast.com\/product\/yoast-seo-wordpress\/ -->\n<title>Cornyn y Cruz apoyan la petici\u00f3n de Abbott de una declaraci\u00f3n federal de emergencia por desastre para el sureste de Texas - Senator Cornyn<\/title>\n<meta name=\"description\" content=\"Los senadores Cornyn y Cruz escribieron hoy una carta al presidente Biden apoyando la solicitud del gobernador Abbott de una declaraci\u00f3n de desastre de emergencia\" \/>\n<meta name=\"robots\" content=\"index, follow, max-snippet:-1, max-image-preview:large, max-video-preview:-1\" \/>\n<link rel=\"canonical\" href=\"https:\/\/www.cornyn.senate.gov\/es-mx\/news\/cornyn-y-cruz-apoyan-la-peticion-de-abbott-de-una-declaracion-federal-de-emergencia-por-desastre-para-el-sureste-de-texas\/\" \/>\n<meta property=\"og:locale\" content=\"es_MX\" \/>\n<meta property=\"og:type\" content=\"article\" \/>\n<meta property=\"og:title\" content=\"Cornyn y Cruz apoyan la petici\u00f3n de Abbott de una declaraci\u00f3n federal de emergencia por desastre para el sureste de Texas - Senator Cornyn\" \/>\n<meta property=\"og:description\" content=\"Los senadores Cornyn y Cruz escribieron hoy una carta al presidente Biden apoyando la solicitud del gobernador Abbott de una declaraci\u00f3n de desastre de emergencia\" \/>\n<meta property=\"og:url\" content=\"https:\/\/www.cornyn.senate.gov\/es-mx\/news\/cornyn-y-cruz-apoyan-la-peticion-de-abbott-de-una-declaracion-federal-de-emergencia-por-desastre-para-el-sureste-de-texas\/\" \/>\n<meta property=\"og:site_name\" content=\"Senator Cornyn\" \/>\n<meta property=\"article:publisher\" content=\"https:\/\/www.facebook.com\/SenJohnCornyn\" \/>\n<meta property=\"article:modified_time\" content=\"2023-02-08T22:27:28+00:00\" \/>\n<meta property=\"og:image\" content=\"https:\/\/www.cornyn.senate.gov\/wp-content\/uploads\/2023\/11\/Twitter-Card-Dec-23-1024x535.png\" \/>\n\t<meta property=\"og:image:width\" content=\"1024\" \/>\n\t<meta property=\"og:image:height\" content=\"535\" \/>\n\t<meta property=\"og:image:type\" content=\"image\/png\" \/>\n<meta name=\"twitter:card\" content=\"summary_large_image\" \/>\n<meta name=\"twitter:site\" content=\"@johncornyn\" \/>\n<meta name=\"twitter:label1\" content=\"Est. reading time\" \/>\n\t<meta name=\"twitter:data1\" content=\"2 minutes\" \/>\n<script type=\"application\/ld+json\" class=\"yoast-schema-graph\">{\"@context\":\"https:\/\/schema.org\",\"@graph\":[{\"@type\":\"WebPage\",\"@id\":\"https:\/\/www.cornyn.senate.gov\/es-mx\/news\/cornyn-y-cruz-apoyan-la-peticion-de-abbott-de-una-declaracion-federal-de-emergencia-por-desastre-para-el-sureste-de-texas\/\",\"url\":\"https:\/\/www.cornyn.senate.gov\/es-mx\/news\/cornyn-y-cruz-apoyan-la-peticion-de-abbott-de-una-declaracion-federal-de-emergencia-por-desastre-para-el-sureste-de-texas\/\",\"name\":\"Cornyn y Cruz apoyan la petici\u00f3n de Abbott de una declaraci\u00f3n federal de emergencia por desastre para el sureste de Texas - Senator Cornyn\",\"isPartOf\":{\"@id\":\"https:\/\/www.cornyn.senate.gov\/es-mx\/#website\"},\"datePublished\":\"2023-02-08T22:15:32+00:00\",\"dateModified\":\"2023-02-08T22:27:28+00:00\",\"description\":\"Los senadores Cornyn y Cruz escribieron hoy una carta al presidente Biden apoyando la solicitud del gobernador Abbott de una declaraci\u00f3n de desastre de emergencia\",\"breadcrumb\":{\"@id\":\"https:\/\/www.cornyn.senate.gov\/es-mx\/news\/cornyn-y-cruz-apoyan-la-peticion-de-abbott-de-una-declaracion-federal-de-emergencia-por-desastre-para-el-sureste-de-texas\/#breadcrumb\"},\"inLanguage\":\"es-MX\",\"potentialAction\":[{\"@type\":\"ReadAction\",\"target\":[\"https:\/\/www.cornyn.senate.gov\/es-mx\/news\/cornyn-y-cruz-apoyan-la-peticion-de-abbott-de-una-declaracion-federal-de-emergencia-por-desastre-para-el-sureste-de-texas\/\"]}]},{\"@type\":\"BreadcrumbList\",\"@id\":\"https:\/\/www.cornyn.senate.gov\/es-mx\/news\/cornyn-y-cruz-apoyan-la-peticion-de-abbott-de-una-declaracion-federal-de-emergencia-por-desastre-para-el-sureste-de-texas\/#breadcrumb\",\"itemListElement\":[{\"@type\":\"ListItem\",\"position\":1,\"name\":\"Home\",\"item\":\"https:\/\/www.cornyn.senate.gov\/es-mx\/\"},{\"@type\":\"ListItem\",\"position\":2,\"name\":\"News\",\"item\":\"https:\/\/www.cornyn.senate.gov\/es-mx\/news\/\"},{\"@type\":\"ListItem\",\"position\":3,\"name\":\"Cornyn y Cruz apoyan la petici\u00f3n de Abbott de una declaraci\u00f3n federal de emergencia por desastre para el sureste de Texas\"}]},{\"@type\":\"WebSite\",\"@id\":\"https:\/\/www.cornyn.senate.gov\/es-mx\/#website\",\"url\":\"https:\/\/www.cornyn.senate.gov\/es-mx\/\",\"name\":\"Senator Cornyn\",\"description\":\"\",\"publisher\":{\"@id\":\"https:\/\/www.cornyn.senate.gov\/es-mx\/#organization\"},\"potentialAction\":[{\"@type\":\"SearchAction\",\"target\":{\"@type\":\"EntryPoint\",\"urlTemplate\":\"https:\/\/www.cornyn.senate.gov\/es-mx\/?s={search_term_string}\"},\"query-input\":{\"@type\":\"PropertyValueSpecification\",\"valueRequired\":true,\"valueName\":\"search_term_string\"}}],\"inLanguage\":\"es-MX\"},{\"@type\":\"Organization\",\"@id\":\"https:\/\/www.cornyn.senate.gov\/es-mx\/#organization\",\"name\":\"Senator Cornyn\",\"url\":\"https:\/\/www.cornyn.senate.gov\/es-mx\/\",\"logo\":{\"@type\":\"ImageObject\",\"inLanguage\":\"es-MX\",\"@id\":\"https:\/\/www.cornyn.senate.gov\/es-mx\/#\/schema\/logo\/image\/\",\"url\":\"https:\/\/www.cornyn.senate.gov\/wp-content\/uploads\/2022\/01\/Logo-2.svg\",\"contentUrl\":\"https:\/\/www.cornyn.senate.gov\/wp-content\/uploads\/2022\/01\/Logo-2.svg\",\"caption\":\"Senator Cornyn\"},\"image\":{\"@id\":\"https:\/\/www.cornyn.senate.gov\/es-mx\/#\/schema\/logo\/image\/\"},\"sameAs\":[\"https:\/\/www.facebook.com\/SenJohnCornyn\",\"https:\/\/x.com\/johncornyn\"]}]}<\/script>\n<!-- \/ Yoast SEO plugin. -->","yoast_head_json":{"title":"Cornyn y Cruz apoyan la petici\u00f3n de Abbott de una declaraci\u00f3n federal de emergencia por desastre para el sureste de Texas - Senator Cornyn","description":"Los senadores Cornyn y Cruz escribieron hoy una carta al presidente Biden apoyando la solicitud del gobernador Abbott de una declaraci\u00f3n de desastre de emergencia","robots":{"index":"index","follow":"follow","max-snippet":"max-snippet:-1","max-image-preview":"max-image-preview:large","max-video-preview":"max-video-preview:-1"},"canonical":"https:\/\/www.cornyn.senate.gov\/es-mx\/news\/cornyn-y-cruz-apoyan-la-peticion-de-abbott-de-una-declaracion-federal-de-emergencia-por-desastre-para-el-sureste-de-texas\/","og_locale":"es_MX","og_type":"article","og_title":"Cornyn y Cruz apoyan la petici\u00f3n de Abbott de una declaraci\u00f3n federal de emergencia por desastre para el sureste de Texas - Senator Cornyn","og_description":"Los senadores Cornyn y Cruz escribieron hoy una carta al presidente Biden apoyando la solicitud del gobernador Abbott de una declaraci\u00f3n de desastre de emergencia","og_url":"https:\/\/www.cornyn.senate.gov\/es-mx\/news\/cornyn-y-cruz-apoyan-la-peticion-de-abbott-de-una-declaracion-federal-de-emergencia-por-desastre-para-el-sureste-de-texas\/","og_site_name":"Senator Cornyn","article_publisher":"https:\/\/www.facebook.com\/SenJohnCornyn","article_modified_time":"2023-02-08T22:27:28+00:00","og_image":[{"width":1024,"height":535,"url":"https:\/\/www.cornyn.senate.gov\/wp-content\/uploads\/2023\/11\/Twitter-Card-Dec-23-1024x535.png","type":"image\/png"}],"twitter_card":"summary_large_image","twitter_site":"@johncornyn","twitter_misc":{"Est. reading time":"2 minutes"},"schema":{"@context":"https:\/\/schema.org","@graph":[{"@type":"WebPage","@id":"https:\/\/www.cornyn.senate.gov\/es-mx\/news\/cornyn-y-cruz-apoyan-la-peticion-de-abbott-de-una-declaracion-federal-de-emergencia-por-desastre-para-el-sureste-de-texas\/","url":"https:\/\/www.cornyn.senate.gov\/es-mx\/news\/cornyn-y-cruz-apoyan-la-peticion-de-abbott-de-una-declaracion-federal-de-emergencia-por-desastre-para-el-sureste-de-texas\/","name":"Cornyn y Cruz apoyan la petici\u00f3n de Abbott de una declaraci\u00f3n federal de emergencia por desastre para el sureste de Texas - Senator Cornyn","isPartOf":{"@id":"https:\/\/www.cornyn.senate.gov\/es-mx\/#website"},"datePublished":"2023-02-08T22:15:32+00:00","dateModified":"2023-02-08T22:27:28+00:00","description":"Los senadores Cornyn y Cruz escribieron hoy una carta al presidente Biden apoyando la solicitud del gobernador Abbott de una declaraci\u00f3n de desastre de emergencia","breadcrumb":{"@id":"https:\/\/www.cornyn.senate.gov\/es-mx\/news\/cornyn-y-cruz-apoyan-la-peticion-de-abbott-de-una-declaracion-federal-de-emergencia-por-desastre-para-el-sureste-de-texas\/#breadcrumb"},"inLanguage":"es-MX","potentialAction":[{"@type":"ReadAction","target":["https:\/\/www.cornyn.senate.gov\/es-mx\/news\/cornyn-y-cruz-apoyan-la-peticion-de-abbott-de-una-declaracion-federal-de-emergencia-por-desastre-para-el-sureste-de-texas\/"]}]},{"@type":"BreadcrumbList","@id":"https:\/\/www.cornyn.senate.gov\/es-mx\/news\/cornyn-y-cruz-apoyan-la-peticion-de-abbott-de-una-declaracion-federal-de-emergencia-por-desastre-para-el-sureste-de-texas\/#breadcrumb","itemListElement":[{"@type":"ListItem","position":1,"name":"Home","item":"https:\/\/www.cornyn.senate.gov\/es-mx\/"},{"@type":"ListItem","position":2,"name":"News","item":"https:\/\/www.cornyn.senate.gov\/es-mx\/news\/"},{"@type":"ListItem","position":3,"name":"Cornyn y Cruz apoyan la petici\u00f3n de Abbott de una declaraci\u00f3n federal de emergencia por desastre para el sureste de Texas"}]},{"@type":"WebSite","@id":"https:\/\/www.cornyn.senate.gov\/es-mx\/#website","url":"https:\/\/www.cornyn.senate.gov\/es-mx\/","name":"Senator Cornyn","description":"","publisher":{"@id":"https:\/\/www.cornyn.senate.gov\/es-mx\/#organization"},"potentialAction":[{"@type":"SearchAction","target":{"@type":"EntryPoint","urlTemplate":"https:\/\/www.cornyn.senate.gov\/es-mx\/?s={search_term_string}"},"query-input":{"@type":"PropertyValueSpecification","valueRequired":true,"valueName":"search_term_string"}}],"inLanguage":"es-MX"},{"@type":"Organization","@id":"https:\/\/www.cornyn.senate.gov\/es-mx\/#organization","name":"Senator Cornyn","url":"https:\/\/www.cornyn.senate.gov\/es-mx\/","logo":{"@type":"ImageObject","inLanguage":"es-MX","@id":"https:\/\/www.cornyn.senate.gov\/es-mx\/#\/schema\/logo\/image\/","url":"https:\/\/www.cornyn.senate.gov\/wp-content\/uploads\/2022\/01\/Logo-2.svg","contentUrl":"https:\/\/www.cornyn.senate.gov\/wp-content\/uploads\/2022\/01\/Logo-2.svg","caption":"Senator Cornyn"},"image":{"@id":"https:\/\/www.cornyn.senate.gov\/es-mx\/#\/schema\/logo\/image\/"},"sameAs":["https:\/\/www.facebook.com\/SenJohnCornyn","https:\/\/x.com\/johncornyn"]}]}},"_links":{"self":[{"href":"https:\/\/www.cornyn.senate.gov\/es-mx\/wp-json\/wp\/v2\/news\/34988","targetHints":{"allow":["GET"]}}],"collection":[{"href":"https:\/\/www.cornyn.senate.gov\/es-mx\/wp-json\/wp\/v2\/news"}],"about":[{"href":"https:\/\/www.cornyn.senate.gov\/es-mx\/wp-json\/wp\/v2\/types\/news"}],"author":[{"embeddable":true,"href":"https:\/\/www.cornyn.senate.gov\/es-mx\/wp-json\/wp\/v2\/users\/2"}],"version-history":[{"count":1,"href":"https:\/\/www.cornyn.senate.gov\/es-mx\/wp-json\/wp\/v2\/news\/34988\/revisions"}],"predecessor-version":[{"id":34990,"href":"https:\/\/www.cornyn.senate.gov\/es-mx\/wp-json\/wp\/v2\/news\/34988\/revisions\/34990"}],"wp:attachment":[{"href":"https:\/\/www.cornyn.senate.gov\/es-mx\/wp-json\/wp\/v2\/media?parent=34988"}],"wp:term":[{"taxonomy":"news-type","embeddable":true,"href":"https:\/\/www.cornyn.senate.gov\/es-mx\/wp-json\/wp\/v2\/news-type?post=34988"},{"taxonomy":"issues","embeddable":true,"href":"https:\/\/www.cornyn.senate.gov\/es-mx\/wp-json\/wp\/v2\/issues?post=34988"}],"curies":[{"name":"wp","href":"https:\/\/api.w.org\/{rel}","templated":true}]}}