{"id":34992,"date":"2023-02-07T17:29:31","date_gmt":"2023-02-07T22:29:31","guid":{"rendered":"https:\/\/www.cornyn.senate.gov\/news\/video-cornyn-se-adelanta-al-discurso-sobre-el-estado-de-la-union\/"},"modified":"2023-02-08T17:27:44","modified_gmt":"2023-02-08T22:27:44","slug":"video-cornyn-se-adelanta-al-discurso-sobre-el-estado-de-la-union","status":"publish","type":"news","link":"https:\/\/www.cornyn.senate.gov\/es-mx\/news\/video-cornyn-se-adelanta-al-discurso-sobre-el-estado-de-la-union\/","title":{"rendered":"V\u00cdDEO: Cornyn se adelanta al discurso sobre el Estado de la Uni\u00f3n"},"content":{"rendered":"\t\t<div data-elementor-type=\"wp-post\" data-elementor-id=\"34992\" class=\"elementor elementor-34992 elementor-34894\" data-elementor-post-type=\"news\">\n\t\t\t\t\t\t<section class=\"elementor-section elementor-top-section elementor-element elementor-element-47eec1f3 elementor-section-boxed elementor-section-height-default elementor-section-height-default\" data-id=\"47eec1f3\" data-element_type=\"section\" data-e-type=\"section\">\n\t\t\t\t\t\t<div class=\"elementor-container elementor-column-gap-default\">\n\t\t\t\t\t<div class=\"elementor-column elementor-col-100 elementor-top-column elementor-element elementor-element-304f16e5\" data-id=\"304f16e5\" data-element_type=\"column\" data-e-type=\"column\">\n\t\t\t<div class=\"elementor-widget-wrap elementor-element-populated\">\n\t\t\t\t\t\t<section class=\"elementor-section elementor-inner-section elementor-element elementor-element-6f43506f elementor-section-boxed elementor-section-height-default elementor-section-height-default\" data-id=\"6f43506f\" data-element_type=\"section\" data-e-type=\"section\">\n\t\t\t\t\t\t<div class=\"elementor-container elementor-column-gap-default\">\n\t\t\t\t\t<div class=\"elementor-column elementor-col-50 elementor-inner-column elementor-element elementor-element-c625610\" data-id=\"c625610\" data-element_type=\"column\" data-e-type=\"column\">\n\t\t\t<div class=\"elementor-widget-wrap elementor-element-populated\">\n\t\t\t\t\t\t<div class=\"elementor-element elementor-element-2cf8e26a breadcrumb--back elementor-widget elementor-widget-button\" data-id=\"2cf8e26a\" data-element_type=\"widget\" data-e-type=\"widget\" data-widget_type=\"button.default\">\n\t\t\t\t<div class=\"elementor-widget-container\">\n\t\t\t\t\t\t\t\t\t<div class=\"elementor-button-wrapper\">\n\t\t\t\t\t<a class=\"elementor-button elementor-button-link elementor-size-sm\" href=\"\/noticias\/\">\n\t\t\t\t\t\t<span class=\"elementor-button-content-wrapper\">\n\t\t\t\t\t\t<span class=\"elementor-button-icon\">\n\t\t\t\t<i aria-hidden=\"true\" class=\"icon icon-arrow-left\"><\/i>\t\t\t<\/span>\n\t\t\t\t\t\t\t\t\t<span class=\"elementor-button-text\">Noticias<\/span>\n\t\t\t\t\t<\/span>\n\t\t\t\t\t<\/a>\n\t\t\t\t<\/div>\n\t\t\t\t\t\t\t\t<\/div>\n\t\t\t\t<\/div>\n\t\t\t\t\t<\/div>\n\t\t<\/div>\n\t\t\t\t<div class=\"elementor-column elementor-col-50 elementor-inner-column elementor-element elementor-element-3bf658c4 content-page__content\" data-id=\"3bf658c4\" data-element_type=\"column\" data-e-type=\"column\">\n\t\t\t<div class=\"elementor-widget-wrap elementor-element-populated\">\n\t\t\t\t\t\t<div class=\"elementor-element elementor-element-2b675a19 elementor-widget elementor-widget-theme-post-title elementor-page-title elementor-widget-heading\" data-id=\"2b675a19\" data-element_type=\"widget\" data-e-type=\"widget\" data-widget_type=\"theme-post-title.default\">\n\t\t\t\t<div class=\"elementor-widget-container\">\n\t\t\t\t\t<h1 class=\"elementor-heading-title elementor-size-default\">V\u00cdDEO: Cornyn se adelanta al discurso sobre el Estado de la Uni\u00f3n<\/h1>\t\t\t\t<\/div>\n\t\t\t\t<\/div>\n\t\t\t\t<div class=\"elementor-element elementor-element-2abef8b2 elementor-widget-divider--view-line elementor-widget elementor-widget-divider\" data-id=\"2abef8b2\" data-element_type=\"widget\" data-e-type=\"widget\" data-widget_type=\"divider.default\">\n\t\t\t\t<div class=\"elementor-widget-container\">\n\t\t\t\t\t\t\t<div class=\"elementor-divider\">\n\t\t\t<span class=\"elementor-divider-separator\">\n\t\t\t\t\t\t<\/span>\n\t\t<\/div>\n\t\t\t\t\t\t<\/div>\n\t\t\t\t<\/div>\n\t\t\t\t<div class=\"elementor-element elementor-element-5a4edb8c elementor-widget__width-initial elementor-widget-mobile__width-inherit elementor-widget elementor-widget-text-editor\" data-id=\"5a4edb8c\" data-element_type=\"widget\" data-e-type=\"widget\" data-widget_type=\"text-editor.default\">\n\t\t\t\t<div class=\"elementor-widget-container\">\n\t\t\t\t\t\t\t\t\tFebruary 7, 2023\t\t\t\t\t\t\t\t<\/div>\n\t\t\t\t<\/div>\n\t\t\t\t<div class=\"elementor-element elementor-element-53cb16f1 elementor-share-buttons--view-icon elementor-share-buttons--skin-flat elementor-share-buttons--shape-circle elementor-share-buttons--color-custom share-buttons elementor-widget__width-initial elementor-widget-mobile__width-inherit elementor-grid-0 elementor-widget elementor-widget-share-buttons\" data-id=\"53cb16f1\" data-element_type=\"widget\" data-e-type=\"widget\" title=\"Share\" data-widget_type=\"share-buttons.default\">\n\t\t\t\t<div class=\"elementor-widget-container\">\n\t\t\t\t\t\t\t<div class=\"elementor-grid\" role=\"list\">\n\t\t\t\t\t\t\t\t<div class=\"elementor-grid-item\" role=\"listitem\">\n\t\t\t\t\t\t<div class=\"elementor-share-btn elementor-share-btn_email\" role=\"button\" tabindex=\"0\" aria-label=\"Share on email\">\n\t\t\t\t\t\t\t\t\t\t\t\t\t\t\t<span class=\"elementor-share-btn__icon\">\n\t\t\t\t\t\t\t\t<i class=\"fas fa-envelope\" aria-hidden=\"true\"><\/i>\t\t\t\t\t\t\t<\/span>\n\t\t\t\t\t\t\t\t\t\t\t\t\t\t\t\t\t\t\t\t<\/div>\n\t\t\t\t\t<\/div>\n\t\t\t\t\t\t\t\t\t<div class=\"elementor-grid-item\" role=\"listitem\">\n\t\t\t\t\t\t<div class=\"elementor-share-btn elementor-share-btn_linkedin\" role=\"button\" tabindex=\"0\" aria-label=\"Share on linkedin\">\n\t\t\t\t\t\t\t\t\t\t\t\t\t\t\t<span class=\"elementor-share-btn__icon\">\n\t\t\t\t\t\t\t\t<i class=\"fab fa-linkedin\" aria-hidden=\"true\"><\/i>\t\t\t\t\t\t\t<\/span>\n\t\t\t\t\t\t\t\t\t\t\t\t\t\t\t\t\t\t\t\t<\/div>\n\t\t\t\t\t<\/div>\n\t\t\t\t\t\t\t\t\t<div class=\"elementor-grid-item\" role=\"listitem\">\n\t\t\t\t\t\t<div class=\"elementor-share-btn elementor-share-btn_facebook\" role=\"button\" tabindex=\"0\" aria-label=\"Share on facebook\">\n\t\t\t\t\t\t\t\t\t\t\t\t\t\t\t<span class=\"elementor-share-btn__icon\">\n\t\t\t\t\t\t\t\t<i class=\"fab fa-facebook\" aria-hidden=\"true\"><\/i>\t\t\t\t\t\t\t<\/span>\n\t\t\t\t\t\t\t\t\t\t\t\t\t\t\t\t\t\t\t\t<\/div>\n\t\t\t\t\t<\/div>\n\t\t\t\t\t\t<\/div>\n\t\t\t\t\t\t<\/div>\n\t\t\t\t<\/div>\n\t\t\t\t<div class=\"elementor-element elementor-element-21a611ba elementor-blockquote--skin-boxed elementor-widget elementor-widget-blockquote\" data-id=\"21a611ba\" data-element_type=\"widget\" data-e-type=\"widget\" data-widget_type=\"blockquote.default\">\n\t\t\t\t<div class=\"elementor-widget-container\">\n\t\t\t\t\t\t\t<blockquote class=\"elementor-blockquote\">\n\t\t\t<p class=\"elementor-blockquote__content\">\n\t\t\t\tEsta tarde, el Presidente Biden pronunciar\u00e1 su segundo discurso sobre el Estado de la Uni\u00f3n. <br><br>\n \n\u00bfIntentar\u00e1 culpar a los republicanos del estado actual de nuestro pa\u00eds, a pesar de que los dem\u00f3cratas controlaron todos los resortes del gobierno durante los dos \u00faltimos a\u00f1os? \u00bfO reconocer\u00e1 por fin los numerosos problemas que proliferaron bajo su liderazgo y se tomar\u00e1 en serio las soluciones? <br><br>\n \nEl pueblo estadounidense merece o\u00edr al Presidente explicar su plan para abordar cada uno de estos retos inminentes, y espero que lo haga esta noche.\t\t\t<\/p>\n\t\t\t\t\t<\/blockquote>\n\t\t\t\t\t\t<\/div>\n\t\t\t\t<\/div>\n\t\t\t\t<div class=\"elementor-element elementor-element-1e5508cb elementor-widget elementor-widget-text-editor\" data-id=\"1e5508cb\" data-element_type=\"widget\" data-e-type=\"widget\" data-widget_type=\"text-editor.default\">\n\t\t\t\t<div class=\"elementor-widget-container\">\n\t\t\t\t\t\t\t\t\t<p style=\"font-weight: 400;\"><strong>WASHINGTON<\/strong> &#8211; Hoy en el pleno, el Senador John Cornyn (R-TX) habl\u00f3 sobre el discurso del Estado de la Uni\u00f3n de esta noche y lo que le gustar\u00eda escuchar del Presidente Biden sobre las muchas crisis que afectan a los tejanos, incluyendo la inflaci\u00f3n, el crimen violento y la crisis en la frontera sur. A continuaci\u00f3n se ofrecen extractos de las declaraciones del Senador Cornyn, y <a href=\"https:\/\/youtu.be\/GEPGGCHHEfk\">aqu\u00ed<\/a> puede verse el v\u00eddeo.<\/p>\n<p style=\"font-weight: 400;\"><em>&#8220;Esta tarde, el Presidente Biden pronunciar\u00e1 su segundo discurso sobre el Estado de la Uni\u00f3n&#8221;. <\/em><\/p>\n<p style=\"font-weight: 400;\"><em>&#8220;Las familias de Texas y de todo el pa\u00eds siguen siendo golpeadas por la inflaci\u00f3n&#8221;.<\/em><\/p>\n<p style=\"font-weight: 400;\"><em>&#8220;La seguridad p\u00fablica sigue siendo un asunto de grave preocupaci\u00f3n p\u00fablica&#8221;.<\/em><\/p>\n<p style=\"font-weight: 400;\"><em>&#8220;Luego est\u00e1n las pol\u00edticas fallidas en la frontera, que han provocado una crisis humanitaria y de salud p\u00fablica&#8221;.<\/em><\/p>\n<p style=\"font-weight: 400;\"><em>&#8220;Todos estamos ansiosos por saber c\u00f3mo abordar\u00e1 el Presidente Biden todos estos temas esta noche. \u00bfIntentar\u00e1 simplemente pasar por alto sus supuestos \u00e9xitos e ignorar sus fracasos? \u00bfIntentar\u00e1 culpar a los republicanos del estado actual de nuestro pa\u00eds, a pesar de que los dem\u00f3cratas controlaron todos los resortes del gobierno durante los dos \u00faltimos a\u00f1os? \u00bfO reconocer\u00e1 por fin los numerosos problemas que proliferaron bajo su liderazgo y se tomar\u00e1 en serio las soluciones?&#8221;<\/em><\/p>\n<p style=\"font-weight: 400;\"><em>&#8220;Una de las \u00e1reas m\u00e1s cr\u00edticas en las que necesitamos ver un liderazgo real es la actual crisis fronteriza, que lleva haciendo estragos desde que el presidente Biden asumi\u00f3 el cargo hace dos a\u00f1os&#8221;.<\/em><\/p>\n<p style=\"font-weight: 400;\"><em>&#8220;El pasado a\u00f1o fiscal, el Servicio de Aduanas y Protecci\u00f3n de Fronteras de EE.UU. registr\u00f3 casi 2,4 millones de cruces fronterizos, pulverizando el r\u00e9cord anterior&#8221;.<\/em><\/p>\n<p style=\"font-weight: 400;\"><em>&#8220;El Presidente no ha ofrecido ni un solo plan serio para abordar esta crisis&#8221;.<\/em><\/p>\n<p style=\"font-weight: 400;\"><em>&#8220;Ahora que ya no goza de mayor\u00eda en la C\u00e1mara de Representantes y el Senado, sino que tiene un Congreso dividido, espero que sea lo bastante c\u00e1ndido como para reconocer que la \u00fanica manera de que podamos resolver algunos de estos problemas es que por fin trabajemos juntos para hacerlo.&#8221;<\/em><\/p>\n<p style=\"font-weight: 400;\"><em>&#8220;El pueblo estadounidense merece o\u00edr al Presidente explicar su plan para abordar cada uno de estos retos inminentes, y espero que lo haga esta noche&#8221;.<\/em><\/p>\n\t\t\t\t\t\t\t\t<\/div>\n\t\t\t\t<\/div>\n\t\t\t\t\t<\/div>\n\t\t<\/div>\n\t\t\t\t\t<\/div>\n\t\t<\/section>\n\t\t\t\t\t<\/div>\n\t\t<\/div>\n\t\t\t\t\t<\/div>\n\t\t<\/section>\n\t\t\t\t<\/div>\n\t\t","protected":false},"author":2,"template":"","news-type":[161],"issues":[],"class_list":["post-34992","news","type-news","status-publish","hentry","news-type-press-releases-es-mx"],"acf":[],"yoast_head":"<!-- This site is optimized with the Yoast SEO plugin v27.2 - https:\/\/yoast.com\/product\/yoast-seo-wordpress\/ -->\n<title>V\u00cdDEO: Cornyn se adelanta al discurso sobre el Estado de la Uni\u00f3n - Senator Cornyn<\/title>\n<meta name=\"robots\" content=\"index, follow, max-snippet:-1, max-image-preview:large, max-video-preview:-1\" \/>\n<link rel=\"canonical\" href=\"https:\/\/www.cornyn.senate.gov\/es-mx\/news\/video-cornyn-se-adelanta-al-discurso-sobre-el-estado-de-la-union\/\" \/>\n<meta property=\"og:locale\" content=\"es_MX\" \/>\n<meta property=\"og:type\" content=\"article\" \/>\n<meta property=\"og:title\" content=\"V\u00cdDEO: Cornyn se adelanta al discurso sobre el Estado de la Uni\u00f3n - Senator Cornyn\" \/>\n<meta property=\"og:description\" content=\"Noticias Esta tarde, el Presidente Biden pronunciar\u00e1 su segundo discurso sobre el Estado de la Uni\u00f3n. \u00bfIntentar\u00e1 culpar a los republicanos del estado actual de nuestro pa\u00eds, a pesar de que los dem\u00f3cratas controlaron todos los resortes del gobierno durante los dos \u00faltimos a\u00f1os? \u00bfO reconocer\u00e1 por fin los numerosos problemas que proliferaron bajo su [&hellip;]\" \/>\n<meta property=\"og:url\" content=\"https:\/\/www.cornyn.senate.gov\/es-mx\/news\/video-cornyn-se-adelanta-al-discurso-sobre-el-estado-de-la-union\/\" \/>\n<meta property=\"og:site_name\" content=\"Senator Cornyn\" \/>\n<meta property=\"article:publisher\" content=\"https:\/\/www.facebook.com\/SenJohnCornyn\" \/>\n<meta property=\"article:modified_time\" content=\"2023-02-08T22:27:44+00:00\" \/>\n<meta property=\"og:image\" content=\"https:\/\/www.cornyn.senate.gov\/wp-content\/uploads\/2023\/11\/Twitter-Card-Dec-23-1024x535.png\" \/>\n\t<meta property=\"og:image:width\" content=\"1024\" \/>\n\t<meta property=\"og:image:height\" content=\"535\" \/>\n\t<meta property=\"og:image:type\" content=\"image\/png\" \/>\n<meta name=\"twitter:card\" content=\"summary_large_image\" \/>\n<meta name=\"twitter:site\" content=\"@johncornyn\" \/>\n<meta name=\"twitter:label1\" content=\"Est. reading time\" \/>\n\t<meta name=\"twitter:data1\" content=\"2 minutes\" \/>\n<script type=\"application\/ld+json\" class=\"yoast-schema-graph\">{\"@context\":\"https:\/\/schema.org\",\"@graph\":[{\"@type\":\"WebPage\",\"@id\":\"https:\/\/www.cornyn.senate.gov\/es-mx\/news\/video-cornyn-se-adelanta-al-discurso-sobre-el-estado-de-la-union\/\",\"url\":\"https:\/\/www.cornyn.senate.gov\/es-mx\/news\/video-cornyn-se-adelanta-al-discurso-sobre-el-estado-de-la-union\/\",\"name\":\"V\u00cdDEO: Cornyn se adelanta al discurso sobre el Estado de la Uni\u00f3n - Senator Cornyn\",\"isPartOf\":{\"@id\":\"https:\/\/www.cornyn.senate.gov\/es-mx\/#website\"},\"datePublished\":\"2023-02-07T22:29:31+00:00\",\"dateModified\":\"2023-02-08T22:27:44+00:00\",\"breadcrumb\":{\"@id\":\"https:\/\/www.cornyn.senate.gov\/es-mx\/news\/video-cornyn-se-adelanta-al-discurso-sobre-el-estado-de-la-union\/#breadcrumb\"},\"inLanguage\":\"es-MX\",\"potentialAction\":[{\"@type\":\"ReadAction\",\"target\":[\"https:\/\/www.cornyn.senate.gov\/es-mx\/news\/video-cornyn-se-adelanta-al-discurso-sobre-el-estado-de-la-union\/\"]}]},{\"@type\":\"BreadcrumbList\",\"@id\":\"https:\/\/www.cornyn.senate.gov\/es-mx\/news\/video-cornyn-se-adelanta-al-discurso-sobre-el-estado-de-la-union\/#breadcrumb\",\"itemListElement\":[{\"@type\":\"ListItem\",\"position\":1,\"name\":\"Home\",\"item\":\"https:\/\/www.cornyn.senate.gov\/es-mx\/\"},{\"@type\":\"ListItem\",\"position\":2,\"name\":\"News\",\"item\":\"https:\/\/www.cornyn.senate.gov\/es-mx\/news\/\"},{\"@type\":\"ListItem\",\"position\":3,\"name\":\"V\u00cdDEO: Cornyn se adelanta al discurso sobre el Estado de la Uni\u00f3n\"}]},{\"@type\":\"WebSite\",\"@id\":\"https:\/\/www.cornyn.senate.gov\/es-mx\/#website\",\"url\":\"https:\/\/www.cornyn.senate.gov\/es-mx\/\",\"name\":\"Senator Cornyn\",\"description\":\"\",\"publisher\":{\"@id\":\"https:\/\/www.cornyn.senate.gov\/es-mx\/#organization\"},\"potentialAction\":[{\"@type\":\"SearchAction\",\"target\":{\"@type\":\"EntryPoint\",\"urlTemplate\":\"https:\/\/www.cornyn.senate.gov\/es-mx\/?s={search_term_string}\"},\"query-input\":{\"@type\":\"PropertyValueSpecification\",\"valueRequired\":true,\"valueName\":\"search_term_string\"}}],\"inLanguage\":\"es-MX\"},{\"@type\":\"Organization\",\"@id\":\"https:\/\/www.cornyn.senate.gov\/es-mx\/#organization\",\"name\":\"Senator Cornyn\",\"url\":\"https:\/\/www.cornyn.senate.gov\/es-mx\/\",\"logo\":{\"@type\":\"ImageObject\",\"inLanguage\":\"es-MX\",\"@id\":\"https:\/\/www.cornyn.senate.gov\/es-mx\/#\/schema\/logo\/image\/\",\"url\":\"https:\/\/www.cornyn.senate.gov\/wp-content\/uploads\/2022\/01\/Logo-2.svg\",\"contentUrl\":\"https:\/\/www.cornyn.senate.gov\/wp-content\/uploads\/2022\/01\/Logo-2.svg\",\"caption\":\"Senator Cornyn\"},\"image\":{\"@id\":\"https:\/\/www.cornyn.senate.gov\/es-mx\/#\/schema\/logo\/image\/\"},\"sameAs\":[\"https:\/\/www.facebook.com\/SenJohnCornyn\",\"https:\/\/x.com\/johncornyn\"]}]}<\/script>\n<!-- \/ Yoast SEO plugin. -->","yoast_head_json":{"title":"V\u00cdDEO: Cornyn se adelanta al discurso sobre el Estado de la Uni\u00f3n - Senator Cornyn","robots":{"index":"index","follow":"follow","max-snippet":"max-snippet:-1","max-image-preview":"max-image-preview:large","max-video-preview":"max-video-preview:-1"},"canonical":"https:\/\/www.cornyn.senate.gov\/es-mx\/news\/video-cornyn-se-adelanta-al-discurso-sobre-el-estado-de-la-union\/","og_locale":"es_MX","og_type":"article","og_title":"V\u00cdDEO: Cornyn se adelanta al discurso sobre el Estado de la Uni\u00f3n - Senator Cornyn","og_description":"Noticias Esta tarde, el Presidente Biden pronunciar\u00e1 su segundo discurso sobre el Estado de la Uni\u00f3n. \u00bfIntentar\u00e1 culpar a los republicanos del estado actual de nuestro pa\u00eds, a pesar de que los dem\u00f3cratas controlaron todos los resortes del gobierno durante los dos \u00faltimos a\u00f1os? \u00bfO reconocer\u00e1 por fin los numerosos problemas que proliferaron bajo su [&hellip;]","og_url":"https:\/\/www.cornyn.senate.gov\/es-mx\/news\/video-cornyn-se-adelanta-al-discurso-sobre-el-estado-de-la-union\/","og_site_name":"Senator Cornyn","article_publisher":"https:\/\/www.facebook.com\/SenJohnCornyn","article_modified_time":"2023-02-08T22:27:44+00:00","og_image":[{"width":1024,"height":535,"url":"https:\/\/www.cornyn.senate.gov\/wp-content\/uploads\/2023\/11\/Twitter-Card-Dec-23-1024x535.png","type":"image\/png"}],"twitter_card":"summary_large_image","twitter_site":"@johncornyn","twitter_misc":{"Est. reading time":"2 minutes"},"schema":{"@context":"https:\/\/schema.org","@graph":[{"@type":"WebPage","@id":"https:\/\/www.cornyn.senate.gov\/es-mx\/news\/video-cornyn-se-adelanta-al-discurso-sobre-el-estado-de-la-union\/","url":"https:\/\/www.cornyn.senate.gov\/es-mx\/news\/video-cornyn-se-adelanta-al-discurso-sobre-el-estado-de-la-union\/","name":"V\u00cdDEO: Cornyn se adelanta al discurso sobre el Estado de la Uni\u00f3n - Senator Cornyn","isPartOf":{"@id":"https:\/\/www.cornyn.senate.gov\/es-mx\/#website"},"datePublished":"2023-02-07T22:29:31+00:00","dateModified":"2023-02-08T22:27:44+00:00","breadcrumb":{"@id":"https:\/\/www.cornyn.senate.gov\/es-mx\/news\/video-cornyn-se-adelanta-al-discurso-sobre-el-estado-de-la-union\/#breadcrumb"},"inLanguage":"es-MX","potentialAction":[{"@type":"ReadAction","target":["https:\/\/www.cornyn.senate.gov\/es-mx\/news\/video-cornyn-se-adelanta-al-discurso-sobre-el-estado-de-la-union\/"]}]},{"@type":"BreadcrumbList","@id":"https:\/\/www.cornyn.senate.gov\/es-mx\/news\/video-cornyn-se-adelanta-al-discurso-sobre-el-estado-de-la-union\/#breadcrumb","itemListElement":[{"@type":"ListItem","position":1,"name":"Home","item":"https:\/\/www.cornyn.senate.gov\/es-mx\/"},{"@type":"ListItem","position":2,"name":"News","item":"https:\/\/www.cornyn.senate.gov\/es-mx\/news\/"},{"@type":"ListItem","position":3,"name":"V\u00cdDEO: Cornyn se adelanta al discurso sobre el Estado de la Uni\u00f3n"}]},{"@type":"WebSite","@id":"https:\/\/www.cornyn.senate.gov\/es-mx\/#website","url":"https:\/\/www.cornyn.senate.gov\/es-mx\/","name":"Senator Cornyn","description":"","publisher":{"@id":"https:\/\/www.cornyn.senate.gov\/es-mx\/#organization"},"potentialAction":[{"@type":"SearchAction","target":{"@type":"EntryPoint","urlTemplate":"https:\/\/www.cornyn.senate.gov\/es-mx\/?s={search_term_string}"},"query-input":{"@type":"PropertyValueSpecification","valueRequired":true,"valueName":"search_term_string"}}],"inLanguage":"es-MX"},{"@type":"Organization","@id":"https:\/\/www.cornyn.senate.gov\/es-mx\/#organization","name":"Senator Cornyn","url":"https:\/\/www.cornyn.senate.gov\/es-mx\/","logo":{"@type":"ImageObject","inLanguage":"es-MX","@id":"https:\/\/www.cornyn.senate.gov\/es-mx\/#\/schema\/logo\/image\/","url":"https:\/\/www.cornyn.senate.gov\/wp-content\/uploads\/2022\/01\/Logo-2.svg","contentUrl":"https:\/\/www.cornyn.senate.gov\/wp-content\/uploads\/2022\/01\/Logo-2.svg","caption":"Senator Cornyn"},"image":{"@id":"https:\/\/www.cornyn.senate.gov\/es-mx\/#\/schema\/logo\/image\/"},"sameAs":["https:\/\/www.facebook.com\/SenJohnCornyn","https:\/\/x.com\/johncornyn"]}]}},"_links":{"self":[{"href":"https:\/\/www.cornyn.senate.gov\/es-mx\/wp-json\/wp\/v2\/news\/34992","targetHints":{"allow":["GET"]}}],"collection":[{"href":"https:\/\/www.cornyn.senate.gov\/es-mx\/wp-json\/wp\/v2\/news"}],"about":[{"href":"https:\/\/www.cornyn.senate.gov\/es-mx\/wp-json\/wp\/v2\/types\/news"}],"author":[{"embeddable":true,"href":"https:\/\/www.cornyn.senate.gov\/es-mx\/wp-json\/wp\/v2\/users\/2"}],"version-history":[{"count":1,"href":"https:\/\/www.cornyn.senate.gov\/es-mx\/wp-json\/wp\/v2\/news\/34992\/revisions"}],"predecessor-version":[{"id":34994,"href":"https:\/\/www.cornyn.senate.gov\/es-mx\/wp-json\/wp\/v2\/news\/34992\/revisions\/34994"}],"wp:attachment":[{"href":"https:\/\/www.cornyn.senate.gov\/es-mx\/wp-json\/wp\/v2\/media?parent=34992"}],"wp:term":[{"taxonomy":"news-type","embeddable":true,"href":"https:\/\/www.cornyn.senate.gov\/es-mx\/wp-json\/wp\/v2\/news-type?post=34992"},{"taxonomy":"issues","embeddable":true,"href":"https:\/\/www.cornyn.senate.gov\/es-mx\/wp-json\/wp\/v2\/issues?post=34992"}],"curies":[{"name":"wp","href":"https:\/\/api.w.org\/{rel}","templated":true}]}}