{"id":35580,"date":"2023-03-02T12:59:37","date_gmt":"2023-03-02T17:59:37","guid":{"rendered":"https:\/\/www.cornyn.senate.gov\/news\/video-cornyn-rinde-homenaje-al-dia-de-la-independencia-de-texas\/"},"modified":"2023-03-02T14:15:21","modified_gmt":"2023-03-02T19:15:21","slug":"video-cornyn-rinde-homenaje-al-dia-de-la-independencia-de-texas","status":"publish","type":"news","link":"https:\/\/www.cornyn.senate.gov\/es-mx\/news\/video-cornyn-rinde-homenaje-al-dia-de-la-independencia-de-texas\/","title":{"rendered":"VIDEO: Cornyn rinde homenaje al D\u00eda de la Independencia de Texas"},"content":{"rendered":"\t\t<div data-elementor-type=\"wp-post\" data-elementor-id=\"35580\" class=\"elementor elementor-35580 elementor-35488\" data-elementor-post-type=\"news\">\n\t\t\t\t\t\t<section class=\"elementor-section elementor-top-section elementor-element elementor-element-192697b elementor-section-boxed elementor-section-height-default elementor-section-height-default\" data-id=\"192697b\" data-element_type=\"section\" data-e-type=\"section\">\n\t\t\t\t\t\t<div class=\"elementor-container elementor-column-gap-default\">\n\t\t\t\t\t<div class=\"elementor-column elementor-col-100 elementor-top-column elementor-element elementor-element-6073a8e4\" data-id=\"6073a8e4\" data-element_type=\"column\" data-e-type=\"column\">\n\t\t\t<div class=\"elementor-widget-wrap elementor-element-populated\">\n\t\t\t\t\t\t<section class=\"elementor-section elementor-inner-section elementor-element elementor-element-2cd8156d elementor-section-boxed elementor-section-height-default elementor-section-height-default\" data-id=\"2cd8156d\" data-element_type=\"section\" data-e-type=\"section\">\n\t\t\t\t\t\t<div class=\"elementor-container elementor-column-gap-default\">\n\t\t\t\t\t<div class=\"elementor-column elementor-col-50 elementor-inner-column elementor-element elementor-element-561a07b2\" data-id=\"561a07b2\" data-element_type=\"column\" data-e-type=\"column\">\n\t\t\t<div class=\"elementor-widget-wrap elementor-element-populated\">\n\t\t\t\t\t\t<div class=\"elementor-element elementor-element-129b5ba3 breadcrumb--back elementor-widget elementor-widget-button\" data-id=\"129b5ba3\" data-element_type=\"widget\" data-e-type=\"widget\" data-widget_type=\"button.default\">\n\t\t\t\t<div class=\"elementor-widget-container\">\n\t\t\t\t\t\t\t\t\t<div class=\"elementor-button-wrapper\">\n\t\t\t\t\t<a class=\"elementor-button elementor-button-link elementor-size-sm\" href=\"\/noticias\/\">\n\t\t\t\t\t\t<span class=\"elementor-button-content-wrapper\">\n\t\t\t\t\t\t<span class=\"elementor-button-icon\">\n\t\t\t\t<i aria-hidden=\"true\" class=\"icon icon-arrow-left\"><\/i>\t\t\t<\/span>\n\t\t\t\t\t\t\t\t\t<span class=\"elementor-button-text\">Noticias<\/span>\n\t\t\t\t\t<\/span>\n\t\t\t\t\t<\/a>\n\t\t\t\t<\/div>\n\t\t\t\t\t\t\t\t<\/div>\n\t\t\t\t<\/div>\n\t\t\t\t\t<\/div>\n\t\t<\/div>\n\t\t\t\t<div class=\"elementor-column elementor-col-50 elementor-inner-column elementor-element elementor-element-528f86e8 content-page__content\" data-id=\"528f86e8\" data-element_type=\"column\" data-e-type=\"column\">\n\t\t\t<div class=\"elementor-widget-wrap elementor-element-populated\">\n\t\t\t\t\t\t<div class=\"elementor-element elementor-element-5b9700c9 elementor-widget elementor-widget-theme-post-title elementor-page-title elementor-widget-heading\" data-id=\"5b9700c9\" data-element_type=\"widget\" data-e-type=\"widget\" data-widget_type=\"theme-post-title.default\">\n\t\t\t\t<div class=\"elementor-widget-container\">\n\t\t\t\t\t<h1 class=\"elementor-heading-title elementor-size-default\">VIDEO: Cornyn rinde homenaje al D\u00eda de la Independencia de Texas<\/h1>\t\t\t\t<\/div>\n\t\t\t\t<\/div>\n\t\t\t\t<div class=\"elementor-element elementor-element-197176f8 elementor-widget-divider--view-line elementor-widget elementor-widget-divider\" data-id=\"197176f8\" data-element_type=\"widget\" data-e-type=\"widget\" data-widget_type=\"divider.default\">\n\t\t\t\t<div class=\"elementor-widget-container\">\n\t\t\t\t\t\t\t<div class=\"elementor-divider\">\n\t\t\t<span class=\"elementor-divider-separator\">\n\t\t\t\t\t\t<\/span>\n\t\t<\/div>\n\t\t\t\t\t\t<\/div>\n\t\t\t\t<\/div>\n\t\t\t\t<div class=\"elementor-element elementor-element-46f7632b elementor-widget__width-initial elementor-widget-mobile__width-inherit elementor-widget elementor-widget-text-editor\" data-id=\"46f7632b\" data-element_type=\"widget\" data-e-type=\"widget\" data-widget_type=\"text-editor.default\">\n\t\t\t\t<div class=\"elementor-widget-container\">\n\t\t\t\t\t\t\t\t\tMarch 2, 2023\t\t\t\t\t\t\t\t<\/div>\n\t\t\t\t<\/div>\n\t\t\t\t<div class=\"elementor-element elementor-element-78fbd573 elementor-share-buttons--view-icon elementor-share-buttons--skin-flat elementor-share-buttons--shape-circle elementor-share-buttons--color-custom share-buttons elementor-widget__width-initial elementor-widget-mobile__width-inherit elementor-grid-0 elementor-widget elementor-widget-share-buttons\" data-id=\"78fbd573\" data-element_type=\"widget\" data-e-type=\"widget\" title=\"Share\" data-widget_type=\"share-buttons.default\">\n\t\t\t\t<div class=\"elementor-widget-container\">\n\t\t\t\t\t\t\t<div class=\"elementor-grid\" role=\"list\">\n\t\t\t\t\t\t\t\t<div class=\"elementor-grid-item\" role=\"listitem\">\n\t\t\t\t\t\t<div class=\"elementor-share-btn elementor-share-btn_email\" role=\"button\" tabindex=\"0\" aria-label=\"Share on email\">\n\t\t\t\t\t\t\t\t\t\t\t\t\t\t\t<span class=\"elementor-share-btn__icon\">\n\t\t\t\t\t\t\t\t<i class=\"fas fa-envelope\" aria-hidden=\"true\"><\/i>\t\t\t\t\t\t\t<\/span>\n\t\t\t\t\t\t\t\t\t\t\t\t\t\t\t\t\t\t\t\t<\/div>\n\t\t\t\t\t<\/div>\n\t\t\t\t\t\t\t\t\t<div class=\"elementor-grid-item\" role=\"listitem\">\n\t\t\t\t\t\t<div class=\"elementor-share-btn elementor-share-btn_linkedin\" role=\"button\" tabindex=\"0\" aria-label=\"Share on linkedin\">\n\t\t\t\t\t\t\t\t\t\t\t\t\t\t\t<span class=\"elementor-share-btn__icon\">\n\t\t\t\t\t\t\t\t<i class=\"fab fa-linkedin\" aria-hidden=\"true\"><\/i>\t\t\t\t\t\t\t<\/span>\n\t\t\t\t\t\t\t\t\t\t\t\t\t\t\t\t\t\t\t\t<\/div>\n\t\t\t\t\t<\/div>\n\t\t\t\t\t\t\t\t\t<div class=\"elementor-grid-item\" role=\"listitem\">\n\t\t\t\t\t\t<div class=\"elementor-share-btn elementor-share-btn_facebook\" role=\"button\" tabindex=\"0\" aria-label=\"Share on facebook\">\n\t\t\t\t\t\t\t\t\t\t\t\t\t\t\t<span class=\"elementor-share-btn__icon\">\n\t\t\t\t\t\t\t\t<i class=\"fab fa-facebook\" aria-hidden=\"true\"><\/i>\t\t\t\t\t\t\t<\/span>\n\t\t\t\t\t\t\t\t\t\t\t\t\t\t\t\t\t\t\t\t<\/div>\n\t\t\t\t\t<\/div>\n\t\t\t\t\t\t<\/div>\n\t\t\t\t\t\t<\/div>\n\t\t\t\t<\/div>\n\t\t\t\t<div class=\"elementor-element elementor-element-2817a039 elementor-widget elementor-widget-text-editor\" data-id=\"2817a039\" data-element_type=\"widget\" data-e-type=\"widget\" data-widget_type=\"text-editor.default\">\n\t\t\t\t<div class=\"elementor-widget-container\">\n\t\t\t\t\t\t\t\t\t<p style=\"font-weight: 400;\"><strong>WASHINGTON<\/strong> &#8211; En honor del D\u00eda de la Independencia de Texas, el senador republicano John Cornyn ley\u00f3 la famosa carta del teniente coronel William Barrett Travis en el pleno del Senado. A continuaci\u00f3n se ofrecen extractos de las declaraciones del Senador Cornyn, y <a href=\"https:\/\/youtu.be\/D_VxHLkKkxU\">aqu\u00ed<\/a> puede verse el v\u00eddeo.<\/p>\n<p style=\"font-weight: 400;\"><em>&#8220;Hoy es el D\u00eda de la Independencia de Texas, un d\u00eda para que los tejanos celebremos nuestra historia \u00fanica y honremos a los valientes hombres y mujeres que la forjaron&#8221;.<\/em><\/p>\n<p style=\"font-weight: 400;\"><em>&#8220;Un valiente defensor de El \u00c1lamo fue un hombre llamado William Barret Travis, teniente coronel del ej\u00e9rcito de Texas&#8221;.<\/em><\/p>\n<p style=\"font-weight: 400;\"><em>&#8220;El 24 de febrero de ese a\u00f1o, con su posici\u00f3n sitiada, el teniente coronel Travis escribi\u00f3 una carta pidiendo refuerzos, y me gustar\u00eda leerla&#8221;. <\/em><\/p>\n<p style=\"font-weight: 400;\"><em>&#8220;Iba dirigido al &#8216;pueblo de Texas y a todos los americanos del mundo:&#8221;<\/em><\/p>\n<p style=\"font-weight: 400; padding-left: 40px;\"><em>&#8220;&#8216;Conciudadanos y compatriotas&#8217;, escribi\u00f3.<\/em><\/p>\n<p style=\"font-weight: 400; padding-left: 40px;\"><em>&#8220;Al pueblo de Texas y a todos los americanos del mundo: Conciudadanos y compatriotas, estoy asediado, por mil o m\u00e1s de los mexicanos bajo Santa Anna.<\/em><\/p>\n<p style=\"font-weight: 400; padding-left: 40px;\"><em>&#8220;He soportado un bombardeo y ca\u00f1oneo continuos durante 24 horas y no he perdido ni un hombre.<\/em><\/p>\n<p style=\"font-weight: 400; padding-left: 40px;\"><em>&#8220;El enemigo ha exigido una rendici\u00f3n a discreci\u00f3n.<\/em><\/p>\n<p style=\"font-weight: 400; padding-left: 40px;\"><em>&#8220;De lo contrario, la guarnici\u00f3n ser\u00e1 pasada a cuchillo, si el fuerte es tomado.<\/em><\/p>\n<p style=\"font-weight: 400; padding-left: 40px;\"><em>&#8220;He respondido a la demanda a ca\u00f1onazos, y nuestra bandera sigue ondeando orgullosa en las murallas. <\/em><\/p>\n<p style=\"font-weight: 400; padding-left: 40px;\"><em>&#8220;Nunca me rendir\u00e9 ni me retirar\u00e9. <\/em><\/p>\n<p style=\"font-weight: 400; padding-left: 40px;\"><em>&#8220;Entonces, les pido en nombre de la libertad, del patriotismo, y de todo lo querido al car\u00e1cter americano que vengan en nuestra ayuda, con toda prontitud. <\/em><\/p>\n<p style=\"font-weight: 400; padding-left: 40px;\"><em>&#8220;El enemigo est\u00e1 recibiendo refuerzos diariamente y sin duda aumentar\u00e1 a tres o cuatro mil en cuatro o cinco d\u00edas. <\/em><\/p>\n<p style=\"font-weight: 400; padding-left: 40px;\"><em>&#8220;Si esta llamada es desatendida, estoy decidido a sostenerme el mayor tiempo posible y morir como un soldado que nunca olvida lo que se debe a su propio honor y al de su pa\u00eds. <\/em><\/p>\n<p style=\"font-weight: 400; padding-left: 40px;\"><em>&#8220;Victoria o muerte.<\/em><\/p>\n<p style=\"font-weight: 400; padding-left: 40px;\"><em>&#8220;Firmado, William Barrett Travis.&#8221;<\/em><\/p>\n<p style=\"font-weight: 400;\"><em>&#8220;La carta de Travis es uno de los documentos m\u00e1s preciados de la historia de Texas, y pone al descubierto los ideales y el car\u00e1cter de las personas que fundaron nuestro estado, personas caracterizadas por su valent\u00eda, por su sacrificio, por su devoci\u00f3n, por su fortaleza y por un profundo y fuerte y perdurable sentido de la independencia.&#8221; <\/em><\/p>\n<p style=\"font-weight: 400;\"><em>&#8220;Aqu\u00ed en el Senado, tanto dem\u00f3cratas como republicanos de Texas han tenido el honor de leer la legendaria carta de Travis a lo largo de los a\u00f1os&#8221;. <\/em><\/p>\n<p style=\"font-weight: 400;\"><em>&#8220;Me alegro de que la tradici\u00f3n contin\u00fae hoy para garantizar que las palabras de William Barret Travis pervivan, y que generaciones de tejanos y estadounidenses puedan apreciar el valor y el sacrificio que demostraron en aquella \u00e9poca&#8221;.<\/em><\/p>\n<p style=\"font-weight: 400;\"><em>&#8220;Me gustar\u00eda expresar mi gratitud a estos patriotas de Texas, muchos de los cuales servir\u00edan m\u00e1s tarde en el Congreso de los Estados Unidos, incluido Sam Houston, cuyo esca\u00f1o en el Senado tengo el honor de ocupar ahora. Su valor y sacrificio nunca ser\u00e1n olvidados&#8221;.<\/em><\/p>\n\t\t\t\t\t\t\t\t<\/div>\n\t\t\t\t<\/div>\n\t\t\t\t\t<\/div>\n\t\t<\/div>\n\t\t\t\t\t<\/div>\n\t\t<\/section>\n\t\t\t\t\t<\/div>\n\t\t<\/div>\n\t\t\t\t\t<\/div>\n\t\t<\/section>\n\t\t\t\t<\/div>\n\t\t","protected":false},"author":2,"template":"","news-type":[161],"issues":[],"class_list":["post-35580","news","type-news","status-publish","hentry","news-type-press-releases-es-mx"],"acf":[],"yoast_head":"<!-- This site is optimized with the Yoast SEO plugin v27.2 - https:\/\/yoast.com\/product\/yoast-seo-wordpress\/ -->\n<title>VIDEO: Cornyn rinde homenaje al D\u00eda de la Independencia de Texas - Senator Cornyn<\/title>\n<meta name=\"description\" content=\"Cornyn rinde homenaje al D\u00eda de la Independencia de Texas\" \/>\n<meta name=\"robots\" content=\"index, follow, max-snippet:-1, max-image-preview:large, max-video-preview:-1\" \/>\n<link rel=\"canonical\" href=\"https:\/\/www.cornyn.senate.gov\/es-mx\/news\/video-cornyn-rinde-homenaje-al-dia-de-la-independencia-de-texas\/\" \/>\n<meta property=\"og:locale\" content=\"es_MX\" \/>\n<meta property=\"og:type\" content=\"article\" \/>\n<meta property=\"og:title\" content=\"VIDEO: Cornyn rinde homenaje al D\u00eda de la Independencia de Texas - Senator Cornyn\" \/>\n<meta property=\"og:description\" content=\"Cornyn rinde homenaje al D\u00eda de la Independencia de Texas\" \/>\n<meta property=\"og:url\" content=\"https:\/\/www.cornyn.senate.gov\/es-mx\/news\/video-cornyn-rinde-homenaje-al-dia-de-la-independencia-de-texas\/\" \/>\n<meta property=\"og:site_name\" content=\"Senator Cornyn\" \/>\n<meta property=\"article:publisher\" content=\"https:\/\/www.facebook.com\/SenJohnCornyn\" \/>\n<meta property=\"article:modified_time\" content=\"2023-03-02T19:15:21+00:00\" \/>\n<meta property=\"og:image\" content=\"https:\/\/www.cornyn.senate.gov\/wp-content\/uploads\/2023\/11\/Twitter-Card-Dec-23-1024x535.png\" \/>\n\t<meta property=\"og:image:width\" content=\"1024\" \/>\n\t<meta property=\"og:image:height\" content=\"535\" \/>\n\t<meta property=\"og:image:type\" content=\"image\/png\" \/>\n<meta name=\"twitter:card\" content=\"summary_large_image\" \/>\n<meta name=\"twitter:site\" content=\"@johncornyn\" \/>\n<meta name=\"twitter:label1\" content=\"Est. reading time\" \/>\n\t<meta name=\"twitter:data1\" content=\"3 minutes\" \/>\n<script type=\"application\/ld+json\" class=\"yoast-schema-graph\">{\"@context\":\"https:\/\/schema.org\",\"@graph\":[{\"@type\":\"WebPage\",\"@id\":\"https:\/\/www.cornyn.senate.gov\/es-mx\/news\/video-cornyn-rinde-homenaje-al-dia-de-la-independencia-de-texas\/\",\"url\":\"https:\/\/www.cornyn.senate.gov\/es-mx\/news\/video-cornyn-rinde-homenaje-al-dia-de-la-independencia-de-texas\/\",\"name\":\"VIDEO: Cornyn rinde homenaje al D\u00eda de la Independencia de Texas - Senator Cornyn\",\"isPartOf\":{\"@id\":\"https:\/\/www.cornyn.senate.gov\/es-mx\/#website\"},\"datePublished\":\"2023-03-02T17:59:37+00:00\",\"dateModified\":\"2023-03-02T19:15:21+00:00\",\"description\":\"Cornyn rinde homenaje al D\u00eda de la Independencia de Texas\",\"breadcrumb\":{\"@id\":\"https:\/\/www.cornyn.senate.gov\/es-mx\/news\/video-cornyn-rinde-homenaje-al-dia-de-la-independencia-de-texas\/#breadcrumb\"},\"inLanguage\":\"es-MX\",\"potentialAction\":[{\"@type\":\"ReadAction\",\"target\":[\"https:\/\/www.cornyn.senate.gov\/es-mx\/news\/video-cornyn-rinde-homenaje-al-dia-de-la-independencia-de-texas\/\"]}]},{\"@type\":\"BreadcrumbList\",\"@id\":\"https:\/\/www.cornyn.senate.gov\/es-mx\/news\/video-cornyn-rinde-homenaje-al-dia-de-la-independencia-de-texas\/#breadcrumb\",\"itemListElement\":[{\"@type\":\"ListItem\",\"position\":1,\"name\":\"Home\",\"item\":\"https:\/\/www.cornyn.senate.gov\/es-mx\/\"},{\"@type\":\"ListItem\",\"position\":2,\"name\":\"News\",\"item\":\"https:\/\/www.cornyn.senate.gov\/es-mx\/news\/\"},{\"@type\":\"ListItem\",\"position\":3,\"name\":\"VIDEO: Cornyn rinde homenaje al D\u00eda de la Independencia de Texas\"}]},{\"@type\":\"WebSite\",\"@id\":\"https:\/\/www.cornyn.senate.gov\/es-mx\/#website\",\"url\":\"https:\/\/www.cornyn.senate.gov\/es-mx\/\",\"name\":\"Senator Cornyn\",\"description\":\"\",\"publisher\":{\"@id\":\"https:\/\/www.cornyn.senate.gov\/es-mx\/#organization\"},\"potentialAction\":[{\"@type\":\"SearchAction\",\"target\":{\"@type\":\"EntryPoint\",\"urlTemplate\":\"https:\/\/www.cornyn.senate.gov\/es-mx\/?s={search_term_string}\"},\"query-input\":{\"@type\":\"PropertyValueSpecification\",\"valueRequired\":true,\"valueName\":\"search_term_string\"}}],\"inLanguage\":\"es-MX\"},{\"@type\":\"Organization\",\"@id\":\"https:\/\/www.cornyn.senate.gov\/es-mx\/#organization\",\"name\":\"Senator Cornyn\",\"url\":\"https:\/\/www.cornyn.senate.gov\/es-mx\/\",\"logo\":{\"@type\":\"ImageObject\",\"inLanguage\":\"es-MX\",\"@id\":\"https:\/\/www.cornyn.senate.gov\/es-mx\/#\/schema\/logo\/image\/\",\"url\":\"https:\/\/www.cornyn.senate.gov\/wp-content\/uploads\/2022\/01\/Logo-2.svg\",\"contentUrl\":\"https:\/\/www.cornyn.senate.gov\/wp-content\/uploads\/2022\/01\/Logo-2.svg\",\"caption\":\"Senator Cornyn\"},\"image\":{\"@id\":\"https:\/\/www.cornyn.senate.gov\/es-mx\/#\/schema\/logo\/image\/\"},\"sameAs\":[\"https:\/\/www.facebook.com\/SenJohnCornyn\",\"https:\/\/x.com\/johncornyn\"]}]}<\/script>\n<!-- \/ Yoast SEO plugin. -->","yoast_head_json":{"title":"VIDEO: Cornyn rinde homenaje al D\u00eda de la Independencia de Texas - Senator Cornyn","description":"Cornyn rinde homenaje al D\u00eda de la Independencia de Texas","robots":{"index":"index","follow":"follow","max-snippet":"max-snippet:-1","max-image-preview":"max-image-preview:large","max-video-preview":"max-video-preview:-1"},"canonical":"https:\/\/www.cornyn.senate.gov\/es-mx\/news\/video-cornyn-rinde-homenaje-al-dia-de-la-independencia-de-texas\/","og_locale":"es_MX","og_type":"article","og_title":"VIDEO: Cornyn rinde homenaje al D\u00eda de la Independencia de Texas - Senator Cornyn","og_description":"Cornyn rinde homenaje al D\u00eda de la Independencia de Texas","og_url":"https:\/\/www.cornyn.senate.gov\/es-mx\/news\/video-cornyn-rinde-homenaje-al-dia-de-la-independencia-de-texas\/","og_site_name":"Senator Cornyn","article_publisher":"https:\/\/www.facebook.com\/SenJohnCornyn","article_modified_time":"2023-03-02T19:15:21+00:00","og_image":[{"width":1024,"height":535,"url":"https:\/\/www.cornyn.senate.gov\/wp-content\/uploads\/2023\/11\/Twitter-Card-Dec-23-1024x535.png","type":"image\/png"}],"twitter_card":"summary_large_image","twitter_site":"@johncornyn","twitter_misc":{"Est. reading time":"3 minutes"},"schema":{"@context":"https:\/\/schema.org","@graph":[{"@type":"WebPage","@id":"https:\/\/www.cornyn.senate.gov\/es-mx\/news\/video-cornyn-rinde-homenaje-al-dia-de-la-independencia-de-texas\/","url":"https:\/\/www.cornyn.senate.gov\/es-mx\/news\/video-cornyn-rinde-homenaje-al-dia-de-la-independencia-de-texas\/","name":"VIDEO: Cornyn rinde homenaje al D\u00eda de la Independencia de Texas - Senator Cornyn","isPartOf":{"@id":"https:\/\/www.cornyn.senate.gov\/es-mx\/#website"},"datePublished":"2023-03-02T17:59:37+00:00","dateModified":"2023-03-02T19:15:21+00:00","description":"Cornyn rinde homenaje al D\u00eda de la Independencia de Texas","breadcrumb":{"@id":"https:\/\/www.cornyn.senate.gov\/es-mx\/news\/video-cornyn-rinde-homenaje-al-dia-de-la-independencia-de-texas\/#breadcrumb"},"inLanguage":"es-MX","potentialAction":[{"@type":"ReadAction","target":["https:\/\/www.cornyn.senate.gov\/es-mx\/news\/video-cornyn-rinde-homenaje-al-dia-de-la-independencia-de-texas\/"]}]},{"@type":"BreadcrumbList","@id":"https:\/\/www.cornyn.senate.gov\/es-mx\/news\/video-cornyn-rinde-homenaje-al-dia-de-la-independencia-de-texas\/#breadcrumb","itemListElement":[{"@type":"ListItem","position":1,"name":"Home","item":"https:\/\/www.cornyn.senate.gov\/es-mx\/"},{"@type":"ListItem","position":2,"name":"News","item":"https:\/\/www.cornyn.senate.gov\/es-mx\/news\/"},{"@type":"ListItem","position":3,"name":"VIDEO: Cornyn rinde homenaje al D\u00eda de la Independencia de Texas"}]},{"@type":"WebSite","@id":"https:\/\/www.cornyn.senate.gov\/es-mx\/#website","url":"https:\/\/www.cornyn.senate.gov\/es-mx\/","name":"Senator Cornyn","description":"","publisher":{"@id":"https:\/\/www.cornyn.senate.gov\/es-mx\/#organization"},"potentialAction":[{"@type":"SearchAction","target":{"@type":"EntryPoint","urlTemplate":"https:\/\/www.cornyn.senate.gov\/es-mx\/?s={search_term_string}"},"query-input":{"@type":"PropertyValueSpecification","valueRequired":true,"valueName":"search_term_string"}}],"inLanguage":"es-MX"},{"@type":"Organization","@id":"https:\/\/www.cornyn.senate.gov\/es-mx\/#organization","name":"Senator Cornyn","url":"https:\/\/www.cornyn.senate.gov\/es-mx\/","logo":{"@type":"ImageObject","inLanguage":"es-MX","@id":"https:\/\/www.cornyn.senate.gov\/es-mx\/#\/schema\/logo\/image\/","url":"https:\/\/www.cornyn.senate.gov\/wp-content\/uploads\/2022\/01\/Logo-2.svg","contentUrl":"https:\/\/www.cornyn.senate.gov\/wp-content\/uploads\/2022\/01\/Logo-2.svg","caption":"Senator Cornyn"},"image":{"@id":"https:\/\/www.cornyn.senate.gov\/es-mx\/#\/schema\/logo\/image\/"},"sameAs":["https:\/\/www.facebook.com\/SenJohnCornyn","https:\/\/x.com\/johncornyn"]}]}},"_links":{"self":[{"href":"https:\/\/www.cornyn.senate.gov\/es-mx\/wp-json\/wp\/v2\/news\/35580","targetHints":{"allow":["GET"]}}],"collection":[{"href":"https:\/\/www.cornyn.senate.gov\/es-mx\/wp-json\/wp\/v2\/news"}],"about":[{"href":"https:\/\/www.cornyn.senate.gov\/es-mx\/wp-json\/wp\/v2\/types\/news"}],"author":[{"embeddable":true,"href":"https:\/\/www.cornyn.senate.gov\/es-mx\/wp-json\/wp\/v2\/users\/2"}],"version-history":[{"count":1,"href":"https:\/\/www.cornyn.senate.gov\/es-mx\/wp-json\/wp\/v2\/news\/35580\/revisions"}],"predecessor-version":[{"id":35582,"href":"https:\/\/www.cornyn.senate.gov\/es-mx\/wp-json\/wp\/v2\/news\/35580\/revisions\/35582"}],"wp:attachment":[{"href":"https:\/\/www.cornyn.senate.gov\/es-mx\/wp-json\/wp\/v2\/media?parent=35580"}],"wp:term":[{"taxonomy":"news-type","embeddable":true,"href":"https:\/\/www.cornyn.senate.gov\/es-mx\/wp-json\/wp\/v2\/news-type?post=35580"},{"taxonomy":"issues","embeddable":true,"href":"https:\/\/www.cornyn.senate.gov\/es-mx\/wp-json\/wp\/v2\/issues?post=35580"}],"curies":[{"name":"wp","href":"https:\/\/api.w.org\/{rel}","templated":true}]}}