{"id":35598,"date":"2023-03-02T11:06:00","date_gmt":"2023-03-02T16:06:00","guid":{"rendered":"https:\/\/www.cornyn.senate.gov\/news\/aprobado-en-el-senado-el-proyecto-de-cornyn-y-cruz-para-ampliar-los-procesos-judiciales-federales-en-el-oeste-de-texas\/"},"modified":"2023-03-02T17:17:13","modified_gmt":"2023-03-02T22:17:13","slug":"aprobado-en-el-senado-el-proyecto-de-cornyn-y-cruz-para-ampliar-los-procesos-judiciales-federales-en-el-oeste-de-texas","status":"publish","type":"news","link":"https:\/\/www.cornyn.senate.gov\/es-mx\/news\/aprobado-en-el-senado-el-proyecto-de-cornyn-y-cruz-para-ampliar-los-procesos-judiciales-federales-en-el-oeste-de-texas\/","title":{"rendered":"Aprobado en el Senado el proyecto de Cornyn y Cruz para ampliar los procesos judiciales federales en el oeste de Texas"},"content":{"rendered":"\t\t<div data-elementor-type=\"wp-post\" data-elementor-id=\"35598\" class=\"elementor elementor-35598 elementor-35584\" data-elementor-post-type=\"news\">\n\t\t\t\t\t\t<section class=\"elementor-section elementor-top-section elementor-element elementor-element-162db2ba elementor-section-boxed elementor-section-height-default elementor-section-height-default\" data-id=\"162db2ba\" data-element_type=\"section\" data-e-type=\"section\">\n\t\t\t\t\t\t<div class=\"elementor-container elementor-column-gap-default\">\n\t\t\t\t\t<div class=\"elementor-column elementor-col-100 elementor-top-column elementor-element elementor-element-5cc81426\" data-id=\"5cc81426\" data-element_type=\"column\" data-e-type=\"column\">\n\t\t\t<div class=\"elementor-widget-wrap elementor-element-populated\">\n\t\t\t\t\t\t<section class=\"elementor-section elementor-inner-section elementor-element elementor-element-18e35a28 elementor-section-boxed elementor-section-height-default elementor-section-height-default\" data-id=\"18e35a28\" data-element_type=\"section\" data-e-type=\"section\">\n\t\t\t\t\t\t<div class=\"elementor-container elementor-column-gap-default\">\n\t\t\t\t\t<div class=\"elementor-column elementor-col-50 elementor-inner-column elementor-element elementor-element-3b0d8215\" data-id=\"3b0d8215\" data-element_type=\"column\" data-e-type=\"column\">\n\t\t\t<div class=\"elementor-widget-wrap elementor-element-populated\">\n\t\t\t\t\t\t<div class=\"elementor-element elementor-element-1c6294ac breadcrumb--back elementor-widget elementor-widget-button\" data-id=\"1c6294ac\" data-element_type=\"widget\" data-e-type=\"widget\" data-widget_type=\"button.default\">\n\t\t\t\t<div class=\"elementor-widget-container\">\n\t\t\t\t\t\t\t\t\t<div class=\"elementor-button-wrapper\">\n\t\t\t\t\t<a class=\"elementor-button elementor-button-link elementor-size-sm\" href=\"\/noticias\/\">\n\t\t\t\t\t\t<span class=\"elementor-button-content-wrapper\">\n\t\t\t\t\t\t<span class=\"elementor-button-icon\">\n\t\t\t\t<i aria-hidden=\"true\" class=\"icon icon-arrow-left\"><\/i>\t\t\t<\/span>\n\t\t\t\t\t\t\t\t\t<span class=\"elementor-button-text\">Noticias<\/span>\n\t\t\t\t\t<\/span>\n\t\t\t\t\t<\/a>\n\t\t\t\t<\/div>\n\t\t\t\t\t\t\t\t<\/div>\n\t\t\t\t<\/div>\n\t\t\t\t\t<\/div>\n\t\t<\/div>\n\t\t\t\t<div class=\"elementor-column elementor-col-50 elementor-inner-column elementor-element elementor-element-4d1b3b03 content-page__content\" data-id=\"4d1b3b03\" data-element_type=\"column\" data-e-type=\"column\">\n\t\t\t<div class=\"elementor-widget-wrap elementor-element-populated\">\n\t\t\t\t\t\t<div class=\"elementor-element elementor-element-27b18e41 elementor-widget elementor-widget-theme-post-title elementor-page-title elementor-widget-heading\" data-id=\"27b18e41\" data-element_type=\"widget\" data-e-type=\"widget\" data-widget_type=\"theme-post-title.default\">\n\t\t\t\t<div class=\"elementor-widget-container\">\n\t\t\t\t\t<h1 class=\"elementor-heading-title elementor-size-default\">Aprobado en el Senado el proyecto de Cornyn y Cruz para ampliar los procesos judiciales federales en el oeste de Texas<\/h1>\t\t\t\t<\/div>\n\t\t\t\t<\/div>\n\t\t\t\t<div class=\"elementor-element elementor-element-389edcab elementor-widget-divider--view-line elementor-widget elementor-widget-divider\" data-id=\"389edcab\" data-element_type=\"widget\" data-e-type=\"widget\" data-widget_type=\"divider.default\">\n\t\t\t\t<div class=\"elementor-widget-container\">\n\t\t\t\t\t\t\t<div class=\"elementor-divider\">\n\t\t\t<span class=\"elementor-divider-separator\">\n\t\t\t\t\t\t<\/span>\n\t\t<\/div>\n\t\t\t\t\t\t<\/div>\n\t\t\t\t<\/div>\n\t\t\t\t<div class=\"elementor-element elementor-element-2a1a1a84 elementor-widget__width-initial elementor-widget-mobile__width-inherit elementor-widget elementor-widget-text-editor\" data-id=\"2a1a1a84\" data-element_type=\"widget\" data-e-type=\"widget\" data-widget_type=\"text-editor.default\">\n\t\t\t\t<div class=\"elementor-widget-container\">\n\t\t\t\t\t\t\t\t\tMarch 2, 2023\t\t\t\t\t\t\t\t<\/div>\n\t\t\t\t<\/div>\n\t\t\t\t<div class=\"elementor-element elementor-element-2e2cadd3 elementor-share-buttons--view-icon elementor-share-buttons--skin-flat elementor-share-buttons--shape-circle elementor-share-buttons--color-custom share-buttons elementor-widget__width-initial elementor-widget-mobile__width-inherit elementor-grid-0 elementor-widget elementor-widget-global elementor-global-33223 elementor-global-401 elementor-widget-share-buttons\" data-id=\"2e2cadd3\" data-element_type=\"widget\" data-e-type=\"widget\" title=\"Share\" data-widget_type=\"share-buttons.default\">\n\t\t\t\t<div class=\"elementor-widget-container\">\n\t\t\t\t\t\t\t<div class=\"elementor-grid\" role=\"list\">\n\t\t\t\t\t\t\t\t<div class=\"elementor-grid-item\" role=\"listitem\">\n\t\t\t\t\t\t<div class=\"elementor-share-btn elementor-share-btn_email\" role=\"button\" tabindex=\"0\" aria-label=\"Share on email\">\n\t\t\t\t\t\t\t\t\t\t\t\t\t\t\t<span class=\"elementor-share-btn__icon\">\n\t\t\t\t\t\t\t\t<i class=\"fas fa-envelope\" aria-hidden=\"true\"><\/i>\t\t\t\t\t\t\t<\/span>\n\t\t\t\t\t\t\t\t\t\t\t\t\t\t\t\t\t\t\t\t<\/div>\n\t\t\t\t\t<\/div>\n\t\t\t\t\t\t\t\t\t<div class=\"elementor-grid-item\" role=\"listitem\">\n\t\t\t\t\t\t<div class=\"elementor-share-btn elementor-share-btn_linkedin\" role=\"button\" tabindex=\"0\" aria-label=\"Share on linkedin\">\n\t\t\t\t\t\t\t\t\t\t\t\t\t\t\t<span class=\"elementor-share-btn__icon\">\n\t\t\t\t\t\t\t\t<i class=\"fab fa-linkedin\" aria-hidden=\"true\"><\/i>\t\t\t\t\t\t\t<\/span>\n\t\t\t\t\t\t\t\t\t\t\t\t\t\t\t\t\t\t\t\t<\/div>\n\t\t\t\t\t<\/div>\n\t\t\t\t\t\t\t\t\t<div class=\"elementor-grid-item\" role=\"listitem\">\n\t\t\t\t\t\t<div class=\"elementor-share-btn elementor-share-btn_facebook\" role=\"button\" tabindex=\"0\" aria-label=\"Share on facebook\">\n\t\t\t\t\t\t\t\t\t\t\t\t\t\t\t<span class=\"elementor-share-btn__icon\">\n\t\t\t\t\t\t\t\t<i class=\"fab fa-facebook\" aria-hidden=\"true\"><\/i>\t\t\t\t\t\t\t<\/span>\n\t\t\t\t\t\t\t\t\t\t\t\t\t\t\t\t\t\t\t\t<\/div>\n\t\t\t\t\t<\/div>\n\t\t\t\t\t\t<\/div>\n\t\t\t\t\t\t<\/div>\n\t\t\t\t<\/div>\n\t\t\t\t<div class=\"elementor-element elementor-element-2175160c elementor-widget elementor-widget-text-editor\" data-id=\"2175160c\" data-element_type=\"widget\" data-e-type=\"widget\" data-widget_type=\"text-editor.default\">\n\t\t\t\t<div class=\"elementor-widget-container\">\n\t\t\t\t\t\t\t\t\t<p style=\"font-weight: 400;\"><strong>WASHINGTON <\/strong>&#8211; Los senadores estadounidenses John Cornyn (republicano de Texas) y Ted Cruz (republicano de Texas) han hecho p\u00fablicas las siguientes declaraciones despu\u00e9s de que sus La <em>Ley de Mejora del Acceso a Nuestros Tribunales<\/em>, que permitir\u00eda que los procedimientos judiciales federales se llevaran a cabo en el Tribunal de Distrito de EE.UU. en Alpine, Texas, que es uno de los siete tribunales del Distrito Oeste de Texas y sirve a nueve condados de Texas, fue aprobada por el Senado:<\/p>\n<p style=\"font-weight: 400;\">&#8220;El <em>sistema estadounidense de contrapesos y salvaguardias se basa en la fortaleza de los tres poderes del Estado&#8221;<\/em>, declar\u00f3 el senador Cornyn. <em>&#8220;Estoy agradecido a mis colegas del Senado por apoyar esta legislaci\u00f3n para reforzar la misi\u00f3n de nuestro poder judicial y permitir que m\u00e1s casos locales sean procesados en las salas de los tribunales federales del oeste de Texas, e insto a la C\u00e1mara a aprobarla sin demora.&#8221;<\/em><\/p>\n<p style=\"font-weight: 400;\"> &#8220;<em> Estoy orgulloso de haber trabajado con mis colegas tejanos para aumentar la accesibilidad a nuestros tribunales federales para las v\u00edctimas, las partes, los abogados y el p\u00fablico en general&#8221;<\/em>, dijo el senador Cruz.<strong>. <\/strong><em>&#8220;A trav\u00e9s de esta necesaria adici\u00f3n, el Tribunal de Distrito de EE.UU. para el Distrito Oeste de Texas es ahora capaz de proporcionar un servicio m\u00e1s eficiente a la gente del oeste de Texas, lo que les permite buscar reparaci\u00f3n sin necesidad de conducir durante varias horas hasta el tribunal federal m\u00e1s cercano.&#8221;<\/em><\/p>\n<p style=\"font-weight: 400;\">Las senadoras Patty Murray (D-WA) y Maria Cantwell (D-WA) son copatrocinadoras del proyecto de ley. Los representantes Tony Gonzales (TX-23), Rick Larsen (WA-02) y Suzan DelBene (WA-01) han presentado un proyecto de ley similar en la C\u00e1mara de Representantes. <\/p>\n<p style=\"font-weight: 400;\"><u>Antecedentes:<\/u><\/p>\n<p style=\"font-weight: 400;\">Esta legislaci\u00f3n aclarar\u00e1 en la ley que los procedimientos judiciales federales podr\u00e1n celebrarse en Alpine, Texas, para el Distrito Oeste de Texas, y en Mt. Vernon, Washington, para el Distrito Oeste de Washington. En la actualidad, los litigantes suelen firmar renuncias para permitir los procedimientos judiciales en Alpine, Texas. La actualizaci\u00f3n de la ley para eliminar este obst\u00e1culo burocr\u00e1tico agilizar\u00e1 los procedimientos judiciales y fomentar\u00e1 m\u00e1s procedimientos judiciales locales en los Alpes.<\/p>\n\t\t\t\t\t\t\t\t<\/div>\n\t\t\t\t<\/div>\n\t\t\t\t\t<\/div>\n\t\t<\/div>\n\t\t\t\t\t<\/div>\n\t\t<\/section>\n\t\t\t\t\t<\/div>\n\t\t<\/div>\n\t\t\t\t\t<\/div>\n\t\t<\/section>\n\t\t\t\t<\/div>\n\t\t","protected":false},"author":2,"template":"","news-type":[161],"issues":[189],"class_list":["post-35598","news","type-news","status-publish","hentry","news-type-press-releases-es-mx","issues-courts-judiciary-es-mx"],"acf":[],"yoast_head":"<!-- This site is optimized with the Yoast SEO plugin v27.2 - https:\/\/yoast.com\/product\/yoast-seo-wordpress\/ -->\n<title>Aprobado en el Senado el proyecto de Cornyn y Cruz para ampliar los procesos judiciales federales en el oeste de Texas - Senator Cornyn<\/title>\n<meta name=\"robots\" content=\"index, follow, max-snippet:-1, max-image-preview:large, max-video-preview:-1\" \/>\n<link rel=\"canonical\" href=\"https:\/\/www.cornyn.senate.gov\/es-mx\/news\/aprobado-en-el-senado-el-proyecto-de-cornyn-y-cruz-para-ampliar-los-procesos-judiciales-federales-en-el-oeste-de-texas\/\" \/>\n<meta property=\"og:locale\" content=\"es_MX\" \/>\n<meta property=\"og:type\" content=\"article\" \/>\n<meta property=\"og:title\" content=\"Aprobado en el Senado el proyecto de Cornyn y Cruz para ampliar los procesos judiciales federales en el oeste de Texas - Senator Cornyn\" \/>\n<meta property=\"og:description\" content=\"Noticias WASHINGTON &#8211; Los senadores estadounidenses John Cornyn (republicano de Texas) y Ted Cruz (republicano de Texas) han hecho p\u00fablicas las siguientes declaraciones despu\u00e9s de que sus La Ley de Mejora del Acceso a Nuestros Tribunales, que permitir\u00eda que los procedimientos judiciales federales se llevaran a cabo en el Tribunal de Distrito de EE.UU. en [&hellip;]\" \/>\n<meta property=\"og:url\" content=\"https:\/\/www.cornyn.senate.gov\/es-mx\/news\/aprobado-en-el-senado-el-proyecto-de-cornyn-y-cruz-para-ampliar-los-procesos-judiciales-federales-en-el-oeste-de-texas\/\" \/>\n<meta property=\"og:site_name\" content=\"Senator Cornyn\" \/>\n<meta property=\"article:publisher\" content=\"https:\/\/www.facebook.com\/SenJohnCornyn\" \/>\n<meta property=\"article:modified_time\" content=\"2023-03-02T22:17:13+00:00\" \/>\n<meta property=\"og:image\" content=\"https:\/\/www.cornyn.senate.gov\/wp-content\/uploads\/2023\/11\/Twitter-Card-Dec-23-1024x535.png\" \/>\n\t<meta property=\"og:image:width\" content=\"1024\" \/>\n\t<meta property=\"og:image:height\" content=\"535\" \/>\n\t<meta property=\"og:image:type\" content=\"image\/png\" \/>\n<meta name=\"twitter:card\" content=\"summary_large_image\" \/>\n<meta name=\"twitter:site\" content=\"@johncornyn\" \/>\n<meta name=\"twitter:label1\" content=\"Est. reading time\" \/>\n\t<meta name=\"twitter:data1\" content=\"2 minutes\" \/>\n<script type=\"application\/ld+json\" class=\"yoast-schema-graph\">{\"@context\":\"https:\/\/schema.org\",\"@graph\":[{\"@type\":\"WebPage\",\"@id\":\"https:\/\/www.cornyn.senate.gov\/es-mx\/news\/aprobado-en-el-senado-el-proyecto-de-cornyn-y-cruz-para-ampliar-los-procesos-judiciales-federales-en-el-oeste-de-texas\/\",\"url\":\"https:\/\/www.cornyn.senate.gov\/es-mx\/news\/aprobado-en-el-senado-el-proyecto-de-cornyn-y-cruz-para-ampliar-los-procesos-judiciales-federales-en-el-oeste-de-texas\/\",\"name\":\"Aprobado en el Senado el proyecto de Cornyn y Cruz para ampliar los procesos judiciales federales en el oeste de Texas - Senator Cornyn\",\"isPartOf\":{\"@id\":\"https:\/\/www.cornyn.senate.gov\/es-mx\/#website\"},\"datePublished\":\"2023-03-02T16:06:00+00:00\",\"dateModified\":\"2023-03-02T22:17:13+00:00\",\"breadcrumb\":{\"@id\":\"https:\/\/www.cornyn.senate.gov\/es-mx\/news\/aprobado-en-el-senado-el-proyecto-de-cornyn-y-cruz-para-ampliar-los-procesos-judiciales-federales-en-el-oeste-de-texas\/#breadcrumb\"},\"inLanguage\":\"es-MX\",\"potentialAction\":[{\"@type\":\"ReadAction\",\"target\":[\"https:\/\/www.cornyn.senate.gov\/es-mx\/news\/aprobado-en-el-senado-el-proyecto-de-cornyn-y-cruz-para-ampliar-los-procesos-judiciales-federales-en-el-oeste-de-texas\/\"]}]},{\"@type\":\"BreadcrumbList\",\"@id\":\"https:\/\/www.cornyn.senate.gov\/es-mx\/news\/aprobado-en-el-senado-el-proyecto-de-cornyn-y-cruz-para-ampliar-los-procesos-judiciales-federales-en-el-oeste-de-texas\/#breadcrumb\",\"itemListElement\":[{\"@type\":\"ListItem\",\"position\":1,\"name\":\"Home\",\"item\":\"https:\/\/www.cornyn.senate.gov\/es-mx\/\"},{\"@type\":\"ListItem\",\"position\":2,\"name\":\"News\",\"item\":\"https:\/\/www.cornyn.senate.gov\/es-mx\/news\/\"},{\"@type\":\"ListItem\",\"position\":3,\"name\":\"Aprobado en el Senado el proyecto de Cornyn y Cruz para ampliar los procesos judiciales federales en el oeste de Texas\"}]},{\"@type\":\"WebSite\",\"@id\":\"https:\/\/www.cornyn.senate.gov\/es-mx\/#website\",\"url\":\"https:\/\/www.cornyn.senate.gov\/es-mx\/\",\"name\":\"Senator Cornyn\",\"description\":\"\",\"publisher\":{\"@id\":\"https:\/\/www.cornyn.senate.gov\/es-mx\/#organization\"},\"potentialAction\":[{\"@type\":\"SearchAction\",\"target\":{\"@type\":\"EntryPoint\",\"urlTemplate\":\"https:\/\/www.cornyn.senate.gov\/es-mx\/?s={search_term_string}\"},\"query-input\":{\"@type\":\"PropertyValueSpecification\",\"valueRequired\":true,\"valueName\":\"search_term_string\"}}],\"inLanguage\":\"es-MX\"},{\"@type\":\"Organization\",\"@id\":\"https:\/\/www.cornyn.senate.gov\/es-mx\/#organization\",\"name\":\"Senator Cornyn\",\"url\":\"https:\/\/www.cornyn.senate.gov\/es-mx\/\",\"logo\":{\"@type\":\"ImageObject\",\"inLanguage\":\"es-MX\",\"@id\":\"https:\/\/www.cornyn.senate.gov\/es-mx\/#\/schema\/logo\/image\/\",\"url\":\"https:\/\/www.cornyn.senate.gov\/wp-content\/uploads\/2022\/01\/Logo-2.svg\",\"contentUrl\":\"https:\/\/www.cornyn.senate.gov\/wp-content\/uploads\/2022\/01\/Logo-2.svg\",\"caption\":\"Senator Cornyn\"},\"image\":{\"@id\":\"https:\/\/www.cornyn.senate.gov\/es-mx\/#\/schema\/logo\/image\/\"},\"sameAs\":[\"https:\/\/www.facebook.com\/SenJohnCornyn\",\"https:\/\/x.com\/johncornyn\"]}]}<\/script>\n<!-- \/ Yoast SEO plugin. -->","yoast_head_json":{"title":"Aprobado en el Senado el proyecto de Cornyn y Cruz para ampliar los procesos judiciales federales en el oeste de Texas - Senator Cornyn","robots":{"index":"index","follow":"follow","max-snippet":"max-snippet:-1","max-image-preview":"max-image-preview:large","max-video-preview":"max-video-preview:-1"},"canonical":"https:\/\/www.cornyn.senate.gov\/es-mx\/news\/aprobado-en-el-senado-el-proyecto-de-cornyn-y-cruz-para-ampliar-los-procesos-judiciales-federales-en-el-oeste-de-texas\/","og_locale":"es_MX","og_type":"article","og_title":"Aprobado en el Senado el proyecto de Cornyn y Cruz para ampliar los procesos judiciales federales en el oeste de Texas - Senator Cornyn","og_description":"Noticias WASHINGTON &#8211; Los senadores estadounidenses John Cornyn (republicano de Texas) y Ted Cruz (republicano de Texas) han hecho p\u00fablicas las siguientes declaraciones despu\u00e9s de que sus La Ley de Mejora del Acceso a Nuestros Tribunales, que permitir\u00eda que los procedimientos judiciales federales se llevaran a cabo en el Tribunal de Distrito de EE.UU. en [&hellip;]","og_url":"https:\/\/www.cornyn.senate.gov\/es-mx\/news\/aprobado-en-el-senado-el-proyecto-de-cornyn-y-cruz-para-ampliar-los-procesos-judiciales-federales-en-el-oeste-de-texas\/","og_site_name":"Senator Cornyn","article_publisher":"https:\/\/www.facebook.com\/SenJohnCornyn","article_modified_time":"2023-03-02T22:17:13+00:00","og_image":[{"width":1024,"height":535,"url":"https:\/\/www.cornyn.senate.gov\/wp-content\/uploads\/2023\/11\/Twitter-Card-Dec-23-1024x535.png","type":"image\/png"}],"twitter_card":"summary_large_image","twitter_site":"@johncornyn","twitter_misc":{"Est. reading time":"2 minutes"},"schema":{"@context":"https:\/\/schema.org","@graph":[{"@type":"WebPage","@id":"https:\/\/www.cornyn.senate.gov\/es-mx\/news\/aprobado-en-el-senado-el-proyecto-de-cornyn-y-cruz-para-ampliar-los-procesos-judiciales-federales-en-el-oeste-de-texas\/","url":"https:\/\/www.cornyn.senate.gov\/es-mx\/news\/aprobado-en-el-senado-el-proyecto-de-cornyn-y-cruz-para-ampliar-los-procesos-judiciales-federales-en-el-oeste-de-texas\/","name":"Aprobado en el Senado el proyecto de Cornyn y Cruz para ampliar los procesos judiciales federales en el oeste de Texas - Senator Cornyn","isPartOf":{"@id":"https:\/\/www.cornyn.senate.gov\/es-mx\/#website"},"datePublished":"2023-03-02T16:06:00+00:00","dateModified":"2023-03-02T22:17:13+00:00","breadcrumb":{"@id":"https:\/\/www.cornyn.senate.gov\/es-mx\/news\/aprobado-en-el-senado-el-proyecto-de-cornyn-y-cruz-para-ampliar-los-procesos-judiciales-federales-en-el-oeste-de-texas\/#breadcrumb"},"inLanguage":"es-MX","potentialAction":[{"@type":"ReadAction","target":["https:\/\/www.cornyn.senate.gov\/es-mx\/news\/aprobado-en-el-senado-el-proyecto-de-cornyn-y-cruz-para-ampliar-los-procesos-judiciales-federales-en-el-oeste-de-texas\/"]}]},{"@type":"BreadcrumbList","@id":"https:\/\/www.cornyn.senate.gov\/es-mx\/news\/aprobado-en-el-senado-el-proyecto-de-cornyn-y-cruz-para-ampliar-los-procesos-judiciales-federales-en-el-oeste-de-texas\/#breadcrumb","itemListElement":[{"@type":"ListItem","position":1,"name":"Home","item":"https:\/\/www.cornyn.senate.gov\/es-mx\/"},{"@type":"ListItem","position":2,"name":"News","item":"https:\/\/www.cornyn.senate.gov\/es-mx\/news\/"},{"@type":"ListItem","position":3,"name":"Aprobado en el Senado el proyecto de Cornyn y Cruz para ampliar los procesos judiciales federales en el oeste de Texas"}]},{"@type":"WebSite","@id":"https:\/\/www.cornyn.senate.gov\/es-mx\/#website","url":"https:\/\/www.cornyn.senate.gov\/es-mx\/","name":"Senator Cornyn","description":"","publisher":{"@id":"https:\/\/www.cornyn.senate.gov\/es-mx\/#organization"},"potentialAction":[{"@type":"SearchAction","target":{"@type":"EntryPoint","urlTemplate":"https:\/\/www.cornyn.senate.gov\/es-mx\/?s={search_term_string}"},"query-input":{"@type":"PropertyValueSpecification","valueRequired":true,"valueName":"search_term_string"}}],"inLanguage":"es-MX"},{"@type":"Organization","@id":"https:\/\/www.cornyn.senate.gov\/es-mx\/#organization","name":"Senator Cornyn","url":"https:\/\/www.cornyn.senate.gov\/es-mx\/","logo":{"@type":"ImageObject","inLanguage":"es-MX","@id":"https:\/\/www.cornyn.senate.gov\/es-mx\/#\/schema\/logo\/image\/","url":"https:\/\/www.cornyn.senate.gov\/wp-content\/uploads\/2022\/01\/Logo-2.svg","contentUrl":"https:\/\/www.cornyn.senate.gov\/wp-content\/uploads\/2022\/01\/Logo-2.svg","caption":"Senator Cornyn"},"image":{"@id":"https:\/\/www.cornyn.senate.gov\/es-mx\/#\/schema\/logo\/image\/"},"sameAs":["https:\/\/www.facebook.com\/SenJohnCornyn","https:\/\/x.com\/johncornyn"]}]}},"_links":{"self":[{"href":"https:\/\/www.cornyn.senate.gov\/es-mx\/wp-json\/wp\/v2\/news\/35598","targetHints":{"allow":["GET"]}}],"collection":[{"href":"https:\/\/www.cornyn.senate.gov\/es-mx\/wp-json\/wp\/v2\/news"}],"about":[{"href":"https:\/\/www.cornyn.senate.gov\/es-mx\/wp-json\/wp\/v2\/types\/news"}],"author":[{"embeddable":true,"href":"https:\/\/www.cornyn.senate.gov\/es-mx\/wp-json\/wp\/v2\/users\/2"}],"version-history":[{"count":1,"href":"https:\/\/www.cornyn.senate.gov\/es-mx\/wp-json\/wp\/v2\/news\/35598\/revisions"}],"predecessor-version":[{"id":35600,"href":"https:\/\/www.cornyn.senate.gov\/es-mx\/wp-json\/wp\/v2\/news\/35598\/revisions\/35600"}],"wp:attachment":[{"href":"https:\/\/www.cornyn.senate.gov\/es-mx\/wp-json\/wp\/v2\/media?parent=35598"}],"wp:term":[{"taxonomy":"news-type","embeddable":true,"href":"https:\/\/www.cornyn.senate.gov\/es-mx\/wp-json\/wp\/v2\/news-type?post=35598"},{"taxonomy":"issues","embeddable":true,"href":"https:\/\/www.cornyn.senate.gov\/es-mx\/wp-json\/wp\/v2\/issues?post=35598"}],"curies":[{"name":"wp","href":"https:\/\/api.w.org\/{rel}","templated":true}]}}