{"id":35726,"date":"2023-03-06T17:54:13","date_gmt":"2023-03-06T22:54:13","guid":{"rendered":"https:\/\/www.cornyn.senate.gov\/news\/cornyn-recuerda-su-visita-a-la-frontera-y-pide-a-biden-que-haga-cumplir-la-ley\/"},"modified":"2023-03-07T18:05:58","modified_gmt":"2023-03-07T23:05:58","slug":"cornyn-recuerda-su-visita-a-la-frontera-y-pide-a-biden-que-haga-cumplir-la-ley","status":"publish","type":"news","link":"https:\/\/www.cornyn.senate.gov\/es-mx\/news\/cornyn-recuerda-su-visita-a-la-frontera-y-pide-a-biden-que-haga-cumplir-la-ley\/","title":{"rendered":"Cornyn recuerda su visita a la frontera y pide a Biden que haga cumplir la ley"},"content":{"rendered":"\t\t<div data-elementor-type=\"wp-post\" data-elementor-id=\"35726\" class=\"elementor elementor-35726 elementor-35638\" data-elementor-post-type=\"news\">\n\t\t\t\t\t\t<section class=\"elementor-section elementor-top-section elementor-element elementor-element-272a8ed7 elementor-section-boxed elementor-section-height-default elementor-section-height-default\" data-id=\"272a8ed7\" data-element_type=\"section\" data-e-type=\"section\">\n\t\t\t\t\t\t<div class=\"elementor-container elementor-column-gap-default\">\n\t\t\t\t\t<div class=\"elementor-column elementor-col-100 elementor-top-column elementor-element elementor-element-61c300d7\" data-id=\"61c300d7\" data-element_type=\"column\" data-e-type=\"column\">\n\t\t\t<div class=\"elementor-widget-wrap elementor-element-populated\">\n\t\t\t\t\t\t<section class=\"elementor-section elementor-inner-section elementor-element elementor-element-1f070b3b elementor-section-boxed elementor-section-height-default elementor-section-height-default\" data-id=\"1f070b3b\" data-element_type=\"section\" data-e-type=\"section\">\n\t\t\t\t\t\t<div class=\"elementor-container elementor-column-gap-default\">\n\t\t\t\t\t<div class=\"elementor-column elementor-col-50 elementor-inner-column elementor-element elementor-element-2ec8490\" data-id=\"2ec8490\" data-element_type=\"column\" data-e-type=\"column\">\n\t\t\t<div class=\"elementor-widget-wrap elementor-element-populated\">\n\t\t\t\t\t\t<div class=\"elementor-element elementor-element-738d4500 breadcrumb--back elementor-widget elementor-widget-button\" data-id=\"738d4500\" data-element_type=\"widget\" data-e-type=\"widget\" data-widget_type=\"button.default\">\n\t\t\t\t<div class=\"elementor-widget-container\">\n\t\t\t\t\t\t\t\t\t<div class=\"elementor-button-wrapper\">\n\t\t\t\t\t<a class=\"elementor-button elementor-button-link elementor-size-sm\" href=\"\/noticias\/\">\n\t\t\t\t\t\t<span class=\"elementor-button-content-wrapper\">\n\t\t\t\t\t\t<span class=\"elementor-button-icon\">\n\t\t\t\t<i aria-hidden=\"true\" class=\"icon icon-arrow-left\"><\/i>\t\t\t<\/span>\n\t\t\t\t\t\t\t\t\t<span class=\"elementor-button-text\">Noticias<\/span>\n\t\t\t\t\t<\/span>\n\t\t\t\t\t<\/a>\n\t\t\t\t<\/div>\n\t\t\t\t\t\t\t\t<\/div>\n\t\t\t\t<\/div>\n\t\t\t\t\t<\/div>\n\t\t<\/div>\n\t\t\t\t<div class=\"elementor-column elementor-col-50 elementor-inner-column elementor-element elementor-element-403f86ff content-page__content\" data-id=\"403f86ff\" data-element_type=\"column\" data-e-type=\"column\">\n\t\t\t<div class=\"elementor-widget-wrap elementor-element-populated\">\n\t\t\t\t\t\t<div class=\"elementor-element elementor-element-119bb594 elementor-widget elementor-widget-theme-post-title elementor-page-title elementor-widget-heading\" data-id=\"119bb594\" data-element_type=\"widget\" data-e-type=\"widget\" data-widget_type=\"theme-post-title.default\">\n\t\t\t\t<div class=\"elementor-widget-container\">\n\t\t\t\t\t<h1 class=\"elementor-heading-title elementor-size-default\">Cornyn recuerda su visita a la frontera y pide a Biden que haga cumplir la ley<\/h1>\t\t\t\t<\/div>\n\t\t\t\t<\/div>\n\t\t\t\t<div class=\"elementor-element elementor-element-ab9a434 elementor-widget-divider--view-line elementor-widget elementor-widget-divider\" data-id=\"ab9a434\" data-element_type=\"widget\" data-e-type=\"widget\" data-widget_type=\"divider.default\">\n\t\t\t\t<div class=\"elementor-widget-container\">\n\t\t\t\t\t\t\t<div class=\"elementor-divider\">\n\t\t\t<span class=\"elementor-divider-separator\">\n\t\t\t\t\t\t<\/span>\n\t\t<\/div>\n\t\t\t\t\t\t<\/div>\n\t\t\t\t<\/div>\n\t\t\t\t<div class=\"elementor-element elementor-element-61db51d4 elementor-widget__width-initial elementor-widget-mobile__width-inherit elementor-widget elementor-widget-text-editor\" data-id=\"61db51d4\" data-element_type=\"widget\" data-e-type=\"widget\" data-widget_type=\"text-editor.default\">\n\t\t\t\t<div class=\"elementor-widget-container\">\n\t\t\t\t\t\t\t\t\tMarch 6, 2023\t\t\t\t\t\t\t\t<\/div>\n\t\t\t\t<\/div>\n\t\t\t\t<div class=\"elementor-element elementor-element-493b88f1 elementor-share-buttons--view-icon elementor-share-buttons--skin-flat elementor-share-buttons--shape-circle elementor-share-buttons--color-custom share-buttons elementor-widget__width-initial elementor-widget-mobile__width-inherit elementor-grid-0 elementor-widget elementor-widget-share-buttons\" data-id=\"493b88f1\" data-element_type=\"widget\" data-e-type=\"widget\" title=\"Share\" data-widget_type=\"share-buttons.default\">\n\t\t\t\t<div class=\"elementor-widget-container\">\n\t\t\t\t\t\t\t<div class=\"elementor-grid\" role=\"list\">\n\t\t\t\t\t\t\t\t<div class=\"elementor-grid-item\" role=\"listitem\">\n\t\t\t\t\t\t<div class=\"elementor-share-btn elementor-share-btn_email\" role=\"button\" tabindex=\"0\" aria-label=\"Share on email\">\n\t\t\t\t\t\t\t\t\t\t\t\t\t\t\t<span class=\"elementor-share-btn__icon\">\n\t\t\t\t\t\t\t\t<i class=\"fas fa-envelope\" aria-hidden=\"true\"><\/i>\t\t\t\t\t\t\t<\/span>\n\t\t\t\t\t\t\t\t\t\t\t\t\t\t\t\t\t\t\t\t<\/div>\n\t\t\t\t\t<\/div>\n\t\t\t\t\t\t\t\t\t<div class=\"elementor-grid-item\" role=\"listitem\">\n\t\t\t\t\t\t<div class=\"elementor-share-btn elementor-share-btn_linkedin\" role=\"button\" tabindex=\"0\" aria-label=\"Share on linkedin\">\n\t\t\t\t\t\t\t\t\t\t\t\t\t\t\t<span class=\"elementor-share-btn__icon\">\n\t\t\t\t\t\t\t\t<i class=\"fab fa-linkedin\" aria-hidden=\"true\"><\/i>\t\t\t\t\t\t\t<\/span>\n\t\t\t\t\t\t\t\t\t\t\t\t\t\t\t\t\t\t\t\t<\/div>\n\t\t\t\t\t<\/div>\n\t\t\t\t\t\t\t\t\t<div class=\"elementor-grid-item\" role=\"listitem\">\n\t\t\t\t\t\t<div class=\"elementor-share-btn elementor-share-btn_facebook\" role=\"button\" tabindex=\"0\" aria-label=\"Share on facebook\">\n\t\t\t\t\t\t\t\t\t\t\t\t\t\t\t<span class=\"elementor-share-btn__icon\">\n\t\t\t\t\t\t\t\t<i class=\"fab fa-facebook\" aria-hidden=\"true\"><\/i>\t\t\t\t\t\t\t<\/span>\n\t\t\t\t\t\t\t\t\t\t\t\t\t\t\t\t\t\t\t\t<\/div>\n\t\t\t\t\t<\/div>\n\t\t\t\t\t\t<\/div>\n\t\t\t\t\t\t<\/div>\n\t\t\t\t<\/div>\n\t\t\t\t<div class=\"elementor-element elementor-element-63f44479 elementor-blockquote--skin-boxed elementor-widget elementor-widget-blockquote\" data-id=\"63f44479\" data-element_type=\"widget\" data-e-type=\"widget\" data-widget_type=\"blockquote.default\">\n\t\t\t\t<div class=\"elementor-widget-container\">\n\t\t\t\t\t\t\t<blockquote class=\"elementor-blockquote\">\n\t\t\t<p class=\"elementor-blockquote__content\">\n\t\t\t\tEl viernes hablamos con las fuerzas del orden locales, estatales y federales sobre las graves repercusiones de esta frontera rota en la seguridad.<br><br>\n \nLa situaci\u00f3n actual es insostenible, pero el presidente Biden sigue promoviendo la falsa narrativa de que s\u00f3lo el Congreso puede solucionar esta crisis fronteriza.<br><br>\n \nNo necesitamos reescribir completamente nuestras leyes de inmigraci\u00f3n para solucionar la crisis humanitaria y de seguridad en la frontera. El presidente Biden tiene que hacer lo que han hecho otras administraciones: hacer cumplir las leyes que ya est\u00e1n en vigor.\t\t\t<\/p>\n\t\t\t\t\t<\/blockquote>\n\t\t\t\t\t\t<\/div>\n\t\t\t\t<\/div>\n\t\t\t\t<div class=\"elementor-element elementor-element-6f993ac9 elementor-widget elementor-widget-text-editor\" data-id=\"6f993ac9\" data-element_type=\"widget\" data-e-type=\"widget\" data-widget_type=\"text-editor.default\">\n\t\t\t\t<div class=\"elementor-widget-container\">\n\t\t\t\t\t\t\t\t\t<p style=\"font-weight: 400;\"><strong>WASHINGTON<\/strong> &#8211; Hoy en el pleno, el senador John Cornyn (republicano de Texas) ha pedido al presidente Biden que haga cumplir las leyes de inmigraci\u00f3n vigentes en el pa\u00eds y ha recordado su reciente viaje a McAllen (Texas) con el l\u00edder de la minor\u00eda en el Senado, John Thune (republicano de Dakota del Sur), y los senadores Roger Wicker (republicano de Misuri), Deb Fischer (republicana de Nebraska), Katie Britt (republicana de Alabama) y Pete Ricketts (republicano de Nebraska). A continuaci\u00f3n se ofrecen extractos de las declaraciones del Senador Cornyn, y <a href=\"https:\/\/youtu.be\/zBzztcytwFo\">aqu\u00ed<\/a> puede verse el v\u00eddeo.<\/p>\n<p style=\"font-weight: 400;\"><em>&#8220;El viernes hablamos con las fuerzas del orden locales, estatales y federales sobre las graves repercusiones de esta frontera rota en la seguridad. El fentanilo que cruza la frontera no se queda en las comunidades fronterizas. Se traslada a ciudades y pueblos de todo el pa\u00eds&#8221;. <\/em><\/p>\n<p style=\"font-weight: 400;\"><em>&#8220;El estado actual de las cosas es insostenible, pero el presidente Biden sigue promoviendo la falsa narrativa de que s\u00f3lo el Congreso puede arreglar esta crisis fronteriza&#8221;.<\/em><\/p>\n<p style=\"font-weight: 400;\"><em>&#8220;Durante los dos primeros a\u00f1os del presidente Biden en el cargo, Aduanas y Protecci\u00f3n Fronteriza se encontr\u00f3 con casi 4,7 millones de migrantes en la frontera sur, una cifra absolutamente sin precedentes y asombrosa. Pero durante los dos primeros a\u00f1os de la administraci\u00f3n Trump, la agencia inform\u00f3 de menos de 950.000 encuentros.&#8221;<\/em><\/p>\n<p style=\"font-weight: 400;\"><em>&#8220;No necesitamos reescribir completamente nuestras leyes de inmigraci\u00f3n para solucionar la crisis humanitaria y de seguridad en la frontera. El presidente Biden tiene que hacer lo que han hecho otras administraciones: hacer cumplir las leyes que ya est\u00e1n en vigor. La administraci\u00f3n tiene que tomarse en serio cosas como las expulsiones aceleradas y garantizar que las personas con solicitudes de asilo no v\u00e1lidas sean expulsadas r\u00e1pidamente de Estados Unidos.&#8221;<\/em><\/p>\n<p style=\"font-weight: 400;\"><em>&#8220;No estoy sugiriendo que el Congreso se quede al margen. Tambi\u00e9n tenemos un papel importante que desempe\u00f1ar. Para empezar, es obvio que hay que mejorar la seguridad fronteriza&#8221;. <\/em><\/p>\n<p style=\"font-weight: 400;\"><em>&#8220;Las fuerzas del orden nos han dicho en t\u00e9rminos inequ\u00edvocos que necesitan recursos adicionales, y proporcionar esos recursos debe ser una prioridad absoluta. Pero el Congreso tambi\u00e9n debe abordar los flagrantes problemas de nuestro sistema de asilo, que est\u00e1n siendo explotados masivamente.&#8221; <\/em><\/p>\n<p style=\"font-weight: 400;\"><em>&#8220;Agradezco a mis colegas que vengan a Texas a visitar nuestra frontera sur, a los que lo hicieron la semana pasada y a los muchos otros que se han unido recientemente de forma bipartidista. Creo que es importante que todos los senadores vean lo que est\u00e1 pasando.&#8221; <\/em><\/p>\n<p style=\"font-weight: 400;\"><em>&#8220;El gobierno de Biden tiene herramientas a su disposici\u00f3n para hacer frente a esta crisis sin ninguna acci\u00f3n del Congreso, y es hora de ponerlas en pr\u00e1ctica&#8221;.<\/em><\/p>\n\t\t\t\t\t\t\t\t<\/div>\n\t\t\t\t<\/div>\n\t\t\t\t\t<\/div>\n\t\t<\/div>\n\t\t\t\t\t<\/div>\n\t\t<\/section>\n\t\t\t\t\t<\/div>\n\t\t<\/div>\n\t\t\t\t\t<\/div>\n\t\t<\/section>\n\t\t\t\t<\/div>\n\t\t","protected":false},"author":2,"template":"","news-type":[161],"issues":[171],"class_list":["post-35726","news","type-news","status-publish","hentry","news-type-press-releases-es-mx","issues-immigration-border-security-es-mx"],"acf":[],"yoast_head":"<!-- This site is optimized with the Yoast SEO plugin v27.2 - https:\/\/yoast.com\/product\/yoast-seo-wordpress\/ -->\n<title>Cornyn recuerda su visita a la frontera y pide a Biden que haga cumplir la ley - Senator Cornyn<\/title>\n<meta name=\"description\" content=\"El senador Cornyn pidi\u00f3 al presidente Biden que haga cumplir las leyes de inmigraci\u00f3n vigentes en el pa\u00eds y recapitul\u00f3 su reciente viaje a McAllen, Texas.\" \/>\n<meta name=\"robots\" content=\"index, follow, max-snippet:-1, max-image-preview:large, max-video-preview:-1\" \/>\n<link rel=\"canonical\" href=\"https:\/\/www.cornyn.senate.gov\/es-mx\/news\/cornyn-recuerda-su-visita-a-la-frontera-y-pide-a-biden-que-haga-cumplir-la-ley\/\" \/>\n<meta property=\"og:locale\" content=\"es_MX\" \/>\n<meta property=\"og:type\" content=\"article\" \/>\n<meta property=\"og:title\" content=\"Cornyn recuerda su visita a la frontera y pide a Biden que haga cumplir la ley - Senator Cornyn\" \/>\n<meta property=\"og:description\" content=\"El senador Cornyn pidi\u00f3 al presidente Biden que haga cumplir las leyes de inmigraci\u00f3n vigentes en el pa\u00eds y recapitul\u00f3 su reciente viaje a McAllen, Texas.\" \/>\n<meta property=\"og:url\" content=\"https:\/\/www.cornyn.senate.gov\/es-mx\/news\/cornyn-recuerda-su-visita-a-la-frontera-y-pide-a-biden-que-haga-cumplir-la-ley\/\" \/>\n<meta property=\"og:site_name\" content=\"Senator Cornyn\" \/>\n<meta property=\"article:publisher\" content=\"https:\/\/www.facebook.com\/SenJohnCornyn\" \/>\n<meta property=\"article:modified_time\" content=\"2023-03-07T23:05:58+00:00\" \/>\n<meta property=\"og:image\" content=\"https:\/\/www.cornyn.senate.gov\/wp-content\/uploads\/2023\/11\/Twitter-Card-Dec-23-1024x535.png\" \/>\n\t<meta property=\"og:image:width\" content=\"1024\" \/>\n\t<meta property=\"og:image:height\" content=\"535\" \/>\n\t<meta property=\"og:image:type\" content=\"image\/png\" \/>\n<meta name=\"twitter:card\" content=\"summary_large_image\" \/>\n<meta name=\"twitter:site\" content=\"@johncornyn\" \/>\n<meta name=\"twitter:label1\" content=\"Est. reading time\" \/>\n\t<meta name=\"twitter:data1\" content=\"3 minutes\" \/>\n<script type=\"application\/ld+json\" class=\"yoast-schema-graph\">{\"@context\":\"https:\/\/schema.org\",\"@graph\":[{\"@type\":\"WebPage\",\"@id\":\"https:\/\/www.cornyn.senate.gov\/es-mx\/news\/cornyn-recuerda-su-visita-a-la-frontera-y-pide-a-biden-que-haga-cumplir-la-ley\/\",\"url\":\"https:\/\/www.cornyn.senate.gov\/es-mx\/news\/cornyn-recuerda-su-visita-a-la-frontera-y-pide-a-biden-que-haga-cumplir-la-ley\/\",\"name\":\"Cornyn recuerda su visita a la frontera y pide a Biden que haga cumplir la ley - Senator Cornyn\",\"isPartOf\":{\"@id\":\"https:\/\/www.cornyn.senate.gov\/es-mx\/#website\"},\"datePublished\":\"2023-03-06T22:54:13+00:00\",\"dateModified\":\"2023-03-07T23:05:58+00:00\",\"description\":\"El senador Cornyn pidi\u00f3 al presidente Biden que haga cumplir las leyes de inmigraci\u00f3n vigentes en el pa\u00eds y recapitul\u00f3 su reciente viaje a McAllen, Texas.\",\"breadcrumb\":{\"@id\":\"https:\/\/www.cornyn.senate.gov\/es-mx\/news\/cornyn-recuerda-su-visita-a-la-frontera-y-pide-a-biden-que-haga-cumplir-la-ley\/#breadcrumb\"},\"inLanguage\":\"es-MX\",\"potentialAction\":[{\"@type\":\"ReadAction\",\"target\":[\"https:\/\/www.cornyn.senate.gov\/es-mx\/news\/cornyn-recuerda-su-visita-a-la-frontera-y-pide-a-biden-que-haga-cumplir-la-ley\/\"]}]},{\"@type\":\"BreadcrumbList\",\"@id\":\"https:\/\/www.cornyn.senate.gov\/es-mx\/news\/cornyn-recuerda-su-visita-a-la-frontera-y-pide-a-biden-que-haga-cumplir-la-ley\/#breadcrumb\",\"itemListElement\":[{\"@type\":\"ListItem\",\"position\":1,\"name\":\"Home\",\"item\":\"https:\/\/www.cornyn.senate.gov\/es-mx\/\"},{\"@type\":\"ListItem\",\"position\":2,\"name\":\"News\",\"item\":\"https:\/\/www.cornyn.senate.gov\/es-mx\/news\/\"},{\"@type\":\"ListItem\",\"position\":3,\"name\":\"Cornyn recuerda su visita a la frontera y pide a Biden que haga cumplir la ley\"}]},{\"@type\":\"WebSite\",\"@id\":\"https:\/\/www.cornyn.senate.gov\/es-mx\/#website\",\"url\":\"https:\/\/www.cornyn.senate.gov\/es-mx\/\",\"name\":\"Senator Cornyn\",\"description\":\"\",\"publisher\":{\"@id\":\"https:\/\/www.cornyn.senate.gov\/es-mx\/#organization\"},\"potentialAction\":[{\"@type\":\"SearchAction\",\"target\":{\"@type\":\"EntryPoint\",\"urlTemplate\":\"https:\/\/www.cornyn.senate.gov\/es-mx\/?s={search_term_string}\"},\"query-input\":{\"@type\":\"PropertyValueSpecification\",\"valueRequired\":true,\"valueName\":\"search_term_string\"}}],\"inLanguage\":\"es-MX\"},{\"@type\":\"Organization\",\"@id\":\"https:\/\/www.cornyn.senate.gov\/es-mx\/#organization\",\"name\":\"Senator Cornyn\",\"url\":\"https:\/\/www.cornyn.senate.gov\/es-mx\/\",\"logo\":{\"@type\":\"ImageObject\",\"inLanguage\":\"es-MX\",\"@id\":\"https:\/\/www.cornyn.senate.gov\/es-mx\/#\/schema\/logo\/image\/\",\"url\":\"https:\/\/www.cornyn.senate.gov\/wp-content\/uploads\/2022\/01\/Logo-2.svg\",\"contentUrl\":\"https:\/\/www.cornyn.senate.gov\/wp-content\/uploads\/2022\/01\/Logo-2.svg\",\"caption\":\"Senator Cornyn\"},\"image\":{\"@id\":\"https:\/\/www.cornyn.senate.gov\/es-mx\/#\/schema\/logo\/image\/\"},\"sameAs\":[\"https:\/\/www.facebook.com\/SenJohnCornyn\",\"https:\/\/x.com\/johncornyn\"]}]}<\/script>\n<!-- \/ Yoast SEO plugin. -->","yoast_head_json":{"title":"Cornyn recuerda su visita a la frontera y pide a Biden que haga cumplir la ley - Senator Cornyn","description":"El senador Cornyn pidi\u00f3 al presidente Biden que haga cumplir las leyes de inmigraci\u00f3n vigentes en el pa\u00eds y recapitul\u00f3 su reciente viaje a McAllen, Texas.","robots":{"index":"index","follow":"follow","max-snippet":"max-snippet:-1","max-image-preview":"max-image-preview:large","max-video-preview":"max-video-preview:-1"},"canonical":"https:\/\/www.cornyn.senate.gov\/es-mx\/news\/cornyn-recuerda-su-visita-a-la-frontera-y-pide-a-biden-que-haga-cumplir-la-ley\/","og_locale":"es_MX","og_type":"article","og_title":"Cornyn recuerda su visita a la frontera y pide a Biden que haga cumplir la ley - Senator Cornyn","og_description":"El senador Cornyn pidi\u00f3 al presidente Biden que haga cumplir las leyes de inmigraci\u00f3n vigentes en el pa\u00eds y recapitul\u00f3 su reciente viaje a McAllen, Texas.","og_url":"https:\/\/www.cornyn.senate.gov\/es-mx\/news\/cornyn-recuerda-su-visita-a-la-frontera-y-pide-a-biden-que-haga-cumplir-la-ley\/","og_site_name":"Senator Cornyn","article_publisher":"https:\/\/www.facebook.com\/SenJohnCornyn","article_modified_time":"2023-03-07T23:05:58+00:00","og_image":[{"width":1024,"height":535,"url":"https:\/\/www.cornyn.senate.gov\/wp-content\/uploads\/2023\/11\/Twitter-Card-Dec-23-1024x535.png","type":"image\/png"}],"twitter_card":"summary_large_image","twitter_site":"@johncornyn","twitter_misc":{"Est. reading time":"3 minutes"},"schema":{"@context":"https:\/\/schema.org","@graph":[{"@type":"WebPage","@id":"https:\/\/www.cornyn.senate.gov\/es-mx\/news\/cornyn-recuerda-su-visita-a-la-frontera-y-pide-a-biden-que-haga-cumplir-la-ley\/","url":"https:\/\/www.cornyn.senate.gov\/es-mx\/news\/cornyn-recuerda-su-visita-a-la-frontera-y-pide-a-biden-que-haga-cumplir-la-ley\/","name":"Cornyn recuerda su visita a la frontera y pide a Biden que haga cumplir la ley - Senator Cornyn","isPartOf":{"@id":"https:\/\/www.cornyn.senate.gov\/es-mx\/#website"},"datePublished":"2023-03-06T22:54:13+00:00","dateModified":"2023-03-07T23:05:58+00:00","description":"El senador Cornyn pidi\u00f3 al presidente Biden que haga cumplir las leyes de inmigraci\u00f3n vigentes en el pa\u00eds y recapitul\u00f3 su reciente viaje a McAllen, Texas.","breadcrumb":{"@id":"https:\/\/www.cornyn.senate.gov\/es-mx\/news\/cornyn-recuerda-su-visita-a-la-frontera-y-pide-a-biden-que-haga-cumplir-la-ley\/#breadcrumb"},"inLanguage":"es-MX","potentialAction":[{"@type":"ReadAction","target":["https:\/\/www.cornyn.senate.gov\/es-mx\/news\/cornyn-recuerda-su-visita-a-la-frontera-y-pide-a-biden-que-haga-cumplir-la-ley\/"]}]},{"@type":"BreadcrumbList","@id":"https:\/\/www.cornyn.senate.gov\/es-mx\/news\/cornyn-recuerda-su-visita-a-la-frontera-y-pide-a-biden-que-haga-cumplir-la-ley\/#breadcrumb","itemListElement":[{"@type":"ListItem","position":1,"name":"Home","item":"https:\/\/www.cornyn.senate.gov\/es-mx\/"},{"@type":"ListItem","position":2,"name":"News","item":"https:\/\/www.cornyn.senate.gov\/es-mx\/news\/"},{"@type":"ListItem","position":3,"name":"Cornyn recuerda su visita a la frontera y pide a Biden que haga cumplir la ley"}]},{"@type":"WebSite","@id":"https:\/\/www.cornyn.senate.gov\/es-mx\/#website","url":"https:\/\/www.cornyn.senate.gov\/es-mx\/","name":"Senator Cornyn","description":"","publisher":{"@id":"https:\/\/www.cornyn.senate.gov\/es-mx\/#organization"},"potentialAction":[{"@type":"SearchAction","target":{"@type":"EntryPoint","urlTemplate":"https:\/\/www.cornyn.senate.gov\/es-mx\/?s={search_term_string}"},"query-input":{"@type":"PropertyValueSpecification","valueRequired":true,"valueName":"search_term_string"}}],"inLanguage":"es-MX"},{"@type":"Organization","@id":"https:\/\/www.cornyn.senate.gov\/es-mx\/#organization","name":"Senator Cornyn","url":"https:\/\/www.cornyn.senate.gov\/es-mx\/","logo":{"@type":"ImageObject","inLanguage":"es-MX","@id":"https:\/\/www.cornyn.senate.gov\/es-mx\/#\/schema\/logo\/image\/","url":"https:\/\/www.cornyn.senate.gov\/wp-content\/uploads\/2022\/01\/Logo-2.svg","contentUrl":"https:\/\/www.cornyn.senate.gov\/wp-content\/uploads\/2022\/01\/Logo-2.svg","caption":"Senator Cornyn"},"image":{"@id":"https:\/\/www.cornyn.senate.gov\/es-mx\/#\/schema\/logo\/image\/"},"sameAs":["https:\/\/www.facebook.com\/SenJohnCornyn","https:\/\/x.com\/johncornyn"]}]}},"_links":{"self":[{"href":"https:\/\/www.cornyn.senate.gov\/es-mx\/wp-json\/wp\/v2\/news\/35726","targetHints":{"allow":["GET"]}}],"collection":[{"href":"https:\/\/www.cornyn.senate.gov\/es-mx\/wp-json\/wp\/v2\/news"}],"about":[{"href":"https:\/\/www.cornyn.senate.gov\/es-mx\/wp-json\/wp\/v2\/types\/news"}],"author":[{"embeddable":true,"href":"https:\/\/www.cornyn.senate.gov\/es-mx\/wp-json\/wp\/v2\/users\/2"}],"version-history":[{"count":1,"href":"https:\/\/www.cornyn.senate.gov\/es-mx\/wp-json\/wp\/v2\/news\/35726\/revisions"}],"predecessor-version":[{"id":35728,"href":"https:\/\/www.cornyn.senate.gov\/es-mx\/wp-json\/wp\/v2\/news\/35726\/revisions\/35728"}],"wp:attachment":[{"href":"https:\/\/www.cornyn.senate.gov\/es-mx\/wp-json\/wp\/v2\/media?parent=35726"}],"wp:term":[{"taxonomy":"news-type","embeddable":true,"href":"https:\/\/www.cornyn.senate.gov\/es-mx\/wp-json\/wp\/v2\/news-type?post=35726"},{"taxonomy":"issues","embeddable":true,"href":"https:\/\/www.cornyn.senate.gov\/es-mx\/wp-json\/wp\/v2\/issues?post=35726"}],"curies":[{"name":"wp","href":"https:\/\/api.w.org\/{rel}","templated":true}]}}