{"id":36152,"date":"2023-03-16T13:06:03","date_gmt":"2023-03-16T17:06:03","guid":{"rendered":"https:\/\/www.cornyn.senate.gov\/news\/cornyn-a-la-secretaria-yellen-la-administracion-biden-ha-fracasado-en-materia-de-inflacion\/"},"modified":"2023-03-16T15:25:30","modified_gmt":"2023-03-16T19:25:30","slug":"cornyn-a-la-secretaria-yellen-la-administracion-biden-ha-fracasado-en-materia-de-inflacion","status":"publish","type":"news","link":"https:\/\/www.cornyn.senate.gov\/es-mx\/news\/cornyn-a-la-secretaria-yellen-la-administracion-biden-ha-fracasado-en-materia-de-inflacion\/","title":{"rendered":"Cornyn a la secretaria Yellen: la Administraci\u00f3n Biden ha fracasado en materia de inflaci\u00f3n"},"content":{"rendered":"\t\t<div data-elementor-type=\"wp-post\" data-elementor-id=\"36152\" class=\"elementor elementor-36152 elementor-36082\" data-elementor-post-type=\"news\">\n\t\t\t\t\t\t<section class=\"elementor-section elementor-top-section elementor-element elementor-element-1715988 elementor-section-boxed elementor-section-height-default elementor-section-height-default\" data-id=\"1715988\" data-element_type=\"section\" data-e-type=\"section\">\n\t\t\t\t\t\t<div class=\"elementor-container elementor-column-gap-default\">\n\t\t\t\t\t<div class=\"elementor-column elementor-col-100 elementor-top-column elementor-element elementor-element-21fd2529\" data-id=\"21fd2529\" data-element_type=\"column\" data-e-type=\"column\">\n\t\t\t<div class=\"elementor-widget-wrap elementor-element-populated\">\n\t\t\t\t\t\t<section class=\"elementor-section elementor-inner-section elementor-element elementor-element-1b569dcc elementor-section-boxed elementor-section-height-default elementor-section-height-default\" data-id=\"1b569dcc\" data-element_type=\"section\" data-e-type=\"section\">\n\t\t\t\t\t\t<div class=\"elementor-container elementor-column-gap-default\">\n\t\t\t\t\t<div class=\"elementor-column elementor-col-50 elementor-inner-column elementor-element elementor-element-1976b1ff\" data-id=\"1976b1ff\" data-element_type=\"column\" data-e-type=\"column\">\n\t\t\t<div class=\"elementor-widget-wrap elementor-element-populated\">\n\t\t\t\t\t\t<div class=\"elementor-element elementor-element-3dfa207d breadcrumb--back elementor-widget elementor-widget-button\" data-id=\"3dfa207d\" data-element_type=\"widget\" data-e-type=\"widget\" data-widget_type=\"button.default\">\n\t\t\t\t<div class=\"elementor-widget-container\">\n\t\t\t\t\t\t\t\t\t<div class=\"elementor-button-wrapper\">\n\t\t\t\t\t<a class=\"elementor-button elementor-button-link elementor-size-sm\" href=\"\/noticias\/\">\n\t\t\t\t\t\t<span class=\"elementor-button-content-wrapper\">\n\t\t\t\t\t\t<span class=\"elementor-button-icon\">\n\t\t\t\t<i aria-hidden=\"true\" class=\"icon icon-arrow-left\"><\/i>\t\t\t<\/span>\n\t\t\t\t\t\t\t\t\t<span class=\"elementor-button-text\">Noticias<\/span>\n\t\t\t\t\t<\/span>\n\t\t\t\t\t<\/a>\n\t\t\t\t<\/div>\n\t\t\t\t\t\t\t\t<\/div>\n\t\t\t\t<\/div>\n\t\t\t\t\t<\/div>\n\t\t<\/div>\n\t\t\t\t<div class=\"elementor-column elementor-col-50 elementor-inner-column elementor-element elementor-element-c47ddc8 content-page__content\" data-id=\"c47ddc8\" data-element_type=\"column\" data-e-type=\"column\">\n\t\t\t<div class=\"elementor-widget-wrap elementor-element-populated\">\n\t\t\t\t\t\t<div class=\"elementor-element elementor-element-6ab1fdb2 elementor-widget elementor-widget-theme-post-title elementor-page-title elementor-widget-heading\" data-id=\"6ab1fdb2\" data-element_type=\"widget\" data-e-type=\"widget\" data-widget_type=\"theme-post-title.default\">\n\t\t\t\t<div class=\"elementor-widget-container\">\n\t\t\t\t\t<h1 class=\"elementor-heading-title elementor-size-default\">Cornyn a la secretaria Yellen: la Administraci\u00f3n Biden ha fracasado en materia de inflaci\u00f3n<\/h1>\t\t\t\t<\/div>\n\t\t\t\t<\/div>\n\t\t\t\t<div class=\"elementor-element elementor-element-28fcb1cf elementor-widget-divider--view-line elementor-widget elementor-widget-divider\" data-id=\"28fcb1cf\" data-element_type=\"widget\" data-e-type=\"widget\" data-widget_type=\"divider.default\">\n\t\t\t\t<div class=\"elementor-widget-container\">\n\t\t\t\t\t\t\t<div class=\"elementor-divider\">\n\t\t\t<span class=\"elementor-divider-separator\">\n\t\t\t\t\t\t<\/span>\n\t\t<\/div>\n\t\t\t\t\t\t<\/div>\n\t\t\t\t<\/div>\n\t\t\t\t<div class=\"elementor-element elementor-element-53d8c2a9 elementor-widget__width-initial elementor-widget-mobile__width-inherit elementor-widget elementor-widget-text-editor\" data-id=\"53d8c2a9\" data-element_type=\"widget\" data-e-type=\"widget\" data-widget_type=\"text-editor.default\">\n\t\t\t\t<div class=\"elementor-widget-container\">\n\t\t\t\t\t\t\t\t\tMarch 16, 2023\t\t\t\t\t\t\t\t<\/div>\n\t\t\t\t<\/div>\n\t\t\t\t<div class=\"elementor-element elementor-element-779c6209 elementor-share-buttons--view-icon elementor-share-buttons--skin-flat elementor-share-buttons--shape-circle elementor-share-buttons--color-custom share-buttons elementor-widget__width-initial elementor-widget-mobile__width-inherit elementor-grid-0 elementor-widget elementor-widget-global elementor-global-33223 elementor-global-401 elementor-widget-share-buttons\" data-id=\"779c6209\" data-element_type=\"widget\" data-e-type=\"widget\" title=\"Share\" data-widget_type=\"share-buttons.default\">\n\t\t\t\t<div class=\"elementor-widget-container\">\n\t\t\t\t\t\t\t<div class=\"elementor-grid\" role=\"list\">\n\t\t\t\t\t\t\t\t<div class=\"elementor-grid-item\" role=\"listitem\">\n\t\t\t\t\t\t<div class=\"elementor-share-btn elementor-share-btn_email\" role=\"button\" tabindex=\"0\" aria-label=\"Share on email\">\n\t\t\t\t\t\t\t\t\t\t\t\t\t\t\t<span class=\"elementor-share-btn__icon\">\n\t\t\t\t\t\t\t\t<i class=\"fas fa-envelope\" aria-hidden=\"true\"><\/i>\t\t\t\t\t\t\t<\/span>\n\t\t\t\t\t\t\t\t\t\t\t\t\t\t\t\t\t\t\t\t<\/div>\n\t\t\t\t\t<\/div>\n\t\t\t\t\t\t\t\t\t<div class=\"elementor-grid-item\" role=\"listitem\">\n\t\t\t\t\t\t<div class=\"elementor-share-btn elementor-share-btn_linkedin\" role=\"button\" tabindex=\"0\" aria-label=\"Share on linkedin\">\n\t\t\t\t\t\t\t\t\t\t\t\t\t\t\t<span class=\"elementor-share-btn__icon\">\n\t\t\t\t\t\t\t\t<i class=\"fab fa-linkedin\" aria-hidden=\"true\"><\/i>\t\t\t\t\t\t\t<\/span>\n\t\t\t\t\t\t\t\t\t\t\t\t\t\t\t\t\t\t\t\t<\/div>\n\t\t\t\t\t<\/div>\n\t\t\t\t\t\t\t\t\t<div class=\"elementor-grid-item\" role=\"listitem\">\n\t\t\t\t\t\t<div class=\"elementor-share-btn elementor-share-btn_facebook\" role=\"button\" tabindex=\"0\" aria-label=\"Share on facebook\">\n\t\t\t\t\t\t\t\t\t\t\t\t\t\t\t<span class=\"elementor-share-btn__icon\">\n\t\t\t\t\t\t\t\t<i class=\"fab fa-facebook\" aria-hidden=\"true\"><\/i>\t\t\t\t\t\t\t<\/span>\n\t\t\t\t\t\t\t\t\t\t\t\t\t\t\t\t\t\t\t\t<\/div>\n\t\t\t\t\t<\/div>\n\t\t\t\t\t\t<\/div>\n\t\t\t\t\t\t<\/div>\n\t\t\t\t<\/div>\n\t\t\t\t<div class=\"elementor-element elementor-element-2a97269b elementor-blockquote--skin-boxed elementor-widget elementor-widget-blockquote\" data-id=\"2a97269b\" data-element_type=\"widget\" data-e-type=\"widget\" data-widget_type=\"blockquote.default\">\n\t\t\t\t<div class=\"elementor-widget-container\">\n\t\t\t\t\t\t\t<blockquote class=\"elementor-blockquote\">\n\t\t\t<p class=\"elementor-blockquote__content\">\n\t\t\t\tUsted predijo que nuestra econom\u00eda estaba en v\u00edas de volver a un funcionamiento m\u00e1s normal y que la inflaci\u00f3n disminuir\u00eda con el tiempo.<br><br>\nAhora sabemos que la inflaci\u00f3n subi\u00f3 a un nivel no visto en m\u00e1s de 40 a\u00f1os, y que la inflaci\u00f3n se aceler\u00f3. <br><br>\nEl presupuesto del Presidente no da en el blanco, lo que es decepcionante, pero desgraciadamente bastante coherente con lo que hemos visto de esta administraci\u00f3n.\t\t\t<\/p>\n\t\t\t\t\t<\/blockquote>\n\t\t\t\t\t\t<\/div>\n\t\t\t\t<\/div>\n\t\t\t\t<div class=\"elementor-element elementor-element-46a4256a elementor-widget elementor-widget-text-editor\" data-id=\"46a4256a\" data-element_type=\"widget\" data-e-type=\"widget\" data-widget_type=\"text-editor.default\">\n\t\t\t\t<div class=\"elementor-widget-container\">\n\t\t\t\t\t\t\t\t\t<p><strong>WASHINGTON<\/strong> &#8211; En su comparecencia de hoy ante el Comit\u00e9 de Finanzas del Senado, el senador republicano John Cornyn reproch\u00f3 a la secretaria del Tesoro, Janet Yellen, su incapacidad para frenar el gasto imprudente y atajar la inflaci\u00f3n. A continuaci\u00f3n se ofrecen extractos, y el v\u00eddeo puede verse <a href=\"https:\/\/youtu.be\/eh0Vhzephjo\">aqu\u00ed<\/a>.<\/p>\n<p><em>&#8220;Cuando declar\u00f3 ante esta Comisi\u00f3n hace casi dos a\u00f1os, le preguntaron si la inflaci\u00f3n era transitoria&#8221;.<\/em><\/p>\n<p><em>&#8220;Usted predijo que nuestra econom\u00eda estaba en v\u00edas de volver a un funcionamiento m\u00e1s normal y que la inflaci\u00f3n disminuir\u00eda con el tiempo, algo que todos esper\u00e1bamos&#8221;.<\/em><\/p>\n<p><em>&#8220;Ahora sabemos que la inflaci\u00f3n aument\u00f3 a un nivel no visto en m\u00e1s de 40 a\u00f1os, y que la inflaci\u00f3n se aceler\u00f3, en particular tras la promulgaci\u00f3n de la Ley del Plan de Rescate Americano partidista en 2021, y luego con la llamada Ley de Reducci\u00f3n de la Inflaci\u00f3n en 2022, que en conjunto agregaron 2,6 billones de d\u00f3lares a nuestra deuda nacional.&#8221; <\/em><\/p>\n<p><em>&#8220;Cuando se observa la confluencia de factores econ\u00f3micos preocupantes, hay una verdad ineludible: necesitamos poner orden en nuestra casa fiscal, algo que la administraci\u00f3n dice de boquilla, pero que no parece interesada en trabajar con los republicanos para tratar de abordar. Y la propuesta presupuestaria del Presidente, por supuesto, no hace m\u00e1s que dejarlo claro, porque ofrece m\u00e1s impuestos, m\u00e1s gasto y m\u00e1s deuda.&#8221; <\/em><\/p>\n<p><em>&#8220;No hay ninguna propuesta del Presidente para hacer frente a estas cat\u00e1strofes inminentes&#8221;. <\/em><\/p>\n<p><em>&#8220;El a\u00f1o pasado, la administraci\u00f3n impuls\u00f3 un cheque en blanco de 80.000 millones de d\u00f3lares para Hacienda sin un plan de gastos&#8221;.<\/em><\/p>\n<p><em>&#8220;Ahora la Administraci\u00f3n quiere otros 29.000 millones&#8221;.<\/em><\/p>\n<p><em>&#8220;Esto, por supuesto, va a significar m\u00e1s auditor\u00edas, m\u00e1s burocracia y violar la promesa del Presidente de que nadie que pague menos de 400.000 d\u00f3lares en impuestos pagar\u00eda m\u00e1s&#8221;.<\/em><\/p>\n<p><em>&#8220;El presupuesto del Presidente no da en el blanco, lo que es decepcionante, pero por desgracia bastante coherente con lo que hemos visto de esta administraci\u00f3n&#8221;.<\/em><\/p>\n\t\t\t\t\t\t\t\t<\/div>\n\t\t\t\t<\/div>\n\t\t\t\t\t<\/div>\n\t\t<\/div>\n\t\t\t\t\t<\/div>\n\t\t<\/section>\n\t\t\t\t\t<\/div>\n\t\t<\/div>\n\t\t\t\t\t<\/div>\n\t\t<\/section>\n\t\t\t\t<\/div>\n\t\t","protected":false},"author":2,"template":"","news-type":[161],"issues":[167],"class_list":["post-36152","news","type-news","status-publish","hentry","news-type-press-releases-es-mx","issues-economy-fiscal-responsibility-es-mx"],"acf":[],"yoast_head":"<!-- This site is optimized with the Yoast SEO plugin v27.2 - https:\/\/yoast.com\/product\/yoast-seo-wordpress\/ -->\n<title>Cornyn a la secretaria Yellen: la Administraci\u00f3n Biden ha fracasado en materia de inflaci\u00f3n - Senator Cornyn<\/title>\n<meta name=\"description\" content=\"La Secretaria Yellen predijo que nuestra econom\u00eda estaba en v\u00edas de volver a un funcionamiento m\u00e1s normal y que la inflaci\u00f3n disminuir\u00eda con el tiempo. No fue as\u00ed.\" \/>\n<meta name=\"robots\" content=\"index, follow, max-snippet:-1, max-image-preview:large, max-video-preview:-1\" \/>\n<link rel=\"canonical\" href=\"https:\/\/www.cornyn.senate.gov\/es-mx\/news\/cornyn-a-la-secretaria-yellen-la-administracion-biden-ha-fracasado-en-materia-de-inflacion\/\" \/>\n<meta property=\"og:locale\" content=\"es_MX\" \/>\n<meta property=\"og:type\" content=\"article\" \/>\n<meta property=\"og:title\" content=\"Cornyn a la secretaria Yellen: la Administraci\u00f3n Biden ha fracasado en materia de inflaci\u00f3n - Senator Cornyn\" \/>\n<meta property=\"og:description\" content=\"La Secretaria Yellen predijo que nuestra econom\u00eda estaba en v\u00edas de volver a un funcionamiento m\u00e1s normal y que la inflaci\u00f3n disminuir\u00eda con el tiempo. No fue as\u00ed.\" \/>\n<meta property=\"og:url\" content=\"https:\/\/www.cornyn.senate.gov\/es-mx\/news\/cornyn-a-la-secretaria-yellen-la-administracion-biden-ha-fracasado-en-materia-de-inflacion\/\" \/>\n<meta property=\"og:site_name\" content=\"Senator Cornyn\" \/>\n<meta property=\"article:publisher\" content=\"https:\/\/www.facebook.com\/SenJohnCornyn\" \/>\n<meta property=\"article:modified_time\" content=\"2023-03-16T19:25:30+00:00\" \/>\n<meta property=\"og:image\" content=\"https:\/\/www.cornyn.senate.gov\/wp-content\/uploads\/2023\/11\/Twitter-Card-Dec-23-1024x535.png\" \/>\n\t<meta property=\"og:image:width\" content=\"1024\" \/>\n\t<meta property=\"og:image:height\" content=\"535\" \/>\n\t<meta property=\"og:image:type\" content=\"image\/png\" \/>\n<meta name=\"twitter:card\" content=\"summary_large_image\" \/>\n<meta name=\"twitter:site\" content=\"@johncornyn\" \/>\n<meta name=\"twitter:label1\" content=\"Est. reading time\" \/>\n\t<meta name=\"twitter:data1\" content=\"2 minutes\" \/>\n<script type=\"application\/ld+json\" class=\"yoast-schema-graph\">{\"@context\":\"https:\/\/schema.org\",\"@graph\":[{\"@type\":\"WebPage\",\"@id\":\"https:\/\/www.cornyn.senate.gov\/es-mx\/news\/cornyn-a-la-secretaria-yellen-la-administracion-biden-ha-fracasado-en-materia-de-inflacion\/\",\"url\":\"https:\/\/www.cornyn.senate.gov\/es-mx\/news\/cornyn-a-la-secretaria-yellen-la-administracion-biden-ha-fracasado-en-materia-de-inflacion\/\",\"name\":\"Cornyn a la secretaria Yellen: la Administraci\u00f3n Biden ha fracasado en materia de inflaci\u00f3n - Senator Cornyn\",\"isPartOf\":{\"@id\":\"https:\/\/www.cornyn.senate.gov\/es-mx\/#website\"},\"datePublished\":\"2023-03-16T17:06:03+00:00\",\"dateModified\":\"2023-03-16T19:25:30+00:00\",\"description\":\"La Secretaria Yellen predijo que nuestra econom\u00eda estaba en v\u00edas de volver a un funcionamiento m\u00e1s normal y que la inflaci\u00f3n disminuir\u00eda con el tiempo. No fue as\u00ed.\",\"breadcrumb\":{\"@id\":\"https:\/\/www.cornyn.senate.gov\/es-mx\/news\/cornyn-a-la-secretaria-yellen-la-administracion-biden-ha-fracasado-en-materia-de-inflacion\/#breadcrumb\"},\"inLanguage\":\"es-MX\",\"potentialAction\":[{\"@type\":\"ReadAction\",\"target\":[\"https:\/\/www.cornyn.senate.gov\/es-mx\/news\/cornyn-a-la-secretaria-yellen-la-administracion-biden-ha-fracasado-en-materia-de-inflacion\/\"]}]},{\"@type\":\"BreadcrumbList\",\"@id\":\"https:\/\/www.cornyn.senate.gov\/es-mx\/news\/cornyn-a-la-secretaria-yellen-la-administracion-biden-ha-fracasado-en-materia-de-inflacion\/#breadcrumb\",\"itemListElement\":[{\"@type\":\"ListItem\",\"position\":1,\"name\":\"Home\",\"item\":\"https:\/\/www.cornyn.senate.gov\/es-mx\/\"},{\"@type\":\"ListItem\",\"position\":2,\"name\":\"News\",\"item\":\"https:\/\/www.cornyn.senate.gov\/es-mx\/news\/\"},{\"@type\":\"ListItem\",\"position\":3,\"name\":\"Cornyn a la secretaria Yellen: la Administraci\u00f3n Biden ha fracasado en materia de inflaci\u00f3n\"}]},{\"@type\":\"WebSite\",\"@id\":\"https:\/\/www.cornyn.senate.gov\/es-mx\/#website\",\"url\":\"https:\/\/www.cornyn.senate.gov\/es-mx\/\",\"name\":\"Senator Cornyn\",\"description\":\"\",\"publisher\":{\"@id\":\"https:\/\/www.cornyn.senate.gov\/es-mx\/#organization\"},\"potentialAction\":[{\"@type\":\"SearchAction\",\"target\":{\"@type\":\"EntryPoint\",\"urlTemplate\":\"https:\/\/www.cornyn.senate.gov\/es-mx\/?s={search_term_string}\"},\"query-input\":{\"@type\":\"PropertyValueSpecification\",\"valueRequired\":true,\"valueName\":\"search_term_string\"}}],\"inLanguage\":\"es-MX\"},{\"@type\":\"Organization\",\"@id\":\"https:\/\/www.cornyn.senate.gov\/es-mx\/#organization\",\"name\":\"Senator Cornyn\",\"url\":\"https:\/\/www.cornyn.senate.gov\/es-mx\/\",\"logo\":{\"@type\":\"ImageObject\",\"inLanguage\":\"es-MX\",\"@id\":\"https:\/\/www.cornyn.senate.gov\/es-mx\/#\/schema\/logo\/image\/\",\"url\":\"https:\/\/www.cornyn.senate.gov\/wp-content\/uploads\/2022\/01\/Logo-2.svg\",\"contentUrl\":\"https:\/\/www.cornyn.senate.gov\/wp-content\/uploads\/2022\/01\/Logo-2.svg\",\"caption\":\"Senator Cornyn\"},\"image\":{\"@id\":\"https:\/\/www.cornyn.senate.gov\/es-mx\/#\/schema\/logo\/image\/\"},\"sameAs\":[\"https:\/\/www.facebook.com\/SenJohnCornyn\",\"https:\/\/x.com\/johncornyn\"]}]}<\/script>\n<!-- \/ Yoast SEO plugin. -->","yoast_head_json":{"title":"Cornyn a la secretaria Yellen: la Administraci\u00f3n Biden ha fracasado en materia de inflaci\u00f3n - Senator Cornyn","description":"La Secretaria Yellen predijo que nuestra econom\u00eda estaba en v\u00edas de volver a un funcionamiento m\u00e1s normal y que la inflaci\u00f3n disminuir\u00eda con el tiempo. No fue as\u00ed.","robots":{"index":"index","follow":"follow","max-snippet":"max-snippet:-1","max-image-preview":"max-image-preview:large","max-video-preview":"max-video-preview:-1"},"canonical":"https:\/\/www.cornyn.senate.gov\/es-mx\/news\/cornyn-a-la-secretaria-yellen-la-administracion-biden-ha-fracasado-en-materia-de-inflacion\/","og_locale":"es_MX","og_type":"article","og_title":"Cornyn a la secretaria Yellen: la Administraci\u00f3n Biden ha fracasado en materia de inflaci\u00f3n - Senator Cornyn","og_description":"La Secretaria Yellen predijo que nuestra econom\u00eda estaba en v\u00edas de volver a un funcionamiento m\u00e1s normal y que la inflaci\u00f3n disminuir\u00eda con el tiempo. No fue as\u00ed.","og_url":"https:\/\/www.cornyn.senate.gov\/es-mx\/news\/cornyn-a-la-secretaria-yellen-la-administracion-biden-ha-fracasado-en-materia-de-inflacion\/","og_site_name":"Senator Cornyn","article_publisher":"https:\/\/www.facebook.com\/SenJohnCornyn","article_modified_time":"2023-03-16T19:25:30+00:00","og_image":[{"width":1024,"height":535,"url":"https:\/\/www.cornyn.senate.gov\/wp-content\/uploads\/2023\/11\/Twitter-Card-Dec-23-1024x535.png","type":"image\/png"}],"twitter_card":"summary_large_image","twitter_site":"@johncornyn","twitter_misc":{"Est. reading time":"2 minutes"},"schema":{"@context":"https:\/\/schema.org","@graph":[{"@type":"WebPage","@id":"https:\/\/www.cornyn.senate.gov\/es-mx\/news\/cornyn-a-la-secretaria-yellen-la-administracion-biden-ha-fracasado-en-materia-de-inflacion\/","url":"https:\/\/www.cornyn.senate.gov\/es-mx\/news\/cornyn-a-la-secretaria-yellen-la-administracion-biden-ha-fracasado-en-materia-de-inflacion\/","name":"Cornyn a la secretaria Yellen: la Administraci\u00f3n Biden ha fracasado en materia de inflaci\u00f3n - Senator Cornyn","isPartOf":{"@id":"https:\/\/www.cornyn.senate.gov\/es-mx\/#website"},"datePublished":"2023-03-16T17:06:03+00:00","dateModified":"2023-03-16T19:25:30+00:00","description":"La Secretaria Yellen predijo que nuestra econom\u00eda estaba en v\u00edas de volver a un funcionamiento m\u00e1s normal y que la inflaci\u00f3n disminuir\u00eda con el tiempo. No fue as\u00ed.","breadcrumb":{"@id":"https:\/\/www.cornyn.senate.gov\/es-mx\/news\/cornyn-a-la-secretaria-yellen-la-administracion-biden-ha-fracasado-en-materia-de-inflacion\/#breadcrumb"},"inLanguage":"es-MX","potentialAction":[{"@type":"ReadAction","target":["https:\/\/www.cornyn.senate.gov\/es-mx\/news\/cornyn-a-la-secretaria-yellen-la-administracion-biden-ha-fracasado-en-materia-de-inflacion\/"]}]},{"@type":"BreadcrumbList","@id":"https:\/\/www.cornyn.senate.gov\/es-mx\/news\/cornyn-a-la-secretaria-yellen-la-administracion-biden-ha-fracasado-en-materia-de-inflacion\/#breadcrumb","itemListElement":[{"@type":"ListItem","position":1,"name":"Home","item":"https:\/\/www.cornyn.senate.gov\/es-mx\/"},{"@type":"ListItem","position":2,"name":"News","item":"https:\/\/www.cornyn.senate.gov\/es-mx\/news\/"},{"@type":"ListItem","position":3,"name":"Cornyn a la secretaria Yellen: la Administraci\u00f3n Biden ha fracasado en materia de inflaci\u00f3n"}]},{"@type":"WebSite","@id":"https:\/\/www.cornyn.senate.gov\/es-mx\/#website","url":"https:\/\/www.cornyn.senate.gov\/es-mx\/","name":"Senator Cornyn","description":"","publisher":{"@id":"https:\/\/www.cornyn.senate.gov\/es-mx\/#organization"},"potentialAction":[{"@type":"SearchAction","target":{"@type":"EntryPoint","urlTemplate":"https:\/\/www.cornyn.senate.gov\/es-mx\/?s={search_term_string}"},"query-input":{"@type":"PropertyValueSpecification","valueRequired":true,"valueName":"search_term_string"}}],"inLanguage":"es-MX"},{"@type":"Organization","@id":"https:\/\/www.cornyn.senate.gov\/es-mx\/#organization","name":"Senator Cornyn","url":"https:\/\/www.cornyn.senate.gov\/es-mx\/","logo":{"@type":"ImageObject","inLanguage":"es-MX","@id":"https:\/\/www.cornyn.senate.gov\/es-mx\/#\/schema\/logo\/image\/","url":"https:\/\/www.cornyn.senate.gov\/wp-content\/uploads\/2022\/01\/Logo-2.svg","contentUrl":"https:\/\/www.cornyn.senate.gov\/wp-content\/uploads\/2022\/01\/Logo-2.svg","caption":"Senator Cornyn"},"image":{"@id":"https:\/\/www.cornyn.senate.gov\/es-mx\/#\/schema\/logo\/image\/"},"sameAs":["https:\/\/www.facebook.com\/SenJohnCornyn","https:\/\/x.com\/johncornyn"]}]}},"_links":{"self":[{"href":"https:\/\/www.cornyn.senate.gov\/es-mx\/wp-json\/wp\/v2\/news\/36152","targetHints":{"allow":["GET"]}}],"collection":[{"href":"https:\/\/www.cornyn.senate.gov\/es-mx\/wp-json\/wp\/v2\/news"}],"about":[{"href":"https:\/\/www.cornyn.senate.gov\/es-mx\/wp-json\/wp\/v2\/types\/news"}],"author":[{"embeddable":true,"href":"https:\/\/www.cornyn.senate.gov\/es-mx\/wp-json\/wp\/v2\/users\/2"}],"version-history":[{"count":1,"href":"https:\/\/www.cornyn.senate.gov\/es-mx\/wp-json\/wp\/v2\/news\/36152\/revisions"}],"predecessor-version":[{"id":36154,"href":"https:\/\/www.cornyn.senate.gov\/es-mx\/wp-json\/wp\/v2\/news\/36152\/revisions\/36154"}],"wp:attachment":[{"href":"https:\/\/www.cornyn.senate.gov\/es-mx\/wp-json\/wp\/v2\/media?parent=36152"}],"wp:term":[{"taxonomy":"news-type","embeddable":true,"href":"https:\/\/www.cornyn.senate.gov\/es-mx\/wp-json\/wp\/v2\/news-type?post=36152"},{"taxonomy":"issues","embeddable":true,"href":"https:\/\/www.cornyn.senate.gov\/es-mx\/wp-json\/wp\/v2\/issues?post=36152"}],"curies":[{"name":"wp","href":"https:\/\/api.w.org\/{rel}","templated":true}]}}