{"id":36386,"date":"2023-03-21T17:53:57","date_gmt":"2023-03-21T21:53:57","guid":{"rendered":"https:\/\/www.cornyn.senate.gov\/news\/video-cornyn-recapitula-la-discusion-con-el-presidente-mexicano-sobre-carteles-drogas-y-migracion-descontrolada\/"},"modified":"2023-03-21T17:57:29","modified_gmt":"2023-03-21T21:57:29","slug":"video-cornyn-recapitula-la-discusion-con-el-presidente-mexicano-sobre-carteles-drogas-y-migracion-descontrolada","status":"publish","type":"news","link":"https:\/\/www.cornyn.senate.gov\/es-mx\/news\/video-cornyn-recapitula-la-discusion-con-el-presidente-mexicano-sobre-carteles-drogas-y-migracion-descontrolada\/","title":{"rendered":"VIDEO: Cornyn recapitula la discusi\u00f3n con el presidente mexicano sobre c\u00e1rteles, drogas y migraci\u00f3n descontrolada"},"content":{"rendered":"\t\t<div data-elementor-type=\"wp-post\" data-elementor-id=\"36386\" class=\"elementor elementor-36386 elementor-36342\" data-elementor-post-type=\"news\">\n\t\t\t\t\t\t<section class=\"elementor-section elementor-top-section elementor-element elementor-element-7dd366c6 elementor-section-boxed elementor-section-height-default elementor-section-height-default\" data-id=\"7dd366c6\" data-element_type=\"section\" data-e-type=\"section\">\n\t\t\t\t\t\t<div class=\"elementor-container elementor-column-gap-default\">\n\t\t\t\t\t<div class=\"elementor-column elementor-col-100 elementor-top-column elementor-element elementor-element-53ccbdba\" data-id=\"53ccbdba\" data-element_type=\"column\" data-e-type=\"column\">\n\t\t\t<div class=\"elementor-widget-wrap elementor-element-populated\">\n\t\t\t\t\t\t<section class=\"elementor-section elementor-inner-section elementor-element elementor-element-51a323db elementor-section-boxed elementor-section-height-default elementor-section-height-default\" data-id=\"51a323db\" data-element_type=\"section\" data-e-type=\"section\">\n\t\t\t\t\t\t<div class=\"elementor-container elementor-column-gap-default\">\n\t\t\t\t\t<div class=\"elementor-column elementor-col-50 elementor-inner-column elementor-element elementor-element-2c7e2eba\" data-id=\"2c7e2eba\" data-element_type=\"column\" data-e-type=\"column\">\n\t\t\t<div class=\"elementor-widget-wrap elementor-element-populated\">\n\t\t\t\t\t\t<div class=\"elementor-element elementor-element-7096e471 breadcrumb--back elementor-widget elementor-widget-button\" data-id=\"7096e471\" data-element_type=\"widget\" data-e-type=\"widget\" data-widget_type=\"button.default\">\n\t\t\t\t<div class=\"elementor-widget-container\">\n\t\t\t\t\t\t\t\t\t<div class=\"elementor-button-wrapper\">\n\t\t\t\t\t<a class=\"elementor-button elementor-button-link elementor-size-sm\" href=\"\/noticias\/\">\n\t\t\t\t\t\t<span class=\"elementor-button-content-wrapper\">\n\t\t\t\t\t\t<span class=\"elementor-button-icon\">\n\t\t\t\t<i aria-hidden=\"true\" class=\"icon icon-arrow-left\"><\/i>\t\t\t<\/span>\n\t\t\t\t\t\t\t\t\t<span class=\"elementor-button-text\">Noticias<\/span>\n\t\t\t\t\t<\/span>\n\t\t\t\t\t<\/a>\n\t\t\t\t<\/div>\n\t\t\t\t\t\t\t\t<\/div>\n\t\t\t\t<\/div>\n\t\t\t\t\t<\/div>\n\t\t<\/div>\n\t\t\t\t<div class=\"elementor-column elementor-col-50 elementor-inner-column elementor-element elementor-element-dc2a6b8 content-page__content\" data-id=\"dc2a6b8\" data-element_type=\"column\" data-e-type=\"column\">\n\t\t\t<div class=\"elementor-widget-wrap elementor-element-populated\">\n\t\t\t\t\t\t<div class=\"elementor-element elementor-element-38cb67ce elementor-widget elementor-widget-theme-post-title elementor-page-title elementor-widget-heading\" data-id=\"38cb67ce\" data-element_type=\"widget\" data-e-type=\"widget\" data-widget_type=\"theme-post-title.default\">\n\t\t\t\t<div class=\"elementor-widget-container\">\n\t\t\t\t\t<h1 class=\"elementor-heading-title elementor-size-default\">VIDEO: Cornyn recapitula la discusi\u00f3n con el presidente mexicano sobre c\u00e1rteles, drogas y migraci\u00f3n descontrolada<\/h1>\t\t\t\t<\/div>\n\t\t\t\t<\/div>\n\t\t\t\t<div class=\"elementor-element elementor-element-44eb42a3 elementor-widget-divider--view-line elementor-widget elementor-widget-divider\" data-id=\"44eb42a3\" data-element_type=\"widget\" data-e-type=\"widget\" data-widget_type=\"divider.default\">\n\t\t\t\t<div class=\"elementor-widget-container\">\n\t\t\t\t\t\t\t<div class=\"elementor-divider\">\n\t\t\t<span class=\"elementor-divider-separator\">\n\t\t\t\t\t\t<\/span>\n\t\t<\/div>\n\t\t\t\t\t\t<\/div>\n\t\t\t\t<\/div>\n\t\t\t\t<div class=\"elementor-element elementor-element-61e9b755 elementor-widget__width-initial elementor-widget-mobile__width-inherit elementor-widget elementor-widget-text-editor\" data-id=\"61e9b755\" data-element_type=\"widget\" data-e-type=\"widget\" data-widget_type=\"text-editor.default\">\n\t\t\t\t<div class=\"elementor-widget-container\">\n\t\t\t\t\t\t\t\t\tMarch 21, 2023\t\t\t\t\t\t\t\t<\/div>\n\t\t\t\t<\/div>\n\t\t\t\t<div class=\"elementor-element elementor-element-76d93f39 elementor-share-buttons--view-icon elementor-share-buttons--skin-flat elementor-share-buttons--shape-circle elementor-share-buttons--color-custom share-buttons elementor-widget__width-initial elementor-widget-mobile__width-inherit elementor-grid-0 elementor-widget elementor-widget-global elementor-global-33223 elementor-global-401 elementor-widget-share-buttons\" data-id=\"76d93f39\" data-element_type=\"widget\" data-e-type=\"widget\" title=\"Share\" data-widget_type=\"share-buttons.default\">\n\t\t\t\t<div class=\"elementor-widget-container\">\n\t\t\t\t\t\t\t<div class=\"elementor-grid\" role=\"list\">\n\t\t\t\t\t\t\t\t<div class=\"elementor-grid-item\" role=\"listitem\">\n\t\t\t\t\t\t<div class=\"elementor-share-btn elementor-share-btn_email\" role=\"button\" tabindex=\"0\" aria-label=\"Share on email\">\n\t\t\t\t\t\t\t\t\t\t\t\t\t\t\t<span class=\"elementor-share-btn__icon\">\n\t\t\t\t\t\t\t\t<i class=\"fas fa-envelope\" aria-hidden=\"true\"><\/i>\t\t\t\t\t\t\t<\/span>\n\t\t\t\t\t\t\t\t\t\t\t\t\t\t\t\t\t\t\t\t<\/div>\n\t\t\t\t\t<\/div>\n\t\t\t\t\t\t\t\t\t<div class=\"elementor-grid-item\" role=\"listitem\">\n\t\t\t\t\t\t<div class=\"elementor-share-btn elementor-share-btn_linkedin\" role=\"button\" tabindex=\"0\" aria-label=\"Share on linkedin\">\n\t\t\t\t\t\t\t\t\t\t\t\t\t\t\t<span class=\"elementor-share-btn__icon\">\n\t\t\t\t\t\t\t\t<i class=\"fab fa-linkedin\" aria-hidden=\"true\"><\/i>\t\t\t\t\t\t\t<\/span>\n\t\t\t\t\t\t\t\t\t\t\t\t\t\t\t\t\t\t\t\t<\/div>\n\t\t\t\t\t<\/div>\n\t\t\t\t\t\t\t\t\t<div class=\"elementor-grid-item\" role=\"listitem\">\n\t\t\t\t\t\t<div class=\"elementor-share-btn elementor-share-btn_facebook\" role=\"button\" tabindex=\"0\" aria-label=\"Share on facebook\">\n\t\t\t\t\t\t\t\t\t\t\t\t\t\t\t<span class=\"elementor-share-btn__icon\">\n\t\t\t\t\t\t\t\t<i class=\"fab fa-facebook\" aria-hidden=\"true\"><\/i>\t\t\t\t\t\t\t<\/span>\n\t\t\t\t\t\t\t\t\t\t\t\t\t\t\t\t\t\t\t\t<\/div>\n\t\t\t\t\t<\/div>\n\t\t\t\t\t\t<\/div>\n\t\t\t\t\t\t<\/div>\n\t\t\t\t<\/div>\n\t\t\t\t<div class=\"elementor-element elementor-element-4f4d5e2d elementor-blockquote--skin-boxed elementor-widget elementor-widget-blockquote\" data-id=\"4f4d5e2d\" data-element_type=\"widget\" data-e-type=\"widget\" data-widget_type=\"blockquote.default\">\n\t\t\t\t<div class=\"elementor-widget-container\">\n\t\t\t\t\t\t\t<blockquote class=\"elementor-blockquote\">\n\t\t\t<p class=\"elementor-blockquote__content\">\n\t\t\t\tLamentablemente, el gobierno mexicano no est\u00e1 cumpliendo con su parte de responsabilidad. <br><br>\n\nExpusimos en\u00e9rgicamente nuestra frustraci\u00f3n por la continua violencia de los c\u00e1rteles, el narcotr\u00e1fico y la migraci\u00f3n descontrolada. <br><br>\n\nLe dijimos al Presidente L\u00f3pez Obrador que su administraci\u00f3n debe hacer m\u00e1s para enfrentar estos retos, y enfatizamos que el no hacerlo tendr\u00e1 un impacto negativo en nuestra hist\u00f3ricamente fuerte e importante asociaci\u00f3n.\n\t\t\t<\/p>\n\t\t\t\t\t<\/blockquote>\n\t\t\t\t\t\t<\/div>\n\t\t\t\t<\/div>\n\t\t\t\t<div class=\"elementor-element elementor-element-75710009 elementor-widget elementor-widget-text-editor\" data-id=\"75710009\" data-element_type=\"widget\" data-e-type=\"widget\" data-widget_type=\"text-editor.default\">\n\t\t\t\t<div class=\"elementor-widget-container\">\n\t\t\t\t\t\t\t\t\t<p><strong>WASHINGTON<\/strong> &#8211; Hoy en el pleno, el senador John Cornyn (R-TX) habl\u00f3 de su reciente delegaci\u00f3n bipartidista, bicameral del Congreso (CODEL) a M\u00e9xico, donde los miembros recibieron sesiones informativas de inteligencia, aplicaci\u00f3n de la droga, y los funcionarios del gobierno y se reuni\u00f3 con el presidente mexicano Andr\u00e9s Manuel L\u00f3pez Obrador y miembros de su administraci\u00f3n. A continuaci\u00f3n se ofrecen extractos de las declaraciones del Senador Cornyn, y <a href=\"https:\/\/youtu.be\/wW3U-r_cHJI\">aqu\u00ed<\/a> puede verse el v\u00eddeo.<\/p>\n<p><em>&#8220;Una relaci\u00f3n s\u00f3lida con M\u00e9xico es importante para nuestra econom\u00eda. Pero M\u00e9xico no es s\u00f3lo un socio comercial &#8211; no se trata s\u00f3lo de la econom\u00eda entre nuestros pa\u00edses &#8211; M\u00e9xico es tambi\u00e9n un socio de seguridad necesario y vital.&#8221;<\/em><\/p>\n<p><em>&#8220;A lo largo de los a\u00f1os, nuestra cooperaci\u00f3n en materia de seguridad ha promovido la seguridad en ambos pa\u00edses, y como el pueblo mexicano est\u00e1 viendo todos los d\u00edas, el gobierno mexicano lamentablemente no est\u00e1 cumpliendo con su parte de las responsabilidades.&#8221;<\/em><\/p>\n<p><em>&#8220;El gobierno de M\u00e9xico no ha expresado la preocupaci\u00f3n adecuada, en mi opini\u00f3n, por la violencia de los c\u00e1rteles, el narcotr\u00e1fico o la crisis migratoria&#8221;.<\/em><\/p>\n<p><em>&#8220;Dada la gravedad de estos retos, hay una clara necesidad de actuar, pero tenemos que proceder con cautela, porque aunque M\u00e9xico tiene en \u00faltima instancia muchos problemas, es nuestro vecino del sur y nuestras econom\u00edas est\u00e1n interconectadas.&#8221;<\/em><\/p>\n<p><em>&#8220;Tuvimos una delegaci\u00f3n bipartidista del Congreso a M\u00e9xico este fin de semana para aprender m\u00e1s acerca de los desaf\u00edos de seguridad en curso para que podamos averiguar con nuestros hom\u00f3logos mexicanos qu\u00e9 tipo de cambios hay que hacer, y c\u00f3mo ser\u00edan exactamente esos cambios.&#8221;<\/em><\/p>\n<p><em>&#8220;Entre nosotros 12, dem\u00f3cratas y republicanos, C\u00e1mara de Representantes y Senado, tenemos puntos de vista pol\u00edticos diversos y muchas diferencias de opini\u00f3n sobre una gran cantidad de temas, pero&#8230; todos estuvimos de acuerdo en que la crisis actual en M\u00e9xico es insostenible y algo tiene que cambiar.&#8221;<\/em><\/p>\n<p><em>&#8220;Recibimos sesiones informativas de funcionarios de inteligencia estadounidenses, l\u00edderes de la Administraci\u00f3n para el Control de Drogas y otros sobre su trabajo en M\u00e9xico&#8221;.<\/em><\/p>\n<p><em>&#8220;Durante un total de cuatro horas, no s\u00f3lo nos reunimos con el presidente L\u00f3pez Obrador, sino con todo el gabinete&#8221;.<\/em><\/p>\n<p><em>&#8220;Los miembros de nuestra delegaci\u00f3n no se anduvieron con rodeos. Lo hicimos respetuosamente, pero expusimos con contundencia nuestra frustraci\u00f3n por la continua violencia de los c\u00e1rteles, el narcotr\u00e1fico y la migraci\u00f3n descontrolada.&#8221;<\/em><\/p>\n<p><em>&#8220;Le dijimos al Presidente L\u00f3pez Obrador que su administraci\u00f3n debe hacer m\u00e1s para enfrentar estos retos, y enfatizamos que el no hacerlo tendr\u00e1 un impacto negativo en nuestra hist\u00f3ricamente fuerte e importante asociaci\u00f3n.&#8221;<\/em><\/p>\n\t\t\t\t\t\t\t\t<\/div>\n\t\t\t\t<\/div>\n\t\t\t\t\t<\/div>\n\t\t<\/div>\n\t\t\t\t\t<\/div>\n\t\t<\/section>\n\t\t\t\t\t<\/div>\n\t\t<\/div>\n\t\t\t\t\t<\/div>\n\t\t<\/section>\n\t\t\t\t<\/div>\n\t\t","protected":false},"author":2,"template":"","news-type":[45],"issues":[165,171],"class_list":["post-36386","news","type-news","status-publish","hentry","news-type-press-releases","issues-foreign-affairs-national-security-es-mx","issues-immigration-border-security-es-mx"],"acf":[],"yoast_head":"<!-- This site is optimized with the Yoast SEO plugin v27.2 - https:\/\/yoast.com\/product\/yoast-seo-wordpress\/ -->\n<title>VIDEO: Cornyn recapitula la discusi\u00f3n con el presidente mexicano sobre c\u00e1rteles, drogas y migraci\u00f3n descontrolada - Senator Cornyn<\/title>\n<meta name=\"description\" content=\"Le dijimos al Presidente L\u00f3pez Obrador que su administraci\u00f3n debe hacer m\u00e1s para enfrentar estos retos, y enfatizamos que el no hacerlo tendr\u00e1 un impacto negativo en nuestra asociaci\u00f3n.\" \/>\n<meta name=\"robots\" content=\"index, follow, max-snippet:-1, max-image-preview:large, max-video-preview:-1\" \/>\n<link rel=\"canonical\" href=\"https:\/\/www.cornyn.senate.gov\/es-mx\/news\/video-cornyn-recapitula-la-discusion-con-el-presidente-mexicano-sobre-carteles-drogas-y-migracion-descontrolada\/\" \/>\n<meta property=\"og:locale\" content=\"es_MX\" \/>\n<meta property=\"og:type\" content=\"article\" \/>\n<meta property=\"og:title\" content=\"VIDEO: Cornyn recapitula la discusi\u00f3n con el presidente mexicano sobre c\u00e1rteles, drogas y migraci\u00f3n descontrolada - Senator Cornyn\" \/>\n<meta property=\"og:description\" content=\"Le dijimos al Presidente L\u00f3pez Obrador que su administraci\u00f3n debe hacer m\u00e1s para enfrentar estos retos, y enfatizamos que el no hacerlo tendr\u00e1 un impacto negativo en nuestra asociaci\u00f3n.\" \/>\n<meta property=\"og:url\" content=\"https:\/\/www.cornyn.senate.gov\/es-mx\/news\/video-cornyn-recapitula-la-discusion-con-el-presidente-mexicano-sobre-carteles-drogas-y-migracion-descontrolada\/\" \/>\n<meta property=\"og:site_name\" content=\"Senator Cornyn\" \/>\n<meta property=\"article:publisher\" content=\"https:\/\/www.facebook.com\/SenJohnCornyn\" \/>\n<meta property=\"article:modified_time\" content=\"2023-03-21T21:57:29+00:00\" \/>\n<meta property=\"og:image\" content=\"https:\/\/www.cornyn.senate.gov\/wp-content\/uploads\/2023\/11\/Twitter-Card-Dec-23-1024x535.png\" \/>\n\t<meta property=\"og:image:width\" content=\"1024\" \/>\n\t<meta property=\"og:image:height\" content=\"535\" \/>\n\t<meta property=\"og:image:type\" content=\"image\/png\" \/>\n<meta name=\"twitter:card\" content=\"summary_large_image\" \/>\n<meta name=\"twitter:site\" content=\"@johncornyn\" \/>\n<meta name=\"twitter:label1\" content=\"Est. reading time\" \/>\n\t<meta name=\"twitter:data1\" content=\"3 minutes\" \/>\n<script type=\"application\/ld+json\" class=\"yoast-schema-graph\">{\"@context\":\"https:\/\/schema.org\",\"@graph\":[{\"@type\":\"WebPage\",\"@id\":\"https:\/\/www.cornyn.senate.gov\/es-mx\/news\/video-cornyn-recapitula-la-discusion-con-el-presidente-mexicano-sobre-carteles-drogas-y-migracion-descontrolada\/\",\"url\":\"https:\/\/www.cornyn.senate.gov\/es-mx\/news\/video-cornyn-recapitula-la-discusion-con-el-presidente-mexicano-sobre-carteles-drogas-y-migracion-descontrolada\/\",\"name\":\"VIDEO: Cornyn recapitula la discusi\u00f3n con el presidente mexicano sobre c\u00e1rteles, drogas y migraci\u00f3n descontrolada - Senator Cornyn\",\"isPartOf\":{\"@id\":\"https:\/\/www.cornyn.senate.gov\/es-mx\/#website\"},\"datePublished\":\"2023-03-21T21:53:57+00:00\",\"dateModified\":\"2023-03-21T21:57:29+00:00\",\"description\":\"Le dijimos al Presidente L\u00f3pez Obrador que su administraci\u00f3n debe hacer m\u00e1s para enfrentar estos retos, y enfatizamos que el no hacerlo tendr\u00e1 un impacto negativo en nuestra asociaci\u00f3n.\",\"breadcrumb\":{\"@id\":\"https:\/\/www.cornyn.senate.gov\/es-mx\/news\/video-cornyn-recapitula-la-discusion-con-el-presidente-mexicano-sobre-carteles-drogas-y-migracion-descontrolada\/#breadcrumb\"},\"inLanguage\":\"es-MX\",\"potentialAction\":[{\"@type\":\"ReadAction\",\"target\":[\"https:\/\/www.cornyn.senate.gov\/es-mx\/news\/video-cornyn-recapitula-la-discusion-con-el-presidente-mexicano-sobre-carteles-drogas-y-migracion-descontrolada\/\"]}]},{\"@type\":\"BreadcrumbList\",\"@id\":\"https:\/\/www.cornyn.senate.gov\/es-mx\/news\/video-cornyn-recapitula-la-discusion-con-el-presidente-mexicano-sobre-carteles-drogas-y-migracion-descontrolada\/#breadcrumb\",\"itemListElement\":[{\"@type\":\"ListItem\",\"position\":1,\"name\":\"Home\",\"item\":\"https:\/\/www.cornyn.senate.gov\/es-mx\/\"},{\"@type\":\"ListItem\",\"position\":2,\"name\":\"News\",\"item\":\"https:\/\/www.cornyn.senate.gov\/es-mx\/news\/\"},{\"@type\":\"ListItem\",\"position\":3,\"name\":\"VIDEO: Cornyn recapitula la discusi\u00f3n con el presidente mexicano sobre c\u00e1rteles, drogas y migraci\u00f3n descontrolada\"}]},{\"@type\":\"WebSite\",\"@id\":\"https:\/\/www.cornyn.senate.gov\/es-mx\/#website\",\"url\":\"https:\/\/www.cornyn.senate.gov\/es-mx\/\",\"name\":\"Senator Cornyn\",\"description\":\"\",\"publisher\":{\"@id\":\"https:\/\/www.cornyn.senate.gov\/es-mx\/#organization\"},\"potentialAction\":[{\"@type\":\"SearchAction\",\"target\":{\"@type\":\"EntryPoint\",\"urlTemplate\":\"https:\/\/www.cornyn.senate.gov\/es-mx\/?s={search_term_string}\"},\"query-input\":{\"@type\":\"PropertyValueSpecification\",\"valueRequired\":true,\"valueName\":\"search_term_string\"}}],\"inLanguage\":\"es-MX\"},{\"@type\":\"Organization\",\"@id\":\"https:\/\/www.cornyn.senate.gov\/es-mx\/#organization\",\"name\":\"Senator Cornyn\",\"url\":\"https:\/\/www.cornyn.senate.gov\/es-mx\/\",\"logo\":{\"@type\":\"ImageObject\",\"inLanguage\":\"es-MX\",\"@id\":\"https:\/\/www.cornyn.senate.gov\/es-mx\/#\/schema\/logo\/image\/\",\"url\":\"https:\/\/www.cornyn.senate.gov\/wp-content\/uploads\/2022\/01\/Logo-2.svg\",\"contentUrl\":\"https:\/\/www.cornyn.senate.gov\/wp-content\/uploads\/2022\/01\/Logo-2.svg\",\"caption\":\"Senator Cornyn\"},\"image\":{\"@id\":\"https:\/\/www.cornyn.senate.gov\/es-mx\/#\/schema\/logo\/image\/\"},\"sameAs\":[\"https:\/\/www.facebook.com\/SenJohnCornyn\",\"https:\/\/x.com\/johncornyn\"]}]}<\/script>\n<!-- \/ Yoast SEO plugin. -->","yoast_head_json":{"title":"VIDEO: Cornyn recapitula la discusi\u00f3n con el presidente mexicano sobre c\u00e1rteles, drogas y migraci\u00f3n descontrolada - Senator Cornyn","description":"Le dijimos al Presidente L\u00f3pez Obrador que su administraci\u00f3n debe hacer m\u00e1s para enfrentar estos retos, y enfatizamos que el no hacerlo tendr\u00e1 un impacto negativo en nuestra asociaci\u00f3n.","robots":{"index":"index","follow":"follow","max-snippet":"max-snippet:-1","max-image-preview":"max-image-preview:large","max-video-preview":"max-video-preview:-1"},"canonical":"https:\/\/www.cornyn.senate.gov\/es-mx\/news\/video-cornyn-recapitula-la-discusion-con-el-presidente-mexicano-sobre-carteles-drogas-y-migracion-descontrolada\/","og_locale":"es_MX","og_type":"article","og_title":"VIDEO: Cornyn recapitula la discusi\u00f3n con el presidente mexicano sobre c\u00e1rteles, drogas y migraci\u00f3n descontrolada - Senator Cornyn","og_description":"Le dijimos al Presidente L\u00f3pez Obrador que su administraci\u00f3n debe hacer m\u00e1s para enfrentar estos retos, y enfatizamos que el no hacerlo tendr\u00e1 un impacto negativo en nuestra asociaci\u00f3n.","og_url":"https:\/\/www.cornyn.senate.gov\/es-mx\/news\/video-cornyn-recapitula-la-discusion-con-el-presidente-mexicano-sobre-carteles-drogas-y-migracion-descontrolada\/","og_site_name":"Senator Cornyn","article_publisher":"https:\/\/www.facebook.com\/SenJohnCornyn","article_modified_time":"2023-03-21T21:57:29+00:00","og_image":[{"width":1024,"height":535,"url":"https:\/\/www.cornyn.senate.gov\/wp-content\/uploads\/2023\/11\/Twitter-Card-Dec-23-1024x535.png","type":"image\/png"}],"twitter_card":"summary_large_image","twitter_site":"@johncornyn","twitter_misc":{"Est. reading time":"3 minutes"},"schema":{"@context":"https:\/\/schema.org","@graph":[{"@type":"WebPage","@id":"https:\/\/www.cornyn.senate.gov\/es-mx\/news\/video-cornyn-recapitula-la-discusion-con-el-presidente-mexicano-sobre-carteles-drogas-y-migracion-descontrolada\/","url":"https:\/\/www.cornyn.senate.gov\/es-mx\/news\/video-cornyn-recapitula-la-discusion-con-el-presidente-mexicano-sobre-carteles-drogas-y-migracion-descontrolada\/","name":"VIDEO: Cornyn recapitula la discusi\u00f3n con el presidente mexicano sobre c\u00e1rteles, drogas y migraci\u00f3n descontrolada - Senator Cornyn","isPartOf":{"@id":"https:\/\/www.cornyn.senate.gov\/es-mx\/#website"},"datePublished":"2023-03-21T21:53:57+00:00","dateModified":"2023-03-21T21:57:29+00:00","description":"Le dijimos al Presidente L\u00f3pez Obrador que su administraci\u00f3n debe hacer m\u00e1s para enfrentar estos retos, y enfatizamos que el no hacerlo tendr\u00e1 un impacto negativo en nuestra asociaci\u00f3n.","breadcrumb":{"@id":"https:\/\/www.cornyn.senate.gov\/es-mx\/news\/video-cornyn-recapitula-la-discusion-con-el-presidente-mexicano-sobre-carteles-drogas-y-migracion-descontrolada\/#breadcrumb"},"inLanguage":"es-MX","potentialAction":[{"@type":"ReadAction","target":["https:\/\/www.cornyn.senate.gov\/es-mx\/news\/video-cornyn-recapitula-la-discusion-con-el-presidente-mexicano-sobre-carteles-drogas-y-migracion-descontrolada\/"]}]},{"@type":"BreadcrumbList","@id":"https:\/\/www.cornyn.senate.gov\/es-mx\/news\/video-cornyn-recapitula-la-discusion-con-el-presidente-mexicano-sobre-carteles-drogas-y-migracion-descontrolada\/#breadcrumb","itemListElement":[{"@type":"ListItem","position":1,"name":"Home","item":"https:\/\/www.cornyn.senate.gov\/es-mx\/"},{"@type":"ListItem","position":2,"name":"News","item":"https:\/\/www.cornyn.senate.gov\/es-mx\/news\/"},{"@type":"ListItem","position":3,"name":"VIDEO: Cornyn recapitula la discusi\u00f3n con el presidente mexicano sobre c\u00e1rteles, drogas y migraci\u00f3n descontrolada"}]},{"@type":"WebSite","@id":"https:\/\/www.cornyn.senate.gov\/es-mx\/#website","url":"https:\/\/www.cornyn.senate.gov\/es-mx\/","name":"Senator Cornyn","description":"","publisher":{"@id":"https:\/\/www.cornyn.senate.gov\/es-mx\/#organization"},"potentialAction":[{"@type":"SearchAction","target":{"@type":"EntryPoint","urlTemplate":"https:\/\/www.cornyn.senate.gov\/es-mx\/?s={search_term_string}"},"query-input":{"@type":"PropertyValueSpecification","valueRequired":true,"valueName":"search_term_string"}}],"inLanguage":"es-MX"},{"@type":"Organization","@id":"https:\/\/www.cornyn.senate.gov\/es-mx\/#organization","name":"Senator Cornyn","url":"https:\/\/www.cornyn.senate.gov\/es-mx\/","logo":{"@type":"ImageObject","inLanguage":"es-MX","@id":"https:\/\/www.cornyn.senate.gov\/es-mx\/#\/schema\/logo\/image\/","url":"https:\/\/www.cornyn.senate.gov\/wp-content\/uploads\/2022\/01\/Logo-2.svg","contentUrl":"https:\/\/www.cornyn.senate.gov\/wp-content\/uploads\/2022\/01\/Logo-2.svg","caption":"Senator Cornyn"},"image":{"@id":"https:\/\/www.cornyn.senate.gov\/es-mx\/#\/schema\/logo\/image\/"},"sameAs":["https:\/\/www.facebook.com\/SenJohnCornyn","https:\/\/x.com\/johncornyn"]}]}},"_links":{"self":[{"href":"https:\/\/www.cornyn.senate.gov\/es-mx\/wp-json\/wp\/v2\/news\/36386","targetHints":{"allow":["GET"]}}],"collection":[{"href":"https:\/\/www.cornyn.senate.gov\/es-mx\/wp-json\/wp\/v2\/news"}],"about":[{"href":"https:\/\/www.cornyn.senate.gov\/es-mx\/wp-json\/wp\/v2\/types\/news"}],"author":[{"embeddable":true,"href":"https:\/\/www.cornyn.senate.gov\/es-mx\/wp-json\/wp\/v2\/users\/2"}],"version-history":[{"count":2,"href":"https:\/\/www.cornyn.senate.gov\/es-mx\/wp-json\/wp\/v2\/news\/36386\/revisions"}],"predecessor-version":[{"id":36396,"href":"https:\/\/www.cornyn.senate.gov\/es-mx\/wp-json\/wp\/v2\/news\/36386\/revisions\/36396"}],"wp:attachment":[{"href":"https:\/\/www.cornyn.senate.gov\/es-mx\/wp-json\/wp\/v2\/media?parent=36386"}],"wp:term":[{"taxonomy":"news-type","embeddable":true,"href":"https:\/\/www.cornyn.senate.gov\/es-mx\/wp-json\/wp\/v2\/news-type?post=36386"},{"taxonomy":"issues","embeddable":true,"href":"https:\/\/www.cornyn.senate.gov\/es-mx\/wp-json\/wp\/v2\/issues?post=36386"}],"curies":[{"name":"wp","href":"https:\/\/api.w.org\/{rel}","templated":true}]}}