{"id":36798,"date":"2023-03-29T16:30:37","date_gmt":"2023-03-29T20:30:37","guid":{"rendered":"https:\/\/www.cornyn.senate.gov\/news\/foto-cornyn-se-reune-con-la-alianza-economica-de-la-region-portuaria-de-houston\/"},"modified":"2023-04-05T12:49:18","modified_gmt":"2023-04-05T16:49:18","slug":"foto-cornyn-se-reune-con-la-alianza-economica-de-la-region-portuaria-de-houston","status":"publish","type":"news","link":"https:\/\/www.cornyn.senate.gov\/es-mx\/news\/foto-cornyn-se-reune-con-la-alianza-economica-de-la-region-portuaria-de-houston\/","title":{"rendered":"FOTO: Cornyn se re\u00fane con la Alianza Econ\u00f3mica de la Regi\u00f3n Portuaria de Houston"},"content":{"rendered":"\t\t<div data-elementor-type=\"wp-post\" data-elementor-id=\"36798\" class=\"elementor elementor-36798 elementor-36666\" data-elementor-post-type=\"news\">\n\t\t\t\t\t\t<section class=\"elementor-section elementor-top-section elementor-element elementor-element-760c586a elementor-section-boxed elementor-section-height-default elementor-section-height-default\" data-id=\"760c586a\" data-element_type=\"section\" data-e-type=\"section\">\n\t\t\t\t\t\t<div class=\"elementor-container elementor-column-gap-default\">\n\t\t\t\t\t<div class=\"elementor-column elementor-col-100 elementor-top-column elementor-element elementor-element-14e87512\" data-id=\"14e87512\" data-element_type=\"column\" data-e-type=\"column\">\n\t\t\t<div class=\"elementor-widget-wrap elementor-element-populated\">\n\t\t\t\t\t\t<section class=\"elementor-section elementor-inner-section elementor-element elementor-element-1498a6ea elementor-section-boxed elementor-section-height-default elementor-section-height-default\" data-id=\"1498a6ea\" data-element_type=\"section\" data-e-type=\"section\">\n\t\t\t\t\t\t<div class=\"elementor-container elementor-column-gap-default\">\n\t\t\t\t\t<div class=\"elementor-column elementor-col-50 elementor-inner-column elementor-element elementor-element-687f2d93\" data-id=\"687f2d93\" data-element_type=\"column\" data-e-type=\"column\">\n\t\t\t<div class=\"elementor-widget-wrap elementor-element-populated\">\n\t\t\t\t\t\t<div class=\"elementor-element elementor-element-28ea3fba breadcrumb--back elementor-widget elementor-widget-button\" data-id=\"28ea3fba\" data-element_type=\"widget\" data-e-type=\"widget\" data-widget_type=\"button.default\">\n\t\t\t\t<div class=\"elementor-widget-container\">\n\t\t\t\t\t\t\t\t\t<div class=\"elementor-button-wrapper\">\n\t\t\t\t\t<a class=\"elementor-button elementor-button-link elementor-size-sm\" href=\"\/noticias\/\">\n\t\t\t\t\t\t<span class=\"elementor-button-content-wrapper\">\n\t\t\t\t\t\t<span class=\"elementor-button-icon\">\n\t\t\t\t<i aria-hidden=\"true\" class=\"icon icon-arrow-left\"><\/i>\t\t\t<\/span>\n\t\t\t\t\t\t\t\t\t<span class=\"elementor-button-text\">Noticias<\/span>\n\t\t\t\t\t<\/span>\n\t\t\t\t\t<\/a>\n\t\t\t\t<\/div>\n\t\t\t\t\t\t\t\t<\/div>\n\t\t\t\t<\/div>\n\t\t\t\t\t<\/div>\n\t\t<\/div>\n\t\t\t\t<div class=\"elementor-column elementor-col-50 elementor-inner-column elementor-element elementor-element-7b008f56 content-page__content\" data-id=\"7b008f56\" data-element_type=\"column\" data-e-type=\"column\">\n\t\t\t<div class=\"elementor-widget-wrap elementor-element-populated\">\n\t\t\t\t\t\t<div class=\"elementor-element elementor-element-232236f elementor-widget elementor-widget-theme-post-title elementor-page-title elementor-widget-heading\" data-id=\"232236f\" data-element_type=\"widget\" data-e-type=\"widget\" data-widget_type=\"theme-post-title.default\">\n\t\t\t\t<div class=\"elementor-widget-container\">\n\t\t\t\t\t<h1 class=\"elementor-heading-title elementor-size-default\">FOTO: Cornyn se re\u00fane con la Alianza Econ\u00f3mica de la Regi\u00f3n Portuaria de Houston<\/h1>\t\t\t\t<\/div>\n\t\t\t\t<\/div>\n\t\t\t\t<div class=\"elementor-element elementor-element-657d6514 elementor-widget-divider--view-line elementor-widget elementor-widget-divider\" data-id=\"657d6514\" data-element_type=\"widget\" data-e-type=\"widget\" data-widget_type=\"divider.default\">\n\t\t\t\t<div class=\"elementor-widget-container\">\n\t\t\t\t\t\t\t<div class=\"elementor-divider\">\n\t\t\t<span class=\"elementor-divider-separator\">\n\t\t\t\t\t\t<\/span>\n\t\t<\/div>\n\t\t\t\t\t\t<\/div>\n\t\t\t\t<\/div>\n\t\t\t\t<div class=\"elementor-element elementor-element-45278b70 elementor-widget__width-initial elementor-widget-mobile__width-inherit elementor-widget elementor-widget-text-editor\" data-id=\"45278b70\" data-element_type=\"widget\" data-e-type=\"widget\" data-widget_type=\"text-editor.default\">\n\t\t\t\t<div class=\"elementor-widget-container\">\n\t\t\t\t\t\t\t\t\tMarch 29, 2023\t\t\t\t\t\t\t\t<\/div>\n\t\t\t\t<\/div>\n\t\t\t\t<div class=\"elementor-element elementor-element-1d04f84 elementor-share-buttons--view-icon elementor-share-buttons--skin-flat elementor-share-buttons--shape-circle elementor-share-buttons--color-custom share-buttons elementor-widget__width-initial elementor-widget-mobile__width-inherit elementor-grid-0 elementor-widget elementor-widget-global elementor-global-33223 elementor-global-401 elementor-widget-share-buttons\" data-id=\"1d04f84\" data-element_type=\"widget\" data-e-type=\"widget\" title=\"Share\" data-widget_type=\"share-buttons.default\">\n\t\t\t\t<div class=\"elementor-widget-container\">\n\t\t\t\t\t\t\t<div class=\"elementor-grid\" role=\"list\">\n\t\t\t\t\t\t\t\t<div class=\"elementor-grid-item\" role=\"listitem\">\n\t\t\t\t\t\t<div class=\"elementor-share-btn elementor-share-btn_email\" role=\"button\" tabindex=\"0\" aria-label=\"Share on email\">\n\t\t\t\t\t\t\t\t\t\t\t\t\t\t\t<span class=\"elementor-share-btn__icon\">\n\t\t\t\t\t\t\t\t<i class=\"fas fa-envelope\" aria-hidden=\"true\"><\/i>\t\t\t\t\t\t\t<\/span>\n\t\t\t\t\t\t\t\t\t\t\t\t\t\t\t\t\t\t\t\t<\/div>\n\t\t\t\t\t<\/div>\n\t\t\t\t\t\t\t\t\t<div class=\"elementor-grid-item\" role=\"listitem\">\n\t\t\t\t\t\t<div class=\"elementor-share-btn elementor-share-btn_linkedin\" role=\"button\" tabindex=\"0\" aria-label=\"Share on linkedin\">\n\t\t\t\t\t\t\t\t\t\t\t\t\t\t\t<span class=\"elementor-share-btn__icon\">\n\t\t\t\t\t\t\t\t<i class=\"fab fa-linkedin\" aria-hidden=\"true\"><\/i>\t\t\t\t\t\t\t<\/span>\n\t\t\t\t\t\t\t\t\t\t\t\t\t\t\t\t\t\t\t\t<\/div>\n\t\t\t\t\t<\/div>\n\t\t\t\t\t\t\t\t\t<div class=\"elementor-grid-item\" role=\"listitem\">\n\t\t\t\t\t\t<div class=\"elementor-share-btn elementor-share-btn_facebook\" role=\"button\" tabindex=\"0\" aria-label=\"Share on facebook\">\n\t\t\t\t\t\t\t\t\t\t\t\t\t\t\t<span class=\"elementor-share-btn__icon\">\n\t\t\t\t\t\t\t\t<i class=\"fab fa-facebook\" aria-hidden=\"true\"><\/i>\t\t\t\t\t\t\t<\/span>\n\t\t\t\t\t\t\t\t\t\t\t\t\t\t\t\t\t\t\t\t<\/div>\n\t\t\t\t\t<\/div>\n\t\t\t\t\t\t<\/div>\n\t\t\t\t\t\t<\/div>\n\t\t\t\t<\/div>\n\t\t\t\t<div class=\"elementor-element elementor-element-4949c2e4 elementor-widget elementor-widget-text-editor\" data-id=\"4949c2e4\" data-element_type=\"widget\" data-e-type=\"widget\" data-widget_type=\"text-editor.default\">\n\t\t\t\t<div class=\"elementor-widget-container\">\n\t\t\t\t\t\t\t\t\t<p><strong>WASHINGTON<\/strong> &#8211; El senador estadounidense John Cornyn (R-TX) se reuni\u00f3 hoy con miembros de la Alianza Econ\u00f3mica de la Regi\u00f3n Portuaria de Houston para hablar de su <em><a href=\"https:\/\/www.cornyn.senate.gov\/es-mx\/news\/promulgada-la-ley-cornyn-que-autoriza-el-proyecto-de-la-columna-vertebral-costera\/\">Ley de autorizaci\u00f3n de la columna vertebral costera de Texas<\/a><\/em>y el Proyecto 11 de ampliaci\u00f3n del Canal de Navegaci\u00f3n de Houston, por el que abog\u00f3 con \u00e9xito en la C\u00e1mara de Representantes de los Estados Unidos. <em><a href=\"https:\/\/www.cornyn.senate.gov\/es-mx\/news\/las-20-prioridades-de-texas-incluidas-por-cornyn-en-el-proyecto-de-ley-de-infraestructura-hdrica-se-convierten-en-ley\/\">Leyes de desarrollo de los recursos h\u00eddricos de 2020<\/a><\/em> y ahora es ley. V\u00e9ase la foto de abajo.<\/p>\n<p><img fetchpriority=\"high\" decoding=\"async\" class=\"aligncenter wp-image-36662 size-large\" src=\"https:\/\/www.cornyn.senate.gov\/wp-content\/uploads\/2023\/03\/Houston_Port_0323-1024x683.jpg\" alt=\"\" width=\"800\" height=\"534\" srcset=\"https:\/\/www.cornyn.senate.gov\/wp-content\/uploads\/2023\/03\/Houston_Port_0323-1024x683.jpg 1024w, https:\/\/www.cornyn.senate.gov\/wp-content\/uploads\/2023\/03\/Houston_Port_0323-300x200.jpg 300w, https:\/\/www.cornyn.senate.gov\/wp-content\/uploads\/2023\/03\/Houston_Port_0323-768x512.jpg 768w, https:\/\/www.cornyn.senate.gov\/wp-content\/uploads\/2023\/03\/Houston_Port_0323-1536x1024.jpg 1536w, https:\/\/www.cornyn.senate.gov\/wp-content\/uploads\/2023\/03\/Houston_Port_0323-2048x1365.jpg 2048w\" sizes=\"(max-width: 800px) 100vw, 800px\" \/><\/p>\n<p style=\"text-align: center;\"><em>Esta imagen es de dominio p\u00fablico, pero quienes deseen hacerlo pueden citar a la Oficina del Senador de EE.UU. John Cornyn.<\/em><\/p>\n\t\t\t\t\t\t\t\t<\/div>\n\t\t\t\t<\/div>\n\t\t\t\t\t<\/div>\n\t\t<\/div>\n\t\t\t\t\t<\/div>\n\t\t<\/section>\n\t\t\t\t\t<\/div>\n\t\t<\/div>\n\t\t\t\t\t<\/div>\n\t\t<\/section>\n\t\t\t\t<\/div>\n\t\t","protected":false},"author":2,"template":"","news-type":[161],"issues":[179],"class_list":["post-36798","news","type-news","status-publish","hentry","news-type-press-releases-es-mx","issues-disaster-emergency-preparedness-es-mx"],"acf":[],"yoast_head":"<!-- This site is optimized with the Yoast SEO plugin v27.2 - https:\/\/yoast.com\/product\/yoast-seo-wordpress\/ -->\n<title>FOTO: Cornyn se re\u00fane con la Alianza Econ\u00f3mica de la Regi\u00f3n Portuaria de Houston - Senator Cornyn<\/title>\n<meta name=\"description\" content=\"Cornyn se re\u00fane con miembros de la Alianza Econ\u00f3mica de la Regi\u00f3n Portuaria de Houston para debatir la Ley de Autorizaci\u00f3n del Litoral de Texas\" \/>\n<meta name=\"robots\" content=\"index, follow, max-snippet:-1, max-image-preview:large, max-video-preview:-1\" \/>\n<link rel=\"canonical\" href=\"https:\/\/www.cornyn.senate.gov\/es-mx\/news\/foto-cornyn-se-reune-con-la-alianza-economica-de-la-region-portuaria-de-houston\/\" \/>\n<meta property=\"og:locale\" content=\"es_MX\" \/>\n<meta property=\"og:type\" content=\"article\" \/>\n<meta property=\"og:title\" content=\"FOTO: Cornyn se re\u00fane con la Alianza Econ\u00f3mica de la Regi\u00f3n Portuaria de Houston - Senator Cornyn\" \/>\n<meta property=\"og:description\" content=\"Cornyn se re\u00fane con miembros de la Alianza Econ\u00f3mica de la Regi\u00f3n Portuaria de Houston para debatir la Ley de Autorizaci\u00f3n del Litoral de Texas\" \/>\n<meta property=\"og:url\" content=\"https:\/\/www.cornyn.senate.gov\/es-mx\/news\/foto-cornyn-se-reune-con-la-alianza-economica-de-la-region-portuaria-de-houston\/\" \/>\n<meta property=\"og:site_name\" content=\"Senator Cornyn\" \/>\n<meta property=\"article:publisher\" content=\"https:\/\/www.facebook.com\/SenJohnCornyn\" \/>\n<meta property=\"article:modified_time\" content=\"2023-04-05T16:49:18+00:00\" \/>\n<meta property=\"og:image\" content=\"https:\/\/www.cornyn.senate.gov\/wp-content\/uploads\/2023\/03\/Houston_Port_0323-1024x683.jpg\" \/>\n<meta name=\"twitter:card\" content=\"summary_large_image\" \/>\n<meta name=\"twitter:site\" content=\"@johncornyn\" \/>\n<meta name=\"twitter:label1\" content=\"Est. reading time\" \/>\n\t<meta name=\"twitter:data1\" content=\"1 minute\" \/>\n<script type=\"application\/ld+json\" class=\"yoast-schema-graph\">{\"@context\":\"https:\/\/schema.org\",\"@graph\":[{\"@type\":\"WebPage\",\"@id\":\"https:\/\/www.cornyn.senate.gov\/es-mx\/news\/foto-cornyn-se-reune-con-la-alianza-economica-de-la-region-portuaria-de-houston\/\",\"url\":\"https:\/\/www.cornyn.senate.gov\/es-mx\/news\/foto-cornyn-se-reune-con-la-alianza-economica-de-la-region-portuaria-de-houston\/\",\"name\":\"FOTO: Cornyn se re\u00fane con la Alianza Econ\u00f3mica de la Regi\u00f3n Portuaria de Houston - Senator Cornyn\",\"isPartOf\":{\"@id\":\"https:\/\/www.cornyn.senate.gov\/es-mx\/#website\"},\"primaryImageOfPage\":{\"@id\":\"https:\/\/www.cornyn.senate.gov\/es-mx\/news\/foto-cornyn-se-reune-con-la-alianza-economica-de-la-region-portuaria-de-houston\/#primaryimage\"},\"image\":{\"@id\":\"https:\/\/www.cornyn.senate.gov\/es-mx\/news\/foto-cornyn-se-reune-con-la-alianza-economica-de-la-region-portuaria-de-houston\/#primaryimage\"},\"thumbnailUrl\":\"https:\/\/www.cornyn.senate.gov\/wp-content\/uploads\/2023\/03\/Houston_Port_0323-1024x683.jpg\",\"datePublished\":\"2023-03-29T20:30:37+00:00\",\"dateModified\":\"2023-04-05T16:49:18+00:00\",\"description\":\"Cornyn se re\u00fane con miembros de la Alianza Econ\u00f3mica de la Regi\u00f3n Portuaria de Houston para debatir la Ley de Autorizaci\u00f3n del Litoral de Texas\",\"breadcrumb\":{\"@id\":\"https:\/\/www.cornyn.senate.gov\/es-mx\/news\/foto-cornyn-se-reune-con-la-alianza-economica-de-la-region-portuaria-de-houston\/#breadcrumb\"},\"inLanguage\":\"es-MX\",\"potentialAction\":[{\"@type\":\"ReadAction\",\"target\":[\"https:\/\/www.cornyn.senate.gov\/es-mx\/news\/foto-cornyn-se-reune-con-la-alianza-economica-de-la-region-portuaria-de-houston\/\"]}]},{\"@type\":\"ImageObject\",\"inLanguage\":\"es-MX\",\"@id\":\"https:\/\/www.cornyn.senate.gov\/es-mx\/news\/foto-cornyn-se-reune-con-la-alianza-economica-de-la-region-portuaria-de-houston\/#primaryimage\",\"url\":\"https:\/\/www.cornyn.senate.gov\/wp-content\/uploads\/2023\/03\/Houston_Port_0323-1024x683.jpg\",\"contentUrl\":\"https:\/\/www.cornyn.senate.gov\/wp-content\/uploads\/2023\/03\/Houston_Port_0323-1024x683.jpg\"},{\"@type\":\"BreadcrumbList\",\"@id\":\"https:\/\/www.cornyn.senate.gov\/es-mx\/news\/foto-cornyn-se-reune-con-la-alianza-economica-de-la-region-portuaria-de-houston\/#breadcrumb\",\"itemListElement\":[{\"@type\":\"ListItem\",\"position\":1,\"name\":\"Home\",\"item\":\"https:\/\/www.cornyn.senate.gov\/es-mx\/\"},{\"@type\":\"ListItem\",\"position\":2,\"name\":\"News\",\"item\":\"https:\/\/www.cornyn.senate.gov\/es-mx\/news\/\"},{\"@type\":\"ListItem\",\"position\":3,\"name\":\"FOTO: Cornyn se re\u00fane con la Alianza Econ\u00f3mica de la Regi\u00f3n Portuaria de Houston\"}]},{\"@type\":\"WebSite\",\"@id\":\"https:\/\/www.cornyn.senate.gov\/es-mx\/#website\",\"url\":\"https:\/\/www.cornyn.senate.gov\/es-mx\/\",\"name\":\"Senator Cornyn\",\"description\":\"\",\"publisher\":{\"@id\":\"https:\/\/www.cornyn.senate.gov\/es-mx\/#organization\"},\"potentialAction\":[{\"@type\":\"SearchAction\",\"target\":{\"@type\":\"EntryPoint\",\"urlTemplate\":\"https:\/\/www.cornyn.senate.gov\/es-mx\/?s={search_term_string}\"},\"query-input\":{\"@type\":\"PropertyValueSpecification\",\"valueRequired\":true,\"valueName\":\"search_term_string\"}}],\"inLanguage\":\"es-MX\"},{\"@type\":\"Organization\",\"@id\":\"https:\/\/www.cornyn.senate.gov\/es-mx\/#organization\",\"name\":\"Senator Cornyn\",\"url\":\"https:\/\/www.cornyn.senate.gov\/es-mx\/\",\"logo\":{\"@type\":\"ImageObject\",\"inLanguage\":\"es-MX\",\"@id\":\"https:\/\/www.cornyn.senate.gov\/es-mx\/#\/schema\/logo\/image\/\",\"url\":\"https:\/\/www.cornyn.senate.gov\/wp-content\/uploads\/2022\/01\/Logo-2.svg\",\"contentUrl\":\"https:\/\/www.cornyn.senate.gov\/wp-content\/uploads\/2022\/01\/Logo-2.svg\",\"caption\":\"Senator Cornyn\"},\"image\":{\"@id\":\"https:\/\/www.cornyn.senate.gov\/es-mx\/#\/schema\/logo\/image\/\"},\"sameAs\":[\"https:\/\/www.facebook.com\/SenJohnCornyn\",\"https:\/\/x.com\/johncornyn\"]}]}<\/script>\n<!-- \/ Yoast SEO plugin. -->","yoast_head_json":{"title":"FOTO: Cornyn se re\u00fane con la Alianza Econ\u00f3mica de la Regi\u00f3n Portuaria de Houston - Senator Cornyn","description":"Cornyn se re\u00fane con miembros de la Alianza Econ\u00f3mica de la Regi\u00f3n Portuaria de Houston para debatir la Ley de Autorizaci\u00f3n del Litoral de Texas","robots":{"index":"index","follow":"follow","max-snippet":"max-snippet:-1","max-image-preview":"max-image-preview:large","max-video-preview":"max-video-preview:-1"},"canonical":"https:\/\/www.cornyn.senate.gov\/es-mx\/news\/foto-cornyn-se-reune-con-la-alianza-economica-de-la-region-portuaria-de-houston\/","og_locale":"es_MX","og_type":"article","og_title":"FOTO: Cornyn se re\u00fane con la Alianza Econ\u00f3mica de la Regi\u00f3n Portuaria de Houston - Senator Cornyn","og_description":"Cornyn se re\u00fane con miembros de la Alianza Econ\u00f3mica de la Regi\u00f3n Portuaria de Houston para debatir la Ley de Autorizaci\u00f3n del Litoral de Texas","og_url":"https:\/\/www.cornyn.senate.gov\/es-mx\/news\/foto-cornyn-se-reune-con-la-alianza-economica-de-la-region-portuaria-de-houston\/","og_site_name":"Senator Cornyn","article_publisher":"https:\/\/www.facebook.com\/SenJohnCornyn","article_modified_time":"2023-04-05T16:49:18+00:00","og_image":[{"url":"https:\/\/www.cornyn.senate.gov\/wp-content\/uploads\/2023\/03\/Houston_Port_0323-1024x683.jpg","type":"","width":"","height":""}],"twitter_card":"summary_large_image","twitter_site":"@johncornyn","twitter_misc":{"Est. reading time":"1 minute"},"schema":{"@context":"https:\/\/schema.org","@graph":[{"@type":"WebPage","@id":"https:\/\/www.cornyn.senate.gov\/es-mx\/news\/foto-cornyn-se-reune-con-la-alianza-economica-de-la-region-portuaria-de-houston\/","url":"https:\/\/www.cornyn.senate.gov\/es-mx\/news\/foto-cornyn-se-reune-con-la-alianza-economica-de-la-region-portuaria-de-houston\/","name":"FOTO: Cornyn se re\u00fane con la Alianza Econ\u00f3mica de la Regi\u00f3n Portuaria de Houston - Senator Cornyn","isPartOf":{"@id":"https:\/\/www.cornyn.senate.gov\/es-mx\/#website"},"primaryImageOfPage":{"@id":"https:\/\/www.cornyn.senate.gov\/es-mx\/news\/foto-cornyn-se-reune-con-la-alianza-economica-de-la-region-portuaria-de-houston\/#primaryimage"},"image":{"@id":"https:\/\/www.cornyn.senate.gov\/es-mx\/news\/foto-cornyn-se-reune-con-la-alianza-economica-de-la-region-portuaria-de-houston\/#primaryimage"},"thumbnailUrl":"https:\/\/www.cornyn.senate.gov\/wp-content\/uploads\/2023\/03\/Houston_Port_0323-1024x683.jpg","datePublished":"2023-03-29T20:30:37+00:00","dateModified":"2023-04-05T16:49:18+00:00","description":"Cornyn se re\u00fane con miembros de la Alianza Econ\u00f3mica de la Regi\u00f3n Portuaria de Houston para debatir la Ley de Autorizaci\u00f3n del Litoral de Texas","breadcrumb":{"@id":"https:\/\/www.cornyn.senate.gov\/es-mx\/news\/foto-cornyn-se-reune-con-la-alianza-economica-de-la-region-portuaria-de-houston\/#breadcrumb"},"inLanguage":"es-MX","potentialAction":[{"@type":"ReadAction","target":["https:\/\/www.cornyn.senate.gov\/es-mx\/news\/foto-cornyn-se-reune-con-la-alianza-economica-de-la-region-portuaria-de-houston\/"]}]},{"@type":"ImageObject","inLanguage":"es-MX","@id":"https:\/\/www.cornyn.senate.gov\/es-mx\/news\/foto-cornyn-se-reune-con-la-alianza-economica-de-la-region-portuaria-de-houston\/#primaryimage","url":"https:\/\/www.cornyn.senate.gov\/wp-content\/uploads\/2023\/03\/Houston_Port_0323-1024x683.jpg","contentUrl":"https:\/\/www.cornyn.senate.gov\/wp-content\/uploads\/2023\/03\/Houston_Port_0323-1024x683.jpg"},{"@type":"BreadcrumbList","@id":"https:\/\/www.cornyn.senate.gov\/es-mx\/news\/foto-cornyn-se-reune-con-la-alianza-economica-de-la-region-portuaria-de-houston\/#breadcrumb","itemListElement":[{"@type":"ListItem","position":1,"name":"Home","item":"https:\/\/www.cornyn.senate.gov\/es-mx\/"},{"@type":"ListItem","position":2,"name":"News","item":"https:\/\/www.cornyn.senate.gov\/es-mx\/news\/"},{"@type":"ListItem","position":3,"name":"FOTO: Cornyn se re\u00fane con la Alianza Econ\u00f3mica de la Regi\u00f3n Portuaria de Houston"}]},{"@type":"WebSite","@id":"https:\/\/www.cornyn.senate.gov\/es-mx\/#website","url":"https:\/\/www.cornyn.senate.gov\/es-mx\/","name":"Senator Cornyn","description":"","publisher":{"@id":"https:\/\/www.cornyn.senate.gov\/es-mx\/#organization"},"potentialAction":[{"@type":"SearchAction","target":{"@type":"EntryPoint","urlTemplate":"https:\/\/www.cornyn.senate.gov\/es-mx\/?s={search_term_string}"},"query-input":{"@type":"PropertyValueSpecification","valueRequired":true,"valueName":"search_term_string"}}],"inLanguage":"es-MX"},{"@type":"Organization","@id":"https:\/\/www.cornyn.senate.gov\/es-mx\/#organization","name":"Senator Cornyn","url":"https:\/\/www.cornyn.senate.gov\/es-mx\/","logo":{"@type":"ImageObject","inLanguage":"es-MX","@id":"https:\/\/www.cornyn.senate.gov\/es-mx\/#\/schema\/logo\/image\/","url":"https:\/\/www.cornyn.senate.gov\/wp-content\/uploads\/2022\/01\/Logo-2.svg","contentUrl":"https:\/\/www.cornyn.senate.gov\/wp-content\/uploads\/2022\/01\/Logo-2.svg","caption":"Senator Cornyn"},"image":{"@id":"https:\/\/www.cornyn.senate.gov\/es-mx\/#\/schema\/logo\/image\/"},"sameAs":["https:\/\/www.facebook.com\/SenJohnCornyn","https:\/\/x.com\/johncornyn"]}]}},"_links":{"self":[{"href":"https:\/\/www.cornyn.senate.gov\/es-mx\/wp-json\/wp\/v2\/news\/36798","targetHints":{"allow":["GET"]}}],"collection":[{"href":"https:\/\/www.cornyn.senate.gov\/es-mx\/wp-json\/wp\/v2\/news"}],"about":[{"href":"https:\/\/www.cornyn.senate.gov\/es-mx\/wp-json\/wp\/v2\/types\/news"}],"author":[{"embeddable":true,"href":"https:\/\/www.cornyn.senate.gov\/es-mx\/wp-json\/wp\/v2\/users\/2"}],"version-history":[{"count":5,"href":"https:\/\/www.cornyn.senate.gov\/es-mx\/wp-json\/wp\/v2\/news\/36798\/revisions"}],"predecessor-version":[{"id":37106,"href":"https:\/\/www.cornyn.senate.gov\/es-mx\/wp-json\/wp\/v2\/news\/36798\/revisions\/37106"}],"wp:attachment":[{"href":"https:\/\/www.cornyn.senate.gov\/es-mx\/wp-json\/wp\/v2\/media?parent=36798"}],"wp:term":[{"taxonomy":"news-type","embeddable":true,"href":"https:\/\/www.cornyn.senate.gov\/es-mx\/wp-json\/wp\/v2\/news-type?post=36798"},{"taxonomy":"issues","embeddable":true,"href":"https:\/\/www.cornyn.senate.gov\/es-mx\/wp-json\/wp\/v2\/issues?post=36798"}],"curies":[{"name":"wp","href":"https:\/\/api.w.org\/{rel}","templated":true}]}}