{"id":37924,"date":"2023-05-04T11:01:23","date_gmt":"2023-05-04T15:01:23","guid":{"rendered":"https:\/\/www.cornyn.senate.gov\/news\/video-cornyn-denuncia-la-inaccion-del-comite-judicial-ante-la-expiracion-del-titulo-42\/"},"modified":"2023-05-04T11:07:57","modified_gmt":"2023-05-04T15:07:57","slug":"video-cornyn-denuncia-la-inaccion-del-comite-judicial-ante-la-expiracion-del-titulo-42","status":"publish","type":"news","link":"https:\/\/www.cornyn.senate.gov\/es-mx\/news\/video-cornyn-denuncia-la-inaccion-del-comite-judicial-ante-la-expiracion-del-titulo-42\/","title":{"rendered":"VIDEO: Cornyn denuncia la inacci\u00f3n del Comit\u00e9 Judicial ante la expiraci\u00f3n del T\u00edtulo 42"},"content":{"rendered":"\t\t<div data-elementor-type=\"wp-post\" data-elementor-id=\"37924\" class=\"elementor elementor-37924 elementor-37890\" data-elementor-post-type=\"news\">\n\t\t\t\t\t\t<section class=\"elementor-section elementor-top-section elementor-element elementor-element-74c77fa5 elementor-section-boxed elementor-section-height-default elementor-section-height-default\" data-id=\"74c77fa5\" data-element_type=\"section\" data-e-type=\"section\">\n\t\t\t\t\t\t<div class=\"elementor-container elementor-column-gap-default\">\n\t\t\t\t\t<div class=\"elementor-column elementor-col-100 elementor-top-column elementor-element elementor-element-53575756\" data-id=\"53575756\" data-element_type=\"column\" data-e-type=\"column\">\n\t\t\t<div class=\"elementor-widget-wrap elementor-element-populated\">\n\t\t\t\t\t\t<section class=\"elementor-section elementor-inner-section elementor-element elementor-element-5ba0294e elementor-section-boxed elementor-section-height-default elementor-section-height-default\" data-id=\"5ba0294e\" data-element_type=\"section\" data-e-type=\"section\">\n\t\t\t\t\t\t<div class=\"elementor-container elementor-column-gap-default\">\n\t\t\t\t\t<div class=\"elementor-column elementor-col-50 elementor-inner-column elementor-element elementor-element-55e7fb60\" data-id=\"55e7fb60\" data-element_type=\"column\" data-e-type=\"column\">\n\t\t\t<div class=\"elementor-widget-wrap elementor-element-populated\">\n\t\t\t\t\t\t<div class=\"elementor-element elementor-element-496a2571 breadcrumb--back elementor-widget elementor-widget-button\" data-id=\"496a2571\" data-element_type=\"widget\" data-e-type=\"widget\" data-widget_type=\"button.default\">\n\t\t\t\t<div class=\"elementor-widget-container\">\n\t\t\t\t\t\t\t\t\t<div class=\"elementor-button-wrapper\">\n\t\t\t\t\t<a class=\"elementor-button elementor-button-link elementor-size-sm\" href=\"\/noticias\/\">\n\t\t\t\t\t\t<span class=\"elementor-button-content-wrapper\">\n\t\t\t\t\t\t<span class=\"elementor-button-icon\">\n\t\t\t\t<i aria-hidden=\"true\" class=\"icon icon-arrow-left\"><\/i>\t\t\t<\/span>\n\t\t\t\t\t\t\t\t\t<span class=\"elementor-button-text\">Noticias<\/span>\n\t\t\t\t\t<\/span>\n\t\t\t\t\t<\/a>\n\t\t\t\t<\/div>\n\t\t\t\t\t\t\t\t<\/div>\n\t\t\t\t<\/div>\n\t\t\t\t\t<\/div>\n\t\t<\/div>\n\t\t\t\t<div class=\"elementor-column elementor-col-50 elementor-inner-column elementor-element elementor-element-4504c461 content-page__content\" data-id=\"4504c461\" data-element_type=\"column\" data-e-type=\"column\">\n\t\t\t<div class=\"elementor-widget-wrap elementor-element-populated\">\n\t\t\t\t\t\t<div class=\"elementor-element elementor-element-1e264deb elementor-widget elementor-widget-theme-post-title elementor-page-title elementor-widget-heading\" data-id=\"1e264deb\" data-element_type=\"widget\" data-e-type=\"widget\" data-widget_type=\"theme-post-title.default\">\n\t\t\t\t<div class=\"elementor-widget-container\">\n\t\t\t\t\t<h1 class=\"elementor-heading-title elementor-size-default\">VIDEO: Cornyn denuncia la inacci\u00f3n del Comit\u00e9 Judicial ante la expiraci\u00f3n del T\u00edtulo 42<\/h1>\t\t\t\t<\/div>\n\t\t\t\t<\/div>\n\t\t\t\t<div class=\"elementor-element elementor-element-f8de1f elementor-widget-divider--view-line elementor-widget elementor-widget-divider\" data-id=\"f8de1f\" data-element_type=\"widget\" data-e-type=\"widget\" data-widget_type=\"divider.default\">\n\t\t\t\t<div class=\"elementor-widget-container\">\n\t\t\t\t\t\t\t<div class=\"elementor-divider\">\n\t\t\t<span class=\"elementor-divider-separator\">\n\t\t\t\t\t\t<\/span>\n\t\t<\/div>\n\t\t\t\t\t\t<\/div>\n\t\t\t\t<\/div>\n\t\t\t\t<div class=\"elementor-element elementor-element-231226c6 elementor-widget__width-initial elementor-widget-mobile__width-inherit elementor-widget elementor-widget-text-editor\" data-id=\"231226c6\" data-element_type=\"widget\" data-e-type=\"widget\" data-widget_type=\"text-editor.default\">\n\t\t\t\t<div class=\"elementor-widget-container\">\n\t\t\t\t\t\t\t\t\tMay 4, 2023\t\t\t\t\t\t\t\t<\/div>\n\t\t\t\t<\/div>\n\t\t\t\t<div class=\"elementor-element elementor-element-187cb599 elementor-share-buttons--view-icon elementor-share-buttons--skin-flat elementor-share-buttons--shape-circle elementor-share-buttons--color-custom share-buttons elementor-widget__width-initial elementor-widget-mobile__width-inherit elementor-grid-0 elementor-widget elementor-widget-global elementor-global-33223 elementor-global-401 elementor-widget-share-buttons\" data-id=\"187cb599\" data-element_type=\"widget\" data-e-type=\"widget\" title=\"Share\" data-widget_type=\"share-buttons.default\">\n\t\t\t\t<div class=\"elementor-widget-container\">\n\t\t\t\t\t\t\t<div class=\"elementor-grid\" role=\"list\">\n\t\t\t\t\t\t\t\t<div class=\"elementor-grid-item\" role=\"listitem\">\n\t\t\t\t\t\t<div class=\"elementor-share-btn elementor-share-btn_email\" role=\"button\" tabindex=\"0\" aria-label=\"Share on email\">\n\t\t\t\t\t\t\t\t\t\t\t\t\t\t\t<span class=\"elementor-share-btn__icon\">\n\t\t\t\t\t\t\t\t<i class=\"fas fa-envelope\" aria-hidden=\"true\"><\/i>\t\t\t\t\t\t\t<\/span>\n\t\t\t\t\t\t\t\t\t\t\t\t\t\t\t\t\t\t\t\t<\/div>\n\t\t\t\t\t<\/div>\n\t\t\t\t\t\t\t\t\t<div class=\"elementor-grid-item\" role=\"listitem\">\n\t\t\t\t\t\t<div class=\"elementor-share-btn elementor-share-btn_linkedin\" role=\"button\" tabindex=\"0\" aria-label=\"Share on linkedin\">\n\t\t\t\t\t\t\t\t\t\t\t\t\t\t\t<span class=\"elementor-share-btn__icon\">\n\t\t\t\t\t\t\t\t<i class=\"fab fa-linkedin\" aria-hidden=\"true\"><\/i>\t\t\t\t\t\t\t<\/span>\n\t\t\t\t\t\t\t\t\t\t\t\t\t\t\t\t\t\t\t\t<\/div>\n\t\t\t\t\t<\/div>\n\t\t\t\t\t\t\t\t\t<div class=\"elementor-grid-item\" role=\"listitem\">\n\t\t\t\t\t\t<div class=\"elementor-share-btn elementor-share-btn_facebook\" role=\"button\" tabindex=\"0\" aria-label=\"Share on facebook\">\n\t\t\t\t\t\t\t\t\t\t\t\t\t\t\t<span class=\"elementor-share-btn__icon\">\n\t\t\t\t\t\t\t\t<i class=\"fab fa-facebook\" aria-hidden=\"true\"><\/i>\t\t\t\t\t\t\t<\/span>\n\t\t\t\t\t\t\t\t\t\t\t\t\t\t\t\t\t\t\t\t<\/div>\n\t\t\t\t\t<\/div>\n\t\t\t\t\t\t<\/div>\n\t\t\t\t\t\t<\/div>\n\t\t\t\t<\/div>\n\t\t\t\t<div class=\"elementor-element elementor-element-48059b54 elementor-blockquote--skin-boxed elementor-widget elementor-widget-blockquote\" data-id=\"48059b54\" data-element_type=\"widget\" data-e-type=\"widget\" data-widget_type=\"blockquote.default\">\n\t\t\t\t<div class=\"elementor-widget-container\">\n\t\t\t\t\t\t\t<blockquote class=\"elementor-blockquote\">\n\t\t\t<p class=\"elementor-blockquote__content\">\n\t\t\t\tDentro de una semana expira el T\u00edtulo 42, y la Comisi\u00f3n Judicial del Senado, competente en materia de inmigraci\u00f3n, ha guardado un extra\u00f1o silencio. <br><br>\n\nEl hecho es que lo que ahora es una avalancha de humanidad que cruza la frontera se va a convertir en un tsunami. <br><br>\n\nNo s\u00e9 qu\u00e9 hace falta para que el sentimiento de indignaci\u00f3n de la gente se manifieste en alguna acci\u00f3n.\t\t\t<\/p>\n\t\t\t\t\t<\/blockquote>\n\t\t\t\t\t\t<\/div>\n\t\t\t\t<\/div>\n\t\t\t\t<div class=\"elementor-element elementor-element-1441fb29 elementor-widget elementor-widget-text-editor\" data-id=\"1441fb29\" data-element_type=\"widget\" data-e-type=\"widget\" data-widget_type=\"text-editor.default\">\n\t\t\t\t<div class=\"elementor-widget-container\">\n\t\t\t\t\t\t\t\t\t<p><strong>WASHINGTON<\/strong> &#8211; Hoy en el Comit\u00e9 Judicial del Senado, el senador John Cornyn (R-TX) inst\u00f3 a sus colegas dem\u00f3cratas en el Comit\u00e9, que tiene jurisdicci\u00f3n sobre la pol\u00edtica de inmigraci\u00f3n, a trabajar sobre una base bipartidista para abordar finalmente la crisis fronteriza antes de que expire el T\u00edtulo 42. A continuaci\u00f3n se ofrecen extractos, y el v\u00eddeo puede verse <a href=\"https:\/\/youtu.be\/umfLrCEgzSk\">aqu\u00ed<\/a>.<\/p>\n<p><em>&#8220;Dentro de una semana expira el T\u00edtulo 42, y el Comit\u00e9 Judicial del Senado, que tiene jurisdicci\u00f3n sobre asuntos de inmigraci\u00f3n, ha estado extra\u00f1amente silencioso. He estado tratando de trabajar con&#8230; cualquiera que quiera hablar sobre c\u00f3mo lidiar con nuestro sistema de inmigraci\u00f3n roto.&#8221;<\/em><\/p>\n<p><em>&#8220;El hecho es que lo que ahora es una avalancha de humanidad que cruza la frontera se va a convertir en un tsunami la semana que viene&#8221;.<\/em><\/p>\n<p><em>&#8220;El gobierno de Biden sab\u00eda desde hace al menos dos a\u00f1os que llegar\u00eda este d\u00eda y no estaba preparado para ello. Parte de ello es la impresi\u00f3n de que la frontera est\u00e1 abierta, y luego el Secretario de Seguridad Nacional y el secretario de prensa del Presidente de Estados Unidos dicen que la frontera es segura. Eso es manifiestamente falso&#8221;.<\/em><\/p>\n<p><em>&#8220;Tengo cero confianza en que los nuevos procedimientos que la administraci\u00f3n est\u00e1 poniendo en marcha &#8211; donde los casos de asilo pueden ser manejados a trav\u00e9s de los puertos de entrada, y la gente puede aplicar el uso de una aplicaci\u00f3n en su tel\u00e9fono &#8211; a menos que la administraci\u00f3n Biden realmente va a seguir adelante con las expulsiones aceleradas en lugar del T\u00edtulo 42, esto no va a funcionar.&#8221;<\/em><\/p>\n<p><em>&#8220;No s\u00e9 qu\u00e9 hace falta para que el sentimiento de indignaci\u00f3n de la gente se manifieste en alguna acci\u00f3n&#8221;.<\/em><\/p>\n<p><em>&#8220;Esta es la comisi\u00f3n competente. No s\u00e9 por qu\u00e9 no lo abordamos&#8221;.<\/em><\/p>\n<p><em>&#8220;Tenemos que hacerlo mejor&#8221;.<\/em><\/p>\n\t\t\t\t\t\t\t\t<\/div>\n\t\t\t\t<\/div>\n\t\t\t\t\t<\/div>\n\t\t<\/div>\n\t\t\t\t\t<\/div>\n\t\t<\/section>\n\t\t\t\t\t<\/div>\n\t\t<\/div>\n\t\t\t\t\t<\/div>\n\t\t<\/section>\n\t\t\t\t<\/div>\n\t\t","protected":false},"author":2,"template":"","news-type":[161],"issues":[171],"class_list":["post-37924","news","type-news","status-publish","hentry","news-type-press-releases-es-mx","issues-immigration-border-security-es-mx"],"acf":[],"yoast_head":"<!-- This site is optimized with the Yoast SEO plugin v27.2 - https:\/\/yoast.com\/product\/yoast-seo-wordpress\/ -->\n<title>VIDEO: Cornyn denuncia la inacci\u00f3n del Comit\u00e9 Judicial ante la expiraci\u00f3n del T\u00edtulo 42 - Senator Cornyn<\/title>\n<meta name=\"description\" content=\"En el Comit\u00e9 Judicial, el senador Cornyn inst\u00f3 a los dem\u00f3cratas a trabajar de forma bipartidista para abordar por fin la crisis fronteriza antes de que expire el T\u00edtulo 42.\" \/>\n<meta name=\"robots\" content=\"index, follow, max-snippet:-1, max-image-preview:large, max-video-preview:-1\" \/>\n<link rel=\"canonical\" href=\"https:\/\/www.cornyn.senate.gov\/es-mx\/news\/video-cornyn-denuncia-la-inaccion-del-comite-judicial-ante-la-expiracion-del-titulo-42\/\" \/>\n<meta property=\"og:locale\" content=\"es_MX\" \/>\n<meta property=\"og:type\" content=\"article\" \/>\n<meta property=\"og:title\" content=\"VIDEO: Cornyn denuncia la inacci\u00f3n del Comit\u00e9 Judicial ante la expiraci\u00f3n del T\u00edtulo 42 - Senator Cornyn\" \/>\n<meta property=\"og:description\" content=\"En el Comit\u00e9 Judicial, el senador Cornyn inst\u00f3 a los dem\u00f3cratas a trabajar de forma bipartidista para abordar por fin la crisis fronteriza antes de que expire el T\u00edtulo 42.\" \/>\n<meta property=\"og:url\" content=\"https:\/\/www.cornyn.senate.gov\/es-mx\/news\/video-cornyn-denuncia-la-inaccion-del-comite-judicial-ante-la-expiracion-del-titulo-42\/\" \/>\n<meta property=\"og:site_name\" content=\"Senator Cornyn\" \/>\n<meta property=\"article:publisher\" content=\"https:\/\/www.facebook.com\/SenJohnCornyn\" \/>\n<meta property=\"article:modified_time\" content=\"2023-05-04T15:07:57+00:00\" \/>\n<meta property=\"og:image\" content=\"https:\/\/www.cornyn.senate.gov\/wp-content\/uploads\/2023\/11\/Twitter-Card-Dec-23-1024x535.png\" \/>\n\t<meta property=\"og:image:width\" content=\"1024\" \/>\n\t<meta property=\"og:image:height\" content=\"535\" \/>\n\t<meta property=\"og:image:type\" content=\"image\/png\" \/>\n<meta name=\"twitter:card\" content=\"summary_large_image\" \/>\n<meta name=\"twitter:site\" content=\"@johncornyn\" \/>\n<meta name=\"twitter:label1\" content=\"Est. reading time\" \/>\n\t<meta name=\"twitter:data1\" content=\"2 minutes\" \/>\n<script type=\"application\/ld+json\" class=\"yoast-schema-graph\">{\"@context\":\"https:\/\/schema.org\",\"@graph\":[{\"@type\":\"WebPage\",\"@id\":\"https:\/\/www.cornyn.senate.gov\/es-mx\/news\/video-cornyn-denuncia-la-inaccion-del-comite-judicial-ante-la-expiracion-del-titulo-42\/\",\"url\":\"https:\/\/www.cornyn.senate.gov\/es-mx\/news\/video-cornyn-denuncia-la-inaccion-del-comite-judicial-ante-la-expiracion-del-titulo-42\/\",\"name\":\"VIDEO: Cornyn denuncia la inacci\u00f3n del Comit\u00e9 Judicial ante la expiraci\u00f3n del T\u00edtulo 42 - Senator Cornyn\",\"isPartOf\":{\"@id\":\"https:\/\/www.cornyn.senate.gov\/es-mx\/#website\"},\"datePublished\":\"2023-05-04T15:01:23+00:00\",\"dateModified\":\"2023-05-04T15:07:57+00:00\",\"description\":\"En el Comit\u00e9 Judicial, el senador Cornyn inst\u00f3 a los dem\u00f3cratas a trabajar de forma bipartidista para abordar por fin la crisis fronteriza antes de que expire el T\u00edtulo 42.\",\"breadcrumb\":{\"@id\":\"https:\/\/www.cornyn.senate.gov\/es-mx\/news\/video-cornyn-denuncia-la-inaccion-del-comite-judicial-ante-la-expiracion-del-titulo-42\/#breadcrumb\"},\"inLanguage\":\"es-MX\",\"potentialAction\":[{\"@type\":\"ReadAction\",\"target\":[\"https:\/\/www.cornyn.senate.gov\/es-mx\/news\/video-cornyn-denuncia-la-inaccion-del-comite-judicial-ante-la-expiracion-del-titulo-42\/\"]}]},{\"@type\":\"BreadcrumbList\",\"@id\":\"https:\/\/www.cornyn.senate.gov\/es-mx\/news\/video-cornyn-denuncia-la-inaccion-del-comite-judicial-ante-la-expiracion-del-titulo-42\/#breadcrumb\",\"itemListElement\":[{\"@type\":\"ListItem\",\"position\":1,\"name\":\"Home\",\"item\":\"https:\/\/www.cornyn.senate.gov\/es-mx\/\"},{\"@type\":\"ListItem\",\"position\":2,\"name\":\"News\",\"item\":\"https:\/\/www.cornyn.senate.gov\/es-mx\/news\/\"},{\"@type\":\"ListItem\",\"position\":3,\"name\":\"VIDEO: Cornyn denuncia la inacci\u00f3n del Comit\u00e9 Judicial ante la expiraci\u00f3n del T\u00edtulo 42\"}]},{\"@type\":\"WebSite\",\"@id\":\"https:\/\/www.cornyn.senate.gov\/es-mx\/#website\",\"url\":\"https:\/\/www.cornyn.senate.gov\/es-mx\/\",\"name\":\"Senator Cornyn\",\"description\":\"\",\"publisher\":{\"@id\":\"https:\/\/www.cornyn.senate.gov\/es-mx\/#organization\"},\"potentialAction\":[{\"@type\":\"SearchAction\",\"target\":{\"@type\":\"EntryPoint\",\"urlTemplate\":\"https:\/\/www.cornyn.senate.gov\/es-mx\/?s={search_term_string}\"},\"query-input\":{\"@type\":\"PropertyValueSpecification\",\"valueRequired\":true,\"valueName\":\"search_term_string\"}}],\"inLanguage\":\"es-MX\"},{\"@type\":\"Organization\",\"@id\":\"https:\/\/www.cornyn.senate.gov\/es-mx\/#organization\",\"name\":\"Senator Cornyn\",\"url\":\"https:\/\/www.cornyn.senate.gov\/es-mx\/\",\"logo\":{\"@type\":\"ImageObject\",\"inLanguage\":\"es-MX\",\"@id\":\"https:\/\/www.cornyn.senate.gov\/es-mx\/#\/schema\/logo\/image\/\",\"url\":\"https:\/\/www.cornyn.senate.gov\/wp-content\/uploads\/2022\/01\/Logo-2.svg\",\"contentUrl\":\"https:\/\/www.cornyn.senate.gov\/wp-content\/uploads\/2022\/01\/Logo-2.svg\",\"caption\":\"Senator Cornyn\"},\"image\":{\"@id\":\"https:\/\/www.cornyn.senate.gov\/es-mx\/#\/schema\/logo\/image\/\"},\"sameAs\":[\"https:\/\/www.facebook.com\/SenJohnCornyn\",\"https:\/\/x.com\/johncornyn\"]}]}<\/script>\n<!-- \/ Yoast SEO plugin. -->","yoast_head_json":{"title":"VIDEO: Cornyn denuncia la inacci\u00f3n del Comit\u00e9 Judicial ante la expiraci\u00f3n del T\u00edtulo 42 - Senator Cornyn","description":"En el Comit\u00e9 Judicial, el senador Cornyn inst\u00f3 a los dem\u00f3cratas a trabajar de forma bipartidista para abordar por fin la crisis fronteriza antes de que expire el T\u00edtulo 42.","robots":{"index":"index","follow":"follow","max-snippet":"max-snippet:-1","max-image-preview":"max-image-preview:large","max-video-preview":"max-video-preview:-1"},"canonical":"https:\/\/www.cornyn.senate.gov\/es-mx\/news\/video-cornyn-denuncia-la-inaccion-del-comite-judicial-ante-la-expiracion-del-titulo-42\/","og_locale":"es_MX","og_type":"article","og_title":"VIDEO: Cornyn denuncia la inacci\u00f3n del Comit\u00e9 Judicial ante la expiraci\u00f3n del T\u00edtulo 42 - Senator Cornyn","og_description":"En el Comit\u00e9 Judicial, el senador Cornyn inst\u00f3 a los dem\u00f3cratas a trabajar de forma bipartidista para abordar por fin la crisis fronteriza antes de que expire el T\u00edtulo 42.","og_url":"https:\/\/www.cornyn.senate.gov\/es-mx\/news\/video-cornyn-denuncia-la-inaccion-del-comite-judicial-ante-la-expiracion-del-titulo-42\/","og_site_name":"Senator Cornyn","article_publisher":"https:\/\/www.facebook.com\/SenJohnCornyn","article_modified_time":"2023-05-04T15:07:57+00:00","og_image":[{"width":1024,"height":535,"url":"https:\/\/www.cornyn.senate.gov\/wp-content\/uploads\/2023\/11\/Twitter-Card-Dec-23-1024x535.png","type":"image\/png"}],"twitter_card":"summary_large_image","twitter_site":"@johncornyn","twitter_misc":{"Est. reading time":"2 minutes"},"schema":{"@context":"https:\/\/schema.org","@graph":[{"@type":"WebPage","@id":"https:\/\/www.cornyn.senate.gov\/es-mx\/news\/video-cornyn-denuncia-la-inaccion-del-comite-judicial-ante-la-expiracion-del-titulo-42\/","url":"https:\/\/www.cornyn.senate.gov\/es-mx\/news\/video-cornyn-denuncia-la-inaccion-del-comite-judicial-ante-la-expiracion-del-titulo-42\/","name":"VIDEO: Cornyn denuncia la inacci\u00f3n del Comit\u00e9 Judicial ante la expiraci\u00f3n del T\u00edtulo 42 - Senator Cornyn","isPartOf":{"@id":"https:\/\/www.cornyn.senate.gov\/es-mx\/#website"},"datePublished":"2023-05-04T15:01:23+00:00","dateModified":"2023-05-04T15:07:57+00:00","description":"En el Comit\u00e9 Judicial, el senador Cornyn inst\u00f3 a los dem\u00f3cratas a trabajar de forma bipartidista para abordar por fin la crisis fronteriza antes de que expire el T\u00edtulo 42.","breadcrumb":{"@id":"https:\/\/www.cornyn.senate.gov\/es-mx\/news\/video-cornyn-denuncia-la-inaccion-del-comite-judicial-ante-la-expiracion-del-titulo-42\/#breadcrumb"},"inLanguage":"es-MX","potentialAction":[{"@type":"ReadAction","target":["https:\/\/www.cornyn.senate.gov\/es-mx\/news\/video-cornyn-denuncia-la-inaccion-del-comite-judicial-ante-la-expiracion-del-titulo-42\/"]}]},{"@type":"BreadcrumbList","@id":"https:\/\/www.cornyn.senate.gov\/es-mx\/news\/video-cornyn-denuncia-la-inaccion-del-comite-judicial-ante-la-expiracion-del-titulo-42\/#breadcrumb","itemListElement":[{"@type":"ListItem","position":1,"name":"Home","item":"https:\/\/www.cornyn.senate.gov\/es-mx\/"},{"@type":"ListItem","position":2,"name":"News","item":"https:\/\/www.cornyn.senate.gov\/es-mx\/news\/"},{"@type":"ListItem","position":3,"name":"VIDEO: Cornyn denuncia la inacci\u00f3n del Comit\u00e9 Judicial ante la expiraci\u00f3n del T\u00edtulo 42"}]},{"@type":"WebSite","@id":"https:\/\/www.cornyn.senate.gov\/es-mx\/#website","url":"https:\/\/www.cornyn.senate.gov\/es-mx\/","name":"Senator Cornyn","description":"","publisher":{"@id":"https:\/\/www.cornyn.senate.gov\/es-mx\/#organization"},"potentialAction":[{"@type":"SearchAction","target":{"@type":"EntryPoint","urlTemplate":"https:\/\/www.cornyn.senate.gov\/es-mx\/?s={search_term_string}"},"query-input":{"@type":"PropertyValueSpecification","valueRequired":true,"valueName":"search_term_string"}}],"inLanguage":"es-MX"},{"@type":"Organization","@id":"https:\/\/www.cornyn.senate.gov\/es-mx\/#organization","name":"Senator Cornyn","url":"https:\/\/www.cornyn.senate.gov\/es-mx\/","logo":{"@type":"ImageObject","inLanguage":"es-MX","@id":"https:\/\/www.cornyn.senate.gov\/es-mx\/#\/schema\/logo\/image\/","url":"https:\/\/www.cornyn.senate.gov\/wp-content\/uploads\/2022\/01\/Logo-2.svg","contentUrl":"https:\/\/www.cornyn.senate.gov\/wp-content\/uploads\/2022\/01\/Logo-2.svg","caption":"Senator Cornyn"},"image":{"@id":"https:\/\/www.cornyn.senate.gov\/es-mx\/#\/schema\/logo\/image\/"},"sameAs":["https:\/\/www.facebook.com\/SenJohnCornyn","https:\/\/x.com\/johncornyn"]}]}},"_links":{"self":[{"href":"https:\/\/www.cornyn.senate.gov\/es-mx\/wp-json\/wp\/v2\/news\/37924","targetHints":{"allow":["GET"]}}],"collection":[{"href":"https:\/\/www.cornyn.senate.gov\/es-mx\/wp-json\/wp\/v2\/news"}],"about":[{"href":"https:\/\/www.cornyn.senate.gov\/es-mx\/wp-json\/wp\/v2\/types\/news"}],"author":[{"embeddable":true,"href":"https:\/\/www.cornyn.senate.gov\/es-mx\/wp-json\/wp\/v2\/users\/2"}],"version-history":[{"count":1,"href":"https:\/\/www.cornyn.senate.gov\/es-mx\/wp-json\/wp\/v2\/news\/37924\/revisions"}],"predecessor-version":[{"id":37926,"href":"https:\/\/www.cornyn.senate.gov\/es-mx\/wp-json\/wp\/v2\/news\/37924\/revisions\/37926"}],"wp:attachment":[{"href":"https:\/\/www.cornyn.senate.gov\/es-mx\/wp-json\/wp\/v2\/media?parent=37924"}],"wp:term":[{"taxonomy":"news-type","embeddable":true,"href":"https:\/\/www.cornyn.senate.gov\/es-mx\/wp-json\/wp\/v2\/news-type?post=37924"},{"taxonomy":"issues","embeddable":true,"href":"https:\/\/www.cornyn.senate.gov\/es-mx\/wp-json\/wp\/v2\/issues?post=37924"}],"curies":[{"name":"wp","href":"https:\/\/api.w.org\/{rel}","templated":true}]}}