{"id":38090,"date":"2023-05-10T15:23:27","date_gmt":"2023-05-10T19:23:27","guid":{"rendered":"https:\/\/www.cornyn.senate.gov\/news\/cornyn-presenta-una-resolucion-para-conmemorar-el-mes-nacional-de-la-prevencion-del-maltrato-infantil\/"},"modified":"2023-05-10T17:57:25","modified_gmt":"2023-05-10T21:57:25","slug":"cornyn-presenta-una-resolucion-para-conmemorar-el-mes-nacional-de-la-prevencion-del-maltrato-infantil","status":"publish","type":"news","link":"https:\/\/www.cornyn.senate.gov\/es-mx\/news\/cornyn-presenta-una-resolucion-para-conmemorar-el-mes-nacional-de-la-prevencion-del-maltrato-infantil\/","title":{"rendered":"Cornyn presenta una resoluci\u00f3n para conmemorar el Mes nacional de la prevenci\u00f3n del maltrato infantil"},"content":{"rendered":"\t\t<div data-elementor-type=\"wp-post\" data-elementor-id=\"38090\" class=\"elementor elementor-38090 elementor-38056\" data-elementor-post-type=\"news\">\n\t\t\t\t\t\t<section class=\"elementor-section elementor-top-section elementor-element elementor-element-f143a3a elementor-section-boxed elementor-section-height-default elementor-section-height-default\" data-id=\"f143a3a\" data-element_type=\"section\" data-e-type=\"section\">\n\t\t\t\t\t\t<div class=\"elementor-container elementor-column-gap-default\">\n\t\t\t\t\t<div class=\"elementor-column elementor-col-100 elementor-top-column elementor-element elementor-element-7710d3a8\" data-id=\"7710d3a8\" data-element_type=\"column\" data-e-type=\"column\">\n\t\t\t<div class=\"elementor-widget-wrap elementor-element-populated\">\n\t\t\t\t\t\t<section class=\"elementor-section elementor-inner-section elementor-element elementor-element-7c7b9075 elementor-section-boxed elementor-section-height-default elementor-section-height-default\" data-id=\"7c7b9075\" data-element_type=\"section\" data-e-type=\"section\">\n\t\t\t\t\t\t<div class=\"elementor-container elementor-column-gap-default\">\n\t\t\t\t\t<div class=\"elementor-column elementor-col-50 elementor-inner-column elementor-element elementor-element-5ea3a542\" data-id=\"5ea3a542\" data-element_type=\"column\" data-e-type=\"column\">\n\t\t\t<div class=\"elementor-widget-wrap elementor-element-populated\">\n\t\t\t\t\t\t<div class=\"elementor-element elementor-element-43681a28 breadcrumb--back elementor-widget elementor-widget-button\" data-id=\"43681a28\" data-element_type=\"widget\" data-e-type=\"widget\" data-widget_type=\"button.default\">\n\t\t\t\t<div class=\"elementor-widget-container\">\n\t\t\t\t\t\t\t\t\t<div class=\"elementor-button-wrapper\">\n\t\t\t\t\t<a class=\"elementor-button elementor-button-link elementor-size-sm\" href=\"\/noticias\/\">\n\t\t\t\t\t\t<span class=\"elementor-button-content-wrapper\">\n\t\t\t\t\t\t<span class=\"elementor-button-icon\">\n\t\t\t\t<i aria-hidden=\"true\" class=\"icon icon-arrow-left\"><\/i>\t\t\t<\/span>\n\t\t\t\t\t\t\t\t\t<span class=\"elementor-button-text\">Noticias<\/span>\n\t\t\t\t\t<\/span>\n\t\t\t\t\t<\/a>\n\t\t\t\t<\/div>\n\t\t\t\t\t\t\t\t<\/div>\n\t\t\t\t<\/div>\n\t\t\t\t\t<\/div>\n\t\t<\/div>\n\t\t\t\t<div class=\"elementor-column elementor-col-50 elementor-inner-column elementor-element elementor-element-4777c0f3 content-page__content\" data-id=\"4777c0f3\" data-element_type=\"column\" data-e-type=\"column\">\n\t\t\t<div class=\"elementor-widget-wrap elementor-element-populated\">\n\t\t\t\t\t\t<div class=\"elementor-element elementor-element-d07c27 elementor-widget elementor-widget-theme-post-title elementor-page-title elementor-widget-heading\" data-id=\"d07c27\" data-element_type=\"widget\" data-e-type=\"widget\" data-widget_type=\"theme-post-title.default\">\n\t\t\t\t<div class=\"elementor-widget-container\">\n\t\t\t\t\t<h1 class=\"elementor-heading-title elementor-size-default\">Cornyn presenta una resoluci\u00f3n para conmemorar el Mes nacional de la prevenci\u00f3n del maltrato infantil<\/h1>\t\t\t\t<\/div>\n\t\t\t\t<\/div>\n\t\t\t\t<div class=\"elementor-element elementor-element-fa42bcd elementor-widget-divider--view-line elementor-widget elementor-widget-divider\" data-id=\"fa42bcd\" data-element_type=\"widget\" data-e-type=\"widget\" data-widget_type=\"divider.default\">\n\t\t\t\t<div class=\"elementor-widget-container\">\n\t\t\t\t\t\t\t<div class=\"elementor-divider\">\n\t\t\t<span class=\"elementor-divider-separator\">\n\t\t\t\t\t\t<\/span>\n\t\t<\/div>\n\t\t\t\t\t\t<\/div>\n\t\t\t\t<\/div>\n\t\t\t\t<div class=\"elementor-element elementor-element-5037fab6 elementor-widget__width-initial elementor-widget-mobile__width-inherit elementor-widget elementor-widget-text-editor\" data-id=\"5037fab6\" data-element_type=\"widget\" data-e-type=\"widget\" data-widget_type=\"text-editor.default\">\n\t\t\t\t<div class=\"elementor-widget-container\">\n\t\t\t\t\t\t\t\t\tMay 10, 2023\t\t\t\t\t\t\t\t<\/div>\n\t\t\t\t<\/div>\n\t\t\t\t<div class=\"elementor-element elementor-element-2f62208a elementor-share-buttons--view-icon elementor-share-buttons--skin-flat elementor-share-buttons--shape-circle elementor-share-buttons--color-custom share-buttons elementor-widget__width-initial elementor-widget-mobile__width-inherit elementor-grid-0 elementor-widget elementor-widget-share-buttons\" data-id=\"2f62208a\" data-element_type=\"widget\" data-e-type=\"widget\" title=\"Share\" data-widget_type=\"share-buttons.default\">\n\t\t\t\t<div class=\"elementor-widget-container\">\n\t\t\t\t\t\t\t<div class=\"elementor-grid\" role=\"list\">\n\t\t\t\t\t\t\t\t<div class=\"elementor-grid-item\" role=\"listitem\">\n\t\t\t\t\t\t<div class=\"elementor-share-btn elementor-share-btn_email\" role=\"button\" tabindex=\"0\" aria-label=\"Share on email\">\n\t\t\t\t\t\t\t\t\t\t\t\t\t\t\t<span class=\"elementor-share-btn__icon\">\n\t\t\t\t\t\t\t\t<i class=\"fas fa-envelope\" aria-hidden=\"true\"><\/i>\t\t\t\t\t\t\t<\/span>\n\t\t\t\t\t\t\t\t\t\t\t\t\t\t\t\t\t\t\t\t<\/div>\n\t\t\t\t\t<\/div>\n\t\t\t\t\t\t\t\t\t<div class=\"elementor-grid-item\" role=\"listitem\">\n\t\t\t\t\t\t<div class=\"elementor-share-btn elementor-share-btn_linkedin\" role=\"button\" tabindex=\"0\" aria-label=\"Share on linkedin\">\n\t\t\t\t\t\t\t\t\t\t\t\t\t\t\t<span class=\"elementor-share-btn__icon\">\n\t\t\t\t\t\t\t\t<i class=\"fab fa-linkedin\" aria-hidden=\"true\"><\/i>\t\t\t\t\t\t\t<\/span>\n\t\t\t\t\t\t\t\t\t\t\t\t\t\t\t\t\t\t\t\t<\/div>\n\t\t\t\t\t<\/div>\n\t\t\t\t\t\t\t\t\t<div class=\"elementor-grid-item\" role=\"listitem\">\n\t\t\t\t\t\t<div class=\"elementor-share-btn elementor-share-btn_facebook\" role=\"button\" tabindex=\"0\" aria-label=\"Share on facebook\">\n\t\t\t\t\t\t\t\t\t\t\t\t\t\t\t<span class=\"elementor-share-btn__icon\">\n\t\t\t\t\t\t\t\t<i class=\"fab fa-facebook\" aria-hidden=\"true\"><\/i>\t\t\t\t\t\t\t<\/span>\n\t\t\t\t\t\t\t\t\t\t\t\t\t\t\t\t\t\t\t\t<\/div>\n\t\t\t\t\t<\/div>\n\t\t\t\t\t\t<\/div>\n\t\t\t\t\t\t<\/div>\n\t\t\t\t<\/div>\n\t\t\t\t<div class=\"elementor-element elementor-element-281b639e elementor-widget elementor-widget-text-editor\" data-id=\"281b639e\" data-element_type=\"widget\" data-e-type=\"widget\" data-widget_type=\"text-editor.default\">\n\t\t\t\t<div class=\"elementor-widget-container\">\n\t\t\t\t\t\t\t\t\t<p><strong>WASHINGTON <\/strong>&#8211; El senador estadounidense John Cornyn (R-TX) encabez\u00f3 una resoluci\u00f3n con el senador Bob Casey (D-PA) expresando su apoyo al Mes Nacional de la Prevenci\u00f3n del Abuso Infantil en abril. A continuaci\u00f3n figura el texto de la resoluci\u00f3n.<\/p>\n<p>Expresar el apoyo a los objetivos e ideales del Mes Nacional de Prevenci\u00f3n del Maltrato Infantil.<\/p>\n<p>Considerando que los ni\u00f1os son fundamentales para el \u00e9xito de Estados Unidos y forjar\u00e1n su futuro;<\/p>\n<p>Considerando que los representantes electos y los l\u00edderes de las comunidades de los Estados Unidos deben estar siempre vigilantes y ser proactivos en el apoyo a los medios basados en la evidencia para prevenir el abuso y la negligencia infantil y apoyar a las familias;<\/p>\n<p>Considerando que las experiencias infantiles adversas (denominadas en este pre\u00e1mbulo &#8220;ACEs&#8221;) son experiencias traum\u00e1ticas que ocurren durante la infancia con efectos duraderos e incluyen experiencias de violencia, abuso o negligencia;<\/p>\n<p>Mientras que al menos 5 de las 10 principales causas de muerte est\u00e1n asociadas a las ACE;<\/p>\n<p>Considerando que la prevenci\u00f3n de las ACEs podr\u00eda reducir muchas condiciones de salud, incluyendo-<\/p>\n<p style=\"padding-left: 80px;\">(1) hasta 21.000.000 de casos de depresi\u00f3n;<\/p>\n<p style=\"padding-left: 80px;\">(2) hasta 1.900.000 casos de cardiopat\u00edas; y<\/p>\n<p style=\"padding-left: 80px;\">(3) hasta 2.500.000 casos de sobrepeso y obesidad;<\/p>\n<p>Considerando que cada ni\u00f1o est\u00e1 lleno de enormes promesas, y que todos tenemos la responsabilidad colectiva de prevenir las ACE, fomentar el potencial de cada ni\u00f1o y promover experiencias infantiles positivas;<\/p>\n<p>Considerando que las inversiones en la prevenci\u00f3n primaria del maltrato y el abandono infantil merecen la pena, ya que los estudios demuestran que la carga econ\u00f3mica total de por vida asociada al tratamiento de las consecuencias del maltrato infantil es de aproximadamente 2.000.000.000.000 de d\u00f3lares;<\/p>\n<p>Considerando que, en 2021, se estima que 7.176.600 ni\u00f1os fueron remitidos a los organismos de servicios de protecci\u00f3n de la infancia, alegando malos tratos;<\/p>\n<p>Considerando que, en 2022, la CyberTipline del Centro Nacional para Menores Desaparecidos y Explotados recibi\u00f3 m\u00e1s de 32.000.000 de denuncias de presunta explotaci\u00f3n sexual infantil en l\u00ednea, lo que supuso el mayor n\u00famero de denuncias jam\u00e1s recibido en un a\u00f1o;<\/p>\n<p>Mientras que en 2021 se denunciaron 87.100.000 piezas de material de explotaci\u00f3n infantil;<\/p>\n<p>Mientras que los informes indican que 1 de cada 4 ni\u00f1as y 1 de cada 13 ni\u00f1os sufren abusos sexuales antes de cumplir los 18 a\u00f1os, se calcula que en Estados Unidos hay 42.000.000 de supervivientes de abusos sexuales a menores;<\/p>\n<p>Mientras que aproximadamente 1 de cada 7 ni\u00f1os en los Estados Unidos experiment\u00f3 abuso infantil, negligencia o ambos entre 2022 y 2023;<\/p>\n<p>Mientras que el 43% de los ni\u00f1os expuestos a contenidos sexuales inapropiados en las redes sociales son menores de 13 a\u00f1os, y 1 de cada 5 tiene 9 a\u00f1os o menos;<\/p>\n<p>Mientras que el 91% de las v\u00edctimas de abusos sexuales infantiles son maltratadas por una persona que conocen y en la que conf\u00edan;<\/p>\n<p>Mientras que los ni\u00f1os que sufren abusos sexuales, especialmente cuando no reciben el tratamiento y el apoyo adecuados, suelen sufrir secuelas de por vida, como problemas de salud f\u00edsica y mental y un mayor riesgo de drogadicci\u00f3n, alcoholismo y suicidio;<\/p>\n<p>Considerando que la educaci\u00f3n y la concienciaci\u00f3n sobre los posibles signos de maltrato y abandono infantil deben ser prioritarias a efectos de prevenci\u00f3n;<\/p>\n<p>Considerando que, al intervenir para prevenir la adversidad y fomentar la resiliencia durante los a\u00f1os m\u00e1s cr\u00edticos del desarrollo de un ni\u00f1o, los programas voluntarios de visitas a domicilio basados en pruebas han demostrado tener un impacto positivo en-.<\/p>\n<p style=\"padding-left: 80px; text-align: left;\">(1) reducir la recurrencia del maltrato y el abandono infantil;<\/p>\n<p style=\"padding-left: 80px; text-align: left;\">(2) disminuci\u00f3n de beb\u00e9s con bajo peso al nacer;<\/p>\n<p style=\"padding-left: 80px; text-align: left;\">(3) mejora de la preparaci\u00f3n escolar de los ni\u00f1os; y<\/p>\n<p style=\"padding-left: 80px; text-align: left;\">(4) aumento de las tasas de graduaci\u00f3n en la ense\u00f1anza secundaria: Por lo tanto<\/p>\n<p>Resuelto, que el Senado<\/p>\n<p style=\"padding-left: 40px;\">(1) expresa su apoyo a los objetivos e ideales del Mes Nacional de Prevenci\u00f3n del Maltrato Infantil;<\/p>\n<p style=\"padding-left: 40px;\">(2) reconoce que el maltrato y el abandono de menores y el abuso sexual infantil pueden prevenirse y que una sociedad sana y pr\u00f3spera depende de familias y comunidades fuertes;<\/p>\n<p style=\"padding-left: 40px;\">(3) apoye los esfuerzos para aumentar la concienciaci\u00f3n y proporcionar educaci\u00f3n al p\u00fablico en general de los Estados Unidos, con respecto a la prevenci\u00f3n del abuso y la negligencia infantil y la creaci\u00f3n de factores de protecci\u00f3n para las familias;<\/p>\n<p style=\"padding-left: 40px;\">(4) apoya los esfuerzos para ayudar a sanar a los supervivientes de abusos sexuales en la infancia;<\/p>\n<p style=\"padding-left: 40px;\">(5) apoye la justicia para las v\u00edctimas de abusos sexuales en la infancia; y<\/p>\n<p style=\"padding-left: 40px;\">(6) reconoce la necesidad de inversiones adicionales y de legislaci\u00f3n federal para los esfuerzos de prevenci\u00f3n, curaci\u00f3n y justicia relacionados con el abuso y la negligencia en la infancia y el abuso sexual.<\/p>\n\t\t\t\t\t\t\t\t<\/div>\n\t\t\t\t<\/div>\n\t\t\t\t\t<\/div>\n\t\t<\/div>\n\t\t\t\t\t<\/div>\n\t\t<\/section>\n\t\t\t\t\t<\/div>\n\t\t<\/div>\n\t\t\t\t\t<\/div>\n\t\t<\/section>\n\t\t\t\t<\/div>\n\t\t","protected":false},"author":2,"template":"","news-type":[161],"issues":[177],"class_list":["post-38090","news","type-news","status-publish","hentry","news-type-press-releases-es-mx","issues-crime-law-enforcement-es-mx"],"acf":[],"yoast_head":"<!-- This site is optimized with the Yoast SEO plugin v27.2 - https:\/\/yoast.com\/product\/yoast-seo-wordpress\/ -->\n<title>Cornyn presenta una resoluci\u00f3n para conmemorar el Mes nacional de la prevenci\u00f3n del maltrato infantil - Senator Cornyn<\/title>\n<meta name=\"robots\" content=\"index, follow, max-snippet:-1, max-image-preview:large, max-video-preview:-1\" \/>\n<link rel=\"canonical\" href=\"https:\/\/www.cornyn.senate.gov\/es-mx\/news\/cornyn-presenta-una-resolucion-para-conmemorar-el-mes-nacional-de-la-prevencion-del-maltrato-infantil\/\" \/>\n<meta property=\"og:locale\" content=\"es_MX\" \/>\n<meta property=\"og:type\" content=\"article\" \/>\n<meta property=\"og:title\" content=\"Cornyn presenta una resoluci\u00f3n para conmemorar el Mes nacional de la prevenci\u00f3n del maltrato infantil - Senator Cornyn\" \/>\n<meta property=\"og:description\" content=\"Noticias WASHINGTON &#8211; El senador estadounidense John Cornyn (R-TX) encabez\u00f3 una resoluci\u00f3n con el senador Bob Casey (D-PA) expresando su apoyo al Mes Nacional de la Prevenci\u00f3n del Abuso Infantil en abril. A continuaci\u00f3n figura el texto de la resoluci\u00f3n. Expresar el apoyo a los objetivos e ideales del Mes Nacional de Prevenci\u00f3n del Maltrato [&hellip;]\" \/>\n<meta property=\"og:url\" content=\"https:\/\/www.cornyn.senate.gov\/es-mx\/news\/cornyn-presenta-una-resolucion-para-conmemorar-el-mes-nacional-de-la-prevencion-del-maltrato-infantil\/\" \/>\n<meta property=\"og:site_name\" content=\"Senator Cornyn\" \/>\n<meta property=\"article:publisher\" content=\"https:\/\/www.facebook.com\/SenJohnCornyn\" \/>\n<meta property=\"article:modified_time\" content=\"2023-05-10T21:57:25+00:00\" \/>\n<meta property=\"og:image\" content=\"https:\/\/www.cornyn.senate.gov\/wp-content\/uploads\/2023\/11\/Twitter-Card-Dec-23-1024x535.png\" \/>\n\t<meta property=\"og:image:width\" content=\"1024\" \/>\n\t<meta property=\"og:image:height\" content=\"535\" \/>\n\t<meta property=\"og:image:type\" content=\"image\/png\" \/>\n<meta name=\"twitter:card\" content=\"summary_large_image\" \/>\n<meta name=\"twitter:site\" content=\"@johncornyn\" \/>\n<meta name=\"twitter:label1\" content=\"Est. reading time\" \/>\n\t<meta name=\"twitter:data1\" content=\"4 minutes\" \/>\n<script type=\"application\/ld+json\" class=\"yoast-schema-graph\">{\"@context\":\"https:\/\/schema.org\",\"@graph\":[{\"@type\":\"WebPage\",\"@id\":\"https:\/\/www.cornyn.senate.gov\/es-mx\/news\/cornyn-presenta-una-resolucion-para-conmemorar-el-mes-nacional-de-la-prevencion-del-maltrato-infantil\/\",\"url\":\"https:\/\/www.cornyn.senate.gov\/es-mx\/news\/cornyn-presenta-una-resolucion-para-conmemorar-el-mes-nacional-de-la-prevencion-del-maltrato-infantil\/\",\"name\":\"Cornyn presenta una resoluci\u00f3n para conmemorar el Mes nacional de la prevenci\u00f3n del maltrato infantil - Senator Cornyn\",\"isPartOf\":{\"@id\":\"https:\/\/www.cornyn.senate.gov\/es-mx\/#website\"},\"datePublished\":\"2023-05-10T19:23:27+00:00\",\"dateModified\":\"2023-05-10T21:57:25+00:00\",\"breadcrumb\":{\"@id\":\"https:\/\/www.cornyn.senate.gov\/es-mx\/news\/cornyn-presenta-una-resolucion-para-conmemorar-el-mes-nacional-de-la-prevencion-del-maltrato-infantil\/#breadcrumb\"},\"inLanguage\":\"es-MX\",\"potentialAction\":[{\"@type\":\"ReadAction\",\"target\":[\"https:\/\/www.cornyn.senate.gov\/es-mx\/news\/cornyn-presenta-una-resolucion-para-conmemorar-el-mes-nacional-de-la-prevencion-del-maltrato-infantil\/\"]}]},{\"@type\":\"BreadcrumbList\",\"@id\":\"https:\/\/www.cornyn.senate.gov\/es-mx\/news\/cornyn-presenta-una-resolucion-para-conmemorar-el-mes-nacional-de-la-prevencion-del-maltrato-infantil\/#breadcrumb\",\"itemListElement\":[{\"@type\":\"ListItem\",\"position\":1,\"name\":\"Home\",\"item\":\"https:\/\/www.cornyn.senate.gov\/es-mx\/\"},{\"@type\":\"ListItem\",\"position\":2,\"name\":\"News\",\"item\":\"https:\/\/www.cornyn.senate.gov\/es-mx\/news\/\"},{\"@type\":\"ListItem\",\"position\":3,\"name\":\"Cornyn presenta una resoluci\u00f3n para conmemorar el Mes nacional de la prevenci\u00f3n del maltrato infantil\"}]},{\"@type\":\"WebSite\",\"@id\":\"https:\/\/www.cornyn.senate.gov\/es-mx\/#website\",\"url\":\"https:\/\/www.cornyn.senate.gov\/es-mx\/\",\"name\":\"Senator Cornyn\",\"description\":\"\",\"publisher\":{\"@id\":\"https:\/\/www.cornyn.senate.gov\/es-mx\/#organization\"},\"potentialAction\":[{\"@type\":\"SearchAction\",\"target\":{\"@type\":\"EntryPoint\",\"urlTemplate\":\"https:\/\/www.cornyn.senate.gov\/es-mx\/?s={search_term_string}\"},\"query-input\":{\"@type\":\"PropertyValueSpecification\",\"valueRequired\":true,\"valueName\":\"search_term_string\"}}],\"inLanguage\":\"es-MX\"},{\"@type\":\"Organization\",\"@id\":\"https:\/\/www.cornyn.senate.gov\/es-mx\/#organization\",\"name\":\"Senator Cornyn\",\"url\":\"https:\/\/www.cornyn.senate.gov\/es-mx\/\",\"logo\":{\"@type\":\"ImageObject\",\"inLanguage\":\"es-MX\",\"@id\":\"https:\/\/www.cornyn.senate.gov\/es-mx\/#\/schema\/logo\/image\/\",\"url\":\"https:\/\/www.cornyn.senate.gov\/wp-content\/uploads\/2022\/01\/Logo-2.svg\",\"contentUrl\":\"https:\/\/www.cornyn.senate.gov\/wp-content\/uploads\/2022\/01\/Logo-2.svg\",\"caption\":\"Senator Cornyn\"},\"image\":{\"@id\":\"https:\/\/www.cornyn.senate.gov\/es-mx\/#\/schema\/logo\/image\/\"},\"sameAs\":[\"https:\/\/www.facebook.com\/SenJohnCornyn\",\"https:\/\/x.com\/johncornyn\"]}]}<\/script>\n<!-- \/ Yoast SEO plugin. -->","yoast_head_json":{"title":"Cornyn presenta una resoluci\u00f3n para conmemorar el Mes nacional de la prevenci\u00f3n del maltrato infantil - Senator Cornyn","robots":{"index":"index","follow":"follow","max-snippet":"max-snippet:-1","max-image-preview":"max-image-preview:large","max-video-preview":"max-video-preview:-1"},"canonical":"https:\/\/www.cornyn.senate.gov\/es-mx\/news\/cornyn-presenta-una-resolucion-para-conmemorar-el-mes-nacional-de-la-prevencion-del-maltrato-infantil\/","og_locale":"es_MX","og_type":"article","og_title":"Cornyn presenta una resoluci\u00f3n para conmemorar el Mes nacional de la prevenci\u00f3n del maltrato infantil - Senator Cornyn","og_description":"Noticias WASHINGTON &#8211; El senador estadounidense John Cornyn (R-TX) encabez\u00f3 una resoluci\u00f3n con el senador Bob Casey (D-PA) expresando su apoyo al Mes Nacional de la Prevenci\u00f3n del Abuso Infantil en abril. A continuaci\u00f3n figura el texto de la resoluci\u00f3n. Expresar el apoyo a los objetivos e ideales del Mes Nacional de Prevenci\u00f3n del Maltrato [&hellip;]","og_url":"https:\/\/www.cornyn.senate.gov\/es-mx\/news\/cornyn-presenta-una-resolucion-para-conmemorar-el-mes-nacional-de-la-prevencion-del-maltrato-infantil\/","og_site_name":"Senator Cornyn","article_publisher":"https:\/\/www.facebook.com\/SenJohnCornyn","article_modified_time":"2023-05-10T21:57:25+00:00","og_image":[{"width":1024,"height":535,"url":"https:\/\/www.cornyn.senate.gov\/wp-content\/uploads\/2023\/11\/Twitter-Card-Dec-23-1024x535.png","type":"image\/png"}],"twitter_card":"summary_large_image","twitter_site":"@johncornyn","twitter_misc":{"Est. reading time":"4 minutes"},"schema":{"@context":"https:\/\/schema.org","@graph":[{"@type":"WebPage","@id":"https:\/\/www.cornyn.senate.gov\/es-mx\/news\/cornyn-presenta-una-resolucion-para-conmemorar-el-mes-nacional-de-la-prevencion-del-maltrato-infantil\/","url":"https:\/\/www.cornyn.senate.gov\/es-mx\/news\/cornyn-presenta-una-resolucion-para-conmemorar-el-mes-nacional-de-la-prevencion-del-maltrato-infantil\/","name":"Cornyn presenta una resoluci\u00f3n para conmemorar el Mes nacional de la prevenci\u00f3n del maltrato infantil - Senator Cornyn","isPartOf":{"@id":"https:\/\/www.cornyn.senate.gov\/es-mx\/#website"},"datePublished":"2023-05-10T19:23:27+00:00","dateModified":"2023-05-10T21:57:25+00:00","breadcrumb":{"@id":"https:\/\/www.cornyn.senate.gov\/es-mx\/news\/cornyn-presenta-una-resolucion-para-conmemorar-el-mes-nacional-de-la-prevencion-del-maltrato-infantil\/#breadcrumb"},"inLanguage":"es-MX","potentialAction":[{"@type":"ReadAction","target":["https:\/\/www.cornyn.senate.gov\/es-mx\/news\/cornyn-presenta-una-resolucion-para-conmemorar-el-mes-nacional-de-la-prevencion-del-maltrato-infantil\/"]}]},{"@type":"BreadcrumbList","@id":"https:\/\/www.cornyn.senate.gov\/es-mx\/news\/cornyn-presenta-una-resolucion-para-conmemorar-el-mes-nacional-de-la-prevencion-del-maltrato-infantil\/#breadcrumb","itemListElement":[{"@type":"ListItem","position":1,"name":"Home","item":"https:\/\/www.cornyn.senate.gov\/es-mx\/"},{"@type":"ListItem","position":2,"name":"News","item":"https:\/\/www.cornyn.senate.gov\/es-mx\/news\/"},{"@type":"ListItem","position":3,"name":"Cornyn presenta una resoluci\u00f3n para conmemorar el Mes nacional de la prevenci\u00f3n del maltrato infantil"}]},{"@type":"WebSite","@id":"https:\/\/www.cornyn.senate.gov\/es-mx\/#website","url":"https:\/\/www.cornyn.senate.gov\/es-mx\/","name":"Senator Cornyn","description":"","publisher":{"@id":"https:\/\/www.cornyn.senate.gov\/es-mx\/#organization"},"potentialAction":[{"@type":"SearchAction","target":{"@type":"EntryPoint","urlTemplate":"https:\/\/www.cornyn.senate.gov\/es-mx\/?s={search_term_string}"},"query-input":{"@type":"PropertyValueSpecification","valueRequired":true,"valueName":"search_term_string"}}],"inLanguage":"es-MX"},{"@type":"Organization","@id":"https:\/\/www.cornyn.senate.gov\/es-mx\/#organization","name":"Senator Cornyn","url":"https:\/\/www.cornyn.senate.gov\/es-mx\/","logo":{"@type":"ImageObject","inLanguage":"es-MX","@id":"https:\/\/www.cornyn.senate.gov\/es-mx\/#\/schema\/logo\/image\/","url":"https:\/\/www.cornyn.senate.gov\/wp-content\/uploads\/2022\/01\/Logo-2.svg","contentUrl":"https:\/\/www.cornyn.senate.gov\/wp-content\/uploads\/2022\/01\/Logo-2.svg","caption":"Senator Cornyn"},"image":{"@id":"https:\/\/www.cornyn.senate.gov\/es-mx\/#\/schema\/logo\/image\/"},"sameAs":["https:\/\/www.facebook.com\/SenJohnCornyn","https:\/\/x.com\/johncornyn"]}]}},"_links":{"self":[{"href":"https:\/\/www.cornyn.senate.gov\/es-mx\/wp-json\/wp\/v2\/news\/38090","targetHints":{"allow":["GET"]}}],"collection":[{"href":"https:\/\/www.cornyn.senate.gov\/es-mx\/wp-json\/wp\/v2\/news"}],"about":[{"href":"https:\/\/www.cornyn.senate.gov\/es-mx\/wp-json\/wp\/v2\/types\/news"}],"author":[{"embeddable":true,"href":"https:\/\/www.cornyn.senate.gov\/es-mx\/wp-json\/wp\/v2\/users\/2"}],"version-history":[{"count":1,"href":"https:\/\/www.cornyn.senate.gov\/es-mx\/wp-json\/wp\/v2\/news\/38090\/revisions"}],"predecessor-version":[{"id":38092,"href":"https:\/\/www.cornyn.senate.gov\/es-mx\/wp-json\/wp\/v2\/news\/38090\/revisions\/38092"}],"wp:attachment":[{"href":"https:\/\/www.cornyn.senate.gov\/es-mx\/wp-json\/wp\/v2\/media?parent=38090"}],"wp:term":[{"taxonomy":"news-type","embeddable":true,"href":"https:\/\/www.cornyn.senate.gov\/es-mx\/wp-json\/wp\/v2\/news-type?post=38090"},{"taxonomy":"issues","embeddable":true,"href":"https:\/\/www.cornyn.senate.gov\/es-mx\/wp-json\/wp\/v2\/issues?post=38090"}],"curies":[{"name":"wp","href":"https:\/\/api.w.org\/{rel}","templated":true}]}}