{"id":39116,"date":"2023-06-12T13:24:47","date_gmt":"2023-06-12T17:24:47","guid":{"rendered":"https:\/\/www.cornyn.senate.gov\/news\/cornyn-y-sus-colegas-instan-al-gobierno-de-biden-a-publicar-directrices-para-destinar-los-fondos-de-ayuda-covid-no-utilizados-a-infraestructuras-y-catastrofes\/"},"modified":"2023-06-12T13:33:28","modified_gmt":"2023-06-12T17:33:28","slug":"cornyn-y-sus-colegas-instan-al-gobierno-de-biden-a-publicar-directrices-para-destinar-los-fondos-de-ayuda-covid-no-utilizados-a-infraestructuras-y-catastrofes","status":"publish","type":"news","link":"https:\/\/www.cornyn.senate.gov\/es-mx\/news\/cornyn-y-sus-colegas-instan-al-gobierno-de-biden-a-publicar-directrices-para-destinar-los-fondos-de-ayuda-covid-no-utilizados-a-infraestructuras-y-catastrofes\/","title":{"rendered":"Cornyn y sus colegas instan al Gobierno de Biden a publicar directrices para destinar los fondos de ayuda COVID no utilizados a infraestructuras y cat\u00e1strofes"},"content":{"rendered":"\t\t<div data-elementor-type=\"wp-post\" data-elementor-id=\"39116\" class=\"elementor elementor-39116 elementor-39080\" data-elementor-post-type=\"news\">\n\t\t\t\t\t\t<section class=\"elementor-section elementor-top-section elementor-element elementor-element-6c259ed elementor-section-boxed elementor-section-height-default elementor-section-height-default\" data-id=\"6c259ed\" data-element_type=\"section\" data-e-type=\"section\">\n\t\t\t\t\t\t<div class=\"elementor-container elementor-column-gap-default\">\n\t\t\t\t\t<div class=\"elementor-column elementor-col-100 elementor-top-column elementor-element elementor-element-217fd35a\" data-id=\"217fd35a\" data-element_type=\"column\" data-e-type=\"column\">\n\t\t\t<div class=\"elementor-widget-wrap elementor-element-populated\">\n\t\t\t\t\t\t<section class=\"elementor-section elementor-inner-section elementor-element elementor-element-5af88adb elementor-section-boxed elementor-section-height-default elementor-section-height-default\" data-id=\"5af88adb\" data-element_type=\"section\" data-e-type=\"section\">\n\t\t\t\t\t\t<div class=\"elementor-container elementor-column-gap-default\">\n\t\t\t\t\t<div class=\"elementor-column elementor-col-50 elementor-inner-column elementor-element elementor-element-b60d8f2\" data-id=\"b60d8f2\" data-element_type=\"column\" data-e-type=\"column\">\n\t\t\t<div class=\"elementor-widget-wrap elementor-element-populated\">\n\t\t\t\t\t\t<div class=\"elementor-element elementor-element-d30ece3 breadcrumb--back elementor-widget elementor-widget-button\" data-id=\"d30ece3\" data-element_type=\"widget\" data-e-type=\"widget\" data-widget_type=\"button.default\">\n\t\t\t\t<div class=\"elementor-widget-container\">\n\t\t\t\t\t\t\t\t\t<div class=\"elementor-button-wrapper\">\n\t\t\t\t\t<a class=\"elementor-button elementor-button-link elementor-size-sm\" href=\"\/noticias\/\">\n\t\t\t\t\t\t<span class=\"elementor-button-content-wrapper\">\n\t\t\t\t\t\t<span class=\"elementor-button-icon\">\n\t\t\t\t<i aria-hidden=\"true\" class=\"icon icon-arrow-left\"><\/i>\t\t\t<\/span>\n\t\t\t\t\t\t\t\t\t<span class=\"elementor-button-text\">Noticias<\/span>\n\t\t\t\t\t<\/span>\n\t\t\t\t\t<\/a>\n\t\t\t\t<\/div>\n\t\t\t\t\t\t\t\t<\/div>\n\t\t\t\t<\/div>\n\t\t\t\t\t<\/div>\n\t\t<\/div>\n\t\t\t\t<div class=\"elementor-column elementor-col-50 elementor-inner-column elementor-element elementor-element-290be71\" data-id=\"290be71\" data-element_type=\"column\" data-e-type=\"column\">\n\t\t\t<div class=\"elementor-widget-wrap elementor-element-populated\">\n\t\t\t\t\t\t<div class=\"elementor-element elementor-element-4bd42edd elementor-widget elementor-widget-theme-post-title elementor-page-title elementor-widget-heading\" data-id=\"4bd42edd\" data-element_type=\"widget\" data-e-type=\"widget\" data-widget_type=\"theme-post-title.default\">\n\t\t\t\t<div class=\"elementor-widget-container\">\n\t\t\t\t\t<h1 class=\"elementor-heading-title elementor-size-default\">Cornyn y sus colegas instan al Gobierno de Biden a publicar directrices para destinar los fondos de ayuda COVID no utilizados a infraestructuras y cat\u00e1strofes<\/h1>\t\t\t\t<\/div>\n\t\t\t\t<\/div>\n\t\t\t\t<div class=\"elementor-element elementor-element-2f25b608 elementor-widget-divider--view-line elementor-widget elementor-widget-divider\" data-id=\"2f25b608\" data-element_type=\"widget\" data-e-type=\"widget\" data-widget_type=\"divider.default\">\n\t\t\t\t<div class=\"elementor-widget-container\">\n\t\t\t\t\t\t\t<div class=\"elementor-divider\">\n\t\t\t<span class=\"elementor-divider-separator\">\n\t\t\t\t\t\t<\/span>\n\t\t<\/div>\n\t\t\t\t\t\t<\/div>\n\t\t\t\t<\/div>\n\t\t\t\t<div class=\"elementor-element elementor-element-520ed5f0 elementor-widget__width-initial elementor-widget-mobile__width-inherit elementor-widget elementor-widget-text-editor\" data-id=\"520ed5f0\" data-element_type=\"widget\" data-e-type=\"widget\" data-widget_type=\"text-editor.default\">\n\t\t\t\t<div class=\"elementor-widget-container\">\n\t\t\t\t\t\t\t\t\tJune 12, 2023\t\t\t\t\t\t\t\t<\/div>\n\t\t\t\t<\/div>\n\t\t\t\t<div class=\"elementor-element elementor-element-38841214 elementor-share-buttons--view-icon elementor-share-buttons--skin-flat elementor-share-buttons--shape-circle elementor-share-buttons--color-custom share-buttons elementor-widget__width-initial elementor-widget-mobile__width-inherit elementor-grid-0 elementor-widget elementor-widget-global elementor-global-33223 elementor-global-401 elementor-widget-share-buttons\" data-id=\"38841214\" data-element_type=\"widget\" data-e-type=\"widget\" title=\"Share\" data-widget_type=\"share-buttons.default\">\n\t\t\t\t<div class=\"elementor-widget-container\">\n\t\t\t\t\t\t\t<div class=\"elementor-grid\" role=\"list\">\n\t\t\t\t\t\t\t\t<div class=\"elementor-grid-item\" role=\"listitem\">\n\t\t\t\t\t\t<div class=\"elementor-share-btn elementor-share-btn_email\" role=\"button\" tabindex=\"0\" aria-label=\"Share on email\">\n\t\t\t\t\t\t\t\t\t\t\t\t\t\t\t<span class=\"elementor-share-btn__icon\">\n\t\t\t\t\t\t\t\t<i class=\"fas fa-envelope\" aria-hidden=\"true\"><\/i>\t\t\t\t\t\t\t<\/span>\n\t\t\t\t\t\t\t\t\t\t\t\t\t\t\t\t\t\t\t\t<\/div>\n\t\t\t\t\t<\/div>\n\t\t\t\t\t\t\t\t\t<div class=\"elementor-grid-item\" role=\"listitem\">\n\t\t\t\t\t\t<div class=\"elementor-share-btn elementor-share-btn_linkedin\" role=\"button\" tabindex=\"0\" aria-label=\"Share on linkedin\">\n\t\t\t\t\t\t\t\t\t\t\t\t\t\t\t<span class=\"elementor-share-btn__icon\">\n\t\t\t\t\t\t\t\t<i class=\"fab fa-linkedin\" aria-hidden=\"true\"><\/i>\t\t\t\t\t\t\t<\/span>\n\t\t\t\t\t\t\t\t\t\t\t\t\t\t\t\t\t\t\t\t<\/div>\n\t\t\t\t\t<\/div>\n\t\t\t\t\t\t\t\t\t<div class=\"elementor-grid-item\" role=\"listitem\">\n\t\t\t\t\t\t<div class=\"elementor-share-btn elementor-share-btn_facebook\" role=\"button\" tabindex=\"0\" aria-label=\"Share on facebook\">\n\t\t\t\t\t\t\t\t\t\t\t\t\t\t\t<span class=\"elementor-share-btn__icon\">\n\t\t\t\t\t\t\t\t<i class=\"fab fa-facebook\" aria-hidden=\"true\"><\/i>\t\t\t\t\t\t\t<\/span>\n\t\t\t\t\t\t\t\t\t\t\t\t\t\t\t\t\t\t\t\t<\/div>\n\t\t\t\t\t<\/div>\n\t\t\t\t\t\t<\/div>\n\t\t\t\t\t\t<\/div>\n\t\t\t\t<\/div>\n\t\t\t\t<section class=\"elementor-section elementor-inner-section elementor-element elementor-element-3bc200e elementor-section-boxed elementor-section-height-default elementor-section-height-default\" data-id=\"3bc200e\" data-element_type=\"section\" data-e-type=\"section\">\n\t\t\t\t\t\t<div class=\"elementor-container elementor-column-gap-default\">\n\t\t\t\t\t<div class=\"elementor-column elementor-col-100 elementor-inner-column elementor-element elementor-element-3b8718f\" data-id=\"3b8718f\" data-element_type=\"column\" data-e-type=\"column\">\n\t\t\t<div class=\"elementor-widget-wrap elementor-element-populated\">\n\t\t\t\t\t\t<div class=\"elementor-element elementor-element-392f914 elementor-widget elementor-widget-text-editor\" data-id=\"392f914\" data-element_type=\"widget\" data-e-type=\"widget\" data-widget_type=\"text-editor.default\">\n\t\t\t\t<div class=\"elementor-widget-container\">\n\t\t\t\t\t\t\t\t\t<p><strong>WASHINGTON <\/strong>&#8211; El senador John Cornyn (republicano de Texas) ha encabezado hoy una carta con seis de sus colegas del Senado en la que insta al Departamento del Tesoro y a la Oficina de Gesti\u00f3n y Presupuesto a que agilicen la publicaci\u00f3n de orientaciones a los gobiernos estatales y locales sobre qu\u00e9 gastos de ayuda por pandemia son subvencionables para proyectos de infraestructuras cr\u00edticas y ayuda en caso de cat\u00e1strofe antes de que expiren estos fondos. La flexibilidad para que los gobiernos estatales y locales gasten una parte de los fondos no utilizados para la pandemia en transporte, infraestructura y servicios gubernamentales fue autorizada por la Ley de Flexibilidad para la Recuperaci\u00f3n Fiscal, la Infraestructura y el Socorro en Casos de Desastre del Senador Cornyn. <em><a href=\"https:\/\/www.cornyn.senate.gov\/es-mx\/news\/aprobada-una-ley-de-cornyn-y-padilla-que-permite-destinar-a-infraestructuras-y-catastrofes-los-fondos-no-gastados-del-covid\/\">Ley de Flexibilidad para la Recuperaci\u00f3n Fiscal, Infraestructuras y Ayuda en Cat\u00e1strofes a nivel Estatal, Local, Tribal y Territorial<\/a><\/em>que se convirti\u00f3 en ley a finales del a\u00f1o pasado.<\/p>\n<p>Escriben: <em>&#8220;Escribimos para instar al Departamento del Tesoro y a la Oficina de Gesti\u00f3n y Presupuesto (OMB) a que aceleren la publicaci\u00f3n de la Norma Final Provisional (IFR) sobre los usos elegibles adicionales para los Fondos de Alivio Fiscal Estatal y Local (SLFRF) de la Ley del Plan de Rescate Estadounidense&#8221;.<\/em><\/p>\n<p><em>&#8220;Aprovechando eficazmente estos recursos, los gobiernos estatales y locales no s\u00f3lo pueden hacer frente a las repercusiones inmediatas de la pandemia, sino tambi\u00e9n invertir en mejoras de las infraestructuras a largo plazo que beneficiar\u00e1n a las comunidades en los a\u00f1os venideros.&#8221;<\/em><\/p>\n<p><em>&#8220;Los beneficiarios del SLFRF han estado en un comp\u00e1s de espera desde la aprobaci\u00f3n de la Ley de Asignaciones Consolidadas de 2023. Sin directrices e instrucciones claras del Tesoro y la OMB, los gobiernos estatales y locales se enfrentan a la incertidumbre y los desaf\u00edos para acceder y utilizar el SLFRF con eficacia.&#8221;<\/em><\/p>\n<p>El texto completo de la carta est\u00e1 <a href=\"https:\/\/www.cornyn.senate.gov\/es-mx\/6-9-23-treasury-and-omb-letter-cornyn-padilla-amendment-2\/\">aqu\u00ed<\/a> y m\u00e1s abajo. Los senadores Alex Padilla (D-CA), Roger Wicker (R-MS), Patty Murray (D-WA), Ron Wyden (D-OR), Bob Casey (D-PA) y Maggie Hassan (D-NH) tambi\u00e9n firmaron la carta.<\/p>\n<p style=\"text-align: center;\">12 de junio de 2023<\/p>\n\t\t\t\t\t\t\t\t<\/div>\n\t\t\t\t<\/div>\n\t\t\t\t\t<\/div>\n\t\t<\/div>\n\t\t\t\t\t<\/div>\n\t\t<\/section>\n\t\t\t\t<section class=\"elementor-section elementor-inner-section elementor-element elementor-element-b0f4ac4 elementor-section-boxed elementor-section-height-default elementor-section-height-default\" data-id=\"b0f4ac4\" data-element_type=\"section\" data-e-type=\"section\">\n\t\t\t\t\t\t<div class=\"elementor-container elementor-column-gap-default\">\n\t\t\t\t\t<div class=\"elementor-column elementor-col-50 elementor-inner-column elementor-element elementor-element-36b357c\" data-id=\"36b357c\" data-element_type=\"column\" data-e-type=\"column\">\n\t\t\t<div class=\"elementor-widget-wrap elementor-element-populated\">\n\t\t\t\t\t\t<div class=\"elementor-element elementor-element-cbf9ff2 elementor-widget elementor-widget-text-editor\" data-id=\"cbf9ff2\" data-element_type=\"widget\" data-e-type=\"widget\" data-widget_type=\"text-editor.default\">\n\t\t\t\t<div class=\"elementor-widget-container\">\n\t\t\t\t\t\t\t\t\t<p>La Honorable Janet Yellen<br \/>Departamento del Tesoro de EE.UU.<br \/>1500 Pennsylvania Avenue NW<br \/>Washington, DC 20220<\/p>\n\t\t\t\t\t\t\t\t<\/div>\n\t\t\t\t<\/div>\n\t\t\t\t\t<\/div>\n\t\t<\/div>\n\t\t\t\t<div class=\"elementor-column elementor-col-50 elementor-inner-column elementor-element elementor-element-7a24996 content-page__content\" data-id=\"7a24996\" data-element_type=\"column\" data-e-type=\"column\">\n\t\t\t<div class=\"elementor-widget-wrap elementor-element-populated\">\n\t\t\t\t\t\t<div class=\"elementor-element elementor-element-1e792f5 elementor-widget elementor-widget-text-editor\" data-id=\"1e792f5\" data-element_type=\"widget\" data-e-type=\"widget\" data-widget_type=\"text-editor.default\">\n\t\t\t\t<div class=\"elementor-widget-container\">\n\t\t\t\t\t\t\t\t\t<p>Honorable Shalanda D. Young<br \/>Oficina de Gesti\u00f3n y Presupuesto<br \/>725 17th Street NW<br \/>Washington, DC 20503<\/p>\n\t\t\t\t\t\t\t\t<\/div>\n\t\t\t\t<\/div>\n\t\t\t\t\t<\/div>\n\t\t<\/div>\n\t\t\t\t\t<\/div>\n\t\t<\/section>\n\t\t\t\t<section class=\"elementor-section elementor-inner-section elementor-element elementor-element-a8cfe83 elementor-section-boxed elementor-section-height-default elementor-section-height-default\" data-id=\"a8cfe83\" data-element_type=\"section\" data-e-type=\"section\">\n\t\t\t\t\t\t<div class=\"elementor-container elementor-column-gap-default\">\n\t\t\t\t\t<div class=\"elementor-column elementor-col-100 elementor-inner-column elementor-element elementor-element-312ee04\" data-id=\"312ee04\" data-element_type=\"column\" data-e-type=\"column\">\n\t\t\t<div class=\"elementor-widget-wrap elementor-element-populated\">\n\t\t\t\t\t\t<div class=\"elementor-element elementor-element-a2d0761 elementor-widget elementor-widget-text-editor\" data-id=\"a2d0761\" data-element_type=\"widget\" data-e-type=\"widget\" data-widget_type=\"text-editor.default\">\n\t\t\t\t<div class=\"elementor-widget-container\">\n\t\t\t\t\t\t\t\t\t<p>Estimados Secretaria Yellen y Director Young:<\/p>\n<p>Escribimos para instar al Departamento del Tesoro y a la Oficina de Gesti\u00f3n y Presupuesto (OMB) a que aceleren la publicaci\u00f3n de la Norma Final Provisional (IFR) sobre los usos elegibles adicionales para los Fondos de Alivio Fiscal Estatal y Local (SLFRF) de la Ley del Plan de Rescate Estadounidense. La asignaci\u00f3n de 350.000 millones de d\u00f3lares del SLFRF ha apoyado a los gobiernos estatales, locales, tribales y territoriales en su recuperaci\u00f3n de los retos planteados por la pandemia COVID-19. Los usos elegibles adicionales de estos fondos se basar\u00e1n en el prop\u00f3sito original del SLFRF y pedimos que el Tesoro y la OMB proporcionen claridad sobre el calendario para la publicaci\u00f3n de la orientaci\u00f3n integral necesaria para que nuestras comunidades apliquen estos cambios.<\/p>\n<p>Las disposiciones bipartidistas de la Ley de Asignaciones Consolidadas de 2023 (P.L. 117-328) proporcionaron m\u00e1s flexibilidad al SLFRF y permiten la asignaci\u00f3n de fondos a la ayuda en caso de cat\u00e1strofes naturales, proyectos de infraestructuras cr\u00edticas y desarrollo econ\u00f3mico. Aprovechando eficazmente estos recursos, los gobiernos estatales y locales no s\u00f3lo pueden hacer frente a los efectos inmediatos de la pandemia, sino tambi\u00e9n invertir en mejoras de las infraestructuras a largo plazo que beneficiar\u00e1n a las comunidades en los a\u00f1os venideros. Es imperativo que se libere el IFR para que estos fondos puedan utilizarse plenamente de acuerdo con la intenci\u00f3n del Congreso.<\/p>\n<p>La inminencia de los plazos para la obligaci\u00f3n y el desembolso de estos fondos subraya la acuciante necesidad del IFR. Los beneficiarios del SLFRF se encuentran en un comp\u00e1s de espera desde la aprobaci\u00f3n de la Ley de Cr\u00e9ditos Consolidados de 2023. Sin directrices e instrucciones claras del Tesoro y la OMB, las administraciones estatales y locales se enfrentan a la incertidumbre y a dificultades para acceder al SLFRF y utilizarlo eficazmente. Unas orientaciones oportunas permitir\u00e1n a los gobiernos planificar y ejecutar proyectos de infraestructuras, tomar decisiones financieras con conocimiento de causa y maximizar el impacto de estos fondos en las necesidades de nuestras comunidades dentro de los plazos previstos.<\/p>\n<p>Gracias por su atenci\u00f3n a este importante asunto. Esperamos recibir un calendario actualizado y confiamos en que el Tesoro y la OMB act\u00faen con prontitud para proporcionar las orientaciones necesarias.<\/p>\n<p>Atentamente,<\/p>\n<p>\/s\/<\/p>\n\t\t\t\t\t\t\t\t<\/div>\n\t\t\t\t<\/div>\n\t\t\t\t\t<\/div>\n\t\t<\/div>\n\t\t\t\t\t<\/div>\n\t\t<\/section>\n\t\t\t\t\t<\/div>\n\t\t<\/div>\n\t\t\t\t\t<\/div>\n\t\t<\/section>\n\t\t\t\t\t<\/div>\n\t\t<\/div>\n\t\t\t\t\t<\/div>\n\t\t<\/section>\n\t\t\t\t<\/div>\n\t\t","protected":false},"author":2,"template":"","news-type":[161],"issues":[179,167],"class_list":["post-39116","news","type-news","status-publish","hentry","news-type-press-releases-es-mx","issues-disaster-emergency-preparedness-es-mx","issues-economy-fiscal-responsibility-es-mx"],"acf":[],"yoast_head":"<!-- This site is optimized with the Yoast SEO plugin v27.2 - https:\/\/yoast.com\/product\/yoast-seo-wordpress\/ -->\n<title>Cornyn y sus colegas instan al Gobierno de Biden a publicar directrices para destinar los fondos de ayuda COVID no utilizados a infraestructuras y cat\u00e1strofes - Senator Cornyn<\/title>\n<meta name=\"robots\" content=\"index, follow, max-snippet:-1, max-image-preview:large, max-video-preview:-1\" \/>\n<link rel=\"canonical\" href=\"https:\/\/www.cornyn.senate.gov\/es-mx\/news\/cornyn-y-sus-colegas-instan-al-gobierno-de-biden-a-publicar-directrices-para-destinar-los-fondos-de-ayuda-covid-no-utilizados-a-infraestructuras-y-catastrofes\/\" \/>\n<meta property=\"og:locale\" content=\"es_MX\" \/>\n<meta property=\"og:type\" content=\"article\" \/>\n<meta property=\"og:title\" content=\"Cornyn y sus colegas instan al Gobierno de Biden a publicar directrices para destinar los fondos de ayuda COVID no utilizados a infraestructuras y cat\u00e1strofes - Senator Cornyn\" \/>\n<meta property=\"og:description\" content=\"Noticias WASHINGTON &#8211; El senador John Cornyn (republicano de Texas) ha encabezado hoy una carta con seis de sus colegas del Senado en la que insta al Departamento del Tesoro y a la Oficina de Gesti\u00f3n y Presupuesto a que agilicen la publicaci\u00f3n de orientaciones a los gobiernos estatales y locales sobre qu\u00e9 gastos de [&hellip;]\" \/>\n<meta property=\"og:url\" content=\"https:\/\/www.cornyn.senate.gov\/es-mx\/news\/cornyn-y-sus-colegas-instan-al-gobierno-de-biden-a-publicar-directrices-para-destinar-los-fondos-de-ayuda-covid-no-utilizados-a-infraestructuras-y-catastrofes\/\" \/>\n<meta property=\"og:site_name\" content=\"Senator Cornyn\" \/>\n<meta property=\"article:publisher\" content=\"https:\/\/www.facebook.com\/SenJohnCornyn\" \/>\n<meta property=\"article:modified_time\" content=\"2023-06-12T17:33:28+00:00\" \/>\n<meta property=\"og:image\" content=\"https:\/\/www.cornyn.senate.gov\/wp-content\/uploads\/2023\/11\/Twitter-Card-Dec-23-1024x535.png\" \/>\n\t<meta property=\"og:image:width\" content=\"1024\" \/>\n\t<meta property=\"og:image:height\" content=\"535\" \/>\n\t<meta property=\"og:image:type\" content=\"image\/png\" \/>\n<meta name=\"twitter:card\" content=\"summary_large_image\" \/>\n<meta name=\"twitter:site\" content=\"@johncornyn\" \/>\n<meta name=\"twitter:label1\" content=\"Est. reading time\" \/>\n\t<meta name=\"twitter:data1\" content=\"4 minutes\" \/>\n<script type=\"application\/ld+json\" class=\"yoast-schema-graph\">{\"@context\":\"https:\/\/schema.org\",\"@graph\":[{\"@type\":\"WebPage\",\"@id\":\"https:\/\/www.cornyn.senate.gov\/es-mx\/news\/cornyn-y-sus-colegas-instan-al-gobierno-de-biden-a-publicar-directrices-para-destinar-los-fondos-de-ayuda-covid-no-utilizados-a-infraestructuras-y-catastrofes\/\",\"url\":\"https:\/\/www.cornyn.senate.gov\/es-mx\/news\/cornyn-y-sus-colegas-instan-al-gobierno-de-biden-a-publicar-directrices-para-destinar-los-fondos-de-ayuda-covid-no-utilizados-a-infraestructuras-y-catastrofes\/\",\"name\":\"Cornyn y sus colegas instan al Gobierno de Biden a publicar directrices para destinar los fondos de ayuda COVID no utilizados a infraestructuras y cat\u00e1strofes - Senator Cornyn\",\"isPartOf\":{\"@id\":\"https:\/\/www.cornyn.senate.gov\/es-mx\/#website\"},\"datePublished\":\"2023-06-12T17:24:47+00:00\",\"dateModified\":\"2023-06-12T17:33:28+00:00\",\"breadcrumb\":{\"@id\":\"https:\/\/www.cornyn.senate.gov\/es-mx\/news\/cornyn-y-sus-colegas-instan-al-gobierno-de-biden-a-publicar-directrices-para-destinar-los-fondos-de-ayuda-covid-no-utilizados-a-infraestructuras-y-catastrofes\/#breadcrumb\"},\"inLanguage\":\"es-MX\",\"potentialAction\":[{\"@type\":\"ReadAction\",\"target\":[\"https:\/\/www.cornyn.senate.gov\/es-mx\/news\/cornyn-y-sus-colegas-instan-al-gobierno-de-biden-a-publicar-directrices-para-destinar-los-fondos-de-ayuda-covid-no-utilizados-a-infraestructuras-y-catastrofes\/\"]}]},{\"@type\":\"BreadcrumbList\",\"@id\":\"https:\/\/www.cornyn.senate.gov\/es-mx\/news\/cornyn-y-sus-colegas-instan-al-gobierno-de-biden-a-publicar-directrices-para-destinar-los-fondos-de-ayuda-covid-no-utilizados-a-infraestructuras-y-catastrofes\/#breadcrumb\",\"itemListElement\":[{\"@type\":\"ListItem\",\"position\":1,\"name\":\"Home\",\"item\":\"https:\/\/www.cornyn.senate.gov\/es-mx\/\"},{\"@type\":\"ListItem\",\"position\":2,\"name\":\"News\",\"item\":\"https:\/\/www.cornyn.senate.gov\/es-mx\/news\/\"},{\"@type\":\"ListItem\",\"position\":3,\"name\":\"Cornyn y sus colegas instan al Gobierno de Biden a publicar directrices para destinar los fondos de ayuda COVID no utilizados a infraestructuras y cat\u00e1strofes\"}]},{\"@type\":\"WebSite\",\"@id\":\"https:\/\/www.cornyn.senate.gov\/es-mx\/#website\",\"url\":\"https:\/\/www.cornyn.senate.gov\/es-mx\/\",\"name\":\"Senator Cornyn\",\"description\":\"\",\"publisher\":{\"@id\":\"https:\/\/www.cornyn.senate.gov\/es-mx\/#organization\"},\"potentialAction\":[{\"@type\":\"SearchAction\",\"target\":{\"@type\":\"EntryPoint\",\"urlTemplate\":\"https:\/\/www.cornyn.senate.gov\/es-mx\/?s={search_term_string}\"},\"query-input\":{\"@type\":\"PropertyValueSpecification\",\"valueRequired\":true,\"valueName\":\"search_term_string\"}}],\"inLanguage\":\"es-MX\"},{\"@type\":\"Organization\",\"@id\":\"https:\/\/www.cornyn.senate.gov\/es-mx\/#organization\",\"name\":\"Senator Cornyn\",\"url\":\"https:\/\/www.cornyn.senate.gov\/es-mx\/\",\"logo\":{\"@type\":\"ImageObject\",\"inLanguage\":\"es-MX\",\"@id\":\"https:\/\/www.cornyn.senate.gov\/es-mx\/#\/schema\/logo\/image\/\",\"url\":\"https:\/\/www.cornyn.senate.gov\/wp-content\/uploads\/2022\/01\/Logo-2.svg\",\"contentUrl\":\"https:\/\/www.cornyn.senate.gov\/wp-content\/uploads\/2022\/01\/Logo-2.svg\",\"caption\":\"Senator Cornyn\"},\"image\":{\"@id\":\"https:\/\/www.cornyn.senate.gov\/es-mx\/#\/schema\/logo\/image\/\"},\"sameAs\":[\"https:\/\/www.facebook.com\/SenJohnCornyn\",\"https:\/\/x.com\/johncornyn\"]}]}<\/script>\n<!-- \/ Yoast SEO plugin. -->","yoast_head_json":{"title":"Cornyn y sus colegas instan al Gobierno de Biden a publicar directrices para destinar los fondos de ayuda COVID no utilizados a infraestructuras y cat\u00e1strofes - Senator Cornyn","robots":{"index":"index","follow":"follow","max-snippet":"max-snippet:-1","max-image-preview":"max-image-preview:large","max-video-preview":"max-video-preview:-1"},"canonical":"https:\/\/www.cornyn.senate.gov\/es-mx\/news\/cornyn-y-sus-colegas-instan-al-gobierno-de-biden-a-publicar-directrices-para-destinar-los-fondos-de-ayuda-covid-no-utilizados-a-infraestructuras-y-catastrofes\/","og_locale":"es_MX","og_type":"article","og_title":"Cornyn y sus colegas instan al Gobierno de Biden a publicar directrices para destinar los fondos de ayuda COVID no utilizados a infraestructuras y cat\u00e1strofes - Senator Cornyn","og_description":"Noticias WASHINGTON &#8211; El senador John Cornyn (republicano de Texas) ha encabezado hoy una carta con seis de sus colegas del Senado en la que insta al Departamento del Tesoro y a la Oficina de Gesti\u00f3n y Presupuesto a que agilicen la publicaci\u00f3n de orientaciones a los gobiernos estatales y locales sobre qu\u00e9 gastos de [&hellip;]","og_url":"https:\/\/www.cornyn.senate.gov\/es-mx\/news\/cornyn-y-sus-colegas-instan-al-gobierno-de-biden-a-publicar-directrices-para-destinar-los-fondos-de-ayuda-covid-no-utilizados-a-infraestructuras-y-catastrofes\/","og_site_name":"Senator Cornyn","article_publisher":"https:\/\/www.facebook.com\/SenJohnCornyn","article_modified_time":"2023-06-12T17:33:28+00:00","og_image":[{"width":1024,"height":535,"url":"https:\/\/www.cornyn.senate.gov\/wp-content\/uploads\/2023\/11\/Twitter-Card-Dec-23-1024x535.png","type":"image\/png"}],"twitter_card":"summary_large_image","twitter_site":"@johncornyn","twitter_misc":{"Est. reading time":"4 minutes"},"schema":{"@context":"https:\/\/schema.org","@graph":[{"@type":"WebPage","@id":"https:\/\/www.cornyn.senate.gov\/es-mx\/news\/cornyn-y-sus-colegas-instan-al-gobierno-de-biden-a-publicar-directrices-para-destinar-los-fondos-de-ayuda-covid-no-utilizados-a-infraestructuras-y-catastrofes\/","url":"https:\/\/www.cornyn.senate.gov\/es-mx\/news\/cornyn-y-sus-colegas-instan-al-gobierno-de-biden-a-publicar-directrices-para-destinar-los-fondos-de-ayuda-covid-no-utilizados-a-infraestructuras-y-catastrofes\/","name":"Cornyn y sus colegas instan al Gobierno de Biden a publicar directrices para destinar los fondos de ayuda COVID no utilizados a infraestructuras y cat\u00e1strofes - Senator Cornyn","isPartOf":{"@id":"https:\/\/www.cornyn.senate.gov\/es-mx\/#website"},"datePublished":"2023-06-12T17:24:47+00:00","dateModified":"2023-06-12T17:33:28+00:00","breadcrumb":{"@id":"https:\/\/www.cornyn.senate.gov\/es-mx\/news\/cornyn-y-sus-colegas-instan-al-gobierno-de-biden-a-publicar-directrices-para-destinar-los-fondos-de-ayuda-covid-no-utilizados-a-infraestructuras-y-catastrofes\/#breadcrumb"},"inLanguage":"es-MX","potentialAction":[{"@type":"ReadAction","target":["https:\/\/www.cornyn.senate.gov\/es-mx\/news\/cornyn-y-sus-colegas-instan-al-gobierno-de-biden-a-publicar-directrices-para-destinar-los-fondos-de-ayuda-covid-no-utilizados-a-infraestructuras-y-catastrofes\/"]}]},{"@type":"BreadcrumbList","@id":"https:\/\/www.cornyn.senate.gov\/es-mx\/news\/cornyn-y-sus-colegas-instan-al-gobierno-de-biden-a-publicar-directrices-para-destinar-los-fondos-de-ayuda-covid-no-utilizados-a-infraestructuras-y-catastrofes\/#breadcrumb","itemListElement":[{"@type":"ListItem","position":1,"name":"Home","item":"https:\/\/www.cornyn.senate.gov\/es-mx\/"},{"@type":"ListItem","position":2,"name":"News","item":"https:\/\/www.cornyn.senate.gov\/es-mx\/news\/"},{"@type":"ListItem","position":3,"name":"Cornyn y sus colegas instan al Gobierno de Biden a publicar directrices para destinar los fondos de ayuda COVID no utilizados a infraestructuras y cat\u00e1strofes"}]},{"@type":"WebSite","@id":"https:\/\/www.cornyn.senate.gov\/es-mx\/#website","url":"https:\/\/www.cornyn.senate.gov\/es-mx\/","name":"Senator Cornyn","description":"","publisher":{"@id":"https:\/\/www.cornyn.senate.gov\/es-mx\/#organization"},"potentialAction":[{"@type":"SearchAction","target":{"@type":"EntryPoint","urlTemplate":"https:\/\/www.cornyn.senate.gov\/es-mx\/?s={search_term_string}"},"query-input":{"@type":"PropertyValueSpecification","valueRequired":true,"valueName":"search_term_string"}}],"inLanguage":"es-MX"},{"@type":"Organization","@id":"https:\/\/www.cornyn.senate.gov\/es-mx\/#organization","name":"Senator Cornyn","url":"https:\/\/www.cornyn.senate.gov\/es-mx\/","logo":{"@type":"ImageObject","inLanguage":"es-MX","@id":"https:\/\/www.cornyn.senate.gov\/es-mx\/#\/schema\/logo\/image\/","url":"https:\/\/www.cornyn.senate.gov\/wp-content\/uploads\/2022\/01\/Logo-2.svg","contentUrl":"https:\/\/www.cornyn.senate.gov\/wp-content\/uploads\/2022\/01\/Logo-2.svg","caption":"Senator Cornyn"},"image":{"@id":"https:\/\/www.cornyn.senate.gov\/es-mx\/#\/schema\/logo\/image\/"},"sameAs":["https:\/\/www.facebook.com\/SenJohnCornyn","https:\/\/x.com\/johncornyn"]}]}},"_links":{"self":[{"href":"https:\/\/www.cornyn.senate.gov\/es-mx\/wp-json\/wp\/v2\/news\/39116","targetHints":{"allow":["GET"]}}],"collection":[{"href":"https:\/\/www.cornyn.senate.gov\/es-mx\/wp-json\/wp\/v2\/news"}],"about":[{"href":"https:\/\/www.cornyn.senate.gov\/es-mx\/wp-json\/wp\/v2\/types\/news"}],"author":[{"embeddable":true,"href":"https:\/\/www.cornyn.senate.gov\/es-mx\/wp-json\/wp\/v2\/users\/2"}],"version-history":[{"count":1,"href":"https:\/\/www.cornyn.senate.gov\/es-mx\/wp-json\/wp\/v2\/news\/39116\/revisions"}],"predecessor-version":[{"id":39118,"href":"https:\/\/www.cornyn.senate.gov\/es-mx\/wp-json\/wp\/v2\/news\/39116\/revisions\/39118"}],"wp:attachment":[{"href":"https:\/\/www.cornyn.senate.gov\/es-mx\/wp-json\/wp\/v2\/media?parent=39116"}],"wp:term":[{"taxonomy":"news-type","embeddable":true,"href":"https:\/\/www.cornyn.senate.gov\/es-mx\/wp-json\/wp\/v2\/news-type?post=39116"},{"taxonomy":"issues","embeddable":true,"href":"https:\/\/www.cornyn.senate.gov\/es-mx\/wp-json\/wp\/v2\/issues?post=39116"}],"curies":[{"name":"wp","href":"https:\/\/api.w.org\/{rel}","templated":true}]}}