{"id":39296,"date":"2023-06-14T13:21:34","date_gmt":"2023-06-14T17:21:34","guid":{"rendered":"https:\/\/www.cornyn.senate.gov\/news\/cornyn-y-cruz-presentan-un-proyecto-de-ley-para-rebautizar-la-clinica-de-veteranos-de-plano-con-el-nombre-del-fallecido-representante-sam-johnson\/"},"modified":"2023-06-21T09:03:27","modified_gmt":"2023-06-21T13:03:27","slug":"cornyn-y-cruz-presentan-un-proyecto-de-ley-para-rebautizar-la-clinica-de-veteranos-de-plano-con-el-nombre-del-fallecido-representante-sam-johnson","status":"publish","type":"news","link":"https:\/\/www.cornyn.senate.gov\/es-mx\/news\/cornyn-y-cruz-presentan-un-proyecto-de-ley-para-rebautizar-la-clinica-de-veteranos-de-plano-con-el-nombre-del-fallecido-representante-sam-johnson\/","title":{"rendered":"Cornyn y Cruz presentan un proyecto de ley para rebautizar la cl\u00ednica de veteranos de Plano con el nombre del fallecido representante Sam Johnson"},"content":{"rendered":"\t\t<div data-elementor-type=\"wp-post\" data-elementor-id=\"39296\" class=\"elementor elementor-39296 elementor-39266\" data-elementor-post-type=\"news\">\n\t\t\t\t\t\t<section class=\"elementor-section elementor-top-section elementor-element elementor-element-39d4f43d elementor-section-boxed elementor-section-height-default elementor-section-height-default\" data-id=\"39d4f43d\" data-element_type=\"section\" data-e-type=\"section\">\n\t\t\t\t\t\t<div class=\"elementor-container elementor-column-gap-default\">\n\t\t\t\t\t<div class=\"elementor-column elementor-col-100 elementor-top-column elementor-element elementor-element-3f6f79b4\" data-id=\"3f6f79b4\" data-element_type=\"column\" data-e-type=\"column\">\n\t\t\t<div class=\"elementor-widget-wrap elementor-element-populated\">\n\t\t\t\t\t\t<section class=\"elementor-section elementor-inner-section elementor-element elementor-element-44e82e86 elementor-section-boxed elementor-section-height-default elementor-section-height-default\" data-id=\"44e82e86\" data-element_type=\"section\" data-e-type=\"section\">\n\t\t\t\t\t\t<div class=\"elementor-container elementor-column-gap-default\">\n\t\t\t\t\t<div class=\"elementor-column elementor-col-50 elementor-inner-column elementor-element elementor-element-646af202\" data-id=\"646af202\" data-element_type=\"column\" data-e-type=\"column\">\n\t\t\t<div class=\"elementor-widget-wrap elementor-element-populated\">\n\t\t\t\t\t\t<div class=\"elementor-element elementor-element-26a80456 breadcrumb--back elementor-widget elementor-widget-button\" data-id=\"26a80456\" data-element_type=\"widget\" data-e-type=\"widget\" data-widget_type=\"button.default\">\n\t\t\t\t<div class=\"elementor-widget-container\">\n\t\t\t\t\t\t\t\t\t<div class=\"elementor-button-wrapper\">\n\t\t\t\t\t<a class=\"elementor-button elementor-button-link elementor-size-sm\" href=\"\/noticias\/\">\n\t\t\t\t\t\t<span class=\"elementor-button-content-wrapper\">\n\t\t\t\t\t\t<span class=\"elementor-button-icon\">\n\t\t\t\t<i aria-hidden=\"true\" class=\"icon icon-arrow-left\"><\/i>\t\t\t<\/span>\n\t\t\t\t\t\t\t\t\t<span class=\"elementor-button-text\">Noticias<\/span>\n\t\t\t\t\t<\/span>\n\t\t\t\t\t<\/a>\n\t\t\t\t<\/div>\n\t\t\t\t\t\t\t\t<\/div>\n\t\t\t\t<\/div>\n\t\t\t\t\t<\/div>\n\t\t<\/div>\n\t\t\t\t<div class=\"elementor-column elementor-col-50 elementor-inner-column elementor-element elementor-element-6b42b84 content-page__content\" data-id=\"6b42b84\" data-element_type=\"column\" data-e-type=\"column\">\n\t\t\t<div class=\"elementor-widget-wrap elementor-element-populated\">\n\t\t\t\t\t\t<div class=\"elementor-element elementor-element-2e8ae28b elementor-widget elementor-widget-theme-post-title elementor-page-title elementor-widget-heading\" data-id=\"2e8ae28b\" data-element_type=\"widget\" data-e-type=\"widget\" data-widget_type=\"theme-post-title.default\">\n\t\t\t\t<div class=\"elementor-widget-container\">\n\t\t\t\t\t<h1 class=\"elementor-heading-title elementor-size-default\">Cornyn y Cruz presentan un proyecto de ley para rebautizar la cl\u00ednica de veteranos de Plano con el nombre del fallecido representante Sam Johnson<\/h1>\t\t\t\t<\/div>\n\t\t\t\t<\/div>\n\t\t\t\t<div class=\"elementor-element elementor-element-438f0111 elementor-widget-divider--view-line elementor-widget elementor-widget-divider\" data-id=\"438f0111\" data-element_type=\"widget\" data-e-type=\"widget\" data-widget_type=\"divider.default\">\n\t\t\t\t<div class=\"elementor-widget-container\">\n\t\t\t\t\t\t\t<div class=\"elementor-divider\">\n\t\t\t<span class=\"elementor-divider-separator\">\n\t\t\t\t\t\t<\/span>\n\t\t<\/div>\n\t\t\t\t\t\t<\/div>\n\t\t\t\t<\/div>\n\t\t\t\t<div class=\"elementor-element elementor-element-6abc8d8 elementor-widget__width-initial elementor-widget-mobile__width-inherit elementor-widget elementor-widget-text-editor\" data-id=\"6abc8d8\" data-element_type=\"widget\" data-e-type=\"widget\" data-widget_type=\"text-editor.default\">\n\t\t\t\t<div class=\"elementor-widget-container\">\n\t\t\t\t\t\t\t\t\tJune 14, 2023\t\t\t\t\t\t\t\t<\/div>\n\t\t\t\t<\/div>\n\t\t\t\t<div class=\"elementor-element elementor-element-cca1348 elementor-share-buttons--view-icon elementor-share-buttons--skin-flat elementor-share-buttons--shape-circle elementor-share-buttons--color-custom share-buttons elementor-widget__width-initial elementor-widget-mobile__width-inherit elementor-grid-0 elementor-widget elementor-widget-global elementor-global-33223 elementor-global-401 elementor-widget-share-buttons\" data-id=\"cca1348\" data-element_type=\"widget\" data-e-type=\"widget\" title=\"Share\" data-widget_type=\"share-buttons.default\">\n\t\t\t\t<div class=\"elementor-widget-container\">\n\t\t\t\t\t\t\t<div class=\"elementor-grid\" role=\"list\">\n\t\t\t\t\t\t\t\t<div class=\"elementor-grid-item\" role=\"listitem\">\n\t\t\t\t\t\t<div class=\"elementor-share-btn elementor-share-btn_email\" role=\"button\" tabindex=\"0\" aria-label=\"Share on email\">\n\t\t\t\t\t\t\t\t\t\t\t\t\t\t\t<span class=\"elementor-share-btn__icon\">\n\t\t\t\t\t\t\t\t<i class=\"fas fa-envelope\" aria-hidden=\"true\"><\/i>\t\t\t\t\t\t\t<\/span>\n\t\t\t\t\t\t\t\t\t\t\t\t\t\t\t\t\t\t\t\t<\/div>\n\t\t\t\t\t<\/div>\n\t\t\t\t\t\t\t\t\t<div class=\"elementor-grid-item\" role=\"listitem\">\n\t\t\t\t\t\t<div class=\"elementor-share-btn elementor-share-btn_linkedin\" role=\"button\" tabindex=\"0\" aria-label=\"Share on linkedin\">\n\t\t\t\t\t\t\t\t\t\t\t\t\t\t\t<span class=\"elementor-share-btn__icon\">\n\t\t\t\t\t\t\t\t<i class=\"fab fa-linkedin\" aria-hidden=\"true\"><\/i>\t\t\t\t\t\t\t<\/span>\n\t\t\t\t\t\t\t\t\t\t\t\t\t\t\t\t\t\t\t\t<\/div>\n\t\t\t\t\t<\/div>\n\t\t\t\t\t\t\t\t\t<div class=\"elementor-grid-item\" role=\"listitem\">\n\t\t\t\t\t\t<div class=\"elementor-share-btn elementor-share-btn_facebook\" role=\"button\" tabindex=\"0\" aria-label=\"Share on facebook\">\n\t\t\t\t\t\t\t\t\t\t\t\t\t\t\t<span class=\"elementor-share-btn__icon\">\n\t\t\t\t\t\t\t\t<i class=\"fab fa-facebook\" aria-hidden=\"true\"><\/i>\t\t\t\t\t\t\t<\/span>\n\t\t\t\t\t\t\t\t\t\t\t\t\t\t\t\t\t\t\t\t<\/div>\n\t\t\t\t\t<\/div>\n\t\t\t\t\t\t<\/div>\n\t\t\t\t\t\t<\/div>\n\t\t\t\t<\/div>\n\t\t\t\t<div class=\"elementor-element elementor-element-3e832377 callout-box elementor-widget elementor-widget-text-editor\" data-id=\"3e832377\" data-element_type=\"widget\" data-e-type=\"widget\" data-widget_type=\"text-editor.default\">\n\t\t\t\t<div class=\"elementor-widget-container\">\n\t\t\t\t\t\t\t\t\t<p style=\"text-align: center;\"><em>Una ley rebautizar\u00eda la cl\u00ednica de veteranos de Plano con el nombre de un h\u00e9roe de guerra y congresista del norte de Texas<\/em><\/p>\n\t\t\t\t\t\t\t\t<\/div>\n\t\t\t\t<\/div>\n\t\t\t\t<div class=\"elementor-element elementor-element-f42410f elementor-widget elementor-widget-text-editor\" data-id=\"f42410f\" data-element_type=\"widget\" data-e-type=\"widget\" data-widget_type=\"text-editor.default\">\n\t\t\t\t<div class=\"elementor-widget-container\">\n\t\t\t\t\t\t\t\t\t<p><strong>WASHINGTON <\/strong>&#8211; Los senadores John Cornyn (republicano de Texas) y Ted Cruz (republicano de Texas) presentaron hoy la <em>Ley de la Cl\u00ednica de Veteranos en Memoria del Congresista Sam Johnson<\/em>, que cambiar\u00eda el nombre de la cl\u00ednica de Asuntos de Veteranos en Plano, Texas, en honor al legado de servicio desinteresado del fallecido congresista Sam Johnson:<\/p>\n<p>&#8220;<em>Sam Johnson fue un h\u00e9roe estadounidense, un estadista, un esposo y padre cari\u00f1oso y un buen amigo&#8221;,<\/em> declar\u00f3 el senador Cornyn. <em>&#8220;Con m\u00e1s de cinco d\u00e9cadas de servicio a nuestra naci\u00f3n en las Fuerzas A\u00e9reas y en el Congreso, la vida de Sam fue un brillante ejemplo de patriotismo estadounidense, y pido a todos mis colegas del Congreso que se unan a m\u00ed para rendir homenaje a su extraordinario legado.&#8221;<\/em><\/p>\n<p><em>&#8220;El congresista Sam Johnson fue una figura legendaria que sirvi\u00f3 a Texas en el Congreso durante casi dos d\u00e9cadas. Durante sus 29 a\u00f1os de carrera en la Fuerza A\u00e9rea de los Estados Unidos, el coronel Johnson sirvi\u00f3 valientemente a nuestra naci\u00f3n con honor y prestigio, y soport\u00f3 42 meses como prisionero de guerra&#8221;,<\/em> dijo el senador Cruz. <em>&#8220;Un verdadero patriota, Sam sirvi\u00f3 a los tejanos del 3er distrito del Congreso con la misma determinaci\u00f3n y distinci\u00f3n. Estoy orgulloso de unirme al senador Cornyn y a la delegaci\u00f3n de Texas en la introducci\u00f3n de un proyecto de ley para renombrar la cl\u00ednica VA de Plano con el nombre de este heroico estadounidense y tejano.&#8221;<\/em><\/p>\n<p>El representante Keith Self (TX-03) present\u00f3 una legislaci\u00f3n paralela en la C\u00e1mara de Representantes.<\/p>\n<p><u>Antecedentes: <\/u><\/p>\n<p>Nacido en 1930 en San Antonio, Sam Johnson sirvi\u00f3 en las Fuerzas A\u00e9reas durante 29 a\u00f1os. Vol\u00f3 en misiones de combate en Corea y Vietnam, y obtuvo varias condecoraciones al valor y dos corazones p\u00farpura por heridas recibidas en combate. En 1966, fue derribado en su<sup>25\u00aa<\/sup> misi\u00f3n de combate en Vietnam y retenido como prisionero de guerra durante siete a\u00f1os, gran parte de ese tiempo en r\u00e9gimen de aislamiento.<\/p>\n<p>Tras la guerra regres\u00f3 a Texas, donde fue miembro de la C\u00e1mara de Representantes hasta que se present\u00f3 con \u00e9xito a las elecciones al Congreso en 1991. El representante Johnson fue durante mucho tiempo miembro del Comit\u00e9 de Medios y Arbitrios de la C\u00e1mara de Representantes de EE.UU. y tiene una sala en su honor en el Rayburn House Office Building. Se retir\u00f3 del Congreso en 2019 y falleci\u00f3 en 2020 a los 89 a\u00f1os en Plano (Texas).<\/p>\n\t\t\t\t\t\t\t\t<\/div>\n\t\t\t\t<\/div>\n\t\t\t\t\t<\/div>\n\t\t<\/div>\n\t\t\t\t\t<\/div>\n\t\t<\/section>\n\t\t\t\t\t<\/div>\n\t\t<\/div>\n\t\t\t\t\t<\/div>\n\t\t<\/section>\n\t\t\t\t<\/div>\n\t\t","protected":false},"author":2,"template":"","news-type":[161],"issues":[14],"class_list":["post-39296","news","type-news","status-publish","hentry","news-type-press-releases-es-mx","issues-u-s-military-and-veterans"],"acf":[],"yoast_head":"<!-- This site is optimized with the Yoast SEO plugin v27.2 - https:\/\/yoast.com\/product\/yoast-seo-wordpress\/ -->\n<title>Cornyn y Cruz presentan un proyecto de ley para rebautizar la cl\u00ednica de veteranos de Plano con el nombre del fallecido representante Sam Johnson - Senator Cornyn<\/title>\n<meta name=\"robots\" content=\"index, follow, max-snippet:-1, max-image-preview:large, max-video-preview:-1\" \/>\n<link rel=\"canonical\" href=\"https:\/\/www.cornyn.senate.gov\/es-mx\/news\/cornyn-y-cruz-presentan-un-proyecto-de-ley-para-rebautizar-la-clinica-de-veteranos-de-plano-con-el-nombre-del-fallecido-representante-sam-johnson\/\" \/>\n<meta property=\"og:locale\" content=\"es_MX\" \/>\n<meta property=\"og:type\" content=\"article\" \/>\n<meta property=\"og:title\" content=\"Cornyn y Cruz presentan un proyecto de ley para rebautizar la cl\u00ednica de veteranos de Plano con el nombre del fallecido representante Sam Johnson - Senator Cornyn\" \/>\n<meta property=\"og:description\" content=\"Noticias Una ley rebautizar\u00eda la cl\u00ednica de veteranos de Plano con el nombre de un h\u00e9roe de guerra y congresista del norte de Texas WASHINGTON &#8211; Los senadores John Cornyn (republicano de Texas) y Ted Cruz (republicano de Texas) presentaron hoy la Ley de la Cl\u00ednica de Veteranos en Memoria del Congresista Sam Johnson, que [&hellip;]\" \/>\n<meta property=\"og:url\" content=\"https:\/\/www.cornyn.senate.gov\/es-mx\/news\/cornyn-y-cruz-presentan-un-proyecto-de-ley-para-rebautizar-la-clinica-de-veteranos-de-plano-con-el-nombre-del-fallecido-representante-sam-johnson\/\" \/>\n<meta property=\"og:site_name\" content=\"Senator Cornyn\" \/>\n<meta property=\"article:publisher\" content=\"https:\/\/www.facebook.com\/SenJohnCornyn\" \/>\n<meta property=\"article:modified_time\" content=\"2023-06-21T13:03:27+00:00\" \/>\n<meta property=\"og:image\" content=\"https:\/\/www.cornyn.senate.gov\/wp-content\/uploads\/2023\/11\/Twitter-Card-Dec-23-1024x535.png\" \/>\n\t<meta property=\"og:image:width\" content=\"1024\" \/>\n\t<meta property=\"og:image:height\" content=\"535\" \/>\n\t<meta property=\"og:image:type\" content=\"image\/png\" \/>\n<meta name=\"twitter:card\" content=\"summary_large_image\" \/>\n<meta name=\"twitter:site\" content=\"@johncornyn\" \/>\n<meta name=\"twitter:label1\" content=\"Est. reading time\" \/>\n\t<meta name=\"twitter:data1\" content=\"2 minutes\" \/>\n<script type=\"application\/ld+json\" class=\"yoast-schema-graph\">{\"@context\":\"https:\/\/schema.org\",\"@graph\":[{\"@type\":\"WebPage\",\"@id\":\"https:\/\/www.cornyn.senate.gov\/es-mx\/news\/cornyn-y-cruz-presentan-un-proyecto-de-ley-para-rebautizar-la-clinica-de-veteranos-de-plano-con-el-nombre-del-fallecido-representante-sam-johnson\/\",\"url\":\"https:\/\/www.cornyn.senate.gov\/es-mx\/news\/cornyn-y-cruz-presentan-un-proyecto-de-ley-para-rebautizar-la-clinica-de-veteranos-de-plano-con-el-nombre-del-fallecido-representante-sam-johnson\/\",\"name\":\"Cornyn y Cruz presentan un proyecto de ley para rebautizar la cl\u00ednica de veteranos de Plano con el nombre del fallecido representante Sam Johnson - Senator Cornyn\",\"isPartOf\":{\"@id\":\"https:\/\/www.cornyn.senate.gov\/es-mx\/#website\"},\"datePublished\":\"2023-06-14T17:21:34+00:00\",\"dateModified\":\"2023-06-21T13:03:27+00:00\",\"breadcrumb\":{\"@id\":\"https:\/\/www.cornyn.senate.gov\/es-mx\/news\/cornyn-y-cruz-presentan-un-proyecto-de-ley-para-rebautizar-la-clinica-de-veteranos-de-plano-con-el-nombre-del-fallecido-representante-sam-johnson\/#breadcrumb\"},\"inLanguage\":\"es-MX\",\"potentialAction\":[{\"@type\":\"ReadAction\",\"target\":[\"https:\/\/www.cornyn.senate.gov\/es-mx\/news\/cornyn-y-cruz-presentan-un-proyecto-de-ley-para-rebautizar-la-clinica-de-veteranos-de-plano-con-el-nombre-del-fallecido-representante-sam-johnson\/\"]}]},{\"@type\":\"BreadcrumbList\",\"@id\":\"https:\/\/www.cornyn.senate.gov\/es-mx\/news\/cornyn-y-cruz-presentan-un-proyecto-de-ley-para-rebautizar-la-clinica-de-veteranos-de-plano-con-el-nombre-del-fallecido-representante-sam-johnson\/#breadcrumb\",\"itemListElement\":[{\"@type\":\"ListItem\",\"position\":1,\"name\":\"Home\",\"item\":\"https:\/\/www.cornyn.senate.gov\/es-mx\/\"},{\"@type\":\"ListItem\",\"position\":2,\"name\":\"News\",\"item\":\"https:\/\/www.cornyn.senate.gov\/es-mx\/news\/\"},{\"@type\":\"ListItem\",\"position\":3,\"name\":\"Cornyn y Cruz presentan un proyecto de ley para rebautizar la cl\u00ednica de veteranos de Plano con el nombre del fallecido representante Sam Johnson\"}]},{\"@type\":\"WebSite\",\"@id\":\"https:\/\/www.cornyn.senate.gov\/es-mx\/#website\",\"url\":\"https:\/\/www.cornyn.senate.gov\/es-mx\/\",\"name\":\"Senator Cornyn\",\"description\":\"\",\"publisher\":{\"@id\":\"https:\/\/www.cornyn.senate.gov\/es-mx\/#organization\"},\"potentialAction\":[{\"@type\":\"SearchAction\",\"target\":{\"@type\":\"EntryPoint\",\"urlTemplate\":\"https:\/\/www.cornyn.senate.gov\/es-mx\/?s={search_term_string}\"},\"query-input\":{\"@type\":\"PropertyValueSpecification\",\"valueRequired\":true,\"valueName\":\"search_term_string\"}}],\"inLanguage\":\"es-MX\"},{\"@type\":\"Organization\",\"@id\":\"https:\/\/www.cornyn.senate.gov\/es-mx\/#organization\",\"name\":\"Senator Cornyn\",\"url\":\"https:\/\/www.cornyn.senate.gov\/es-mx\/\",\"logo\":{\"@type\":\"ImageObject\",\"inLanguage\":\"es-MX\",\"@id\":\"https:\/\/www.cornyn.senate.gov\/es-mx\/#\/schema\/logo\/image\/\",\"url\":\"https:\/\/www.cornyn.senate.gov\/wp-content\/uploads\/2022\/01\/Logo-2.svg\",\"contentUrl\":\"https:\/\/www.cornyn.senate.gov\/wp-content\/uploads\/2022\/01\/Logo-2.svg\",\"caption\":\"Senator Cornyn\"},\"image\":{\"@id\":\"https:\/\/www.cornyn.senate.gov\/es-mx\/#\/schema\/logo\/image\/\"},\"sameAs\":[\"https:\/\/www.facebook.com\/SenJohnCornyn\",\"https:\/\/x.com\/johncornyn\"]}]}<\/script>\n<!-- \/ Yoast SEO plugin. -->","yoast_head_json":{"title":"Cornyn y Cruz presentan un proyecto de ley para rebautizar la cl\u00ednica de veteranos de Plano con el nombre del fallecido representante Sam Johnson - Senator Cornyn","robots":{"index":"index","follow":"follow","max-snippet":"max-snippet:-1","max-image-preview":"max-image-preview:large","max-video-preview":"max-video-preview:-1"},"canonical":"https:\/\/www.cornyn.senate.gov\/es-mx\/news\/cornyn-y-cruz-presentan-un-proyecto-de-ley-para-rebautizar-la-clinica-de-veteranos-de-plano-con-el-nombre-del-fallecido-representante-sam-johnson\/","og_locale":"es_MX","og_type":"article","og_title":"Cornyn y Cruz presentan un proyecto de ley para rebautizar la cl\u00ednica de veteranos de Plano con el nombre del fallecido representante Sam Johnson - Senator Cornyn","og_description":"Noticias Una ley rebautizar\u00eda la cl\u00ednica de veteranos de Plano con el nombre de un h\u00e9roe de guerra y congresista del norte de Texas WASHINGTON &#8211; Los senadores John Cornyn (republicano de Texas) y Ted Cruz (republicano de Texas) presentaron hoy la Ley de la Cl\u00ednica de Veteranos en Memoria del Congresista Sam Johnson, que [&hellip;]","og_url":"https:\/\/www.cornyn.senate.gov\/es-mx\/news\/cornyn-y-cruz-presentan-un-proyecto-de-ley-para-rebautizar-la-clinica-de-veteranos-de-plano-con-el-nombre-del-fallecido-representante-sam-johnson\/","og_site_name":"Senator Cornyn","article_publisher":"https:\/\/www.facebook.com\/SenJohnCornyn","article_modified_time":"2023-06-21T13:03:27+00:00","og_image":[{"width":1024,"height":535,"url":"https:\/\/www.cornyn.senate.gov\/wp-content\/uploads\/2023\/11\/Twitter-Card-Dec-23-1024x535.png","type":"image\/png"}],"twitter_card":"summary_large_image","twitter_site":"@johncornyn","twitter_misc":{"Est. reading time":"2 minutes"},"schema":{"@context":"https:\/\/schema.org","@graph":[{"@type":"WebPage","@id":"https:\/\/www.cornyn.senate.gov\/es-mx\/news\/cornyn-y-cruz-presentan-un-proyecto-de-ley-para-rebautizar-la-clinica-de-veteranos-de-plano-con-el-nombre-del-fallecido-representante-sam-johnson\/","url":"https:\/\/www.cornyn.senate.gov\/es-mx\/news\/cornyn-y-cruz-presentan-un-proyecto-de-ley-para-rebautizar-la-clinica-de-veteranos-de-plano-con-el-nombre-del-fallecido-representante-sam-johnson\/","name":"Cornyn y Cruz presentan un proyecto de ley para rebautizar la cl\u00ednica de veteranos de Plano con el nombre del fallecido representante Sam Johnson - Senator Cornyn","isPartOf":{"@id":"https:\/\/www.cornyn.senate.gov\/es-mx\/#website"},"datePublished":"2023-06-14T17:21:34+00:00","dateModified":"2023-06-21T13:03:27+00:00","breadcrumb":{"@id":"https:\/\/www.cornyn.senate.gov\/es-mx\/news\/cornyn-y-cruz-presentan-un-proyecto-de-ley-para-rebautizar-la-clinica-de-veteranos-de-plano-con-el-nombre-del-fallecido-representante-sam-johnson\/#breadcrumb"},"inLanguage":"es-MX","potentialAction":[{"@type":"ReadAction","target":["https:\/\/www.cornyn.senate.gov\/es-mx\/news\/cornyn-y-cruz-presentan-un-proyecto-de-ley-para-rebautizar-la-clinica-de-veteranos-de-plano-con-el-nombre-del-fallecido-representante-sam-johnson\/"]}]},{"@type":"BreadcrumbList","@id":"https:\/\/www.cornyn.senate.gov\/es-mx\/news\/cornyn-y-cruz-presentan-un-proyecto-de-ley-para-rebautizar-la-clinica-de-veteranos-de-plano-con-el-nombre-del-fallecido-representante-sam-johnson\/#breadcrumb","itemListElement":[{"@type":"ListItem","position":1,"name":"Home","item":"https:\/\/www.cornyn.senate.gov\/es-mx\/"},{"@type":"ListItem","position":2,"name":"News","item":"https:\/\/www.cornyn.senate.gov\/es-mx\/news\/"},{"@type":"ListItem","position":3,"name":"Cornyn y Cruz presentan un proyecto de ley para rebautizar la cl\u00ednica de veteranos de Plano con el nombre del fallecido representante Sam Johnson"}]},{"@type":"WebSite","@id":"https:\/\/www.cornyn.senate.gov\/es-mx\/#website","url":"https:\/\/www.cornyn.senate.gov\/es-mx\/","name":"Senator Cornyn","description":"","publisher":{"@id":"https:\/\/www.cornyn.senate.gov\/es-mx\/#organization"},"potentialAction":[{"@type":"SearchAction","target":{"@type":"EntryPoint","urlTemplate":"https:\/\/www.cornyn.senate.gov\/es-mx\/?s={search_term_string}"},"query-input":{"@type":"PropertyValueSpecification","valueRequired":true,"valueName":"search_term_string"}}],"inLanguage":"es-MX"},{"@type":"Organization","@id":"https:\/\/www.cornyn.senate.gov\/es-mx\/#organization","name":"Senator Cornyn","url":"https:\/\/www.cornyn.senate.gov\/es-mx\/","logo":{"@type":"ImageObject","inLanguage":"es-MX","@id":"https:\/\/www.cornyn.senate.gov\/es-mx\/#\/schema\/logo\/image\/","url":"https:\/\/www.cornyn.senate.gov\/wp-content\/uploads\/2022\/01\/Logo-2.svg","contentUrl":"https:\/\/www.cornyn.senate.gov\/wp-content\/uploads\/2022\/01\/Logo-2.svg","caption":"Senator Cornyn"},"image":{"@id":"https:\/\/www.cornyn.senate.gov\/es-mx\/#\/schema\/logo\/image\/"},"sameAs":["https:\/\/www.facebook.com\/SenJohnCornyn","https:\/\/x.com\/johncornyn"]}]}},"_links":{"self":[{"href":"https:\/\/www.cornyn.senate.gov\/es-mx\/wp-json\/wp\/v2\/news\/39296","targetHints":{"allow":["GET"]}}],"collection":[{"href":"https:\/\/www.cornyn.senate.gov\/es-mx\/wp-json\/wp\/v2\/news"}],"about":[{"href":"https:\/\/www.cornyn.senate.gov\/es-mx\/wp-json\/wp\/v2\/types\/news"}],"author":[{"embeddable":true,"href":"https:\/\/www.cornyn.senate.gov\/es-mx\/wp-json\/wp\/v2\/users\/2"}],"version-history":[{"count":2,"href":"https:\/\/www.cornyn.senate.gov\/es-mx\/wp-json\/wp\/v2\/news\/39296\/revisions"}],"predecessor-version":[{"id":39590,"href":"https:\/\/www.cornyn.senate.gov\/es-mx\/wp-json\/wp\/v2\/news\/39296\/revisions\/39590"}],"wp:attachment":[{"href":"https:\/\/www.cornyn.senate.gov\/es-mx\/wp-json\/wp\/v2\/media?parent=39296"}],"wp:term":[{"taxonomy":"news-type","embeddable":true,"href":"https:\/\/www.cornyn.senate.gov\/es-mx\/wp-json\/wp\/v2\/news-type?post=39296"},{"taxonomy":"issues","embeddable":true,"href":"https:\/\/www.cornyn.senate.gov\/es-mx\/wp-json\/wp\/v2\/issues?post=39296"}],"curies":[{"name":"wp","href":"https:\/\/api.w.org\/{rel}","templated":true}]}}