{"id":39864,"date":"2023-06-30T13:12:22","date_gmt":"2023-06-30T17:12:22","guid":{"rendered":"https:\/\/www.cornyn.senate.gov\/news\/declaracion-de-cornyn-sobre-la-sentencia-del-tse-contra-el-plan-de-cancelacion-de-prestamos-estudiantiles-de-biden\/"},"modified":"2023-06-30T13:26:22","modified_gmt":"2023-06-30T17:26:22","slug":"declaracion-de-cornyn-sobre-la-sentencia-del-tse-contra-el-plan-de-cancelacion-de-prestamos-estudiantiles-de-biden","status":"publish","type":"news","link":"https:\/\/www.cornyn.senate.gov\/es-mx\/news\/declaracion-de-cornyn-sobre-la-sentencia-del-tse-contra-el-plan-de-cancelacion-de-prestamos-estudiantiles-de-biden\/","title":{"rendered":"Declaraci\u00f3n de Cornyn sobre la sentencia del TSE contra el plan de cancelaci\u00f3n de pr\u00e9stamos estudiantiles de Biden"},"content":{"rendered":"\t\t<div data-elementor-type=\"wp-post\" data-elementor-id=\"39864\" class=\"elementor elementor-39864 elementor-39848\" data-elementor-post-type=\"news\">\n\t\t\t\t\t\t<section class=\"elementor-section elementor-top-section elementor-element elementor-element-34dcd913 elementor-section-boxed elementor-section-height-default elementor-section-height-default\" data-id=\"34dcd913\" data-element_type=\"section\" data-e-type=\"section\">\n\t\t\t\t\t\t<div class=\"elementor-container elementor-column-gap-default\">\n\t\t\t\t\t<div class=\"elementor-column elementor-col-100 elementor-top-column elementor-element elementor-element-4398ab6a\" data-id=\"4398ab6a\" data-element_type=\"column\" data-e-type=\"column\">\n\t\t\t<div class=\"elementor-widget-wrap elementor-element-populated\">\n\t\t\t\t\t\t<section class=\"elementor-section elementor-inner-section elementor-element elementor-element-709584fe elementor-section-boxed elementor-section-height-default elementor-section-height-default\" data-id=\"709584fe\" data-element_type=\"section\" data-e-type=\"section\">\n\t\t\t\t\t\t<div class=\"elementor-container elementor-column-gap-default\">\n\t\t\t\t\t<div class=\"elementor-column elementor-col-50 elementor-inner-column elementor-element elementor-element-3de986bb\" data-id=\"3de986bb\" data-element_type=\"column\" data-e-type=\"column\">\n\t\t\t<div class=\"elementor-widget-wrap elementor-element-populated\">\n\t\t\t\t\t\t<div class=\"elementor-element elementor-element-6956bf82 breadcrumb--back elementor-widget elementor-widget-button\" data-id=\"6956bf82\" data-element_type=\"widget\" data-e-type=\"widget\" data-widget_type=\"button.default\">\n\t\t\t\t<div class=\"elementor-widget-container\">\n\t\t\t\t\t\t\t\t\t<div class=\"elementor-button-wrapper\">\n\t\t\t\t\t<a class=\"elementor-button elementor-button-link elementor-size-sm\" href=\"\/noticias\/\">\n\t\t\t\t\t\t<span class=\"elementor-button-content-wrapper\">\n\t\t\t\t\t\t<span class=\"elementor-button-icon\">\n\t\t\t\t<i aria-hidden=\"true\" class=\"icon icon-arrow-left\"><\/i>\t\t\t<\/span>\n\t\t\t\t\t\t\t\t\t<span class=\"elementor-button-text\">Noticias<\/span>\n\t\t\t\t\t<\/span>\n\t\t\t\t\t<\/a>\n\t\t\t\t<\/div>\n\t\t\t\t\t\t\t\t<\/div>\n\t\t\t\t<\/div>\n\t\t\t\t\t<\/div>\n\t\t<\/div>\n\t\t\t\t<div class=\"elementor-column elementor-col-50 elementor-inner-column elementor-element elementor-element-34dedfc0 content-page__content\" data-id=\"34dedfc0\" data-element_type=\"column\" data-e-type=\"column\">\n\t\t\t<div class=\"elementor-widget-wrap elementor-element-populated\">\n\t\t\t\t\t\t<div class=\"elementor-element elementor-element-fed65a4 elementor-widget elementor-widget-theme-post-title elementor-page-title elementor-widget-heading\" data-id=\"fed65a4\" data-element_type=\"widget\" data-e-type=\"widget\" data-widget_type=\"theme-post-title.default\">\n\t\t\t\t<div class=\"elementor-widget-container\">\n\t\t\t\t\t<h1 class=\"elementor-heading-title elementor-size-default\">Declaraci\u00f3n de Cornyn sobre la sentencia del TSE contra el plan de cancelaci\u00f3n de pr\u00e9stamos estudiantiles de Biden<\/h1>\t\t\t\t<\/div>\n\t\t\t\t<\/div>\n\t\t\t\t<div class=\"elementor-element elementor-element-1b39ec27 elementor-widget-divider--view-line elementor-widget elementor-widget-divider\" data-id=\"1b39ec27\" data-element_type=\"widget\" data-e-type=\"widget\" data-widget_type=\"divider.default\">\n\t\t\t\t<div class=\"elementor-widget-container\">\n\t\t\t\t\t\t\t<div class=\"elementor-divider\">\n\t\t\t<span class=\"elementor-divider-separator\">\n\t\t\t\t\t\t<\/span>\n\t\t<\/div>\n\t\t\t\t\t\t<\/div>\n\t\t\t\t<\/div>\n\t\t\t\t<div class=\"elementor-element elementor-element-4f75db3e elementor-widget__width-initial elementor-widget-mobile__width-inherit elementor-widget elementor-widget-text-editor\" data-id=\"4f75db3e\" data-element_type=\"widget\" data-e-type=\"widget\" data-widget_type=\"text-editor.default\">\n\t\t\t\t<div class=\"elementor-widget-container\">\n\t\t\t\t\t\t\t\t\tJune 30, 2023\t\t\t\t\t\t\t\t<\/div>\n\t\t\t\t<\/div>\n\t\t\t\t<div class=\"elementor-element elementor-element-2fca8ea4 elementor-share-buttons--view-icon elementor-share-buttons--skin-flat elementor-share-buttons--shape-circle elementor-share-buttons--color-custom share-buttons elementor-widget__width-initial elementor-widget-mobile__width-inherit elementor-grid-0 elementor-widget elementor-widget-global elementor-global-33223 elementor-global-401 elementor-widget-share-buttons\" data-id=\"2fca8ea4\" data-element_type=\"widget\" data-e-type=\"widget\" title=\"Share\" data-widget_type=\"share-buttons.default\">\n\t\t\t\t<div class=\"elementor-widget-container\">\n\t\t\t\t\t\t\t<div class=\"elementor-grid\" role=\"list\">\n\t\t\t\t\t\t\t\t<div class=\"elementor-grid-item\" role=\"listitem\">\n\t\t\t\t\t\t<div class=\"elementor-share-btn elementor-share-btn_email\" role=\"button\" tabindex=\"0\" aria-label=\"Share on email\">\n\t\t\t\t\t\t\t\t\t\t\t\t\t\t\t<span class=\"elementor-share-btn__icon\">\n\t\t\t\t\t\t\t\t<i class=\"fas fa-envelope\" aria-hidden=\"true\"><\/i>\t\t\t\t\t\t\t<\/span>\n\t\t\t\t\t\t\t\t\t\t\t\t\t\t\t\t\t\t\t\t<\/div>\n\t\t\t\t\t<\/div>\n\t\t\t\t\t\t\t\t\t<div class=\"elementor-grid-item\" role=\"listitem\">\n\t\t\t\t\t\t<div class=\"elementor-share-btn elementor-share-btn_linkedin\" role=\"button\" tabindex=\"0\" aria-label=\"Share on linkedin\">\n\t\t\t\t\t\t\t\t\t\t\t\t\t\t\t<span class=\"elementor-share-btn__icon\">\n\t\t\t\t\t\t\t\t<i class=\"fab fa-linkedin\" aria-hidden=\"true\"><\/i>\t\t\t\t\t\t\t<\/span>\n\t\t\t\t\t\t\t\t\t\t\t\t\t\t\t\t\t\t\t\t<\/div>\n\t\t\t\t\t<\/div>\n\t\t\t\t\t\t\t\t\t<div class=\"elementor-grid-item\" role=\"listitem\">\n\t\t\t\t\t\t<div class=\"elementor-share-btn elementor-share-btn_facebook\" role=\"button\" tabindex=\"0\" aria-label=\"Share on facebook\">\n\t\t\t\t\t\t\t\t\t\t\t\t\t\t\t<span class=\"elementor-share-btn__icon\">\n\t\t\t\t\t\t\t\t<i class=\"fab fa-facebook\" aria-hidden=\"true\"><\/i>\t\t\t\t\t\t\t<\/span>\n\t\t\t\t\t\t\t\t\t\t\t\t\t\t\t\t\t\t\t\t<\/div>\n\t\t\t\t\t<\/div>\n\t\t\t\t\t\t<\/div>\n\t\t\t\t\t\t<\/div>\n\t\t\t\t<\/div>\n\t\t\t\t<div class=\"elementor-element elementor-element-4dd3b14 elementor-widget elementor-widget-text-editor\" data-id=\"4dd3b14\" data-element_type=\"widget\" data-e-type=\"widget\" data-widget_type=\"text-editor.default\">\n\t\t\t\t<div class=\"elementor-widget-container\">\n\t\t\t\t\t\t\t\t\t<p style=\"font-weight: 400;\"><strong>WASHINGTON<\/strong> &#8211; El senador John Cornyn (republicano de Texas) emiti\u00f3 la siguiente declaraci\u00f3n en respuesta a la sentencia del Tribunal Supremo de EE.UU. contra el plan de condonaci\u00f3n de la deuda de pr\u00e9stamos estudiantiles de la administraci\u00f3n Biden:<\/p>\n<p style=\"font-weight: 400;\">&#8220;<em>Hoy, el Tribunal ha preservado el principio fundamental de la responsabilidad personal y ha puesto fin a la desesperada maniobra de relaciones p\u00fablicas de la administraci\u00f3n Biden, que habr\u00eda obligado a los contribuyentes a pagar la deuda de otras personas, independientemente de que hubieran pagado sus propios pr\u00e9stamos o incluso asistido a la universidad&#8221;,<\/em> dijo el senador Cornyn. <em>&#8220;Me alegra ver que se anula esta desastrosa pol\u00edtica, e insto a los dem\u00f3cratas del Senado a trabajar con los republicanos en soluciones de sentido com\u00fan para hacer m\u00e1s asequible la educaci\u00f3n superior.&#8221;<\/em><\/p>\n<p style=\"font-weight: 400;\"> <u>Antecedentes:<\/u><\/p>\n<p style=\"font-weight: 400;\">El senador Cornyn ha presentado el <em><a href=\"https:\/\/www.cornyn.senate.gov\/es-mx\/news\/cornyn-y-cassidy-presentan-un-proyecto-de-ley-para-simplificar-el-proceso-de-devolucion-de-los-prestamos-estudiantiles\/\">Ley de racionalizaci\u00f3n de la rendici\u00f3n de cuentas y el valor de la educaci\u00f3n (SAVE) para los estudiantes<\/a><\/em>que simplificar\u00eda el proceso de reembolso de los pr\u00e9stamos estudiantiles para los prestatarios, aumentar\u00eda la rendici\u00f3n de cuentas en nombre del gobierno federal, garantizar\u00eda que los nuevos pr\u00e9stamos estudiantiles federales sirvan para pagar titulaciones que realmente produzcan mayores ingresos para los graduados, y ahorrar\u00eda a los contribuyentes casi 50.000 millones de d\u00f3lares.<\/p>\n<p style=\"font-weight: 400;\">Esta legislaci\u00f3n forma parte del <em><a href=\"https:\/\/www.cassidy.senate.gov\/newsroom\/press-releases\/ranking-member-cassidy-colleagues-unveil-landmark-package-to-lower-education-costs-and-student-debt\">Ley de Reducci\u00f3n de la Deuda y los Costes Educativos<\/a><\/em>Un paquete de cinco proyectos de ley encabezados por Bill Cassidy (republicano de Los \u00c1ngeles), miembro principal de la Comisi\u00f3n de Sanidad, Educaci\u00f3n, Trabajo y Pensiones del Senado, cuyo objetivo es abordar directamente los problemas que provocan el aumento vertiginoso del coste de la educaci\u00f3n superior y la creciente deuda que contraen los estudiantes para asistir a la universidad.<\/p>\n<p style=\"font-weight: 400;\">A principios de este a\u00f1o, los senadores. Cornyn (R-TX), Cassidy (R-LA) y Joni Ernst (R-IA) presentaron una resoluci\u00f3n de la <em>Ley de Revisi\u00f3n del Congreso<\/em> (CRA) para anular este plan de pr\u00e9stamos estudiantiles. Despu\u00e9s de que el Congreso <a href=\"https:\/\/www.cornyn.senate.gov\/es-mx\/news\/cornyn-cassidy-ernst-resolution-to-overturn-bidens-student-debt-scheme-heads-to-presidents-desk\/\">aprobara la CRA con apoyo bipartidista<\/a> en junio, el Pres. Biden vet\u00f3 la resoluci\u00f3n.<\/p>\n<p style=\"font-weight: 400;\">El Modelo Presupuestario Penn Wharton ha proporcionado un an\u00e1lisis preliminar en el que se estima que esta legislaci\u00f3n reducir\u00eda el d\u00e9ficit a diez a\u00f1os en 48.000 millones de d\u00f3lares en comparaci\u00f3n con la propuesta del Pres. La propuesta de reembolso de los pr\u00e9stamos estudiantiles de Biden, cuyo coste se estim\u00f3 en 220.000 millones de d\u00f3lares seg\u00fan la Oficina Presupuestaria del Congreso (CBO).<\/p>\n\t\t\t\t\t\t\t\t<\/div>\n\t\t\t\t<\/div>\n\t\t\t\t\t<\/div>\n\t\t<\/div>\n\t\t\t\t\t<\/div>\n\t\t<\/section>\n\t\t\t\t\t<\/div>\n\t\t<\/div>\n\t\t\t\t\t<\/div>\n\t\t<\/section>\n\t\t\t\t<\/div>\n\t\t","protected":false},"author":2,"template":"","news-type":[161],"issues":[167,175],"class_list":["post-39864","news","type-news","status-publish","hentry","news-type-press-releases-es-mx","issues-economy-fiscal-responsibility-es-mx","issues-education-es-mx"],"acf":[],"yoast_head":"<!-- This site is optimized with the Yoast SEO plugin v27.2 - https:\/\/yoast.com\/product\/yoast-seo-wordpress\/ -->\n<title>Declaraci\u00f3n de Cornyn sobre la sentencia del TSE contra el plan de cancelaci\u00f3n de pr\u00e9stamos estudiantiles de Biden - Senator Cornyn<\/title>\n<meta name=\"description\" content=\"Me alegro de que se haya revocado esta pol\u00edtica, e insto a los dem\u00f3cratas a que trabajen con los republicanos para encontrar soluciones sensatas que hagan m\u00e1s asequible la educaci\u00f3n superior.\" \/>\n<meta name=\"robots\" content=\"index, follow, max-snippet:-1, max-image-preview:large, max-video-preview:-1\" \/>\n<link rel=\"canonical\" href=\"https:\/\/www.cornyn.senate.gov\/es-mx\/news\/declaracion-de-cornyn-sobre-la-sentencia-del-tse-contra-el-plan-de-cancelacion-de-prestamos-estudiantiles-de-biden\/\" \/>\n<meta property=\"og:locale\" content=\"es_MX\" \/>\n<meta property=\"og:type\" content=\"article\" \/>\n<meta property=\"og:title\" content=\"Declaraci\u00f3n de Cornyn sobre la sentencia del TSE contra el plan de cancelaci\u00f3n de pr\u00e9stamos estudiantiles de Biden - Senator Cornyn\" \/>\n<meta property=\"og:description\" content=\"Me alegro de que se haya revocado esta pol\u00edtica, e insto a los dem\u00f3cratas a que trabajen con los republicanos para encontrar soluciones sensatas que hagan m\u00e1s asequible la educaci\u00f3n superior.\" \/>\n<meta property=\"og:url\" content=\"https:\/\/www.cornyn.senate.gov\/es-mx\/news\/declaracion-de-cornyn-sobre-la-sentencia-del-tse-contra-el-plan-de-cancelacion-de-prestamos-estudiantiles-de-biden\/\" \/>\n<meta property=\"og:site_name\" content=\"Senator Cornyn\" \/>\n<meta property=\"article:publisher\" content=\"https:\/\/www.facebook.com\/SenJohnCornyn\" \/>\n<meta property=\"article:modified_time\" content=\"2023-06-30T17:26:22+00:00\" \/>\n<meta property=\"og:image\" content=\"https:\/\/www.cornyn.senate.gov\/wp-content\/uploads\/2023\/11\/Twitter-Card-Dec-23-1024x535.png\" \/>\n\t<meta property=\"og:image:width\" content=\"1024\" \/>\n\t<meta property=\"og:image:height\" content=\"535\" \/>\n\t<meta property=\"og:image:type\" content=\"image\/png\" \/>\n<meta name=\"twitter:card\" content=\"summary_large_image\" \/>\n<meta name=\"twitter:site\" content=\"@johncornyn\" \/>\n<meta name=\"twitter:label1\" content=\"Est. reading time\" \/>\n\t<meta name=\"twitter:data1\" content=\"2 minutes\" \/>\n<script type=\"application\/ld+json\" class=\"yoast-schema-graph\">{\"@context\":\"https:\/\/schema.org\",\"@graph\":[{\"@type\":\"WebPage\",\"@id\":\"https:\/\/www.cornyn.senate.gov\/es-mx\/news\/declaracion-de-cornyn-sobre-la-sentencia-del-tse-contra-el-plan-de-cancelacion-de-prestamos-estudiantiles-de-biden\/\",\"url\":\"https:\/\/www.cornyn.senate.gov\/es-mx\/news\/declaracion-de-cornyn-sobre-la-sentencia-del-tse-contra-el-plan-de-cancelacion-de-prestamos-estudiantiles-de-biden\/\",\"name\":\"Declaraci\u00f3n de Cornyn sobre la sentencia del TSE contra el plan de cancelaci\u00f3n de pr\u00e9stamos estudiantiles de Biden - Senator Cornyn\",\"isPartOf\":{\"@id\":\"https:\/\/www.cornyn.senate.gov\/es-mx\/#website\"},\"datePublished\":\"2023-06-30T17:12:22+00:00\",\"dateModified\":\"2023-06-30T17:26:22+00:00\",\"description\":\"Me alegro de que se haya revocado esta pol\u00edtica, e insto a los dem\u00f3cratas a que trabajen con los republicanos para encontrar soluciones sensatas que hagan m\u00e1s asequible la educaci\u00f3n superior.\",\"breadcrumb\":{\"@id\":\"https:\/\/www.cornyn.senate.gov\/es-mx\/news\/declaracion-de-cornyn-sobre-la-sentencia-del-tse-contra-el-plan-de-cancelacion-de-prestamos-estudiantiles-de-biden\/#breadcrumb\"},\"inLanguage\":\"es-MX\",\"potentialAction\":[{\"@type\":\"ReadAction\",\"target\":[\"https:\/\/www.cornyn.senate.gov\/es-mx\/news\/declaracion-de-cornyn-sobre-la-sentencia-del-tse-contra-el-plan-de-cancelacion-de-prestamos-estudiantiles-de-biden\/\"]}]},{\"@type\":\"BreadcrumbList\",\"@id\":\"https:\/\/www.cornyn.senate.gov\/es-mx\/news\/declaracion-de-cornyn-sobre-la-sentencia-del-tse-contra-el-plan-de-cancelacion-de-prestamos-estudiantiles-de-biden\/#breadcrumb\",\"itemListElement\":[{\"@type\":\"ListItem\",\"position\":1,\"name\":\"Home\",\"item\":\"https:\/\/www.cornyn.senate.gov\/es-mx\/\"},{\"@type\":\"ListItem\",\"position\":2,\"name\":\"News\",\"item\":\"https:\/\/www.cornyn.senate.gov\/es-mx\/news\/\"},{\"@type\":\"ListItem\",\"position\":3,\"name\":\"Declaraci\u00f3n de Cornyn sobre la sentencia del TSE contra el plan de cancelaci\u00f3n de pr\u00e9stamos estudiantiles de Biden\"}]},{\"@type\":\"WebSite\",\"@id\":\"https:\/\/www.cornyn.senate.gov\/es-mx\/#website\",\"url\":\"https:\/\/www.cornyn.senate.gov\/es-mx\/\",\"name\":\"Senator Cornyn\",\"description\":\"\",\"publisher\":{\"@id\":\"https:\/\/www.cornyn.senate.gov\/es-mx\/#organization\"},\"potentialAction\":[{\"@type\":\"SearchAction\",\"target\":{\"@type\":\"EntryPoint\",\"urlTemplate\":\"https:\/\/www.cornyn.senate.gov\/es-mx\/?s={search_term_string}\"},\"query-input\":{\"@type\":\"PropertyValueSpecification\",\"valueRequired\":true,\"valueName\":\"search_term_string\"}}],\"inLanguage\":\"es-MX\"},{\"@type\":\"Organization\",\"@id\":\"https:\/\/www.cornyn.senate.gov\/es-mx\/#organization\",\"name\":\"Senator Cornyn\",\"url\":\"https:\/\/www.cornyn.senate.gov\/es-mx\/\",\"logo\":{\"@type\":\"ImageObject\",\"inLanguage\":\"es-MX\",\"@id\":\"https:\/\/www.cornyn.senate.gov\/es-mx\/#\/schema\/logo\/image\/\",\"url\":\"https:\/\/www.cornyn.senate.gov\/wp-content\/uploads\/2022\/01\/Logo-2.svg\",\"contentUrl\":\"https:\/\/www.cornyn.senate.gov\/wp-content\/uploads\/2022\/01\/Logo-2.svg\",\"caption\":\"Senator Cornyn\"},\"image\":{\"@id\":\"https:\/\/www.cornyn.senate.gov\/es-mx\/#\/schema\/logo\/image\/\"},\"sameAs\":[\"https:\/\/www.facebook.com\/SenJohnCornyn\",\"https:\/\/x.com\/johncornyn\"]}]}<\/script>\n<!-- \/ Yoast SEO plugin. -->","yoast_head_json":{"title":"Declaraci\u00f3n de Cornyn sobre la sentencia del TSE contra el plan de cancelaci\u00f3n de pr\u00e9stamos estudiantiles de Biden - Senator Cornyn","description":"Me alegro de que se haya revocado esta pol\u00edtica, e insto a los dem\u00f3cratas a que trabajen con los republicanos para encontrar soluciones sensatas que hagan m\u00e1s asequible la educaci\u00f3n superior.","robots":{"index":"index","follow":"follow","max-snippet":"max-snippet:-1","max-image-preview":"max-image-preview:large","max-video-preview":"max-video-preview:-1"},"canonical":"https:\/\/www.cornyn.senate.gov\/es-mx\/news\/declaracion-de-cornyn-sobre-la-sentencia-del-tse-contra-el-plan-de-cancelacion-de-prestamos-estudiantiles-de-biden\/","og_locale":"es_MX","og_type":"article","og_title":"Declaraci\u00f3n de Cornyn sobre la sentencia del TSE contra el plan de cancelaci\u00f3n de pr\u00e9stamos estudiantiles de Biden - Senator Cornyn","og_description":"Me alegro de que se haya revocado esta pol\u00edtica, e insto a los dem\u00f3cratas a que trabajen con los republicanos para encontrar soluciones sensatas que hagan m\u00e1s asequible la educaci\u00f3n superior.","og_url":"https:\/\/www.cornyn.senate.gov\/es-mx\/news\/declaracion-de-cornyn-sobre-la-sentencia-del-tse-contra-el-plan-de-cancelacion-de-prestamos-estudiantiles-de-biden\/","og_site_name":"Senator Cornyn","article_publisher":"https:\/\/www.facebook.com\/SenJohnCornyn","article_modified_time":"2023-06-30T17:26:22+00:00","og_image":[{"width":1024,"height":535,"url":"https:\/\/www.cornyn.senate.gov\/wp-content\/uploads\/2023\/11\/Twitter-Card-Dec-23-1024x535.png","type":"image\/png"}],"twitter_card":"summary_large_image","twitter_site":"@johncornyn","twitter_misc":{"Est. reading time":"2 minutes"},"schema":{"@context":"https:\/\/schema.org","@graph":[{"@type":"WebPage","@id":"https:\/\/www.cornyn.senate.gov\/es-mx\/news\/declaracion-de-cornyn-sobre-la-sentencia-del-tse-contra-el-plan-de-cancelacion-de-prestamos-estudiantiles-de-biden\/","url":"https:\/\/www.cornyn.senate.gov\/es-mx\/news\/declaracion-de-cornyn-sobre-la-sentencia-del-tse-contra-el-plan-de-cancelacion-de-prestamos-estudiantiles-de-biden\/","name":"Declaraci\u00f3n de Cornyn sobre la sentencia del TSE contra el plan de cancelaci\u00f3n de pr\u00e9stamos estudiantiles de Biden - Senator Cornyn","isPartOf":{"@id":"https:\/\/www.cornyn.senate.gov\/es-mx\/#website"},"datePublished":"2023-06-30T17:12:22+00:00","dateModified":"2023-06-30T17:26:22+00:00","description":"Me alegro de que se haya revocado esta pol\u00edtica, e insto a los dem\u00f3cratas a que trabajen con los republicanos para encontrar soluciones sensatas que hagan m\u00e1s asequible la educaci\u00f3n superior.","breadcrumb":{"@id":"https:\/\/www.cornyn.senate.gov\/es-mx\/news\/declaracion-de-cornyn-sobre-la-sentencia-del-tse-contra-el-plan-de-cancelacion-de-prestamos-estudiantiles-de-biden\/#breadcrumb"},"inLanguage":"es-MX","potentialAction":[{"@type":"ReadAction","target":["https:\/\/www.cornyn.senate.gov\/es-mx\/news\/declaracion-de-cornyn-sobre-la-sentencia-del-tse-contra-el-plan-de-cancelacion-de-prestamos-estudiantiles-de-biden\/"]}]},{"@type":"BreadcrumbList","@id":"https:\/\/www.cornyn.senate.gov\/es-mx\/news\/declaracion-de-cornyn-sobre-la-sentencia-del-tse-contra-el-plan-de-cancelacion-de-prestamos-estudiantiles-de-biden\/#breadcrumb","itemListElement":[{"@type":"ListItem","position":1,"name":"Home","item":"https:\/\/www.cornyn.senate.gov\/es-mx\/"},{"@type":"ListItem","position":2,"name":"News","item":"https:\/\/www.cornyn.senate.gov\/es-mx\/news\/"},{"@type":"ListItem","position":3,"name":"Declaraci\u00f3n de Cornyn sobre la sentencia del TSE contra el plan de cancelaci\u00f3n de pr\u00e9stamos estudiantiles de Biden"}]},{"@type":"WebSite","@id":"https:\/\/www.cornyn.senate.gov\/es-mx\/#website","url":"https:\/\/www.cornyn.senate.gov\/es-mx\/","name":"Senator Cornyn","description":"","publisher":{"@id":"https:\/\/www.cornyn.senate.gov\/es-mx\/#organization"},"potentialAction":[{"@type":"SearchAction","target":{"@type":"EntryPoint","urlTemplate":"https:\/\/www.cornyn.senate.gov\/es-mx\/?s={search_term_string}"},"query-input":{"@type":"PropertyValueSpecification","valueRequired":true,"valueName":"search_term_string"}}],"inLanguage":"es-MX"},{"@type":"Organization","@id":"https:\/\/www.cornyn.senate.gov\/es-mx\/#organization","name":"Senator Cornyn","url":"https:\/\/www.cornyn.senate.gov\/es-mx\/","logo":{"@type":"ImageObject","inLanguage":"es-MX","@id":"https:\/\/www.cornyn.senate.gov\/es-mx\/#\/schema\/logo\/image\/","url":"https:\/\/www.cornyn.senate.gov\/wp-content\/uploads\/2022\/01\/Logo-2.svg","contentUrl":"https:\/\/www.cornyn.senate.gov\/wp-content\/uploads\/2022\/01\/Logo-2.svg","caption":"Senator Cornyn"},"image":{"@id":"https:\/\/www.cornyn.senate.gov\/es-mx\/#\/schema\/logo\/image\/"},"sameAs":["https:\/\/www.facebook.com\/SenJohnCornyn","https:\/\/x.com\/johncornyn"]}]}},"_links":{"self":[{"href":"https:\/\/www.cornyn.senate.gov\/es-mx\/wp-json\/wp\/v2\/news\/39864","targetHints":{"allow":["GET"]}}],"collection":[{"href":"https:\/\/www.cornyn.senate.gov\/es-mx\/wp-json\/wp\/v2\/news"}],"about":[{"href":"https:\/\/www.cornyn.senate.gov\/es-mx\/wp-json\/wp\/v2\/types\/news"}],"author":[{"embeddable":true,"href":"https:\/\/www.cornyn.senate.gov\/es-mx\/wp-json\/wp\/v2\/users\/2"}],"version-history":[{"count":1,"href":"https:\/\/www.cornyn.senate.gov\/es-mx\/wp-json\/wp\/v2\/news\/39864\/revisions"}],"predecessor-version":[{"id":39866,"href":"https:\/\/www.cornyn.senate.gov\/es-mx\/wp-json\/wp\/v2\/news\/39864\/revisions\/39866"}],"wp:attachment":[{"href":"https:\/\/www.cornyn.senate.gov\/es-mx\/wp-json\/wp\/v2\/media?parent=39864"}],"wp:term":[{"taxonomy":"news-type","embeddable":true,"href":"https:\/\/www.cornyn.senate.gov\/es-mx\/wp-json\/wp\/v2\/news-type?post=39864"},{"taxonomy":"issues","embeddable":true,"href":"https:\/\/www.cornyn.senate.gov\/es-mx\/wp-json\/wp\/v2\/issues?post=39864"}],"curies":[{"name":"wp","href":"https:\/\/api.w.org\/{rel}","templated":true}]}}