{"id":39892,"date":"2023-07-10T18:20:49","date_gmt":"2023-07-10T22:20:49","guid":{"rendered":"https:\/\/www.cornyn.senate.gov\/news\/cornyn-la-falta-de-productividad-de-los-democratas-ha-creado-un-gran-retraso-en-el-senado\/"},"modified":"2023-07-10T18:24:32","modified_gmt":"2023-07-10T22:24:32","slug":"cornyn-la-falta-de-productividad-de-los-democratas-ha-creado-un-gran-retraso-en-el-senado","status":"publish","type":"news","link":"https:\/\/www.cornyn.senate.gov\/es-mx\/news\/cornyn-la-falta-de-productividad-de-los-democratas-ha-creado-un-gran-retraso-en-el-senado\/","title":{"rendered":"Cornyn: La falta de productividad de los dem\u00f3cratas ha creado un gran retraso en el Senado"},"content":{"rendered":"\t\t<div data-elementor-type=\"wp-post\" data-elementor-id=\"39892\" class=\"elementor elementor-39892 elementor-39878\" data-elementor-post-type=\"news\">\n\t\t\t\t\t\t<section class=\"elementor-section elementor-top-section elementor-element elementor-element-6d70f794 elementor-section-boxed elementor-section-height-default elementor-section-height-default\" data-id=\"6d70f794\" data-element_type=\"section\" data-e-type=\"section\">\n\t\t\t\t\t\t<div class=\"elementor-container elementor-column-gap-default\">\n\t\t\t\t\t<div class=\"elementor-column elementor-col-100 elementor-top-column elementor-element elementor-element-cad156b\" data-id=\"cad156b\" data-element_type=\"column\" data-e-type=\"column\">\n\t\t\t<div class=\"elementor-widget-wrap elementor-element-populated\">\n\t\t\t\t\t\t<section class=\"elementor-section elementor-inner-section elementor-element elementor-element-28dacdf2 elementor-section-boxed elementor-section-height-default elementor-section-height-default\" data-id=\"28dacdf2\" data-element_type=\"section\" data-e-type=\"section\">\n\t\t\t\t\t\t<div class=\"elementor-container elementor-column-gap-default\">\n\t\t\t\t\t<div class=\"elementor-column elementor-col-50 elementor-inner-column elementor-element elementor-element-2d90181b\" data-id=\"2d90181b\" data-element_type=\"column\" data-e-type=\"column\">\n\t\t\t<div class=\"elementor-widget-wrap elementor-element-populated\">\n\t\t\t\t\t\t<div class=\"elementor-element elementor-element-3c5d8075 breadcrumb--back elementor-widget elementor-widget-button\" data-id=\"3c5d8075\" data-element_type=\"widget\" data-e-type=\"widget\" data-widget_type=\"button.default\">\n\t\t\t\t<div class=\"elementor-widget-container\">\n\t\t\t\t\t\t\t\t\t<div class=\"elementor-button-wrapper\">\n\t\t\t\t\t<a class=\"elementor-button elementor-button-link elementor-size-sm\" href=\"\/noticias\/\">\n\t\t\t\t\t\t<span class=\"elementor-button-content-wrapper\">\n\t\t\t\t\t\t<span class=\"elementor-button-icon\">\n\t\t\t\t<i aria-hidden=\"true\" class=\"icon icon-arrow-left\"><\/i>\t\t\t<\/span>\n\t\t\t\t\t\t\t\t\t<span class=\"elementor-button-text\">Noticias<\/span>\n\t\t\t\t\t<\/span>\n\t\t\t\t\t<\/a>\n\t\t\t\t<\/div>\n\t\t\t\t\t\t\t\t<\/div>\n\t\t\t\t<\/div>\n\t\t\t\t\t<\/div>\n\t\t<\/div>\n\t\t\t\t<div class=\"elementor-column elementor-col-50 elementor-inner-column elementor-element elementor-element-52a67a36 content-page__content\" data-id=\"52a67a36\" data-element_type=\"column\" data-e-type=\"column\">\n\t\t\t<div class=\"elementor-widget-wrap elementor-element-populated\">\n\t\t\t\t\t\t<div class=\"elementor-element elementor-element-1083f31f elementor-widget elementor-widget-theme-post-title elementor-page-title elementor-widget-heading\" data-id=\"1083f31f\" data-element_type=\"widget\" data-e-type=\"widget\" data-widget_type=\"theme-post-title.default\">\n\t\t\t\t<div class=\"elementor-widget-container\">\n\t\t\t\t\t<h1 class=\"elementor-heading-title elementor-size-default\">Cornyn: La falta de productividad de los dem\u00f3cratas ha creado un gran retraso en el Senado<\/h1>\t\t\t\t<\/div>\n\t\t\t\t<\/div>\n\t\t\t\t<div class=\"elementor-element elementor-element-342c47cd elementor-widget-divider--view-line elementor-widget elementor-widget-divider\" data-id=\"342c47cd\" data-element_type=\"widget\" data-e-type=\"widget\" data-widget_type=\"divider.default\">\n\t\t\t\t<div class=\"elementor-widget-container\">\n\t\t\t\t\t\t\t<div class=\"elementor-divider\">\n\t\t\t<span class=\"elementor-divider-separator\">\n\t\t\t\t\t\t<\/span>\n\t\t<\/div>\n\t\t\t\t\t\t<\/div>\n\t\t\t\t<\/div>\n\t\t\t\t<div class=\"elementor-element elementor-element-62cff541 elementor-widget__width-initial elementor-widget-mobile__width-inherit elementor-widget elementor-widget-text-editor\" data-id=\"62cff541\" data-element_type=\"widget\" data-e-type=\"widget\" data-widget_type=\"text-editor.default\">\n\t\t\t\t<div class=\"elementor-widget-container\">\n\t\t\t\t\t\t\t\t\tJuly 10, 2023\t\t\t\t\t\t\t\t<\/div>\n\t\t\t\t<\/div>\n\t\t\t\t<div class=\"elementor-element elementor-element-44c0dba4 elementor-share-buttons--view-icon elementor-share-buttons--skin-flat elementor-share-buttons--shape-circle elementor-share-buttons--color-custom share-buttons elementor-widget__width-initial elementor-widget-mobile__width-inherit elementor-grid-0 elementor-widget elementor-widget-global elementor-global-33223 elementor-global-401 elementor-widget-share-buttons\" data-id=\"44c0dba4\" data-element_type=\"widget\" data-e-type=\"widget\" title=\"Share\" data-widget_type=\"share-buttons.default\">\n\t\t\t\t<div class=\"elementor-widget-container\">\n\t\t\t\t\t\t\t<div class=\"elementor-grid\" role=\"list\">\n\t\t\t\t\t\t\t\t<div class=\"elementor-grid-item\" role=\"listitem\">\n\t\t\t\t\t\t<div class=\"elementor-share-btn elementor-share-btn_email\" role=\"button\" tabindex=\"0\" aria-label=\"Share on email\">\n\t\t\t\t\t\t\t\t\t\t\t\t\t\t\t<span class=\"elementor-share-btn__icon\">\n\t\t\t\t\t\t\t\t<i class=\"fas fa-envelope\" aria-hidden=\"true\"><\/i>\t\t\t\t\t\t\t<\/span>\n\t\t\t\t\t\t\t\t\t\t\t\t\t\t\t\t\t\t\t\t<\/div>\n\t\t\t\t\t<\/div>\n\t\t\t\t\t\t\t\t\t<div class=\"elementor-grid-item\" role=\"listitem\">\n\t\t\t\t\t\t<div class=\"elementor-share-btn elementor-share-btn_linkedin\" role=\"button\" tabindex=\"0\" aria-label=\"Share on linkedin\">\n\t\t\t\t\t\t\t\t\t\t\t\t\t\t\t<span class=\"elementor-share-btn__icon\">\n\t\t\t\t\t\t\t\t<i class=\"fab fa-linkedin\" aria-hidden=\"true\"><\/i>\t\t\t\t\t\t\t<\/span>\n\t\t\t\t\t\t\t\t\t\t\t\t\t\t\t\t\t\t\t\t<\/div>\n\t\t\t\t\t<\/div>\n\t\t\t\t\t\t\t\t\t<div class=\"elementor-grid-item\" role=\"listitem\">\n\t\t\t\t\t\t<div class=\"elementor-share-btn elementor-share-btn_facebook\" role=\"button\" tabindex=\"0\" aria-label=\"Share on facebook\">\n\t\t\t\t\t\t\t\t\t\t\t\t\t\t\t<span class=\"elementor-share-btn__icon\">\n\t\t\t\t\t\t\t\t<i class=\"fab fa-facebook\" aria-hidden=\"true\"><\/i>\t\t\t\t\t\t\t<\/span>\n\t\t\t\t\t\t\t\t\t\t\t\t\t\t\t\t\t\t\t\t<\/div>\n\t\t\t\t\t<\/div>\n\t\t\t\t\t\t<\/div>\n\t\t\t\t\t\t<\/div>\n\t\t\t\t<\/div>\n\t\t\t\t<div class=\"elementor-element elementor-element-547766b4 elementor-blockquote--skin-boxed elementor-widget elementor-widget-blockquote\" data-id=\"547766b4\" data-element_type=\"widget\" data-e-type=\"widget\" data-widget_type=\"blockquote.default\">\n\t\t\t\t<div class=\"elementor-widget-container\">\n\t\t\t\t\t\t\t<blockquote class=\"elementor-blockquote\">\n\t\t\t<p class=\"elementor-blockquote__content\">\n\t\t\t\tHemos recorrido una cuarta parte del 118\u00ba Congreso y, francamente, no tenemos mucho que mostrar. <br><br>\n \nAyer me interes\u00f3 ver que el senador por Nueva York, l\u00edder de la mayor\u00eda, envi\u00f3 una carta a nuestros colegas del Senado destacando sus planes para las pr\u00f3ximas tres semanas.<br><br>\n \nQuiz\u00e1 lo llamar\u00eda una lista de deseos, pero no es m\u00e1s que una ilusi\u00f3n.\t\t\t<\/p>\n\t\t\t\t\t<\/blockquote>\n\t\t\t\t\t\t<\/div>\n\t\t\t\t<\/div>\n\t\t\t\t<div class=\"elementor-element elementor-element-11b42ec0 elementor-widget elementor-widget-text-editor\" data-id=\"11b42ec0\" data-element_type=\"widget\" data-e-type=\"widget\" data-widget_type=\"text-editor.default\">\n\t\t\t\t<div class=\"elementor-widget-container\">\n\t\t\t\t\t\t\t\t\t<p style=\"font-weight: 400;\"><strong>WASHINGTON<\/strong> &#8211; Hoy en el pleno, el senador John Cornyn (R-TX) ha denunciado la falta de productividad de la mayor\u00eda dem\u00f3crata durante el <sup>118\u00ba<\/sup> Congreso y ha instado al l\u00edder de la mayor\u00eda, Schumer, a abordar r\u00e1pidamente las principales prioridades del Senado. A continuaci\u00f3n se ofrecen extractos de las declaraciones del Senador Cornyn, y <a href=\"https:\/\/www.youtube.com\/watch?v=p_UMcBPgbhM\">aqu\u00ed<\/a> puede verse el v\u00eddeo.<\/p>\n<p style=\"font-weight: 400;\"><em>&#8220;Llevamos un cuarto del 118 Congreso y, francamente, no tenemos mucho que mostrar. Bajo el liderazgo de nuestros colegas, esta c\u00e1mara ha desarrollado una lista vergonzosamente corta de logros.&#8221;<\/em><\/p>\n<p style=\"font-weight: 400;\"><em>&#8220;Ayer me interes\u00f3 ver que el senador por Nueva York, l\u00edder de la mayor\u00eda, envi\u00f3 una carta a nuestros colegas del Senado destacando sus planes para las pr\u00f3ximas tres semanas&#8221;. <\/em><\/p>\n<p style=\"font-weight: 400;\"><em>&#8220;El senador Schumer mencion\u00f3 su deseo de avanzar en proyectos de ley relacionados con el precio de los medicamentos, el fentanilo, la reforma de los permisos, la seguridad ferroviaria, la banca de la marihuana, la competencia en China, la inteligencia artificial y una serie de otros temas en las pr\u00f3ximas tres semanas.&#8221; <\/em><\/p>\n<p style=\"font-weight: 400;\"><em>&#8220;Ahora, para ser claros, no creo que el l\u00edder de la mayor\u00eda crea realmente que vamos a producir legislaci\u00f3n en estas \u00e1reas&#8221;.<\/em><\/p>\n<p style=\"font-weight: 400;\"><em>&#8220;Tal vez llamar\u00eda a esto una lista de deseos, pero no es m\u00e1s que una ilusi\u00f3n creer que en el Senado de Estados Unidos se van a poder abordar todos estos puntos necesarios en los pr\u00f3ximos 10 d\u00edas laborables&#8221;.<\/em><\/p>\n<p style=\"font-weight: 400;\"><em>&#8220;El Senado, controlado por los dem\u00f3cratas, ha estado francamente adormecido durante los \u00faltimos seis meses, y no tengo ninguna raz\u00f3n para pensar que esta carta -esta lista de deseos- vaya a provocar alg\u00fan cambio milagroso&#8221;.<\/em><\/p>\n<p style=\"font-weight: 400;\"><em>&#8220;La falta de productividad de este Congreso ha creado un gran retraso en la tramitaci\u00f3n de importantes proyectos de ley, que deben ser nuestro principal objetivo&#8221;.<\/em><\/p>\n\t\t\t\t\t\t\t\t<\/div>\n\t\t\t\t<\/div>\n\t\t\t\t\t<\/div>\n\t\t<\/div>\n\t\t\t\t\t<\/div>\n\t\t<\/section>\n\t\t\t\t\t<\/div>\n\t\t<\/div>\n\t\t\t\t\t<\/div>\n\t\t<\/section>\n\t\t\t\t<\/div>\n\t\t","protected":false},"author":2,"template":"","news-type":[161],"issues":[185],"class_list":["post-39892","news","type-news","status-publish","hentry","news-type-press-releases-es-mx","issues-open-government-es-mx"],"acf":[],"yoast_head":"<!-- This site is optimized with the Yoast SEO plugin v27.2 - https:\/\/yoast.com\/product\/yoast-seo-wordpress\/ -->\n<title>Cornyn: La falta de productividad de los dem\u00f3cratas ha creado un gran retraso en el Senado - Senator Cornyn<\/title>\n<meta name=\"description\" content=\"Hemos recorrido una cuarta parte del 118\u00ba Congreso y, francamente, no tenemos mucho que mostrar.\" \/>\n<meta name=\"robots\" content=\"index, follow, max-snippet:-1, max-image-preview:large, max-video-preview:-1\" \/>\n<link rel=\"canonical\" href=\"https:\/\/www.cornyn.senate.gov\/es-mx\/news\/cornyn-la-falta-de-productividad-de-los-democratas-ha-creado-un-gran-retraso-en-el-senado\/\" \/>\n<meta property=\"og:locale\" content=\"es_MX\" \/>\n<meta property=\"og:type\" content=\"article\" \/>\n<meta property=\"og:title\" content=\"Cornyn: La falta de productividad de los dem\u00f3cratas ha creado un gran retraso en el Senado - Senator Cornyn\" \/>\n<meta property=\"og:description\" content=\"Hemos recorrido una cuarta parte del 118\u00ba Congreso y, francamente, no tenemos mucho que mostrar.\" \/>\n<meta property=\"og:url\" content=\"https:\/\/www.cornyn.senate.gov\/es-mx\/news\/cornyn-la-falta-de-productividad-de-los-democratas-ha-creado-un-gran-retraso-en-el-senado\/\" \/>\n<meta property=\"og:site_name\" content=\"Senator Cornyn\" \/>\n<meta property=\"article:publisher\" content=\"https:\/\/www.facebook.com\/SenJohnCornyn\" \/>\n<meta property=\"article:modified_time\" content=\"2023-07-10T22:24:32+00:00\" \/>\n<meta property=\"og:image\" content=\"https:\/\/www.cornyn.senate.gov\/wp-content\/uploads\/2023\/11\/Twitter-Card-Dec-23-1024x535.png\" \/>\n\t<meta property=\"og:image:width\" content=\"1024\" \/>\n\t<meta property=\"og:image:height\" content=\"535\" \/>\n\t<meta property=\"og:image:type\" content=\"image\/png\" \/>\n<meta name=\"twitter:card\" content=\"summary_large_image\" \/>\n<meta name=\"twitter:site\" content=\"@johncornyn\" \/>\n<meta name=\"twitter:label1\" content=\"Est. reading time\" \/>\n\t<meta name=\"twitter:data1\" content=\"2 minutes\" \/>\n<script type=\"application\/ld+json\" class=\"yoast-schema-graph\">{\"@context\":\"https:\/\/schema.org\",\"@graph\":[{\"@type\":\"WebPage\",\"@id\":\"https:\/\/www.cornyn.senate.gov\/es-mx\/news\/cornyn-la-falta-de-productividad-de-los-democratas-ha-creado-un-gran-retraso-en-el-senado\/\",\"url\":\"https:\/\/www.cornyn.senate.gov\/es-mx\/news\/cornyn-la-falta-de-productividad-de-los-democratas-ha-creado-un-gran-retraso-en-el-senado\/\",\"name\":\"Cornyn: La falta de productividad de los dem\u00f3cratas ha creado un gran retraso en el Senado - Senator Cornyn\",\"isPartOf\":{\"@id\":\"https:\/\/www.cornyn.senate.gov\/es-mx\/#website\"},\"datePublished\":\"2023-07-10T22:20:49+00:00\",\"dateModified\":\"2023-07-10T22:24:32+00:00\",\"description\":\"Hemos recorrido una cuarta parte del 118\u00ba Congreso y, francamente, no tenemos mucho que mostrar.\",\"breadcrumb\":{\"@id\":\"https:\/\/www.cornyn.senate.gov\/es-mx\/news\/cornyn-la-falta-de-productividad-de-los-democratas-ha-creado-un-gran-retraso-en-el-senado\/#breadcrumb\"},\"inLanguage\":\"es-MX\",\"potentialAction\":[{\"@type\":\"ReadAction\",\"target\":[\"https:\/\/www.cornyn.senate.gov\/es-mx\/news\/cornyn-la-falta-de-productividad-de-los-democratas-ha-creado-un-gran-retraso-en-el-senado\/\"]}]},{\"@type\":\"BreadcrumbList\",\"@id\":\"https:\/\/www.cornyn.senate.gov\/es-mx\/news\/cornyn-la-falta-de-productividad-de-los-democratas-ha-creado-un-gran-retraso-en-el-senado\/#breadcrumb\",\"itemListElement\":[{\"@type\":\"ListItem\",\"position\":1,\"name\":\"Home\",\"item\":\"https:\/\/www.cornyn.senate.gov\/es-mx\/\"},{\"@type\":\"ListItem\",\"position\":2,\"name\":\"News\",\"item\":\"https:\/\/www.cornyn.senate.gov\/es-mx\/news\/\"},{\"@type\":\"ListItem\",\"position\":3,\"name\":\"Cornyn: La falta de productividad de los dem\u00f3cratas ha creado un gran retraso en el Senado\"}]},{\"@type\":\"WebSite\",\"@id\":\"https:\/\/www.cornyn.senate.gov\/es-mx\/#website\",\"url\":\"https:\/\/www.cornyn.senate.gov\/es-mx\/\",\"name\":\"Senator Cornyn\",\"description\":\"\",\"publisher\":{\"@id\":\"https:\/\/www.cornyn.senate.gov\/es-mx\/#organization\"},\"potentialAction\":[{\"@type\":\"SearchAction\",\"target\":{\"@type\":\"EntryPoint\",\"urlTemplate\":\"https:\/\/www.cornyn.senate.gov\/es-mx\/?s={search_term_string}\"},\"query-input\":{\"@type\":\"PropertyValueSpecification\",\"valueRequired\":true,\"valueName\":\"search_term_string\"}}],\"inLanguage\":\"es-MX\"},{\"@type\":\"Organization\",\"@id\":\"https:\/\/www.cornyn.senate.gov\/es-mx\/#organization\",\"name\":\"Senator Cornyn\",\"url\":\"https:\/\/www.cornyn.senate.gov\/es-mx\/\",\"logo\":{\"@type\":\"ImageObject\",\"inLanguage\":\"es-MX\",\"@id\":\"https:\/\/www.cornyn.senate.gov\/es-mx\/#\/schema\/logo\/image\/\",\"url\":\"https:\/\/www.cornyn.senate.gov\/wp-content\/uploads\/2022\/01\/Logo-2.svg\",\"contentUrl\":\"https:\/\/www.cornyn.senate.gov\/wp-content\/uploads\/2022\/01\/Logo-2.svg\",\"caption\":\"Senator Cornyn\"},\"image\":{\"@id\":\"https:\/\/www.cornyn.senate.gov\/es-mx\/#\/schema\/logo\/image\/\"},\"sameAs\":[\"https:\/\/www.facebook.com\/SenJohnCornyn\",\"https:\/\/x.com\/johncornyn\"]}]}<\/script>\n<!-- \/ Yoast SEO plugin. -->","yoast_head_json":{"title":"Cornyn: La falta de productividad de los dem\u00f3cratas ha creado un gran retraso en el Senado - Senator Cornyn","description":"Hemos recorrido una cuarta parte del 118\u00ba Congreso y, francamente, no tenemos mucho que mostrar.","robots":{"index":"index","follow":"follow","max-snippet":"max-snippet:-1","max-image-preview":"max-image-preview:large","max-video-preview":"max-video-preview:-1"},"canonical":"https:\/\/www.cornyn.senate.gov\/es-mx\/news\/cornyn-la-falta-de-productividad-de-los-democratas-ha-creado-un-gran-retraso-en-el-senado\/","og_locale":"es_MX","og_type":"article","og_title":"Cornyn: La falta de productividad de los dem\u00f3cratas ha creado un gran retraso en el Senado - Senator Cornyn","og_description":"Hemos recorrido una cuarta parte del 118\u00ba Congreso y, francamente, no tenemos mucho que mostrar.","og_url":"https:\/\/www.cornyn.senate.gov\/es-mx\/news\/cornyn-la-falta-de-productividad-de-los-democratas-ha-creado-un-gran-retraso-en-el-senado\/","og_site_name":"Senator Cornyn","article_publisher":"https:\/\/www.facebook.com\/SenJohnCornyn","article_modified_time":"2023-07-10T22:24:32+00:00","og_image":[{"width":1024,"height":535,"url":"https:\/\/www.cornyn.senate.gov\/wp-content\/uploads\/2023\/11\/Twitter-Card-Dec-23-1024x535.png","type":"image\/png"}],"twitter_card":"summary_large_image","twitter_site":"@johncornyn","twitter_misc":{"Est. reading time":"2 minutes"},"schema":{"@context":"https:\/\/schema.org","@graph":[{"@type":"WebPage","@id":"https:\/\/www.cornyn.senate.gov\/es-mx\/news\/cornyn-la-falta-de-productividad-de-los-democratas-ha-creado-un-gran-retraso-en-el-senado\/","url":"https:\/\/www.cornyn.senate.gov\/es-mx\/news\/cornyn-la-falta-de-productividad-de-los-democratas-ha-creado-un-gran-retraso-en-el-senado\/","name":"Cornyn: La falta de productividad de los dem\u00f3cratas ha creado un gran retraso en el Senado - Senator Cornyn","isPartOf":{"@id":"https:\/\/www.cornyn.senate.gov\/es-mx\/#website"},"datePublished":"2023-07-10T22:20:49+00:00","dateModified":"2023-07-10T22:24:32+00:00","description":"Hemos recorrido una cuarta parte del 118\u00ba Congreso y, francamente, no tenemos mucho que mostrar.","breadcrumb":{"@id":"https:\/\/www.cornyn.senate.gov\/es-mx\/news\/cornyn-la-falta-de-productividad-de-los-democratas-ha-creado-un-gran-retraso-en-el-senado\/#breadcrumb"},"inLanguage":"es-MX","potentialAction":[{"@type":"ReadAction","target":["https:\/\/www.cornyn.senate.gov\/es-mx\/news\/cornyn-la-falta-de-productividad-de-los-democratas-ha-creado-un-gran-retraso-en-el-senado\/"]}]},{"@type":"BreadcrumbList","@id":"https:\/\/www.cornyn.senate.gov\/es-mx\/news\/cornyn-la-falta-de-productividad-de-los-democratas-ha-creado-un-gran-retraso-en-el-senado\/#breadcrumb","itemListElement":[{"@type":"ListItem","position":1,"name":"Home","item":"https:\/\/www.cornyn.senate.gov\/es-mx\/"},{"@type":"ListItem","position":2,"name":"News","item":"https:\/\/www.cornyn.senate.gov\/es-mx\/news\/"},{"@type":"ListItem","position":3,"name":"Cornyn: La falta de productividad de los dem\u00f3cratas ha creado un gran retraso en el Senado"}]},{"@type":"WebSite","@id":"https:\/\/www.cornyn.senate.gov\/es-mx\/#website","url":"https:\/\/www.cornyn.senate.gov\/es-mx\/","name":"Senator Cornyn","description":"","publisher":{"@id":"https:\/\/www.cornyn.senate.gov\/es-mx\/#organization"},"potentialAction":[{"@type":"SearchAction","target":{"@type":"EntryPoint","urlTemplate":"https:\/\/www.cornyn.senate.gov\/es-mx\/?s={search_term_string}"},"query-input":{"@type":"PropertyValueSpecification","valueRequired":true,"valueName":"search_term_string"}}],"inLanguage":"es-MX"},{"@type":"Organization","@id":"https:\/\/www.cornyn.senate.gov\/es-mx\/#organization","name":"Senator Cornyn","url":"https:\/\/www.cornyn.senate.gov\/es-mx\/","logo":{"@type":"ImageObject","inLanguage":"es-MX","@id":"https:\/\/www.cornyn.senate.gov\/es-mx\/#\/schema\/logo\/image\/","url":"https:\/\/www.cornyn.senate.gov\/wp-content\/uploads\/2022\/01\/Logo-2.svg","contentUrl":"https:\/\/www.cornyn.senate.gov\/wp-content\/uploads\/2022\/01\/Logo-2.svg","caption":"Senator Cornyn"},"image":{"@id":"https:\/\/www.cornyn.senate.gov\/es-mx\/#\/schema\/logo\/image\/"},"sameAs":["https:\/\/www.facebook.com\/SenJohnCornyn","https:\/\/x.com\/johncornyn"]}]}},"_links":{"self":[{"href":"https:\/\/www.cornyn.senate.gov\/es-mx\/wp-json\/wp\/v2\/news\/39892","targetHints":{"allow":["GET"]}}],"collection":[{"href":"https:\/\/www.cornyn.senate.gov\/es-mx\/wp-json\/wp\/v2\/news"}],"about":[{"href":"https:\/\/www.cornyn.senate.gov\/es-mx\/wp-json\/wp\/v2\/types\/news"}],"author":[{"embeddable":true,"href":"https:\/\/www.cornyn.senate.gov\/es-mx\/wp-json\/wp\/v2\/users\/2"}],"version-history":[{"count":1,"href":"https:\/\/www.cornyn.senate.gov\/es-mx\/wp-json\/wp\/v2\/news\/39892\/revisions"}],"predecessor-version":[{"id":39894,"href":"https:\/\/www.cornyn.senate.gov\/es-mx\/wp-json\/wp\/v2\/news\/39892\/revisions\/39894"}],"wp:attachment":[{"href":"https:\/\/www.cornyn.senate.gov\/es-mx\/wp-json\/wp\/v2\/media?parent=39892"}],"wp:term":[{"taxonomy":"news-type","embeddable":true,"href":"https:\/\/www.cornyn.senate.gov\/es-mx\/wp-json\/wp\/v2\/news-type?post=39892"},{"taxonomy":"issues","embeddable":true,"href":"https:\/\/www.cornyn.senate.gov\/es-mx\/wp-json\/wp\/v2\/issues?post=39892"}],"curies":[{"name":"wp","href":"https:\/\/api.w.org\/{rel}","templated":true}]}}