{"id":41176,"date":"2023-09-11T13:42:37","date_gmt":"2023-09-11T17:42:37","guid":{"rendered":"https:\/\/www.cornyn.senate.gov\/?post_type=news&#038;p=41176"},"modified":"2024-07-11T13:52:07","modified_gmt":"2024-07-11T17:52:07","slug":"cornyn-biden-guarda-silencio-sobre-el-proyecto-de-ley-para-garantizar-justicia-a-las-familias-del-11-s","status":"publish","type":"news","link":"https:\/\/www.cornyn.senate.gov\/es-mx\/news\/cornyn-biden-guarda-silencio-sobre-el-proyecto-de-ley-para-garantizar-justicia-a-las-familias-del-11-s\/","title":{"rendered":"Cornyn: Biden guarda silencio sobre el proyecto de ley para garantizar justicia a las familias del 9\/11"},"content":{"rendered":"\t\t<div data-elementor-type=\"wp-post\" data-elementor-id=\"41176\" class=\"elementor elementor-41176 elementor-41160\" data-elementor-post-type=\"news\">\n\t\t\t\t\t\t<section class=\"elementor-section elementor-top-section elementor-element elementor-element-4fb3ad24 elementor-section-boxed elementor-section-height-default elementor-section-height-default\" data-id=\"4fb3ad24\" data-element_type=\"section\" data-e-type=\"section\">\n\t\t\t\t\t\t<div class=\"elementor-container elementor-column-gap-default\">\n\t\t\t\t\t<div class=\"elementor-column elementor-col-100 elementor-top-column elementor-element elementor-element-7c4379fb\" data-id=\"7c4379fb\" data-element_type=\"column\" data-e-type=\"column\">\n\t\t\t<div class=\"elementor-widget-wrap elementor-element-populated\">\n\t\t\t\t\t\t<section class=\"elementor-section elementor-inner-section elementor-element elementor-element-43254ee3 elementor-section-boxed elementor-section-height-default elementor-section-height-default\" data-id=\"43254ee3\" data-element_type=\"section\" data-e-type=\"section\">\n\t\t\t\t\t\t<div class=\"elementor-container elementor-column-gap-default\">\n\t\t\t\t\t<div class=\"elementor-column elementor-col-50 elementor-inner-column elementor-element elementor-element-3e359b6f\" data-id=\"3e359b6f\" data-element_type=\"column\" data-e-type=\"column\">\n\t\t\t<div class=\"elementor-widget-wrap elementor-element-populated\">\n\t\t\t\t\t\t<div class=\"elementor-element elementor-element-1bcb2f4f breadcrumb--back elementor-widget elementor-widget-button\" data-id=\"1bcb2f4f\" data-element_type=\"widget\" data-e-type=\"widget\" data-widget_type=\"button.default\">\n\t\t\t\t<div class=\"elementor-widget-container\">\n\t\t\t\t\t\t\t\t\t<div class=\"elementor-button-wrapper\">\n\t\t\t\t\t<a class=\"elementor-button elementor-button-link elementor-size-sm\" href=\"\/noticias\/\">\n\t\t\t\t\t\t<span class=\"elementor-button-content-wrapper\">\n\t\t\t\t\t\t<span class=\"elementor-button-icon\">\n\t\t\t\t<i aria-hidden=\"true\" class=\"icon icon-arrow-left\"><\/i>\t\t\t<\/span>\n\t\t\t\t\t\t\t\t\t<span class=\"elementor-button-text\">Noticias<\/span>\n\t\t\t\t\t<\/span>\n\t\t\t\t\t<\/a>\n\t\t\t\t<\/div>\n\t\t\t\t\t\t\t\t<\/div>\n\t\t\t\t<\/div>\n\t\t\t\t\t<\/div>\n\t\t<\/div>\n\t\t\t\t<div class=\"elementor-column elementor-col-50 elementor-inner-column elementor-element elementor-element-3ddde2c5 content-page__content\" data-id=\"3ddde2c5\" data-element_type=\"column\" data-e-type=\"column\">\n\t\t\t<div class=\"elementor-widget-wrap elementor-element-populated\">\n\t\t\t\t\t\t<div class=\"elementor-element elementor-element-27635242 elementor-widget elementor-widget-theme-post-title elementor-page-title elementor-widget-heading\" data-id=\"27635242\" data-element_type=\"widget\" data-e-type=\"widget\" data-widget_type=\"theme-post-title.default\">\n\t\t\t\t<div class=\"elementor-widget-container\">\n\t\t\t\t\t<h1 class=\"elementor-heading-title elementor-size-default\">Cornyn: Biden guarda silencio sobre el proyecto de ley para garantizar justicia a las familias del 9\/11<\/h1>\t\t\t\t<\/div>\n\t\t\t\t<\/div>\n\t\t\t\t<div class=\"elementor-element elementor-element-49cc9710 elementor-widget-divider--view-line elementor-widget elementor-widget-divider\" data-id=\"49cc9710\" data-element_type=\"widget\" data-e-type=\"widget\" data-widget_type=\"divider.default\">\n\t\t\t\t<div class=\"elementor-widget-container\">\n\t\t\t\t\t\t\t<div class=\"elementor-divider\">\n\t\t\t<span class=\"elementor-divider-separator\">\n\t\t\t\t\t\t<\/span>\n\t\t<\/div>\n\t\t\t\t\t\t<\/div>\n\t\t\t\t<\/div>\n\t\t\t\t<div class=\"elementor-element elementor-element-152da51b elementor-widget__width-initial elementor-widget-mobile__width-inherit elementor-widget elementor-widget-text-editor\" data-id=\"152da51b\" data-element_type=\"widget\" data-e-type=\"widget\" data-widget_type=\"text-editor.default\">\n\t\t\t\t<div class=\"elementor-widget-container\">\n\t\t\t\t\t\t\t\t\tSeptember 11, 2023\t\t\t\t\t\t\t\t<\/div>\n\t\t\t\t<\/div>\n\t\t\t\t<div class=\"elementor-element elementor-element-72fe293c elementor-share-buttons--view-icon elementor-share-buttons--skin-flat elementor-share-buttons--shape-circle elementor-share-buttons--color-custom share-buttons elementor-widget__width-initial elementor-widget-mobile__width-inherit elementor-grid-0 elementor-widget elementor-widget-global elementor-global-33223 elementor-global-401 elementor-widget-share-buttons\" data-id=\"72fe293c\" data-element_type=\"widget\" data-e-type=\"widget\" title=\"Share\" data-widget_type=\"share-buttons.default\">\n\t\t\t\t<div class=\"elementor-widget-container\">\n\t\t\t\t\t\t\t<div class=\"elementor-grid\" role=\"list\">\n\t\t\t\t\t\t\t\t<div class=\"elementor-grid-item\" role=\"listitem\">\n\t\t\t\t\t\t<div class=\"elementor-share-btn elementor-share-btn_email\" role=\"button\" tabindex=\"0\" aria-label=\"Share on email\">\n\t\t\t\t\t\t\t\t\t\t\t\t\t\t\t<span class=\"elementor-share-btn__icon\">\n\t\t\t\t\t\t\t\t<i class=\"fas fa-envelope\" aria-hidden=\"true\"><\/i>\t\t\t\t\t\t\t<\/span>\n\t\t\t\t\t\t\t\t\t\t\t\t\t\t\t\t\t\t\t\t<\/div>\n\t\t\t\t\t<\/div>\n\t\t\t\t\t\t\t\t\t<div class=\"elementor-grid-item\" role=\"listitem\">\n\t\t\t\t\t\t<div class=\"elementor-share-btn elementor-share-btn_linkedin\" role=\"button\" tabindex=\"0\" aria-label=\"Share on linkedin\">\n\t\t\t\t\t\t\t\t\t\t\t\t\t\t\t<span class=\"elementor-share-btn__icon\">\n\t\t\t\t\t\t\t\t<i class=\"fab fa-linkedin\" aria-hidden=\"true\"><\/i>\t\t\t\t\t\t\t<\/span>\n\t\t\t\t\t\t\t\t\t\t\t\t\t\t\t\t\t\t\t\t<\/div>\n\t\t\t\t\t<\/div>\n\t\t\t\t\t\t\t\t\t<div class=\"elementor-grid-item\" role=\"listitem\">\n\t\t\t\t\t\t<div class=\"elementor-share-btn elementor-share-btn_facebook\" role=\"button\" tabindex=\"0\" aria-label=\"Share on facebook\">\n\t\t\t\t\t\t\t\t\t\t\t\t\t\t\t<span class=\"elementor-share-btn__icon\">\n\t\t\t\t\t\t\t\t<i class=\"fab fa-facebook\" aria-hidden=\"true\"><\/i>\t\t\t\t\t\t\t<\/span>\n\t\t\t\t\t\t\t\t\t\t\t\t\t\t\t\t\t\t\t\t<\/div>\n\t\t\t\t\t<\/div>\n\t\t\t\t\t\t<\/div>\n\t\t\t\t\t\t<\/div>\n\t\t\t\t<\/div>\n\t\t\t\t<div class=\"elementor-element elementor-element-7496766b elementor-widget elementor-widget-text-editor\" data-id=\"7496766b\" data-element_type=\"widget\" data-e-type=\"widget\" data-widget_type=\"text-editor.default\">\n\t\t\t\t<div class=\"elementor-widget-container\">\n\t\t\t\t\t\t\t\t\t<p><strong>AUSTIN<\/strong> &#8211; En el <a href=\"https:\/\/twitter.com\/JohnCornyn\/status\/1701263973180727371?s=20\">22 aniversario<\/a> del 11 de septiembre. El senador John Cornyn (republicano de Texas) ha hecho p\u00fablica la siguiente declaraci\u00f3n en la que insta al presidente Biden a que apoye su programa bipartidista para la lucha contra el terrorismo. <em><a href=\"https:\/\/www.cornyn.senate.gov\/es-mx\/?post_type=news&amp;p=39648\">Ley para garantizar justicia a las v\u00edctimas del terrorismo<\/a> <\/em>que reforzar\u00eda la <em>Ley de Justicia contra los Patrocinadores <\/em>del Terrorismo para ayudar a las familias de las v\u00edctimas del terrorismo a reclamar compensaciones econ\u00f3micas a los patrocinadores extranjeros del terrorismo, tras meses de silencio por parte de la Casa Blanca:<\/p><p>&#8220;<em>Hoy es un solemne recordatorio del dolor y la pena que sienten aquellos que perdieron a sus seres queridos en los atentados del 11 de\u00a0 septiembre, y merecen tener su d\u00eda en los tribunales y la oportunidad de obtener un cierre largamente esperado&#8221;, <\/em>dijo El Senador Cornyn. <em>&#8220;La Ley para Garantizar Justicia a las V\u00edctimas del Terrorismo permitir\u00eda a estas valientes familias del 9\/11 reclamar justicia ante un tribunal, y el silencio del presidente Biden sobre si apoya a estos h\u00e9roes estadounidenses frente a quienes llevaron a cabo estos devastadores atentados es ensordecedor.&#8221;<\/em><\/p><p><strong><u>Antecedentes:<\/u><\/strong><\/p><p>La <em>Ley de Justicia contra los Patrocinadores del Terrorismo (JASTA<\/em>, por sus siglas en ingl\u00e9s) fue presentada por los senadores Cornyn y Schumer en 2015. Cornyn y Schumer en 2015 y fue aprobada tanto en el Senado como en la C\u00e1mara de Representantes con un amplio apoyo bipartidista. La ley fue promulgada por el Congreso en 2016 tras la anulaci\u00f3n del veto del presidente Obama, la \u00fanica anulaci\u00f3n de su administraci\u00f3n. Este proyecto de ley modifica la <em>Ley de Inmunidades Soberanas Extran<\/em> jeras para que los patrocinadores extranjeros del terrorismo no puedan invocar la &#8220;inmunidad soberana&#8221; en los casos derivados de un atentado terrorista que acabe con la vida de un estadounidense en suelo estadounidense. JASTA tambi\u00e9n modifica la <em>Ley Antiterrorista<\/em> para que los patrocinadores extranjeros del terrorismo puedan responder ante los tribunales estadounidenses cuando su conducta contribuya a un atentado en el que muera un estadounidense.<\/p><p>La <em>Ley para Garantizar Justicia a las V\u00edctimas del Terrorismo<\/em> ( <em>EJVTA<\/em>, por sus siglas en ingl\u00e9s) introduce tres correcciones t\u00e9cnicas en la ley JASTA:<\/p><ul><li>Aclarar que los demandantes perjudicados pueden demandar a los demandados de Estados extranjeros por complicidad con el terrorismo y garantizar que se pueda exigir responsabilidad a cualquier persona o entidad que ayude o instigue al terrorismo;<\/li><li>Garantizar que los demandantes, en caso de obtener una sentencia favorable en una demanda JASTA, puedan cobrarla;<\/li><li>Y aclarar que todos los ciudadanos estadounidenses perjudicados en su persona, negocio o propiedad pueden recuperar en virtud de JASTA.<\/li><\/ul><p>La semana pasada, m\u00e1s de 4.000 v\u00edctimas del 9\/11 y sus familiares firmaron una <a href=\"https:\/\/www.cornyn.senate.gov\/wp-content\/uploads\/2023\/09\/9-11-Family-EJVTA-letter-to-Congress-with-4150-signatures.pdf\">carta<\/a> instando al Congreso a aprobar esta legislaci\u00f3n.<\/p>\t\t\t\t\t\t\t\t<\/div>\n\t\t\t\t<\/div>\n\t\t\t\t\t<\/div>\n\t\t<\/div>\n\t\t\t\t\t<\/div>\n\t\t<\/section>\n\t\t\t\t\t<\/div>\n\t\t<\/div>\n\t\t\t\t\t<\/div>\n\t\t<\/section>\n\t\t\t\t<\/div>\n\t\t","protected":false},"author":20,"template":"","news-type":[161],"issues":[165],"class_list":["post-41176","news","type-news","status-publish","hentry","news-type-press-releases-es-mx","issues-foreign-affairs-national-security-es-mx"],"acf":[],"yoast_head":"<!-- This site is optimized with the Yoast SEO plugin v27.2 - https:\/\/yoast.com\/product\/yoast-seo-wordpress\/ -->\n<title>Cornyn: Biden guarda silencio sobre el proyecto de ley para garantizar justicia a las familias del 9\/11 - Senator Cornyn<\/title>\n<meta name=\"robots\" content=\"index, follow, max-snippet:-1, max-image-preview:large, max-video-preview:-1\" \/>\n<link rel=\"canonical\" href=\"https:\/\/www.cornyn.senate.gov\/es-mx\/news\/cornyn-biden-guarda-silencio-sobre-el-proyecto-de-ley-para-garantizar-justicia-a-las-familias-del-11-s\/\" \/>\n<meta property=\"og:locale\" content=\"es_MX\" \/>\n<meta property=\"og:type\" content=\"article\" \/>\n<meta property=\"og:title\" content=\"Cornyn: Biden guarda silencio sobre el proyecto de ley para garantizar justicia a las familias del 9\/11 - Senator Cornyn\" \/>\n<meta property=\"og:description\" content=\"Noticias AUSTIN &#8211; En el 22 aniversario del 11 de septiembre. El senador John Cornyn (republicano de Texas) ha hecho p\u00fablica la siguiente declaraci\u00f3n en la que insta al presidente Biden a que apoye su programa bipartidista para la lucha contra el terrorismo. Ley para garantizar justicia a las v\u00edctimas del terrorismo que reforzar\u00eda la [&hellip;]\" \/>\n<meta property=\"og:url\" content=\"https:\/\/www.cornyn.senate.gov\/es-mx\/news\/cornyn-biden-guarda-silencio-sobre-el-proyecto-de-ley-para-garantizar-justicia-a-las-familias-del-11-s\/\" \/>\n<meta property=\"og:site_name\" content=\"Senator Cornyn\" \/>\n<meta property=\"article:publisher\" content=\"https:\/\/www.facebook.com\/SenJohnCornyn\" \/>\n<meta property=\"article:modified_time\" content=\"2024-07-11T17:52:07+00:00\" \/>\n<meta property=\"og:image\" content=\"https:\/\/www.cornyn.senate.gov\/wp-content\/uploads\/2023\/11\/Twitter-Card-Dec-23-1024x535.png\" \/>\n\t<meta property=\"og:image:width\" content=\"1024\" \/>\n\t<meta property=\"og:image:height\" content=\"535\" \/>\n\t<meta property=\"og:image:type\" content=\"image\/png\" \/>\n<meta name=\"twitter:card\" content=\"summary_large_image\" \/>\n<meta name=\"twitter:site\" content=\"@johncornyn\" \/>\n<meta name=\"twitter:label1\" content=\"Est. reading time\" \/>\n\t<meta name=\"twitter:data1\" content=\"2 minutes\" \/>\n<script type=\"application\/ld+json\" class=\"yoast-schema-graph\">{\"@context\":\"https:\/\/schema.org\",\"@graph\":[{\"@type\":\"WebPage\",\"@id\":\"https:\/\/www.cornyn.senate.gov\/es-mx\/news\/cornyn-biden-guarda-silencio-sobre-el-proyecto-de-ley-para-garantizar-justicia-a-las-familias-del-11-s\/\",\"url\":\"https:\/\/www.cornyn.senate.gov\/es-mx\/news\/cornyn-biden-guarda-silencio-sobre-el-proyecto-de-ley-para-garantizar-justicia-a-las-familias-del-11-s\/\",\"name\":\"Cornyn: Biden guarda silencio sobre el proyecto de ley para garantizar justicia a las familias del 9\/11 - Senator Cornyn\",\"isPartOf\":{\"@id\":\"https:\/\/www.cornyn.senate.gov\/es-mx\/#website\"},\"datePublished\":\"2023-09-11T17:42:37+00:00\",\"dateModified\":\"2024-07-11T17:52:07+00:00\",\"breadcrumb\":{\"@id\":\"https:\/\/www.cornyn.senate.gov\/es-mx\/news\/cornyn-biden-guarda-silencio-sobre-el-proyecto-de-ley-para-garantizar-justicia-a-las-familias-del-11-s\/#breadcrumb\"},\"inLanguage\":\"es-MX\",\"potentialAction\":[{\"@type\":\"ReadAction\",\"target\":[\"https:\/\/www.cornyn.senate.gov\/es-mx\/news\/cornyn-biden-guarda-silencio-sobre-el-proyecto-de-ley-para-garantizar-justicia-a-las-familias-del-11-s\/\"]}]},{\"@type\":\"BreadcrumbList\",\"@id\":\"https:\/\/www.cornyn.senate.gov\/es-mx\/news\/cornyn-biden-guarda-silencio-sobre-el-proyecto-de-ley-para-garantizar-justicia-a-las-familias-del-11-s\/#breadcrumb\",\"itemListElement\":[{\"@type\":\"ListItem\",\"position\":1,\"name\":\"Home\",\"item\":\"https:\/\/www.cornyn.senate.gov\/es-mx\/\"},{\"@type\":\"ListItem\",\"position\":2,\"name\":\"News\",\"item\":\"https:\/\/www.cornyn.senate.gov\/es-mx\/news\/\"},{\"@type\":\"ListItem\",\"position\":3,\"name\":\"Cornyn: Biden guarda silencio sobre el proyecto de ley para garantizar justicia a las familias del 9\/11\"}]},{\"@type\":\"WebSite\",\"@id\":\"https:\/\/www.cornyn.senate.gov\/es-mx\/#website\",\"url\":\"https:\/\/www.cornyn.senate.gov\/es-mx\/\",\"name\":\"Senator Cornyn\",\"description\":\"\",\"publisher\":{\"@id\":\"https:\/\/www.cornyn.senate.gov\/es-mx\/#organization\"},\"potentialAction\":[{\"@type\":\"SearchAction\",\"target\":{\"@type\":\"EntryPoint\",\"urlTemplate\":\"https:\/\/www.cornyn.senate.gov\/es-mx\/?s={search_term_string}\"},\"query-input\":{\"@type\":\"PropertyValueSpecification\",\"valueRequired\":true,\"valueName\":\"search_term_string\"}}],\"inLanguage\":\"es-MX\"},{\"@type\":\"Organization\",\"@id\":\"https:\/\/www.cornyn.senate.gov\/es-mx\/#organization\",\"name\":\"Senator Cornyn\",\"url\":\"https:\/\/www.cornyn.senate.gov\/es-mx\/\",\"logo\":{\"@type\":\"ImageObject\",\"inLanguage\":\"es-MX\",\"@id\":\"https:\/\/www.cornyn.senate.gov\/es-mx\/#\/schema\/logo\/image\/\",\"url\":\"https:\/\/www.cornyn.senate.gov\/wp-content\/uploads\/2022\/01\/Logo-2.svg\",\"contentUrl\":\"https:\/\/www.cornyn.senate.gov\/wp-content\/uploads\/2022\/01\/Logo-2.svg\",\"caption\":\"Senator Cornyn\"},\"image\":{\"@id\":\"https:\/\/www.cornyn.senate.gov\/es-mx\/#\/schema\/logo\/image\/\"},\"sameAs\":[\"https:\/\/www.facebook.com\/SenJohnCornyn\",\"https:\/\/x.com\/johncornyn\"]}]}<\/script>\n<!-- \/ Yoast SEO plugin. -->","yoast_head_json":{"title":"Cornyn: Biden guarda silencio sobre el proyecto de ley para garantizar justicia a las familias del 9\/11 - Senator Cornyn","robots":{"index":"index","follow":"follow","max-snippet":"max-snippet:-1","max-image-preview":"max-image-preview:large","max-video-preview":"max-video-preview:-1"},"canonical":"https:\/\/www.cornyn.senate.gov\/es-mx\/news\/cornyn-biden-guarda-silencio-sobre-el-proyecto-de-ley-para-garantizar-justicia-a-las-familias-del-11-s\/","og_locale":"es_MX","og_type":"article","og_title":"Cornyn: Biden guarda silencio sobre el proyecto de ley para garantizar justicia a las familias del 9\/11 - Senator Cornyn","og_description":"Noticias AUSTIN &#8211; En el 22 aniversario del 11 de septiembre. El senador John Cornyn (republicano de Texas) ha hecho p\u00fablica la siguiente declaraci\u00f3n en la que insta al presidente Biden a que apoye su programa bipartidista para la lucha contra el terrorismo. Ley para garantizar justicia a las v\u00edctimas del terrorismo que reforzar\u00eda la [&hellip;]","og_url":"https:\/\/www.cornyn.senate.gov\/es-mx\/news\/cornyn-biden-guarda-silencio-sobre-el-proyecto-de-ley-para-garantizar-justicia-a-las-familias-del-11-s\/","og_site_name":"Senator Cornyn","article_publisher":"https:\/\/www.facebook.com\/SenJohnCornyn","article_modified_time":"2024-07-11T17:52:07+00:00","og_image":[{"width":1024,"height":535,"url":"https:\/\/www.cornyn.senate.gov\/wp-content\/uploads\/2023\/11\/Twitter-Card-Dec-23-1024x535.png","type":"image\/png"}],"twitter_card":"summary_large_image","twitter_site":"@johncornyn","twitter_misc":{"Est. reading time":"2 minutes"},"schema":{"@context":"https:\/\/schema.org","@graph":[{"@type":"WebPage","@id":"https:\/\/www.cornyn.senate.gov\/es-mx\/news\/cornyn-biden-guarda-silencio-sobre-el-proyecto-de-ley-para-garantizar-justicia-a-las-familias-del-11-s\/","url":"https:\/\/www.cornyn.senate.gov\/es-mx\/news\/cornyn-biden-guarda-silencio-sobre-el-proyecto-de-ley-para-garantizar-justicia-a-las-familias-del-11-s\/","name":"Cornyn: Biden guarda silencio sobre el proyecto de ley para garantizar justicia a las familias del 9\/11 - Senator Cornyn","isPartOf":{"@id":"https:\/\/www.cornyn.senate.gov\/es-mx\/#website"},"datePublished":"2023-09-11T17:42:37+00:00","dateModified":"2024-07-11T17:52:07+00:00","breadcrumb":{"@id":"https:\/\/www.cornyn.senate.gov\/es-mx\/news\/cornyn-biden-guarda-silencio-sobre-el-proyecto-de-ley-para-garantizar-justicia-a-las-familias-del-11-s\/#breadcrumb"},"inLanguage":"es-MX","potentialAction":[{"@type":"ReadAction","target":["https:\/\/www.cornyn.senate.gov\/es-mx\/news\/cornyn-biden-guarda-silencio-sobre-el-proyecto-de-ley-para-garantizar-justicia-a-las-familias-del-11-s\/"]}]},{"@type":"BreadcrumbList","@id":"https:\/\/www.cornyn.senate.gov\/es-mx\/news\/cornyn-biden-guarda-silencio-sobre-el-proyecto-de-ley-para-garantizar-justicia-a-las-familias-del-11-s\/#breadcrumb","itemListElement":[{"@type":"ListItem","position":1,"name":"Home","item":"https:\/\/www.cornyn.senate.gov\/es-mx\/"},{"@type":"ListItem","position":2,"name":"News","item":"https:\/\/www.cornyn.senate.gov\/es-mx\/news\/"},{"@type":"ListItem","position":3,"name":"Cornyn: Biden guarda silencio sobre el proyecto de ley para garantizar justicia a las familias del 9\/11"}]},{"@type":"WebSite","@id":"https:\/\/www.cornyn.senate.gov\/es-mx\/#website","url":"https:\/\/www.cornyn.senate.gov\/es-mx\/","name":"Senator Cornyn","description":"","publisher":{"@id":"https:\/\/www.cornyn.senate.gov\/es-mx\/#organization"},"potentialAction":[{"@type":"SearchAction","target":{"@type":"EntryPoint","urlTemplate":"https:\/\/www.cornyn.senate.gov\/es-mx\/?s={search_term_string}"},"query-input":{"@type":"PropertyValueSpecification","valueRequired":true,"valueName":"search_term_string"}}],"inLanguage":"es-MX"},{"@type":"Organization","@id":"https:\/\/www.cornyn.senate.gov\/es-mx\/#organization","name":"Senator Cornyn","url":"https:\/\/www.cornyn.senate.gov\/es-mx\/","logo":{"@type":"ImageObject","inLanguage":"es-MX","@id":"https:\/\/www.cornyn.senate.gov\/es-mx\/#\/schema\/logo\/image\/","url":"https:\/\/www.cornyn.senate.gov\/wp-content\/uploads\/2022\/01\/Logo-2.svg","contentUrl":"https:\/\/www.cornyn.senate.gov\/wp-content\/uploads\/2022\/01\/Logo-2.svg","caption":"Senator Cornyn"},"image":{"@id":"https:\/\/www.cornyn.senate.gov\/es-mx\/#\/schema\/logo\/image\/"},"sameAs":["https:\/\/www.facebook.com\/SenJohnCornyn","https:\/\/x.com\/johncornyn"]}]}},"_links":{"self":[{"href":"https:\/\/www.cornyn.senate.gov\/es-mx\/wp-json\/wp\/v2\/news\/41176","targetHints":{"allow":["GET"]}}],"collection":[{"href":"https:\/\/www.cornyn.senate.gov\/es-mx\/wp-json\/wp\/v2\/news"}],"about":[{"href":"https:\/\/www.cornyn.senate.gov\/es-mx\/wp-json\/wp\/v2\/types\/news"}],"author":[{"embeddable":true,"href":"https:\/\/www.cornyn.senate.gov\/es-mx\/wp-json\/wp\/v2\/users\/20"}],"version-history":[{"count":9,"href":"https:\/\/www.cornyn.senate.gov\/es-mx\/wp-json\/wp\/v2\/news\/41176\/revisions"}],"predecessor-version":[{"id":41204,"href":"https:\/\/www.cornyn.senate.gov\/es-mx\/wp-json\/wp\/v2\/news\/41176\/revisions\/41204"}],"wp:attachment":[{"href":"https:\/\/www.cornyn.senate.gov\/es-mx\/wp-json\/wp\/v2\/media?parent=41176"}],"wp:term":[{"taxonomy":"news-type","embeddable":true,"href":"https:\/\/www.cornyn.senate.gov\/es-mx\/wp-json\/wp\/v2\/news-type?post=41176"},{"taxonomy":"issues","embeddable":true,"href":"https:\/\/www.cornyn.senate.gov\/es-mx\/wp-json\/wp\/v2\/issues?post=41176"}],"curies":[{"name":"wp","href":"https:\/\/api.w.org\/{rel}","templated":true}]}}