{"id":41566,"date":"2023-09-27T09:21:06","date_gmt":"2023-09-27T13:21:06","guid":{"rendered":"https:\/\/www.cornyn.senate.gov\/?post_type=news&#038;p=41566"},"modified":"2024-07-11T13:52:02","modified_gmt":"2024-07-11T17:52:02","slug":"cornyn-sinema-y-tillis-aplauden-la-aprobacion-en-la-camara-de-representantes-de-un-proyecto-de-ley-para-proteger-los-programas-escolares-de-caza-y-tiro-con-arco","status":"publish","type":"news","link":"https:\/\/www.cornyn.senate.gov\/es-mx\/news\/cornyn-sinema-y-tillis-aplauden-la-aprobacion-en-la-camara-de-representantes-de-un-proyecto-de-ley-para-proteger-los-programas-escolares-de-caza-y-tiro-con-arco\/","title":{"rendered":"Cornyn, Sinema y Tillis aplauden la aprobaci\u00f3n en la C\u00e1mara de Representantes de un proyecto de ley para proteger los programas escolares de caza y tiro con arco"},"content":{"rendered":"\t\t<div data-elementor-type=\"wp-post\" data-elementor-id=\"41566\" class=\"elementor elementor-41566 elementor-41550\" data-elementor-post-type=\"news\">\n\t\t\t\t\t\t<section class=\"elementor-section elementor-top-section elementor-element elementor-element-4092a7ca elementor-section-boxed elementor-section-height-default elementor-section-height-default\" data-id=\"4092a7ca\" data-element_type=\"section\" data-e-type=\"section\">\n\t\t\t\t\t\t<div class=\"elementor-container elementor-column-gap-default\">\n\t\t\t\t\t<div class=\"elementor-column elementor-col-100 elementor-top-column elementor-element elementor-element-217a91f\" data-id=\"217a91f\" data-element_type=\"column\" data-e-type=\"column\">\n\t\t\t<div class=\"elementor-widget-wrap elementor-element-populated\">\n\t\t\t\t\t\t<section class=\"elementor-section elementor-inner-section elementor-element elementor-element-76f0f11b elementor-section-boxed elementor-section-height-default elementor-section-height-default\" data-id=\"76f0f11b\" data-element_type=\"section\" data-e-type=\"section\">\n\t\t\t\t\t\t<div class=\"elementor-container elementor-column-gap-default\">\n\t\t\t\t\t<div class=\"elementor-column elementor-col-50 elementor-inner-column elementor-element elementor-element-11ead35c\" data-id=\"11ead35c\" data-element_type=\"column\" data-e-type=\"column\">\n\t\t\t<div class=\"elementor-widget-wrap elementor-element-populated\">\n\t\t\t\t\t\t<div class=\"elementor-element elementor-element-7847517a breadcrumb--back elementor-widget elementor-widget-button\" data-id=\"7847517a\" data-element_type=\"widget\" data-e-type=\"widget\" data-widget_type=\"button.default\">\n\t\t\t\t<div class=\"elementor-widget-container\">\n\t\t\t\t\t\t\t\t\t<div class=\"elementor-button-wrapper\">\n\t\t\t\t\t<a class=\"elementor-button elementor-button-link elementor-size-sm\" href=\"\/noticias\/\">\n\t\t\t\t\t\t<span class=\"elementor-button-content-wrapper\">\n\t\t\t\t\t\t<span class=\"elementor-button-icon\">\n\t\t\t\t<i aria-hidden=\"true\" class=\"icon icon-arrow-left\"><\/i>\t\t\t<\/span>\n\t\t\t\t\t\t\t\t\t<span class=\"elementor-button-text\">Noticias<\/span>\n\t\t\t\t\t<\/span>\n\t\t\t\t\t<\/a>\n\t\t\t\t<\/div>\n\t\t\t\t\t\t\t\t<\/div>\n\t\t\t\t<\/div>\n\t\t\t\t\t<\/div>\n\t\t<\/div>\n\t\t\t\t<div class=\"elementor-column elementor-col-50 elementor-inner-column elementor-element elementor-element-53376e01 content-page__content\" data-id=\"53376e01\" data-element_type=\"column\" data-e-type=\"column\">\n\t\t\t<div class=\"elementor-widget-wrap elementor-element-populated\">\n\t\t\t\t\t\t<div class=\"elementor-element elementor-element-32db60f1 elementor-widget elementor-widget-theme-post-title elementor-page-title elementor-widget-heading\" data-id=\"32db60f1\" data-element_type=\"widget\" data-e-type=\"widget\" data-widget_type=\"theme-post-title.default\">\n\t\t\t\t<div class=\"elementor-widget-container\">\n\t\t\t\t\t<h1 class=\"elementor-heading-title elementor-size-default\">Cornyn, Sinema y Tillis aplauden la aprobaci\u00f3n en la C\u00e1mara de Representantes de un proyecto de ley para proteger los programas escolares de caza y tiro con arco<\/h1>\t\t\t\t<\/div>\n\t\t\t\t<\/div>\n\t\t\t\t<div class=\"elementor-element elementor-element-47e3b23d elementor-widget-divider--view-line elementor-widget elementor-widget-divider\" data-id=\"47e3b23d\" data-element_type=\"widget\" data-e-type=\"widget\" data-widget_type=\"divider.default\">\n\t\t\t\t<div class=\"elementor-widget-container\">\n\t\t\t\t\t\t\t<div class=\"elementor-divider\">\n\t\t\t<span class=\"elementor-divider-separator\">\n\t\t\t\t\t\t<\/span>\n\t\t<\/div>\n\t\t\t\t\t\t<\/div>\n\t\t\t\t<\/div>\n\t\t\t\t<div class=\"elementor-element elementor-element-69e01e90 elementor-widget__width-initial elementor-widget-mobile__width-inherit elementor-widget elementor-widget-text-editor\" data-id=\"69e01e90\" data-element_type=\"widget\" data-e-type=\"widget\" data-widget_type=\"text-editor.default\">\n\t\t\t\t<div class=\"elementor-widget-container\">\n\t\t\t\t\t\t\t\t\tSeptember 27, 2023\t\t\t\t\t\t\t\t<\/div>\n\t\t\t\t<\/div>\n\t\t\t\t<div class=\"elementor-element elementor-element-39f02dbb elementor-share-buttons--view-icon elementor-share-buttons--skin-flat elementor-share-buttons--shape-circle elementor-share-buttons--color-custom share-buttons elementor-widget__width-initial elementor-widget-mobile__width-inherit elementor-grid-0 elementor-widget elementor-widget-share-buttons\" data-id=\"39f02dbb\" data-element_type=\"widget\" data-e-type=\"widget\" title=\"Share\" data-widget_type=\"share-buttons.default\">\n\t\t\t\t<div class=\"elementor-widget-container\">\n\t\t\t\t\t\t\t<div class=\"elementor-grid\" role=\"list\">\n\t\t\t\t\t\t\t\t<div class=\"elementor-grid-item\" role=\"listitem\">\n\t\t\t\t\t\t<div class=\"elementor-share-btn elementor-share-btn_email\" role=\"button\" tabindex=\"0\" aria-label=\"Share on email\">\n\t\t\t\t\t\t\t\t\t\t\t\t\t\t\t<span class=\"elementor-share-btn__icon\">\n\t\t\t\t\t\t\t\t<i class=\"fas fa-envelope\" aria-hidden=\"true\"><\/i>\t\t\t\t\t\t\t<\/span>\n\t\t\t\t\t\t\t\t\t\t\t\t\t\t\t\t\t\t\t\t<\/div>\n\t\t\t\t\t<\/div>\n\t\t\t\t\t\t\t\t\t<div class=\"elementor-grid-item\" role=\"listitem\">\n\t\t\t\t\t\t<div class=\"elementor-share-btn elementor-share-btn_linkedin\" role=\"button\" tabindex=\"0\" aria-label=\"Share on linkedin\">\n\t\t\t\t\t\t\t\t\t\t\t\t\t\t\t<span class=\"elementor-share-btn__icon\">\n\t\t\t\t\t\t\t\t<i class=\"fab fa-linkedin\" aria-hidden=\"true\"><\/i>\t\t\t\t\t\t\t<\/span>\n\t\t\t\t\t\t\t\t\t\t\t\t\t\t\t\t\t\t\t\t<\/div>\n\t\t\t\t\t<\/div>\n\t\t\t\t\t\t\t\t\t<div class=\"elementor-grid-item\" role=\"listitem\">\n\t\t\t\t\t\t<div class=\"elementor-share-btn elementor-share-btn_facebook\" role=\"button\" tabindex=\"0\" aria-label=\"Share on facebook\">\n\t\t\t\t\t\t\t\t\t\t\t\t\t\t\t<span class=\"elementor-share-btn__icon\">\n\t\t\t\t\t\t\t\t<i class=\"fab fa-facebook\" aria-hidden=\"true\"><\/i>\t\t\t\t\t\t\t<\/span>\n\t\t\t\t\t\t\t\t\t\t\t\t\t\t\t\t\t\t\t\t<\/div>\n\t\t\t\t\t<\/div>\n\t\t\t\t\t\t<\/div>\n\t\t\t\t\t\t<\/div>\n\t\t\t\t<\/div>\n\t\t\t\t<div class=\"elementor-element elementor-element-52e5e4e8 callout-box elementor-widget elementor-widget-text-editor\" data-id=\"52e5e4e8\" data-element_type=\"widget\" data-e-type=\"widget\" data-widget_type=\"text-editor.default\">\n\t\t\t\t<div class=\"elementor-widget-container\">\n\t\t\t\t\t\t\t\t\t<p style=\"text-align: center;\"><em>La legislaci\u00f3n del Programa de Enriquecimiento Educativo de los Senadores refleja el proyecto aprobado por la C\u00e1mara<\/em><\/p>\n\t\t\t\t\t\t\t\t<\/div>\n\t\t\t\t<\/div>\n\t\t\t\t<div class=\"elementor-element elementor-element-64085c09 elementor-widget elementor-widget-text-editor\" data-id=\"64085c09\" data-element_type=\"widget\" data-e-type=\"widget\" data-widget_type=\"text-editor.default\">\n\t\t\t\t<div class=\"elementor-widget-container\">\n\t\t\t\t\t\t\t\t\t<p><strong>WASHINGTON <\/strong>\u2013 U.S. Senators John Cornyn (R-TX), Kyrsten Sinema (I-AZ), and Thom Tillis (R-NC) released the following statements after the <em>Ley de protecci\u00f3n del patrimonio y la educaci\u00f3n cineg\u00e9ticos<\/em>, que aclarar\u00eda que los estudiantes pueden seguir teniendo acceso a programas y actividades de enriquecimiento educativo como el tiro con arco y la educaci\u00f3n en seguridad cineg\u00e9tica en el marco de la Ley de protecci\u00f3n del patrimonio y la educaci\u00f3n cineg\u00e9ticos. <a href=\"https:\/\/www.cornyn.senate.gov\/es-mx\/la-ley-bipartidista-de-comunidades-seguras\/\"><em>Ley bipartidista de comunidades m\u00e1s seguras <\/em><\/a>aprobada en la C\u00e1mara de Representantes:<\/p>\n<p>&#8220;La <em>interpretaci\u00f3n err\u00f3nea de estas disposiciones por parte de la administraci\u00f3n Biden ha puesto en peligro programas de enriquecimiento educativo como la caza y el tiro con arco, que desempe\u00f1an un papel fundamental en el desarrollo y el bienestar de nuestra pr\u00f3xima generaci\u00f3n&#8221;, <\/em>dijo el senador Cornyn.<em> &#8220;Esta legislaci\u00f3n garantizar\u00eda que estos programas sigan estando disponibles en las escuelas de todo el pa\u00eds, e insto al Senado a que la apruebe lo antes posible&#8221;.<\/em><\/p>\n<p>&#8220;Los <em>cursos escolares de tiro con arco y seguridad en la caza ayudan a los estudiantes de Arizona a aprender y crecer mientras disfrutan del aire libre&#8221;, <\/em>dijo la senadora Sinema.<em> &#8220;La aprobaci\u00f3n por la C\u00e1mara de nuestro proyecto de ley nos mueve un paso m\u00e1s cerca de asegurar que la Administraci\u00f3n siga la ley que escribimos para que los arizonenses puedan seguir benefici\u00e1ndose de estos cursos educativos.&#8221;<\/em><\/p>\n<p>&#8220;<em>La Ley Bipartidista de Comunidades m\u00e1s Seguras fue un esfuerzo de buena fe para proporcionar financiaci\u00f3n hist\u00f3rica para la salud mental, endurecer las escuelas en todo el pa\u00eds y fortalecer las leyes de seguridad de armas existentes, protegiendo al mismo tiempo los derechos constitucionales de todos los estadounidenses&#8221;, <\/em>dijo el senador Tillis. <em>&#8220;La<\/em><i> La interpretaci\u00f3n partidista de la Administraci\u00f3n Biden de la BSCA para eliminar la educaci\u00f3n cineg\u00e9tica en las escuelas es una bofetada a millones de estadounidenses, especialmente en las zonas rurales, y desalienta la cooperaci\u00f3n bipartidista en el Congreso. Los programas de educaci\u00f3n cineg\u00e9tica cuentan con un amplio apoyo bipartidista en el Congreso, y quiero dar las gracias a mis colegas de la C\u00e1mara de Representantes por haber aprobado r\u00e1pidamente esta legislaci\u00f3n para garantizar que los funcionarios de Biden, acaparadores de armas, no tengan margen de error. El Senado debe retomar esta legislaci\u00f3n inmediatamente y enviarla a la mesa del Presidente&#8221;.<\/i><\/p>\n<p><a href=\"https:\/\/markgreen.house.gov\/2023\/8\/rep-green-introduces-bill-to-protect-extracurricular-classes-in-tn-schools\">Presentada<\/a> en la C\u00e1mara de Representantes por el congresista Mark Green (TN-07), esta legislaci\u00f3n es id\u00e9ntica a la versi\u00f3n <a href=\"https:\/\/www.cornyn.senate.gov\/es-mx\/?post_type=news&#038;p=41476\">presentada<\/a> a principios de este mes por los senadores Cornyn, Tillis y Sinema y copatrocinada por la senadora Shelley Moore Capito (R-WV). Cornyn, Tillis y Sinema y copatrocinada por la senadora Shelley Moore Capito (R-WV).<\/p>\n<p><u>Antecedentes: <\/u><\/p>\n<p>El <em>Ley de protecci\u00f3n del patrimonio y la educaci\u00f3n cineg\u00e9ticos <\/em>modificar\u00eda la <em>Elementary and Secondary Education Act of 1965 <\/em>(ESEA) para aclarar que la prohibici\u00f3n de utilizar fondos federales de educaci\u00f3n para ciertas armas no se aplica al uso de dichas armas en programas extraescolares como tiro con arco, caza, otros deportes de tiro o artes culinarias.<\/p>\n<p>La legislaci\u00f3n se basa en una <a href=\"https:\/\/www.cornyn.senate.gov\/es-mx\/news\/cornyn-y-sus-colegas-instan-al-gobierno-de-biden-a-poner-fin-a-la-represion-de-los-programas-escolares-de-caza-y-tiro-con-arco\/\">carta reciente<\/a> que el Senador Cornyn dirigi\u00f3 junto con 17 de sus colegas del Senado instando al Secretario del Departamento de Educaci\u00f3n de EE.UU., Miguel Cardona, a aplicar la <a href=\"https:\/\/www.cornyn.senate.gov\/es-mx\/la-ley-bipartidista-de-comunidades-seguras\/\"><em>Ley Bipartidista de Comunidades m\u00e1s Seguras<\/em><\/a> como pretend\u00eda el Congreso y restaurar la financiaci\u00f3n federal para actividades educativas como la caza y el tiro con arco. El senador Cornyn tambi\u00e9n dirigi\u00f3 una <a href=\"https:\/\/www.cornyn.senate.gov\/wp-content\/uploads\/2023\/09\/Letter-to-Senate-Appropriations-to-Clarify-BSCA-re_-Archery-and-Hunting-Safety-Education-FINAL.pdf\">carta<\/a> con 16 de sus colegas del Senado instando a la direcci\u00f3n del Comit\u00e9 de Asignaciones del Senado a aclarar que los distritos escolares pueden seguir utilizando sus fondos de la ESEA para proporcionar programas y actividades de enriquecimiento educativo, incluida la caza, al aire libre, tiro con arco y educaci\u00f3n culinaria, en el proyecto de ley de asignaciones de Trabajo, Salud y Servicios Humanos, Educaci\u00f3n y Agencias Relacionadas del a\u00f1o fiscal 24.<\/p>\n\t\t\t\t\t\t\t\t<\/div>\n\t\t\t\t<\/div>\n\t\t\t\t\t<\/div>\n\t\t<\/div>\n\t\t\t\t\t<\/div>\n\t\t<\/section>\n\t\t\t\t\t<\/div>\n\t\t<\/div>\n\t\t\t\t\t<\/div>\n\t\t<\/section>\n\t\t\t\t<\/div>\n\t\t","protected":false},"author":20,"template":"","news-type":[161],"issues":[183],"class_list":["post-41566","news","type-news","status-publish","hentry","news-type-press-releases-es-mx","issues-second-amendment-es-mx"],"acf":[],"yoast_head":"<!-- This site is optimized with the Yoast SEO plugin v27.2 - https:\/\/yoast.com\/product\/yoast-seo-wordpress\/ -->\n<title>Cornyn, Sinema y Tillis aplauden la aprobaci\u00f3n en la C\u00e1mara de Representantes de un proyecto de ley para proteger los programas escolares de caza y tiro con arco - Senator Cornyn<\/title>\n<meta name=\"robots\" content=\"index, follow, max-snippet:-1, max-image-preview:large, max-video-preview:-1\" \/>\n<link rel=\"canonical\" href=\"https:\/\/www.cornyn.senate.gov\/es-mx\/news\/cornyn-sinema-y-tillis-aplauden-la-aprobacion-en-la-camara-de-representantes-de-un-proyecto-de-ley-para-proteger-los-programas-escolares-de-caza-y-tiro-con-arco\/\" \/>\n<meta property=\"og:locale\" content=\"es_MX\" \/>\n<meta property=\"og:type\" content=\"article\" \/>\n<meta property=\"og:title\" content=\"Cornyn, Sinema y Tillis aplauden la aprobaci\u00f3n en la C\u00e1mara de Representantes de un proyecto de ley para proteger los programas escolares de caza y tiro con arco - Senator Cornyn\" \/>\n<meta property=\"og:description\" content=\"Noticias La legislaci\u00f3n del Programa de Enriquecimiento Educativo de los Senadores refleja el proyecto aprobado por la C\u00e1mara WASHINGTON \u2013 U.S. Senators John Cornyn (R-TX), Kyrsten Sinema (I-AZ), and Thom Tillis (R-NC) released the following statements after the Ley de protecci\u00f3n del patrimonio y la educaci\u00f3n cineg\u00e9ticos, que aclarar\u00eda que los estudiantes pueden seguir teniendo [&hellip;]\" \/>\n<meta property=\"og:url\" content=\"https:\/\/www.cornyn.senate.gov\/es-mx\/news\/cornyn-sinema-y-tillis-aplauden-la-aprobacion-en-la-camara-de-representantes-de-un-proyecto-de-ley-para-proteger-los-programas-escolares-de-caza-y-tiro-con-arco\/\" \/>\n<meta property=\"og:site_name\" content=\"Senator Cornyn\" \/>\n<meta property=\"article:publisher\" content=\"https:\/\/www.facebook.com\/SenJohnCornyn\" \/>\n<meta property=\"article:modified_time\" content=\"2024-07-11T17:52:02+00:00\" \/>\n<meta property=\"og:image\" content=\"https:\/\/www.cornyn.senate.gov\/wp-content\/uploads\/2023\/11\/Twitter-Card-Dec-23-1024x535.png\" \/>\n\t<meta property=\"og:image:width\" content=\"1024\" \/>\n\t<meta property=\"og:image:height\" content=\"535\" \/>\n\t<meta property=\"og:image:type\" content=\"image\/png\" \/>\n<meta name=\"twitter:card\" content=\"summary_large_image\" \/>\n<meta name=\"twitter:site\" content=\"@johncornyn\" \/>\n<meta name=\"twitter:label1\" content=\"Est. reading time\" \/>\n\t<meta name=\"twitter:data1\" content=\"4 minutes\" \/>\n<script type=\"application\/ld+json\" class=\"yoast-schema-graph\">{\"@context\":\"https:\/\/schema.org\",\"@graph\":[{\"@type\":\"WebPage\",\"@id\":\"https:\/\/www.cornyn.senate.gov\/es-mx\/news\/cornyn-sinema-y-tillis-aplauden-la-aprobacion-en-la-camara-de-representantes-de-un-proyecto-de-ley-para-proteger-los-programas-escolares-de-caza-y-tiro-con-arco\/\",\"url\":\"https:\/\/www.cornyn.senate.gov\/es-mx\/news\/cornyn-sinema-y-tillis-aplauden-la-aprobacion-en-la-camara-de-representantes-de-un-proyecto-de-ley-para-proteger-los-programas-escolares-de-caza-y-tiro-con-arco\/\",\"name\":\"Cornyn, Sinema y Tillis aplauden la aprobaci\u00f3n en la C\u00e1mara de Representantes de un proyecto de ley para proteger los programas escolares de caza y tiro con arco - Senator Cornyn\",\"isPartOf\":{\"@id\":\"https:\/\/www.cornyn.senate.gov\/es-mx\/#website\"},\"datePublished\":\"2023-09-27T13:21:06+00:00\",\"dateModified\":\"2024-07-11T17:52:02+00:00\",\"breadcrumb\":{\"@id\":\"https:\/\/www.cornyn.senate.gov\/es-mx\/news\/cornyn-sinema-y-tillis-aplauden-la-aprobacion-en-la-camara-de-representantes-de-un-proyecto-de-ley-para-proteger-los-programas-escolares-de-caza-y-tiro-con-arco\/#breadcrumb\"},\"inLanguage\":\"es-MX\",\"potentialAction\":[{\"@type\":\"ReadAction\",\"target\":[\"https:\/\/www.cornyn.senate.gov\/es-mx\/news\/cornyn-sinema-y-tillis-aplauden-la-aprobacion-en-la-camara-de-representantes-de-un-proyecto-de-ley-para-proteger-los-programas-escolares-de-caza-y-tiro-con-arco\/\"]}]},{\"@type\":\"BreadcrumbList\",\"@id\":\"https:\/\/www.cornyn.senate.gov\/es-mx\/news\/cornyn-sinema-y-tillis-aplauden-la-aprobacion-en-la-camara-de-representantes-de-un-proyecto-de-ley-para-proteger-los-programas-escolares-de-caza-y-tiro-con-arco\/#breadcrumb\",\"itemListElement\":[{\"@type\":\"ListItem\",\"position\":1,\"name\":\"Home\",\"item\":\"https:\/\/www.cornyn.senate.gov\/es-mx\/\"},{\"@type\":\"ListItem\",\"position\":2,\"name\":\"News\",\"item\":\"https:\/\/www.cornyn.senate.gov\/es-mx\/news\/\"},{\"@type\":\"ListItem\",\"position\":3,\"name\":\"Cornyn, Sinema y Tillis aplauden la aprobaci\u00f3n en la C\u00e1mara de Representantes de un proyecto de ley para proteger los programas escolares de caza y tiro con arco\"}]},{\"@type\":\"WebSite\",\"@id\":\"https:\/\/www.cornyn.senate.gov\/es-mx\/#website\",\"url\":\"https:\/\/www.cornyn.senate.gov\/es-mx\/\",\"name\":\"Senator Cornyn\",\"description\":\"\",\"publisher\":{\"@id\":\"https:\/\/www.cornyn.senate.gov\/es-mx\/#organization\"},\"potentialAction\":[{\"@type\":\"SearchAction\",\"target\":{\"@type\":\"EntryPoint\",\"urlTemplate\":\"https:\/\/www.cornyn.senate.gov\/es-mx\/?s={search_term_string}\"},\"query-input\":{\"@type\":\"PropertyValueSpecification\",\"valueRequired\":true,\"valueName\":\"search_term_string\"}}],\"inLanguage\":\"es-MX\"},{\"@type\":\"Organization\",\"@id\":\"https:\/\/www.cornyn.senate.gov\/es-mx\/#organization\",\"name\":\"Senator Cornyn\",\"url\":\"https:\/\/www.cornyn.senate.gov\/es-mx\/\",\"logo\":{\"@type\":\"ImageObject\",\"inLanguage\":\"es-MX\",\"@id\":\"https:\/\/www.cornyn.senate.gov\/es-mx\/#\/schema\/logo\/image\/\",\"url\":\"https:\/\/www.cornyn.senate.gov\/wp-content\/uploads\/2022\/01\/Logo-2.svg\",\"contentUrl\":\"https:\/\/www.cornyn.senate.gov\/wp-content\/uploads\/2022\/01\/Logo-2.svg\",\"caption\":\"Senator Cornyn\"},\"image\":{\"@id\":\"https:\/\/www.cornyn.senate.gov\/es-mx\/#\/schema\/logo\/image\/\"},\"sameAs\":[\"https:\/\/www.facebook.com\/SenJohnCornyn\",\"https:\/\/x.com\/johncornyn\"]}]}<\/script>\n<!-- \/ Yoast SEO plugin. -->","yoast_head_json":{"title":"Cornyn, Sinema y Tillis aplauden la aprobaci\u00f3n en la C\u00e1mara de Representantes de un proyecto de ley para proteger los programas escolares de caza y tiro con arco - Senator Cornyn","robots":{"index":"index","follow":"follow","max-snippet":"max-snippet:-1","max-image-preview":"max-image-preview:large","max-video-preview":"max-video-preview:-1"},"canonical":"https:\/\/www.cornyn.senate.gov\/es-mx\/news\/cornyn-sinema-y-tillis-aplauden-la-aprobacion-en-la-camara-de-representantes-de-un-proyecto-de-ley-para-proteger-los-programas-escolares-de-caza-y-tiro-con-arco\/","og_locale":"es_MX","og_type":"article","og_title":"Cornyn, Sinema y Tillis aplauden la aprobaci\u00f3n en la C\u00e1mara de Representantes de un proyecto de ley para proteger los programas escolares de caza y tiro con arco - Senator Cornyn","og_description":"Noticias La legislaci\u00f3n del Programa de Enriquecimiento Educativo de los Senadores refleja el proyecto aprobado por la C\u00e1mara WASHINGTON \u2013 U.S. Senators John Cornyn (R-TX), Kyrsten Sinema (I-AZ), and Thom Tillis (R-NC) released the following statements after the Ley de protecci\u00f3n del patrimonio y la educaci\u00f3n cineg\u00e9ticos, que aclarar\u00eda que los estudiantes pueden seguir teniendo [&hellip;]","og_url":"https:\/\/www.cornyn.senate.gov\/es-mx\/news\/cornyn-sinema-y-tillis-aplauden-la-aprobacion-en-la-camara-de-representantes-de-un-proyecto-de-ley-para-proteger-los-programas-escolares-de-caza-y-tiro-con-arco\/","og_site_name":"Senator Cornyn","article_publisher":"https:\/\/www.facebook.com\/SenJohnCornyn","article_modified_time":"2024-07-11T17:52:02+00:00","og_image":[{"width":1024,"height":535,"url":"https:\/\/www.cornyn.senate.gov\/wp-content\/uploads\/2023\/11\/Twitter-Card-Dec-23-1024x535.png","type":"image\/png"}],"twitter_card":"summary_large_image","twitter_site":"@johncornyn","twitter_misc":{"Est. reading time":"4 minutes"},"schema":{"@context":"https:\/\/schema.org","@graph":[{"@type":"WebPage","@id":"https:\/\/www.cornyn.senate.gov\/es-mx\/news\/cornyn-sinema-y-tillis-aplauden-la-aprobacion-en-la-camara-de-representantes-de-un-proyecto-de-ley-para-proteger-los-programas-escolares-de-caza-y-tiro-con-arco\/","url":"https:\/\/www.cornyn.senate.gov\/es-mx\/news\/cornyn-sinema-y-tillis-aplauden-la-aprobacion-en-la-camara-de-representantes-de-un-proyecto-de-ley-para-proteger-los-programas-escolares-de-caza-y-tiro-con-arco\/","name":"Cornyn, Sinema y Tillis aplauden la aprobaci\u00f3n en la C\u00e1mara de Representantes de un proyecto de ley para proteger los programas escolares de caza y tiro con arco - Senator Cornyn","isPartOf":{"@id":"https:\/\/www.cornyn.senate.gov\/es-mx\/#website"},"datePublished":"2023-09-27T13:21:06+00:00","dateModified":"2024-07-11T17:52:02+00:00","breadcrumb":{"@id":"https:\/\/www.cornyn.senate.gov\/es-mx\/news\/cornyn-sinema-y-tillis-aplauden-la-aprobacion-en-la-camara-de-representantes-de-un-proyecto-de-ley-para-proteger-los-programas-escolares-de-caza-y-tiro-con-arco\/#breadcrumb"},"inLanguage":"es-MX","potentialAction":[{"@type":"ReadAction","target":["https:\/\/www.cornyn.senate.gov\/es-mx\/news\/cornyn-sinema-y-tillis-aplauden-la-aprobacion-en-la-camara-de-representantes-de-un-proyecto-de-ley-para-proteger-los-programas-escolares-de-caza-y-tiro-con-arco\/"]}]},{"@type":"BreadcrumbList","@id":"https:\/\/www.cornyn.senate.gov\/es-mx\/news\/cornyn-sinema-y-tillis-aplauden-la-aprobacion-en-la-camara-de-representantes-de-un-proyecto-de-ley-para-proteger-los-programas-escolares-de-caza-y-tiro-con-arco\/#breadcrumb","itemListElement":[{"@type":"ListItem","position":1,"name":"Home","item":"https:\/\/www.cornyn.senate.gov\/es-mx\/"},{"@type":"ListItem","position":2,"name":"News","item":"https:\/\/www.cornyn.senate.gov\/es-mx\/news\/"},{"@type":"ListItem","position":3,"name":"Cornyn, Sinema y Tillis aplauden la aprobaci\u00f3n en la C\u00e1mara de Representantes de un proyecto de ley para proteger los programas escolares de caza y tiro con arco"}]},{"@type":"WebSite","@id":"https:\/\/www.cornyn.senate.gov\/es-mx\/#website","url":"https:\/\/www.cornyn.senate.gov\/es-mx\/","name":"Senator Cornyn","description":"","publisher":{"@id":"https:\/\/www.cornyn.senate.gov\/es-mx\/#organization"},"potentialAction":[{"@type":"SearchAction","target":{"@type":"EntryPoint","urlTemplate":"https:\/\/www.cornyn.senate.gov\/es-mx\/?s={search_term_string}"},"query-input":{"@type":"PropertyValueSpecification","valueRequired":true,"valueName":"search_term_string"}}],"inLanguage":"es-MX"},{"@type":"Organization","@id":"https:\/\/www.cornyn.senate.gov\/es-mx\/#organization","name":"Senator Cornyn","url":"https:\/\/www.cornyn.senate.gov\/es-mx\/","logo":{"@type":"ImageObject","inLanguage":"es-MX","@id":"https:\/\/www.cornyn.senate.gov\/es-mx\/#\/schema\/logo\/image\/","url":"https:\/\/www.cornyn.senate.gov\/wp-content\/uploads\/2022\/01\/Logo-2.svg","contentUrl":"https:\/\/www.cornyn.senate.gov\/wp-content\/uploads\/2022\/01\/Logo-2.svg","caption":"Senator Cornyn"},"image":{"@id":"https:\/\/www.cornyn.senate.gov\/es-mx\/#\/schema\/logo\/image\/"},"sameAs":["https:\/\/www.facebook.com\/SenJohnCornyn","https:\/\/x.com\/johncornyn"]}]}},"_links":{"self":[{"href":"https:\/\/www.cornyn.senate.gov\/es-mx\/wp-json\/wp\/v2\/news\/41566","targetHints":{"allow":["GET"]}}],"collection":[{"href":"https:\/\/www.cornyn.senate.gov\/es-mx\/wp-json\/wp\/v2\/news"}],"about":[{"href":"https:\/\/www.cornyn.senate.gov\/es-mx\/wp-json\/wp\/v2\/types\/news"}],"author":[{"embeddable":true,"href":"https:\/\/www.cornyn.senate.gov\/es-mx\/wp-json\/wp\/v2\/users\/20"}],"version-history":[{"count":1,"href":"https:\/\/www.cornyn.senate.gov\/es-mx\/wp-json\/wp\/v2\/news\/41566\/revisions"}],"predecessor-version":[{"id":41568,"href":"https:\/\/www.cornyn.senate.gov\/es-mx\/wp-json\/wp\/v2\/news\/41566\/revisions\/41568"}],"wp:attachment":[{"href":"https:\/\/www.cornyn.senate.gov\/es-mx\/wp-json\/wp\/v2\/media?parent=41566"}],"wp:term":[{"taxonomy":"news-type","embeddable":true,"href":"https:\/\/www.cornyn.senate.gov\/es-mx\/wp-json\/wp\/v2\/news-type?post=41566"},{"taxonomy":"issues","embeddable":true,"href":"https:\/\/www.cornyn.senate.gov\/es-mx\/wp-json\/wp\/v2\/issues?post=41566"}],"curies":[{"name":"wp","href":"https:\/\/api.w.org\/{rel}","templated":true}]}}