{"id":42208,"date":"2023-10-25T11:41:50","date_gmt":"2023-10-25T15:41:50","guid":{"rendered":"https:\/\/www.cornyn.senate.gov\/?post_type=news&#038;p=42208"},"modified":"2024-07-11T13:47:30","modified_gmt":"2024-07-11T17:47:30","slug":"foto-cornyn-se-reune-con-aipac-y-defensores-de-los-judios-de-texas","status":"publish","type":"news","link":"https:\/\/www.cornyn.senate.gov\/es-mx\/news\/foto-cornyn-se-reune-con-aipac-y-defensores-de-los-judios-de-texas\/","title":{"rendered":"FOTO: Cornyn se re\u00fane con AIPAC y defensores de los jud\u00edos de Texas"},"content":{"rendered":"\t\t<div data-elementor-type=\"wp-post\" data-elementor-id=\"42208\" class=\"elementor elementor-42208 elementor-42192\" data-elementor-post-type=\"news\">\n\t\t\t\t\t\t<section class=\"elementor-section elementor-top-section elementor-element elementor-element-79ced4f1 elementor-section-boxed elementor-section-height-default elementor-section-height-default\" data-id=\"79ced4f1\" data-element_type=\"section\" data-e-type=\"section\">\n\t\t\t\t\t\t<div class=\"elementor-container elementor-column-gap-default\">\n\t\t\t\t\t<div class=\"elementor-column elementor-col-100 elementor-top-column elementor-element elementor-element-18c7a531\" data-id=\"18c7a531\" data-element_type=\"column\" data-e-type=\"column\">\n\t\t\t<div class=\"elementor-widget-wrap elementor-element-populated\">\n\t\t\t\t\t\t<section class=\"elementor-section elementor-inner-section elementor-element elementor-element-7d226a7 elementor-section-boxed elementor-section-height-default elementor-section-height-default\" data-id=\"7d226a7\" data-element_type=\"section\" data-e-type=\"section\">\n\t\t\t\t\t\t<div class=\"elementor-container elementor-column-gap-default\">\n\t\t\t\t\t<div class=\"elementor-column elementor-col-50 elementor-inner-column elementor-element elementor-element-6ec9c56\" data-id=\"6ec9c56\" data-element_type=\"column\" data-e-type=\"column\">\n\t\t\t<div class=\"elementor-widget-wrap elementor-element-populated\">\n\t\t\t\t\t\t<div class=\"elementor-element elementor-element-27dbfd52 breadcrumb--back elementor-widget elementor-widget-button\" data-id=\"27dbfd52\" data-element_type=\"widget\" data-e-type=\"widget\" data-widget_type=\"button.default\">\n\t\t\t\t<div class=\"elementor-widget-container\">\n\t\t\t\t\t\t\t\t\t<div class=\"elementor-button-wrapper\">\n\t\t\t\t\t<a class=\"elementor-button elementor-button-link elementor-size-sm\" href=\"\/noticias\/\">\n\t\t\t\t\t\t<span class=\"elementor-button-content-wrapper\">\n\t\t\t\t\t\t<span class=\"elementor-button-icon\">\n\t\t\t\t<i aria-hidden=\"true\" class=\"icon icon-arrow-left\"><\/i>\t\t\t<\/span>\n\t\t\t\t\t\t\t\t\t<span class=\"elementor-button-text\">Noticias<\/span>\n\t\t\t\t\t<\/span>\n\t\t\t\t\t<\/a>\n\t\t\t\t<\/div>\n\t\t\t\t\t\t\t\t<\/div>\n\t\t\t\t<\/div>\n\t\t\t\t\t<\/div>\n\t\t<\/div>\n\t\t\t\t<div class=\"elementor-column elementor-col-50 elementor-inner-column elementor-element elementor-element-78eead16 content-page__content\" data-id=\"78eead16\" data-element_type=\"column\" data-e-type=\"column\">\n\t\t\t<div class=\"elementor-widget-wrap elementor-element-populated\">\n\t\t\t\t\t\t<div class=\"elementor-element elementor-element-79717758 elementor-widget elementor-widget-theme-post-title elementor-page-title elementor-widget-heading\" data-id=\"79717758\" data-element_type=\"widget\" data-e-type=\"widget\" data-widget_type=\"theme-post-title.default\">\n\t\t\t\t<div class=\"elementor-widget-container\">\n\t\t\t\t\t<h1 class=\"elementor-heading-title elementor-size-default\">FOTO: Cornyn se re\u00fane con AIPAC y defensores de los jud\u00edos de Texas<\/h1>\t\t\t\t<\/div>\n\t\t\t\t<\/div>\n\t\t\t\t<div class=\"elementor-element elementor-element-3d79c778 elementor-widget-divider--view-line elementor-widget elementor-widget-divider\" data-id=\"3d79c778\" data-element_type=\"widget\" data-e-type=\"widget\" data-widget_type=\"divider.default\">\n\t\t\t\t<div class=\"elementor-widget-container\">\n\t\t\t\t\t\t\t<div class=\"elementor-divider\">\n\t\t\t<span class=\"elementor-divider-separator\">\n\t\t\t\t\t\t<\/span>\n\t\t<\/div>\n\t\t\t\t\t\t<\/div>\n\t\t\t\t<\/div>\n\t\t\t\t<div class=\"elementor-element elementor-element-de74647 elementor-widget__width-initial elementor-widget-mobile__width-inherit elementor-widget elementor-widget-text-editor\" data-id=\"de74647\" data-element_type=\"widget\" data-e-type=\"widget\" data-widget_type=\"text-editor.default\">\n\t\t\t\t<div class=\"elementor-widget-container\">\n\t\t\t\t\t\t\t\t\tOctober 25, 2023\t\t\t\t\t\t\t\t<\/div>\n\t\t\t\t<\/div>\n\t\t\t\t<div class=\"elementor-element elementor-element-399ffee elementor-share-buttons--view-icon elementor-share-buttons--skin-flat elementor-share-buttons--shape-circle elementor-share-buttons--color-custom share-buttons elementor-widget__width-initial elementor-widget-mobile__width-inherit elementor-grid-0 elementor-widget elementor-widget-share-buttons\" data-id=\"399ffee\" data-element_type=\"widget\" data-e-type=\"widget\" title=\"Share\" data-widget_type=\"share-buttons.default\">\n\t\t\t\t<div class=\"elementor-widget-container\">\n\t\t\t\t\t\t\t<div class=\"elementor-grid\" role=\"list\">\n\t\t\t\t\t\t\t\t<div class=\"elementor-grid-item\" role=\"listitem\">\n\t\t\t\t\t\t<div class=\"elementor-share-btn elementor-share-btn_email\" role=\"button\" tabindex=\"0\" aria-label=\"Share on email\">\n\t\t\t\t\t\t\t\t\t\t\t\t\t\t\t<span class=\"elementor-share-btn__icon\">\n\t\t\t\t\t\t\t\t<i class=\"fas fa-envelope\" aria-hidden=\"true\"><\/i>\t\t\t\t\t\t\t<\/span>\n\t\t\t\t\t\t\t\t\t\t\t\t\t\t\t\t\t\t\t\t<\/div>\n\t\t\t\t\t<\/div>\n\t\t\t\t\t\t\t\t\t<div class=\"elementor-grid-item\" role=\"listitem\">\n\t\t\t\t\t\t<div class=\"elementor-share-btn elementor-share-btn_linkedin\" role=\"button\" tabindex=\"0\" aria-label=\"Share on linkedin\">\n\t\t\t\t\t\t\t\t\t\t\t\t\t\t\t<span class=\"elementor-share-btn__icon\">\n\t\t\t\t\t\t\t\t<i class=\"fab fa-linkedin\" aria-hidden=\"true\"><\/i>\t\t\t\t\t\t\t<\/span>\n\t\t\t\t\t\t\t\t\t\t\t\t\t\t\t\t\t\t\t\t<\/div>\n\t\t\t\t\t<\/div>\n\t\t\t\t\t\t\t\t\t<div class=\"elementor-grid-item\" role=\"listitem\">\n\t\t\t\t\t\t<div class=\"elementor-share-btn elementor-share-btn_facebook\" role=\"button\" tabindex=\"0\" aria-label=\"Share on facebook\">\n\t\t\t\t\t\t\t\t\t\t\t\t\t\t\t<span class=\"elementor-share-btn__icon\">\n\t\t\t\t\t\t\t\t<i class=\"fab fa-facebook\" aria-hidden=\"true\"><\/i>\t\t\t\t\t\t\t<\/span>\n\t\t\t\t\t\t\t\t\t\t\t\t\t\t\t\t\t\t\t\t<\/div>\n\t\t\t\t\t<\/div>\n\t\t\t\t\t\t<\/div>\n\t\t\t\t\t\t<\/div>\n\t\t\t\t<\/div>\n\t\t\t\t<div class=\"elementor-element elementor-element-6beb7c57 elementor-widget elementor-widget-text-editor\" data-id=\"6beb7c57\" data-element_type=\"widget\" data-e-type=\"widget\" data-widget_type=\"text-editor.default\">\n\t\t\t\t<div class=\"elementor-widget-container\">\n\t\t\t\t\t\t\t\t\t<p><strong>WASHINGTON<\/strong> &#8211; El senador John Cornyn (republicano de Texas) se ha reunido hoy con la direcci\u00f3n del Comit\u00e9 Estadounidense-Israel\u00ed de Asuntos P\u00fablicos (AIPAC) y con miembros de la comunidad jud\u00eda de Texas para hablar de los ataques no provocados de Ham\u00e1s contra Israel y de la respuesta de Estados Unidos. El senador Cornyn <a href=\"https:\/\/www.cornyn.senate.gov\/news\/cornyn-applauds-senate-passage-of-resolution-supporting-israel\/\">copatrocin\u00f3<\/a> una resoluci\u00f3n bipartidista de apoyo a Israel que fue aprobada por unanimidad en el Senado la semana pasada. Puede consultar una lista actualizada de las acciones legislativas que el Senador Cornyn ha emprendido para apoyar a Israel <a href=\"https:\/\/www.cornyn.senate.gov\/important-updates\/the-war-in-israel\/\">aqu\u00ed<\/a>.<\/p>\n<p>Ver foto adjunta y abajo. Jon Pinkus (en la foto de la izquierda) es un antiguo l\u00edder de la comunidad jud\u00eda de Dallas. \u00c9l y su esposa Lillian, ex presidenta del AIPAC, apoyan desde hace tiempo a varias organizaciones proisrael\u00edes. Debbie Rudy (en la foto de la derecha) ha desempe\u00f1ado un papel fundamental en el fomento de una comunidad jud\u00eda din\u00e1mica en Austin y ha recibido el Premio Humanitario LBJ de Shalom Austin.<\/p>\n<p><img fetchpriority=\"high\" decoding=\"async\" class=\"alignnone size-large wp-image-42188\" src=\"https:\/\/www.cornyn.senate.gov\/wp-content\/uploads\/2023\/10\/AIPAC-Photo-1024x683.jpg\" alt=\"\" width=\"800\" height=\"534\" srcset=\"https:\/\/www.cornyn.senate.gov\/wp-content\/uploads\/2023\/10\/AIPAC-Photo-1024x683.jpg 1024w, https:\/\/www.cornyn.senate.gov\/wp-content\/uploads\/2023\/10\/AIPAC-Photo-300x200.jpg 300w, https:\/\/www.cornyn.senate.gov\/wp-content\/uploads\/2023\/10\/AIPAC-Photo-768x512.jpg 768w, https:\/\/www.cornyn.senate.gov\/wp-content\/uploads\/2023\/10\/AIPAC-Photo-1536x1024.jpg 1536w, https:\/\/www.cornyn.senate.gov\/wp-content\/uploads\/2023\/10\/AIPAC-Photo-2048x1365.jpg 2048w\" sizes=\"(max-width: 800px) 100vw, 800px\" \/><\/p>\n<p style=\"text-align: center;\"><em>Esta imagen es de dominio p\u00fablico, pero quienes deseen hacerlo pueden citar a la Oficina del Senador de EE.UU. John Cornyn.<\/em><\/p>\n<p style=\"text-align: center;\"><em>El senador John Cornyn, republicano por Texas, es miembro de las comisiones de Finanzas, Inteligencia <\/em><em>y del Comit\u00e9 Judicial.<\/em><\/p>\n\t\t\t\t\t\t\t\t<\/div>\n\t\t\t\t<\/div>\n\t\t\t\t\t<\/div>\n\t\t<\/div>\n\t\t\t\t\t<\/div>\n\t\t<\/section>\n\t\t\t\t\t<\/div>\n\t\t<\/div>\n\t\t\t\t\t<\/div>\n\t\t<\/section>\n\t\t\t\t<\/div>\n\t\t","protected":false},"author":20,"template":"","news-type":[161],"issues":[165,204],"class_list":["post-42208","news","type-news","status-publish","hentry","news-type-press-releases-es-mx","issues-foreign-affairs-national-security-es-mx","issues-la-guerra-en-israel"],"acf":[],"yoast_head":"<!-- This site is optimized with the Yoast SEO plugin v27.2 - https:\/\/yoast.com\/product\/yoast-seo-wordpress\/ -->\n<title>FOTO: Cornyn se re\u00fane con AIPAC y defensores de los jud\u00edos de Texas - Senator Cornyn<\/title>\n<meta name=\"robots\" content=\"index, follow, max-snippet:-1, max-image-preview:large, max-video-preview:-1\" \/>\n<link rel=\"canonical\" href=\"https:\/\/www.cornyn.senate.gov\/es-mx\/news\/foto-cornyn-se-reune-con-aipac-y-defensores-de-los-judios-de-texas\/\" \/>\n<meta property=\"og:locale\" content=\"es_MX\" \/>\n<meta property=\"og:type\" content=\"article\" \/>\n<meta property=\"og:title\" content=\"FOTO: Cornyn se re\u00fane con AIPAC y defensores de los jud\u00edos de Texas - Senator Cornyn\" \/>\n<meta property=\"og:description\" content=\"Noticias WASHINGTON &#8211; El senador John Cornyn (republicano de Texas) se ha reunido hoy con la direcci\u00f3n del Comit\u00e9 Estadounidense-Israel\u00ed de Asuntos P\u00fablicos (AIPAC) y con miembros de la comunidad jud\u00eda de Texas para hablar de los ataques no provocados de Ham\u00e1s contra Israel y de la respuesta de Estados Unidos. El senador Cornyn copatrocin\u00f3 [&hellip;]\" \/>\n<meta property=\"og:url\" content=\"https:\/\/www.cornyn.senate.gov\/es-mx\/news\/foto-cornyn-se-reune-con-aipac-y-defensores-de-los-judios-de-texas\/\" \/>\n<meta property=\"og:site_name\" content=\"Senator Cornyn\" \/>\n<meta property=\"article:publisher\" content=\"https:\/\/www.facebook.com\/SenJohnCornyn\" \/>\n<meta property=\"article:modified_time\" content=\"2024-07-11T17:47:30+00:00\" \/>\n<meta property=\"og:image\" content=\"https:\/\/www.cornyn.senate.gov\/wp-content\/uploads\/2023\/10\/AIPAC-Photo-1024x683.jpg\" \/>\n<meta name=\"twitter:card\" content=\"summary_large_image\" \/>\n<meta name=\"twitter:site\" content=\"@johncornyn\" \/>\n<meta name=\"twitter:label1\" content=\"Est. reading time\" \/>\n\t<meta name=\"twitter:data1\" content=\"1 minute\" \/>\n<script type=\"application\/ld+json\" class=\"yoast-schema-graph\">{\"@context\":\"https:\/\/schema.org\",\"@graph\":[{\"@type\":\"WebPage\",\"@id\":\"https:\/\/www.cornyn.senate.gov\/es-mx\/news\/foto-cornyn-se-reune-con-aipac-y-defensores-de-los-judios-de-texas\/\",\"url\":\"https:\/\/www.cornyn.senate.gov\/es-mx\/news\/foto-cornyn-se-reune-con-aipac-y-defensores-de-los-judios-de-texas\/\",\"name\":\"FOTO: Cornyn se re\u00fane con AIPAC y defensores de los jud\u00edos de Texas - Senator Cornyn\",\"isPartOf\":{\"@id\":\"https:\/\/www.cornyn.senate.gov\/es-mx\/#website\"},\"primaryImageOfPage\":{\"@id\":\"https:\/\/www.cornyn.senate.gov\/es-mx\/news\/foto-cornyn-se-reune-con-aipac-y-defensores-de-los-judios-de-texas\/#primaryimage\"},\"image\":{\"@id\":\"https:\/\/www.cornyn.senate.gov\/es-mx\/news\/foto-cornyn-se-reune-con-aipac-y-defensores-de-los-judios-de-texas\/#primaryimage\"},\"thumbnailUrl\":\"https:\/\/www.cornyn.senate.gov\/wp-content\/uploads\/2023\/10\/AIPAC-Photo-1024x683.jpg\",\"datePublished\":\"2023-10-25T15:41:50+00:00\",\"dateModified\":\"2024-07-11T17:47:30+00:00\",\"breadcrumb\":{\"@id\":\"https:\/\/www.cornyn.senate.gov\/es-mx\/news\/foto-cornyn-se-reune-con-aipac-y-defensores-de-los-judios-de-texas\/#breadcrumb\"},\"inLanguage\":\"es-MX\",\"potentialAction\":[{\"@type\":\"ReadAction\",\"target\":[\"https:\/\/www.cornyn.senate.gov\/es-mx\/news\/foto-cornyn-se-reune-con-aipac-y-defensores-de-los-judios-de-texas\/\"]}]},{\"@type\":\"ImageObject\",\"inLanguage\":\"es-MX\",\"@id\":\"https:\/\/www.cornyn.senate.gov\/es-mx\/news\/foto-cornyn-se-reune-con-aipac-y-defensores-de-los-judios-de-texas\/#primaryimage\",\"url\":\"https:\/\/www.cornyn.senate.gov\/wp-content\/uploads\/2023\/10\/AIPAC-Photo-1024x683.jpg\",\"contentUrl\":\"https:\/\/www.cornyn.senate.gov\/wp-content\/uploads\/2023\/10\/AIPAC-Photo-1024x683.jpg\"},{\"@type\":\"BreadcrumbList\",\"@id\":\"https:\/\/www.cornyn.senate.gov\/es-mx\/news\/foto-cornyn-se-reune-con-aipac-y-defensores-de-los-judios-de-texas\/#breadcrumb\",\"itemListElement\":[{\"@type\":\"ListItem\",\"position\":1,\"name\":\"Home\",\"item\":\"https:\/\/www.cornyn.senate.gov\/es-mx\/\"},{\"@type\":\"ListItem\",\"position\":2,\"name\":\"News\",\"item\":\"https:\/\/www.cornyn.senate.gov\/es-mx\/news\/\"},{\"@type\":\"ListItem\",\"position\":3,\"name\":\"FOTO: Cornyn se re\u00fane con AIPAC y defensores de los jud\u00edos de Texas\"}]},{\"@type\":\"WebSite\",\"@id\":\"https:\/\/www.cornyn.senate.gov\/es-mx\/#website\",\"url\":\"https:\/\/www.cornyn.senate.gov\/es-mx\/\",\"name\":\"Senator Cornyn\",\"description\":\"\",\"publisher\":{\"@id\":\"https:\/\/www.cornyn.senate.gov\/es-mx\/#organization\"},\"potentialAction\":[{\"@type\":\"SearchAction\",\"target\":{\"@type\":\"EntryPoint\",\"urlTemplate\":\"https:\/\/www.cornyn.senate.gov\/es-mx\/?s={search_term_string}\"},\"query-input\":{\"@type\":\"PropertyValueSpecification\",\"valueRequired\":true,\"valueName\":\"search_term_string\"}}],\"inLanguage\":\"es-MX\"},{\"@type\":\"Organization\",\"@id\":\"https:\/\/www.cornyn.senate.gov\/es-mx\/#organization\",\"name\":\"Senator Cornyn\",\"url\":\"https:\/\/www.cornyn.senate.gov\/es-mx\/\",\"logo\":{\"@type\":\"ImageObject\",\"inLanguage\":\"es-MX\",\"@id\":\"https:\/\/www.cornyn.senate.gov\/es-mx\/#\/schema\/logo\/image\/\",\"url\":\"https:\/\/www.cornyn.senate.gov\/wp-content\/uploads\/2022\/01\/Logo-2.svg\",\"contentUrl\":\"https:\/\/www.cornyn.senate.gov\/wp-content\/uploads\/2022\/01\/Logo-2.svg\",\"caption\":\"Senator Cornyn\"},\"image\":{\"@id\":\"https:\/\/www.cornyn.senate.gov\/es-mx\/#\/schema\/logo\/image\/\"},\"sameAs\":[\"https:\/\/www.facebook.com\/SenJohnCornyn\",\"https:\/\/x.com\/johncornyn\"]}]}<\/script>\n<!-- \/ Yoast SEO plugin. -->","yoast_head_json":{"title":"FOTO: Cornyn se re\u00fane con AIPAC y defensores de los jud\u00edos de Texas - Senator Cornyn","robots":{"index":"index","follow":"follow","max-snippet":"max-snippet:-1","max-image-preview":"max-image-preview:large","max-video-preview":"max-video-preview:-1"},"canonical":"https:\/\/www.cornyn.senate.gov\/es-mx\/news\/foto-cornyn-se-reune-con-aipac-y-defensores-de-los-judios-de-texas\/","og_locale":"es_MX","og_type":"article","og_title":"FOTO: Cornyn se re\u00fane con AIPAC y defensores de los jud\u00edos de Texas - Senator Cornyn","og_description":"Noticias WASHINGTON &#8211; El senador John Cornyn (republicano de Texas) se ha reunido hoy con la direcci\u00f3n del Comit\u00e9 Estadounidense-Israel\u00ed de Asuntos P\u00fablicos (AIPAC) y con miembros de la comunidad jud\u00eda de Texas para hablar de los ataques no provocados de Ham\u00e1s contra Israel y de la respuesta de Estados Unidos. El senador Cornyn copatrocin\u00f3 [&hellip;]","og_url":"https:\/\/www.cornyn.senate.gov\/es-mx\/news\/foto-cornyn-se-reune-con-aipac-y-defensores-de-los-judios-de-texas\/","og_site_name":"Senator Cornyn","article_publisher":"https:\/\/www.facebook.com\/SenJohnCornyn","article_modified_time":"2024-07-11T17:47:30+00:00","og_image":[{"url":"https:\/\/www.cornyn.senate.gov\/wp-content\/uploads\/2023\/10\/AIPAC-Photo-1024x683.jpg","type":"","width":"","height":""}],"twitter_card":"summary_large_image","twitter_site":"@johncornyn","twitter_misc":{"Est. reading time":"1 minute"},"schema":{"@context":"https:\/\/schema.org","@graph":[{"@type":"WebPage","@id":"https:\/\/www.cornyn.senate.gov\/es-mx\/news\/foto-cornyn-se-reune-con-aipac-y-defensores-de-los-judios-de-texas\/","url":"https:\/\/www.cornyn.senate.gov\/es-mx\/news\/foto-cornyn-se-reune-con-aipac-y-defensores-de-los-judios-de-texas\/","name":"FOTO: Cornyn se re\u00fane con AIPAC y defensores de los jud\u00edos de Texas - Senator Cornyn","isPartOf":{"@id":"https:\/\/www.cornyn.senate.gov\/es-mx\/#website"},"primaryImageOfPage":{"@id":"https:\/\/www.cornyn.senate.gov\/es-mx\/news\/foto-cornyn-se-reune-con-aipac-y-defensores-de-los-judios-de-texas\/#primaryimage"},"image":{"@id":"https:\/\/www.cornyn.senate.gov\/es-mx\/news\/foto-cornyn-se-reune-con-aipac-y-defensores-de-los-judios-de-texas\/#primaryimage"},"thumbnailUrl":"https:\/\/www.cornyn.senate.gov\/wp-content\/uploads\/2023\/10\/AIPAC-Photo-1024x683.jpg","datePublished":"2023-10-25T15:41:50+00:00","dateModified":"2024-07-11T17:47:30+00:00","breadcrumb":{"@id":"https:\/\/www.cornyn.senate.gov\/es-mx\/news\/foto-cornyn-se-reune-con-aipac-y-defensores-de-los-judios-de-texas\/#breadcrumb"},"inLanguage":"es-MX","potentialAction":[{"@type":"ReadAction","target":["https:\/\/www.cornyn.senate.gov\/es-mx\/news\/foto-cornyn-se-reune-con-aipac-y-defensores-de-los-judios-de-texas\/"]}]},{"@type":"ImageObject","inLanguage":"es-MX","@id":"https:\/\/www.cornyn.senate.gov\/es-mx\/news\/foto-cornyn-se-reune-con-aipac-y-defensores-de-los-judios-de-texas\/#primaryimage","url":"https:\/\/www.cornyn.senate.gov\/wp-content\/uploads\/2023\/10\/AIPAC-Photo-1024x683.jpg","contentUrl":"https:\/\/www.cornyn.senate.gov\/wp-content\/uploads\/2023\/10\/AIPAC-Photo-1024x683.jpg"},{"@type":"BreadcrumbList","@id":"https:\/\/www.cornyn.senate.gov\/es-mx\/news\/foto-cornyn-se-reune-con-aipac-y-defensores-de-los-judios-de-texas\/#breadcrumb","itemListElement":[{"@type":"ListItem","position":1,"name":"Home","item":"https:\/\/www.cornyn.senate.gov\/es-mx\/"},{"@type":"ListItem","position":2,"name":"News","item":"https:\/\/www.cornyn.senate.gov\/es-mx\/news\/"},{"@type":"ListItem","position":3,"name":"FOTO: Cornyn se re\u00fane con AIPAC y defensores de los jud\u00edos de Texas"}]},{"@type":"WebSite","@id":"https:\/\/www.cornyn.senate.gov\/es-mx\/#website","url":"https:\/\/www.cornyn.senate.gov\/es-mx\/","name":"Senator Cornyn","description":"","publisher":{"@id":"https:\/\/www.cornyn.senate.gov\/es-mx\/#organization"},"potentialAction":[{"@type":"SearchAction","target":{"@type":"EntryPoint","urlTemplate":"https:\/\/www.cornyn.senate.gov\/es-mx\/?s={search_term_string}"},"query-input":{"@type":"PropertyValueSpecification","valueRequired":true,"valueName":"search_term_string"}}],"inLanguage":"es-MX"},{"@type":"Organization","@id":"https:\/\/www.cornyn.senate.gov\/es-mx\/#organization","name":"Senator Cornyn","url":"https:\/\/www.cornyn.senate.gov\/es-mx\/","logo":{"@type":"ImageObject","inLanguage":"es-MX","@id":"https:\/\/www.cornyn.senate.gov\/es-mx\/#\/schema\/logo\/image\/","url":"https:\/\/www.cornyn.senate.gov\/wp-content\/uploads\/2022\/01\/Logo-2.svg","contentUrl":"https:\/\/www.cornyn.senate.gov\/wp-content\/uploads\/2022\/01\/Logo-2.svg","caption":"Senator Cornyn"},"image":{"@id":"https:\/\/www.cornyn.senate.gov\/es-mx\/#\/schema\/logo\/image\/"},"sameAs":["https:\/\/www.facebook.com\/SenJohnCornyn","https:\/\/x.com\/johncornyn"]}]}},"_links":{"self":[{"href":"https:\/\/www.cornyn.senate.gov\/es-mx\/wp-json\/wp\/v2\/news\/42208","targetHints":{"allow":["GET"]}}],"collection":[{"href":"https:\/\/www.cornyn.senate.gov\/es-mx\/wp-json\/wp\/v2\/news"}],"about":[{"href":"https:\/\/www.cornyn.senate.gov\/es-mx\/wp-json\/wp\/v2\/types\/news"}],"author":[{"embeddable":true,"href":"https:\/\/www.cornyn.senate.gov\/es-mx\/wp-json\/wp\/v2\/users\/20"}],"version-history":[{"count":1,"href":"https:\/\/www.cornyn.senate.gov\/es-mx\/wp-json\/wp\/v2\/news\/42208\/revisions"}],"predecessor-version":[{"id":42210,"href":"https:\/\/www.cornyn.senate.gov\/es-mx\/wp-json\/wp\/v2\/news\/42208\/revisions\/42210"}],"wp:attachment":[{"href":"https:\/\/www.cornyn.senate.gov\/es-mx\/wp-json\/wp\/v2\/media?parent=42208"}],"wp:term":[{"taxonomy":"news-type","embeddable":true,"href":"https:\/\/www.cornyn.senate.gov\/es-mx\/wp-json\/wp\/v2\/news-type?post=42208"},{"taxonomy":"issues","embeddable":true,"href":"https:\/\/www.cornyn.senate.gov\/es-mx\/wp-json\/wp\/v2\/issues?post=42208"}],"curies":[{"name":"wp","href":"https:\/\/api.w.org\/{rel}","templated":true}]}}