{"id":42296,"date":"2023-10-30T18:09:53","date_gmt":"2023-10-30T22:09:53","guid":{"rendered":"https:\/\/www.cornyn.senate.gov\/?post_type=news&#038;p=42296"},"modified":"2024-07-11T13:47:29","modified_gmt":"2024-07-11T17:47:29","slug":"cornyn-recuerda-su-viaje-a-la-frontera-y-pide-a-biden-que-ponga-fin-a-las-capturas-y-sueltas","status":"publish","type":"news","link":"https:\/\/www.cornyn.senate.gov\/es-mx\/news\/cornyn-recuerda-su-viaje-a-la-frontera-y-pide-a-biden-que-ponga-fin-a-las-capturas-y-sueltas\/","title":{"rendered":"Cornyn recuerda su viaje a la frontera y pide a Biden que ponga fin a las capturas y sueltas"},"content":{"rendered":"\t\t<div data-elementor-type=\"wp-post\" data-elementor-id=\"42296\" class=\"elementor elementor-42296 elementor-42280\" data-elementor-post-type=\"news\">\n\t\t\t\t\t\t<section class=\"elementor-section elementor-top-section elementor-element elementor-element-7cf72864 elementor-section-boxed elementor-section-height-default elementor-section-height-default\" data-id=\"7cf72864\" data-element_type=\"section\" data-e-type=\"section\">\n\t\t\t\t\t\t<div class=\"elementor-container elementor-column-gap-default\">\n\t\t\t\t\t<div class=\"elementor-column elementor-col-100 elementor-top-column elementor-element elementor-element-697d1154\" data-id=\"697d1154\" data-element_type=\"column\" data-e-type=\"column\">\n\t\t\t<div class=\"elementor-widget-wrap elementor-element-populated\">\n\t\t\t\t\t\t<section class=\"elementor-section elementor-inner-section elementor-element elementor-element-61e7e353 elementor-section-boxed elementor-section-height-default elementor-section-height-default\" data-id=\"61e7e353\" data-element_type=\"section\" data-e-type=\"section\">\n\t\t\t\t\t\t<div class=\"elementor-container elementor-column-gap-default\">\n\t\t\t\t\t<div class=\"elementor-column elementor-col-50 elementor-inner-column elementor-element elementor-element-7a75585c\" data-id=\"7a75585c\" data-element_type=\"column\" data-e-type=\"column\">\n\t\t\t<div class=\"elementor-widget-wrap elementor-element-populated\">\n\t\t\t\t\t\t<div class=\"elementor-element elementor-element-32ffbad6 breadcrumb--back elementor-widget elementor-widget-button\" data-id=\"32ffbad6\" data-element_type=\"widget\" data-e-type=\"widget\" data-widget_type=\"button.default\">\n\t\t\t\t<div class=\"elementor-widget-container\">\n\t\t\t\t\t\t\t\t\t<div class=\"elementor-button-wrapper\">\n\t\t\t\t\t<a class=\"elementor-button elementor-button-link elementor-size-sm\" href=\"\/noticias\/\">\n\t\t\t\t\t\t<span class=\"elementor-button-content-wrapper\">\n\t\t\t\t\t\t<span class=\"elementor-button-icon\">\n\t\t\t\t<i aria-hidden=\"true\" class=\"icon icon-arrow-left\"><\/i>\t\t\t<\/span>\n\t\t\t\t\t\t\t\t\t<span class=\"elementor-button-text\">Noticias<\/span>\n\t\t\t\t\t<\/span>\n\t\t\t\t\t<\/a>\n\t\t\t\t<\/div>\n\t\t\t\t\t\t\t\t<\/div>\n\t\t\t\t<\/div>\n\t\t\t\t\t<\/div>\n\t\t<\/div>\n\t\t\t\t<div class=\"elementor-column elementor-col-50 elementor-inner-column elementor-element elementor-element-7b088954 content-page__content\" data-id=\"7b088954\" data-element_type=\"column\" data-e-type=\"column\">\n\t\t\t<div class=\"elementor-widget-wrap elementor-element-populated\">\n\t\t\t\t\t\t<div class=\"elementor-element elementor-element-2a27326c elementor-widget elementor-widget-theme-post-title elementor-page-title elementor-widget-heading\" data-id=\"2a27326c\" data-element_type=\"widget\" data-e-type=\"widget\" data-widget_type=\"theme-post-title.default\">\n\t\t\t\t<div class=\"elementor-widget-container\">\n\t\t\t\t\t<h1 class=\"elementor-heading-title elementor-size-default\">Cornyn recuerda su viaje a la frontera y pide a Biden que ponga fin a las capturas y sueltas<\/h1>\t\t\t\t<\/div>\n\t\t\t\t<\/div>\n\t\t\t\t<div class=\"elementor-element elementor-element-69675c3b elementor-widget-divider--view-line elementor-widget elementor-widget-divider\" data-id=\"69675c3b\" data-element_type=\"widget\" data-e-type=\"widget\" data-widget_type=\"divider.default\">\n\t\t\t\t<div class=\"elementor-widget-container\">\n\t\t\t\t\t\t\t<div class=\"elementor-divider\">\n\t\t\t<span class=\"elementor-divider-separator\">\n\t\t\t\t\t\t<\/span>\n\t\t<\/div>\n\t\t\t\t\t\t<\/div>\n\t\t\t\t<\/div>\n\t\t\t\t<div class=\"elementor-element elementor-element-6d8ba18f elementor-widget__width-initial elementor-widget-mobile__width-inherit elementor-widget elementor-widget-text-editor\" data-id=\"6d8ba18f\" data-element_type=\"widget\" data-e-type=\"widget\" data-widget_type=\"text-editor.default\">\n\t\t\t\t<div class=\"elementor-widget-container\">\n\t\t\t\t\t\t\t\t\tOctober 30, 2023\t\t\t\t\t\t\t\t<\/div>\n\t\t\t\t<\/div>\n\t\t\t\t<div class=\"elementor-element elementor-element-78809a7b elementor-share-buttons--view-icon elementor-share-buttons--skin-flat elementor-share-buttons--shape-circle elementor-share-buttons--color-custom share-buttons elementor-widget__width-initial elementor-widget-mobile__width-inherit elementor-grid-0 elementor-widget elementor-widget-share-buttons\" data-id=\"78809a7b\" data-element_type=\"widget\" data-e-type=\"widget\" title=\"Share\" data-widget_type=\"share-buttons.default\">\n\t\t\t\t<div class=\"elementor-widget-container\">\n\t\t\t\t\t\t\t<div class=\"elementor-grid\" role=\"list\">\n\t\t\t\t\t\t\t\t<div class=\"elementor-grid-item\" role=\"listitem\">\n\t\t\t\t\t\t<div class=\"elementor-share-btn elementor-share-btn_email\" role=\"button\" tabindex=\"0\" aria-label=\"Share on email\">\n\t\t\t\t\t\t\t\t\t\t\t\t\t\t\t<span class=\"elementor-share-btn__icon\">\n\t\t\t\t\t\t\t\t<i class=\"fas fa-envelope\" aria-hidden=\"true\"><\/i>\t\t\t\t\t\t\t<\/span>\n\t\t\t\t\t\t\t\t\t\t\t\t\t\t\t\t\t\t\t\t<\/div>\n\t\t\t\t\t<\/div>\n\t\t\t\t\t\t\t\t\t<div class=\"elementor-grid-item\" role=\"listitem\">\n\t\t\t\t\t\t<div class=\"elementor-share-btn elementor-share-btn_linkedin\" role=\"button\" tabindex=\"0\" aria-label=\"Share on linkedin\">\n\t\t\t\t\t\t\t\t\t\t\t\t\t\t\t<span class=\"elementor-share-btn__icon\">\n\t\t\t\t\t\t\t\t<i class=\"fab fa-linkedin\" aria-hidden=\"true\"><\/i>\t\t\t\t\t\t\t<\/span>\n\t\t\t\t\t\t\t\t\t\t\t\t\t\t\t\t\t\t\t\t<\/div>\n\t\t\t\t\t<\/div>\n\t\t\t\t\t\t\t\t\t<div class=\"elementor-grid-item\" role=\"listitem\">\n\t\t\t\t\t\t<div class=\"elementor-share-btn elementor-share-btn_facebook\" role=\"button\" tabindex=\"0\" aria-label=\"Share on facebook\">\n\t\t\t\t\t\t\t\t\t\t\t\t\t\t\t<span class=\"elementor-share-btn__icon\">\n\t\t\t\t\t\t\t\t<i class=\"fab fa-facebook\" aria-hidden=\"true\"><\/i>\t\t\t\t\t\t\t<\/span>\n\t\t\t\t\t\t\t\t\t\t\t\t\t\t\t\t\t\t\t\t<\/div>\n\t\t\t\t\t<\/div>\n\t\t\t\t\t\t<\/div>\n\t\t\t\t\t\t<\/div>\n\t\t\t\t<\/div>\n\t\t\t\t<div class=\"elementor-element elementor-element-8935e36 elementor-blockquote--skin-boxed elementor-widget elementor-widget-blockquote\" data-id=\"8935e36\" data-element_type=\"widget\" data-e-type=\"widget\" data-widget_type=\"blockquote.default\">\n\t\t\t\t<div class=\"elementor-widget-container\">\n\t\t\t\t\t\t\t<blockquote class=\"elementor-blockquote\">\n\t\t\t<p class=\"elementor-blockquote__content\">\n\t\t\t\tLas pol\u00edticas fronterizas del presidente Biden han hecho que personas de cualquier parte del mundo puedan llegar a la frontera sur, decir las palabras m\u00e1gicas y ser liberadas para entrar en Estados Unidos.\n<br><br>\nLa frontera sur de Estados Unidos es el secreto peor guardado del mundo.\n<br><br>\nHasta que la administraci\u00f3n no empiece a disuadir a los posibles migrantes con solicitudes de asilo fr\u00edvolas de acercarse siquiera a nuestra frontera, seguiremos en un estado de crisis constante.\t\t\t<\/p>\n\t\t\t\t\t<\/blockquote>\n\t\t\t\t\t\t<\/div>\n\t\t\t\t<\/div>\n\t\t\t\t<div class=\"elementor-element elementor-element-539c3027 elementor-widget elementor-widget-text-editor\" data-id=\"539c3027\" data-element_type=\"widget\" data-e-type=\"widget\" data-widget_type=\"text-editor.default\">\n\t\t\t\t<div class=\"elementor-widget-container\">\n\t\t\t\t\t\t\t\t\t<p><strong>WASHINGTON<\/strong> &#8211; Hoy en el pleno, el senador estadounidense John Cornyn (R-TX) recapitul\u00f3 su viaje al Valle del R\u00edo Grande con los senadores Ted Cruz (R-TX), John Barrasso (R-WY), Mike Lee (R-UT) y Pete Ricketts (R-NE) e inst\u00f3 a la administraci\u00f3n Biden a poner fin a sus pol\u00edticas de captura y liberaci\u00f3n. A continuaci\u00f3n se ofrecen extractos de las declaraciones del senador Cornyn, y el v\u00eddeo puede verse <u><a href=\"https:\/\/youtu.be\/KM35Fv6WQs4\">aqu\u00ed<\/a><\/u>.<\/p>\n<p><em>&#8220;El jueves pasado, viaj\u00e9 de vuelta a mi estado natal de Texas, pero esta vez a la frontera entre Estados Unidos y M\u00e9xico junto con el senador Cruz, mi colega de Texas, as\u00ed como tres de nuestros colegas del Senado que no son de Texas, los senadores Barrasso, Lee y Ricketts.&#8221;<\/em><\/p>\n<p><em>&#8220;Las pol\u00edticas fronterizas del presidente Biden han hecho que personas de cualquier parte del mundo puedan llegar a la frontera sur, decir las palabras m\u00e1gicas y ser liberadas en Estados Unidos&#8221;. <\/em><\/p>\n<p><em>&#8220;La frontera sur de Estados Unidos es el secreto peor guardado del mundo&#8221;.<\/em><\/p>\n<p><em>&#8220;Si vamos a tener consecuencias, lo que significa disuadir a m\u00e1s gente de venir, eso significa poner fin a la captura y liberaci\u00f3n -que es la pol\u00edtica de la administraci\u00f3n Biden- y expulsar a las personas que no tienen ninguna raz\u00f3n legal para permanecer en Estados Unidos&#8221;.<\/em><\/p>\n<p><em>&#8220;Hasta que la administraci\u00f3n no empiece a disuadir a los posibles migrantes con solicitudes de asilo fr\u00edvolas de acercarse siquiera a nuestra frontera, seguiremos en un estado de crisis constante.&#8221;<\/em><\/p>\n<p><em>&#8220;Quiero dar las gracias a los muchos hombres y mujeres del Valle del R\u00edo Grande que han dedicado parte de su tiempo a hablar con nosotros. Su aportaci\u00f3n es absolutamente inestimable para el trabajo del Senado, y estoy muy agradecido a cada uno de ellos. Quiero dar las gracias especialmente a los agentes del orden que est\u00e1n en primera l\u00ednea de esta crisis.&#8221;<\/em><\/p>\n<p><em>&#8220;Mientras siga llegando una avalancha de humanidad a trav\u00e9s de la frontera a este ritmo, no importa cu\u00e1ntos agentes de la Patrulla Fronteriza o jueces de inmigraci\u00f3n tengamos. No ser\u00e1 suficiente. La \u00fanica forma de abordar esta crisis es disuadir de m\u00e1s inmigraci\u00f3n ilegal, y la forma m\u00e1s sencilla de hacerlo es imponiendo consecuencias por entrar ilegalmente en el pa\u00eds.&#8221;<\/em><\/p>\n\t\t\t\t\t\t\t\t<\/div>\n\t\t\t\t<\/div>\n\t\t\t\t\t<\/div>\n\t\t<\/div>\n\t\t\t\t\t<\/div>\n\t\t<\/section>\n\t\t\t\t\t<\/div>\n\t\t<\/div>\n\t\t\t\t\t<\/div>\n\t\t<\/section>\n\t\t\t\t<\/div>\n\t\t","protected":false},"author":20,"template":"","news-type":[161],"issues":[171],"class_list":["post-42296","news","type-news","status-publish","hentry","news-type-press-releases-es-mx","issues-immigration-border-security-es-mx"],"acf":[],"yoast_head":"<!-- This site is optimized with the Yoast SEO plugin v27.2 - https:\/\/yoast.com\/product\/yoast-seo-wordpress\/ -->\n<title>Cornyn recuerda su viaje a la frontera y pide a Biden que ponga fin a las capturas y sueltas - Senator Cornyn<\/title>\n<meta name=\"robots\" content=\"index, follow, max-snippet:-1, max-image-preview:large, max-video-preview:-1\" \/>\n<link rel=\"canonical\" href=\"https:\/\/www.cornyn.senate.gov\/es-mx\/news\/cornyn-recuerda-su-viaje-a-la-frontera-y-pide-a-biden-que-ponga-fin-a-las-capturas-y-sueltas\/\" \/>\n<meta property=\"og:locale\" content=\"es_MX\" \/>\n<meta property=\"og:type\" content=\"article\" \/>\n<meta property=\"og:title\" content=\"Cornyn recuerda su viaje a la frontera y pide a Biden que ponga fin a las capturas y sueltas - Senator Cornyn\" \/>\n<meta property=\"og:description\" content=\"Noticias Las pol\u00edticas fronterizas del presidente Biden han hecho que personas de cualquier parte del mundo puedan llegar a la frontera sur, decir las palabras m\u00e1gicas y ser liberadas para entrar en Estados Unidos. La frontera sur de Estados Unidos es el secreto peor guardado del mundo. Hasta que la administraci\u00f3n no empiece a disuadir [&hellip;]\" \/>\n<meta property=\"og:url\" content=\"https:\/\/www.cornyn.senate.gov\/es-mx\/news\/cornyn-recuerda-su-viaje-a-la-frontera-y-pide-a-biden-que-ponga-fin-a-las-capturas-y-sueltas\/\" \/>\n<meta property=\"og:site_name\" content=\"Senator Cornyn\" \/>\n<meta property=\"article:publisher\" content=\"https:\/\/www.facebook.com\/SenJohnCornyn\" \/>\n<meta property=\"article:modified_time\" content=\"2024-07-11T17:47:29+00:00\" \/>\n<meta property=\"og:image\" content=\"https:\/\/www.cornyn.senate.gov\/wp-content\/uploads\/2023\/11\/Twitter-Card-Dec-23-1024x535.png\" \/>\n\t<meta property=\"og:image:width\" content=\"1024\" \/>\n\t<meta property=\"og:image:height\" content=\"535\" \/>\n\t<meta property=\"og:image:type\" content=\"image\/png\" \/>\n<meta name=\"twitter:card\" content=\"summary_large_image\" \/>\n<meta name=\"twitter:site\" content=\"@johncornyn\" \/>\n<meta name=\"twitter:label1\" content=\"Est. reading time\" \/>\n\t<meta name=\"twitter:data1\" content=\"2 minutes\" \/>\n<script type=\"application\/ld+json\" class=\"yoast-schema-graph\">{\"@context\":\"https:\/\/schema.org\",\"@graph\":[{\"@type\":\"WebPage\",\"@id\":\"https:\/\/www.cornyn.senate.gov\/es-mx\/news\/cornyn-recuerda-su-viaje-a-la-frontera-y-pide-a-biden-que-ponga-fin-a-las-capturas-y-sueltas\/\",\"url\":\"https:\/\/www.cornyn.senate.gov\/es-mx\/news\/cornyn-recuerda-su-viaje-a-la-frontera-y-pide-a-biden-que-ponga-fin-a-las-capturas-y-sueltas\/\",\"name\":\"Cornyn recuerda su viaje a la frontera y pide a Biden que ponga fin a las capturas y sueltas - Senator Cornyn\",\"isPartOf\":{\"@id\":\"https:\/\/www.cornyn.senate.gov\/es-mx\/#website\"},\"datePublished\":\"2023-10-30T22:09:53+00:00\",\"dateModified\":\"2024-07-11T17:47:29+00:00\",\"breadcrumb\":{\"@id\":\"https:\/\/www.cornyn.senate.gov\/es-mx\/news\/cornyn-recuerda-su-viaje-a-la-frontera-y-pide-a-biden-que-ponga-fin-a-las-capturas-y-sueltas\/#breadcrumb\"},\"inLanguage\":\"es-MX\",\"potentialAction\":[{\"@type\":\"ReadAction\",\"target\":[\"https:\/\/www.cornyn.senate.gov\/es-mx\/news\/cornyn-recuerda-su-viaje-a-la-frontera-y-pide-a-biden-que-ponga-fin-a-las-capturas-y-sueltas\/\"]}]},{\"@type\":\"BreadcrumbList\",\"@id\":\"https:\/\/www.cornyn.senate.gov\/es-mx\/news\/cornyn-recuerda-su-viaje-a-la-frontera-y-pide-a-biden-que-ponga-fin-a-las-capturas-y-sueltas\/#breadcrumb\",\"itemListElement\":[{\"@type\":\"ListItem\",\"position\":1,\"name\":\"Home\",\"item\":\"https:\/\/www.cornyn.senate.gov\/es-mx\/\"},{\"@type\":\"ListItem\",\"position\":2,\"name\":\"News\",\"item\":\"https:\/\/www.cornyn.senate.gov\/es-mx\/news\/\"},{\"@type\":\"ListItem\",\"position\":3,\"name\":\"Cornyn recuerda su viaje a la frontera y pide a Biden que ponga fin a las capturas y sueltas\"}]},{\"@type\":\"WebSite\",\"@id\":\"https:\/\/www.cornyn.senate.gov\/es-mx\/#website\",\"url\":\"https:\/\/www.cornyn.senate.gov\/es-mx\/\",\"name\":\"Senator Cornyn\",\"description\":\"\",\"publisher\":{\"@id\":\"https:\/\/www.cornyn.senate.gov\/es-mx\/#organization\"},\"potentialAction\":[{\"@type\":\"SearchAction\",\"target\":{\"@type\":\"EntryPoint\",\"urlTemplate\":\"https:\/\/www.cornyn.senate.gov\/es-mx\/?s={search_term_string}\"},\"query-input\":{\"@type\":\"PropertyValueSpecification\",\"valueRequired\":true,\"valueName\":\"search_term_string\"}}],\"inLanguage\":\"es-MX\"},{\"@type\":\"Organization\",\"@id\":\"https:\/\/www.cornyn.senate.gov\/es-mx\/#organization\",\"name\":\"Senator Cornyn\",\"url\":\"https:\/\/www.cornyn.senate.gov\/es-mx\/\",\"logo\":{\"@type\":\"ImageObject\",\"inLanguage\":\"es-MX\",\"@id\":\"https:\/\/www.cornyn.senate.gov\/es-mx\/#\/schema\/logo\/image\/\",\"url\":\"https:\/\/www.cornyn.senate.gov\/wp-content\/uploads\/2022\/01\/Logo-2.svg\",\"contentUrl\":\"https:\/\/www.cornyn.senate.gov\/wp-content\/uploads\/2022\/01\/Logo-2.svg\",\"caption\":\"Senator Cornyn\"},\"image\":{\"@id\":\"https:\/\/www.cornyn.senate.gov\/es-mx\/#\/schema\/logo\/image\/\"},\"sameAs\":[\"https:\/\/www.facebook.com\/SenJohnCornyn\",\"https:\/\/x.com\/johncornyn\"]}]}<\/script>\n<!-- \/ Yoast SEO plugin. -->","yoast_head_json":{"title":"Cornyn recuerda su viaje a la frontera y pide a Biden que ponga fin a las capturas y sueltas - Senator Cornyn","robots":{"index":"index","follow":"follow","max-snippet":"max-snippet:-1","max-image-preview":"max-image-preview:large","max-video-preview":"max-video-preview:-1"},"canonical":"https:\/\/www.cornyn.senate.gov\/es-mx\/news\/cornyn-recuerda-su-viaje-a-la-frontera-y-pide-a-biden-que-ponga-fin-a-las-capturas-y-sueltas\/","og_locale":"es_MX","og_type":"article","og_title":"Cornyn recuerda su viaje a la frontera y pide a Biden que ponga fin a las capturas y sueltas - Senator Cornyn","og_description":"Noticias Las pol\u00edticas fronterizas del presidente Biden han hecho que personas de cualquier parte del mundo puedan llegar a la frontera sur, decir las palabras m\u00e1gicas y ser liberadas para entrar en Estados Unidos. La frontera sur de Estados Unidos es el secreto peor guardado del mundo. Hasta que la administraci\u00f3n no empiece a disuadir [&hellip;]","og_url":"https:\/\/www.cornyn.senate.gov\/es-mx\/news\/cornyn-recuerda-su-viaje-a-la-frontera-y-pide-a-biden-que-ponga-fin-a-las-capturas-y-sueltas\/","og_site_name":"Senator Cornyn","article_publisher":"https:\/\/www.facebook.com\/SenJohnCornyn","article_modified_time":"2024-07-11T17:47:29+00:00","og_image":[{"width":1024,"height":535,"url":"https:\/\/www.cornyn.senate.gov\/wp-content\/uploads\/2023\/11\/Twitter-Card-Dec-23-1024x535.png","type":"image\/png"}],"twitter_card":"summary_large_image","twitter_site":"@johncornyn","twitter_misc":{"Est. reading time":"2 minutes"},"schema":{"@context":"https:\/\/schema.org","@graph":[{"@type":"WebPage","@id":"https:\/\/www.cornyn.senate.gov\/es-mx\/news\/cornyn-recuerda-su-viaje-a-la-frontera-y-pide-a-biden-que-ponga-fin-a-las-capturas-y-sueltas\/","url":"https:\/\/www.cornyn.senate.gov\/es-mx\/news\/cornyn-recuerda-su-viaje-a-la-frontera-y-pide-a-biden-que-ponga-fin-a-las-capturas-y-sueltas\/","name":"Cornyn recuerda su viaje a la frontera y pide a Biden que ponga fin a las capturas y sueltas - Senator Cornyn","isPartOf":{"@id":"https:\/\/www.cornyn.senate.gov\/es-mx\/#website"},"datePublished":"2023-10-30T22:09:53+00:00","dateModified":"2024-07-11T17:47:29+00:00","breadcrumb":{"@id":"https:\/\/www.cornyn.senate.gov\/es-mx\/news\/cornyn-recuerda-su-viaje-a-la-frontera-y-pide-a-biden-que-ponga-fin-a-las-capturas-y-sueltas\/#breadcrumb"},"inLanguage":"es-MX","potentialAction":[{"@type":"ReadAction","target":["https:\/\/www.cornyn.senate.gov\/es-mx\/news\/cornyn-recuerda-su-viaje-a-la-frontera-y-pide-a-biden-que-ponga-fin-a-las-capturas-y-sueltas\/"]}]},{"@type":"BreadcrumbList","@id":"https:\/\/www.cornyn.senate.gov\/es-mx\/news\/cornyn-recuerda-su-viaje-a-la-frontera-y-pide-a-biden-que-ponga-fin-a-las-capturas-y-sueltas\/#breadcrumb","itemListElement":[{"@type":"ListItem","position":1,"name":"Home","item":"https:\/\/www.cornyn.senate.gov\/es-mx\/"},{"@type":"ListItem","position":2,"name":"News","item":"https:\/\/www.cornyn.senate.gov\/es-mx\/news\/"},{"@type":"ListItem","position":3,"name":"Cornyn recuerda su viaje a la frontera y pide a Biden que ponga fin a las capturas y sueltas"}]},{"@type":"WebSite","@id":"https:\/\/www.cornyn.senate.gov\/es-mx\/#website","url":"https:\/\/www.cornyn.senate.gov\/es-mx\/","name":"Senator Cornyn","description":"","publisher":{"@id":"https:\/\/www.cornyn.senate.gov\/es-mx\/#organization"},"potentialAction":[{"@type":"SearchAction","target":{"@type":"EntryPoint","urlTemplate":"https:\/\/www.cornyn.senate.gov\/es-mx\/?s={search_term_string}"},"query-input":{"@type":"PropertyValueSpecification","valueRequired":true,"valueName":"search_term_string"}}],"inLanguage":"es-MX"},{"@type":"Organization","@id":"https:\/\/www.cornyn.senate.gov\/es-mx\/#organization","name":"Senator Cornyn","url":"https:\/\/www.cornyn.senate.gov\/es-mx\/","logo":{"@type":"ImageObject","inLanguage":"es-MX","@id":"https:\/\/www.cornyn.senate.gov\/es-mx\/#\/schema\/logo\/image\/","url":"https:\/\/www.cornyn.senate.gov\/wp-content\/uploads\/2022\/01\/Logo-2.svg","contentUrl":"https:\/\/www.cornyn.senate.gov\/wp-content\/uploads\/2022\/01\/Logo-2.svg","caption":"Senator Cornyn"},"image":{"@id":"https:\/\/www.cornyn.senate.gov\/es-mx\/#\/schema\/logo\/image\/"},"sameAs":["https:\/\/www.facebook.com\/SenJohnCornyn","https:\/\/x.com\/johncornyn"]}]}},"_links":{"self":[{"href":"https:\/\/www.cornyn.senate.gov\/es-mx\/wp-json\/wp\/v2\/news\/42296","targetHints":{"allow":["GET"]}}],"collection":[{"href":"https:\/\/www.cornyn.senate.gov\/es-mx\/wp-json\/wp\/v2\/news"}],"about":[{"href":"https:\/\/www.cornyn.senate.gov\/es-mx\/wp-json\/wp\/v2\/types\/news"}],"author":[{"embeddable":true,"href":"https:\/\/www.cornyn.senate.gov\/es-mx\/wp-json\/wp\/v2\/users\/20"}],"version-history":[{"count":1,"href":"https:\/\/www.cornyn.senate.gov\/es-mx\/wp-json\/wp\/v2\/news\/42296\/revisions"}],"predecessor-version":[{"id":42298,"href":"https:\/\/www.cornyn.senate.gov\/es-mx\/wp-json\/wp\/v2\/news\/42296\/revisions\/42298"}],"wp:attachment":[{"href":"https:\/\/www.cornyn.senate.gov\/es-mx\/wp-json\/wp\/v2\/media?parent=42296"}],"wp:term":[{"taxonomy":"news-type","embeddable":true,"href":"https:\/\/www.cornyn.senate.gov\/es-mx\/wp-json\/wp\/v2\/news-type?post=42296"},{"taxonomy":"issues","embeddable":true,"href":"https:\/\/www.cornyn.senate.gov\/es-mx\/wp-json\/wp\/v2\/issues?post=42296"}],"curies":[{"name":"wp","href":"https:\/\/api.w.org\/{rel}","templated":true}]}}