{"id":42430,"date":"2023-11-02T09:10:12","date_gmt":"2023-11-02T13:10:12","guid":{"rendered":"https:\/\/www.cornyn.senate.gov\/?post_type=news&#038;p=42430"},"modified":"2024-07-11T13:47:29","modified_gmt":"2024-07-11T17:47:29","slug":"articulo-de-opinion-de-cornyn-que-esconde-biden-sobre-la-frontera","status":"publish","type":"news","link":"https:\/\/www.cornyn.senate.gov\/es-mx\/news\/articulo-de-opinion-de-cornyn-que-esconde-biden-sobre-la-frontera\/","title":{"rendered":"Art\u00edculo de opini\u00f3n de Cornyn: \u00bfQu\u00e9 esconde Biden sobre la frontera?"},"content":{"rendered":"\t\t<div data-elementor-type=\"wp-post\" data-elementor-id=\"42430\" class=\"elementor elementor-42430 elementor-42412\" data-elementor-post-type=\"news\">\n\t\t\t\t\t\t<section class=\"elementor-section elementor-top-section elementor-element elementor-element-6f93333f elementor-section-boxed elementor-section-height-default elementor-section-height-default\" data-id=\"6f93333f\" data-element_type=\"section\" data-e-type=\"section\">\n\t\t\t\t\t\t<div class=\"elementor-container elementor-column-gap-default\">\n\t\t\t\t\t<div class=\"elementor-column elementor-col-100 elementor-top-column elementor-element elementor-element-471e078\" data-id=\"471e078\" data-element_type=\"column\" data-e-type=\"column\">\n\t\t\t<div class=\"elementor-widget-wrap elementor-element-populated\">\n\t\t\t\t\t\t<section class=\"elementor-section elementor-inner-section elementor-element elementor-element-4ea4c6ae elementor-section-boxed elementor-section-height-default elementor-section-height-default\" data-id=\"4ea4c6ae\" data-element_type=\"section\" data-e-type=\"section\">\n\t\t\t\t\t\t<div class=\"elementor-container elementor-column-gap-default\">\n\t\t\t\t\t<div class=\"elementor-column elementor-col-50 elementor-inner-column elementor-element elementor-element-40b1a0ce\" data-id=\"40b1a0ce\" data-element_type=\"column\" data-e-type=\"column\">\n\t\t\t<div class=\"elementor-widget-wrap elementor-element-populated\">\n\t\t\t\t\t\t<div class=\"elementor-element elementor-element-7b83356 breadcrumb--back elementor-widget elementor-widget-button\" data-id=\"7b83356\" data-element_type=\"widget\" data-e-type=\"widget\" data-widget_type=\"button.default\">\n\t\t\t\t<div class=\"elementor-widget-container\">\n\t\t\t\t\t\t\t\t\t<div class=\"elementor-button-wrapper\">\n\t\t\t\t\t<a class=\"elementor-button elementor-button-link elementor-size-sm\" href=\"\/noticias\/\">\n\t\t\t\t\t\t<span class=\"elementor-button-content-wrapper\">\n\t\t\t\t\t\t<span class=\"elementor-button-icon\">\n\t\t\t\t<i aria-hidden=\"true\" class=\"icon icon-arrow-left\"><\/i>\t\t\t<\/span>\n\t\t\t\t\t\t\t\t\t<span class=\"elementor-button-text\">Noticias<\/span>\n\t\t\t\t\t<\/span>\n\t\t\t\t\t<\/a>\n\t\t\t\t<\/div>\n\t\t\t\t\t\t\t\t<\/div>\n\t\t\t\t<\/div>\n\t\t\t\t\t<\/div>\n\t\t<\/div>\n\t\t\t\t<div class=\"elementor-column elementor-col-50 elementor-inner-column elementor-element elementor-element-38817052 content-page__content\" data-id=\"38817052\" data-element_type=\"column\" data-e-type=\"column\">\n\t\t\t<div class=\"elementor-widget-wrap elementor-element-populated\">\n\t\t\t\t\t\t<div class=\"elementor-element elementor-element-682db5ba elementor-widget elementor-widget-theme-post-title elementor-page-title elementor-widget-heading\" data-id=\"682db5ba\" data-element_type=\"widget\" data-e-type=\"widget\" data-widget_type=\"theme-post-title.default\">\n\t\t\t\t<div class=\"elementor-widget-container\">\n\t\t\t\t\t<h1 class=\"elementor-heading-title elementor-size-default\">Art\u00edculo de opini\u00f3n de Cornyn: \u00bfQu\u00e9 esconde Biden sobre la frontera?<\/h1>\t\t\t\t<\/div>\n\t\t\t\t<\/div>\n\t\t\t\t<div class=\"elementor-element elementor-element-5b168d81 elementor-widget-divider--view-line elementor-widget elementor-widget-divider\" data-id=\"5b168d81\" data-element_type=\"widget\" data-e-type=\"widget\" data-widget_type=\"divider.default\">\n\t\t\t\t<div class=\"elementor-widget-container\">\n\t\t\t\t\t\t\t<div class=\"elementor-divider\">\n\t\t\t<span class=\"elementor-divider-separator\">\n\t\t\t\t\t\t<\/span>\n\t\t<\/div>\n\t\t\t\t\t\t<\/div>\n\t\t\t\t<\/div>\n\t\t\t\t<div class=\"elementor-element elementor-element-2d4bbc39 elementor-widget__width-initial elementor-widget-mobile__width-inherit elementor-widget elementor-widget-text-editor\" data-id=\"2d4bbc39\" data-element_type=\"widget\" data-e-type=\"widget\" data-widget_type=\"text-editor.default\">\n\t\t\t\t<div class=\"elementor-widget-container\">\n\t\t\t\t\t\t\t\t\tNovember 2, 2023\t\t\t\t\t\t\t\t<\/div>\n\t\t\t\t<\/div>\n\t\t\t\t<div class=\"elementor-element elementor-element-13d16378 elementor-share-buttons--view-icon elementor-share-buttons--skin-flat elementor-share-buttons--shape-circle elementor-share-buttons--color-custom share-buttons elementor-widget__width-initial elementor-widget-mobile__width-inherit elementor-grid-0 elementor-widget elementor-widget-share-buttons\" data-id=\"13d16378\" data-element_type=\"widget\" data-e-type=\"widget\" title=\"Share\" data-widget_type=\"share-buttons.default\">\n\t\t\t\t<div class=\"elementor-widget-container\">\n\t\t\t\t\t\t\t<div class=\"elementor-grid\" role=\"list\">\n\t\t\t\t\t\t\t\t<div class=\"elementor-grid-item\" role=\"listitem\">\n\t\t\t\t\t\t<div class=\"elementor-share-btn elementor-share-btn_email\" role=\"button\" tabindex=\"0\" aria-label=\"Share on email\">\n\t\t\t\t\t\t\t\t\t\t\t\t\t\t\t<span class=\"elementor-share-btn__icon\">\n\t\t\t\t\t\t\t\t<i class=\"fas fa-envelope\" aria-hidden=\"true\"><\/i>\t\t\t\t\t\t\t<\/span>\n\t\t\t\t\t\t\t\t\t\t\t\t\t\t\t\t\t\t\t\t<\/div>\n\t\t\t\t\t<\/div>\n\t\t\t\t\t\t\t\t\t<div class=\"elementor-grid-item\" role=\"listitem\">\n\t\t\t\t\t\t<div class=\"elementor-share-btn elementor-share-btn_linkedin\" role=\"button\" tabindex=\"0\" aria-label=\"Share on linkedin\">\n\t\t\t\t\t\t\t\t\t\t\t\t\t\t\t<span class=\"elementor-share-btn__icon\">\n\t\t\t\t\t\t\t\t<i class=\"fab fa-linkedin\" aria-hidden=\"true\"><\/i>\t\t\t\t\t\t\t<\/span>\n\t\t\t\t\t\t\t\t\t\t\t\t\t\t\t\t\t\t\t\t<\/div>\n\t\t\t\t\t<\/div>\n\t\t\t\t\t\t\t\t\t<div class=\"elementor-grid-item\" role=\"listitem\">\n\t\t\t\t\t\t<div class=\"elementor-share-btn elementor-share-btn_facebook\" role=\"button\" tabindex=\"0\" aria-label=\"Share on facebook\">\n\t\t\t\t\t\t\t\t\t\t\t\t\t\t\t<span class=\"elementor-share-btn__icon\">\n\t\t\t\t\t\t\t\t<i class=\"fab fa-facebook\" aria-hidden=\"true\"><\/i>\t\t\t\t\t\t\t<\/span>\n\t\t\t\t\t\t\t\t\t\t\t\t\t\t\t\t\t\t\t\t<\/div>\n\t\t\t\t\t<\/div>\n\t\t\t\t\t\t<\/div>\n\t\t\t\t\t\t<\/div>\n\t\t\t\t<\/div>\n\t\t\t\t<div class=\"elementor-element elementor-element-253ada55 elementor-widget elementor-widget-text-editor\" data-id=\"253ada55\" data-element_type=\"widget\" data-e-type=\"widget\" data-widget_type=\"text-editor.default\">\n\t\t\t\t<div class=\"elementor-widget-container\">\n\t\t\t\t\t\t\t\t\t<p><strong>WASHINGTON<\/strong> &#8211; El senador John Cornyn (R-TX) escribi\u00f3 el siguiente art\u00edculo de opini\u00f3n en <a href=\"https:\/\/www.foxnews.com\/opinion\/biden-hide-border\">FoxNews.com<\/a> para destacar su <a href=\"https:\/\/www.cornyn.senate.gov\/es-mx\/?post_type=news&#038;p=42400\"><em>Ley de Transparencia de la Frontera Sur<\/em><\/a>que present\u00f3 esta semana con m\u00e1s de 20 senadores republicanos. Esta legislaci\u00f3n exigir\u00eda al Departamento de Seguridad Nacional de Estados Unidos que informara con exactitud de c\u00f3mo est\u00e1 tratando a los migrantes que se encuentran en la frontera y garantizar\u00eda que el pueblo estadounidense tenga una contabilidad completa del n\u00famero de migrantes que est\u00e1n siendo liberados en Estados Unidos.<\/p>\n<p>\u00bfQu\u00e9 esconde Biden sobre la frontera?<\/p>\n<p>Senador John Cornyn<\/p>\n<p>FoxNews.com<\/p>\n<p>2 de noviembre de 2023<\/p>\n<p><a href=\"https:\/\/www.foxnews.com\/opinion\/biden-hide-border\">https:\/\/www.foxnews.com\/opinion\/biden-hide-border<\/a><\/p>\n<p>La crisis en la frontera sur sigue creciendo. Seguro que ha visto las sombr\u00edas estad\u00edsticas. M\u00e1s de 6,2 millones de migrantes han cruzado ilegalmente la frontera sur desde que <a href=\"https:\/\/www.foxnews.com\/opinion\">el Presidente Biden <\/a>asumi\u00f3 el cargo. Adem\u00e1s, al menos 1,5 millones de &#8220;fugados&#8221; eludieron por completo la acci\u00f3n de la ley. Los centros de detenci\u00f3n est\u00e1n por encima de su capacidad, el retraso en los tribunales de inmigraci\u00f3n se ha disparado y las expulsiones est\u00e1n en su nivel m\u00e1s bajo en d\u00e9cadas. Cuando visit\u00e9 la frontera sur de Texas la semana pasada, qued\u00f3 claro que los agentes de la Patrulla Fronteriza est\u00e1n agotados, desanimados y frustrados sin medida. Es f\u00e1cil ver por qu\u00e9.<\/p>\n<p>Aunque estos datos ponen de relieve el caos que han creado las <a href=\"https:\/\/www.foxnews.com\/category\/person\/joe-biden\">fallidas pol\u00edticas fronterizas del Presidente Biden <\/a>, s\u00f3lo cuentan una parte de la historia.<\/p>\n<p>El objetivo de esta administraci\u00f3n nunca ha sido solucionar la crisis fronteriza, sino simplemente ocultar las pruebas. Para ello, el Departamento de Seguridad Nacional (DHS) ha intentado &#8220;legalizar&#8221; la inmigraci\u00f3n ilegal canalizando a los inmigrantes hacia programas de liberaci\u00f3n ilegal -o, como se dice en la jerga de la ley de inmigraci\u00f3n, &#8220;libertad condicional&#8221;- creados por \u00e9l, y no tenemos ni idea de cu\u00e1ntas personas o de qu\u00e9 tipo est\u00e1n entrando en Estados Unidos a trav\u00e9s de este boondoggle.<\/p>\n<p>A principios de este a\u00f1o, el gobierno de Biden cre\u00f3 un programa que permite a los inmigrantes de Cuba, Hait\u00ed, Nicaragua y Venezuela entrar y permanecer legalmente en Estados Unidos durante dos a\u00f1os y recibir una autorizaci\u00f3n de trabajo casi instant\u00e1nea. El gobierno de Biden dio este gran paso sin el consentimiento del Congreso, actuando unilateralmente para ofrecer estatus laboral a un m\u00e1ximo de 360.000 personas al a\u00f1o.<\/p>\n<p>La administraci\u00f3n tambi\u00e9n ampli\u00f3 un programa destinado a ayudar a ciertos ni\u00f1os vulnerables de<a href=\"https:\/\/www.foxnews.com\/category\/world\/world-regions\/latin-america\"> El Salvador, Guatemala y<\/a> Honduras, permitiendo a los padres y familiares de esos ni\u00f1os entrar o permanecer en Estados Unidos.<\/p>\n<p>No existen datos p\u00fablicos exhaustivos sobre el n\u00famero de personas inscritas en estos programas, a cu\u00e1ntas de ellas se les renueva el estatuto y si finalmente (o alguna vez) abandonan Estados Unidos.<\/p>\n<p>A una escala a\u00fan mayor, estas ventajas no se limitan a personas de pa\u00edses concretos: personas de todo el mundo han sido autorizadas a entrar en Estados Unidos utilizando la aplicaci\u00f3n CBP One de la administraci\u00f3n. Hasta ahora, la administraci\u00f3n ha liberado a m\u00e1s de 266.000 migrantes que programaron citas a trav\u00e9s de la aplicaci\u00f3n. Esto incluye a individuos de Ir\u00e1n, China, Rusia y otros adversarios de todo el mundo. \u00bfEst\u00e1n incluidos estos cientos de miles de individuos en el recuento mensual de cruces fronterizos? Simplemente no lo sabemos.<\/p>\n<p>Cuando estos programas no pueden utilizarse para esconder bajo la alfombra los crecientes encuentros fronterizos, el DHS se dedica a la <a href=\"https:\/\/www.foxnews.com\/politics\/border-patrol-released-900000-migrants-us-southern-border-fy23\">captura y liberaci\u00f3n<\/a> generalizada bajo la simp\u00e1tica etiqueta de &#8220;liberaci\u00f3n humanitaria&#8221;. No est\u00e1 claro qui\u00e9n puede ser capturado y puesto en libertad, qu\u00e9 tipo de control se realiza, cu\u00e1ntos de estos inmigrantes solicitan asilo o hasta qu\u00e9 punto est\u00e1 extendida esta pr\u00e1ctica.<\/p>\n<p>Hay mucho que no sabemos, pero una cosa es cierta: el <a href=\"https:\/\/www.foxnews.com\/category\/politics\/executive\/white-house\">gobierno de Biden <\/a>ha hecho todo lo posible por maquillar las cuentas y ocultar los niveles r\u00e9cord de inmigraci\u00f3n ilegal que ha permitido. Algo debe cambiar, y necesitamos saber qu\u00e9 est\u00e1 haciendo la administraci\u00f3n Biden.<\/p>\n<p>Esta semana presentar\u00e9 la Ley de Transparencia de la Frontera Sur para obligar al gobierno de Biden a hacer p\u00fablicos estos datos. El pueblo estadounidense tiene derecho a saber cu\u00e1ntos migrantes est\u00e1n siendo liberados en Estados Unidos por esta administraci\u00f3n.<\/p>\n<p>Mi proyecto de ley exige al DHS que revele los detalles de sus turbias pr\u00e1cticas de captura y liberaci\u00f3n. \u00bfCu\u00e1ntos inmigrantes est\u00e1n entrando en el pa\u00eds y de d\u00f3nde proceden? \u00bfCu\u00e1ntos reciben autorizaci\u00f3n de trabajo? \u00bfSe van cuando termina su &#8220;libertad condicional&#8221;? \u00bfA cu\u00e1ntos se aplica el procedimiento acelerado de expulsi\u00f3n y a cu\u00e1ntos se expulsa realmente? \u00bfCu\u00e1ntos solicitan asilo antes de ser liberados en el interior? La administraci\u00f3n debe responder a estas preguntas.<\/p>\n<p>Se trata de transparencia. Si el Congreso espera hacer algo significativo para abordar la <a href=\"https:\/\/www.foxnews.com\/category\/us\/immigration\/border-security\">crisis fronteriza<\/a>, necesitamos hechos. Necesitamos una contabilidad completa de la crisis fronteriza, no el libro de cuentas manipulado que tenemos hoy.<\/p>\n<p>Hasta ahora, mi proyecto de ley cuenta con m\u00e1s de 20 copatrocinadores republicanos. Se trata de una medida simple y directa que garantizar\u00eda que el pueblo estadounidense tenga una imagen exacta de las pol\u00edticas fronterizas del Presidente Biden.<\/p>\n<p>Si el gobierno de Biden y los dem\u00f3cratas del Congreso creen que estos programas de excarcelaci\u00f3n y la forma en que el DHS trata a los inmigrantes detenidos en la frontera son legales, no deber\u00edan tener nada que ocultar.<\/p>\n\t\t\t\t\t\t\t\t<\/div>\n\t\t\t\t<\/div>\n\t\t\t\t\t<\/div>\n\t\t<\/div>\n\t\t\t\t\t<\/div>\n\t\t<\/section>\n\t\t\t\t\t<\/div>\n\t\t<\/div>\n\t\t\t\t\t<\/div>\n\t\t<\/section>\n\t\t\t\t<\/div>\n\t\t","protected":false},"author":20,"template":"","news-type":[161],"issues":[171],"class_list":["post-42430","news","type-news","status-publish","hentry","news-type-press-releases-es-mx","issues-immigration-border-security-es-mx"],"acf":[],"yoast_head":"<!-- This site is optimized with the Yoast SEO plugin v27.2 - https:\/\/yoast.com\/product\/yoast-seo-wordpress\/ -->\n<title>Art\u00edculo de opini\u00f3n de Cornyn: \u00bfQu\u00e9 esconde Biden sobre la frontera? - Senator Cornyn<\/title>\n<meta name=\"robots\" content=\"index, follow, max-snippet:-1, max-image-preview:large, max-video-preview:-1\" \/>\n<link rel=\"canonical\" href=\"https:\/\/www.cornyn.senate.gov\/es-mx\/news\/articulo-de-opinion-de-cornyn-que-esconde-biden-sobre-la-frontera\/\" \/>\n<meta property=\"og:locale\" content=\"es_MX\" \/>\n<meta property=\"og:type\" content=\"article\" \/>\n<meta property=\"og:title\" content=\"Art\u00edculo de opini\u00f3n de Cornyn: \u00bfQu\u00e9 esconde Biden sobre la frontera? - Senator Cornyn\" \/>\n<meta property=\"og:description\" content=\"Noticias WASHINGTON &#8211; El senador John Cornyn (R-TX) escribi\u00f3 el siguiente art\u00edculo de opini\u00f3n en FoxNews.com para destacar su Ley de Transparencia de la Frontera Surque present\u00f3 esta semana con m\u00e1s de 20 senadores republicanos. Esta legislaci\u00f3n exigir\u00eda al Departamento de Seguridad Nacional de Estados Unidos que informara con exactitud de c\u00f3mo est\u00e1 tratando a [&hellip;]\" \/>\n<meta property=\"og:url\" content=\"https:\/\/www.cornyn.senate.gov\/es-mx\/news\/articulo-de-opinion-de-cornyn-que-esconde-biden-sobre-la-frontera\/\" \/>\n<meta property=\"og:site_name\" content=\"Senator Cornyn\" \/>\n<meta property=\"article:publisher\" content=\"https:\/\/www.facebook.com\/SenJohnCornyn\" \/>\n<meta property=\"article:modified_time\" content=\"2024-07-11T17:47:29+00:00\" \/>\n<meta property=\"og:image\" content=\"https:\/\/www.cornyn.senate.gov\/wp-content\/uploads\/2023\/11\/Twitter-Card-Dec-23-1024x535.png\" \/>\n\t<meta property=\"og:image:width\" content=\"1024\" \/>\n\t<meta property=\"og:image:height\" content=\"535\" \/>\n\t<meta property=\"og:image:type\" content=\"image\/png\" \/>\n<meta name=\"twitter:card\" content=\"summary_large_image\" \/>\n<meta name=\"twitter:site\" content=\"@johncornyn\" \/>\n<meta name=\"twitter:label1\" content=\"Est. reading time\" \/>\n\t<meta name=\"twitter:data1\" content=\"5 minutes\" \/>\n<script type=\"application\/ld+json\" class=\"yoast-schema-graph\">{\"@context\":\"https:\/\/schema.org\",\"@graph\":[{\"@type\":\"WebPage\",\"@id\":\"https:\/\/www.cornyn.senate.gov\/es-mx\/news\/articulo-de-opinion-de-cornyn-que-esconde-biden-sobre-la-frontera\/\",\"url\":\"https:\/\/www.cornyn.senate.gov\/es-mx\/news\/articulo-de-opinion-de-cornyn-que-esconde-biden-sobre-la-frontera\/\",\"name\":\"Art\u00edculo de opini\u00f3n de Cornyn: \u00bfQu\u00e9 esconde Biden sobre la frontera? - Senator Cornyn\",\"isPartOf\":{\"@id\":\"https:\/\/www.cornyn.senate.gov\/es-mx\/#website\"},\"datePublished\":\"2023-11-02T13:10:12+00:00\",\"dateModified\":\"2024-07-11T17:47:29+00:00\",\"breadcrumb\":{\"@id\":\"https:\/\/www.cornyn.senate.gov\/es-mx\/news\/articulo-de-opinion-de-cornyn-que-esconde-biden-sobre-la-frontera\/#breadcrumb\"},\"inLanguage\":\"es-MX\",\"potentialAction\":[{\"@type\":\"ReadAction\",\"target\":[\"https:\/\/www.cornyn.senate.gov\/es-mx\/news\/articulo-de-opinion-de-cornyn-que-esconde-biden-sobre-la-frontera\/\"]}]},{\"@type\":\"BreadcrumbList\",\"@id\":\"https:\/\/www.cornyn.senate.gov\/es-mx\/news\/articulo-de-opinion-de-cornyn-que-esconde-biden-sobre-la-frontera\/#breadcrumb\",\"itemListElement\":[{\"@type\":\"ListItem\",\"position\":1,\"name\":\"Home\",\"item\":\"https:\/\/www.cornyn.senate.gov\/es-mx\/\"},{\"@type\":\"ListItem\",\"position\":2,\"name\":\"News\",\"item\":\"https:\/\/www.cornyn.senate.gov\/es-mx\/news\/\"},{\"@type\":\"ListItem\",\"position\":3,\"name\":\"Art\u00edculo de opini\u00f3n de Cornyn: \u00bfQu\u00e9 esconde Biden sobre la frontera?\"}]},{\"@type\":\"WebSite\",\"@id\":\"https:\/\/www.cornyn.senate.gov\/es-mx\/#website\",\"url\":\"https:\/\/www.cornyn.senate.gov\/es-mx\/\",\"name\":\"Senator Cornyn\",\"description\":\"\",\"publisher\":{\"@id\":\"https:\/\/www.cornyn.senate.gov\/es-mx\/#organization\"},\"potentialAction\":[{\"@type\":\"SearchAction\",\"target\":{\"@type\":\"EntryPoint\",\"urlTemplate\":\"https:\/\/www.cornyn.senate.gov\/es-mx\/?s={search_term_string}\"},\"query-input\":{\"@type\":\"PropertyValueSpecification\",\"valueRequired\":true,\"valueName\":\"search_term_string\"}}],\"inLanguage\":\"es-MX\"},{\"@type\":\"Organization\",\"@id\":\"https:\/\/www.cornyn.senate.gov\/es-mx\/#organization\",\"name\":\"Senator Cornyn\",\"url\":\"https:\/\/www.cornyn.senate.gov\/es-mx\/\",\"logo\":{\"@type\":\"ImageObject\",\"inLanguage\":\"es-MX\",\"@id\":\"https:\/\/www.cornyn.senate.gov\/es-mx\/#\/schema\/logo\/image\/\",\"url\":\"https:\/\/www.cornyn.senate.gov\/wp-content\/uploads\/2022\/01\/Logo-2.svg\",\"contentUrl\":\"https:\/\/www.cornyn.senate.gov\/wp-content\/uploads\/2022\/01\/Logo-2.svg\",\"caption\":\"Senator Cornyn\"},\"image\":{\"@id\":\"https:\/\/www.cornyn.senate.gov\/es-mx\/#\/schema\/logo\/image\/\"},\"sameAs\":[\"https:\/\/www.facebook.com\/SenJohnCornyn\",\"https:\/\/x.com\/johncornyn\"]}]}<\/script>\n<!-- \/ Yoast SEO plugin. -->","yoast_head_json":{"title":"Art\u00edculo de opini\u00f3n de Cornyn: \u00bfQu\u00e9 esconde Biden sobre la frontera? - Senator Cornyn","robots":{"index":"index","follow":"follow","max-snippet":"max-snippet:-1","max-image-preview":"max-image-preview:large","max-video-preview":"max-video-preview:-1"},"canonical":"https:\/\/www.cornyn.senate.gov\/es-mx\/news\/articulo-de-opinion-de-cornyn-que-esconde-biden-sobre-la-frontera\/","og_locale":"es_MX","og_type":"article","og_title":"Art\u00edculo de opini\u00f3n de Cornyn: \u00bfQu\u00e9 esconde Biden sobre la frontera? - Senator Cornyn","og_description":"Noticias WASHINGTON &#8211; El senador John Cornyn (R-TX) escribi\u00f3 el siguiente art\u00edculo de opini\u00f3n en FoxNews.com para destacar su Ley de Transparencia de la Frontera Surque present\u00f3 esta semana con m\u00e1s de 20 senadores republicanos. Esta legislaci\u00f3n exigir\u00eda al Departamento de Seguridad Nacional de Estados Unidos que informara con exactitud de c\u00f3mo est\u00e1 tratando a [&hellip;]","og_url":"https:\/\/www.cornyn.senate.gov\/es-mx\/news\/articulo-de-opinion-de-cornyn-que-esconde-biden-sobre-la-frontera\/","og_site_name":"Senator Cornyn","article_publisher":"https:\/\/www.facebook.com\/SenJohnCornyn","article_modified_time":"2024-07-11T17:47:29+00:00","og_image":[{"width":1024,"height":535,"url":"https:\/\/www.cornyn.senate.gov\/wp-content\/uploads\/2023\/11\/Twitter-Card-Dec-23-1024x535.png","type":"image\/png"}],"twitter_card":"summary_large_image","twitter_site":"@johncornyn","twitter_misc":{"Est. reading time":"5 minutes"},"schema":{"@context":"https:\/\/schema.org","@graph":[{"@type":"WebPage","@id":"https:\/\/www.cornyn.senate.gov\/es-mx\/news\/articulo-de-opinion-de-cornyn-que-esconde-biden-sobre-la-frontera\/","url":"https:\/\/www.cornyn.senate.gov\/es-mx\/news\/articulo-de-opinion-de-cornyn-que-esconde-biden-sobre-la-frontera\/","name":"Art\u00edculo de opini\u00f3n de Cornyn: \u00bfQu\u00e9 esconde Biden sobre la frontera? - Senator Cornyn","isPartOf":{"@id":"https:\/\/www.cornyn.senate.gov\/es-mx\/#website"},"datePublished":"2023-11-02T13:10:12+00:00","dateModified":"2024-07-11T17:47:29+00:00","breadcrumb":{"@id":"https:\/\/www.cornyn.senate.gov\/es-mx\/news\/articulo-de-opinion-de-cornyn-que-esconde-biden-sobre-la-frontera\/#breadcrumb"},"inLanguage":"es-MX","potentialAction":[{"@type":"ReadAction","target":["https:\/\/www.cornyn.senate.gov\/es-mx\/news\/articulo-de-opinion-de-cornyn-que-esconde-biden-sobre-la-frontera\/"]}]},{"@type":"BreadcrumbList","@id":"https:\/\/www.cornyn.senate.gov\/es-mx\/news\/articulo-de-opinion-de-cornyn-que-esconde-biden-sobre-la-frontera\/#breadcrumb","itemListElement":[{"@type":"ListItem","position":1,"name":"Home","item":"https:\/\/www.cornyn.senate.gov\/es-mx\/"},{"@type":"ListItem","position":2,"name":"News","item":"https:\/\/www.cornyn.senate.gov\/es-mx\/news\/"},{"@type":"ListItem","position":3,"name":"Art\u00edculo de opini\u00f3n de Cornyn: \u00bfQu\u00e9 esconde Biden sobre la frontera?"}]},{"@type":"WebSite","@id":"https:\/\/www.cornyn.senate.gov\/es-mx\/#website","url":"https:\/\/www.cornyn.senate.gov\/es-mx\/","name":"Senator Cornyn","description":"","publisher":{"@id":"https:\/\/www.cornyn.senate.gov\/es-mx\/#organization"},"potentialAction":[{"@type":"SearchAction","target":{"@type":"EntryPoint","urlTemplate":"https:\/\/www.cornyn.senate.gov\/es-mx\/?s={search_term_string}"},"query-input":{"@type":"PropertyValueSpecification","valueRequired":true,"valueName":"search_term_string"}}],"inLanguage":"es-MX"},{"@type":"Organization","@id":"https:\/\/www.cornyn.senate.gov\/es-mx\/#organization","name":"Senator Cornyn","url":"https:\/\/www.cornyn.senate.gov\/es-mx\/","logo":{"@type":"ImageObject","inLanguage":"es-MX","@id":"https:\/\/www.cornyn.senate.gov\/es-mx\/#\/schema\/logo\/image\/","url":"https:\/\/www.cornyn.senate.gov\/wp-content\/uploads\/2022\/01\/Logo-2.svg","contentUrl":"https:\/\/www.cornyn.senate.gov\/wp-content\/uploads\/2022\/01\/Logo-2.svg","caption":"Senator Cornyn"},"image":{"@id":"https:\/\/www.cornyn.senate.gov\/es-mx\/#\/schema\/logo\/image\/"},"sameAs":["https:\/\/www.facebook.com\/SenJohnCornyn","https:\/\/x.com\/johncornyn"]}]}},"_links":{"self":[{"href":"https:\/\/www.cornyn.senate.gov\/es-mx\/wp-json\/wp\/v2\/news\/42430","targetHints":{"allow":["GET"]}}],"collection":[{"href":"https:\/\/www.cornyn.senate.gov\/es-mx\/wp-json\/wp\/v2\/news"}],"about":[{"href":"https:\/\/www.cornyn.senate.gov\/es-mx\/wp-json\/wp\/v2\/types\/news"}],"author":[{"embeddable":true,"href":"https:\/\/www.cornyn.senate.gov\/es-mx\/wp-json\/wp\/v2\/users\/20"}],"version-history":[{"count":1,"href":"https:\/\/www.cornyn.senate.gov\/es-mx\/wp-json\/wp\/v2\/news\/42430\/revisions"}],"predecessor-version":[{"id":42432,"href":"https:\/\/www.cornyn.senate.gov\/es-mx\/wp-json\/wp\/v2\/news\/42430\/revisions\/42432"}],"wp:attachment":[{"href":"https:\/\/www.cornyn.senate.gov\/es-mx\/wp-json\/wp\/v2\/media?parent=42430"}],"wp:term":[{"taxonomy":"news-type","embeddable":true,"href":"https:\/\/www.cornyn.senate.gov\/es-mx\/wp-json\/wp\/v2\/news-type?post=42430"},{"taxonomy":"issues","embeddable":true,"href":"https:\/\/www.cornyn.senate.gov\/es-mx\/wp-json\/wp\/v2\/issues?post=42430"}],"curies":[{"name":"wp","href":"https:\/\/api.w.org\/{rel}","templated":true}]}}