{"id":43140,"date":"2023-12-13T15:06:49","date_gmt":"2023-12-13T20:06:49","guid":{"rendered":"https:\/\/www.cornyn.senate.gov\/?post_type=news&#038;p=43140"},"modified":"2024-07-11T13:46:43","modified_gmt":"2024-07-11T17:46:43","slug":"cornyn-los-democratas-del-senado-suspenden-en-2023","status":"publish","type":"news","link":"https:\/\/www.cornyn.senate.gov\/es-mx\/news\/cornyn-los-democratas-del-senado-suspenden-en-2023\/","title":{"rendered":"Cornyn: los dem\u00f3cratas del Senado suspenden en 2023"},"content":{"rendered":"\t\t<div data-elementor-type=\"wp-post\" data-elementor-id=\"43140\" class=\"elementor elementor-43140 elementor-43122\" data-elementor-post-type=\"news\">\n\t\t\t\t\t\t<section class=\"elementor-section elementor-top-section elementor-element elementor-element-3f62bd41 elementor-section-boxed elementor-section-height-default elementor-section-height-default\" data-id=\"3f62bd41\" data-element_type=\"section\" data-e-type=\"section\">\n\t\t\t\t\t\t<div class=\"elementor-container elementor-column-gap-default\">\n\t\t\t\t\t<div class=\"elementor-column elementor-col-100 elementor-top-column elementor-element elementor-element-6ae92316\" data-id=\"6ae92316\" data-element_type=\"column\" data-e-type=\"column\">\n\t\t\t<div class=\"elementor-widget-wrap elementor-element-populated\">\n\t\t\t\t\t\t<section class=\"elementor-section elementor-inner-section elementor-element elementor-element-2759b62c elementor-section-boxed elementor-section-height-default elementor-section-height-default\" data-id=\"2759b62c\" data-element_type=\"section\" data-e-type=\"section\">\n\t\t\t\t\t\t<div class=\"elementor-container elementor-column-gap-default\">\n\t\t\t\t\t<div class=\"elementor-column elementor-col-50 elementor-inner-column elementor-element elementor-element-415e4802\" data-id=\"415e4802\" data-element_type=\"column\" data-e-type=\"column\">\n\t\t\t<div class=\"elementor-widget-wrap elementor-element-populated\">\n\t\t\t\t\t\t<div class=\"elementor-element elementor-element-3c81531b breadcrumb--back elementor-widget elementor-widget-button\" data-id=\"3c81531b\" data-element_type=\"widget\" data-e-type=\"widget\" data-widget_type=\"button.default\">\n\t\t\t\t<div class=\"elementor-widget-container\">\n\t\t\t\t\t\t\t\t\t<div class=\"elementor-button-wrapper\">\n\t\t\t\t\t<a class=\"elementor-button elementor-button-link elementor-size-sm\" href=\"\/noticias\/\">\n\t\t\t\t\t\t<span class=\"elementor-button-content-wrapper\">\n\t\t\t\t\t\t<span class=\"elementor-button-icon\">\n\t\t\t\t<i aria-hidden=\"true\" class=\"icon icon-arrow-left\"><\/i>\t\t\t<\/span>\n\t\t\t\t\t\t\t\t\t<span class=\"elementor-button-text\">Noticias<\/span>\n\t\t\t\t\t<\/span>\n\t\t\t\t\t<\/a>\n\t\t\t\t<\/div>\n\t\t\t\t\t\t\t\t<\/div>\n\t\t\t\t<\/div>\n\t\t\t\t\t<\/div>\n\t\t<\/div>\n\t\t\t\t<div class=\"elementor-column elementor-col-50 elementor-inner-column elementor-element elementor-element-50481a5d content-page__content\" data-id=\"50481a5d\" data-element_type=\"column\" data-e-type=\"column\">\n\t\t\t<div class=\"elementor-widget-wrap elementor-element-populated\">\n\t\t\t\t\t\t<div class=\"elementor-element elementor-element-257ac3b6 elementor-widget elementor-widget-theme-post-title elementor-page-title elementor-widget-heading\" data-id=\"257ac3b6\" data-element_type=\"widget\" data-e-type=\"widget\" data-widget_type=\"theme-post-title.default\">\n\t\t\t\t<div class=\"elementor-widget-container\">\n\t\t\t\t\t<h1 class=\"elementor-heading-title elementor-size-default\">Cornyn: los dem\u00f3cratas del Senado suspenden en 2023<\/h1>\t\t\t\t<\/div>\n\t\t\t\t<\/div>\n\t\t\t\t<div class=\"elementor-element elementor-element-1d7f47d0 elementor-widget-divider--view-line elementor-widget elementor-widget-divider\" data-id=\"1d7f47d0\" data-element_type=\"widget\" data-e-type=\"widget\" data-widget_type=\"divider.default\">\n\t\t\t\t<div class=\"elementor-widget-container\">\n\t\t\t\t\t\t\t<div class=\"elementor-divider\">\n\t\t\t<span class=\"elementor-divider-separator\">\n\t\t\t\t\t\t<\/span>\n\t\t<\/div>\n\t\t\t\t\t\t<\/div>\n\t\t\t\t<\/div>\n\t\t\t\t<div class=\"elementor-element elementor-element-42e77b58 elementor-widget__width-initial elementor-widget-mobile__width-inherit elementor-widget elementor-widget-text-editor\" data-id=\"42e77b58\" data-element_type=\"widget\" data-e-type=\"widget\" data-widget_type=\"text-editor.default\">\n\t\t\t\t<div class=\"elementor-widget-container\">\n\t\t\t\t\t\t\t\t\tDecember 13, 2023\t\t\t\t\t\t\t\t<\/div>\n\t\t\t\t<\/div>\n\t\t\t\t<div class=\"elementor-element elementor-element-57e6ca73 elementor-share-buttons--view-icon elementor-share-buttons--skin-flat elementor-share-buttons--shape-circle elementor-share-buttons--color-custom share-buttons elementor-widget__width-initial elementor-widget-mobile__width-inherit elementor-grid-0 elementor-widget elementor-widget-share-buttons\" data-id=\"57e6ca73\" data-element_type=\"widget\" data-e-type=\"widget\" title=\"Share\" data-widget_type=\"share-buttons.default\">\n\t\t\t\t<div class=\"elementor-widget-container\">\n\t\t\t\t\t\t\t<div class=\"elementor-grid\" role=\"list\">\n\t\t\t\t\t\t\t\t<div class=\"elementor-grid-item\" role=\"listitem\">\n\t\t\t\t\t\t<div class=\"elementor-share-btn elementor-share-btn_email\" role=\"button\" tabindex=\"0\" aria-label=\"Share on email\">\n\t\t\t\t\t\t\t\t\t\t\t\t\t\t\t<span class=\"elementor-share-btn__icon\">\n\t\t\t\t\t\t\t\t<i class=\"fas fa-envelope\" aria-hidden=\"true\"><\/i>\t\t\t\t\t\t\t<\/span>\n\t\t\t\t\t\t\t\t\t\t\t\t\t\t\t\t\t\t\t\t<\/div>\n\t\t\t\t\t<\/div>\n\t\t\t\t\t\t\t\t\t<div class=\"elementor-grid-item\" role=\"listitem\">\n\t\t\t\t\t\t<div class=\"elementor-share-btn elementor-share-btn_linkedin\" role=\"button\" tabindex=\"0\" aria-label=\"Share on linkedin\">\n\t\t\t\t\t\t\t\t\t\t\t\t\t\t\t<span class=\"elementor-share-btn__icon\">\n\t\t\t\t\t\t\t\t<i class=\"fab fa-linkedin\" aria-hidden=\"true\"><\/i>\t\t\t\t\t\t\t<\/span>\n\t\t\t\t\t\t\t\t\t\t\t\t\t\t\t\t\t\t\t\t<\/div>\n\t\t\t\t\t<\/div>\n\t\t\t\t\t\t\t\t\t<div class=\"elementor-grid-item\" role=\"listitem\">\n\t\t\t\t\t\t<div class=\"elementor-share-btn elementor-share-btn_facebook\" role=\"button\" tabindex=\"0\" aria-label=\"Share on facebook\">\n\t\t\t\t\t\t\t\t\t\t\t\t\t\t\t<span class=\"elementor-share-btn__icon\">\n\t\t\t\t\t\t\t\t<i class=\"fab fa-facebook\" aria-hidden=\"true\"><\/i>\t\t\t\t\t\t\t<\/span>\n\t\t\t\t\t\t\t\t\t\t\t\t\t\t\t\t\t\t\t\t<\/div>\n\t\t\t\t\t<\/div>\n\t\t\t\t\t\t<\/div>\n\t\t\t\t\t\t<\/div>\n\t\t\t\t<\/div>\n\t\t\t\t<div class=\"elementor-element elementor-element-69559abe elementor-blockquote--skin-boxed elementor-widget elementor-widget-blockquote\" data-id=\"69559abe\" data-element_type=\"widget\" data-e-type=\"widget\" data-widget_type=\"blockquote.default\">\n\t\t\t\t<div class=\"elementor-widget-container\">\n\t\t\t\t\t\t\t<blockquote class=\"elementor-blockquote\">\n\t\t\t<p class=\"elementor-blockquote__content\">\n\t\t\t\tEs un tema familiar en el que la mayor\u00eda no aborda estas cuestiones hasta la fecha l\u00edmite, y entonces no podemos conseguirlo y hay que aprobar otra pr\u00f3rroga.\n<br><br>\nEl primer cuatrimestre del a\u00f1o que viene se dedicar\u00e1 a resolver los problemas pendientes que deber\u00edan haberse resuelto este a\u00f1o.\n <br><br>\nDada esta mediocre actuaci\u00f3n, este es un bolet\u00edn de notas que nuestros colegas dem\u00f3cratas deber\u00edan avergonzarse de llevar a casa ante sus electores.\n\t\t\t<\/p>\n\t\t\t\t\t<\/blockquote>\n\t\t\t\t\t\t<\/div>\n\t\t\t\t<\/div>\n\t\t\t\t<div class=\"elementor-element elementor-element-657dab elementor-widget elementor-widget-text-editor\" data-id=\"657dab\" data-element_type=\"widget\" data-e-type=\"widget\" data-widget_type=\"text-editor.default\">\n\t\t\t\t<div class=\"elementor-widget-container\">\n\t\t\t\t\t\t\t\t\t<p><strong>WASHINGTON<\/strong> &#8211; El senador John Cornyn (republicano de Texas) ha lamentado hoy en el hemiciclo que la mayor\u00eda dem\u00f3crata del Senado no haya abordado adecuadamente m\u00faltiples prioridades urgentes, como la financiaci\u00f3n del Gobierno, la<em> Ley de Autorizaci\u00f3n de la Defensa Nacional<\/em>, la seguridad fronteriza y la ayuda a Israel. A continuaci\u00f3n se ofrecen extractos de las declaraciones del Senador Cornyn, y <a href=\"https:\/\/youtu.be\/uucOrEiabf4\">aqu\u00ed<\/a> puede verse el v\u00eddeo.<\/p>\n<p><img fetchpriority=\"high\" decoding=\"async\" class=\"size-large wp-image-43128 aligncenter\" src=\"https:\/\/www.cornyn.senate.gov\/wp-content\/uploads\/2023\/12\/Photo-1024x576.png\" alt=\"\" width=\"800\" height=\"450\" srcset=\"https:\/\/www.cornyn.senate.gov\/wp-content\/uploads\/2023\/12\/Photo-1024x576.png 1024w, https:\/\/www.cornyn.senate.gov\/wp-content\/uploads\/2023\/12\/Photo-300x169.png 300w, https:\/\/www.cornyn.senate.gov\/wp-content\/uploads\/2023\/12\/Photo-768x432.png 768w, https:\/\/www.cornyn.senate.gov\/wp-content\/uploads\/2023\/12\/Photo.png 1280w\" sizes=\"(max-width: 800px) 100vw, 800px\" \/><\/p>\n<p><em>&#8220;El l\u00edder de la mayor\u00eda no&#8230; intent\u00f3 presentar un proyecto de ley de apropiaciones en el pleno del Senado hasta mediados de septiembre, casi tres meses despu\u00e9s de que el primer proyecto de financiaci\u00f3n fuera aprobado por el Comit\u00e9&#8221;.<\/em><\/p>\n<p><em>&#8220;Tuvimos que aprobar una resoluci\u00f3n a corto plazo para financiar el gobierno hasta noviembre. Esa fecha l\u00edmite de noviembre lleg\u00f3 y pas\u00f3 una vez m\u00e1s, y tuvimos que patear la lata por el camino una vez m\u00e1s hasta el 19 de enero.&#8221; <\/em><\/p>\n<p><em>&#8220;La NDAA deber\u00eda haberse convertido en ley a finales de septiembre, pero el l\u00edder de la mayor\u00eda decidi\u00f3 retrasarla hasta ahora&#8221;.<\/em><\/p>\n<p><em>&#8220;La C\u00e1mara de Representantes aprob\u00f3 el 2 de noviembre un cr\u00e9dito suplementario de 14.300 millones de d\u00f3lares en beneficio de Israel. Aqu\u00ed estamos seis semanas despu\u00e9s, y no hay acci\u00f3n&#8221;.<\/em><\/p>\n<p><em>&#8220;Luego est\u00e1 la reautorizaci\u00f3n de la Administraci\u00f3n Federal de Aviaci\u00f3n, que expiraba de nuevo a finales de septiembre&#8221;.<\/em><\/p>\n<p><em>&#8220;El Senado aprob\u00f3 una pr\u00f3rroga a corto plazo para disponer de tres meses m\u00e1s para avanzar en una reautorizaci\u00f3n a m\u00e1s largo plazo que aborde estas y otras cuestiones. Por desgracia, ese trabajo tampoco se ha hecho&#8221;.<\/em><\/p>\n<p><em>&#8220;Tampoco completamos el trabajo sobre la Ley Agraria&#8221;.<\/em><\/p>\n<p><em>&#8220;Es un tema familiar en el que la mayor\u00eda no aborda estas cuestiones hasta la fecha l\u00edmite, y entonces no podemos conseguirlo y hay que aprobar otra pr\u00f3rroga&#8221;.<\/em><\/p>\n<p><em>&#8220;Los cuatro primeros meses del a\u00f1o que viene se dedicar\u00e1n a resolver los problemas pendientes que deber\u00edan haberse resuelto este a\u00f1o. Dada esta mediocre actuaci\u00f3n, \u00e9ste es un bolet\u00edn de notas que nuestros colegas dem\u00f3cratas deber\u00edan avergonzarse de llevar a casa ante sus electores.&#8221; <\/em><\/p>\n\t\t\t\t\t\t\t\t<\/div>\n\t\t\t\t<\/div>\n\t\t\t\t\t<\/div>\n\t\t<\/div>\n\t\t\t\t\t<\/div>\n\t\t<\/section>\n\t\t\t\t\t<\/div>\n\t\t<\/div>\n\t\t\t\t\t<\/div>\n\t\t<\/section>\n\t\t\t\t<\/div>\n\t\t","protected":false},"author":20,"template":"","news-type":[161],"issues":[187,167,173,165],"class_list":["post-43140","news","type-news","status-publish","hentry","news-type-press-releases-es-mx","issues-agriculture-es-mx","issues-economy-fiscal-responsibility-es-mx","issues-energy-environment-es-mx","issues-foreign-affairs-national-security-es-mx"],"acf":[],"yoast_head":"<!-- This site is optimized with the Yoast SEO plugin v27.2 - https:\/\/yoast.com\/product\/yoast-seo-wordpress\/ -->\n<title>Cornyn: los dem\u00f3cratas del Senado suspenden en 2023 - Senator Cornyn<\/title>\n<meta name=\"robots\" content=\"index, follow, max-snippet:-1, max-image-preview:large, max-video-preview:-1\" \/>\n<link rel=\"canonical\" href=\"https:\/\/www.cornyn.senate.gov\/es-mx\/news\/cornyn-los-democratas-del-senado-suspenden-en-2023\/\" \/>\n<meta property=\"og:locale\" content=\"es_MX\" \/>\n<meta property=\"og:type\" content=\"article\" \/>\n<meta property=\"og:title\" content=\"Cornyn: los dem\u00f3cratas del Senado suspenden en 2023 - Senator Cornyn\" \/>\n<meta property=\"og:description\" content=\"Noticias Es un tema familiar en el que la mayor\u00eda no aborda estas cuestiones hasta la fecha l\u00edmite, y entonces no podemos conseguirlo y hay que aprobar otra pr\u00f3rroga. El primer cuatrimestre del a\u00f1o que viene se dedicar\u00e1 a resolver los problemas pendientes que deber\u00edan haberse resuelto este a\u00f1o. Dada esta mediocre actuaci\u00f3n, este es [&hellip;]\" \/>\n<meta property=\"og:url\" content=\"https:\/\/www.cornyn.senate.gov\/es-mx\/news\/cornyn-los-democratas-del-senado-suspenden-en-2023\/\" \/>\n<meta property=\"og:site_name\" content=\"Senator Cornyn\" \/>\n<meta property=\"article:publisher\" content=\"https:\/\/www.facebook.com\/SenJohnCornyn\" \/>\n<meta property=\"article:modified_time\" content=\"2024-07-11T17:46:43+00:00\" \/>\n<meta property=\"og:image\" content=\"https:\/\/www.cornyn.senate.gov\/wp-content\/uploads\/2023\/12\/Photo-1024x576.png\" \/>\n<meta name=\"twitter:card\" content=\"summary_large_image\" \/>\n<meta name=\"twitter:site\" content=\"@johncornyn\" \/>\n<meta name=\"twitter:label1\" content=\"Est. reading time\" \/>\n\t<meta name=\"twitter:data1\" content=\"2 minutes\" \/>\n<script type=\"application\/ld+json\" class=\"yoast-schema-graph\">{\"@context\":\"https:\/\/schema.org\",\"@graph\":[{\"@type\":\"WebPage\",\"@id\":\"https:\/\/www.cornyn.senate.gov\/es-mx\/news\/cornyn-los-democratas-del-senado-suspenden-en-2023\/\",\"url\":\"https:\/\/www.cornyn.senate.gov\/es-mx\/news\/cornyn-los-democratas-del-senado-suspenden-en-2023\/\",\"name\":\"Cornyn: los dem\u00f3cratas del Senado suspenden en 2023 - Senator Cornyn\",\"isPartOf\":{\"@id\":\"https:\/\/www.cornyn.senate.gov\/es-mx\/#website\"},\"primaryImageOfPage\":{\"@id\":\"https:\/\/www.cornyn.senate.gov\/es-mx\/news\/cornyn-los-democratas-del-senado-suspenden-en-2023\/#primaryimage\"},\"image\":{\"@id\":\"https:\/\/www.cornyn.senate.gov\/es-mx\/news\/cornyn-los-democratas-del-senado-suspenden-en-2023\/#primaryimage\"},\"thumbnailUrl\":\"https:\/\/www.cornyn.senate.gov\/wp-content\/uploads\/2023\/12\/Photo-1024x576.png\",\"datePublished\":\"2023-12-13T20:06:49+00:00\",\"dateModified\":\"2024-07-11T17:46:43+00:00\",\"breadcrumb\":{\"@id\":\"https:\/\/www.cornyn.senate.gov\/es-mx\/news\/cornyn-los-democratas-del-senado-suspenden-en-2023\/#breadcrumb\"},\"inLanguage\":\"es-MX\",\"potentialAction\":[{\"@type\":\"ReadAction\",\"target\":[\"https:\/\/www.cornyn.senate.gov\/es-mx\/news\/cornyn-los-democratas-del-senado-suspenden-en-2023\/\"]}]},{\"@type\":\"ImageObject\",\"inLanguage\":\"es-MX\",\"@id\":\"https:\/\/www.cornyn.senate.gov\/es-mx\/news\/cornyn-los-democratas-del-senado-suspenden-en-2023\/#primaryimage\",\"url\":\"https:\/\/www.cornyn.senate.gov\/wp-content\/uploads\/2023\/12\/Photo-1024x576.png\",\"contentUrl\":\"https:\/\/www.cornyn.senate.gov\/wp-content\/uploads\/2023\/12\/Photo-1024x576.png\"},{\"@type\":\"BreadcrumbList\",\"@id\":\"https:\/\/www.cornyn.senate.gov\/es-mx\/news\/cornyn-los-democratas-del-senado-suspenden-en-2023\/#breadcrumb\",\"itemListElement\":[{\"@type\":\"ListItem\",\"position\":1,\"name\":\"Home\",\"item\":\"https:\/\/www.cornyn.senate.gov\/es-mx\/\"},{\"@type\":\"ListItem\",\"position\":2,\"name\":\"News\",\"item\":\"https:\/\/www.cornyn.senate.gov\/es-mx\/news\/\"},{\"@type\":\"ListItem\",\"position\":3,\"name\":\"Cornyn: los dem\u00f3cratas del Senado suspenden en 2023\"}]},{\"@type\":\"WebSite\",\"@id\":\"https:\/\/www.cornyn.senate.gov\/es-mx\/#website\",\"url\":\"https:\/\/www.cornyn.senate.gov\/es-mx\/\",\"name\":\"Senator Cornyn\",\"description\":\"\",\"publisher\":{\"@id\":\"https:\/\/www.cornyn.senate.gov\/es-mx\/#organization\"},\"potentialAction\":[{\"@type\":\"SearchAction\",\"target\":{\"@type\":\"EntryPoint\",\"urlTemplate\":\"https:\/\/www.cornyn.senate.gov\/es-mx\/?s={search_term_string}\"},\"query-input\":{\"@type\":\"PropertyValueSpecification\",\"valueRequired\":true,\"valueName\":\"search_term_string\"}}],\"inLanguage\":\"es-MX\"},{\"@type\":\"Organization\",\"@id\":\"https:\/\/www.cornyn.senate.gov\/es-mx\/#organization\",\"name\":\"Senator Cornyn\",\"url\":\"https:\/\/www.cornyn.senate.gov\/es-mx\/\",\"logo\":{\"@type\":\"ImageObject\",\"inLanguage\":\"es-MX\",\"@id\":\"https:\/\/www.cornyn.senate.gov\/es-mx\/#\/schema\/logo\/image\/\",\"url\":\"https:\/\/www.cornyn.senate.gov\/wp-content\/uploads\/2022\/01\/Logo-2.svg\",\"contentUrl\":\"https:\/\/www.cornyn.senate.gov\/wp-content\/uploads\/2022\/01\/Logo-2.svg\",\"caption\":\"Senator Cornyn\"},\"image\":{\"@id\":\"https:\/\/www.cornyn.senate.gov\/es-mx\/#\/schema\/logo\/image\/\"},\"sameAs\":[\"https:\/\/www.facebook.com\/SenJohnCornyn\",\"https:\/\/x.com\/johncornyn\"]}]}<\/script>\n<!-- \/ Yoast SEO plugin. -->","yoast_head_json":{"title":"Cornyn: los dem\u00f3cratas del Senado suspenden en 2023 - Senator Cornyn","robots":{"index":"index","follow":"follow","max-snippet":"max-snippet:-1","max-image-preview":"max-image-preview:large","max-video-preview":"max-video-preview:-1"},"canonical":"https:\/\/www.cornyn.senate.gov\/es-mx\/news\/cornyn-los-democratas-del-senado-suspenden-en-2023\/","og_locale":"es_MX","og_type":"article","og_title":"Cornyn: los dem\u00f3cratas del Senado suspenden en 2023 - Senator Cornyn","og_description":"Noticias Es un tema familiar en el que la mayor\u00eda no aborda estas cuestiones hasta la fecha l\u00edmite, y entonces no podemos conseguirlo y hay que aprobar otra pr\u00f3rroga. El primer cuatrimestre del a\u00f1o que viene se dedicar\u00e1 a resolver los problemas pendientes que deber\u00edan haberse resuelto este a\u00f1o. Dada esta mediocre actuaci\u00f3n, este es [&hellip;]","og_url":"https:\/\/www.cornyn.senate.gov\/es-mx\/news\/cornyn-los-democratas-del-senado-suspenden-en-2023\/","og_site_name":"Senator Cornyn","article_publisher":"https:\/\/www.facebook.com\/SenJohnCornyn","article_modified_time":"2024-07-11T17:46:43+00:00","og_image":[{"url":"https:\/\/www.cornyn.senate.gov\/wp-content\/uploads\/2023\/12\/Photo-1024x576.png","type":"","width":"","height":""}],"twitter_card":"summary_large_image","twitter_site":"@johncornyn","twitter_misc":{"Est. reading time":"2 minutes"},"schema":{"@context":"https:\/\/schema.org","@graph":[{"@type":"WebPage","@id":"https:\/\/www.cornyn.senate.gov\/es-mx\/news\/cornyn-los-democratas-del-senado-suspenden-en-2023\/","url":"https:\/\/www.cornyn.senate.gov\/es-mx\/news\/cornyn-los-democratas-del-senado-suspenden-en-2023\/","name":"Cornyn: los dem\u00f3cratas del Senado suspenden en 2023 - Senator Cornyn","isPartOf":{"@id":"https:\/\/www.cornyn.senate.gov\/es-mx\/#website"},"primaryImageOfPage":{"@id":"https:\/\/www.cornyn.senate.gov\/es-mx\/news\/cornyn-los-democratas-del-senado-suspenden-en-2023\/#primaryimage"},"image":{"@id":"https:\/\/www.cornyn.senate.gov\/es-mx\/news\/cornyn-los-democratas-del-senado-suspenden-en-2023\/#primaryimage"},"thumbnailUrl":"https:\/\/www.cornyn.senate.gov\/wp-content\/uploads\/2023\/12\/Photo-1024x576.png","datePublished":"2023-12-13T20:06:49+00:00","dateModified":"2024-07-11T17:46:43+00:00","breadcrumb":{"@id":"https:\/\/www.cornyn.senate.gov\/es-mx\/news\/cornyn-los-democratas-del-senado-suspenden-en-2023\/#breadcrumb"},"inLanguage":"es-MX","potentialAction":[{"@type":"ReadAction","target":["https:\/\/www.cornyn.senate.gov\/es-mx\/news\/cornyn-los-democratas-del-senado-suspenden-en-2023\/"]}]},{"@type":"ImageObject","inLanguage":"es-MX","@id":"https:\/\/www.cornyn.senate.gov\/es-mx\/news\/cornyn-los-democratas-del-senado-suspenden-en-2023\/#primaryimage","url":"https:\/\/www.cornyn.senate.gov\/wp-content\/uploads\/2023\/12\/Photo-1024x576.png","contentUrl":"https:\/\/www.cornyn.senate.gov\/wp-content\/uploads\/2023\/12\/Photo-1024x576.png"},{"@type":"BreadcrumbList","@id":"https:\/\/www.cornyn.senate.gov\/es-mx\/news\/cornyn-los-democratas-del-senado-suspenden-en-2023\/#breadcrumb","itemListElement":[{"@type":"ListItem","position":1,"name":"Home","item":"https:\/\/www.cornyn.senate.gov\/es-mx\/"},{"@type":"ListItem","position":2,"name":"News","item":"https:\/\/www.cornyn.senate.gov\/es-mx\/news\/"},{"@type":"ListItem","position":3,"name":"Cornyn: los dem\u00f3cratas del Senado suspenden en 2023"}]},{"@type":"WebSite","@id":"https:\/\/www.cornyn.senate.gov\/es-mx\/#website","url":"https:\/\/www.cornyn.senate.gov\/es-mx\/","name":"Senator Cornyn","description":"","publisher":{"@id":"https:\/\/www.cornyn.senate.gov\/es-mx\/#organization"},"potentialAction":[{"@type":"SearchAction","target":{"@type":"EntryPoint","urlTemplate":"https:\/\/www.cornyn.senate.gov\/es-mx\/?s={search_term_string}"},"query-input":{"@type":"PropertyValueSpecification","valueRequired":true,"valueName":"search_term_string"}}],"inLanguage":"es-MX"},{"@type":"Organization","@id":"https:\/\/www.cornyn.senate.gov\/es-mx\/#organization","name":"Senator Cornyn","url":"https:\/\/www.cornyn.senate.gov\/es-mx\/","logo":{"@type":"ImageObject","inLanguage":"es-MX","@id":"https:\/\/www.cornyn.senate.gov\/es-mx\/#\/schema\/logo\/image\/","url":"https:\/\/www.cornyn.senate.gov\/wp-content\/uploads\/2022\/01\/Logo-2.svg","contentUrl":"https:\/\/www.cornyn.senate.gov\/wp-content\/uploads\/2022\/01\/Logo-2.svg","caption":"Senator Cornyn"},"image":{"@id":"https:\/\/www.cornyn.senate.gov\/es-mx\/#\/schema\/logo\/image\/"},"sameAs":["https:\/\/www.facebook.com\/SenJohnCornyn","https:\/\/x.com\/johncornyn"]}]}},"_links":{"self":[{"href":"https:\/\/www.cornyn.senate.gov\/es-mx\/wp-json\/wp\/v2\/news\/43140","targetHints":{"allow":["GET"]}}],"collection":[{"href":"https:\/\/www.cornyn.senate.gov\/es-mx\/wp-json\/wp\/v2\/news"}],"about":[{"href":"https:\/\/www.cornyn.senate.gov\/es-mx\/wp-json\/wp\/v2\/types\/news"}],"author":[{"embeddable":true,"href":"https:\/\/www.cornyn.senate.gov\/es-mx\/wp-json\/wp\/v2\/users\/20"}],"version-history":[{"count":1,"href":"https:\/\/www.cornyn.senate.gov\/es-mx\/wp-json\/wp\/v2\/news\/43140\/revisions"}],"predecessor-version":[{"id":43142,"href":"https:\/\/www.cornyn.senate.gov\/es-mx\/wp-json\/wp\/v2\/news\/43140\/revisions\/43142"}],"wp:attachment":[{"href":"https:\/\/www.cornyn.senate.gov\/es-mx\/wp-json\/wp\/v2\/media?parent=43140"}],"wp:term":[{"taxonomy":"news-type","embeddable":true,"href":"https:\/\/www.cornyn.senate.gov\/es-mx\/wp-json\/wp\/v2\/news-type?post=43140"},{"taxonomy":"issues","embeddable":true,"href":"https:\/\/www.cornyn.senate.gov\/es-mx\/wp-json\/wp\/v2\/issues?post=43140"}],"curies":[{"name":"wp","href":"https:\/\/api.w.org\/{rel}","templated":true}]}}