{"id":43588,"date":"2024-01-17T14:04:00","date_gmt":"2024-01-17T19:04:00","guid":{"rendered":"https:\/\/www.cornyn.senate.gov\/?post_type=news&#038;p=43588"},"modified":"2024-07-11T13:46:39","modified_gmt":"2024-07-11T17:46:39","slug":"cornyn-arremete-contra-schumer-por-los-fallos-en-la-financiacion-del-gobierno-y-las-implicaciones-para-defensa","status":"publish","type":"news","link":"https:\/\/www.cornyn.senate.gov\/es-mx\/news\/cornyn-arremete-contra-schumer-por-los-fallos-en-la-financiacion-del-gobierno-y-las-implicaciones-para-defensa\/","title":{"rendered":"Cornyn arremete contra Schumer por los fallos en la financiaci\u00f3n del Gobierno y las implicaciones para Defensa"},"content":{"rendered":"\t\t<div data-elementor-type=\"wp-post\" data-elementor-id=\"43588\" class=\"elementor elementor-43588 elementor-43572\" data-elementor-post-type=\"news\">\n\t\t\t\t\t\t<section class=\"elementor-section elementor-top-section elementor-element elementor-element-147e2ceb elementor-section-boxed elementor-section-height-default elementor-section-height-default\" data-id=\"147e2ceb\" data-element_type=\"section\" data-e-type=\"section\">\n\t\t\t\t\t\t<div class=\"elementor-container elementor-column-gap-default\">\n\t\t\t\t\t<div class=\"elementor-column elementor-col-100 elementor-top-column elementor-element elementor-element-3500126f\" data-id=\"3500126f\" data-element_type=\"column\" data-e-type=\"column\">\n\t\t\t<div class=\"elementor-widget-wrap elementor-element-populated\">\n\t\t\t\t\t\t<section class=\"elementor-section elementor-inner-section elementor-element elementor-element-1436a264 elementor-section-boxed elementor-section-height-default elementor-section-height-default\" data-id=\"1436a264\" data-element_type=\"section\" data-e-type=\"section\">\n\t\t\t\t\t\t<div class=\"elementor-container elementor-column-gap-default\">\n\t\t\t\t\t<div class=\"elementor-column elementor-col-50 elementor-inner-column elementor-element elementor-element-1560a133\" data-id=\"1560a133\" data-element_type=\"column\" data-e-type=\"column\">\n\t\t\t<div class=\"elementor-widget-wrap elementor-element-populated\">\n\t\t\t\t\t\t<div class=\"elementor-element elementor-element-4ea42125 breadcrumb--back elementor-widget elementor-widget-button\" data-id=\"4ea42125\" data-element_type=\"widget\" data-e-type=\"widget\" data-widget_type=\"button.default\">\n\t\t\t\t<div class=\"elementor-widget-container\">\n\t\t\t\t\t\t\t\t\t<div class=\"elementor-button-wrapper\">\n\t\t\t\t\t<a class=\"elementor-button elementor-button-link elementor-size-sm\" href=\"\/noticias\/\">\n\t\t\t\t\t\t<span class=\"elementor-button-content-wrapper\">\n\t\t\t\t\t\t<span class=\"elementor-button-icon\">\n\t\t\t\t<i aria-hidden=\"true\" class=\"icon icon-arrow-left\"><\/i>\t\t\t<\/span>\n\t\t\t\t\t\t\t\t\t<span class=\"elementor-button-text\">Noticias<\/span>\n\t\t\t\t\t<\/span>\n\t\t\t\t\t<\/a>\n\t\t\t\t<\/div>\n\t\t\t\t\t\t\t\t<\/div>\n\t\t\t\t<\/div>\n\t\t\t\t\t<\/div>\n\t\t<\/div>\n\t\t\t\t<div class=\"elementor-column elementor-col-50 elementor-inner-column elementor-element elementor-element-b89ad12 content-page__content\" data-id=\"b89ad12\" data-element_type=\"column\" data-e-type=\"column\">\n\t\t\t<div class=\"elementor-widget-wrap elementor-element-populated\">\n\t\t\t\t\t\t<div class=\"elementor-element elementor-element-36aa3113 elementor-widget elementor-widget-theme-post-title elementor-page-title elementor-widget-heading\" data-id=\"36aa3113\" data-element_type=\"widget\" data-e-type=\"widget\" data-widget_type=\"theme-post-title.default\">\n\t\t\t\t<div class=\"elementor-widget-container\">\n\t\t\t\t\t<h1 class=\"elementor-heading-title elementor-size-default\">Cornyn arremete contra Schumer por los fallos en la financiaci\u00f3n del Gobierno y las implicaciones para Defensa<\/h1>\t\t\t\t<\/div>\n\t\t\t\t<\/div>\n\t\t\t\t<div class=\"elementor-element elementor-element-12103d53 elementor-widget-divider--view-line elementor-widget elementor-widget-divider\" data-id=\"12103d53\" data-element_type=\"widget\" data-e-type=\"widget\" data-widget_type=\"divider.default\">\n\t\t\t\t<div class=\"elementor-widget-container\">\n\t\t\t\t\t\t\t<div class=\"elementor-divider\">\n\t\t\t<span class=\"elementor-divider-separator\">\n\t\t\t\t\t\t<\/span>\n\t\t<\/div>\n\t\t\t\t\t\t<\/div>\n\t\t\t\t<\/div>\n\t\t\t\t<div class=\"elementor-element elementor-element-523f1f93 elementor-widget__width-initial elementor-widget-mobile__width-inherit elementor-widget elementor-widget-text-editor\" data-id=\"523f1f93\" data-element_type=\"widget\" data-e-type=\"widget\" data-widget_type=\"text-editor.default\">\n\t\t\t\t<div class=\"elementor-widget-container\">\n\t\t\t\t\t\t\t\t\tJanuary 17, 2024\t\t\t\t\t\t\t\t<\/div>\n\t\t\t\t<\/div>\n\t\t\t\t<div class=\"elementor-element elementor-element-2c251145 elementor-share-buttons--view-icon elementor-share-buttons--skin-flat elementor-share-buttons--shape-circle elementor-share-buttons--color-custom share-buttons elementor-widget__width-initial elementor-widget-mobile__width-inherit elementor-grid-0 elementor-widget elementor-widget-share-buttons\" data-id=\"2c251145\" data-element_type=\"widget\" data-e-type=\"widget\" title=\"Share\" data-widget_type=\"share-buttons.default\">\n\t\t\t\t<div class=\"elementor-widget-container\">\n\t\t\t\t\t\t\t<div class=\"elementor-grid\" role=\"list\">\n\t\t\t\t\t\t\t\t<div class=\"elementor-grid-item\" role=\"listitem\">\n\t\t\t\t\t\t<div class=\"elementor-share-btn elementor-share-btn_email\" role=\"button\" tabindex=\"0\" aria-label=\"Share on email\">\n\t\t\t\t\t\t\t\t\t\t\t\t\t\t\t<span class=\"elementor-share-btn__icon\">\n\t\t\t\t\t\t\t\t<i class=\"fas fa-envelope\" aria-hidden=\"true\"><\/i>\t\t\t\t\t\t\t<\/span>\n\t\t\t\t\t\t\t\t\t\t\t\t\t\t\t\t\t\t\t\t<\/div>\n\t\t\t\t\t<\/div>\n\t\t\t\t\t\t\t\t\t<div class=\"elementor-grid-item\" role=\"listitem\">\n\t\t\t\t\t\t<div class=\"elementor-share-btn elementor-share-btn_linkedin\" role=\"button\" tabindex=\"0\" aria-label=\"Share on linkedin\">\n\t\t\t\t\t\t\t\t\t\t\t\t\t\t\t<span class=\"elementor-share-btn__icon\">\n\t\t\t\t\t\t\t\t<i class=\"fab fa-linkedin\" aria-hidden=\"true\"><\/i>\t\t\t\t\t\t\t<\/span>\n\t\t\t\t\t\t\t\t\t\t\t\t\t\t\t\t\t\t\t\t<\/div>\n\t\t\t\t\t<\/div>\n\t\t\t\t\t\t\t\t\t<div class=\"elementor-grid-item\" role=\"listitem\">\n\t\t\t\t\t\t<div class=\"elementor-share-btn elementor-share-btn_facebook\" role=\"button\" tabindex=\"0\" aria-label=\"Share on facebook\">\n\t\t\t\t\t\t\t\t\t\t\t\t\t\t\t<span class=\"elementor-share-btn__icon\">\n\t\t\t\t\t\t\t\t<i class=\"fab fa-facebook\" aria-hidden=\"true\"><\/i>\t\t\t\t\t\t\t<\/span>\n\t\t\t\t\t\t\t\t\t\t\t\t\t\t\t\t\t\t\t\t<\/div>\n\t\t\t\t\t<\/div>\n\t\t\t\t\t\t<\/div>\n\t\t\t\t\t\t<\/div>\n\t\t\t\t<\/div>\n\t\t\t\t<div class=\"elementor-element elementor-element-7ad1b69f elementor-blockquote--skin-boxed elementor-widget elementor-widget-blockquote\" data-id=\"7ad1b69f\" data-element_type=\"widget\" data-e-type=\"widget\" data-widget_type=\"blockquote.default\">\n\t\t\t\t<div class=\"elementor-widget-container\">\n\t\t\t\t\t\t\t<blockquote class=\"elementor-blockquote\">\n\t\t\t<p class=\"elementor-blockquote__content\">\n\t\t\t\tEl Congreso ha desarrollado la peligrosa costumbre de eludir los procedimientos normales de financiaci\u00f3n del Gobierno.\n<br><br>\nCon cada ley provisional, estamos enviando el mensaje de que realmente no nos tomamos en serio nuestra seguridad nacional.\n<br><br> \nNo s\u00e9 qu\u00e9 har\u00e1 falta para convencer al l\u00edder de la mayor\u00eda de que esto es importante.\n\t\t\t<\/p>\n\t\t\t\t\t<\/blockquote>\n\t\t\t\t\t\t<\/div>\n\t\t\t\t<\/div>\n\t\t\t\t<div class=\"elementor-element elementor-element-2a94d1b9 elementor-widget elementor-widget-text-editor\" data-id=\"2a94d1b9\" data-element_type=\"widget\" data-e-type=\"widget\" data-widget_type=\"text-editor.default\">\n\t\t\t\t<div class=\"elementor-widget-container\">\n\t\t\t\t\t\t\t\t\t<p><strong>WASHINGTON<\/strong> &#8211; Hoy en el pleno, el senador John Cornyn (R-TX) discuti\u00f3 los repetidos fracasos del Senado para aprobar proyectos de ley de apropiaciones de manera oportuna y el impacto que el proceso de financiaci\u00f3n del gobierno roto del l\u00edder de la mayor\u00eda del Senado Schumer tiene sobre la seguridad nacional. A continuaci\u00f3n se ofrecen extractos de las declaraciones del senador Cornyn, y el v\u00eddeo puede verse <u><a href=\"https:\/\/youtu.be\/6JkoQP86dRA\">aqu\u00ed<\/a><\/u>.<\/p>\n<p><em>&#8220;El Congreso ha desarrollado la peligrosa costumbre de eludir los procesos normales de financiaci\u00f3n del Gobierno&#8221;.<\/em><\/p>\n<p><em>&#8220;No hay duda de que los proyectos de ley provisionales son mejores que los cierres del gobierno, pero no es una buena soluci\u00f3n, especialmente para misiones cr\u00edticas como la defensa nacional&#8221;.<\/em><\/p>\n<p><em>&#8220;Al seguir pasando de un proyecto de ley provisional a otro, nos estamos disparando en el pie. Estamos debilitando nuestra propia defensa mientras la fuerza militar de China sigue creciendo.&#8221;<\/em><\/p>\n<p><em>&#8220;Una financiaci\u00f3n fiable de nuestra defensa es vital para nuestra seguridad. Debe venir antes de las votaciones sobre los nominados y pr\u00e1cticamente cualquier otra tarea en la agenda del Senado.&#8221;<\/em><\/p>\n<p><em>&#8220;Con cada proyecto de ley provisional, estamos enviando el mensaje de que realmente no nos tomamos en serio nuestra seguridad nacional, porque estamos debilitando nuestra defensa. Estamos paralizando nuestra preparaci\u00f3n y perjudicando nuestra seguridad a largo plazo&#8221;.<\/em><\/p>\n<p><em>&#8220;Es hora de tomarnos en serio lo de debatir, enmendar y aprobar esos proyectos de ley de cr\u00e9ditos ordinarios. No s\u00e9 qu\u00e9 har\u00e1 falta para convencer al l\u00edder de la mayor\u00eda de que esto es importante&#8221;.<\/em><\/p>\n<p><em>&#8220;Hay demasiado en juego&#8221;.<\/em><\/p>\n\t\t\t\t\t\t\t\t<\/div>\n\t\t\t\t<\/div>\n\t\t\t\t\t<\/div>\n\t\t<\/div>\n\t\t\t\t\t<\/div>\n\t\t<\/section>\n\t\t\t\t\t<\/div>\n\t\t<\/div>\n\t\t\t\t\t<\/div>\n\t\t<\/section>\n\t\t\t\t<\/div>\n\t\t","protected":false},"author":20,"template":"","news-type":[161],"issues":[167],"class_list":["post-43588","news","type-news","status-publish","hentry","news-type-press-releases-es-mx","issues-economy-fiscal-responsibility-es-mx"],"acf":[],"yoast_head":"<!-- This site is optimized with the Yoast SEO plugin v27.2 - https:\/\/yoast.com\/product\/yoast-seo-wordpress\/ -->\n<title>Cornyn arremete contra Schumer por los fallos en la financiaci\u00f3n del Gobierno y las implicaciones para Defensa - Senator Cornyn<\/title>\n<meta name=\"robots\" content=\"index, follow, max-snippet:-1, max-image-preview:large, max-video-preview:-1\" \/>\n<link rel=\"canonical\" href=\"https:\/\/www.cornyn.senate.gov\/es-mx\/news\/cornyn-arremete-contra-schumer-por-los-fallos-en-la-financiacion-del-gobierno-y-las-implicaciones-para-defensa\/\" \/>\n<meta property=\"og:locale\" content=\"es_MX\" \/>\n<meta property=\"og:type\" content=\"article\" \/>\n<meta property=\"og:title\" content=\"Cornyn arremete contra Schumer por los fallos en la financiaci\u00f3n del Gobierno y las implicaciones para Defensa - Senator Cornyn\" \/>\n<meta property=\"og:description\" content=\"Noticias El Congreso ha desarrollado la peligrosa costumbre de eludir los procedimientos normales de financiaci\u00f3n del Gobierno. Con cada ley provisional, estamos enviando el mensaje de que realmente no nos tomamos en serio nuestra seguridad nacional. No s\u00e9 qu\u00e9 har\u00e1 falta para convencer al l\u00edder de la mayor\u00eda de que esto es importante. WASHINGTON &#8211; [&hellip;]\" \/>\n<meta property=\"og:url\" content=\"https:\/\/www.cornyn.senate.gov\/es-mx\/news\/cornyn-arremete-contra-schumer-por-los-fallos-en-la-financiacion-del-gobierno-y-las-implicaciones-para-defensa\/\" \/>\n<meta property=\"og:site_name\" content=\"Senator Cornyn\" \/>\n<meta property=\"article:publisher\" content=\"https:\/\/www.facebook.com\/SenJohnCornyn\" \/>\n<meta property=\"article:modified_time\" content=\"2024-07-11T17:46:39+00:00\" \/>\n<meta property=\"og:image\" content=\"https:\/\/www.cornyn.senate.gov\/wp-content\/uploads\/2023\/11\/Twitter-Card-Dec-23-1024x535.png\" \/>\n\t<meta property=\"og:image:width\" content=\"1024\" \/>\n\t<meta property=\"og:image:height\" content=\"535\" \/>\n\t<meta property=\"og:image:type\" content=\"image\/png\" \/>\n<meta name=\"twitter:card\" content=\"summary_large_image\" \/>\n<meta name=\"twitter:site\" content=\"@johncornyn\" \/>\n<meta name=\"twitter:label1\" content=\"Est. reading time\" \/>\n\t<meta name=\"twitter:data1\" content=\"2 minutes\" \/>\n<script type=\"application\/ld+json\" class=\"yoast-schema-graph\">{\"@context\":\"https:\/\/schema.org\",\"@graph\":[{\"@type\":\"WebPage\",\"@id\":\"https:\/\/www.cornyn.senate.gov\/es-mx\/news\/cornyn-arremete-contra-schumer-por-los-fallos-en-la-financiacion-del-gobierno-y-las-implicaciones-para-defensa\/\",\"url\":\"https:\/\/www.cornyn.senate.gov\/es-mx\/news\/cornyn-arremete-contra-schumer-por-los-fallos-en-la-financiacion-del-gobierno-y-las-implicaciones-para-defensa\/\",\"name\":\"Cornyn arremete contra Schumer por los fallos en la financiaci\u00f3n del Gobierno y las implicaciones para Defensa - Senator Cornyn\",\"isPartOf\":{\"@id\":\"https:\/\/www.cornyn.senate.gov\/es-mx\/#website\"},\"datePublished\":\"2024-01-17T19:04:00+00:00\",\"dateModified\":\"2024-07-11T17:46:39+00:00\",\"breadcrumb\":{\"@id\":\"https:\/\/www.cornyn.senate.gov\/es-mx\/news\/cornyn-arremete-contra-schumer-por-los-fallos-en-la-financiacion-del-gobierno-y-las-implicaciones-para-defensa\/#breadcrumb\"},\"inLanguage\":\"es-MX\",\"potentialAction\":[{\"@type\":\"ReadAction\",\"target\":[\"https:\/\/www.cornyn.senate.gov\/es-mx\/news\/cornyn-arremete-contra-schumer-por-los-fallos-en-la-financiacion-del-gobierno-y-las-implicaciones-para-defensa\/\"]}]},{\"@type\":\"BreadcrumbList\",\"@id\":\"https:\/\/www.cornyn.senate.gov\/es-mx\/news\/cornyn-arremete-contra-schumer-por-los-fallos-en-la-financiacion-del-gobierno-y-las-implicaciones-para-defensa\/#breadcrumb\",\"itemListElement\":[{\"@type\":\"ListItem\",\"position\":1,\"name\":\"Home\",\"item\":\"https:\/\/www.cornyn.senate.gov\/es-mx\/\"},{\"@type\":\"ListItem\",\"position\":2,\"name\":\"News\",\"item\":\"https:\/\/www.cornyn.senate.gov\/es-mx\/news\/\"},{\"@type\":\"ListItem\",\"position\":3,\"name\":\"Cornyn arremete contra Schumer por los fallos en la financiaci\u00f3n del Gobierno y las implicaciones para Defensa\"}]},{\"@type\":\"WebSite\",\"@id\":\"https:\/\/www.cornyn.senate.gov\/es-mx\/#website\",\"url\":\"https:\/\/www.cornyn.senate.gov\/es-mx\/\",\"name\":\"Senator Cornyn\",\"description\":\"\",\"publisher\":{\"@id\":\"https:\/\/www.cornyn.senate.gov\/es-mx\/#organization\"},\"potentialAction\":[{\"@type\":\"SearchAction\",\"target\":{\"@type\":\"EntryPoint\",\"urlTemplate\":\"https:\/\/www.cornyn.senate.gov\/es-mx\/?s={search_term_string}\"},\"query-input\":{\"@type\":\"PropertyValueSpecification\",\"valueRequired\":true,\"valueName\":\"search_term_string\"}}],\"inLanguage\":\"es-MX\"},{\"@type\":\"Organization\",\"@id\":\"https:\/\/www.cornyn.senate.gov\/es-mx\/#organization\",\"name\":\"Senator Cornyn\",\"url\":\"https:\/\/www.cornyn.senate.gov\/es-mx\/\",\"logo\":{\"@type\":\"ImageObject\",\"inLanguage\":\"es-MX\",\"@id\":\"https:\/\/www.cornyn.senate.gov\/es-mx\/#\/schema\/logo\/image\/\",\"url\":\"https:\/\/www.cornyn.senate.gov\/wp-content\/uploads\/2022\/01\/Logo-2.svg\",\"contentUrl\":\"https:\/\/www.cornyn.senate.gov\/wp-content\/uploads\/2022\/01\/Logo-2.svg\",\"caption\":\"Senator Cornyn\"},\"image\":{\"@id\":\"https:\/\/www.cornyn.senate.gov\/es-mx\/#\/schema\/logo\/image\/\"},\"sameAs\":[\"https:\/\/www.facebook.com\/SenJohnCornyn\",\"https:\/\/x.com\/johncornyn\"]}]}<\/script>\n<!-- \/ Yoast SEO plugin. -->","yoast_head_json":{"title":"Cornyn arremete contra Schumer por los fallos en la financiaci\u00f3n del Gobierno y las implicaciones para Defensa - Senator Cornyn","robots":{"index":"index","follow":"follow","max-snippet":"max-snippet:-1","max-image-preview":"max-image-preview:large","max-video-preview":"max-video-preview:-1"},"canonical":"https:\/\/www.cornyn.senate.gov\/es-mx\/news\/cornyn-arremete-contra-schumer-por-los-fallos-en-la-financiacion-del-gobierno-y-las-implicaciones-para-defensa\/","og_locale":"es_MX","og_type":"article","og_title":"Cornyn arremete contra Schumer por los fallos en la financiaci\u00f3n del Gobierno y las implicaciones para Defensa - Senator Cornyn","og_description":"Noticias El Congreso ha desarrollado la peligrosa costumbre de eludir los procedimientos normales de financiaci\u00f3n del Gobierno. Con cada ley provisional, estamos enviando el mensaje de que realmente no nos tomamos en serio nuestra seguridad nacional. No s\u00e9 qu\u00e9 har\u00e1 falta para convencer al l\u00edder de la mayor\u00eda de que esto es importante. WASHINGTON &#8211; [&hellip;]","og_url":"https:\/\/www.cornyn.senate.gov\/es-mx\/news\/cornyn-arremete-contra-schumer-por-los-fallos-en-la-financiacion-del-gobierno-y-las-implicaciones-para-defensa\/","og_site_name":"Senator Cornyn","article_publisher":"https:\/\/www.facebook.com\/SenJohnCornyn","article_modified_time":"2024-07-11T17:46:39+00:00","og_image":[{"width":1024,"height":535,"url":"https:\/\/www.cornyn.senate.gov\/wp-content\/uploads\/2023\/11\/Twitter-Card-Dec-23-1024x535.png","type":"image\/png"}],"twitter_card":"summary_large_image","twitter_site":"@johncornyn","twitter_misc":{"Est. reading time":"2 minutes"},"schema":{"@context":"https:\/\/schema.org","@graph":[{"@type":"WebPage","@id":"https:\/\/www.cornyn.senate.gov\/es-mx\/news\/cornyn-arremete-contra-schumer-por-los-fallos-en-la-financiacion-del-gobierno-y-las-implicaciones-para-defensa\/","url":"https:\/\/www.cornyn.senate.gov\/es-mx\/news\/cornyn-arremete-contra-schumer-por-los-fallos-en-la-financiacion-del-gobierno-y-las-implicaciones-para-defensa\/","name":"Cornyn arremete contra Schumer por los fallos en la financiaci\u00f3n del Gobierno y las implicaciones para Defensa - Senator Cornyn","isPartOf":{"@id":"https:\/\/www.cornyn.senate.gov\/es-mx\/#website"},"datePublished":"2024-01-17T19:04:00+00:00","dateModified":"2024-07-11T17:46:39+00:00","breadcrumb":{"@id":"https:\/\/www.cornyn.senate.gov\/es-mx\/news\/cornyn-arremete-contra-schumer-por-los-fallos-en-la-financiacion-del-gobierno-y-las-implicaciones-para-defensa\/#breadcrumb"},"inLanguage":"es-MX","potentialAction":[{"@type":"ReadAction","target":["https:\/\/www.cornyn.senate.gov\/es-mx\/news\/cornyn-arremete-contra-schumer-por-los-fallos-en-la-financiacion-del-gobierno-y-las-implicaciones-para-defensa\/"]}]},{"@type":"BreadcrumbList","@id":"https:\/\/www.cornyn.senate.gov\/es-mx\/news\/cornyn-arremete-contra-schumer-por-los-fallos-en-la-financiacion-del-gobierno-y-las-implicaciones-para-defensa\/#breadcrumb","itemListElement":[{"@type":"ListItem","position":1,"name":"Home","item":"https:\/\/www.cornyn.senate.gov\/es-mx\/"},{"@type":"ListItem","position":2,"name":"News","item":"https:\/\/www.cornyn.senate.gov\/es-mx\/news\/"},{"@type":"ListItem","position":3,"name":"Cornyn arremete contra Schumer por los fallos en la financiaci\u00f3n del Gobierno y las implicaciones para Defensa"}]},{"@type":"WebSite","@id":"https:\/\/www.cornyn.senate.gov\/es-mx\/#website","url":"https:\/\/www.cornyn.senate.gov\/es-mx\/","name":"Senator Cornyn","description":"","publisher":{"@id":"https:\/\/www.cornyn.senate.gov\/es-mx\/#organization"},"potentialAction":[{"@type":"SearchAction","target":{"@type":"EntryPoint","urlTemplate":"https:\/\/www.cornyn.senate.gov\/es-mx\/?s={search_term_string}"},"query-input":{"@type":"PropertyValueSpecification","valueRequired":true,"valueName":"search_term_string"}}],"inLanguage":"es-MX"},{"@type":"Organization","@id":"https:\/\/www.cornyn.senate.gov\/es-mx\/#organization","name":"Senator Cornyn","url":"https:\/\/www.cornyn.senate.gov\/es-mx\/","logo":{"@type":"ImageObject","inLanguage":"es-MX","@id":"https:\/\/www.cornyn.senate.gov\/es-mx\/#\/schema\/logo\/image\/","url":"https:\/\/www.cornyn.senate.gov\/wp-content\/uploads\/2022\/01\/Logo-2.svg","contentUrl":"https:\/\/www.cornyn.senate.gov\/wp-content\/uploads\/2022\/01\/Logo-2.svg","caption":"Senator Cornyn"},"image":{"@id":"https:\/\/www.cornyn.senate.gov\/es-mx\/#\/schema\/logo\/image\/"},"sameAs":["https:\/\/www.facebook.com\/SenJohnCornyn","https:\/\/x.com\/johncornyn"]}]}},"_links":{"self":[{"href":"https:\/\/www.cornyn.senate.gov\/es-mx\/wp-json\/wp\/v2\/news\/43588","targetHints":{"allow":["GET"]}}],"collection":[{"href":"https:\/\/www.cornyn.senate.gov\/es-mx\/wp-json\/wp\/v2\/news"}],"about":[{"href":"https:\/\/www.cornyn.senate.gov\/es-mx\/wp-json\/wp\/v2\/types\/news"}],"author":[{"embeddable":true,"href":"https:\/\/www.cornyn.senate.gov\/es-mx\/wp-json\/wp\/v2\/users\/20"}],"version-history":[{"count":1,"href":"https:\/\/www.cornyn.senate.gov\/es-mx\/wp-json\/wp\/v2\/news\/43588\/revisions"}],"predecessor-version":[{"id":43590,"href":"https:\/\/www.cornyn.senate.gov\/es-mx\/wp-json\/wp\/v2\/news\/43588\/revisions\/43590"}],"wp:attachment":[{"href":"https:\/\/www.cornyn.senate.gov\/es-mx\/wp-json\/wp\/v2\/media?parent=43588"}],"wp:term":[{"taxonomy":"news-type","embeddable":true,"href":"https:\/\/www.cornyn.senate.gov\/es-mx\/wp-json\/wp\/v2\/news-type?post=43588"},{"taxonomy":"issues","embeddable":true,"href":"https:\/\/www.cornyn.senate.gov\/es-mx\/wp-json\/wp\/v2\/issues?post=43588"}],"curies":[{"name":"wp","href":"https:\/\/api.w.org\/{rel}","templated":true}]}}