{"id":44390,"date":"2024-03-05T13:57:24","date_gmt":"2024-03-05T18:57:24","guid":{"rendered":"https:\/\/www.cornyn.senate.gov\/?post_type=news&#038;p=44390"},"modified":"2024-07-11T13:45:39","modified_gmt":"2024-07-11T17:45:39","slug":"foto-cornyn-se-reune-con-la-camara-de-comercio-y-dirigentes-municipales-de-del-rio","status":"publish","type":"news","link":"https:\/\/www.cornyn.senate.gov\/es-mx\/news\/foto-cornyn-se-reune-con-la-camara-de-comercio-y-dirigentes-municipales-de-del-rio\/","title":{"rendered":"FOTO: Cornyn se re\u00fane con la C\u00e1mara de Comercio y dirigentes municipales de Del R\u00edo"},"content":{"rendered":"\t\t<div data-elementor-type=\"wp-post\" data-elementor-id=\"44390\" class=\"elementor elementor-44390 elementor-44362\" data-elementor-post-type=\"news\">\n\t\t\t\t\t\t<section class=\"elementor-section elementor-top-section elementor-element elementor-element-67e1bb57 elementor-section-boxed elementor-section-height-default elementor-section-height-default\" data-id=\"67e1bb57\" data-element_type=\"section\" data-e-type=\"section\">\n\t\t\t\t\t\t<div class=\"elementor-container elementor-column-gap-default\">\n\t\t\t\t\t<div class=\"elementor-column elementor-col-100 elementor-top-column elementor-element elementor-element-635d2d24\" data-id=\"635d2d24\" data-element_type=\"column\" data-e-type=\"column\">\n\t\t\t<div class=\"elementor-widget-wrap elementor-element-populated\">\n\t\t\t\t\t\t<section class=\"elementor-section elementor-inner-section elementor-element elementor-element-5170eb9d elementor-section-boxed elementor-section-height-default elementor-section-height-default\" data-id=\"5170eb9d\" data-element_type=\"section\" data-e-type=\"section\">\n\t\t\t\t\t\t<div class=\"elementor-container elementor-column-gap-default\">\n\t\t\t\t\t<div class=\"elementor-column elementor-col-50 elementor-inner-column elementor-element elementor-element-60b6f9e9\" data-id=\"60b6f9e9\" data-element_type=\"column\" data-e-type=\"column\">\n\t\t\t<div class=\"elementor-widget-wrap elementor-element-populated\">\n\t\t\t\t\t\t<div class=\"elementor-element elementor-element-49866ac breadcrumb--back elementor-widget elementor-widget-button\" data-id=\"49866ac\" data-element_type=\"widget\" data-e-type=\"widget\" data-widget_type=\"button.default\">\n\t\t\t\t<div class=\"elementor-widget-container\">\n\t\t\t\t\t\t\t\t\t<div class=\"elementor-button-wrapper\">\n\t\t\t\t\t<a class=\"elementor-button elementor-button-link elementor-size-sm\" href=\"\/noticias\/\">\n\t\t\t\t\t\t<span class=\"elementor-button-content-wrapper\">\n\t\t\t\t\t\t<span class=\"elementor-button-icon\">\n\t\t\t\t<i aria-hidden=\"true\" class=\"icon icon-arrow-left\"><\/i>\t\t\t<\/span>\n\t\t\t\t\t\t\t\t\t<span class=\"elementor-button-text\">Noticias<\/span>\n\t\t\t\t\t<\/span>\n\t\t\t\t\t<\/a>\n\t\t\t\t<\/div>\n\t\t\t\t\t\t\t\t<\/div>\n\t\t\t\t<\/div>\n\t\t\t\t\t<\/div>\n\t\t<\/div>\n\t\t\t\t<div class=\"elementor-column elementor-col-50 elementor-inner-column elementor-element elementor-element-2d59b571 content-page__content\" data-id=\"2d59b571\" data-element_type=\"column\" data-e-type=\"column\">\n\t\t\t<div class=\"elementor-widget-wrap elementor-element-populated\">\n\t\t\t\t\t\t<div class=\"elementor-element elementor-element-483ea5f6 elementor-widget elementor-widget-theme-post-title elementor-page-title elementor-widget-heading\" data-id=\"483ea5f6\" data-element_type=\"widget\" data-e-type=\"widget\" data-widget_type=\"theme-post-title.default\">\n\t\t\t\t<div class=\"elementor-widget-container\">\n\t\t\t\t\t<h1 class=\"elementor-heading-title elementor-size-default\">FOTO: Cornyn se re\u00fane con la C\u00e1mara de Comercio y dirigentes municipales de Del R\u00edo<\/h1>\t\t\t\t<\/div>\n\t\t\t\t<\/div>\n\t\t\t\t<div class=\"elementor-element elementor-element-6d490cc4 elementor-widget-divider--view-line elementor-widget elementor-widget-divider\" data-id=\"6d490cc4\" data-element_type=\"widget\" data-e-type=\"widget\" data-widget_type=\"divider.default\">\n\t\t\t\t<div class=\"elementor-widget-container\">\n\t\t\t\t\t\t\t<div class=\"elementor-divider\">\n\t\t\t<span class=\"elementor-divider-separator\">\n\t\t\t\t\t\t<\/span>\n\t\t<\/div>\n\t\t\t\t\t\t<\/div>\n\t\t\t\t<\/div>\n\t\t\t\t<div class=\"elementor-element elementor-element-1e33444f elementor-widget__width-initial elementor-widget-mobile__width-inherit elementor-widget elementor-widget-text-editor\" data-id=\"1e33444f\" data-element_type=\"widget\" data-e-type=\"widget\" data-widget_type=\"text-editor.default\">\n\t\t\t\t<div class=\"elementor-widget-container\">\n\t\t\t\t\t\t\t\t\tMarch 5, 2024\t\t\t\t\t\t\t\t<\/div>\n\t\t\t\t<\/div>\n\t\t\t\t<div class=\"elementor-element elementor-element-5f0289cd elementor-share-buttons--view-icon elementor-share-buttons--skin-flat elementor-share-buttons--shape-circle elementor-share-buttons--color-custom share-buttons elementor-widget__width-initial elementor-widget-mobile__width-inherit elementor-grid-0 elementor-widget elementor-widget-share-buttons\" data-id=\"5f0289cd\" data-element_type=\"widget\" data-e-type=\"widget\" title=\"Share\" data-widget_type=\"share-buttons.default\">\n\t\t\t\t<div class=\"elementor-widget-container\">\n\t\t\t\t\t\t\t<div class=\"elementor-grid\" role=\"list\">\n\t\t\t\t\t\t\t\t<div class=\"elementor-grid-item\" role=\"listitem\">\n\t\t\t\t\t\t<div class=\"elementor-share-btn elementor-share-btn_email\" role=\"button\" tabindex=\"0\" aria-label=\"Share on email\">\n\t\t\t\t\t\t\t\t\t\t\t\t\t\t\t<span class=\"elementor-share-btn__icon\">\n\t\t\t\t\t\t\t\t<i class=\"fas fa-envelope\" aria-hidden=\"true\"><\/i>\t\t\t\t\t\t\t<\/span>\n\t\t\t\t\t\t\t\t\t\t\t\t\t\t\t\t\t\t\t\t<\/div>\n\t\t\t\t\t<\/div>\n\t\t\t\t\t\t\t\t\t<div class=\"elementor-grid-item\" role=\"listitem\">\n\t\t\t\t\t\t<div class=\"elementor-share-btn elementor-share-btn_linkedin\" role=\"button\" tabindex=\"0\" aria-label=\"Share on linkedin\">\n\t\t\t\t\t\t\t\t\t\t\t\t\t\t\t<span class=\"elementor-share-btn__icon\">\n\t\t\t\t\t\t\t\t<i class=\"fab fa-linkedin\" aria-hidden=\"true\"><\/i>\t\t\t\t\t\t\t<\/span>\n\t\t\t\t\t\t\t\t\t\t\t\t\t\t\t\t\t\t\t\t<\/div>\n\t\t\t\t\t<\/div>\n\t\t\t\t\t\t\t\t\t<div class=\"elementor-grid-item\" role=\"listitem\">\n\t\t\t\t\t\t<div class=\"elementor-share-btn elementor-share-btn_facebook\" role=\"button\" tabindex=\"0\" aria-label=\"Share on facebook\">\n\t\t\t\t\t\t\t\t\t\t\t\t\t\t\t<span class=\"elementor-share-btn__icon\">\n\t\t\t\t\t\t\t\t<i class=\"fab fa-facebook\" aria-hidden=\"true\"><\/i>\t\t\t\t\t\t\t<\/span>\n\t\t\t\t\t\t\t\t\t\t\t\t\t\t\t\t\t\t\t\t<\/div>\n\t\t\t\t\t<\/div>\n\t\t\t\t\t\t<\/div>\n\t\t\t\t\t\t<\/div>\n\t\t\t\t<\/div>\n\t\t\t\t<div class=\"elementor-element elementor-element-1255bb81 elementor-widget elementor-widget-text-editor\" data-id=\"1255bb81\" data-element_type=\"widget\" data-e-type=\"widget\" data-widget_type=\"text-editor.default\">\n\t\t\t\t<div class=\"elementor-widget-container\">\n\t\t\t\t\t\t\t\t\t<p><strong>WASHINGTON<\/strong> &#8211; El Senador John Cornyn (R-TX) se reuni\u00f3 hoy con el Alcalde Al Arreola, el Superintendente del Distrito Escolar Consolidado Independiente de San Felipe Del R\u00edo, Dr. Carlos R\u00edos, miembros de la C\u00e1mara de Comercio de Del R\u00edo y otros l\u00edderes de la ciudad para discutir varios proyectos de infraestructura en la regi\u00f3n, incluyendo en la Base de la Fuerza A\u00e9rea de Laughlin, las autopistas del \u00e1rea y la expansi\u00f3n del puente internacional. Ver foto adjunta y abajo.<\/p>\n<p><img fetchpriority=\"high\" decoding=\"async\" class=\"alignnone size-large wp-image-44376\" src=\"https:\/\/www.cornyn.senate.gov\/wp-content\/uploads\/2024\/03\/Photo-1-1024x683.jpg\" alt=\"\" width=\"800\" height=\"534\" srcset=\"https:\/\/www.cornyn.senate.gov\/wp-content\/uploads\/2024\/03\/Photo-1-1024x683.jpg 1024w, https:\/\/www.cornyn.senate.gov\/wp-content\/uploads\/2024\/03\/Photo-1-300x200.jpg 300w, https:\/\/www.cornyn.senate.gov\/wp-content\/uploads\/2024\/03\/Photo-1-768x512.jpg 768w, https:\/\/www.cornyn.senate.gov\/wp-content\/uploads\/2024\/03\/Photo-1-1536x1024.jpg 1536w, https:\/\/www.cornyn.senate.gov\/wp-content\/uploads\/2024\/03\/Photo-1-2048x1366.jpg 2048w\" sizes=\"(max-width: 800px) 100vw, 800px\" \/><\/p>\n<p style=\"text-align: center;\"><em>Esta imagen es de dominio p\u00fablico, pero quienes deseen hacerlo pueden citar a la Oficina del Senador de EE.UU. John Cornyn.<\/em><\/p>\n<p style=\"text-align: center;\"><em>El senador John Cornyn, republicano por Texas, es miembro de los Comit\u00e9s de Finanzas, Inteligencia y Judicial del Senado.<\/em><\/p>\n\t\t\t\t\t\t\t\t<\/div>\n\t\t\t\t<\/div>\n\t\t\t\t\t<\/div>\n\t\t<\/div>\n\t\t\t\t\t<\/div>\n\t\t<\/section>\n\t\t\t\t\t<\/div>\n\t\t<\/div>\n\t\t\t\t\t<\/div>\n\t\t<\/section>\n\t\t\t\t<\/div>\n\t\t","protected":false},"author":20,"template":"","news-type":[161],"issues":[163],"class_list":["post-44390","news","type-news","status-publish","hentry","news-type-press-releases-es-mx","issues-u-s-military-and-veterans-es-mx"],"acf":[],"yoast_head":"<!-- This site is optimized with the Yoast SEO plugin v27.2 - https:\/\/yoast.com\/product\/yoast-seo-wordpress\/ -->\n<title>FOTO: Cornyn se re\u00fane con la C\u00e1mara de Comercio y dirigentes municipales de Del R\u00edo - Senator Cornyn<\/title>\n<meta name=\"robots\" content=\"index, follow, max-snippet:-1, max-image-preview:large, max-video-preview:-1\" \/>\n<link rel=\"canonical\" href=\"https:\/\/www.cornyn.senate.gov\/es-mx\/news\/foto-cornyn-se-reune-con-la-camara-de-comercio-y-dirigentes-municipales-de-del-rio\/\" \/>\n<meta property=\"og:locale\" content=\"es_MX\" \/>\n<meta property=\"og:type\" content=\"article\" \/>\n<meta property=\"og:title\" content=\"FOTO: Cornyn se re\u00fane con la C\u00e1mara de Comercio y dirigentes municipales de Del R\u00edo - Senator Cornyn\" \/>\n<meta property=\"og:description\" content=\"Noticias WASHINGTON &#8211; El Senador John Cornyn (R-TX) se reuni\u00f3 hoy con el Alcalde Al Arreola, el Superintendente del Distrito Escolar Consolidado Independiente de San Felipe Del R\u00edo, Dr. Carlos R\u00edos, miembros de la C\u00e1mara de Comercio de Del R\u00edo y otros l\u00edderes de la ciudad para discutir varios proyectos de infraestructura en la regi\u00f3n, [&hellip;]\" \/>\n<meta property=\"og:url\" content=\"https:\/\/www.cornyn.senate.gov\/es-mx\/news\/foto-cornyn-se-reune-con-la-camara-de-comercio-y-dirigentes-municipales-de-del-rio\/\" \/>\n<meta property=\"og:site_name\" content=\"Senator Cornyn\" \/>\n<meta property=\"article:publisher\" content=\"https:\/\/www.facebook.com\/SenJohnCornyn\" \/>\n<meta property=\"article:modified_time\" content=\"2024-07-11T17:45:39+00:00\" \/>\n<meta property=\"og:image\" content=\"https:\/\/www.cornyn.senate.gov\/wp-content\/uploads\/2024\/03\/Photo-1-1024x683.jpg\" \/>\n<meta name=\"twitter:card\" content=\"summary_large_image\" \/>\n<meta name=\"twitter:site\" content=\"@johncornyn\" \/>\n<meta name=\"twitter:label1\" content=\"Est. reading time\" \/>\n\t<meta name=\"twitter:data1\" content=\"1 minute\" \/>\n<script type=\"application\/ld+json\" class=\"yoast-schema-graph\">{\"@context\":\"https:\/\/schema.org\",\"@graph\":[{\"@type\":\"WebPage\",\"@id\":\"https:\/\/www.cornyn.senate.gov\/es-mx\/news\/foto-cornyn-se-reune-con-la-camara-de-comercio-y-dirigentes-municipales-de-del-rio\/\",\"url\":\"https:\/\/www.cornyn.senate.gov\/es-mx\/news\/foto-cornyn-se-reune-con-la-camara-de-comercio-y-dirigentes-municipales-de-del-rio\/\",\"name\":\"FOTO: Cornyn se re\u00fane con la C\u00e1mara de Comercio y dirigentes municipales de Del R\u00edo - Senator Cornyn\",\"isPartOf\":{\"@id\":\"https:\/\/www.cornyn.senate.gov\/es-mx\/#website\"},\"primaryImageOfPage\":{\"@id\":\"https:\/\/www.cornyn.senate.gov\/es-mx\/news\/foto-cornyn-se-reune-con-la-camara-de-comercio-y-dirigentes-municipales-de-del-rio\/#primaryimage\"},\"image\":{\"@id\":\"https:\/\/www.cornyn.senate.gov\/es-mx\/news\/foto-cornyn-se-reune-con-la-camara-de-comercio-y-dirigentes-municipales-de-del-rio\/#primaryimage\"},\"thumbnailUrl\":\"https:\/\/www.cornyn.senate.gov\/wp-content\/uploads\/2024\/03\/Photo-1-1024x683.jpg\",\"datePublished\":\"2024-03-05T18:57:24+00:00\",\"dateModified\":\"2024-07-11T17:45:39+00:00\",\"breadcrumb\":{\"@id\":\"https:\/\/www.cornyn.senate.gov\/es-mx\/news\/foto-cornyn-se-reune-con-la-camara-de-comercio-y-dirigentes-municipales-de-del-rio\/#breadcrumb\"},\"inLanguage\":\"es-MX\",\"potentialAction\":[{\"@type\":\"ReadAction\",\"target\":[\"https:\/\/www.cornyn.senate.gov\/es-mx\/news\/foto-cornyn-se-reune-con-la-camara-de-comercio-y-dirigentes-municipales-de-del-rio\/\"]}]},{\"@type\":\"ImageObject\",\"inLanguage\":\"es-MX\",\"@id\":\"https:\/\/www.cornyn.senate.gov\/es-mx\/news\/foto-cornyn-se-reune-con-la-camara-de-comercio-y-dirigentes-municipales-de-del-rio\/#primaryimage\",\"url\":\"https:\/\/www.cornyn.senate.gov\/wp-content\/uploads\/2024\/03\/Photo-1-1024x683.jpg\",\"contentUrl\":\"https:\/\/www.cornyn.senate.gov\/wp-content\/uploads\/2024\/03\/Photo-1-1024x683.jpg\"},{\"@type\":\"BreadcrumbList\",\"@id\":\"https:\/\/www.cornyn.senate.gov\/es-mx\/news\/foto-cornyn-se-reune-con-la-camara-de-comercio-y-dirigentes-municipales-de-del-rio\/#breadcrumb\",\"itemListElement\":[{\"@type\":\"ListItem\",\"position\":1,\"name\":\"Home\",\"item\":\"https:\/\/www.cornyn.senate.gov\/es-mx\/\"},{\"@type\":\"ListItem\",\"position\":2,\"name\":\"News\",\"item\":\"https:\/\/www.cornyn.senate.gov\/es-mx\/news\/\"},{\"@type\":\"ListItem\",\"position\":3,\"name\":\"FOTO: Cornyn se re\u00fane con la C\u00e1mara de Comercio y dirigentes municipales de Del R\u00edo\"}]},{\"@type\":\"WebSite\",\"@id\":\"https:\/\/www.cornyn.senate.gov\/es-mx\/#website\",\"url\":\"https:\/\/www.cornyn.senate.gov\/es-mx\/\",\"name\":\"Senator Cornyn\",\"description\":\"\",\"publisher\":{\"@id\":\"https:\/\/www.cornyn.senate.gov\/es-mx\/#organization\"},\"potentialAction\":[{\"@type\":\"SearchAction\",\"target\":{\"@type\":\"EntryPoint\",\"urlTemplate\":\"https:\/\/www.cornyn.senate.gov\/es-mx\/?s={search_term_string}\"},\"query-input\":{\"@type\":\"PropertyValueSpecification\",\"valueRequired\":true,\"valueName\":\"search_term_string\"}}],\"inLanguage\":\"es-MX\"},{\"@type\":\"Organization\",\"@id\":\"https:\/\/www.cornyn.senate.gov\/es-mx\/#organization\",\"name\":\"Senator Cornyn\",\"url\":\"https:\/\/www.cornyn.senate.gov\/es-mx\/\",\"logo\":{\"@type\":\"ImageObject\",\"inLanguage\":\"es-MX\",\"@id\":\"https:\/\/www.cornyn.senate.gov\/es-mx\/#\/schema\/logo\/image\/\",\"url\":\"https:\/\/www.cornyn.senate.gov\/wp-content\/uploads\/2022\/01\/Logo-2.svg\",\"contentUrl\":\"https:\/\/www.cornyn.senate.gov\/wp-content\/uploads\/2022\/01\/Logo-2.svg\",\"caption\":\"Senator Cornyn\"},\"image\":{\"@id\":\"https:\/\/www.cornyn.senate.gov\/es-mx\/#\/schema\/logo\/image\/\"},\"sameAs\":[\"https:\/\/www.facebook.com\/SenJohnCornyn\",\"https:\/\/x.com\/johncornyn\"]}]}<\/script>\n<!-- \/ Yoast SEO plugin. -->","yoast_head_json":{"title":"FOTO: Cornyn se re\u00fane con la C\u00e1mara de Comercio y dirigentes municipales de Del R\u00edo - Senator Cornyn","robots":{"index":"index","follow":"follow","max-snippet":"max-snippet:-1","max-image-preview":"max-image-preview:large","max-video-preview":"max-video-preview:-1"},"canonical":"https:\/\/www.cornyn.senate.gov\/es-mx\/news\/foto-cornyn-se-reune-con-la-camara-de-comercio-y-dirigentes-municipales-de-del-rio\/","og_locale":"es_MX","og_type":"article","og_title":"FOTO: Cornyn se re\u00fane con la C\u00e1mara de Comercio y dirigentes municipales de Del R\u00edo - Senator Cornyn","og_description":"Noticias WASHINGTON &#8211; El Senador John Cornyn (R-TX) se reuni\u00f3 hoy con el Alcalde Al Arreola, el Superintendente del Distrito Escolar Consolidado Independiente de San Felipe Del R\u00edo, Dr. Carlos R\u00edos, miembros de la C\u00e1mara de Comercio de Del R\u00edo y otros l\u00edderes de la ciudad para discutir varios proyectos de infraestructura en la regi\u00f3n, [&hellip;]","og_url":"https:\/\/www.cornyn.senate.gov\/es-mx\/news\/foto-cornyn-se-reune-con-la-camara-de-comercio-y-dirigentes-municipales-de-del-rio\/","og_site_name":"Senator Cornyn","article_publisher":"https:\/\/www.facebook.com\/SenJohnCornyn","article_modified_time":"2024-07-11T17:45:39+00:00","og_image":[{"url":"https:\/\/www.cornyn.senate.gov\/wp-content\/uploads\/2024\/03\/Photo-1-1024x683.jpg","type":"","width":"","height":""}],"twitter_card":"summary_large_image","twitter_site":"@johncornyn","twitter_misc":{"Est. reading time":"1 minute"},"schema":{"@context":"https:\/\/schema.org","@graph":[{"@type":"WebPage","@id":"https:\/\/www.cornyn.senate.gov\/es-mx\/news\/foto-cornyn-se-reune-con-la-camara-de-comercio-y-dirigentes-municipales-de-del-rio\/","url":"https:\/\/www.cornyn.senate.gov\/es-mx\/news\/foto-cornyn-se-reune-con-la-camara-de-comercio-y-dirigentes-municipales-de-del-rio\/","name":"FOTO: Cornyn se re\u00fane con la C\u00e1mara de Comercio y dirigentes municipales de Del R\u00edo - Senator Cornyn","isPartOf":{"@id":"https:\/\/www.cornyn.senate.gov\/es-mx\/#website"},"primaryImageOfPage":{"@id":"https:\/\/www.cornyn.senate.gov\/es-mx\/news\/foto-cornyn-se-reune-con-la-camara-de-comercio-y-dirigentes-municipales-de-del-rio\/#primaryimage"},"image":{"@id":"https:\/\/www.cornyn.senate.gov\/es-mx\/news\/foto-cornyn-se-reune-con-la-camara-de-comercio-y-dirigentes-municipales-de-del-rio\/#primaryimage"},"thumbnailUrl":"https:\/\/www.cornyn.senate.gov\/wp-content\/uploads\/2024\/03\/Photo-1-1024x683.jpg","datePublished":"2024-03-05T18:57:24+00:00","dateModified":"2024-07-11T17:45:39+00:00","breadcrumb":{"@id":"https:\/\/www.cornyn.senate.gov\/es-mx\/news\/foto-cornyn-se-reune-con-la-camara-de-comercio-y-dirigentes-municipales-de-del-rio\/#breadcrumb"},"inLanguage":"es-MX","potentialAction":[{"@type":"ReadAction","target":["https:\/\/www.cornyn.senate.gov\/es-mx\/news\/foto-cornyn-se-reune-con-la-camara-de-comercio-y-dirigentes-municipales-de-del-rio\/"]}]},{"@type":"ImageObject","inLanguage":"es-MX","@id":"https:\/\/www.cornyn.senate.gov\/es-mx\/news\/foto-cornyn-se-reune-con-la-camara-de-comercio-y-dirigentes-municipales-de-del-rio\/#primaryimage","url":"https:\/\/www.cornyn.senate.gov\/wp-content\/uploads\/2024\/03\/Photo-1-1024x683.jpg","contentUrl":"https:\/\/www.cornyn.senate.gov\/wp-content\/uploads\/2024\/03\/Photo-1-1024x683.jpg"},{"@type":"BreadcrumbList","@id":"https:\/\/www.cornyn.senate.gov\/es-mx\/news\/foto-cornyn-se-reune-con-la-camara-de-comercio-y-dirigentes-municipales-de-del-rio\/#breadcrumb","itemListElement":[{"@type":"ListItem","position":1,"name":"Home","item":"https:\/\/www.cornyn.senate.gov\/es-mx\/"},{"@type":"ListItem","position":2,"name":"News","item":"https:\/\/www.cornyn.senate.gov\/es-mx\/news\/"},{"@type":"ListItem","position":3,"name":"FOTO: Cornyn se re\u00fane con la C\u00e1mara de Comercio y dirigentes municipales de Del R\u00edo"}]},{"@type":"WebSite","@id":"https:\/\/www.cornyn.senate.gov\/es-mx\/#website","url":"https:\/\/www.cornyn.senate.gov\/es-mx\/","name":"Senator Cornyn","description":"","publisher":{"@id":"https:\/\/www.cornyn.senate.gov\/es-mx\/#organization"},"potentialAction":[{"@type":"SearchAction","target":{"@type":"EntryPoint","urlTemplate":"https:\/\/www.cornyn.senate.gov\/es-mx\/?s={search_term_string}"},"query-input":{"@type":"PropertyValueSpecification","valueRequired":true,"valueName":"search_term_string"}}],"inLanguage":"es-MX"},{"@type":"Organization","@id":"https:\/\/www.cornyn.senate.gov\/es-mx\/#organization","name":"Senator Cornyn","url":"https:\/\/www.cornyn.senate.gov\/es-mx\/","logo":{"@type":"ImageObject","inLanguage":"es-MX","@id":"https:\/\/www.cornyn.senate.gov\/es-mx\/#\/schema\/logo\/image\/","url":"https:\/\/www.cornyn.senate.gov\/wp-content\/uploads\/2022\/01\/Logo-2.svg","contentUrl":"https:\/\/www.cornyn.senate.gov\/wp-content\/uploads\/2022\/01\/Logo-2.svg","caption":"Senator Cornyn"},"image":{"@id":"https:\/\/www.cornyn.senate.gov\/es-mx\/#\/schema\/logo\/image\/"},"sameAs":["https:\/\/www.facebook.com\/SenJohnCornyn","https:\/\/x.com\/johncornyn"]}]}},"_links":{"self":[{"href":"https:\/\/www.cornyn.senate.gov\/es-mx\/wp-json\/wp\/v2\/news\/44390","targetHints":{"allow":["GET"]}}],"collection":[{"href":"https:\/\/www.cornyn.senate.gov\/es-mx\/wp-json\/wp\/v2\/news"}],"about":[{"href":"https:\/\/www.cornyn.senate.gov\/es-mx\/wp-json\/wp\/v2\/types\/news"}],"author":[{"embeddable":true,"href":"https:\/\/www.cornyn.senate.gov\/es-mx\/wp-json\/wp\/v2\/users\/20"}],"version-history":[{"count":1,"href":"https:\/\/www.cornyn.senate.gov\/es-mx\/wp-json\/wp\/v2\/news\/44390\/revisions"}],"predecessor-version":[{"id":44392,"href":"https:\/\/www.cornyn.senate.gov\/es-mx\/wp-json\/wp\/v2\/news\/44390\/revisions\/44392"}],"wp:attachment":[{"href":"https:\/\/www.cornyn.senate.gov\/es-mx\/wp-json\/wp\/v2\/media?parent=44390"}],"wp:term":[{"taxonomy":"news-type","embeddable":true,"href":"https:\/\/www.cornyn.senate.gov\/es-mx\/wp-json\/wp\/v2\/news-type?post=44390"},{"taxonomy":"issues","embeddable":true,"href":"https:\/\/www.cornyn.senate.gov\/es-mx\/wp-json\/wp\/v2\/issues?post=44390"}],"curies":[{"name":"wp","href":"https:\/\/api.w.org\/{rel}","templated":true}]}}