{"id":44722,"date":"2024-03-14T13:34:52","date_gmt":"2024-03-14T17:34:52","guid":{"rendered":"https:\/\/www.cornyn.senate.gov\/?post_type=news&#038;p=44722"},"modified":"2024-07-11T13:45:35","modified_gmt":"2024-07-11T17:45:35","slug":"video-cornyn-interroga-a-la-secretaria-becerra-sobre-el-escandalo-de-abusos-a-ninos-migrantes-en-la-administracion-biden","status":"publish","type":"news","link":"https:\/\/www.cornyn.senate.gov\/es-mx\/news\/video-cornyn-interroga-a-la-secretaria-becerra-sobre-el-escandalo-de-abusos-a-ninos-migrantes-en-la-administracion-biden\/","title":{"rendered":"VIDEO: Cornyn interroga a la secretaria Becerra sobre el esc\u00e1ndalo de abusos a ni\u00f1os migrantes en la administraci\u00f3n Biden"},"content":{"rendered":"\t\t<div data-elementor-type=\"wp-post\" data-elementor-id=\"44722\" class=\"elementor elementor-44722 elementor-44706\" data-elementor-post-type=\"news\">\n\t\t\t\t\t\t<section class=\"elementor-section elementor-top-section elementor-element elementor-element-49799785 elementor-section-boxed elementor-section-height-default elementor-section-height-default\" data-id=\"49799785\" data-element_type=\"section\" data-e-type=\"section\">\n\t\t\t\t\t\t<div class=\"elementor-container elementor-column-gap-default\">\n\t\t\t\t\t<div class=\"elementor-column elementor-col-100 elementor-top-column elementor-element elementor-element-6d8e3178\" data-id=\"6d8e3178\" data-element_type=\"column\" data-e-type=\"column\">\n\t\t\t<div class=\"elementor-widget-wrap elementor-element-populated\">\n\t\t\t\t\t\t<section class=\"elementor-section elementor-inner-section elementor-element elementor-element-c656666 elementor-section-boxed elementor-section-height-default elementor-section-height-default\" data-id=\"c656666\" data-element_type=\"section\" data-e-type=\"section\">\n\t\t\t\t\t\t<div class=\"elementor-container elementor-column-gap-default\">\n\t\t\t\t\t<div class=\"elementor-column elementor-col-50 elementor-inner-column elementor-element elementor-element-3a6447cb\" data-id=\"3a6447cb\" data-element_type=\"column\" data-e-type=\"column\">\n\t\t\t<div class=\"elementor-widget-wrap elementor-element-populated\">\n\t\t\t\t\t\t<div class=\"elementor-element elementor-element-2b33201b breadcrumb--back elementor-widget elementor-widget-button\" data-id=\"2b33201b\" data-element_type=\"widget\" data-e-type=\"widget\" data-widget_type=\"button.default\">\n\t\t\t\t<div class=\"elementor-widget-container\">\n\t\t\t\t\t\t\t\t\t<div class=\"elementor-button-wrapper\">\n\t\t\t\t\t<a class=\"elementor-button elementor-button-link elementor-size-sm\" href=\"\/noticias\/\">\n\t\t\t\t\t\t<span class=\"elementor-button-content-wrapper\">\n\t\t\t\t\t\t<span class=\"elementor-button-icon\">\n\t\t\t\t<i aria-hidden=\"true\" class=\"icon icon-arrow-left\"><\/i>\t\t\t<\/span>\n\t\t\t\t\t\t\t\t\t<span class=\"elementor-button-text\">Noticias<\/span>\n\t\t\t\t\t<\/span>\n\t\t\t\t\t<\/a>\n\t\t\t\t<\/div>\n\t\t\t\t\t\t\t\t<\/div>\n\t\t\t\t<\/div>\n\t\t\t\t\t<\/div>\n\t\t<\/div>\n\t\t\t\t<div class=\"elementor-column elementor-col-50 elementor-inner-column elementor-element elementor-element-17ad3256 content-page__content\" data-id=\"17ad3256\" data-element_type=\"column\" data-e-type=\"column\">\n\t\t\t<div class=\"elementor-widget-wrap elementor-element-populated\">\n\t\t\t\t\t\t<div class=\"elementor-element elementor-element-4dd2dfcf elementor-widget elementor-widget-theme-post-title elementor-page-title elementor-widget-heading\" data-id=\"4dd2dfcf\" data-element_type=\"widget\" data-e-type=\"widget\" data-widget_type=\"theme-post-title.default\">\n\t\t\t\t<div class=\"elementor-widget-container\">\n\t\t\t\t\t<h1 class=\"elementor-heading-title elementor-size-default\">VIDEO: Cornyn interroga a la secretaria Becerra sobre el esc\u00e1ndalo de abusos a ni\u00f1os migrantes en la administraci\u00f3n Biden<\/h1>\t\t\t\t<\/div>\n\t\t\t\t<\/div>\n\t\t\t\t<div class=\"elementor-element elementor-element-44add138 elementor-widget-divider--view-line elementor-widget elementor-widget-divider\" data-id=\"44add138\" data-element_type=\"widget\" data-e-type=\"widget\" data-widget_type=\"divider.default\">\n\t\t\t\t<div class=\"elementor-widget-container\">\n\t\t\t\t\t\t\t<div class=\"elementor-divider\">\n\t\t\t<span class=\"elementor-divider-separator\">\n\t\t\t\t\t\t<\/span>\n\t\t<\/div>\n\t\t\t\t\t\t<\/div>\n\t\t\t\t<\/div>\n\t\t\t\t<div class=\"elementor-element elementor-element-a28274b elementor-widget__width-initial elementor-widget-mobile__width-inherit elementor-widget elementor-widget-text-editor\" data-id=\"a28274b\" data-element_type=\"widget\" data-e-type=\"widget\" data-widget_type=\"text-editor.default\">\n\t\t\t\t<div class=\"elementor-widget-container\">\n\t\t\t\t\t\t\t\t\tMarch 14, 2024\t\t\t\t\t\t\t\t<\/div>\n\t\t\t\t<\/div>\n\t\t\t\t<div class=\"elementor-element elementor-element-744e8b2f elementor-share-buttons--view-icon elementor-share-buttons--skin-flat elementor-share-buttons--shape-circle elementor-share-buttons--color-custom share-buttons elementor-widget__width-initial elementor-widget-mobile__width-inherit elementor-grid-0 elementor-widget elementor-widget-share-buttons\" data-id=\"744e8b2f\" data-element_type=\"widget\" data-e-type=\"widget\" title=\"Share\" data-widget_type=\"share-buttons.default\">\n\t\t\t\t<div class=\"elementor-widget-container\">\n\t\t\t\t\t\t\t<div class=\"elementor-grid\" role=\"list\">\n\t\t\t\t\t\t\t\t<div class=\"elementor-grid-item\" role=\"listitem\">\n\t\t\t\t\t\t<div class=\"elementor-share-btn elementor-share-btn_email\" role=\"button\" tabindex=\"0\" aria-label=\"Share on email\">\n\t\t\t\t\t\t\t\t\t\t\t\t\t\t\t<span class=\"elementor-share-btn__icon\">\n\t\t\t\t\t\t\t\t<i class=\"fas fa-envelope\" aria-hidden=\"true\"><\/i>\t\t\t\t\t\t\t<\/span>\n\t\t\t\t\t\t\t\t\t\t\t\t\t\t\t\t\t\t\t\t<\/div>\n\t\t\t\t\t<\/div>\n\t\t\t\t\t\t\t\t\t<div class=\"elementor-grid-item\" role=\"listitem\">\n\t\t\t\t\t\t<div class=\"elementor-share-btn elementor-share-btn_linkedin\" role=\"button\" tabindex=\"0\" aria-label=\"Share on linkedin\">\n\t\t\t\t\t\t\t\t\t\t\t\t\t\t\t<span class=\"elementor-share-btn__icon\">\n\t\t\t\t\t\t\t\t<i class=\"fab fa-linkedin\" aria-hidden=\"true\"><\/i>\t\t\t\t\t\t\t<\/span>\n\t\t\t\t\t\t\t\t\t\t\t\t\t\t\t\t\t\t\t\t<\/div>\n\t\t\t\t\t<\/div>\n\t\t\t\t\t\t\t\t\t<div class=\"elementor-grid-item\" role=\"listitem\">\n\t\t\t\t\t\t<div class=\"elementor-share-btn elementor-share-btn_facebook\" role=\"button\" tabindex=\"0\" aria-label=\"Share on facebook\">\n\t\t\t\t\t\t\t\t\t\t\t\t\t\t\t<span class=\"elementor-share-btn__icon\">\n\t\t\t\t\t\t\t\t<i class=\"fab fa-facebook\" aria-hidden=\"true\"><\/i>\t\t\t\t\t\t\t<\/span>\n\t\t\t\t\t\t\t\t\t\t\t\t\t\t\t\t\t\t\t\t<\/div>\n\t\t\t\t\t<\/div>\n\t\t\t\t\t\t<\/div>\n\t\t\t\t\t\t<\/div>\n\t\t\t\t<\/div>\n\t\t\t\t<div class=\"elementor-element elementor-element-37b69b65 elementor-blockquote--skin-boxed elementor-widget elementor-widget-blockquote\" data-id=\"37b69b65\" data-element_type=\"widget\" data-e-type=\"widget\" data-widget_type=\"blockquote.default\">\n\t\t\t\t<div class=\"elementor-widget-container\">\n\t\t\t\t\t\t\t<blockquote class=\"elementor-blockquote\">\n\t\t\t<p class=\"elementor-blockquote__content\">\n\t\t\t\tCORNYN: Ha habido unos 400.000 de estos ni\u00f1os no acompa\u00f1ados que han llegado a Estados Unidos durante el mandato del presidente Biden. \u00bfPuede decirnos d\u00f3nde est\u00e1n ahora?\n<br><br>\nBECERRA: No tenemos jurisdicci\u00f3n...\n <br><br>\nCORNYN: No se sabe si son v\u00edctimas de la trata con fines sexuales, si se les obliga a realizar trabajos peligrosos o trabajo infantil. No sabes si van a la escuela. No sabes si est\u00e1n recibiendo la atenci\u00f3n sanitaria que necesitan. Simplemente no lo sabes.\t\t\t<\/p>\n\t\t\t\t\t<\/blockquote>\n\t\t\t\t\t\t<\/div>\n\t\t\t\t<\/div>\n\t\t\t\t<div class=\"elementor-element elementor-element-7ef7038 elementor-widget elementor-widget-text-editor\" data-id=\"7ef7038\" data-element_type=\"widget\" data-e-type=\"widget\" data-widget_type=\"text-editor.default\">\n\t\t\t\t<div class=\"elementor-widget-container\">\n\t\t\t\t\t\t\t\t\t<p><strong>WASHINGTON<\/strong> &#8211; Durante la audiencia celebrada hoy en el Comit\u00e9 de Finanzas del Senado, el senador John Cornyn (republicano de Texas) interrog\u00f3 al secretario de Salud y Servicios Humanos de EE.UU., Xavier Becerra, sobre la incapacidad de la administraci\u00f3n Biden para realizar un seguimiento de los m\u00e1s de 85.000 ni\u00f1os inmigrantes colocados con patrocinadores en EE.UU., muchos de los cuales han sido sometidos a <a href=\"https:\/\/www.nytimes.com\/2023\/04\/17\/us\/politics\/migrant-child-labor-biden.html\">tr\u00e1fico<\/a><a href=\"https:\/\/www.nytimes.com\/2023\/02\/25\/us\/unaccompanied-migrant-child-workers-exploitation.html\">laboral<\/a>. En diciembre, el senador Cornyn envi\u00f3 una <a href=\"https:\/\/www.cornyn.senate.gov\/es-mx\/?post_type=news&#038;p=42944\">carta<\/a> exigiendo a la Oficina de Reasentamiento de Refugiados del HHS que revisara sus pol\u00edticas perjudiciales y negligentes que rigen el trato de la agencia a los ni\u00f1os migrantes no acompa\u00f1ados. A continuaci\u00f3n se ofrecen extractos, y el v\u00eddeo puede verse <a href=\"https:\/\/youtu.be\/8VtdZhrtHWM\">aqu\u00ed<\/a>.<\/p>\n<p>CORNYN: <em>&#8220;Los ni\u00f1os no acompa\u00f1ados que llegan a nuestra frontera son b\u00e1sicamente transferidos a su cuidado por la Patrulla Fronteriza, \u00bfcorrecto?&#8221;<\/em><\/p>\n<p>BECERRA: <em>&#8220;Eso es correcto.&#8221;<\/em><\/p>\n<p>CORNYN: <em>&#8220;Y usted identifica un patrocinador para ellos en el interior de los Estados Unidos, \u00bfcorrecto?&#8221;<\/em><\/p>\n<p>BECERRA: <em>&#8220;Esa es nuestra obligaci\u00f3n, s\u00ed&#8221;.<\/em><\/p>\n<p>CORNYN: <em>&#8220;Y ha habido unos 400.000 de estos ni\u00f1os no acompa\u00f1ados que han llegado a Estados Unidos durante el mandato del presidente Biden. \u00bfPuede decirnos d\u00f3nde est\u00e1n ahora?&#8221;<\/em><\/p>\n<p>BECERRA: <em>&#8220;Podr\u00edamos darte informaci\u00f3n sobre el proceso de selecci\u00f3n y los patrocinadores&#8221;.<\/em><\/p>\n<p><em>&#8220;No. Te pregunt\u00e9, \u00bfsabes d\u00f3nde est\u00e1n ahora?&#8221;<\/em><\/p>\n<p>BECERRA: <em>&#8220;Podemos decirle qui\u00e9nes fueron los patrocinadores investigados que recibieron a estos ni\u00f1os&#8221;.<\/em><\/p>\n<p>CORNYN: <em>&#8220;Eso no es lo que le he preguntado. S\u00e9 que ha entrevistado a los patrocinadores hasta cierto punto, aunque no adecuadamente&#8230; \u00bfTiene alguna responsabilidad sobre su bienestar mientras est\u00e1 aqu\u00ed sentado hoy?&#8221;. <\/em> <\/p>\n<p>BECERRA: <em>&#8220;Mientras est\u00e9n bajo nuestra custodia, tenemos jurisdicci\u00f3n para prestarles la atenci\u00f3n que necesiten&#8221;.<\/em><\/p>\n<p><em>&#8220;\u00bfAs\u00ed que no es tu responsabilidad? \u00bfEs eso lo que est\u00e1s diciendo?&#8221;<\/em><\/p>\n<p>BECERRA:<em> &#8220;No tenemos jurisdicci\u00f3n&#8230;&#8221;<\/em><\/p>\n<p>CORNYN: <em>&#8220;No se sabe si son v\u00edctimas de la trata con fines sexuales, si se les obliga a realizar trabajos peligrosos o trabajo infantil. No sabes si van a la escuela. No sabes si reciben la atenci\u00f3n sanitaria que necesitan. Sencillamente, no lo sabes&#8230; Tienes un trabajo que hacer ahora mismo. Tienen un presupuesto de 1,8 billones de d\u00f3lares y la responsabilidad de cuidar de estos ni\u00f1os&#8221;.<\/em><\/p>\n\t\t\t\t\t\t\t\t<\/div>\n\t\t\t\t<\/div>\n\t\t\t\t\t<\/div>\n\t\t<\/div>\n\t\t\t\t\t<\/div>\n\t\t<\/section>\n\t\t\t\t\t<\/div>\n\t\t<\/div>\n\t\t\t\t\t<\/div>\n\t\t<\/section>\n\t\t\t\t<\/div>\n\t\t","protected":false},"author":20,"template":"","news-type":[161],"issues":[171],"class_list":["post-44722","news","type-news","status-publish","hentry","news-type-press-releases-es-mx","issues-immigration-border-security-es-mx"],"acf":[],"yoast_head":"<!-- This site is optimized with the Yoast SEO plugin v27.2 - https:\/\/yoast.com\/product\/yoast-seo-wordpress\/ -->\n<title>VIDEO: Cornyn interroga a la secretaria Becerra sobre el esc\u00e1ndalo de abusos a ni\u00f1os migrantes en la administraci\u00f3n Biden - Senator Cornyn<\/title>\n<meta name=\"robots\" content=\"index, follow, max-snippet:-1, max-image-preview:large, max-video-preview:-1\" \/>\n<link rel=\"canonical\" href=\"https:\/\/www.cornyn.senate.gov\/es-mx\/news\/video-cornyn-interroga-a-la-secretaria-becerra-sobre-el-escandalo-de-abusos-a-ninos-migrantes-en-la-administracion-biden\/\" \/>\n<meta property=\"og:locale\" content=\"es_MX\" \/>\n<meta property=\"og:type\" content=\"article\" \/>\n<meta property=\"og:title\" content=\"VIDEO: Cornyn interroga a la secretaria Becerra sobre el esc\u00e1ndalo de abusos a ni\u00f1os migrantes en la administraci\u00f3n Biden - Senator Cornyn\" \/>\n<meta property=\"og:description\" content=\"Noticias CORNYN: Ha habido unos 400.000 de estos ni\u00f1os no acompa\u00f1ados que han llegado a Estados Unidos durante el mandato del presidente Biden. \u00bfPuede decirnos d\u00f3nde est\u00e1n ahora? BECERRA: No tenemos jurisdicci\u00f3n&#8230; CORNYN: No se sabe si son v\u00edctimas de la trata con fines sexuales, si se les obliga a realizar trabajos peligrosos o trabajo [&hellip;]\" \/>\n<meta property=\"og:url\" content=\"https:\/\/www.cornyn.senate.gov\/es-mx\/news\/video-cornyn-interroga-a-la-secretaria-becerra-sobre-el-escandalo-de-abusos-a-ninos-migrantes-en-la-administracion-biden\/\" \/>\n<meta property=\"og:site_name\" content=\"Senator Cornyn\" \/>\n<meta property=\"article:publisher\" content=\"https:\/\/www.facebook.com\/SenJohnCornyn\" \/>\n<meta property=\"article:modified_time\" content=\"2024-07-11T17:45:35+00:00\" \/>\n<meta property=\"og:image\" content=\"https:\/\/www.cornyn.senate.gov\/wp-content\/uploads\/2023\/11\/Twitter-Card-Dec-23-1024x535.png\" \/>\n\t<meta property=\"og:image:width\" content=\"1024\" \/>\n\t<meta property=\"og:image:height\" content=\"535\" \/>\n\t<meta property=\"og:image:type\" content=\"image\/png\" \/>\n<meta name=\"twitter:card\" content=\"summary_large_image\" \/>\n<meta name=\"twitter:site\" content=\"@johncornyn\" \/>\n<meta name=\"twitter:label1\" content=\"Est. reading time\" \/>\n\t<meta name=\"twitter:data1\" content=\"2 minutes\" \/>\n<script type=\"application\/ld+json\" class=\"yoast-schema-graph\">{\"@context\":\"https:\/\/schema.org\",\"@graph\":[{\"@type\":\"WebPage\",\"@id\":\"https:\/\/www.cornyn.senate.gov\/es-mx\/news\/video-cornyn-interroga-a-la-secretaria-becerra-sobre-el-escandalo-de-abusos-a-ninos-migrantes-en-la-administracion-biden\/\",\"url\":\"https:\/\/www.cornyn.senate.gov\/es-mx\/news\/video-cornyn-interroga-a-la-secretaria-becerra-sobre-el-escandalo-de-abusos-a-ninos-migrantes-en-la-administracion-biden\/\",\"name\":\"VIDEO: Cornyn interroga a la secretaria Becerra sobre el esc\u00e1ndalo de abusos a ni\u00f1os migrantes en la administraci\u00f3n Biden - Senator Cornyn\",\"isPartOf\":{\"@id\":\"https:\/\/www.cornyn.senate.gov\/es-mx\/#website\"},\"datePublished\":\"2024-03-14T17:34:52+00:00\",\"dateModified\":\"2024-07-11T17:45:35+00:00\",\"breadcrumb\":{\"@id\":\"https:\/\/www.cornyn.senate.gov\/es-mx\/news\/video-cornyn-interroga-a-la-secretaria-becerra-sobre-el-escandalo-de-abusos-a-ninos-migrantes-en-la-administracion-biden\/#breadcrumb\"},\"inLanguage\":\"es-MX\",\"potentialAction\":[{\"@type\":\"ReadAction\",\"target\":[\"https:\/\/www.cornyn.senate.gov\/es-mx\/news\/video-cornyn-interroga-a-la-secretaria-becerra-sobre-el-escandalo-de-abusos-a-ninos-migrantes-en-la-administracion-biden\/\"]}]},{\"@type\":\"BreadcrumbList\",\"@id\":\"https:\/\/www.cornyn.senate.gov\/es-mx\/news\/video-cornyn-interroga-a-la-secretaria-becerra-sobre-el-escandalo-de-abusos-a-ninos-migrantes-en-la-administracion-biden\/#breadcrumb\",\"itemListElement\":[{\"@type\":\"ListItem\",\"position\":1,\"name\":\"Home\",\"item\":\"https:\/\/www.cornyn.senate.gov\/es-mx\/\"},{\"@type\":\"ListItem\",\"position\":2,\"name\":\"News\",\"item\":\"https:\/\/www.cornyn.senate.gov\/es-mx\/news\/\"},{\"@type\":\"ListItem\",\"position\":3,\"name\":\"VIDEO: Cornyn interroga a la secretaria Becerra sobre el esc\u00e1ndalo de abusos a ni\u00f1os migrantes en la administraci\u00f3n Biden\"}]},{\"@type\":\"WebSite\",\"@id\":\"https:\/\/www.cornyn.senate.gov\/es-mx\/#website\",\"url\":\"https:\/\/www.cornyn.senate.gov\/es-mx\/\",\"name\":\"Senator Cornyn\",\"description\":\"\",\"publisher\":{\"@id\":\"https:\/\/www.cornyn.senate.gov\/es-mx\/#organization\"},\"potentialAction\":[{\"@type\":\"SearchAction\",\"target\":{\"@type\":\"EntryPoint\",\"urlTemplate\":\"https:\/\/www.cornyn.senate.gov\/es-mx\/?s={search_term_string}\"},\"query-input\":{\"@type\":\"PropertyValueSpecification\",\"valueRequired\":true,\"valueName\":\"search_term_string\"}}],\"inLanguage\":\"es-MX\"},{\"@type\":\"Organization\",\"@id\":\"https:\/\/www.cornyn.senate.gov\/es-mx\/#organization\",\"name\":\"Senator Cornyn\",\"url\":\"https:\/\/www.cornyn.senate.gov\/es-mx\/\",\"logo\":{\"@type\":\"ImageObject\",\"inLanguage\":\"es-MX\",\"@id\":\"https:\/\/www.cornyn.senate.gov\/es-mx\/#\/schema\/logo\/image\/\",\"url\":\"https:\/\/www.cornyn.senate.gov\/wp-content\/uploads\/2022\/01\/Logo-2.svg\",\"contentUrl\":\"https:\/\/www.cornyn.senate.gov\/wp-content\/uploads\/2022\/01\/Logo-2.svg\",\"caption\":\"Senator Cornyn\"},\"image\":{\"@id\":\"https:\/\/www.cornyn.senate.gov\/es-mx\/#\/schema\/logo\/image\/\"},\"sameAs\":[\"https:\/\/www.facebook.com\/SenJohnCornyn\",\"https:\/\/x.com\/johncornyn\"]}]}<\/script>\n<!-- \/ Yoast SEO plugin. -->","yoast_head_json":{"title":"VIDEO: Cornyn interroga a la secretaria Becerra sobre el esc\u00e1ndalo de abusos a ni\u00f1os migrantes en la administraci\u00f3n Biden - Senator Cornyn","robots":{"index":"index","follow":"follow","max-snippet":"max-snippet:-1","max-image-preview":"max-image-preview:large","max-video-preview":"max-video-preview:-1"},"canonical":"https:\/\/www.cornyn.senate.gov\/es-mx\/news\/video-cornyn-interroga-a-la-secretaria-becerra-sobre-el-escandalo-de-abusos-a-ninos-migrantes-en-la-administracion-biden\/","og_locale":"es_MX","og_type":"article","og_title":"VIDEO: Cornyn interroga a la secretaria Becerra sobre el esc\u00e1ndalo de abusos a ni\u00f1os migrantes en la administraci\u00f3n Biden - Senator Cornyn","og_description":"Noticias CORNYN: Ha habido unos 400.000 de estos ni\u00f1os no acompa\u00f1ados que han llegado a Estados Unidos durante el mandato del presidente Biden. \u00bfPuede decirnos d\u00f3nde est\u00e1n ahora? BECERRA: No tenemos jurisdicci\u00f3n&#8230; CORNYN: No se sabe si son v\u00edctimas de la trata con fines sexuales, si se les obliga a realizar trabajos peligrosos o trabajo [&hellip;]","og_url":"https:\/\/www.cornyn.senate.gov\/es-mx\/news\/video-cornyn-interroga-a-la-secretaria-becerra-sobre-el-escandalo-de-abusos-a-ninos-migrantes-en-la-administracion-biden\/","og_site_name":"Senator Cornyn","article_publisher":"https:\/\/www.facebook.com\/SenJohnCornyn","article_modified_time":"2024-07-11T17:45:35+00:00","og_image":[{"width":1024,"height":535,"url":"https:\/\/www.cornyn.senate.gov\/wp-content\/uploads\/2023\/11\/Twitter-Card-Dec-23-1024x535.png","type":"image\/png"}],"twitter_card":"summary_large_image","twitter_site":"@johncornyn","twitter_misc":{"Est. reading time":"2 minutes"},"schema":{"@context":"https:\/\/schema.org","@graph":[{"@type":"WebPage","@id":"https:\/\/www.cornyn.senate.gov\/es-mx\/news\/video-cornyn-interroga-a-la-secretaria-becerra-sobre-el-escandalo-de-abusos-a-ninos-migrantes-en-la-administracion-biden\/","url":"https:\/\/www.cornyn.senate.gov\/es-mx\/news\/video-cornyn-interroga-a-la-secretaria-becerra-sobre-el-escandalo-de-abusos-a-ninos-migrantes-en-la-administracion-biden\/","name":"VIDEO: Cornyn interroga a la secretaria Becerra sobre el esc\u00e1ndalo de abusos a ni\u00f1os migrantes en la administraci\u00f3n Biden - Senator Cornyn","isPartOf":{"@id":"https:\/\/www.cornyn.senate.gov\/es-mx\/#website"},"datePublished":"2024-03-14T17:34:52+00:00","dateModified":"2024-07-11T17:45:35+00:00","breadcrumb":{"@id":"https:\/\/www.cornyn.senate.gov\/es-mx\/news\/video-cornyn-interroga-a-la-secretaria-becerra-sobre-el-escandalo-de-abusos-a-ninos-migrantes-en-la-administracion-biden\/#breadcrumb"},"inLanguage":"es-MX","potentialAction":[{"@type":"ReadAction","target":["https:\/\/www.cornyn.senate.gov\/es-mx\/news\/video-cornyn-interroga-a-la-secretaria-becerra-sobre-el-escandalo-de-abusos-a-ninos-migrantes-en-la-administracion-biden\/"]}]},{"@type":"BreadcrumbList","@id":"https:\/\/www.cornyn.senate.gov\/es-mx\/news\/video-cornyn-interroga-a-la-secretaria-becerra-sobre-el-escandalo-de-abusos-a-ninos-migrantes-en-la-administracion-biden\/#breadcrumb","itemListElement":[{"@type":"ListItem","position":1,"name":"Home","item":"https:\/\/www.cornyn.senate.gov\/es-mx\/"},{"@type":"ListItem","position":2,"name":"News","item":"https:\/\/www.cornyn.senate.gov\/es-mx\/news\/"},{"@type":"ListItem","position":3,"name":"VIDEO: Cornyn interroga a la secretaria Becerra sobre el esc\u00e1ndalo de abusos a ni\u00f1os migrantes en la administraci\u00f3n Biden"}]},{"@type":"WebSite","@id":"https:\/\/www.cornyn.senate.gov\/es-mx\/#website","url":"https:\/\/www.cornyn.senate.gov\/es-mx\/","name":"Senator Cornyn","description":"","publisher":{"@id":"https:\/\/www.cornyn.senate.gov\/es-mx\/#organization"},"potentialAction":[{"@type":"SearchAction","target":{"@type":"EntryPoint","urlTemplate":"https:\/\/www.cornyn.senate.gov\/es-mx\/?s={search_term_string}"},"query-input":{"@type":"PropertyValueSpecification","valueRequired":true,"valueName":"search_term_string"}}],"inLanguage":"es-MX"},{"@type":"Organization","@id":"https:\/\/www.cornyn.senate.gov\/es-mx\/#organization","name":"Senator Cornyn","url":"https:\/\/www.cornyn.senate.gov\/es-mx\/","logo":{"@type":"ImageObject","inLanguage":"es-MX","@id":"https:\/\/www.cornyn.senate.gov\/es-mx\/#\/schema\/logo\/image\/","url":"https:\/\/www.cornyn.senate.gov\/wp-content\/uploads\/2022\/01\/Logo-2.svg","contentUrl":"https:\/\/www.cornyn.senate.gov\/wp-content\/uploads\/2022\/01\/Logo-2.svg","caption":"Senator Cornyn"},"image":{"@id":"https:\/\/www.cornyn.senate.gov\/es-mx\/#\/schema\/logo\/image\/"},"sameAs":["https:\/\/www.facebook.com\/SenJohnCornyn","https:\/\/x.com\/johncornyn"]}]}},"_links":{"self":[{"href":"https:\/\/www.cornyn.senate.gov\/es-mx\/wp-json\/wp\/v2\/news\/44722","targetHints":{"allow":["GET"]}}],"collection":[{"href":"https:\/\/www.cornyn.senate.gov\/es-mx\/wp-json\/wp\/v2\/news"}],"about":[{"href":"https:\/\/www.cornyn.senate.gov\/es-mx\/wp-json\/wp\/v2\/types\/news"}],"author":[{"embeddable":true,"href":"https:\/\/www.cornyn.senate.gov\/es-mx\/wp-json\/wp\/v2\/users\/20"}],"version-history":[{"count":1,"href":"https:\/\/www.cornyn.senate.gov\/es-mx\/wp-json\/wp\/v2\/news\/44722\/revisions"}],"predecessor-version":[{"id":44724,"href":"https:\/\/www.cornyn.senate.gov\/es-mx\/wp-json\/wp\/v2\/news\/44722\/revisions\/44724"}],"wp:attachment":[{"href":"https:\/\/www.cornyn.senate.gov\/es-mx\/wp-json\/wp\/v2\/media?parent=44722"}],"wp:term":[{"taxonomy":"news-type","embeddable":true,"href":"https:\/\/www.cornyn.senate.gov\/es-mx\/wp-json\/wp\/v2\/news-type?post=44722"},{"taxonomy":"issues","embeddable":true,"href":"https:\/\/www.cornyn.senate.gov\/es-mx\/wp-json\/wp\/v2\/issues?post=44722"}],"curies":[{"name":"wp","href":"https:\/\/api.w.org\/{rel}","templated":true}]}}