{"id":45610,"date":"2024-04-30T18:25:59","date_gmt":"2024-04-30T22:25:59","guid":{"rendered":"https:\/\/www.cornyn.senate.gov\/?post_type=news&#038;p=45610"},"modified":"2024-07-11T13:37:34","modified_gmt":"2024-07-11T17:37:34","slug":"cornyn-habla-de-las-protestas-en-los-campus-universitarios-y-aplaude-la-respuesta-de-ut-austin","status":"publish","type":"news","link":"https:\/\/www.cornyn.senate.gov\/es-mx\/news\/cornyn-habla-de-las-protestas-en-los-campus-universitarios-y-aplaude-la-respuesta-de-ut-austin\/","title":{"rendered":"Cornyn habla de las protestas en los campus universitarios y aplaude la respuesta de UT Austin"},"content":{"rendered":"\t\t<div data-elementor-type=\"wp-post\" data-elementor-id=\"45610\" class=\"elementor elementor-45610 elementor-45594\" data-elementor-post-type=\"news\">\n\t\t\t\t\t\t<section class=\"elementor-section elementor-top-section elementor-element elementor-element-3b662d6f elementor-section-boxed elementor-section-height-default elementor-section-height-default\" data-id=\"3b662d6f\" data-element_type=\"section\" data-e-type=\"section\">\n\t\t\t\t\t\t<div class=\"elementor-container elementor-column-gap-default\">\n\t\t\t\t\t<div class=\"elementor-column elementor-col-100 elementor-top-column elementor-element elementor-element-7d0768e8\" data-id=\"7d0768e8\" data-element_type=\"column\" data-e-type=\"column\">\n\t\t\t<div class=\"elementor-widget-wrap elementor-element-populated\">\n\t\t\t\t\t\t<section class=\"elementor-section elementor-inner-section elementor-element elementor-element-3733f619 elementor-section-boxed elementor-section-height-default elementor-section-height-default\" data-id=\"3733f619\" data-element_type=\"section\" data-e-type=\"section\">\n\t\t\t\t\t\t<div class=\"elementor-container elementor-column-gap-default\">\n\t\t\t\t\t<div class=\"elementor-column elementor-col-50 elementor-inner-column elementor-element elementor-element-7f62324\" data-id=\"7f62324\" data-element_type=\"column\" data-e-type=\"column\">\n\t\t\t<div class=\"elementor-widget-wrap elementor-element-populated\">\n\t\t\t\t\t\t<div class=\"elementor-element elementor-element-67f56b5b breadcrumb--back elementor-widget elementor-widget-button\" data-id=\"67f56b5b\" data-element_type=\"widget\" data-e-type=\"widget\" data-widget_type=\"button.default\">\n\t\t\t\t<div class=\"elementor-widget-container\">\n\t\t\t\t\t\t\t\t\t<div class=\"elementor-button-wrapper\">\n\t\t\t\t\t<a class=\"elementor-button elementor-button-link elementor-size-sm\" href=\"\/noticias\/\">\n\t\t\t\t\t\t<span class=\"elementor-button-content-wrapper\">\n\t\t\t\t\t\t<span class=\"elementor-button-icon\">\n\t\t\t\t<i aria-hidden=\"true\" class=\"icon icon-arrow-left\"><\/i>\t\t\t<\/span>\n\t\t\t\t\t\t\t\t\t<span class=\"elementor-button-text\">Noticias<\/span>\n\t\t\t\t\t<\/span>\n\t\t\t\t\t<\/a>\n\t\t\t\t<\/div>\n\t\t\t\t\t\t\t\t<\/div>\n\t\t\t\t<\/div>\n\t\t\t\t\t<\/div>\n\t\t<\/div>\n\t\t\t\t<div class=\"elementor-column elementor-col-50 elementor-inner-column elementor-element elementor-element-6d54d640 content-page__content\" data-id=\"6d54d640\" data-element_type=\"column\" data-e-type=\"column\">\n\t\t\t<div class=\"elementor-widget-wrap elementor-element-populated\">\n\t\t\t\t\t\t<div class=\"elementor-element elementor-element-5ef03f57 elementor-widget elementor-widget-theme-post-title elementor-page-title elementor-widget-heading\" data-id=\"5ef03f57\" data-element_type=\"widget\" data-e-type=\"widget\" data-widget_type=\"theme-post-title.default\">\n\t\t\t\t<div class=\"elementor-widget-container\">\n\t\t\t\t\t<h1 class=\"elementor-heading-title elementor-size-default\">Cornyn habla de las protestas en los campus universitarios y aplaude la respuesta de UT Austin<\/h1>\t\t\t\t<\/div>\n\t\t\t\t<\/div>\n\t\t\t\t<div class=\"elementor-element elementor-element-64c40a21 elementor-widget-divider--view-line elementor-widget elementor-widget-divider\" data-id=\"64c40a21\" data-element_type=\"widget\" data-e-type=\"widget\" data-widget_type=\"divider.default\">\n\t\t\t\t<div class=\"elementor-widget-container\">\n\t\t\t\t\t\t\t<div class=\"elementor-divider\">\n\t\t\t<span class=\"elementor-divider-separator\">\n\t\t\t\t\t\t<\/span>\n\t\t<\/div>\n\t\t\t\t\t\t<\/div>\n\t\t\t\t<\/div>\n\t\t\t\t<div class=\"elementor-element elementor-element-3d0632c2 elementor-widget__width-initial elementor-widget-mobile__width-inherit elementor-widget elementor-widget-text-editor\" data-id=\"3d0632c2\" data-element_type=\"widget\" data-e-type=\"widget\" data-widget_type=\"text-editor.default\">\n\t\t\t\t<div class=\"elementor-widget-container\">\n\t\t\t\t\t\t\t\t\tApril 30, 2024\t\t\t\t\t\t\t\t<\/div>\n\t\t\t\t<\/div>\n\t\t\t\t<div class=\"elementor-element elementor-element-45c58874 elementor-share-buttons--view-icon elementor-share-buttons--skin-flat elementor-share-buttons--shape-circle elementor-share-buttons--color-custom share-buttons elementor-widget__width-initial elementor-widget-mobile__width-inherit elementor-grid-0 elementor-widget elementor-widget-share-buttons\" data-id=\"45c58874\" data-element_type=\"widget\" data-e-type=\"widget\" title=\"Share\" data-widget_type=\"share-buttons.default\">\n\t\t\t\t<div class=\"elementor-widget-container\">\n\t\t\t\t\t\t\t<div class=\"elementor-grid\" role=\"list\">\n\t\t\t\t\t\t\t\t<div class=\"elementor-grid-item\" role=\"listitem\">\n\t\t\t\t\t\t<div class=\"elementor-share-btn elementor-share-btn_email\" role=\"button\" tabindex=\"0\" aria-label=\"Share on email\">\n\t\t\t\t\t\t\t\t\t\t\t\t\t\t\t<span class=\"elementor-share-btn__icon\">\n\t\t\t\t\t\t\t\t<i class=\"fas fa-envelope\" aria-hidden=\"true\"><\/i>\t\t\t\t\t\t\t<\/span>\n\t\t\t\t\t\t\t\t\t\t\t\t\t\t\t\t\t\t\t\t<\/div>\n\t\t\t\t\t<\/div>\n\t\t\t\t\t\t\t\t\t<div class=\"elementor-grid-item\" role=\"listitem\">\n\t\t\t\t\t\t<div class=\"elementor-share-btn elementor-share-btn_linkedin\" role=\"button\" tabindex=\"0\" aria-label=\"Share on linkedin\">\n\t\t\t\t\t\t\t\t\t\t\t\t\t\t\t<span class=\"elementor-share-btn__icon\">\n\t\t\t\t\t\t\t\t<i class=\"fab fa-linkedin\" aria-hidden=\"true\"><\/i>\t\t\t\t\t\t\t<\/span>\n\t\t\t\t\t\t\t\t\t\t\t\t\t\t\t\t\t\t\t\t<\/div>\n\t\t\t\t\t<\/div>\n\t\t\t\t\t\t\t\t\t<div class=\"elementor-grid-item\" role=\"listitem\">\n\t\t\t\t\t\t<div class=\"elementor-share-btn elementor-share-btn_facebook\" role=\"button\" tabindex=\"0\" aria-label=\"Share on facebook\">\n\t\t\t\t\t\t\t\t\t\t\t\t\t\t\t<span class=\"elementor-share-btn__icon\">\n\t\t\t\t\t\t\t\t<i class=\"fab fa-facebook\" aria-hidden=\"true\"><\/i>\t\t\t\t\t\t\t<\/span>\n\t\t\t\t\t\t\t\t\t\t\t\t\t\t\t\t\t\t\t\t<\/div>\n\t\t\t\t\t<\/div>\n\t\t\t\t\t\t<\/div>\n\t\t\t\t\t\t<\/div>\n\t\t\t\t<\/div>\n\t\t\t\t<div class=\"elementor-element elementor-element-1e2670bb elementor-blockquote--skin-boxed elementor-widget elementor-widget-blockquote\" data-id=\"1e2670bb\" data-element_type=\"widget\" data-e-type=\"widget\" data-widget_type=\"blockquote.default\">\n\t\t\t\t<div class=\"elementor-widget-container\">\n\t\t\t\t\t\t\t<blockquote class=\"elementor-blockquote\">\n\t\t\t<p class=\"elementor-blockquote__content\">\n\t\t\t\tHay una l\u00ednea clara entre protestar y amotinarse y una l\u00ednea a\u00fan m\u00e1s clara entre la libertad de expresi\u00f3n y la violencia.\n<br><br>\nMe alegro de que la Universidad de Texas en Austin haya dejado claro que el antisemitismo no tiene cabida en su campus.\n<br><br> \nEl derecho a protestar es fundamental para nuestra democracia, pero... no otorga a nadie la capacidad de decir o hacer lo que quiera sin consecuencias.\t\t\t<\/p>\n\t\t\t\t\t<\/blockquote>\n\t\t\t\t\t\t<\/div>\n\t\t\t\t<\/div>\n\t\t\t\t<div class=\"elementor-element elementor-element-5e7b3027 elementor-widget elementor-widget-text-editor\" data-id=\"5e7b3027\" data-element_type=\"widget\" data-e-type=\"widget\" data-widget_type=\"text-editor.default\">\n\t\t\t\t<div class=\"elementor-widget-container\">\n\t\t\t\t\t\t\t\t\t<p><strong>WASHINGTON<\/strong> &#8211; Hoy en el hemiciclo, el senador John Cornyn (republicano de Texas) ha hablado de las protestas antiisrael\u00edes en los campus universitarios de todo el pa\u00eds, incluida la Universidad de Texas en Austin, y ha destacado la <a href=\"https:\/\/www.cornyn.senate.gov\/es-mx\/?post_type=news&#038;p=45500\">carta<\/a> que envi\u00f3 junto con 26 de sus colegas del Partido Republicano del Senado al fiscal general Merrick Garland y al secretario de Educaci\u00f3n Miguel Cardona, inst\u00e1ndoles a restablecer el orden en los campus que han sido cerrados de hecho por turbas antisemitas dirigidas contra estudiantes jud\u00edos. A continuaci\u00f3n se ofrecen extractos de las declaraciones del Senador Cornyn, y <a href=\"https:\/\/youtu.be\/pwRYM2SYoXE\">aqu\u00ed<\/a> puede verse el v\u00eddeo.<\/p>\n<p><em>&#8220;El debate apasionado no es una innovaci\u00f3n reciente, pero hay una l\u00ednea clara entre protestar y amotinarse y una l\u00ednea a\u00fan m\u00e1s clara entre la libertad de expresi\u00f3n y la violencia&#8221;.<\/em><\/p>\n<p><em>&#8220;Tras el 7 de octubre, los campus han sufrido una oleada de ataques antisemitas dirigidos contra sus estudiantes jud\u00edos&#8221;.<\/em><\/p>\n<p><em>&#8220;La Primera Enmienda protege la expresi\u00f3n, pero protege el derecho a protestar pac\u00edficamente. No da a nadie la libertad de amotinarse, amenazar o llevar a cabo actos de violencia contra otras personas, ni siquiera de violar las normas de su universidad.&#8221;<\/em><\/p>\n<p><em>&#8220;Lamentablemente, grupos propalestinos siguen creando un entorno amenazador al intentar ocupar y perturbar algunos campus universitarios&#8221;.<\/em><\/p>\n<p><em>&#8220;La semana pasada estallaron protestas en la Universidad de Texas en Austin, donde vivo, pero me alegra decir que la respuesta all\u00ed fue muy distinta a la que se ha visto en muchas otras partes del pa\u00eds. Mientras cientos de manifestantes intentaban ocupar el campus, la universidad no ha vacilado en su compromiso de preservar un entorno seguro para todos sus estudiantes.&#8221;<\/em><\/p>\n<p><em>&#8220;Me alegro de que la Universidad de Texas en Austin haya dejado claro que el antisemitismo no tiene cabida en su campus&#8221;. <\/em><\/p>\n<p><em>&#8220;Dada la oleada de protestas en todo el pa\u00eds, el gobierno de Biden debe hacer m\u00e1s para combatir el antisemitismo y garantizar que todos los estudiantes tienen un lugar seguro donde aprender.&#8221;<\/em><\/p>\n<p><em>&#8220;El derecho a protestar es fundamental para nuestra democracia pero&#8230; no concede a nadie la capacidad de decir o hacer lo que quiera sin consecuencias&#8221;.<\/em><\/p>\n\t\t\t\t\t\t\t\t<\/div>\n\t\t\t\t<\/div>\n\t\t\t\t\t<\/div>\n\t\t<\/div>\n\t\t\t\t\t<\/div>\n\t\t<\/section>\n\t\t\t\t\t<\/div>\n\t\t<\/div>\n\t\t\t\t\t<\/div>\n\t\t<\/section>\n\t\t\t\t<\/div>\n\t\t","protected":false},"author":20,"template":"","news-type":[161],"issues":[175,165,204],"class_list":["post-45610","news","type-news","status-publish","hentry","news-type-press-releases-es-mx","issues-education-es-mx","issues-foreign-affairs-national-security-es-mx","issues-la-guerra-en-israel"],"acf":[],"yoast_head":"<!-- This site is optimized with the Yoast SEO plugin v27.2 - https:\/\/yoast.com\/product\/yoast-seo-wordpress\/ -->\n<title>Cornyn habla de las protestas en los campus universitarios y aplaude la respuesta de UT Austin - Senator Cornyn<\/title>\n<meta name=\"robots\" content=\"index, follow, max-snippet:-1, max-image-preview:large, max-video-preview:-1\" \/>\n<link rel=\"canonical\" href=\"https:\/\/www.cornyn.senate.gov\/es-mx\/news\/cornyn-habla-de-las-protestas-en-los-campus-universitarios-y-aplaude-la-respuesta-de-ut-austin\/\" \/>\n<meta property=\"og:locale\" content=\"es_MX\" \/>\n<meta property=\"og:type\" content=\"article\" \/>\n<meta property=\"og:title\" content=\"Cornyn habla de las protestas en los campus universitarios y aplaude la respuesta de UT Austin - Senator Cornyn\" \/>\n<meta property=\"og:description\" content=\"Noticias Hay una l\u00ednea clara entre protestar y amotinarse y una l\u00ednea a\u00fan m\u00e1s clara entre la libertad de expresi\u00f3n y la violencia. Me alegro de que la Universidad de Texas en Austin haya dejado claro que el antisemitismo no tiene cabida en su campus. El derecho a protestar es fundamental para nuestra democracia, pero&#8230; [&hellip;]\" \/>\n<meta property=\"og:url\" content=\"https:\/\/www.cornyn.senate.gov\/es-mx\/news\/cornyn-habla-de-las-protestas-en-los-campus-universitarios-y-aplaude-la-respuesta-de-ut-austin\/\" \/>\n<meta property=\"og:site_name\" content=\"Senator Cornyn\" \/>\n<meta property=\"article:publisher\" content=\"https:\/\/www.facebook.com\/SenJohnCornyn\" \/>\n<meta property=\"article:modified_time\" content=\"2024-07-11T17:37:34+00:00\" \/>\n<meta property=\"og:image\" content=\"https:\/\/www.cornyn.senate.gov\/wp-content\/uploads\/2023\/11\/Twitter-Card-Dec-23-1024x535.png\" \/>\n\t<meta property=\"og:image:width\" content=\"1024\" \/>\n\t<meta property=\"og:image:height\" content=\"535\" \/>\n\t<meta property=\"og:image:type\" content=\"image\/png\" \/>\n<meta name=\"twitter:card\" content=\"summary_large_image\" \/>\n<meta name=\"twitter:site\" content=\"@johncornyn\" \/>\n<meta name=\"twitter:label1\" content=\"Est. reading time\" \/>\n\t<meta name=\"twitter:data1\" content=\"2 minutes\" \/>\n<script type=\"application\/ld+json\" class=\"yoast-schema-graph\">{\"@context\":\"https:\/\/schema.org\",\"@graph\":[{\"@type\":\"WebPage\",\"@id\":\"https:\/\/www.cornyn.senate.gov\/es-mx\/news\/cornyn-habla-de-las-protestas-en-los-campus-universitarios-y-aplaude-la-respuesta-de-ut-austin\/\",\"url\":\"https:\/\/www.cornyn.senate.gov\/es-mx\/news\/cornyn-habla-de-las-protestas-en-los-campus-universitarios-y-aplaude-la-respuesta-de-ut-austin\/\",\"name\":\"Cornyn habla de las protestas en los campus universitarios y aplaude la respuesta de UT Austin - Senator Cornyn\",\"isPartOf\":{\"@id\":\"https:\/\/www.cornyn.senate.gov\/es-mx\/#website\"},\"datePublished\":\"2024-04-30T22:25:59+00:00\",\"dateModified\":\"2024-07-11T17:37:34+00:00\",\"breadcrumb\":{\"@id\":\"https:\/\/www.cornyn.senate.gov\/es-mx\/news\/cornyn-habla-de-las-protestas-en-los-campus-universitarios-y-aplaude-la-respuesta-de-ut-austin\/#breadcrumb\"},\"inLanguage\":\"es-MX\",\"potentialAction\":[{\"@type\":\"ReadAction\",\"target\":[\"https:\/\/www.cornyn.senate.gov\/es-mx\/news\/cornyn-habla-de-las-protestas-en-los-campus-universitarios-y-aplaude-la-respuesta-de-ut-austin\/\"]}]},{\"@type\":\"BreadcrumbList\",\"@id\":\"https:\/\/www.cornyn.senate.gov\/es-mx\/news\/cornyn-habla-de-las-protestas-en-los-campus-universitarios-y-aplaude-la-respuesta-de-ut-austin\/#breadcrumb\",\"itemListElement\":[{\"@type\":\"ListItem\",\"position\":1,\"name\":\"Home\",\"item\":\"https:\/\/www.cornyn.senate.gov\/es-mx\/\"},{\"@type\":\"ListItem\",\"position\":2,\"name\":\"News\",\"item\":\"https:\/\/www.cornyn.senate.gov\/es-mx\/news\/\"},{\"@type\":\"ListItem\",\"position\":3,\"name\":\"Cornyn habla de las protestas en los campus universitarios y aplaude la respuesta de UT Austin\"}]},{\"@type\":\"WebSite\",\"@id\":\"https:\/\/www.cornyn.senate.gov\/es-mx\/#website\",\"url\":\"https:\/\/www.cornyn.senate.gov\/es-mx\/\",\"name\":\"Senator Cornyn\",\"description\":\"\",\"publisher\":{\"@id\":\"https:\/\/www.cornyn.senate.gov\/es-mx\/#organization\"},\"potentialAction\":[{\"@type\":\"SearchAction\",\"target\":{\"@type\":\"EntryPoint\",\"urlTemplate\":\"https:\/\/www.cornyn.senate.gov\/es-mx\/?s={search_term_string}\"},\"query-input\":{\"@type\":\"PropertyValueSpecification\",\"valueRequired\":true,\"valueName\":\"search_term_string\"}}],\"inLanguage\":\"es-MX\"},{\"@type\":\"Organization\",\"@id\":\"https:\/\/www.cornyn.senate.gov\/es-mx\/#organization\",\"name\":\"Senator Cornyn\",\"url\":\"https:\/\/www.cornyn.senate.gov\/es-mx\/\",\"logo\":{\"@type\":\"ImageObject\",\"inLanguage\":\"es-MX\",\"@id\":\"https:\/\/www.cornyn.senate.gov\/es-mx\/#\/schema\/logo\/image\/\",\"url\":\"https:\/\/www.cornyn.senate.gov\/wp-content\/uploads\/2022\/01\/Logo-2.svg\",\"contentUrl\":\"https:\/\/www.cornyn.senate.gov\/wp-content\/uploads\/2022\/01\/Logo-2.svg\",\"caption\":\"Senator Cornyn\"},\"image\":{\"@id\":\"https:\/\/www.cornyn.senate.gov\/es-mx\/#\/schema\/logo\/image\/\"},\"sameAs\":[\"https:\/\/www.facebook.com\/SenJohnCornyn\",\"https:\/\/x.com\/johncornyn\"]}]}<\/script>\n<!-- \/ Yoast SEO plugin. -->","yoast_head_json":{"title":"Cornyn habla de las protestas en los campus universitarios y aplaude la respuesta de UT Austin - Senator Cornyn","robots":{"index":"index","follow":"follow","max-snippet":"max-snippet:-1","max-image-preview":"max-image-preview:large","max-video-preview":"max-video-preview:-1"},"canonical":"https:\/\/www.cornyn.senate.gov\/es-mx\/news\/cornyn-habla-de-las-protestas-en-los-campus-universitarios-y-aplaude-la-respuesta-de-ut-austin\/","og_locale":"es_MX","og_type":"article","og_title":"Cornyn habla de las protestas en los campus universitarios y aplaude la respuesta de UT Austin - Senator Cornyn","og_description":"Noticias Hay una l\u00ednea clara entre protestar y amotinarse y una l\u00ednea a\u00fan m\u00e1s clara entre la libertad de expresi\u00f3n y la violencia. Me alegro de que la Universidad de Texas en Austin haya dejado claro que el antisemitismo no tiene cabida en su campus. El derecho a protestar es fundamental para nuestra democracia, pero&#8230; [&hellip;]","og_url":"https:\/\/www.cornyn.senate.gov\/es-mx\/news\/cornyn-habla-de-las-protestas-en-los-campus-universitarios-y-aplaude-la-respuesta-de-ut-austin\/","og_site_name":"Senator Cornyn","article_publisher":"https:\/\/www.facebook.com\/SenJohnCornyn","article_modified_time":"2024-07-11T17:37:34+00:00","og_image":[{"width":1024,"height":535,"url":"https:\/\/www.cornyn.senate.gov\/wp-content\/uploads\/2023\/11\/Twitter-Card-Dec-23-1024x535.png","type":"image\/png"}],"twitter_card":"summary_large_image","twitter_site":"@johncornyn","twitter_misc":{"Est. reading time":"2 minutes"},"schema":{"@context":"https:\/\/schema.org","@graph":[{"@type":"WebPage","@id":"https:\/\/www.cornyn.senate.gov\/es-mx\/news\/cornyn-habla-de-las-protestas-en-los-campus-universitarios-y-aplaude-la-respuesta-de-ut-austin\/","url":"https:\/\/www.cornyn.senate.gov\/es-mx\/news\/cornyn-habla-de-las-protestas-en-los-campus-universitarios-y-aplaude-la-respuesta-de-ut-austin\/","name":"Cornyn habla de las protestas en los campus universitarios y aplaude la respuesta de UT Austin - Senator Cornyn","isPartOf":{"@id":"https:\/\/www.cornyn.senate.gov\/es-mx\/#website"},"datePublished":"2024-04-30T22:25:59+00:00","dateModified":"2024-07-11T17:37:34+00:00","breadcrumb":{"@id":"https:\/\/www.cornyn.senate.gov\/es-mx\/news\/cornyn-habla-de-las-protestas-en-los-campus-universitarios-y-aplaude-la-respuesta-de-ut-austin\/#breadcrumb"},"inLanguage":"es-MX","potentialAction":[{"@type":"ReadAction","target":["https:\/\/www.cornyn.senate.gov\/es-mx\/news\/cornyn-habla-de-las-protestas-en-los-campus-universitarios-y-aplaude-la-respuesta-de-ut-austin\/"]}]},{"@type":"BreadcrumbList","@id":"https:\/\/www.cornyn.senate.gov\/es-mx\/news\/cornyn-habla-de-las-protestas-en-los-campus-universitarios-y-aplaude-la-respuesta-de-ut-austin\/#breadcrumb","itemListElement":[{"@type":"ListItem","position":1,"name":"Home","item":"https:\/\/www.cornyn.senate.gov\/es-mx\/"},{"@type":"ListItem","position":2,"name":"News","item":"https:\/\/www.cornyn.senate.gov\/es-mx\/news\/"},{"@type":"ListItem","position":3,"name":"Cornyn habla de las protestas en los campus universitarios y aplaude la respuesta de UT Austin"}]},{"@type":"WebSite","@id":"https:\/\/www.cornyn.senate.gov\/es-mx\/#website","url":"https:\/\/www.cornyn.senate.gov\/es-mx\/","name":"Senator Cornyn","description":"","publisher":{"@id":"https:\/\/www.cornyn.senate.gov\/es-mx\/#organization"},"potentialAction":[{"@type":"SearchAction","target":{"@type":"EntryPoint","urlTemplate":"https:\/\/www.cornyn.senate.gov\/es-mx\/?s={search_term_string}"},"query-input":{"@type":"PropertyValueSpecification","valueRequired":true,"valueName":"search_term_string"}}],"inLanguage":"es-MX"},{"@type":"Organization","@id":"https:\/\/www.cornyn.senate.gov\/es-mx\/#organization","name":"Senator Cornyn","url":"https:\/\/www.cornyn.senate.gov\/es-mx\/","logo":{"@type":"ImageObject","inLanguage":"es-MX","@id":"https:\/\/www.cornyn.senate.gov\/es-mx\/#\/schema\/logo\/image\/","url":"https:\/\/www.cornyn.senate.gov\/wp-content\/uploads\/2022\/01\/Logo-2.svg","contentUrl":"https:\/\/www.cornyn.senate.gov\/wp-content\/uploads\/2022\/01\/Logo-2.svg","caption":"Senator Cornyn"},"image":{"@id":"https:\/\/www.cornyn.senate.gov\/es-mx\/#\/schema\/logo\/image\/"},"sameAs":["https:\/\/www.facebook.com\/SenJohnCornyn","https:\/\/x.com\/johncornyn"]}]}},"_links":{"self":[{"href":"https:\/\/www.cornyn.senate.gov\/es-mx\/wp-json\/wp\/v2\/news\/45610","targetHints":{"allow":["GET"]}}],"collection":[{"href":"https:\/\/www.cornyn.senate.gov\/es-mx\/wp-json\/wp\/v2\/news"}],"about":[{"href":"https:\/\/www.cornyn.senate.gov\/es-mx\/wp-json\/wp\/v2\/types\/news"}],"author":[{"embeddable":true,"href":"https:\/\/www.cornyn.senate.gov\/es-mx\/wp-json\/wp\/v2\/users\/20"}],"version-history":[{"count":1,"href":"https:\/\/www.cornyn.senate.gov\/es-mx\/wp-json\/wp\/v2\/news\/45610\/revisions"}],"predecessor-version":[{"id":45612,"href":"https:\/\/www.cornyn.senate.gov\/es-mx\/wp-json\/wp\/v2\/news\/45610\/revisions\/45612"}],"wp:attachment":[{"href":"https:\/\/www.cornyn.senate.gov\/es-mx\/wp-json\/wp\/v2\/media?parent=45610"}],"wp:term":[{"taxonomy":"news-type","embeddable":true,"href":"https:\/\/www.cornyn.senate.gov\/es-mx\/wp-json\/wp\/v2\/news-type?post=45610"},{"taxonomy":"issues","embeddable":true,"href":"https:\/\/www.cornyn.senate.gov\/es-mx\/wp-json\/wp\/v2\/issues?post=45610"}],"curies":[{"name":"wp","href":"https:\/\/api.w.org\/{rel}","templated":true}]}}