{"id":45654,"date":"2024-05-01T17:57:38","date_gmt":"2024-05-01T21:57:38","guid":{"rendered":"https:\/\/www.cornyn.senate.gov\/?post_type=news&#038;p=45654"},"modified":"2024-07-11T13:37:33","modified_gmt":"2024-07-11T17:37:33","slug":"video-cornyn-arremete-contra-biden-por-el-fiasco-de-la-fafsa-el-dia-de-la-decision-universitaria","status":"publish","type":"news","link":"https:\/\/www.cornyn.senate.gov\/es-mx\/news\/video-cornyn-arremete-contra-biden-por-el-fiasco-de-la-fafsa-el-dia-de-la-decision-universitaria\/","title":{"rendered":"VIDEO: Cornyn arremete contra Biden por el fiasco de la FAFSA el d\u00eda de la decisi\u00f3n universitaria"},"content":{"rendered":"\t\t<div data-elementor-type=\"wp-post\" data-elementor-id=\"45654\" class=\"elementor elementor-45654 elementor-45638\" data-elementor-post-type=\"news\">\n\t\t\t\t\t\t<section class=\"elementor-section elementor-top-section elementor-element elementor-element-2e271c06 elementor-section-boxed elementor-section-height-default elementor-section-height-default\" data-id=\"2e271c06\" data-element_type=\"section\" data-e-type=\"section\">\n\t\t\t\t\t\t<div class=\"elementor-container elementor-column-gap-default\">\n\t\t\t\t\t<div class=\"elementor-column elementor-col-100 elementor-top-column elementor-element elementor-element-2e42d9b2\" data-id=\"2e42d9b2\" data-element_type=\"column\" data-e-type=\"column\">\n\t\t\t<div class=\"elementor-widget-wrap elementor-element-populated\">\n\t\t\t\t\t\t<section class=\"elementor-section elementor-inner-section elementor-element elementor-element-5034a0da elementor-section-boxed elementor-section-height-default elementor-section-height-default\" data-id=\"5034a0da\" data-element_type=\"section\" data-e-type=\"section\">\n\t\t\t\t\t\t<div class=\"elementor-container elementor-column-gap-default\">\n\t\t\t\t\t<div class=\"elementor-column elementor-col-50 elementor-inner-column elementor-element elementor-element-5a3ca8d1\" data-id=\"5a3ca8d1\" data-element_type=\"column\" data-e-type=\"column\">\n\t\t\t<div class=\"elementor-widget-wrap elementor-element-populated\">\n\t\t\t\t\t\t<div class=\"elementor-element elementor-element-7b12f814 breadcrumb--back elementor-widget elementor-widget-button\" data-id=\"7b12f814\" data-element_type=\"widget\" data-e-type=\"widget\" data-widget_type=\"button.default\">\n\t\t\t\t<div class=\"elementor-widget-container\">\n\t\t\t\t\t\t\t\t\t<div class=\"elementor-button-wrapper\">\n\t\t\t\t\t<a class=\"elementor-button elementor-button-link elementor-size-sm\" href=\"\/noticias\/\">\n\t\t\t\t\t\t<span class=\"elementor-button-content-wrapper\">\n\t\t\t\t\t\t<span class=\"elementor-button-icon\">\n\t\t\t\t<i aria-hidden=\"true\" class=\"icon icon-arrow-left\"><\/i>\t\t\t<\/span>\n\t\t\t\t\t\t\t\t\t<span class=\"elementor-button-text\">Noticias<\/span>\n\t\t\t\t\t<\/span>\n\t\t\t\t\t<\/a>\n\t\t\t\t<\/div>\n\t\t\t\t\t\t\t\t<\/div>\n\t\t\t\t<\/div>\n\t\t\t\t\t<\/div>\n\t\t<\/div>\n\t\t\t\t<div class=\"elementor-column elementor-col-50 elementor-inner-column elementor-element elementor-element-30703cd1 content-page__content\" data-id=\"30703cd1\" data-element_type=\"column\" data-e-type=\"column\">\n\t\t\t<div class=\"elementor-widget-wrap elementor-element-populated\">\n\t\t\t\t\t\t<div class=\"elementor-element elementor-element-72668512 elementor-widget elementor-widget-theme-post-title elementor-page-title elementor-widget-heading\" data-id=\"72668512\" data-element_type=\"widget\" data-e-type=\"widget\" data-widget_type=\"theme-post-title.default\">\n\t\t\t\t<div class=\"elementor-widget-container\">\n\t\t\t\t\t<h1 class=\"elementor-heading-title elementor-size-default\">VIDEO: Cornyn arremete contra Biden por el fiasco de la FAFSA el d\u00eda de la decisi\u00f3n universitaria<\/h1>\t\t\t\t<\/div>\n\t\t\t\t<\/div>\n\t\t\t\t<div class=\"elementor-element elementor-element-146127a6 elementor-widget-divider--view-line elementor-widget elementor-widget-divider\" data-id=\"146127a6\" data-element_type=\"widget\" data-e-type=\"widget\" data-widget_type=\"divider.default\">\n\t\t\t\t<div class=\"elementor-widget-container\">\n\t\t\t\t\t\t\t<div class=\"elementor-divider\">\n\t\t\t<span class=\"elementor-divider-separator\">\n\t\t\t\t\t\t<\/span>\n\t\t<\/div>\n\t\t\t\t\t\t<\/div>\n\t\t\t\t<\/div>\n\t\t\t\t<div class=\"elementor-element elementor-element-62c7dff6 elementor-widget__width-initial elementor-widget-mobile__width-inherit elementor-widget elementor-widget-text-editor\" data-id=\"62c7dff6\" data-element_type=\"widget\" data-e-type=\"widget\" data-widget_type=\"text-editor.default\">\n\t\t\t\t<div class=\"elementor-widget-container\">\n\t\t\t\t\t\t\t\t\tMay 1, 2024\t\t\t\t\t\t\t\t<\/div>\n\t\t\t\t<\/div>\n\t\t\t\t<div class=\"elementor-element elementor-element-3f49d136 elementor-share-buttons--view-icon elementor-share-buttons--skin-flat elementor-share-buttons--shape-circle elementor-share-buttons--color-custom share-buttons elementor-widget__width-initial elementor-widget-mobile__width-inherit elementor-grid-0 elementor-widget elementor-widget-share-buttons\" data-id=\"3f49d136\" data-element_type=\"widget\" data-e-type=\"widget\" title=\"Share\" data-widget_type=\"share-buttons.default\">\n\t\t\t\t<div class=\"elementor-widget-container\">\n\t\t\t\t\t\t\t<div class=\"elementor-grid\" role=\"list\">\n\t\t\t\t\t\t\t\t<div class=\"elementor-grid-item\" role=\"listitem\">\n\t\t\t\t\t\t<div class=\"elementor-share-btn elementor-share-btn_email\" role=\"button\" tabindex=\"0\" aria-label=\"Share on email\">\n\t\t\t\t\t\t\t\t\t\t\t\t\t\t\t<span class=\"elementor-share-btn__icon\">\n\t\t\t\t\t\t\t\t<i class=\"fas fa-envelope\" aria-hidden=\"true\"><\/i>\t\t\t\t\t\t\t<\/span>\n\t\t\t\t\t\t\t\t\t\t\t\t\t\t\t\t\t\t\t\t<\/div>\n\t\t\t\t\t<\/div>\n\t\t\t\t\t\t\t\t\t<div class=\"elementor-grid-item\" role=\"listitem\">\n\t\t\t\t\t\t<div class=\"elementor-share-btn elementor-share-btn_linkedin\" role=\"button\" tabindex=\"0\" aria-label=\"Share on linkedin\">\n\t\t\t\t\t\t\t\t\t\t\t\t\t\t\t<span class=\"elementor-share-btn__icon\">\n\t\t\t\t\t\t\t\t<i class=\"fab fa-linkedin\" aria-hidden=\"true\"><\/i>\t\t\t\t\t\t\t<\/span>\n\t\t\t\t\t\t\t\t\t\t\t\t\t\t\t\t\t\t\t\t<\/div>\n\t\t\t\t\t<\/div>\n\t\t\t\t\t\t\t\t\t<div class=\"elementor-grid-item\" role=\"listitem\">\n\t\t\t\t\t\t<div class=\"elementor-share-btn elementor-share-btn_facebook\" role=\"button\" tabindex=\"0\" aria-label=\"Share on facebook\">\n\t\t\t\t\t\t\t\t\t\t\t\t\t\t\t<span class=\"elementor-share-btn__icon\">\n\t\t\t\t\t\t\t\t<i class=\"fab fa-facebook\" aria-hidden=\"true\"><\/i>\t\t\t\t\t\t\t<\/span>\n\t\t\t\t\t\t\t\t\t\t\t\t\t\t\t\t\t\t\t\t<\/div>\n\t\t\t\t\t<\/div>\n\t\t\t\t\t\t<\/div>\n\t\t\t\t\t\t<\/div>\n\t\t\t\t<\/div>\n\t\t\t\t<div class=\"elementor-element elementor-element-139f02c6 elementor-blockquote--skin-boxed elementor-widget elementor-widget-blockquote\" data-id=\"139f02c6\" data-element_type=\"widget\" data-e-type=\"widget\" data-widget_type=\"blockquote.default\">\n\t\t\t\t<div class=\"elementor-widget-container\">\n\t\t\t\t\t\t\t<blockquote class=\"elementor-blockquote\">\n\t\t\t<p class=\"elementor-blockquote__content\">\n\t\t\t\tEl Departamento de Educaci\u00f3n de Biden afirma que s\u00f3lo las solicitudes de FAFSA de los estudiantes de Texas han descendido m\u00e1s de un 40%.\n<br><br>\nPor desgracia, parece que el gobierno de Biden ha estado tan ocupado buscando formas de condonar o borrar la deuda estudiantil existente que no ha ayudado a los futuros y actuales estudiantes universitarios.\n<br><br>\nLos estudiantes de Texas, y de todo el pa\u00eds, y el pueblo estadounidense en general merecen una explicaci\u00f3n completa de c\u00f3mo hemos llegado a este desastre.\t\t\t<\/p>\n\t\t\t\t\t<\/blockquote>\n\t\t\t\t\t\t<\/div>\n\t\t\t\t<\/div>\n\t\t\t\t<div class=\"elementor-element elementor-element-48dc1bb4 elementor-widget elementor-widget-text-editor\" data-id=\"48dc1bb4\" data-element_type=\"widget\" data-e-type=\"widget\" data-widget_type=\"text-editor.default\">\n\t\t\t\t<div class=\"elementor-widget-container\">\n\t\t\t\t\t\t\t\t\t<p><strong>WASHINGTON<\/strong> &#8211; Hoy, el senador John Cornyn (republicano de Texas) ha arremetido contra la administraci\u00f3n Biden por su chapucera puesta en marcha del nuevo proceso de Solicitud Gratuita de Ayuda Federal para Estudiantes (FAFSA), que se ha retrasado durante meses, ha dificultado la capacidad de los estudiantes de \u00faltimo curso de secundaria para planificar y costearse la universidad, y ha provocado un aumento de m\u00e1s de 1.000 millones de euros en los gastos universitarios. Descenso del <a href=\"https:\/\/www.dallasnews.com\/news\/education\/2024\/04\/18\/worse-than-covid-41-fewer-texas-students-completed-fafsa-this-year\/\">40%<\/a> en el n\u00famero de env\u00edos de estudiantes de secundaria de Texas. A continuaci\u00f3n se ofrecen extractos de las declaraciones del Senador Cornyn, y <a href=\"https:\/\/youtu.be\/-y6FvWbgrmo\">aqu\u00ed<\/a> puede verse el v\u00eddeo. <\/p>\n<p><em>&#8220;A pesar de que hoy es el D\u00eda de la Decisi\u00f3n Universitaria, muchos estudiantes de Texas y otros estudiantes de todo el pa\u00eds siguen esperando sus paquetes de ayuda econ\u00f3mica. Deber\u00edan haber tenido esta informaci\u00f3n hace semanas, incluso meses&#8221;.<\/em><\/p>\n<p><em>&#8220;La culpa no es de los estudiantes ni de las universidades, sino de la administraci\u00f3n, que este a\u00f1o ha hecho una chapuza total con el proceso FAFSA&#8221;.<\/em><\/p>\n<p><em>&#8220;La FAFSA suele estar disponible el 1 de octubre. En este ciclo, no estuvo disponible hasta finales de diciembre, con casi tres meses de retraso. Pero una vez puesta en marcha, los problemas no hab\u00edan hecho m\u00e1s que empezar. Los solicitantes informaron de ca\u00eddas del sitio web, errores del sistema y largos plazos de tramitaci\u00f3n&#8221;.<\/em><\/p>\n<p><em>&#8220;El Departamento de Educaci\u00f3n de Biden dice que s\u00f3lo las solicitudes de FAFSA de los estudiantes de Texas han descendido m\u00e1s de un 40% -40%- con respecto al a\u00f1o pasado. Esto es un esc\u00e1ndalo&#8221;.<\/em><\/p>\n<p><em>&#8220;Los costes pueden variar significativamente de una universidad a otra, por lo que, sin una oferta de ayuda econ\u00f3mica, es imposible entender c\u00f3mo encajar el puzzle para averiguar si te resulta factible asistir a una universidad concreta&#8221;.<\/em><\/p>\n<p><em>&#8220;Los efectos del fiasco de la FAFSA no s\u00f3lo afectan a los estudiantes, sino tambi\u00e9n a las universidades de todo el pa\u00eds. El mes pasado, me reun\u00ed con varios l\u00edderes de colegios y universidades de Texas&#8230; est\u00e1n absolutamente indignados por el mal manejo de la FAFSA por parte de la administraci\u00f3n Biden&#8221;.<\/em><\/p>\n<p><em>&#8220;Por desgracia, parece que el gobierno de Biden ha estado tan ocupado buscando formas de condonar o borrar la deuda estudiantil existente que no ayud\u00f3 a los futuros y actuales estudiantes universitarios&#8221;.<\/em><\/p>\n<p><em>&#8220;Los estudiantes de Texas, y los estudiantes de todo el pa\u00eds, y el pueblo estadounidense en general merecen una explicaci\u00f3n completa sobre c\u00f3mo hemos acabado en este l\u00edo, y seguiremos luchando por las respuestas y la rendici\u00f3n de cuentas hasta que obtengamos esas respuestas.&#8221; <\/em><\/p>\n\t\t\t\t\t\t\t\t<\/div>\n\t\t\t\t<\/div>\n\t\t\t\t\t<\/div>\n\t\t<\/div>\n\t\t\t\t\t<\/div>\n\t\t<\/section>\n\t\t\t\t\t<\/div>\n\t\t<\/div>\n\t\t\t\t\t<\/div>\n\t\t<\/section>\n\t\t\t\t<\/div>\n\t\t","protected":false},"author":20,"template":"","news-type":[161],"issues":[175],"class_list":["post-45654","news","type-news","status-publish","hentry","news-type-press-releases-es-mx","issues-education-es-mx"],"acf":[],"yoast_head":"<!-- This site is optimized with the Yoast SEO plugin v27.2 - https:\/\/yoast.com\/product\/yoast-seo-wordpress\/ -->\n<title>VIDEO: Cornyn arremete contra Biden por el fiasco de la FAFSA el d\u00eda de la decisi\u00f3n universitaria - Senator Cornyn<\/title>\n<meta name=\"robots\" content=\"index, follow, max-snippet:-1, max-image-preview:large, max-video-preview:-1\" \/>\n<link rel=\"canonical\" href=\"https:\/\/www.cornyn.senate.gov\/es-mx\/news\/video-cornyn-arremete-contra-biden-por-el-fiasco-de-la-fafsa-el-dia-de-la-decision-universitaria\/\" \/>\n<meta property=\"og:locale\" content=\"es_MX\" \/>\n<meta property=\"og:type\" content=\"article\" \/>\n<meta property=\"og:title\" content=\"VIDEO: Cornyn arremete contra Biden por el fiasco de la FAFSA el d\u00eda de la decisi\u00f3n universitaria - Senator Cornyn\" \/>\n<meta property=\"og:description\" content=\"Noticias El Departamento de Educaci\u00f3n de Biden afirma que s\u00f3lo las solicitudes de FAFSA de los estudiantes de Texas han descendido m\u00e1s de un 40%. Por desgracia, parece que el gobierno de Biden ha estado tan ocupado buscando formas de condonar o borrar la deuda estudiantil existente que no ha ayudado a los futuros y [&hellip;]\" \/>\n<meta property=\"og:url\" content=\"https:\/\/www.cornyn.senate.gov\/es-mx\/news\/video-cornyn-arremete-contra-biden-por-el-fiasco-de-la-fafsa-el-dia-de-la-decision-universitaria\/\" \/>\n<meta property=\"og:site_name\" content=\"Senator Cornyn\" \/>\n<meta property=\"article:publisher\" content=\"https:\/\/www.facebook.com\/SenJohnCornyn\" \/>\n<meta property=\"article:modified_time\" content=\"2024-07-11T17:37:33+00:00\" \/>\n<meta property=\"og:image\" content=\"https:\/\/www.cornyn.senate.gov\/wp-content\/uploads\/2023\/11\/Twitter-Card-Dec-23-1024x535.png\" \/>\n\t<meta property=\"og:image:width\" content=\"1024\" \/>\n\t<meta property=\"og:image:height\" content=\"535\" \/>\n\t<meta property=\"og:image:type\" content=\"image\/png\" \/>\n<meta name=\"twitter:card\" content=\"summary_large_image\" \/>\n<meta name=\"twitter:site\" content=\"@johncornyn\" \/>\n<meta name=\"twitter:label1\" content=\"Est. reading time\" \/>\n\t<meta name=\"twitter:data1\" content=\"3 minutes\" \/>\n<script type=\"application\/ld+json\" class=\"yoast-schema-graph\">{\"@context\":\"https:\/\/schema.org\",\"@graph\":[{\"@type\":\"WebPage\",\"@id\":\"https:\/\/www.cornyn.senate.gov\/es-mx\/news\/video-cornyn-arremete-contra-biden-por-el-fiasco-de-la-fafsa-el-dia-de-la-decision-universitaria\/\",\"url\":\"https:\/\/www.cornyn.senate.gov\/es-mx\/news\/video-cornyn-arremete-contra-biden-por-el-fiasco-de-la-fafsa-el-dia-de-la-decision-universitaria\/\",\"name\":\"VIDEO: Cornyn arremete contra Biden por el fiasco de la FAFSA el d\u00eda de la decisi\u00f3n universitaria - Senator Cornyn\",\"isPartOf\":{\"@id\":\"https:\/\/www.cornyn.senate.gov\/es-mx\/#website\"},\"datePublished\":\"2024-05-01T21:57:38+00:00\",\"dateModified\":\"2024-07-11T17:37:33+00:00\",\"breadcrumb\":{\"@id\":\"https:\/\/www.cornyn.senate.gov\/es-mx\/news\/video-cornyn-arremete-contra-biden-por-el-fiasco-de-la-fafsa-el-dia-de-la-decision-universitaria\/#breadcrumb\"},\"inLanguage\":\"es-MX\",\"potentialAction\":[{\"@type\":\"ReadAction\",\"target\":[\"https:\/\/www.cornyn.senate.gov\/es-mx\/news\/video-cornyn-arremete-contra-biden-por-el-fiasco-de-la-fafsa-el-dia-de-la-decision-universitaria\/\"]}]},{\"@type\":\"BreadcrumbList\",\"@id\":\"https:\/\/www.cornyn.senate.gov\/es-mx\/news\/video-cornyn-arremete-contra-biden-por-el-fiasco-de-la-fafsa-el-dia-de-la-decision-universitaria\/#breadcrumb\",\"itemListElement\":[{\"@type\":\"ListItem\",\"position\":1,\"name\":\"Home\",\"item\":\"https:\/\/www.cornyn.senate.gov\/es-mx\/\"},{\"@type\":\"ListItem\",\"position\":2,\"name\":\"News\",\"item\":\"https:\/\/www.cornyn.senate.gov\/es-mx\/news\/\"},{\"@type\":\"ListItem\",\"position\":3,\"name\":\"VIDEO: Cornyn arremete contra Biden por el fiasco de la FAFSA el d\u00eda de la decisi\u00f3n universitaria\"}]},{\"@type\":\"WebSite\",\"@id\":\"https:\/\/www.cornyn.senate.gov\/es-mx\/#website\",\"url\":\"https:\/\/www.cornyn.senate.gov\/es-mx\/\",\"name\":\"Senator Cornyn\",\"description\":\"\",\"publisher\":{\"@id\":\"https:\/\/www.cornyn.senate.gov\/es-mx\/#organization\"},\"potentialAction\":[{\"@type\":\"SearchAction\",\"target\":{\"@type\":\"EntryPoint\",\"urlTemplate\":\"https:\/\/www.cornyn.senate.gov\/es-mx\/?s={search_term_string}\"},\"query-input\":{\"@type\":\"PropertyValueSpecification\",\"valueRequired\":true,\"valueName\":\"search_term_string\"}}],\"inLanguage\":\"es-MX\"},{\"@type\":\"Organization\",\"@id\":\"https:\/\/www.cornyn.senate.gov\/es-mx\/#organization\",\"name\":\"Senator Cornyn\",\"url\":\"https:\/\/www.cornyn.senate.gov\/es-mx\/\",\"logo\":{\"@type\":\"ImageObject\",\"inLanguage\":\"es-MX\",\"@id\":\"https:\/\/www.cornyn.senate.gov\/es-mx\/#\/schema\/logo\/image\/\",\"url\":\"https:\/\/www.cornyn.senate.gov\/wp-content\/uploads\/2022\/01\/Logo-2.svg\",\"contentUrl\":\"https:\/\/www.cornyn.senate.gov\/wp-content\/uploads\/2022\/01\/Logo-2.svg\",\"caption\":\"Senator Cornyn\"},\"image\":{\"@id\":\"https:\/\/www.cornyn.senate.gov\/es-mx\/#\/schema\/logo\/image\/\"},\"sameAs\":[\"https:\/\/www.facebook.com\/SenJohnCornyn\",\"https:\/\/x.com\/johncornyn\"]}]}<\/script>\n<!-- \/ Yoast SEO plugin. -->","yoast_head_json":{"title":"VIDEO: Cornyn arremete contra Biden por el fiasco de la FAFSA el d\u00eda de la decisi\u00f3n universitaria - Senator Cornyn","robots":{"index":"index","follow":"follow","max-snippet":"max-snippet:-1","max-image-preview":"max-image-preview:large","max-video-preview":"max-video-preview:-1"},"canonical":"https:\/\/www.cornyn.senate.gov\/es-mx\/news\/video-cornyn-arremete-contra-biden-por-el-fiasco-de-la-fafsa-el-dia-de-la-decision-universitaria\/","og_locale":"es_MX","og_type":"article","og_title":"VIDEO: Cornyn arremete contra Biden por el fiasco de la FAFSA el d\u00eda de la decisi\u00f3n universitaria - Senator Cornyn","og_description":"Noticias El Departamento de Educaci\u00f3n de Biden afirma que s\u00f3lo las solicitudes de FAFSA de los estudiantes de Texas han descendido m\u00e1s de un 40%. Por desgracia, parece que el gobierno de Biden ha estado tan ocupado buscando formas de condonar o borrar la deuda estudiantil existente que no ha ayudado a los futuros y [&hellip;]","og_url":"https:\/\/www.cornyn.senate.gov\/es-mx\/news\/video-cornyn-arremete-contra-biden-por-el-fiasco-de-la-fafsa-el-dia-de-la-decision-universitaria\/","og_site_name":"Senator Cornyn","article_publisher":"https:\/\/www.facebook.com\/SenJohnCornyn","article_modified_time":"2024-07-11T17:37:33+00:00","og_image":[{"width":1024,"height":535,"url":"https:\/\/www.cornyn.senate.gov\/wp-content\/uploads\/2023\/11\/Twitter-Card-Dec-23-1024x535.png","type":"image\/png"}],"twitter_card":"summary_large_image","twitter_site":"@johncornyn","twitter_misc":{"Est. reading time":"3 minutes"},"schema":{"@context":"https:\/\/schema.org","@graph":[{"@type":"WebPage","@id":"https:\/\/www.cornyn.senate.gov\/es-mx\/news\/video-cornyn-arremete-contra-biden-por-el-fiasco-de-la-fafsa-el-dia-de-la-decision-universitaria\/","url":"https:\/\/www.cornyn.senate.gov\/es-mx\/news\/video-cornyn-arremete-contra-biden-por-el-fiasco-de-la-fafsa-el-dia-de-la-decision-universitaria\/","name":"VIDEO: Cornyn arremete contra Biden por el fiasco de la FAFSA el d\u00eda de la decisi\u00f3n universitaria - Senator Cornyn","isPartOf":{"@id":"https:\/\/www.cornyn.senate.gov\/es-mx\/#website"},"datePublished":"2024-05-01T21:57:38+00:00","dateModified":"2024-07-11T17:37:33+00:00","breadcrumb":{"@id":"https:\/\/www.cornyn.senate.gov\/es-mx\/news\/video-cornyn-arremete-contra-biden-por-el-fiasco-de-la-fafsa-el-dia-de-la-decision-universitaria\/#breadcrumb"},"inLanguage":"es-MX","potentialAction":[{"@type":"ReadAction","target":["https:\/\/www.cornyn.senate.gov\/es-mx\/news\/video-cornyn-arremete-contra-biden-por-el-fiasco-de-la-fafsa-el-dia-de-la-decision-universitaria\/"]}]},{"@type":"BreadcrumbList","@id":"https:\/\/www.cornyn.senate.gov\/es-mx\/news\/video-cornyn-arremete-contra-biden-por-el-fiasco-de-la-fafsa-el-dia-de-la-decision-universitaria\/#breadcrumb","itemListElement":[{"@type":"ListItem","position":1,"name":"Home","item":"https:\/\/www.cornyn.senate.gov\/es-mx\/"},{"@type":"ListItem","position":2,"name":"News","item":"https:\/\/www.cornyn.senate.gov\/es-mx\/news\/"},{"@type":"ListItem","position":3,"name":"VIDEO: Cornyn arremete contra Biden por el fiasco de la FAFSA el d\u00eda de la decisi\u00f3n universitaria"}]},{"@type":"WebSite","@id":"https:\/\/www.cornyn.senate.gov\/es-mx\/#website","url":"https:\/\/www.cornyn.senate.gov\/es-mx\/","name":"Senator Cornyn","description":"","publisher":{"@id":"https:\/\/www.cornyn.senate.gov\/es-mx\/#organization"},"potentialAction":[{"@type":"SearchAction","target":{"@type":"EntryPoint","urlTemplate":"https:\/\/www.cornyn.senate.gov\/es-mx\/?s={search_term_string}"},"query-input":{"@type":"PropertyValueSpecification","valueRequired":true,"valueName":"search_term_string"}}],"inLanguage":"es-MX"},{"@type":"Organization","@id":"https:\/\/www.cornyn.senate.gov\/es-mx\/#organization","name":"Senator Cornyn","url":"https:\/\/www.cornyn.senate.gov\/es-mx\/","logo":{"@type":"ImageObject","inLanguage":"es-MX","@id":"https:\/\/www.cornyn.senate.gov\/es-mx\/#\/schema\/logo\/image\/","url":"https:\/\/www.cornyn.senate.gov\/wp-content\/uploads\/2022\/01\/Logo-2.svg","contentUrl":"https:\/\/www.cornyn.senate.gov\/wp-content\/uploads\/2022\/01\/Logo-2.svg","caption":"Senator Cornyn"},"image":{"@id":"https:\/\/www.cornyn.senate.gov\/es-mx\/#\/schema\/logo\/image\/"},"sameAs":["https:\/\/www.facebook.com\/SenJohnCornyn","https:\/\/x.com\/johncornyn"]}]}},"_links":{"self":[{"href":"https:\/\/www.cornyn.senate.gov\/es-mx\/wp-json\/wp\/v2\/news\/45654","targetHints":{"allow":["GET"]}}],"collection":[{"href":"https:\/\/www.cornyn.senate.gov\/es-mx\/wp-json\/wp\/v2\/news"}],"about":[{"href":"https:\/\/www.cornyn.senate.gov\/es-mx\/wp-json\/wp\/v2\/types\/news"}],"author":[{"embeddable":true,"href":"https:\/\/www.cornyn.senate.gov\/es-mx\/wp-json\/wp\/v2\/users\/20"}],"version-history":[{"count":1,"href":"https:\/\/www.cornyn.senate.gov\/es-mx\/wp-json\/wp\/v2\/news\/45654\/revisions"}],"predecessor-version":[{"id":45656,"href":"https:\/\/www.cornyn.senate.gov\/es-mx\/wp-json\/wp\/v2\/news\/45654\/revisions\/45656"}],"wp:attachment":[{"href":"https:\/\/www.cornyn.senate.gov\/es-mx\/wp-json\/wp\/v2\/media?parent=45654"}],"wp:term":[{"taxonomy":"news-type","embeddable":true,"href":"https:\/\/www.cornyn.senate.gov\/es-mx\/wp-json\/wp\/v2\/news-type?post=45654"},{"taxonomy":"issues","embeddable":true,"href":"https:\/\/www.cornyn.senate.gov\/es-mx\/wp-json\/wp\/v2\/issues?post=45654"}],"curies":[{"name":"wp","href":"https:\/\/api.w.org\/{rel}","templated":true}]}}