{"id":45930,"date":"2024-05-14T17:22:54","date_gmt":"2024-05-14T21:22:54","guid":{"rendered":"https:\/\/www.cornyn.senate.gov\/?post_type=news&#038;p=45930"},"modified":"2024-07-11T13:37:05","modified_gmt":"2024-07-11T17:37:05","slug":"video-cornyn-critica-a-biden-por-dar-la-espalda-a-israel","status":"publish","type":"news","link":"https:\/\/www.cornyn.senate.gov\/es-mx\/news\/video-cornyn-critica-a-biden-por-dar-la-espalda-a-israel\/","title":{"rendered":"VIDEO: Cornyn critica a Biden por dar la espalda a Israel"},"content":{"rendered":"\t\t<div data-elementor-type=\"wp-post\" data-elementor-id=\"45930\" class=\"elementor elementor-45930 elementor-45914\" data-elementor-post-type=\"news\">\n\t\t\t\t\t\t<section class=\"elementor-section elementor-top-section elementor-element elementor-element-f1c55 elementor-section-boxed elementor-section-height-default elementor-section-height-default\" data-id=\"f1c55\" data-element_type=\"section\" data-e-type=\"section\">\n\t\t\t\t\t\t<div class=\"elementor-container elementor-column-gap-default\">\n\t\t\t\t\t<div class=\"elementor-column elementor-col-100 elementor-top-column elementor-element elementor-element-45604995\" data-id=\"45604995\" data-element_type=\"column\" data-e-type=\"column\">\n\t\t\t<div class=\"elementor-widget-wrap elementor-element-populated\">\n\t\t\t\t\t\t<section class=\"elementor-section elementor-inner-section elementor-element elementor-element-557ddc9f elementor-section-boxed elementor-section-height-default elementor-section-height-default\" data-id=\"557ddc9f\" data-element_type=\"section\" data-e-type=\"section\">\n\t\t\t\t\t\t<div class=\"elementor-container elementor-column-gap-default\">\n\t\t\t\t\t<div class=\"elementor-column elementor-col-50 elementor-inner-column elementor-element elementor-element-5aeb4b31\" data-id=\"5aeb4b31\" data-element_type=\"column\" data-e-type=\"column\">\n\t\t\t<div class=\"elementor-widget-wrap elementor-element-populated\">\n\t\t\t\t\t\t<div class=\"elementor-element elementor-element-2b98b48d breadcrumb--back elementor-widget elementor-widget-button\" data-id=\"2b98b48d\" data-element_type=\"widget\" data-e-type=\"widget\" data-widget_type=\"button.default\">\n\t\t\t\t<div class=\"elementor-widget-container\">\n\t\t\t\t\t\t\t\t\t<div class=\"elementor-button-wrapper\">\n\t\t\t\t\t<a class=\"elementor-button elementor-button-link elementor-size-sm\" href=\"\/noticias\/\">\n\t\t\t\t\t\t<span class=\"elementor-button-content-wrapper\">\n\t\t\t\t\t\t<span class=\"elementor-button-icon\">\n\t\t\t\t<i aria-hidden=\"true\" class=\"icon icon-arrow-left\"><\/i>\t\t\t<\/span>\n\t\t\t\t\t\t\t\t\t<span class=\"elementor-button-text\">Noticias<\/span>\n\t\t\t\t\t<\/span>\n\t\t\t\t\t<\/a>\n\t\t\t\t<\/div>\n\t\t\t\t\t\t\t\t<\/div>\n\t\t\t\t<\/div>\n\t\t\t\t\t<\/div>\n\t\t<\/div>\n\t\t\t\t<div class=\"elementor-column elementor-col-50 elementor-inner-column elementor-element elementor-element-3cf365f content-page__content\" data-id=\"3cf365f\" data-element_type=\"column\" data-e-type=\"column\">\n\t\t\t<div class=\"elementor-widget-wrap elementor-element-populated\">\n\t\t\t\t\t\t<div class=\"elementor-element elementor-element-49dd7b0c elementor-widget elementor-widget-theme-post-title elementor-page-title elementor-widget-heading\" data-id=\"49dd7b0c\" data-element_type=\"widget\" data-e-type=\"widget\" data-widget_type=\"theme-post-title.default\">\n\t\t\t\t<div class=\"elementor-widget-container\">\n\t\t\t\t\t<h1 class=\"elementor-heading-title elementor-size-default\">VIDEO: Cornyn critica a Biden por dar la espalda a Israel<\/h1>\t\t\t\t<\/div>\n\t\t\t\t<\/div>\n\t\t\t\t<div class=\"elementor-element elementor-element-22d1b0fe elementor-widget-divider--view-line elementor-widget elementor-widget-divider\" data-id=\"22d1b0fe\" data-element_type=\"widget\" data-e-type=\"widget\" data-widget_type=\"divider.default\">\n\t\t\t\t<div class=\"elementor-widget-container\">\n\t\t\t\t\t\t\t<div class=\"elementor-divider\">\n\t\t\t<span class=\"elementor-divider-separator\">\n\t\t\t\t\t\t<\/span>\n\t\t<\/div>\n\t\t\t\t\t\t<\/div>\n\t\t\t\t<\/div>\n\t\t\t\t<div class=\"elementor-element elementor-element-3ab74409 elementor-widget__width-initial elementor-widget-mobile__width-inherit elementor-widget elementor-widget-text-editor\" data-id=\"3ab74409\" data-element_type=\"widget\" data-e-type=\"widget\" data-widget_type=\"text-editor.default\">\n\t\t\t\t<div class=\"elementor-widget-container\">\n\t\t\t\t\t\t\t\t\tMay 14, 2024\t\t\t\t\t\t\t\t<\/div>\n\t\t\t\t<\/div>\n\t\t\t\t<div class=\"elementor-element elementor-element-3ee2f51d elementor-share-buttons--view-icon elementor-share-buttons--skin-flat elementor-share-buttons--shape-circle elementor-share-buttons--color-custom share-buttons elementor-widget__width-initial elementor-widget-mobile__width-inherit elementor-grid-0 elementor-widget elementor-widget-share-buttons\" data-id=\"3ee2f51d\" data-element_type=\"widget\" data-e-type=\"widget\" title=\"Share\" data-widget_type=\"share-buttons.default\">\n\t\t\t\t<div class=\"elementor-widget-container\">\n\t\t\t\t\t\t\t<div class=\"elementor-grid\" role=\"list\">\n\t\t\t\t\t\t\t\t<div class=\"elementor-grid-item\" role=\"listitem\">\n\t\t\t\t\t\t<div class=\"elementor-share-btn elementor-share-btn_email\" role=\"button\" tabindex=\"0\" aria-label=\"Share on email\">\n\t\t\t\t\t\t\t\t\t\t\t\t\t\t\t<span class=\"elementor-share-btn__icon\">\n\t\t\t\t\t\t\t\t<i class=\"fas fa-envelope\" aria-hidden=\"true\"><\/i>\t\t\t\t\t\t\t<\/span>\n\t\t\t\t\t\t\t\t\t\t\t\t\t\t\t\t\t\t\t\t<\/div>\n\t\t\t\t\t<\/div>\n\t\t\t\t\t\t\t\t\t<div class=\"elementor-grid-item\" role=\"listitem\">\n\t\t\t\t\t\t<div class=\"elementor-share-btn elementor-share-btn_linkedin\" role=\"button\" tabindex=\"0\" aria-label=\"Share on linkedin\">\n\t\t\t\t\t\t\t\t\t\t\t\t\t\t\t<span class=\"elementor-share-btn__icon\">\n\t\t\t\t\t\t\t\t<i class=\"fab fa-linkedin\" aria-hidden=\"true\"><\/i>\t\t\t\t\t\t\t<\/span>\n\t\t\t\t\t\t\t\t\t\t\t\t\t\t\t\t\t\t\t\t<\/div>\n\t\t\t\t\t<\/div>\n\t\t\t\t\t\t\t\t\t<div class=\"elementor-grid-item\" role=\"listitem\">\n\t\t\t\t\t\t<div class=\"elementor-share-btn elementor-share-btn_facebook\" role=\"button\" tabindex=\"0\" aria-label=\"Share on facebook\">\n\t\t\t\t\t\t\t\t\t\t\t\t\t\t\t<span class=\"elementor-share-btn__icon\">\n\t\t\t\t\t\t\t\t<i class=\"fab fa-facebook\" aria-hidden=\"true\"><\/i>\t\t\t\t\t\t\t<\/span>\n\t\t\t\t\t\t\t\t\t\t\t\t\t\t\t\t\t\t\t\t<\/div>\n\t\t\t\t\t<\/div>\n\t\t\t\t\t\t<\/div>\n\t\t\t\t\t\t<\/div>\n\t\t\t\t<\/div>\n\t\t\t\t<div class=\"elementor-element elementor-element-133fe541 elementor-blockquote--skin-boxed elementor-widget elementor-widget-blockquote\" data-id=\"133fe541\" data-element_type=\"widget\" data-e-type=\"widget\" data-widget_type=\"blockquote.default\">\n\t\t\t\t<div class=\"elementor-widget-container\">\n\t\t\t\t\t\t\t<blockquote class=\"elementor-blockquote\">\n\t\t\t<p class=\"elementor-blockquote__content\">\n\t\t\t\tA pesar de la escalada de violencia y la ret\u00f3rica antisemita de las \u00faltimas semanas, el presidente Biden no ha demostrado un liderazgo muy necesario.\n<br><br>\nCada declaraci\u00f3n que ha hecho sobre este tema iba acompa\u00f1ada de... alg\u00fan tipo de expresi\u00f3n de equivalencia moral entre lo que hace Israel y lo que hace Ham\u00e1s.\n<br><br>\nSabemos que el presidente Biden est\u00e1 en campa\u00f1a a seis meses de las elecciones, pero no puede volverse contra uno de sus aliados m\u00e1s cercanos.\t\t\t<\/p>\n\t\t\t\t\t<\/blockquote>\n\t\t\t\t\t\t<\/div>\n\t\t\t\t<\/div>\n\t\t\t\t<div class=\"elementor-element elementor-element-6331c068 elementor-widget elementor-widget-text-editor\" data-id=\"6331c068\" data-element_type=\"widget\" data-e-type=\"widget\" data-widget_type=\"text-editor.default\">\n\t\t\t\t<div class=\"elementor-widget-container\">\n\t\t\t\t\t\t\t\t\t<p><strong>WASHINGTON<\/strong> &#8211; Hoy en el hemiciclo, el senador John Cornyn (republicano de Texas) ha criticado al presidente Biden por retener ayuda militar e inteligencia y dar la espalda a Israel para apaciguar a su base radical a seis meses de las elecciones presidenciales. A continuaci\u00f3n se ofrecen extractos de las declaraciones del Senador Cornyn, y <a href=\"https:\/\/youtu.be\/1IOoxq6wAvI\">aqu\u00ed<\/a> puede verse el v\u00eddeo.<\/p>\n<p><em>&#8220;A medida que avanza la guerra, el Presidente se ha ido alejando poco a poco de Israel. Primero con palabras, y ahora con hechos. La semana pasada, amenaz\u00f3 con retener una ayuda militar que hab\u00eda sido votada sobre una amplia base bipartidista en el Congreso y que \u00e9l mismo hab\u00eda solicitado.&#8221; <\/em><\/p>\n<p><em>&#8220;Israel es un valioso aliado, pero la administraci\u00f3n Biden sigue trat\u00e1ndolo como un antagonista indigno de confianza. Los funcionarios de la administraci\u00f3n han desarrollado el h\u00e1bito de manipular, denigrar y ocultar informaci\u00f3n vital. Y me preocupa enormemente el impacto de esta creciente desavenencia y lo que significar\u00e1 para la s\u00f3lida relaci\u00f3n entre nuestros dos pa\u00edses.&#8221; <\/em><\/p>\n<p><em>&#8220;En las \u00faltimas semanas, hemos asistido a una escalada alarmante de las t\u00e1cticas de protesta, y algunos de los ejemplos m\u00e1s preocupantes han tenido lugar en los campus universitarios.&#8221;<\/em><\/p>\n<p><em>&#8220;La situaci\u00f3n se ha vuelto tan vol\u00e1til y peligrosa que dos importantes universidades cancelaron sus ceremonias de graduaci\u00f3n. Muchos de estos estudiantes no tuvieron una ceremonia de graduaci\u00f3n en el instituto debido a la pandemia, y ahora se les ha negado la oportunidad de graduarse en una ceremonia p\u00fablica de su universidad.&#8221;<\/em><\/p>\n<p><em>&#8220;A pesar de la escalada de violencia y la ret\u00f3rica antisemita de las \u00faltimas semanas, el presidente Biden no ha demostrado el liderazgo que tanto se necesita. Cada declaraci\u00f3n que ha hecho sobre este tema ha ido acompa\u00f1ada de alg\u00fan tipo de equ\u00edvoco, alguna expresi\u00f3n de equivalencia moral entre lo que hace Israel y lo que hace Ham\u00e1s&#8221;.<\/em><\/p>\n<p><em>&#8220;Sabemos que el presidente Biden est\u00e1 en campa\u00f1a a seis meses de las elecciones, pero no puede volverse contra uno de sus aliados m\u00e1s cercanos en un intento de atraer a los elementos m\u00e1s radicales de su partido pol\u00edtico&#8221;.<\/em><\/p>\n\t\t\t\t\t\t\t\t<\/div>\n\t\t\t\t<\/div>\n\t\t\t\t\t<\/div>\n\t\t<\/div>\n\t\t\t\t\t<\/div>\n\t\t<\/section>\n\t\t\t\t\t<\/div>\n\t\t<\/div>\n\t\t\t\t\t<\/div>\n\t\t<\/section>\n\t\t\t\t<\/div>\n\t\t","protected":false},"author":20,"template":"","news-type":[161],"issues":[165,204],"class_list":["post-45930","news","type-news","status-publish","hentry","news-type-press-releases-es-mx","issues-foreign-affairs-national-security-es-mx","issues-la-guerra-en-israel"],"acf":[],"yoast_head":"<!-- This site is optimized with the Yoast SEO plugin v27.2 - https:\/\/yoast.com\/product\/yoast-seo-wordpress\/ -->\n<title>VIDEO: Cornyn critica a Biden por dar la espalda a Israel - Senator Cornyn<\/title>\n<meta name=\"robots\" content=\"index, follow, max-snippet:-1, max-image-preview:large, max-video-preview:-1\" \/>\n<link rel=\"canonical\" href=\"https:\/\/www.cornyn.senate.gov\/es-mx\/news\/video-cornyn-critica-a-biden-por-dar-la-espalda-a-israel\/\" \/>\n<meta property=\"og:locale\" content=\"es_MX\" \/>\n<meta property=\"og:type\" content=\"article\" \/>\n<meta property=\"og:title\" content=\"VIDEO: Cornyn critica a Biden por dar la espalda a Israel - Senator Cornyn\" \/>\n<meta property=\"og:description\" content=\"Noticias A pesar de la escalada de violencia y la ret\u00f3rica antisemita de las \u00faltimas semanas, el presidente Biden no ha demostrado un liderazgo muy necesario. Cada declaraci\u00f3n que ha hecho sobre este tema iba acompa\u00f1ada de&#8230; alg\u00fan tipo de expresi\u00f3n de equivalencia moral entre lo que hace Israel y lo que hace Ham\u00e1s. Sabemos [&hellip;]\" \/>\n<meta property=\"og:url\" content=\"https:\/\/www.cornyn.senate.gov\/es-mx\/news\/video-cornyn-critica-a-biden-por-dar-la-espalda-a-israel\/\" \/>\n<meta property=\"og:site_name\" content=\"Senator Cornyn\" \/>\n<meta property=\"article:publisher\" content=\"https:\/\/www.facebook.com\/SenJohnCornyn\" \/>\n<meta property=\"article:modified_time\" content=\"2024-07-11T17:37:05+00:00\" \/>\n<meta property=\"og:image\" content=\"https:\/\/www.cornyn.senate.gov\/wp-content\/uploads\/2023\/11\/Twitter-Card-Dec-23-1024x535.png\" \/>\n\t<meta property=\"og:image:width\" content=\"1024\" \/>\n\t<meta property=\"og:image:height\" content=\"535\" \/>\n\t<meta property=\"og:image:type\" content=\"image\/png\" \/>\n<meta name=\"twitter:card\" content=\"summary_large_image\" \/>\n<meta name=\"twitter:site\" content=\"@johncornyn\" \/>\n<meta name=\"twitter:label1\" content=\"Est. reading time\" \/>\n\t<meta name=\"twitter:data1\" content=\"2 minutes\" \/>\n<script type=\"application\/ld+json\" class=\"yoast-schema-graph\">{\"@context\":\"https:\/\/schema.org\",\"@graph\":[{\"@type\":\"WebPage\",\"@id\":\"https:\/\/www.cornyn.senate.gov\/es-mx\/news\/video-cornyn-critica-a-biden-por-dar-la-espalda-a-israel\/\",\"url\":\"https:\/\/www.cornyn.senate.gov\/es-mx\/news\/video-cornyn-critica-a-biden-por-dar-la-espalda-a-israel\/\",\"name\":\"VIDEO: Cornyn critica a Biden por dar la espalda a Israel - Senator Cornyn\",\"isPartOf\":{\"@id\":\"https:\/\/www.cornyn.senate.gov\/es-mx\/#website\"},\"datePublished\":\"2024-05-14T21:22:54+00:00\",\"dateModified\":\"2024-07-11T17:37:05+00:00\",\"breadcrumb\":{\"@id\":\"https:\/\/www.cornyn.senate.gov\/es-mx\/news\/video-cornyn-critica-a-biden-por-dar-la-espalda-a-israel\/#breadcrumb\"},\"inLanguage\":\"es-MX\",\"potentialAction\":[{\"@type\":\"ReadAction\",\"target\":[\"https:\/\/www.cornyn.senate.gov\/es-mx\/news\/video-cornyn-critica-a-biden-por-dar-la-espalda-a-israel\/\"]}]},{\"@type\":\"BreadcrumbList\",\"@id\":\"https:\/\/www.cornyn.senate.gov\/es-mx\/news\/video-cornyn-critica-a-biden-por-dar-la-espalda-a-israel\/#breadcrumb\",\"itemListElement\":[{\"@type\":\"ListItem\",\"position\":1,\"name\":\"Home\",\"item\":\"https:\/\/www.cornyn.senate.gov\/es-mx\/\"},{\"@type\":\"ListItem\",\"position\":2,\"name\":\"News\",\"item\":\"https:\/\/www.cornyn.senate.gov\/es-mx\/news\/\"},{\"@type\":\"ListItem\",\"position\":3,\"name\":\"VIDEO: Cornyn critica a Biden por dar la espalda a Israel\"}]},{\"@type\":\"WebSite\",\"@id\":\"https:\/\/www.cornyn.senate.gov\/es-mx\/#website\",\"url\":\"https:\/\/www.cornyn.senate.gov\/es-mx\/\",\"name\":\"Senator Cornyn\",\"description\":\"\",\"publisher\":{\"@id\":\"https:\/\/www.cornyn.senate.gov\/es-mx\/#organization\"},\"potentialAction\":[{\"@type\":\"SearchAction\",\"target\":{\"@type\":\"EntryPoint\",\"urlTemplate\":\"https:\/\/www.cornyn.senate.gov\/es-mx\/?s={search_term_string}\"},\"query-input\":{\"@type\":\"PropertyValueSpecification\",\"valueRequired\":true,\"valueName\":\"search_term_string\"}}],\"inLanguage\":\"es-MX\"},{\"@type\":\"Organization\",\"@id\":\"https:\/\/www.cornyn.senate.gov\/es-mx\/#organization\",\"name\":\"Senator Cornyn\",\"url\":\"https:\/\/www.cornyn.senate.gov\/es-mx\/\",\"logo\":{\"@type\":\"ImageObject\",\"inLanguage\":\"es-MX\",\"@id\":\"https:\/\/www.cornyn.senate.gov\/es-mx\/#\/schema\/logo\/image\/\",\"url\":\"https:\/\/www.cornyn.senate.gov\/wp-content\/uploads\/2022\/01\/Logo-2.svg\",\"contentUrl\":\"https:\/\/www.cornyn.senate.gov\/wp-content\/uploads\/2022\/01\/Logo-2.svg\",\"caption\":\"Senator Cornyn\"},\"image\":{\"@id\":\"https:\/\/www.cornyn.senate.gov\/es-mx\/#\/schema\/logo\/image\/\"},\"sameAs\":[\"https:\/\/www.facebook.com\/SenJohnCornyn\",\"https:\/\/x.com\/johncornyn\"]}]}<\/script>\n<!-- \/ Yoast SEO plugin. -->","yoast_head_json":{"title":"VIDEO: Cornyn critica a Biden por dar la espalda a Israel - Senator Cornyn","robots":{"index":"index","follow":"follow","max-snippet":"max-snippet:-1","max-image-preview":"max-image-preview:large","max-video-preview":"max-video-preview:-1"},"canonical":"https:\/\/www.cornyn.senate.gov\/es-mx\/news\/video-cornyn-critica-a-biden-por-dar-la-espalda-a-israel\/","og_locale":"es_MX","og_type":"article","og_title":"VIDEO: Cornyn critica a Biden por dar la espalda a Israel - Senator Cornyn","og_description":"Noticias A pesar de la escalada de violencia y la ret\u00f3rica antisemita de las \u00faltimas semanas, el presidente Biden no ha demostrado un liderazgo muy necesario. Cada declaraci\u00f3n que ha hecho sobre este tema iba acompa\u00f1ada de&#8230; alg\u00fan tipo de expresi\u00f3n de equivalencia moral entre lo que hace Israel y lo que hace Ham\u00e1s. Sabemos [&hellip;]","og_url":"https:\/\/www.cornyn.senate.gov\/es-mx\/news\/video-cornyn-critica-a-biden-por-dar-la-espalda-a-israel\/","og_site_name":"Senator Cornyn","article_publisher":"https:\/\/www.facebook.com\/SenJohnCornyn","article_modified_time":"2024-07-11T17:37:05+00:00","og_image":[{"width":1024,"height":535,"url":"https:\/\/www.cornyn.senate.gov\/wp-content\/uploads\/2023\/11\/Twitter-Card-Dec-23-1024x535.png","type":"image\/png"}],"twitter_card":"summary_large_image","twitter_site":"@johncornyn","twitter_misc":{"Est. reading time":"2 minutes"},"schema":{"@context":"https:\/\/schema.org","@graph":[{"@type":"WebPage","@id":"https:\/\/www.cornyn.senate.gov\/es-mx\/news\/video-cornyn-critica-a-biden-por-dar-la-espalda-a-israel\/","url":"https:\/\/www.cornyn.senate.gov\/es-mx\/news\/video-cornyn-critica-a-biden-por-dar-la-espalda-a-israel\/","name":"VIDEO: Cornyn critica a Biden por dar la espalda a Israel - Senator Cornyn","isPartOf":{"@id":"https:\/\/www.cornyn.senate.gov\/es-mx\/#website"},"datePublished":"2024-05-14T21:22:54+00:00","dateModified":"2024-07-11T17:37:05+00:00","breadcrumb":{"@id":"https:\/\/www.cornyn.senate.gov\/es-mx\/news\/video-cornyn-critica-a-biden-por-dar-la-espalda-a-israel\/#breadcrumb"},"inLanguage":"es-MX","potentialAction":[{"@type":"ReadAction","target":["https:\/\/www.cornyn.senate.gov\/es-mx\/news\/video-cornyn-critica-a-biden-por-dar-la-espalda-a-israel\/"]}]},{"@type":"BreadcrumbList","@id":"https:\/\/www.cornyn.senate.gov\/es-mx\/news\/video-cornyn-critica-a-biden-por-dar-la-espalda-a-israel\/#breadcrumb","itemListElement":[{"@type":"ListItem","position":1,"name":"Home","item":"https:\/\/www.cornyn.senate.gov\/es-mx\/"},{"@type":"ListItem","position":2,"name":"News","item":"https:\/\/www.cornyn.senate.gov\/es-mx\/news\/"},{"@type":"ListItem","position":3,"name":"VIDEO: Cornyn critica a Biden por dar la espalda a Israel"}]},{"@type":"WebSite","@id":"https:\/\/www.cornyn.senate.gov\/es-mx\/#website","url":"https:\/\/www.cornyn.senate.gov\/es-mx\/","name":"Senator Cornyn","description":"","publisher":{"@id":"https:\/\/www.cornyn.senate.gov\/es-mx\/#organization"},"potentialAction":[{"@type":"SearchAction","target":{"@type":"EntryPoint","urlTemplate":"https:\/\/www.cornyn.senate.gov\/es-mx\/?s={search_term_string}"},"query-input":{"@type":"PropertyValueSpecification","valueRequired":true,"valueName":"search_term_string"}}],"inLanguage":"es-MX"},{"@type":"Organization","@id":"https:\/\/www.cornyn.senate.gov\/es-mx\/#organization","name":"Senator Cornyn","url":"https:\/\/www.cornyn.senate.gov\/es-mx\/","logo":{"@type":"ImageObject","inLanguage":"es-MX","@id":"https:\/\/www.cornyn.senate.gov\/es-mx\/#\/schema\/logo\/image\/","url":"https:\/\/www.cornyn.senate.gov\/wp-content\/uploads\/2022\/01\/Logo-2.svg","contentUrl":"https:\/\/www.cornyn.senate.gov\/wp-content\/uploads\/2022\/01\/Logo-2.svg","caption":"Senator Cornyn"},"image":{"@id":"https:\/\/www.cornyn.senate.gov\/es-mx\/#\/schema\/logo\/image\/"},"sameAs":["https:\/\/www.facebook.com\/SenJohnCornyn","https:\/\/x.com\/johncornyn"]}]}},"_links":{"self":[{"href":"https:\/\/www.cornyn.senate.gov\/es-mx\/wp-json\/wp\/v2\/news\/45930","targetHints":{"allow":["GET"]}}],"collection":[{"href":"https:\/\/www.cornyn.senate.gov\/es-mx\/wp-json\/wp\/v2\/news"}],"about":[{"href":"https:\/\/www.cornyn.senate.gov\/es-mx\/wp-json\/wp\/v2\/types\/news"}],"author":[{"embeddable":true,"href":"https:\/\/www.cornyn.senate.gov\/es-mx\/wp-json\/wp\/v2\/users\/20"}],"version-history":[{"count":1,"href":"https:\/\/www.cornyn.senate.gov\/es-mx\/wp-json\/wp\/v2\/news\/45930\/revisions"}],"predecessor-version":[{"id":45932,"href":"https:\/\/www.cornyn.senate.gov\/es-mx\/wp-json\/wp\/v2\/news\/45930\/revisions\/45932"}],"wp:attachment":[{"href":"https:\/\/www.cornyn.senate.gov\/es-mx\/wp-json\/wp\/v2\/media?parent=45930"}],"wp:term":[{"taxonomy":"news-type","embeddable":true,"href":"https:\/\/www.cornyn.senate.gov\/es-mx\/wp-json\/wp\/v2\/news-type?post=45930"},{"taxonomy":"issues","embeddable":true,"href":"https:\/\/www.cornyn.senate.gov\/es-mx\/wp-json\/wp\/v2\/issues?post=45930"}],"curies":[{"name":"wp","href":"https:\/\/api.w.org\/{rel}","templated":true}]}}