{"id":46474,"date":"2024-06-12T14:06:10","date_gmt":"2024-06-12T18:06:10","guid":{"rendered":"https:\/\/www.cornyn.senate.gov\/?post_type=news&#038;p=46474"},"modified":"2024-07-10T11:23:52","modified_gmt":"2024-07-10T15:23:52","slug":"cornyn-cruz-y-otros-colegas-presentan-una-resolucion-que-reconoce-el-legado-del-presidente-george-h-w-bush-en-su-centenario","status":"publish","type":"news","link":"https:\/\/www.cornyn.senate.gov\/es-mx\/news\/cornyn-cruz-y-otros-colegas-presentan-una-resolucion-que-reconoce-el-legado-del-presidente-george-h-w-bush-en-su-centenario\/","title":{"rendered":"Cornyn, Cruz y otros colegas presentan una resoluci\u00f3n que reconoce el legado del presidente George H.W. Bush en su centenario"},"content":{"rendered":"\t\t<div data-elementor-type=\"wp-post\" data-elementor-id=\"46474\" class=\"elementor elementor-46474 elementor-46458\" data-elementor-post-type=\"news\">\n\t\t\t\t\t\t<section class=\"elementor-section elementor-top-section elementor-element elementor-element-66a9f838 elementor-section-boxed elementor-section-height-default elementor-section-height-default\" data-id=\"66a9f838\" data-element_type=\"section\" data-e-type=\"section\">\n\t\t\t\t\t\t<div class=\"elementor-container elementor-column-gap-default\">\n\t\t\t\t\t<div class=\"elementor-column elementor-col-100 elementor-top-column elementor-element elementor-element-7989e5b3\" data-id=\"7989e5b3\" data-element_type=\"column\" data-e-type=\"column\">\n\t\t\t<div class=\"elementor-widget-wrap elementor-element-populated\">\n\t\t\t\t\t\t<section class=\"elementor-section elementor-inner-section elementor-element elementor-element-2abcbdc0 elementor-section-boxed elementor-section-height-default elementor-section-height-default\" data-id=\"2abcbdc0\" data-element_type=\"section\" data-e-type=\"section\">\n\t\t\t\t\t\t<div class=\"elementor-container elementor-column-gap-default\">\n\t\t\t\t\t<div class=\"elementor-column elementor-col-50 elementor-inner-column elementor-element elementor-element-5388a4ae\" data-id=\"5388a4ae\" data-element_type=\"column\" data-e-type=\"column\">\n\t\t\t<div class=\"elementor-widget-wrap elementor-element-populated\">\n\t\t\t\t\t\t<div class=\"elementor-element elementor-element-3a93bf60 breadcrumb--back elementor-widget elementor-widget-button\" data-id=\"3a93bf60\" data-element_type=\"widget\" data-e-type=\"widget\" data-widget_type=\"button.default\">\n\t\t\t\t<div class=\"elementor-widget-container\">\n\t\t\t\t\t\t\t\t\t<div class=\"elementor-button-wrapper\">\n\t\t\t\t\t<a class=\"elementor-button elementor-button-link elementor-size-sm\" href=\"\/news\/\">\n\t\t\t\t\t\t<span class=\"elementor-button-content-wrapper\">\n\t\t\t\t\t\t<span class=\"elementor-button-icon\">\n\t\t\t\t<i aria-hidden=\"true\" class=\"icon icon-arrow-left\"><\/i>\t\t\t<\/span>\n\t\t\t\t\t\t\t\t\t<span class=\"elementor-button-text\">Noticias<\/span>\n\t\t\t\t\t<\/span>\n\t\t\t\t\t<\/a>\n\t\t\t\t<\/div>\n\t\t\t\t\t\t\t\t<\/div>\n\t\t\t\t<\/div>\n\t\t\t\t\t<\/div>\n\t\t<\/div>\n\t\t\t\t<div class=\"elementor-column elementor-col-50 elementor-inner-column elementor-element elementor-element-7645b74a content-page__content\" data-id=\"7645b74a\" data-element_type=\"column\" data-e-type=\"column\">\n\t\t\t<div class=\"elementor-widget-wrap elementor-element-populated\">\n\t\t\t\t\t\t<div class=\"elementor-element elementor-element-754fa174 elementor-widget elementor-widget-theme-post-title elementor-page-title elementor-widget-heading\" data-id=\"754fa174\" data-element_type=\"widget\" data-e-type=\"widget\" data-widget_type=\"theme-post-title.default\">\n\t\t\t\t<div class=\"elementor-widget-container\">\n\t\t\t\t\t<h1 class=\"elementor-heading-title elementor-size-default\">Cornyn, Cruz y otros colegas presentan una resoluci\u00f3n que reconoce el legado del presidente George H.W. Bush en su centenario<\/h1>\t\t\t\t<\/div>\n\t\t\t\t<\/div>\n\t\t\t\t<div class=\"elementor-element elementor-element-4ae2934f elementor-widget-divider--view-line elementor-widget elementor-widget-divider\" data-id=\"4ae2934f\" data-element_type=\"widget\" data-e-type=\"widget\" data-widget_type=\"divider.default\">\n\t\t\t\t<div class=\"elementor-widget-container\">\n\t\t\t\t\t\t\t<div class=\"elementor-divider\">\n\t\t\t<span class=\"elementor-divider-separator\">\n\t\t\t\t\t\t<\/span>\n\t\t<\/div>\n\t\t\t\t\t\t<\/div>\n\t\t\t\t<\/div>\n\t\t\t\t<div class=\"elementor-element elementor-element-3151d70b elementor-widget__width-initial elementor-widget-mobile__width-inherit elementor-widget elementor-widget-text-editor\" data-id=\"3151d70b\" data-element_type=\"widget\" data-e-type=\"widget\" data-widget_type=\"text-editor.default\">\n\t\t\t\t<div class=\"elementor-widget-container\">\n\t\t\t\t\t\t\t\t\tJune 12, 2024\t\t\t\t\t\t\t\t<\/div>\n\t\t\t\t<\/div>\n\t\t\t\t<div class=\"elementor-element elementor-element-5c9e81e3 elementor-share-buttons--view-icon elementor-share-buttons--skin-flat elementor-share-buttons--shape-circle elementor-share-buttons--color-custom share-buttons elementor-widget__width-initial elementor-widget-mobile__width-inherit elementor-grid-0 elementor-widget elementor-widget-share-buttons\" data-id=\"5c9e81e3\" data-element_type=\"widget\" data-e-type=\"widget\" title=\"Share\" data-widget_type=\"share-buttons.default\">\n\t\t\t\t<div class=\"elementor-widget-container\">\n\t\t\t\t\t\t\t<div class=\"elementor-grid\" role=\"list\">\n\t\t\t\t\t\t\t\t<div class=\"elementor-grid-item\" role=\"listitem\">\n\t\t\t\t\t\t<div class=\"elementor-share-btn elementor-share-btn_email\" role=\"button\" tabindex=\"0\" aria-label=\"Share on email\">\n\t\t\t\t\t\t\t\t\t\t\t\t\t\t\t<span class=\"elementor-share-btn__icon\">\n\t\t\t\t\t\t\t\t<i class=\"fas fa-envelope\" aria-hidden=\"true\"><\/i>\t\t\t\t\t\t\t<\/span>\n\t\t\t\t\t\t\t\t\t\t\t\t\t\t\t\t\t\t\t\t<\/div>\n\t\t\t\t\t<\/div>\n\t\t\t\t\t\t\t\t\t<div class=\"elementor-grid-item\" role=\"listitem\">\n\t\t\t\t\t\t<div class=\"elementor-share-btn elementor-share-btn_linkedin\" role=\"button\" tabindex=\"0\" aria-label=\"Share on linkedin\">\n\t\t\t\t\t\t\t\t\t\t\t\t\t\t\t<span class=\"elementor-share-btn__icon\">\n\t\t\t\t\t\t\t\t<i class=\"fab fa-linkedin\" aria-hidden=\"true\"><\/i>\t\t\t\t\t\t\t<\/span>\n\t\t\t\t\t\t\t\t\t\t\t\t\t\t\t\t\t\t\t\t<\/div>\n\t\t\t\t\t<\/div>\n\t\t\t\t\t\t\t\t\t<div class=\"elementor-grid-item\" role=\"listitem\">\n\t\t\t\t\t\t<div class=\"elementor-share-btn elementor-share-btn_facebook\" role=\"button\" tabindex=\"0\" aria-label=\"Share on facebook\">\n\t\t\t\t\t\t\t\t\t\t\t\t\t\t\t<span class=\"elementor-share-btn__icon\">\n\t\t\t\t\t\t\t\t<i class=\"fab fa-facebook\" aria-hidden=\"true\"><\/i>\t\t\t\t\t\t\t<\/span>\n\t\t\t\t\t\t\t\t\t\t\t\t\t\t\t\t\t\t\t\t<\/div>\n\t\t\t\t\t<\/div>\n\t\t\t\t\t\t<\/div>\n\t\t\t\t\t\t<\/div>\n\t\t\t\t<\/div>\n\t\t\t\t<div class=\"elementor-element elementor-element-3e0ed39b elementor-widget elementor-widget-text-editor\" data-id=\"3e0ed39b\" data-element_type=\"widget\" data-e-type=\"widget\" data-widget_type=\"text-editor.default\">\n\t\t\t\t<div class=\"elementor-widget-container\">\n\t\t\t\t\t\t\t\t\t<p><strong>WASHINGTON<\/strong> &#8211; Hoy, los Senadores Los senadores John Cornyn (R-TX) y Ted Cruz (R-TX), junto con los senadores Chuck Grassley (R-IA), Susan Collins (R-ME), Steve Daines (R-MT), Shelley Moore Capito (R-WV), Thom Tillis (R-NC), Deb Fischer (R-NE), Roger Wicker (R-MS), y James Lankford (R-OK), presentaron una resoluci\u00f3n del Senado en la que se reconocen la vida, los logros y el servicio p\u00fablico del ex presidente George Herbert Walker Bush con motivo del que habr\u00eda sido su centenario. El texto est\u00e1 m\u00e1s abajo, y puedes ver la resoluci\u00f3n completa <u><a href=\"https:\/\/www.cornyn.senate.gov\/es-mx\/hla24608-2\/\">aqu\u00ed<\/a><\/u>. El congresista August Pfluger (TX-11) lidera la resoluci\u00f3n en la C\u00e1mara de Representantes. <\/p>\n<p><em>&#8220;Considerando que el 12 de junio de 1924 naci\u00f3 George Herbert Walker Bush en Milton, Massachusetts;<\/em><\/p>\n<p><em>Mientras que George H. W. Bush se alist\u00f3 en la Marina de los Estados Unidos como aviador naval cuando cumpli\u00f3 18 a\u00f1os, llegando a volar en su primera misi\u00f3n de combate en mayo de 1944, bombardeando la isla de Wake, controlada por los japoneses;<\/em><\/p>\n<p><em>Mientras que a George H. W. Bush se le concedi\u00f3 la Cruz de Vuelo Distinguido por su papel en Chichi Jima, donde logr\u00f3 saltar de su avi\u00f3n y eludir la captura;<\/em><\/p>\n<p><em>Mientras que George H. W. Bush se retir\u00f3 de la Marina habiendo volado en 58 misiones activas, completado 128 aterrizajes de carrera y registrado 1.228 horas de vuelo;<\/em><\/p>\n<p><em>Mientras que George H. W. Bush se matricul\u00f3 en el Yale College, donde se gradu\u00f3 en 2 a\u00f1os y medio;<\/em><\/p>\n<p><em>Mientras que, en la universidad, George H. W. Bush capitane\u00f3 el equipo de b\u00e9isbol de Yale y jug\u00f3 en las 2 primeras Series Mundiales Universitarias;<\/em><\/p>\n<p><em>Mientras que George H. W. Bush se cas\u00f3 con Barbara Pierce el 6 de enero de 1945;<\/em><\/p>\n<p><em>Mientras que George H. W. Bush tuvo 6 hijos: George W., Robin, Jeb, Neil, Marvin y Dorothy;<\/em><\/p>\n<p><em>En junio de 1948, la joven familia Bush se traslad\u00f3 al oeste de Texas, donde una de las empresas del Sr. Bush, Zapata Off-shore Co., fue pionera en la perforaci\u00f3n en alta mar, con operaciones en el Golfo de M\u00e9xico, Brunei, Venezuela, el Mar de Jap\u00f3n y el Golfo P\u00e9rsico, y acab\u00f3 convirti\u00e9ndose en la Pennzoil Corporation;<\/em><\/p>\n<p><em>Mientras que George H. W. Bush fue elegido Presidente del Partido Republicano del Condado de Harris en 1963;<\/em><\/p>\n<p><em>Considerando que, en 1966, George H. W. Bush se present\u00f3 como candidato a la C\u00e1mara de Representantes por el 7\u00ba Distrito Congresual de Texas, y gan\u00f3;<\/em><\/p>\n<p><em>Mientras que George H. W. Bush fue nombrado embajador de Estados Unidos ante las Naciones Unidas en 1970;<\/em><\/p>\n<p><em>Mientras que George H. W. Bush fue nombrado Presidente del Comit\u00e9 Nacional Republicano en 1972;<\/em><\/p>\n<p><em>Mientras que George H. W. Bush fue confirmado como Director de la Inteligencia Central en 1976;<\/em><\/p>\n<p><em>Considerando que, en la Convenci\u00f3n Nacional Republicana de 1980, el candidato presidencial republicano Ronald Reagan eligi\u00f3 a George H. W. Bush como su candidato a vicepresidente;<\/em><\/p>\n<p><em>Mientras que George H. W. Bush asumi\u00f3 el cargo de Vicepresidente en 1981;<\/em><\/p>\n<p><em>Mientras que la administraci\u00f3n Reagan-Bush fue reelegida para un segundo mandato en 1984;<\/em><\/p>\n<p><em>Mientras que, en 1988, George H. W. Bush se convirti\u00f3 en el candidato presidencial, con Dan Quayle, senador por Indiana, como compa\u00f1ero de f\u00f3rmula;<\/em><\/p>\n<p><em>Mientras que George H. W. Bush gan\u00f3 las elecciones con m\u00e1s de 400 votos electorales, lo que sigue siendo la elecci\u00f3n m\u00e1s reciente en la que un candidato obtuvo m\u00e1s de 400 votos electorales;<\/em><\/p>\n<p><em>Considerando que, durante el mandato del Presidente Bush en el Despacho Oval, una revoluci\u00f3n de la libertad humana barri\u00f3 el mundo, emancipando a decenas de millones de personas y desencadenando una serie de acontecimientos transformadores;<\/em><\/p>\n<p><em>Mientras que la libertad prevaleci\u00f3 en la Guerra Fr\u00eda cuando la Uni\u00f3n Sovi\u00e9tica implosion\u00f3; el Muro de Berl\u00edn &#8220;cay\u00f3&#8221; y Alemania se uni\u00f3 dentro de la Organizaci\u00f3n del Tratado del Atl\u00e1ntico Norte (OTAN) tras 45 a\u00f1os de divisi\u00f3n de posguerra; y desde Europa Oriental hasta los Estados B\u00e1lticos, pasando por Am\u00e9rica Latina y las antiguas rep\u00fablicas sovi\u00e9ticas, muchas democracias liberales suplantaron a los reg\u00edmenes totalitarios;<\/em><\/p>\n<p><em>Mientras que el presidente Bush trabaj\u00f3 con el l\u00edder sovi\u00e9tico Mijail Gorbachov y otras figuras mundiales clave para poner fin pac\u00edficamente a la Guerra Fr\u00eda y marcar el comienzo de una nueva era geopol\u00edtica caracterizada por la autodeterminaci\u00f3n pol\u00edtica, la difusi\u00f3n del capitalismo de mercado y la apertura de las econom\u00edas cerradas;<\/em><\/p>\n<p><em>Considerando que, en agosto de 1990, despu\u00e9s de que las tropas iraqu\u00edes del dictador Sadam Husein invadieran el vecino Kuwait, el presidente Bush forj\u00f3 una coalici\u00f3n de 32 naciones para restaurar la soberan\u00eda kuwait\u00ed y defender el derecho internacional;<\/em><\/p>\n<p><em>Considerando que, a pesar de ser el primer Vicepresidente en ejercicio elegido para la presidencia desde Martin Van Buren en 1837, y s\u00f3lo el segundo Presidente de Estados Unidos elegido para ejercer un mandato completo sin control partidista en ninguna de las dos c\u00e1maras del Congreso, el Presidente Bush firm\u00f3 la Ley de Estadounidenses con Discapacidades de 1990 (42 U.S.C. 12101 y siguientes), que, entre otros logros, elimin\u00f3 las barreras al empleo, los alojamientos p\u00fablicos y los servicios de transporte para unos 43.000.000 de ciudadanos con discapacidades;<\/em><\/p>\n<p><em>Considerando que el Presidente Bush tambi\u00e9n firm\u00f3 la Ley P\u00fablica 101-549 (com\u00fanmente conocida como &#8220;Enmiendas a la Ley de Aire Limpio de 1990&#8221;) (29 U.S.C. 655 nota; 104 Stat. 2576), que gui\u00f3 la pol\u00edtica medioambiental de Estados Unidos durante m\u00e1s de 2 d\u00e9cadas;<\/em><\/p>\n<p><em>Considerando que la cumbre sobre educaci\u00f3n, organizada por el presidente Bush con gobernadores de los 50 estados en la Universidad de Virginia en 1989, contribuy\u00f3 a impulsar un movimiento nacional de reforma, y que la Ley \u00d3mnibus de Reconciliaci\u00f3n Presupuestaria de 1990 (Ley P\u00fablica 101-508), firmada por el presidente Bush, codific\u00f3 l\u00edmites reales al gasto discrecional del Congreso, recortando el d\u00e9ficit a niveles hist\u00f3ricos;<\/em><\/p>\n<p><em>Considerando que el Presidente Bush lanz\u00f3 su iniciativa &#8220;Puntos de Luz&#8221; para promover el voluntariado y el servicio comunitario en todo Estados Unidos, y que durante su mandato concedi\u00f3 1.020 Premios Diarios Puntos de Luz a personas y organizaciones de los 50 estados;<\/em><\/p>\n<p><em>Mientras que la Biblioteca y Museo Presidencial George H. W. Bush se construy\u00f3 en 1997 en el campus de la Universidad A&amp;M de Texas;<\/em><\/p>\n<p><em>Considerando que la Escuela Bush de Gobierno y Servicio P\u00fablico se fund\u00f3 en 1997 en el campus de la Universidad A&amp;M de Texas;<\/em><\/p>\n<p><em>Considerando que, tras abandonar la Casa Blanca, el Presidente Bush presidi\u00f3 la Junta de Visitantes del Centro Oncol\u00f3gico M.D. Anderson de la Universidad de Texas de 2001 a 2003, y m\u00e1s tarde, junto con su esposa, Barbara, el Sr. Bush ejerci\u00f3 de copresidente honorario de C-Change, un grupo de colaboraci\u00f3n de los principales l\u00edderes oncol\u00f3gicos de los sectores gubernamental, empresarial y sin \u00e1nimo de lucro, comprometidos con la eliminaci\u00f3n del c\u00e1ncer como principal problema de salud p\u00fablica;<\/em><\/p>\n<p><em>Mientras que, en 1997, el Aeropuerto Intercontinental George Bush de Houston fue rebautizado en su honor;<\/em><\/p>\n<p><em>Considerando que el USS George H. W. Bush, el d\u00e9cimo y \u00faltimo supercarguero de la clase Nimitz de la Marina de los Estados Unidos, fue puesto en servicio en 2009; y<\/em><\/p>\n<p><em>Considerando que, en el momento de su fallecimiento en 2018, George H. W. y Barbara Bush llevaban 73 a\u00f1os casados y les sobreviv\u00edan 5 hijos y sus c\u00f3nyuges, 17 nietos y 8 bisnietos: Por tanto, que<\/em><\/p>\n<p><em>Resuelto, que el Senado<\/em><\/p>\n<p><em>(1) honra la vida, los logros y el distinguido servicio p\u00fablico de George Herbert Walker Bush;<\/em><\/p>\n<p><em>(2) reconoce a George Herbert Walker Bush con motivo de su centenario y le expresa su agradecimiento y sus elogios a \u00e9l y a su familia;<\/em><\/p>\n<p><em>(3) reconoce el impacto positivo que George Herbert Walker Bush tuvo en su pa\u00eds y en el mundo a trav\u00e9s de su decencia y compasi\u00f3n; y<\/em><\/p>\n<p><em>(4) reconoce el legado de George Herbert Walker Bush como uno de los grandes l\u00edderes y estadistas de Estados Unidos&#8221;.<\/em><\/p>\n\t\t\t\t\t\t\t\t<\/div>\n\t\t\t\t<\/div>\n\t\t\t\t\t<\/div>\n\t\t<\/div>\n\t\t\t\t\t<\/div>\n\t\t<\/section>\n\t\t\t\t\t<\/div>\n\t\t<\/div>\n\t\t\t\t\t<\/div>\n\t\t<\/section>\n\t\t\t\t<\/div>\n\t\t","protected":false},"author":20,"template":"","news-type":[161],"issues":[],"class_list":["post-46474","news","type-news","status-publish","hentry","news-type-press-releases-es-mx"],"acf":[],"yoast_head":"<!-- This site is optimized with the Yoast SEO plugin v27.2 - https:\/\/yoast.com\/product\/yoast-seo-wordpress\/ -->\n<title>Cornyn, Cruz y otros colegas presentan una resoluci\u00f3n que reconoce el legado del presidente George H.W. Bush en su centenario - Senator Cornyn<\/title>\n<meta name=\"robots\" content=\"index, follow, max-snippet:-1, max-image-preview:large, max-video-preview:-1\" \/>\n<link rel=\"canonical\" href=\"https:\/\/www.cornyn.senate.gov\/es-mx\/news\/cornyn-cruz-y-otros-colegas-presentan-una-resolucion-que-reconoce-el-legado-del-presidente-george-h-w-bush-en-su-centenario\/\" \/>\n<meta property=\"og:locale\" content=\"es_MX\" \/>\n<meta property=\"og:type\" content=\"article\" \/>\n<meta property=\"og:title\" content=\"Cornyn, Cruz y otros colegas presentan una resoluci\u00f3n que reconoce el legado del presidente George H.W. Bush en su centenario - Senator Cornyn\" \/>\n<meta property=\"og:description\" content=\"Noticias WASHINGTON &#8211; Hoy, los Senadores Los senadores John Cornyn (R-TX) y Ted Cruz (R-TX), junto con los senadores Chuck Grassley (R-IA), Susan Collins (R-ME), Steve Daines (R-MT), Shelley Moore Capito (R-WV), Thom Tillis (R-NC), Deb Fischer (R-NE), Roger Wicker (R-MS), y James Lankford (R-OK), presentaron una resoluci\u00f3n del Senado en la que se reconocen [&hellip;]\" \/>\n<meta property=\"og:url\" content=\"https:\/\/www.cornyn.senate.gov\/es-mx\/news\/cornyn-cruz-y-otros-colegas-presentan-una-resolucion-que-reconoce-el-legado-del-presidente-george-h-w-bush-en-su-centenario\/\" \/>\n<meta property=\"og:site_name\" content=\"Senator Cornyn\" \/>\n<meta property=\"article:publisher\" content=\"https:\/\/www.facebook.com\/SenJohnCornyn\" \/>\n<meta property=\"article:modified_time\" content=\"2024-07-10T15:23:52+00:00\" \/>\n<meta property=\"og:image\" content=\"https:\/\/www.cornyn.senate.gov\/wp-content\/uploads\/2023\/11\/Twitter-Card-Dec-23-1024x535.png\" \/>\n\t<meta property=\"og:image:width\" content=\"1024\" \/>\n\t<meta property=\"og:image:height\" content=\"535\" \/>\n\t<meta property=\"og:image:type\" content=\"image\/png\" \/>\n<meta name=\"twitter:card\" content=\"summary_large_image\" \/>\n<meta name=\"twitter:site\" content=\"@johncornyn\" \/>\n<meta name=\"twitter:label1\" content=\"Est. reading time\" \/>\n\t<meta name=\"twitter:data1\" content=\"7 minutes\" \/>\n<script type=\"application\/ld+json\" class=\"yoast-schema-graph\">{\"@context\":\"https:\/\/schema.org\",\"@graph\":[{\"@type\":\"WebPage\",\"@id\":\"https:\/\/www.cornyn.senate.gov\/es-mx\/news\/cornyn-cruz-y-otros-colegas-presentan-una-resolucion-que-reconoce-el-legado-del-presidente-george-h-w-bush-en-su-centenario\/\",\"url\":\"https:\/\/www.cornyn.senate.gov\/es-mx\/news\/cornyn-cruz-y-otros-colegas-presentan-una-resolucion-que-reconoce-el-legado-del-presidente-george-h-w-bush-en-su-centenario\/\",\"name\":\"Cornyn, Cruz y otros colegas presentan una resoluci\u00f3n que reconoce el legado del presidente George H.W. Bush en su centenario - Senator Cornyn\",\"isPartOf\":{\"@id\":\"https:\/\/www.cornyn.senate.gov\/es-mx\/#website\"},\"datePublished\":\"2024-06-12T18:06:10+00:00\",\"dateModified\":\"2024-07-10T15:23:52+00:00\",\"breadcrumb\":{\"@id\":\"https:\/\/www.cornyn.senate.gov\/es-mx\/news\/cornyn-cruz-y-otros-colegas-presentan-una-resolucion-que-reconoce-el-legado-del-presidente-george-h-w-bush-en-su-centenario\/#breadcrumb\"},\"inLanguage\":\"es-MX\",\"potentialAction\":[{\"@type\":\"ReadAction\",\"target\":[\"https:\/\/www.cornyn.senate.gov\/es-mx\/news\/cornyn-cruz-y-otros-colegas-presentan-una-resolucion-que-reconoce-el-legado-del-presidente-george-h-w-bush-en-su-centenario\/\"]}]},{\"@type\":\"BreadcrumbList\",\"@id\":\"https:\/\/www.cornyn.senate.gov\/es-mx\/news\/cornyn-cruz-y-otros-colegas-presentan-una-resolucion-que-reconoce-el-legado-del-presidente-george-h-w-bush-en-su-centenario\/#breadcrumb\",\"itemListElement\":[{\"@type\":\"ListItem\",\"position\":1,\"name\":\"Home\",\"item\":\"https:\/\/www.cornyn.senate.gov\/es-mx\/\"},{\"@type\":\"ListItem\",\"position\":2,\"name\":\"News\",\"item\":\"https:\/\/www.cornyn.senate.gov\/es-mx\/news\/\"},{\"@type\":\"ListItem\",\"position\":3,\"name\":\"Cornyn, Cruz y otros colegas presentan una resoluci\u00f3n que reconoce el legado del presidente George H.W. Bush en su centenario\"}]},{\"@type\":\"WebSite\",\"@id\":\"https:\/\/www.cornyn.senate.gov\/es-mx\/#website\",\"url\":\"https:\/\/www.cornyn.senate.gov\/es-mx\/\",\"name\":\"Senator Cornyn\",\"description\":\"\",\"publisher\":{\"@id\":\"https:\/\/www.cornyn.senate.gov\/es-mx\/#organization\"},\"potentialAction\":[{\"@type\":\"SearchAction\",\"target\":{\"@type\":\"EntryPoint\",\"urlTemplate\":\"https:\/\/www.cornyn.senate.gov\/es-mx\/?s={search_term_string}\"},\"query-input\":{\"@type\":\"PropertyValueSpecification\",\"valueRequired\":true,\"valueName\":\"search_term_string\"}}],\"inLanguage\":\"es-MX\"},{\"@type\":\"Organization\",\"@id\":\"https:\/\/www.cornyn.senate.gov\/es-mx\/#organization\",\"name\":\"Senator Cornyn\",\"url\":\"https:\/\/www.cornyn.senate.gov\/es-mx\/\",\"logo\":{\"@type\":\"ImageObject\",\"inLanguage\":\"es-MX\",\"@id\":\"https:\/\/www.cornyn.senate.gov\/es-mx\/#\/schema\/logo\/image\/\",\"url\":\"https:\/\/www.cornyn.senate.gov\/wp-content\/uploads\/2022\/01\/Logo-2.svg\",\"contentUrl\":\"https:\/\/www.cornyn.senate.gov\/wp-content\/uploads\/2022\/01\/Logo-2.svg\",\"caption\":\"Senator Cornyn\"},\"image\":{\"@id\":\"https:\/\/www.cornyn.senate.gov\/es-mx\/#\/schema\/logo\/image\/\"},\"sameAs\":[\"https:\/\/www.facebook.com\/SenJohnCornyn\",\"https:\/\/x.com\/johncornyn\"]}]}<\/script>\n<!-- \/ Yoast SEO plugin. -->","yoast_head_json":{"title":"Cornyn, Cruz y otros colegas presentan una resoluci\u00f3n que reconoce el legado del presidente George H.W. Bush en su centenario - Senator Cornyn","robots":{"index":"index","follow":"follow","max-snippet":"max-snippet:-1","max-image-preview":"max-image-preview:large","max-video-preview":"max-video-preview:-1"},"canonical":"https:\/\/www.cornyn.senate.gov\/es-mx\/news\/cornyn-cruz-y-otros-colegas-presentan-una-resolucion-que-reconoce-el-legado-del-presidente-george-h-w-bush-en-su-centenario\/","og_locale":"es_MX","og_type":"article","og_title":"Cornyn, Cruz y otros colegas presentan una resoluci\u00f3n que reconoce el legado del presidente George H.W. Bush en su centenario - Senator Cornyn","og_description":"Noticias WASHINGTON &#8211; Hoy, los Senadores Los senadores John Cornyn (R-TX) y Ted Cruz (R-TX), junto con los senadores Chuck Grassley (R-IA), Susan Collins (R-ME), Steve Daines (R-MT), Shelley Moore Capito (R-WV), Thom Tillis (R-NC), Deb Fischer (R-NE), Roger Wicker (R-MS), y James Lankford (R-OK), presentaron una resoluci\u00f3n del Senado en la que se reconocen [&hellip;]","og_url":"https:\/\/www.cornyn.senate.gov\/es-mx\/news\/cornyn-cruz-y-otros-colegas-presentan-una-resolucion-que-reconoce-el-legado-del-presidente-george-h-w-bush-en-su-centenario\/","og_site_name":"Senator Cornyn","article_publisher":"https:\/\/www.facebook.com\/SenJohnCornyn","article_modified_time":"2024-07-10T15:23:52+00:00","og_image":[{"width":1024,"height":535,"url":"https:\/\/www.cornyn.senate.gov\/wp-content\/uploads\/2023\/11\/Twitter-Card-Dec-23-1024x535.png","type":"image\/png"}],"twitter_card":"summary_large_image","twitter_site":"@johncornyn","twitter_misc":{"Est. reading time":"7 minutes"},"schema":{"@context":"https:\/\/schema.org","@graph":[{"@type":"WebPage","@id":"https:\/\/www.cornyn.senate.gov\/es-mx\/news\/cornyn-cruz-y-otros-colegas-presentan-una-resolucion-que-reconoce-el-legado-del-presidente-george-h-w-bush-en-su-centenario\/","url":"https:\/\/www.cornyn.senate.gov\/es-mx\/news\/cornyn-cruz-y-otros-colegas-presentan-una-resolucion-que-reconoce-el-legado-del-presidente-george-h-w-bush-en-su-centenario\/","name":"Cornyn, Cruz y otros colegas presentan una resoluci\u00f3n que reconoce el legado del presidente George H.W. Bush en su centenario - Senator Cornyn","isPartOf":{"@id":"https:\/\/www.cornyn.senate.gov\/es-mx\/#website"},"datePublished":"2024-06-12T18:06:10+00:00","dateModified":"2024-07-10T15:23:52+00:00","breadcrumb":{"@id":"https:\/\/www.cornyn.senate.gov\/es-mx\/news\/cornyn-cruz-y-otros-colegas-presentan-una-resolucion-que-reconoce-el-legado-del-presidente-george-h-w-bush-en-su-centenario\/#breadcrumb"},"inLanguage":"es-MX","potentialAction":[{"@type":"ReadAction","target":["https:\/\/www.cornyn.senate.gov\/es-mx\/news\/cornyn-cruz-y-otros-colegas-presentan-una-resolucion-que-reconoce-el-legado-del-presidente-george-h-w-bush-en-su-centenario\/"]}]},{"@type":"BreadcrumbList","@id":"https:\/\/www.cornyn.senate.gov\/es-mx\/news\/cornyn-cruz-y-otros-colegas-presentan-una-resolucion-que-reconoce-el-legado-del-presidente-george-h-w-bush-en-su-centenario\/#breadcrumb","itemListElement":[{"@type":"ListItem","position":1,"name":"Home","item":"https:\/\/www.cornyn.senate.gov\/es-mx\/"},{"@type":"ListItem","position":2,"name":"News","item":"https:\/\/www.cornyn.senate.gov\/es-mx\/news\/"},{"@type":"ListItem","position":3,"name":"Cornyn, Cruz y otros colegas presentan una resoluci\u00f3n que reconoce el legado del presidente George H.W. Bush en su centenario"}]},{"@type":"WebSite","@id":"https:\/\/www.cornyn.senate.gov\/es-mx\/#website","url":"https:\/\/www.cornyn.senate.gov\/es-mx\/","name":"Senator Cornyn","description":"","publisher":{"@id":"https:\/\/www.cornyn.senate.gov\/es-mx\/#organization"},"potentialAction":[{"@type":"SearchAction","target":{"@type":"EntryPoint","urlTemplate":"https:\/\/www.cornyn.senate.gov\/es-mx\/?s={search_term_string}"},"query-input":{"@type":"PropertyValueSpecification","valueRequired":true,"valueName":"search_term_string"}}],"inLanguage":"es-MX"},{"@type":"Organization","@id":"https:\/\/www.cornyn.senate.gov\/es-mx\/#organization","name":"Senator Cornyn","url":"https:\/\/www.cornyn.senate.gov\/es-mx\/","logo":{"@type":"ImageObject","inLanguage":"es-MX","@id":"https:\/\/www.cornyn.senate.gov\/es-mx\/#\/schema\/logo\/image\/","url":"https:\/\/www.cornyn.senate.gov\/wp-content\/uploads\/2022\/01\/Logo-2.svg","contentUrl":"https:\/\/www.cornyn.senate.gov\/wp-content\/uploads\/2022\/01\/Logo-2.svg","caption":"Senator Cornyn"},"image":{"@id":"https:\/\/www.cornyn.senate.gov\/es-mx\/#\/schema\/logo\/image\/"},"sameAs":["https:\/\/www.facebook.com\/SenJohnCornyn","https:\/\/x.com\/johncornyn"]}]}},"_links":{"self":[{"href":"https:\/\/www.cornyn.senate.gov\/es-mx\/wp-json\/wp\/v2\/news\/46474","targetHints":{"allow":["GET"]}}],"collection":[{"href":"https:\/\/www.cornyn.senate.gov\/es-mx\/wp-json\/wp\/v2\/news"}],"about":[{"href":"https:\/\/www.cornyn.senate.gov\/es-mx\/wp-json\/wp\/v2\/types\/news"}],"author":[{"embeddable":true,"href":"https:\/\/www.cornyn.senate.gov\/es-mx\/wp-json\/wp\/v2\/users\/20"}],"version-history":[{"count":1,"href":"https:\/\/www.cornyn.senate.gov\/es-mx\/wp-json\/wp\/v2\/news\/46474\/revisions"}],"predecessor-version":[{"id":46476,"href":"https:\/\/www.cornyn.senate.gov\/es-mx\/wp-json\/wp\/v2\/news\/46474\/revisions\/46476"}],"wp:attachment":[{"href":"https:\/\/www.cornyn.senate.gov\/es-mx\/wp-json\/wp\/v2\/media?parent=46474"}],"wp:term":[{"taxonomy":"news-type","embeddable":true,"href":"https:\/\/www.cornyn.senate.gov\/es-mx\/wp-json\/wp\/v2\/news-type?post=46474"},{"taxonomy":"issues","embeddable":true,"href":"https:\/\/www.cornyn.senate.gov\/es-mx\/wp-json\/wp\/v2\/issues?post=46474"}],"curies":[{"name":"wp","href":"https:\/\/api.w.org\/{rel}","templated":true}]}}