{"id":46720,"date":"2024-06-18T17:25:30","date_gmt":"2024-06-18T21:25:30","guid":{"rendered":"https:\/\/www.cornyn.senate.gov\/?post_type=news&#038;p=46720"},"modified":"2024-07-10T11:23:50","modified_gmt":"2024-07-10T15:23:50","slug":"cornyn-encabeza-a-sus-colegas-del-comite-de-inteligencia-que-instan-al-gobierno-de-biden-a-aplicar-la-ley-de-desclasificacion","status":"publish","type":"news","link":"https:\/\/www.cornyn.senate.gov\/es-mx\/news\/cornyn-encabeza-a-sus-colegas-del-comite-de-inteligencia-que-instan-al-gobierno-de-biden-a-aplicar-la-ley-de-desclasificacion\/","title":{"rendered":"Cornyn encabeza a sus colegas del Comit\u00e9 de Inteligencia que instan al gobierno de Biden a aplicar la ley de desclasificaci\u00f3n"},"content":{"rendered":"\t\t<div data-elementor-type=\"wp-post\" data-elementor-id=\"46720\" class=\"elementor elementor-46720 elementor-46704\" data-elementor-post-type=\"news\">\n\t\t\t\t\t\t<section class=\"elementor-section elementor-top-section elementor-element elementor-element-71bdf3c6 elementor-section-boxed elementor-section-height-default elementor-section-height-default\" data-id=\"71bdf3c6\" data-element_type=\"section\" data-e-type=\"section\">\n\t\t\t\t\t\t<div class=\"elementor-container elementor-column-gap-default\">\n\t\t\t\t\t<div class=\"elementor-column elementor-col-100 elementor-top-column elementor-element elementor-element-67c12451\" data-id=\"67c12451\" data-element_type=\"column\" data-e-type=\"column\">\n\t\t\t<div class=\"elementor-widget-wrap elementor-element-populated\">\n\t\t\t\t\t\t<section class=\"elementor-section elementor-inner-section elementor-element elementor-element-7cb5586b elementor-section-boxed elementor-section-height-default elementor-section-height-default\" data-id=\"7cb5586b\" data-element_type=\"section\" data-e-type=\"section\">\n\t\t\t\t\t\t<div class=\"elementor-container elementor-column-gap-default\">\n\t\t\t\t\t<div class=\"elementor-column elementor-col-50 elementor-inner-column elementor-element elementor-element-55e34c02\" data-id=\"55e34c02\" data-element_type=\"column\" data-e-type=\"column\">\n\t\t\t<div class=\"elementor-widget-wrap elementor-element-populated\">\n\t\t\t\t\t\t<div class=\"elementor-element elementor-element-5d10cd50 breadcrumb--back elementor-widget elementor-widget-button\" data-id=\"5d10cd50\" data-element_type=\"widget\" data-e-type=\"widget\" data-widget_type=\"button.default\">\n\t\t\t\t<div class=\"elementor-widget-container\">\n\t\t\t\t\t\t\t\t\t<div class=\"elementor-button-wrapper\">\n\t\t\t\t\t<a class=\"elementor-button elementor-button-link elementor-size-sm\" href=\"\/news\/\">\n\t\t\t\t\t\t<span class=\"elementor-button-content-wrapper\">\n\t\t\t\t\t\t<span class=\"elementor-button-icon\">\n\t\t\t\t<i aria-hidden=\"true\" class=\"icon icon-arrow-left\"><\/i>\t\t\t<\/span>\n\t\t\t\t\t\t\t\t\t<span class=\"elementor-button-text\">Noticias<\/span>\n\t\t\t\t\t<\/span>\n\t\t\t\t\t<\/a>\n\t\t\t\t<\/div>\n\t\t\t\t\t\t\t\t<\/div>\n\t\t\t\t<\/div>\n\t\t\t\t\t<\/div>\n\t\t<\/div>\n\t\t\t\t<div class=\"elementor-column elementor-col-50 elementor-inner-column elementor-element elementor-element-7db6c2d0 content-page__content\" data-id=\"7db6c2d0\" data-element_type=\"column\" data-e-type=\"column\">\n\t\t\t<div class=\"elementor-widget-wrap elementor-element-populated\">\n\t\t\t\t\t\t<div class=\"elementor-element elementor-element-78b52576 elementor-widget elementor-widget-theme-post-title elementor-page-title elementor-widget-heading\" data-id=\"78b52576\" data-element_type=\"widget\" data-e-type=\"widget\" data-widget_type=\"theme-post-title.default\">\n\t\t\t\t<div class=\"elementor-widget-container\">\n\t\t\t\t\t<h1 class=\"elementor-heading-title elementor-size-default\">Cornyn encabeza a sus colegas del Comit\u00e9 de Inteligencia que instan al gobierno de Biden a aplicar la ley de desclasificaci\u00f3n<\/h1>\t\t\t\t<\/div>\n\t\t\t\t<\/div>\n\t\t\t\t<div class=\"elementor-element elementor-element-45ce9b23 elementor-widget-divider--view-line elementor-widget elementor-widget-divider\" data-id=\"45ce9b23\" data-element_type=\"widget\" data-e-type=\"widget\" data-widget_type=\"divider.default\">\n\t\t\t\t<div class=\"elementor-widget-container\">\n\t\t\t\t\t\t\t<div class=\"elementor-divider\">\n\t\t\t<span class=\"elementor-divider-separator\">\n\t\t\t\t\t\t<\/span>\n\t\t<\/div>\n\t\t\t\t\t\t<\/div>\n\t\t\t\t<\/div>\n\t\t\t\t<div class=\"elementor-element elementor-element-7f65df2c elementor-widget__width-initial elementor-widget-mobile__width-inherit elementor-widget elementor-widget-text-editor\" data-id=\"7f65df2c\" data-element_type=\"widget\" data-e-type=\"widget\" data-widget_type=\"text-editor.default\">\n\t\t\t\t<div class=\"elementor-widget-container\">\n\t\t\t\t\t\t\t\t\tJune 18, 2024\t\t\t\t\t\t\t\t<\/div>\n\t\t\t\t<\/div>\n\t\t\t\t<div class=\"elementor-element elementor-element-156d7a6 elementor-share-buttons--view-icon elementor-share-buttons--skin-flat elementor-share-buttons--shape-circle elementor-share-buttons--color-custom share-buttons elementor-widget__width-initial elementor-widget-mobile__width-inherit elementor-grid-0 elementor-widget elementor-widget-share-buttons\" data-id=\"156d7a6\" data-element_type=\"widget\" data-e-type=\"widget\" title=\"Share\" data-widget_type=\"share-buttons.default\">\n\t\t\t\t<div class=\"elementor-widget-container\">\n\t\t\t\t\t\t\t<div class=\"elementor-grid\" role=\"list\">\n\t\t\t\t\t\t\t\t<div class=\"elementor-grid-item\" role=\"listitem\">\n\t\t\t\t\t\t<div class=\"elementor-share-btn elementor-share-btn_email\" role=\"button\" tabindex=\"0\" aria-label=\"Share on email\">\n\t\t\t\t\t\t\t\t\t\t\t\t\t\t\t<span class=\"elementor-share-btn__icon\">\n\t\t\t\t\t\t\t\t<i class=\"fas fa-envelope\" aria-hidden=\"true\"><\/i>\t\t\t\t\t\t\t<\/span>\n\t\t\t\t\t\t\t\t\t\t\t\t\t\t\t\t\t\t\t\t<\/div>\n\t\t\t\t\t<\/div>\n\t\t\t\t\t\t\t\t\t<div class=\"elementor-grid-item\" role=\"listitem\">\n\t\t\t\t\t\t<div class=\"elementor-share-btn elementor-share-btn_linkedin\" role=\"button\" tabindex=\"0\" aria-label=\"Share on linkedin\">\n\t\t\t\t\t\t\t\t\t\t\t\t\t\t\t<span class=\"elementor-share-btn__icon\">\n\t\t\t\t\t\t\t\t<i class=\"fab fa-linkedin\" aria-hidden=\"true\"><\/i>\t\t\t\t\t\t\t<\/span>\n\t\t\t\t\t\t\t\t\t\t\t\t\t\t\t\t\t\t\t\t<\/div>\n\t\t\t\t\t<\/div>\n\t\t\t\t\t\t\t\t\t<div class=\"elementor-grid-item\" role=\"listitem\">\n\t\t\t\t\t\t<div class=\"elementor-share-btn elementor-share-btn_facebook\" role=\"button\" tabindex=\"0\" aria-label=\"Share on facebook\">\n\t\t\t\t\t\t\t\t\t\t\t\t\t\t\t<span class=\"elementor-share-btn__icon\">\n\t\t\t\t\t\t\t\t<i class=\"fab fa-facebook\" aria-hidden=\"true\"><\/i>\t\t\t\t\t\t\t<\/span>\n\t\t\t\t\t\t\t\t\t\t\t\t\t\t\t\t\t\t\t\t<\/div>\n\t\t\t\t\t<\/div>\n\t\t\t\t\t\t<\/div>\n\t\t\t\t\t\t<\/div>\n\t\t\t\t<\/div>\n\t\t\t\t<div class=\"elementor-element elementor-element-72beb30a elementor-widget elementor-widget-text-editor\" data-id=\"72beb30a\" data-element_type=\"widget\" data-e-type=\"widget\" data-widget_type=\"text-editor.default\">\n\t\t\t\t<div class=\"elementor-widget-container\">\n\t\t\t\t\t\t\t\t\t<p><strong>WASHINGTON <\/strong>&#8211; El Senador John Cornyn (R-TX), el Presidente del Comit\u00e9 Selecto de Inteligencia del Senado, Mark Warner (D-VA), y los Senadores Jerry Moran (R-KS), Ron Wyden (D-OR), Susan Collins (R-ME), Angus King (I-ME), Mike Rounds (R-SD), Martin Heinrich (D-NM), James Lankford (R-OK) y Bob Casey (D-PA) enviaron una carta a la Directora de Informaci\u00f3n Federal de la Oficina de Gesti\u00f3n y Presupuesto de EE.UU., Clare Martorana, solicitando informaci\u00f3n actualizada sobre la aplicaci\u00f3n de la Ley de Protecci\u00f3n de Datos.Clare Martorana, Jefa Federal de Informaci\u00f3n de la Oficina de Gesti\u00f3n y Presupuesto de los EE.UU., solicitando informaci\u00f3n actualizada sobre la aplicaci\u00f3n de la Ley de Protecci\u00f3n de Datos. <a href=\"https:\/\/www.cornyn.senate.gov\/es-mx\/?post_type=news&#038;p=43326\"><em>Ley de Clasificaci\u00f3n Sensata<\/em><\/a>que se promulg\u00f3 el a\u00f1o pasado como parte de la <em>Ley de Autorizaci\u00f3n de Inteligencia<\/em> incluida en la <em>Ley de Autorizaci\u00f3n de la Defensa<\/em> Nacional:<\/p>\n<p>Escribieron: <em>&#8220;Escribimos para solicitar una actualizaci\u00f3n de tus progresos en el desarrollo de una soluci\u00f3n tecnol\u00f3gica para la clasificaci\u00f3n y desclasificaci\u00f3n de acuerdo con la Ley de Clasificaci\u00f3n Sensata Enmendada de 2023&#8221;.<\/em><\/p>\n<p><em>&#8220;El gobierno sobreclasifica sistem\u00e1ticamente demasiada informaci\u00f3n con gran coste tanto para la confianza p\u00fablica como para la seguridad nacional. Al mismo tiempo, el gobierno a menudo no protege los secretos m\u00e1s importantes de la naci\u00f3n.&#8221;<\/em><\/p>\n<p><em>&#8220;Parte de la soluci\u00f3n a estos dos retos pasa por la adopci\u00f3n de tecnolog\u00eda que permita clasificar y desclasificar la informaci\u00f3n de forma m\u00e1s eficiente y eficaz.&#8221;<\/em><\/p>\n<p><em>&#8220;Esta oportunidad de adaptar nuestros procesos de clasificaci\u00f3n y desclasificaci\u00f3n mejorar\u00e1 en gran medida la capacidad del gobierno de mantener la responsabilidad de nuestros documentos y registros clasificados, agilizar\u00e1 procesos cr\u00edticos importantes para nuestra seguridad nacional y trabajar\u00e1 para restablecer la confianza y la transparencia entre el gobierno de Estados Unidos y el pueblo estadounidense.&#8221;<\/em><\/p>\n<p>El texto completo de esta carta est\u00e1 <a href=\"https:\/\/www.cornyn.senate.gov\/es-mx\/letter-to-chief-information-officer-clare-martorana-regarding-classification-2\/\">aqu\u00ed<\/a> y m\u00e1s abajo.<\/p>\n<p>18 de junio de 2024<\/p>\n<p>Estimada Sra. Martorana,<\/p>\n<p>Te escribimos para pedirte informaci\u00f3n actualizada sobre tus progresos en el desarrollo de una soluci\u00f3n tecnol\u00f3gica para la clasificaci\u00f3n y desclasificaci\u00f3n de acuerdo con la Ley de Clasificaci\u00f3n Sensata Enmendada de 2023. Como sabes, este proyecto se convirti\u00f3 en ley como parte de la Ley de Autorizaci\u00f3n de la Defensa Nacional para el a\u00f1o fiscal 24, ahora conocida como PL 118-31.<\/p>\n<p>El gobierno sobreclasifica sistem\u00e1ticamente demasiada informaci\u00f3n con gran coste tanto para la confianza p\u00fablica como para la seguridad nacional. Al mismo tiempo, el gobierno no suele proteger los secretos m\u00e1s importantes de la naci\u00f3n. Parte de la soluci\u00f3n a estos dos retos pasa por la adopci\u00f3n de tecnolog\u00eda que permita clasificar y desclasificar la informaci\u00f3n de forma m\u00e1s eficiente y eficaz. El requisito legal incluye consultas con el Secretario de Defensa, el Director de la Agencia Central de Inteligencia, el Director de Inteligencia Nacional, la Junta de Desclasificaci\u00f3n de Inter\u00e9s P\u00fablico, el Director de la Oficina de Supervisi\u00f3n de la Seguridad de la Informaci\u00f3n y el jefe del Centro Nacional de Desclasificaci\u00f3n de la Administraci\u00f3n Nacional de Archivos y Registros, espec\u00edficamente para investigar un sistema eficiente y eficaz, que se implante de forma interoperable y federada en todo el gobierno federal para clasificar y desclasificar informaci\u00f3n. Tambi\u00e9n debes saber que en el plazo de un a\u00f1o desde la promulgaci\u00f3n de la ley debe presentarse un informe al Congreso sobre sus progresos.<\/p>\n<p>Por tanto, solicitamos una respuesta puntual a esta carta que pueda responder satisfactoriamente a las siguientes preguntas:<\/p>\n<ul>\n<li>\u00bfQu\u00e9 progresos has hecho en la investigaci\u00f3n de una soluci\u00f3n basada en la tecnolog\u00eda para apoyar una clasificaci\u00f3n y desclasificaci\u00f3n eficiente y eficaz de acuerdo con los requisitos legales?<\/li>\n<li>\u00bfQu\u00e9 reuniones o coordinaci\u00f3n has realizado con los responsables de los organismos enumerados anteriormente y en el estatuto?<\/li>\n<li>\u00bfC\u00f3mo garantizar\u00e1s que la soluci\u00f3n tecnol\u00f3gica sea interoperable y federada en todo el gobierno federal?<\/li>\n<li>\u00bfEst\u00e1s en v\u00edas de cumplir el requisito legal de presentar un informe al Congreso a finales de a\u00f1o?<\/li>\n<\/ul>\n<p>Esta oportunidad de adaptar nuestros procesos de clasificaci\u00f3n y desclasificaci\u00f3n mejorar\u00e1 en gran medida la capacidad del gobierno para mantener la responsabilidad de nuestros documentos y registros clasificados, agilizar procesos cr\u00edticos importantes para nuestra seguridad nacional y trabajar para restablecer la confianza y la transparencia entre el gobierno de Estados Unidos y el pueblo estadounidense.<\/p>\n<p>Gracias por tu tiempo y atenci\u00f3n a este asunto.<\/p>\n<p>Atentamente,<\/p>\n<p>\/s\/<\/p>\n\t\t\t\t\t\t\t\t<\/div>\n\t\t\t\t<\/div>\n\t\t\t\t\t<\/div>\n\t\t<\/div>\n\t\t\t\t\t<\/div>\n\t\t<\/section>\n\t\t\t\t\t<\/div>\n\t\t<\/div>\n\t\t\t\t\t<\/div>\n\t\t<\/section>\n\t\t\t\t<\/div>\n\t\t","protected":false},"author":20,"template":"","news-type":[161],"issues":[165],"class_list":["post-46720","news","type-news","status-publish","hentry","news-type-press-releases-es-mx","issues-foreign-affairs-national-security-es-mx"],"acf":[],"yoast_head":"<!-- This site is optimized with the Yoast SEO plugin v27.2 - https:\/\/yoast.com\/product\/yoast-seo-wordpress\/ -->\n<title>Cornyn encabeza a sus colegas del Comit\u00e9 de Inteligencia que instan al gobierno de Biden a aplicar la ley de desclasificaci\u00f3n - Senator Cornyn<\/title>\n<meta name=\"robots\" content=\"index, follow, max-snippet:-1, max-image-preview:large, max-video-preview:-1\" \/>\n<link rel=\"canonical\" href=\"https:\/\/www.cornyn.senate.gov\/es-mx\/news\/cornyn-encabeza-a-sus-colegas-del-comite-de-inteligencia-que-instan-al-gobierno-de-biden-a-aplicar-la-ley-de-desclasificacion\/\" \/>\n<meta property=\"og:locale\" content=\"es_MX\" \/>\n<meta property=\"og:type\" content=\"article\" \/>\n<meta property=\"og:title\" content=\"Cornyn encabeza a sus colegas del Comit\u00e9 de Inteligencia que instan al gobierno de Biden a aplicar la ley de desclasificaci\u00f3n - Senator Cornyn\" \/>\n<meta property=\"og:description\" content=\"Noticias WASHINGTON &#8211; El Senador John Cornyn (R-TX), el Presidente del Comit\u00e9 Selecto de Inteligencia del Senado, Mark Warner (D-VA), y los Senadores Jerry Moran (R-KS), Ron Wyden (D-OR), Susan Collins (R-ME), Angus King (I-ME), Mike Rounds (R-SD), Martin Heinrich (D-NM), James Lankford (R-OK) y Bob Casey (D-PA) enviaron una carta a la Directora de [&hellip;]\" \/>\n<meta property=\"og:url\" content=\"https:\/\/www.cornyn.senate.gov\/es-mx\/news\/cornyn-encabeza-a-sus-colegas-del-comite-de-inteligencia-que-instan-al-gobierno-de-biden-a-aplicar-la-ley-de-desclasificacion\/\" \/>\n<meta property=\"og:site_name\" content=\"Senator Cornyn\" \/>\n<meta property=\"article:publisher\" content=\"https:\/\/www.facebook.com\/SenJohnCornyn\" \/>\n<meta property=\"article:modified_time\" content=\"2024-07-10T15:23:50+00:00\" \/>\n<meta property=\"og:image\" content=\"https:\/\/www.cornyn.senate.gov\/wp-content\/uploads\/2023\/11\/Twitter-Card-Dec-23-1024x535.png\" \/>\n\t<meta property=\"og:image:width\" content=\"1024\" \/>\n\t<meta property=\"og:image:height\" content=\"535\" \/>\n\t<meta property=\"og:image:type\" content=\"image\/png\" \/>\n<meta name=\"twitter:card\" content=\"summary_large_image\" \/>\n<meta name=\"twitter:site\" content=\"@johncornyn\" \/>\n<meta name=\"twitter:label1\" content=\"Est. reading time\" \/>\n\t<meta name=\"twitter:data1\" content=\"4 minutes\" \/>\n<script type=\"application\/ld+json\" class=\"yoast-schema-graph\">{\"@context\":\"https:\/\/schema.org\",\"@graph\":[{\"@type\":\"WebPage\",\"@id\":\"https:\/\/www.cornyn.senate.gov\/es-mx\/news\/cornyn-encabeza-a-sus-colegas-del-comite-de-inteligencia-que-instan-al-gobierno-de-biden-a-aplicar-la-ley-de-desclasificacion\/\",\"url\":\"https:\/\/www.cornyn.senate.gov\/es-mx\/news\/cornyn-encabeza-a-sus-colegas-del-comite-de-inteligencia-que-instan-al-gobierno-de-biden-a-aplicar-la-ley-de-desclasificacion\/\",\"name\":\"Cornyn encabeza a sus colegas del Comit\u00e9 de Inteligencia que instan al gobierno de Biden a aplicar la ley de desclasificaci\u00f3n - Senator Cornyn\",\"isPartOf\":{\"@id\":\"https:\/\/www.cornyn.senate.gov\/es-mx\/#website\"},\"datePublished\":\"2024-06-18T21:25:30+00:00\",\"dateModified\":\"2024-07-10T15:23:50+00:00\",\"breadcrumb\":{\"@id\":\"https:\/\/www.cornyn.senate.gov\/es-mx\/news\/cornyn-encabeza-a-sus-colegas-del-comite-de-inteligencia-que-instan-al-gobierno-de-biden-a-aplicar-la-ley-de-desclasificacion\/#breadcrumb\"},\"inLanguage\":\"es-MX\",\"potentialAction\":[{\"@type\":\"ReadAction\",\"target\":[\"https:\/\/www.cornyn.senate.gov\/es-mx\/news\/cornyn-encabeza-a-sus-colegas-del-comite-de-inteligencia-que-instan-al-gobierno-de-biden-a-aplicar-la-ley-de-desclasificacion\/\"]}]},{\"@type\":\"BreadcrumbList\",\"@id\":\"https:\/\/www.cornyn.senate.gov\/es-mx\/news\/cornyn-encabeza-a-sus-colegas-del-comite-de-inteligencia-que-instan-al-gobierno-de-biden-a-aplicar-la-ley-de-desclasificacion\/#breadcrumb\",\"itemListElement\":[{\"@type\":\"ListItem\",\"position\":1,\"name\":\"Home\",\"item\":\"https:\/\/www.cornyn.senate.gov\/es-mx\/\"},{\"@type\":\"ListItem\",\"position\":2,\"name\":\"News\",\"item\":\"https:\/\/www.cornyn.senate.gov\/es-mx\/news\/\"},{\"@type\":\"ListItem\",\"position\":3,\"name\":\"Cornyn encabeza a sus colegas del Comit\u00e9 de Inteligencia que instan al gobierno de Biden a aplicar la ley de desclasificaci\u00f3n\"}]},{\"@type\":\"WebSite\",\"@id\":\"https:\/\/www.cornyn.senate.gov\/es-mx\/#website\",\"url\":\"https:\/\/www.cornyn.senate.gov\/es-mx\/\",\"name\":\"Senator Cornyn\",\"description\":\"\",\"publisher\":{\"@id\":\"https:\/\/www.cornyn.senate.gov\/es-mx\/#organization\"},\"potentialAction\":[{\"@type\":\"SearchAction\",\"target\":{\"@type\":\"EntryPoint\",\"urlTemplate\":\"https:\/\/www.cornyn.senate.gov\/es-mx\/?s={search_term_string}\"},\"query-input\":{\"@type\":\"PropertyValueSpecification\",\"valueRequired\":true,\"valueName\":\"search_term_string\"}}],\"inLanguage\":\"es-MX\"},{\"@type\":\"Organization\",\"@id\":\"https:\/\/www.cornyn.senate.gov\/es-mx\/#organization\",\"name\":\"Senator Cornyn\",\"url\":\"https:\/\/www.cornyn.senate.gov\/es-mx\/\",\"logo\":{\"@type\":\"ImageObject\",\"inLanguage\":\"es-MX\",\"@id\":\"https:\/\/www.cornyn.senate.gov\/es-mx\/#\/schema\/logo\/image\/\",\"url\":\"https:\/\/www.cornyn.senate.gov\/wp-content\/uploads\/2022\/01\/Logo-2.svg\",\"contentUrl\":\"https:\/\/www.cornyn.senate.gov\/wp-content\/uploads\/2022\/01\/Logo-2.svg\",\"caption\":\"Senator Cornyn\"},\"image\":{\"@id\":\"https:\/\/www.cornyn.senate.gov\/es-mx\/#\/schema\/logo\/image\/\"},\"sameAs\":[\"https:\/\/www.facebook.com\/SenJohnCornyn\",\"https:\/\/x.com\/johncornyn\"]}]}<\/script>\n<!-- \/ Yoast SEO plugin. -->","yoast_head_json":{"title":"Cornyn encabeza a sus colegas del Comit\u00e9 de Inteligencia que instan al gobierno de Biden a aplicar la ley de desclasificaci\u00f3n - Senator Cornyn","robots":{"index":"index","follow":"follow","max-snippet":"max-snippet:-1","max-image-preview":"max-image-preview:large","max-video-preview":"max-video-preview:-1"},"canonical":"https:\/\/www.cornyn.senate.gov\/es-mx\/news\/cornyn-encabeza-a-sus-colegas-del-comite-de-inteligencia-que-instan-al-gobierno-de-biden-a-aplicar-la-ley-de-desclasificacion\/","og_locale":"es_MX","og_type":"article","og_title":"Cornyn encabeza a sus colegas del Comit\u00e9 de Inteligencia que instan al gobierno de Biden a aplicar la ley de desclasificaci\u00f3n - Senator Cornyn","og_description":"Noticias WASHINGTON &#8211; El Senador John Cornyn (R-TX), el Presidente del Comit\u00e9 Selecto de Inteligencia del Senado, Mark Warner (D-VA), y los Senadores Jerry Moran (R-KS), Ron Wyden (D-OR), Susan Collins (R-ME), Angus King (I-ME), Mike Rounds (R-SD), Martin Heinrich (D-NM), James Lankford (R-OK) y Bob Casey (D-PA) enviaron una carta a la Directora de [&hellip;]","og_url":"https:\/\/www.cornyn.senate.gov\/es-mx\/news\/cornyn-encabeza-a-sus-colegas-del-comite-de-inteligencia-que-instan-al-gobierno-de-biden-a-aplicar-la-ley-de-desclasificacion\/","og_site_name":"Senator Cornyn","article_publisher":"https:\/\/www.facebook.com\/SenJohnCornyn","article_modified_time":"2024-07-10T15:23:50+00:00","og_image":[{"width":1024,"height":535,"url":"https:\/\/www.cornyn.senate.gov\/wp-content\/uploads\/2023\/11\/Twitter-Card-Dec-23-1024x535.png","type":"image\/png"}],"twitter_card":"summary_large_image","twitter_site":"@johncornyn","twitter_misc":{"Est. reading time":"4 minutes"},"schema":{"@context":"https:\/\/schema.org","@graph":[{"@type":"WebPage","@id":"https:\/\/www.cornyn.senate.gov\/es-mx\/news\/cornyn-encabeza-a-sus-colegas-del-comite-de-inteligencia-que-instan-al-gobierno-de-biden-a-aplicar-la-ley-de-desclasificacion\/","url":"https:\/\/www.cornyn.senate.gov\/es-mx\/news\/cornyn-encabeza-a-sus-colegas-del-comite-de-inteligencia-que-instan-al-gobierno-de-biden-a-aplicar-la-ley-de-desclasificacion\/","name":"Cornyn encabeza a sus colegas del Comit\u00e9 de Inteligencia que instan al gobierno de Biden a aplicar la ley de desclasificaci\u00f3n - Senator Cornyn","isPartOf":{"@id":"https:\/\/www.cornyn.senate.gov\/es-mx\/#website"},"datePublished":"2024-06-18T21:25:30+00:00","dateModified":"2024-07-10T15:23:50+00:00","breadcrumb":{"@id":"https:\/\/www.cornyn.senate.gov\/es-mx\/news\/cornyn-encabeza-a-sus-colegas-del-comite-de-inteligencia-que-instan-al-gobierno-de-biden-a-aplicar-la-ley-de-desclasificacion\/#breadcrumb"},"inLanguage":"es-MX","potentialAction":[{"@type":"ReadAction","target":["https:\/\/www.cornyn.senate.gov\/es-mx\/news\/cornyn-encabeza-a-sus-colegas-del-comite-de-inteligencia-que-instan-al-gobierno-de-biden-a-aplicar-la-ley-de-desclasificacion\/"]}]},{"@type":"BreadcrumbList","@id":"https:\/\/www.cornyn.senate.gov\/es-mx\/news\/cornyn-encabeza-a-sus-colegas-del-comite-de-inteligencia-que-instan-al-gobierno-de-biden-a-aplicar-la-ley-de-desclasificacion\/#breadcrumb","itemListElement":[{"@type":"ListItem","position":1,"name":"Home","item":"https:\/\/www.cornyn.senate.gov\/es-mx\/"},{"@type":"ListItem","position":2,"name":"News","item":"https:\/\/www.cornyn.senate.gov\/es-mx\/news\/"},{"@type":"ListItem","position":3,"name":"Cornyn encabeza a sus colegas del Comit\u00e9 de Inteligencia que instan al gobierno de Biden a aplicar la ley de desclasificaci\u00f3n"}]},{"@type":"WebSite","@id":"https:\/\/www.cornyn.senate.gov\/es-mx\/#website","url":"https:\/\/www.cornyn.senate.gov\/es-mx\/","name":"Senator Cornyn","description":"","publisher":{"@id":"https:\/\/www.cornyn.senate.gov\/es-mx\/#organization"},"potentialAction":[{"@type":"SearchAction","target":{"@type":"EntryPoint","urlTemplate":"https:\/\/www.cornyn.senate.gov\/es-mx\/?s={search_term_string}"},"query-input":{"@type":"PropertyValueSpecification","valueRequired":true,"valueName":"search_term_string"}}],"inLanguage":"es-MX"},{"@type":"Organization","@id":"https:\/\/www.cornyn.senate.gov\/es-mx\/#organization","name":"Senator Cornyn","url":"https:\/\/www.cornyn.senate.gov\/es-mx\/","logo":{"@type":"ImageObject","inLanguage":"es-MX","@id":"https:\/\/www.cornyn.senate.gov\/es-mx\/#\/schema\/logo\/image\/","url":"https:\/\/www.cornyn.senate.gov\/wp-content\/uploads\/2022\/01\/Logo-2.svg","contentUrl":"https:\/\/www.cornyn.senate.gov\/wp-content\/uploads\/2022\/01\/Logo-2.svg","caption":"Senator Cornyn"},"image":{"@id":"https:\/\/www.cornyn.senate.gov\/es-mx\/#\/schema\/logo\/image\/"},"sameAs":["https:\/\/www.facebook.com\/SenJohnCornyn","https:\/\/x.com\/johncornyn"]}]}},"_links":{"self":[{"href":"https:\/\/www.cornyn.senate.gov\/es-mx\/wp-json\/wp\/v2\/news\/46720","targetHints":{"allow":["GET"]}}],"collection":[{"href":"https:\/\/www.cornyn.senate.gov\/es-mx\/wp-json\/wp\/v2\/news"}],"about":[{"href":"https:\/\/www.cornyn.senate.gov\/es-mx\/wp-json\/wp\/v2\/types\/news"}],"author":[{"embeddable":true,"href":"https:\/\/www.cornyn.senate.gov\/es-mx\/wp-json\/wp\/v2\/users\/20"}],"version-history":[{"count":1,"href":"https:\/\/www.cornyn.senate.gov\/es-mx\/wp-json\/wp\/v2\/news\/46720\/revisions"}],"predecessor-version":[{"id":46722,"href":"https:\/\/www.cornyn.senate.gov\/es-mx\/wp-json\/wp\/v2\/news\/46720\/revisions\/46722"}],"wp:attachment":[{"href":"https:\/\/www.cornyn.senate.gov\/es-mx\/wp-json\/wp\/v2\/media?parent=46720"}],"wp:term":[{"taxonomy":"news-type","embeddable":true,"href":"https:\/\/www.cornyn.senate.gov\/es-mx\/wp-json\/wp\/v2\/news-type?post=46720"},{"taxonomy":"issues","embeddable":true,"href":"https:\/\/www.cornyn.senate.gov\/es-mx\/wp-json\/wp\/v2\/issues?post=46720"}],"curies":[{"name":"wp","href":"https:\/\/api.w.org\/{rel}","templated":true}]}}