{"id":46768,"date":"2024-06-19T09:00:00","date_gmt":"2024-06-19T13:00:00","guid":{"rendered":"https:\/\/www.cornyn.senate.gov\/?post_type=news&#038;p=46768"},"modified":"2024-07-10T11:23:49","modified_gmt":"2024-07-10T15:23:49","slug":"video-declaracion-de-cornyn-sobre-juneteenth","status":"publish","type":"news","link":"https:\/\/www.cornyn.senate.gov\/es-mx\/news\/video-declaracion-de-cornyn-sobre-juneteenth\/","title":{"rendered":"V\u00cdDEO Declaraci\u00f3n de Cornyn sobre Juneteenth"},"content":{"rendered":"\t\t<div data-elementor-type=\"wp-post\" data-elementor-id=\"46768\" class=\"elementor elementor-46768 elementor-46750\" data-elementor-post-type=\"news\">\n\t\t\t\t\t\t<section class=\"elementor-section elementor-top-section elementor-element elementor-element-53045368 elementor-section-boxed elementor-section-height-default elementor-section-height-default\" data-id=\"53045368\" data-element_type=\"section\" data-e-type=\"section\">\n\t\t\t\t\t\t<div class=\"elementor-container elementor-column-gap-default\">\n\t\t\t\t\t<div class=\"elementor-column elementor-col-100 elementor-top-column elementor-element elementor-element-31494224\" data-id=\"31494224\" data-element_type=\"column\" data-e-type=\"column\">\n\t\t\t<div class=\"elementor-widget-wrap elementor-element-populated\">\n\t\t\t\t\t\t<section class=\"elementor-section elementor-inner-section elementor-element elementor-element-4694f6e2 elementor-section-boxed elementor-section-height-default elementor-section-height-default\" data-id=\"4694f6e2\" data-element_type=\"section\" data-e-type=\"section\">\n\t\t\t\t\t\t<div class=\"elementor-container elementor-column-gap-default\">\n\t\t\t\t\t<div class=\"elementor-column elementor-col-50 elementor-inner-column elementor-element elementor-element-5e2091dc\" data-id=\"5e2091dc\" data-element_type=\"column\" data-e-type=\"column\">\n\t\t\t<div class=\"elementor-widget-wrap elementor-element-populated\">\n\t\t\t\t\t\t<div class=\"elementor-element elementor-element-37249a1b breadcrumb--back elementor-widget elementor-widget-button\" data-id=\"37249a1b\" data-element_type=\"widget\" data-e-type=\"widget\" data-widget_type=\"button.default\">\n\t\t\t\t<div class=\"elementor-widget-container\">\n\t\t\t\t\t\t\t\t\t<div class=\"elementor-button-wrapper\">\n\t\t\t\t\t<a class=\"elementor-button elementor-button-link elementor-size-sm\" href=\"\/news\/\">\n\t\t\t\t\t\t<span class=\"elementor-button-content-wrapper\">\n\t\t\t\t\t\t<span class=\"elementor-button-icon\">\n\t\t\t\t<i aria-hidden=\"true\" class=\"icon icon-arrow-left\"><\/i>\t\t\t<\/span>\n\t\t\t\t\t\t\t\t\t<span class=\"elementor-button-text\">Noticias<\/span>\n\t\t\t\t\t<\/span>\n\t\t\t\t\t<\/a>\n\t\t\t\t<\/div>\n\t\t\t\t\t\t\t\t<\/div>\n\t\t\t\t<\/div>\n\t\t\t\t\t<\/div>\n\t\t<\/div>\n\t\t\t\t<div class=\"elementor-column elementor-col-50 elementor-inner-column elementor-element elementor-element-373ba67f content-page__content\" data-id=\"373ba67f\" data-element_type=\"column\" data-e-type=\"column\">\n\t\t\t<div class=\"elementor-widget-wrap elementor-element-populated\">\n\t\t\t\t\t\t<div class=\"elementor-element elementor-element-5e0d018d elementor-widget elementor-widget-theme-post-title elementor-page-title elementor-widget-heading\" data-id=\"5e0d018d\" data-element_type=\"widget\" data-e-type=\"widget\" data-widget_type=\"theme-post-title.default\">\n\t\t\t\t<div class=\"elementor-widget-container\">\n\t\t\t\t\t<h1 class=\"elementor-heading-title elementor-size-default\">V\u00cdDEO Declaraci\u00f3n de Cornyn sobre Juneteenth<\/h1>\t\t\t\t<\/div>\n\t\t\t\t<\/div>\n\t\t\t\t<div class=\"elementor-element elementor-element-1a1dca4b elementor-widget-divider--view-line elementor-widget elementor-widget-divider\" data-id=\"1a1dca4b\" data-element_type=\"widget\" data-e-type=\"widget\" data-widget_type=\"divider.default\">\n\t\t\t\t<div class=\"elementor-widget-container\">\n\t\t\t\t\t\t\t<div class=\"elementor-divider\">\n\t\t\t<span class=\"elementor-divider-separator\">\n\t\t\t\t\t\t<\/span>\n\t\t<\/div>\n\t\t\t\t\t\t<\/div>\n\t\t\t\t<\/div>\n\t\t\t\t<div class=\"elementor-element elementor-element-3e65bfd2 elementor-widget__width-initial elementor-widget-mobile__width-inherit elementor-widget elementor-widget-text-editor\" data-id=\"3e65bfd2\" data-element_type=\"widget\" data-e-type=\"widget\" data-widget_type=\"text-editor.default\">\n\t\t\t\t<div class=\"elementor-widget-container\">\n\t\t\t\t\t\t\t\t\tJune 19, 2024\t\t\t\t\t\t\t\t<\/div>\n\t\t\t\t<\/div>\n\t\t\t\t<div class=\"elementor-element elementor-element-61ca8e22 elementor-share-buttons--view-icon elementor-share-buttons--skin-flat elementor-share-buttons--shape-circle elementor-share-buttons--color-custom share-buttons elementor-widget__width-initial elementor-widget-mobile__width-inherit elementor-grid-0 elementor-widget elementor-widget-share-buttons\" data-id=\"61ca8e22\" data-element_type=\"widget\" data-e-type=\"widget\" title=\"Share\" data-widget_type=\"share-buttons.default\">\n\t\t\t\t<div class=\"elementor-widget-container\">\n\t\t\t\t\t\t\t<div class=\"elementor-grid\" role=\"list\">\n\t\t\t\t\t\t\t\t<div class=\"elementor-grid-item\" role=\"listitem\">\n\t\t\t\t\t\t<div class=\"elementor-share-btn elementor-share-btn_email\" role=\"button\" tabindex=\"0\" aria-label=\"Share on email\">\n\t\t\t\t\t\t\t\t\t\t\t\t\t\t\t<span class=\"elementor-share-btn__icon\">\n\t\t\t\t\t\t\t\t<i class=\"fas fa-envelope\" aria-hidden=\"true\"><\/i>\t\t\t\t\t\t\t<\/span>\n\t\t\t\t\t\t\t\t\t\t\t\t\t\t\t\t\t\t\t\t<\/div>\n\t\t\t\t\t<\/div>\n\t\t\t\t\t\t\t\t\t<div class=\"elementor-grid-item\" role=\"listitem\">\n\t\t\t\t\t\t<div class=\"elementor-share-btn elementor-share-btn_linkedin\" role=\"button\" tabindex=\"0\" aria-label=\"Share on linkedin\">\n\t\t\t\t\t\t\t\t\t\t\t\t\t\t\t<span class=\"elementor-share-btn__icon\">\n\t\t\t\t\t\t\t\t<i class=\"fab fa-linkedin\" aria-hidden=\"true\"><\/i>\t\t\t\t\t\t\t<\/span>\n\t\t\t\t\t\t\t\t\t\t\t\t\t\t\t\t\t\t\t\t<\/div>\n\t\t\t\t\t<\/div>\n\t\t\t\t\t\t\t\t\t<div class=\"elementor-grid-item\" role=\"listitem\">\n\t\t\t\t\t\t<div class=\"elementor-share-btn elementor-share-btn_facebook\" role=\"button\" tabindex=\"0\" aria-label=\"Share on facebook\">\n\t\t\t\t\t\t\t\t\t\t\t\t\t\t\t<span class=\"elementor-share-btn__icon\">\n\t\t\t\t\t\t\t\t<i class=\"fab fa-facebook\" aria-hidden=\"true\"><\/i>\t\t\t\t\t\t\t<\/span>\n\t\t\t\t\t\t\t\t\t\t\t\t\t\t\t\t\t\t\t\t<\/div>\n\t\t\t\t\t<\/div>\n\t\t\t\t\t\t<\/div>\n\t\t\t\t\t\t<\/div>\n\t\t\t\t<\/div>\n\t\t\t\t<div class=\"elementor-element elementor-element-2ad81f82 elementor-blockquote--skin-boxed elementor-widget elementor-widget-blockquote\" data-id=\"2ad81f82\" data-element_type=\"widget\" data-e-type=\"widget\" data-widget_type=\"blockquote.default\">\n\t\t\t\t<div class=\"elementor-widget-container\">\n\t\t\t\t\t\t\t<blockquote class=\"elementor-blockquote\">\n\t\t\t<p class=\"elementor-blockquote__content\">\n\t\t\t\tAl hacer de Juneteenth una fiesta nacional, nos hemos asegurado de que la historia y la importancia de este d\u00eda no queden relegadas a las notas a pie de p\u00e1gina de un libro de historia.\n<br><br>\nPreservar\u00e1 la historia de Juneteenth para las generaciones venideras y servir\u00e1 como recordatorio de la dura lucha por la libertad.\n<br><br> \nAgradezco el duro trabajo y la dedicaci\u00f3n de quienes han hecho posible el D\u00eda de la Independencia Nacional Juneteenth, y les deseo a todos un feliz Juneteenth.\t\t\t<\/p>\n\t\t\t\t\t<\/blockquote>\n\t\t\t\t\t\t<\/div>\n\t\t\t\t<\/div>\n\t\t\t\t<div class=\"elementor-element elementor-element-c8e9cb7 elementor-widget elementor-widget-text-editor\" data-id=\"c8e9cb7\" data-element_type=\"widget\" data-e-type=\"widget\" data-widget_type=\"text-editor.default\">\n\t\t\t\t<div class=\"elementor-widget-container\">\n\t\t\t\t\t\t\t\t\t<p><strong>WASHINGTON<\/strong> &#8211; Ayer, en el pleno, el senador John Cornyn (republicano de Texas) conmemor\u00f3 el D\u00eda de Junio, que marca la noticia de la libertad que lleg\u00f3 a los esclavizados de Texas a\u00f1os despu\u00e9s de que el presidente Lincoln firmara la Proclamaci\u00f3n de Emancipaci\u00f3n en 1863. El Senador Cornyn ha sido un l\u00edder en la introducci\u00f3n de una resoluci\u00f3n en honor al Juneteenth cada a\u00f1o desde 2011, que volvi\u00f3 a <a href=\"https:\/\/www.cornyn.senate.gov\/es-mx\/?post_type=news&#038;p=46740\">introducir<\/a> este a\u00f1o junto con 43 de sus colegas del Senado. En 2021, el senador Cornyn y la congresista Sheila Jackson Lee (TX-18) aprobaron con \u00e9xito su <a href=\"https:\/\/www.cornyn.senate.gov\/es-mx\/news\/vdeo-cornyn-finalmente-juneteenth-es-una-fiesta-nacional\/\">ley<\/a> para convertir el D\u00eda de Junio en fiesta federal. A continuaci\u00f3n se ofrecen extractos de las declaraciones del Senador Cornyn, y <a href=\"https:\/\/youtu.be\/9AiryNcq8MY\">aqu\u00ed<\/a> puede verse el v\u00eddeo. <\/p>\n<p><em>&#8220;Se\u00f1or Presidente, uno de los d\u00edas m\u00e1s definitorios para nuestro pa\u00eds, a lo largo de la historia de nuestra naci\u00f3n, fue cuando el Presidente Lincoln emiti\u00f3 la Proclamaci\u00f3n de Emancipaci\u00f3n el 1 de enero de 1863, liberando a todos los esclavos&#8221;.<\/em><\/p>\n<p><em>&#8220;Pero los esclavos de Texas no se enterar\u00edan de esta noticia que les cambiar\u00eda la vida hasta casi dos a\u00f1os y medio despu\u00e9s. No fue hasta el 19 de junio de 1865 -el d\u00eda que ahora conocemos como Juneteenth- cuando el general de divisi\u00f3n Gordon Granger y las tropas de la Uni\u00f3n llegaron a Galveston, Texas, y compartieron la noticia de que todas las personas anteriormente esclavizadas eran ahora libres.&#8221;<\/em><\/p>\n<p><em>&#8220;En 1979, Texas fue el primero de lo que llegar\u00edan a ser muchos estados en proclamar el D\u00eda de la Independencia como fiesta oficial del estado&#8221;.<\/em><\/p>\n<p><em>&#8220;Me he unido a varias de esas celebraciones de Juneteenth a lo largo de los a\u00f1os, pero la de 2021 en Galveston -cuna de Juneteenth- siempre destacar\u00e1 como una de mis favoritas&#8221;.<\/em><\/p>\n<p><em>&#8220;S\u00f3lo dos d\u00edas antes de esa celebraci\u00f3n, se promulg\u00f3 un proyecto de ley del que fui autora junto con la congresista Sheila Jackson Lee, por el que se establec\u00eda oficialmente el D\u00eda de Junio como fiesta nacional&#8221;. <\/em><\/p>\n<p><em>&#8220;Ser\u00eda negligente si no reconociera a la defensora m\u00e1s tenaz de la festividad de Juneteenth, mi amiga la Sra. Opal Lee, a quien se conoce como la &#8216;Abuela de Juneteenth'&#8221;.<\/em><\/p>\n<p><em>&#8220;Aunque Juneteenth es ahora una fiesta nacional, la Sra. Opal, a la tierna edad de 97 a\u00f1os, sigue caminando dos millas y media en el calor de Texas&#8230; para subrayar la importancia de seguir luchando por una uni\u00f3n m\u00e1s perfecta&#8221;.<\/em><\/p>\n<p><em>&#8220;Al convertir el D\u00eda de Junio en fiesta nacional, nos hemos asegurado de que la historia y la importancia de este d\u00eda no queden relegadas a las notas a pie de p\u00e1gina de un libro de historia. Por el contrario, preservar\u00e1 la historia de Juneteenth para las generaciones venideras y servir\u00e1 como recordatorio de la dura lucha por la libertad y la reconciliaci\u00f3n.&#8221;<\/em><\/p>\n<p><em>&#8220;Agradezco el duro trabajo y la dedicaci\u00f3n de quienes han hecho posible el D\u00eda de la Independencia Nacional Juneteenth, y les deseo a todos un feliz Juneteenth&#8221;.<\/em><\/p>\n\t\t\t\t\t\t\t\t<\/div>\n\t\t\t\t<\/div>\n\t\t\t\t\t<\/div>\n\t\t<\/div>\n\t\t\t\t\t<\/div>\n\t\t<\/section>\n\t\t\t\t\t<\/div>\n\t\t<\/div>\n\t\t\t\t\t<\/div>\n\t\t<\/section>\n\t\t\t\t<\/div>\n\t\t","protected":false},"author":20,"template":"","news-type":[161],"issues":[],"class_list":["post-46768","news","type-news","status-publish","hentry","news-type-press-releases-es-mx"],"acf":[],"yoast_head":"<!-- This site is optimized with the Yoast SEO plugin v27.2 - https:\/\/yoast.com\/product\/yoast-seo-wordpress\/ -->\n<title>V\u00cdDEO Declaraci\u00f3n de Cornyn sobre Juneteenth - Senator Cornyn<\/title>\n<meta name=\"robots\" content=\"index, follow, max-snippet:-1, max-image-preview:large, max-video-preview:-1\" \/>\n<link rel=\"canonical\" href=\"https:\/\/www.cornyn.senate.gov\/es-mx\/news\/video-declaracion-de-cornyn-sobre-juneteenth\/\" \/>\n<meta property=\"og:locale\" content=\"es_MX\" \/>\n<meta property=\"og:type\" content=\"article\" \/>\n<meta property=\"og:title\" content=\"V\u00cdDEO Declaraci\u00f3n de Cornyn sobre Juneteenth - Senator Cornyn\" \/>\n<meta property=\"og:description\" content=\"Noticias Al hacer de Juneteenth una fiesta nacional, nos hemos asegurado de que la historia y la importancia de este d\u00eda no queden relegadas a las notas a pie de p\u00e1gina de un libro de historia. Preservar\u00e1 la historia de Juneteenth para las generaciones venideras y servir\u00e1 como recordatorio de la dura lucha por la [&hellip;]\" \/>\n<meta property=\"og:url\" content=\"https:\/\/www.cornyn.senate.gov\/es-mx\/news\/video-declaracion-de-cornyn-sobre-juneteenth\/\" \/>\n<meta property=\"og:site_name\" content=\"Senator Cornyn\" \/>\n<meta property=\"article:publisher\" content=\"https:\/\/www.facebook.com\/SenJohnCornyn\" \/>\n<meta property=\"article:modified_time\" content=\"2024-07-10T15:23:49+00:00\" \/>\n<meta property=\"og:image\" content=\"https:\/\/www.cornyn.senate.gov\/wp-content\/uploads\/2023\/11\/Twitter-Card-Dec-23-1024x535.png\" \/>\n\t<meta property=\"og:image:width\" content=\"1024\" \/>\n\t<meta property=\"og:image:height\" content=\"535\" \/>\n\t<meta property=\"og:image:type\" content=\"image\/png\" \/>\n<meta name=\"twitter:card\" content=\"summary_large_image\" \/>\n<meta name=\"twitter:site\" content=\"@johncornyn\" \/>\n<meta name=\"twitter:label1\" content=\"Est. reading time\" \/>\n\t<meta name=\"twitter:data1\" content=\"3 minutes\" \/>\n<script type=\"application\/ld+json\" class=\"yoast-schema-graph\">{\"@context\":\"https:\/\/schema.org\",\"@graph\":[{\"@type\":\"WebPage\",\"@id\":\"https:\/\/www.cornyn.senate.gov\/es-mx\/news\/video-declaracion-de-cornyn-sobre-juneteenth\/\",\"url\":\"https:\/\/www.cornyn.senate.gov\/es-mx\/news\/video-declaracion-de-cornyn-sobre-juneteenth\/\",\"name\":\"V\u00cdDEO Declaraci\u00f3n de Cornyn sobre Juneteenth - Senator Cornyn\",\"isPartOf\":{\"@id\":\"https:\/\/www.cornyn.senate.gov\/es-mx\/#website\"},\"datePublished\":\"2024-06-19T13:00:00+00:00\",\"dateModified\":\"2024-07-10T15:23:49+00:00\",\"breadcrumb\":{\"@id\":\"https:\/\/www.cornyn.senate.gov\/es-mx\/news\/video-declaracion-de-cornyn-sobre-juneteenth\/#breadcrumb\"},\"inLanguage\":\"es-MX\",\"potentialAction\":[{\"@type\":\"ReadAction\",\"target\":[\"https:\/\/www.cornyn.senate.gov\/es-mx\/news\/video-declaracion-de-cornyn-sobre-juneteenth\/\"]}]},{\"@type\":\"BreadcrumbList\",\"@id\":\"https:\/\/www.cornyn.senate.gov\/es-mx\/news\/video-declaracion-de-cornyn-sobre-juneteenth\/#breadcrumb\",\"itemListElement\":[{\"@type\":\"ListItem\",\"position\":1,\"name\":\"Home\",\"item\":\"https:\/\/www.cornyn.senate.gov\/es-mx\/\"},{\"@type\":\"ListItem\",\"position\":2,\"name\":\"News\",\"item\":\"https:\/\/www.cornyn.senate.gov\/es-mx\/news\/\"},{\"@type\":\"ListItem\",\"position\":3,\"name\":\"V\u00cdDEO Declaraci\u00f3n de Cornyn sobre Juneteenth\"}]},{\"@type\":\"WebSite\",\"@id\":\"https:\/\/www.cornyn.senate.gov\/es-mx\/#website\",\"url\":\"https:\/\/www.cornyn.senate.gov\/es-mx\/\",\"name\":\"Senator Cornyn\",\"description\":\"\",\"publisher\":{\"@id\":\"https:\/\/www.cornyn.senate.gov\/es-mx\/#organization\"},\"potentialAction\":[{\"@type\":\"SearchAction\",\"target\":{\"@type\":\"EntryPoint\",\"urlTemplate\":\"https:\/\/www.cornyn.senate.gov\/es-mx\/?s={search_term_string}\"},\"query-input\":{\"@type\":\"PropertyValueSpecification\",\"valueRequired\":true,\"valueName\":\"search_term_string\"}}],\"inLanguage\":\"es-MX\"},{\"@type\":\"Organization\",\"@id\":\"https:\/\/www.cornyn.senate.gov\/es-mx\/#organization\",\"name\":\"Senator Cornyn\",\"url\":\"https:\/\/www.cornyn.senate.gov\/es-mx\/\",\"logo\":{\"@type\":\"ImageObject\",\"inLanguage\":\"es-MX\",\"@id\":\"https:\/\/www.cornyn.senate.gov\/es-mx\/#\/schema\/logo\/image\/\",\"url\":\"https:\/\/www.cornyn.senate.gov\/wp-content\/uploads\/2022\/01\/Logo-2.svg\",\"contentUrl\":\"https:\/\/www.cornyn.senate.gov\/wp-content\/uploads\/2022\/01\/Logo-2.svg\",\"caption\":\"Senator Cornyn\"},\"image\":{\"@id\":\"https:\/\/www.cornyn.senate.gov\/es-mx\/#\/schema\/logo\/image\/\"},\"sameAs\":[\"https:\/\/www.facebook.com\/SenJohnCornyn\",\"https:\/\/x.com\/johncornyn\"]}]}<\/script>\n<!-- \/ Yoast SEO plugin. -->","yoast_head_json":{"title":"V\u00cdDEO Declaraci\u00f3n de Cornyn sobre Juneteenth - Senator Cornyn","robots":{"index":"index","follow":"follow","max-snippet":"max-snippet:-1","max-image-preview":"max-image-preview:large","max-video-preview":"max-video-preview:-1"},"canonical":"https:\/\/www.cornyn.senate.gov\/es-mx\/news\/video-declaracion-de-cornyn-sobre-juneteenth\/","og_locale":"es_MX","og_type":"article","og_title":"V\u00cdDEO Declaraci\u00f3n de Cornyn sobre Juneteenth - Senator Cornyn","og_description":"Noticias Al hacer de Juneteenth una fiesta nacional, nos hemos asegurado de que la historia y la importancia de este d\u00eda no queden relegadas a las notas a pie de p\u00e1gina de un libro de historia. Preservar\u00e1 la historia de Juneteenth para las generaciones venideras y servir\u00e1 como recordatorio de la dura lucha por la [&hellip;]","og_url":"https:\/\/www.cornyn.senate.gov\/es-mx\/news\/video-declaracion-de-cornyn-sobre-juneteenth\/","og_site_name":"Senator Cornyn","article_publisher":"https:\/\/www.facebook.com\/SenJohnCornyn","article_modified_time":"2024-07-10T15:23:49+00:00","og_image":[{"width":1024,"height":535,"url":"https:\/\/www.cornyn.senate.gov\/wp-content\/uploads\/2023\/11\/Twitter-Card-Dec-23-1024x535.png","type":"image\/png"}],"twitter_card":"summary_large_image","twitter_site":"@johncornyn","twitter_misc":{"Est. reading time":"3 minutes"},"schema":{"@context":"https:\/\/schema.org","@graph":[{"@type":"WebPage","@id":"https:\/\/www.cornyn.senate.gov\/es-mx\/news\/video-declaracion-de-cornyn-sobre-juneteenth\/","url":"https:\/\/www.cornyn.senate.gov\/es-mx\/news\/video-declaracion-de-cornyn-sobre-juneteenth\/","name":"V\u00cdDEO Declaraci\u00f3n de Cornyn sobre Juneteenth - Senator Cornyn","isPartOf":{"@id":"https:\/\/www.cornyn.senate.gov\/es-mx\/#website"},"datePublished":"2024-06-19T13:00:00+00:00","dateModified":"2024-07-10T15:23:49+00:00","breadcrumb":{"@id":"https:\/\/www.cornyn.senate.gov\/es-mx\/news\/video-declaracion-de-cornyn-sobre-juneteenth\/#breadcrumb"},"inLanguage":"es-MX","potentialAction":[{"@type":"ReadAction","target":["https:\/\/www.cornyn.senate.gov\/es-mx\/news\/video-declaracion-de-cornyn-sobre-juneteenth\/"]}]},{"@type":"BreadcrumbList","@id":"https:\/\/www.cornyn.senate.gov\/es-mx\/news\/video-declaracion-de-cornyn-sobre-juneteenth\/#breadcrumb","itemListElement":[{"@type":"ListItem","position":1,"name":"Home","item":"https:\/\/www.cornyn.senate.gov\/es-mx\/"},{"@type":"ListItem","position":2,"name":"News","item":"https:\/\/www.cornyn.senate.gov\/es-mx\/news\/"},{"@type":"ListItem","position":3,"name":"V\u00cdDEO Declaraci\u00f3n de Cornyn sobre Juneteenth"}]},{"@type":"WebSite","@id":"https:\/\/www.cornyn.senate.gov\/es-mx\/#website","url":"https:\/\/www.cornyn.senate.gov\/es-mx\/","name":"Senator Cornyn","description":"","publisher":{"@id":"https:\/\/www.cornyn.senate.gov\/es-mx\/#organization"},"potentialAction":[{"@type":"SearchAction","target":{"@type":"EntryPoint","urlTemplate":"https:\/\/www.cornyn.senate.gov\/es-mx\/?s={search_term_string}"},"query-input":{"@type":"PropertyValueSpecification","valueRequired":true,"valueName":"search_term_string"}}],"inLanguage":"es-MX"},{"@type":"Organization","@id":"https:\/\/www.cornyn.senate.gov\/es-mx\/#organization","name":"Senator Cornyn","url":"https:\/\/www.cornyn.senate.gov\/es-mx\/","logo":{"@type":"ImageObject","inLanguage":"es-MX","@id":"https:\/\/www.cornyn.senate.gov\/es-mx\/#\/schema\/logo\/image\/","url":"https:\/\/www.cornyn.senate.gov\/wp-content\/uploads\/2022\/01\/Logo-2.svg","contentUrl":"https:\/\/www.cornyn.senate.gov\/wp-content\/uploads\/2022\/01\/Logo-2.svg","caption":"Senator Cornyn"},"image":{"@id":"https:\/\/www.cornyn.senate.gov\/es-mx\/#\/schema\/logo\/image\/"},"sameAs":["https:\/\/www.facebook.com\/SenJohnCornyn","https:\/\/x.com\/johncornyn"]}]}},"_links":{"self":[{"href":"https:\/\/www.cornyn.senate.gov\/es-mx\/wp-json\/wp\/v2\/news\/46768","targetHints":{"allow":["GET"]}}],"collection":[{"href":"https:\/\/www.cornyn.senate.gov\/es-mx\/wp-json\/wp\/v2\/news"}],"about":[{"href":"https:\/\/www.cornyn.senate.gov\/es-mx\/wp-json\/wp\/v2\/types\/news"}],"author":[{"embeddable":true,"href":"https:\/\/www.cornyn.senate.gov\/es-mx\/wp-json\/wp\/v2\/users\/20"}],"version-history":[{"count":1,"href":"https:\/\/www.cornyn.senate.gov\/es-mx\/wp-json\/wp\/v2\/news\/46768\/revisions"}],"predecessor-version":[{"id":46770,"href":"https:\/\/www.cornyn.senate.gov\/es-mx\/wp-json\/wp\/v2\/news\/46768\/revisions\/46770"}],"wp:attachment":[{"href":"https:\/\/www.cornyn.senate.gov\/es-mx\/wp-json\/wp\/v2\/media?parent=46768"}],"wp:term":[{"taxonomy":"news-type","embeddable":true,"href":"https:\/\/www.cornyn.senate.gov\/es-mx\/wp-json\/wp\/v2\/news-type?post=46768"},{"taxonomy":"issues","embeddable":true,"href":"https:\/\/www.cornyn.senate.gov\/es-mx\/wp-json\/wp\/v2\/issues?post=46768"}],"curies":[{"name":"wp","href":"https:\/\/api.w.org\/{rel}","templated":true}]}}