{"id":46804,"date":"2024-06-20T14:18:48","date_gmt":"2024-06-20T18:18:48","guid":{"rendered":"https:\/\/www.cornyn.senate.gov\/?post_type=news&#038;p=46804"},"modified":"2024-07-10T11:23:49","modified_gmt":"2024-07-10T15:23:49","slug":"cornyn-los-estadounidenses-merecen-algo-mejor-que-los-nominados-judiciales-radicales-de-biden","status":"publish","type":"news","link":"https:\/\/www.cornyn.senate.gov\/es-mx\/news\/cornyn-los-estadounidenses-merecen-algo-mejor-que-los-nominados-judiciales-radicales-de-biden\/","title":{"rendered":"Cornyn: Los estadounidenses merecen algo mejor que los nominados judiciales radicales de Biden"},"content":{"rendered":"\t\t<div data-elementor-type=\"wp-post\" data-elementor-id=\"46804\" class=\"elementor elementor-46804 elementor-46788\" data-elementor-post-type=\"news\">\n\t\t\t\t\t\t<section class=\"elementor-section elementor-top-section elementor-element elementor-element-5eb689f1 elementor-section-boxed elementor-section-height-default elementor-section-height-default\" data-id=\"5eb689f1\" data-element_type=\"section\" data-e-type=\"section\">\n\t\t\t\t\t\t<div class=\"elementor-container elementor-column-gap-default\">\n\t\t\t\t\t<div class=\"elementor-column elementor-col-100 elementor-top-column elementor-element elementor-element-38931a7c\" data-id=\"38931a7c\" data-element_type=\"column\" data-e-type=\"column\">\n\t\t\t<div class=\"elementor-widget-wrap elementor-element-populated\">\n\t\t\t\t\t\t<section class=\"elementor-section elementor-inner-section elementor-element elementor-element-93686ed elementor-section-boxed elementor-section-height-default elementor-section-height-default\" data-id=\"93686ed\" data-element_type=\"section\" data-e-type=\"section\">\n\t\t\t\t\t\t<div class=\"elementor-container elementor-column-gap-default\">\n\t\t\t\t\t<div class=\"elementor-column elementor-col-50 elementor-inner-column elementor-element elementor-element-751c6815\" data-id=\"751c6815\" data-element_type=\"column\" data-e-type=\"column\">\n\t\t\t<div class=\"elementor-widget-wrap elementor-element-populated\">\n\t\t\t\t\t\t<div class=\"elementor-element elementor-element-57f80016 breadcrumb--back elementor-widget elementor-widget-button\" data-id=\"57f80016\" data-element_type=\"widget\" data-e-type=\"widget\" data-widget_type=\"button.default\">\n\t\t\t\t<div class=\"elementor-widget-container\">\n\t\t\t\t\t\t\t\t\t<div class=\"elementor-button-wrapper\">\n\t\t\t\t\t<a class=\"elementor-button elementor-button-link elementor-size-sm\" href=\"\/news\/\">\n\t\t\t\t\t\t<span class=\"elementor-button-content-wrapper\">\n\t\t\t\t\t\t<span class=\"elementor-button-icon\">\n\t\t\t\t<i aria-hidden=\"true\" class=\"icon icon-arrow-left\"><\/i>\t\t\t<\/span>\n\t\t\t\t\t\t\t\t\t<span class=\"elementor-button-text\">Noticias<\/span>\n\t\t\t\t\t<\/span>\n\t\t\t\t\t<\/a>\n\t\t\t\t<\/div>\n\t\t\t\t\t\t\t\t<\/div>\n\t\t\t\t<\/div>\n\t\t\t\t\t<\/div>\n\t\t<\/div>\n\t\t\t\t<div class=\"elementor-column elementor-col-50 elementor-inner-column elementor-element elementor-element-4472ffce content-page__content\" data-id=\"4472ffce\" data-element_type=\"column\" data-e-type=\"column\">\n\t\t\t<div class=\"elementor-widget-wrap elementor-element-populated\">\n\t\t\t\t\t\t<div class=\"elementor-element elementor-element-3bc96c19 elementor-widget elementor-widget-theme-post-title elementor-page-title elementor-widget-heading\" data-id=\"3bc96c19\" data-element_type=\"widget\" data-e-type=\"widget\" data-widget_type=\"theme-post-title.default\">\n\t\t\t\t<div class=\"elementor-widget-container\">\n\t\t\t\t\t<h1 class=\"elementor-heading-title elementor-size-default\">Cornyn: Los estadounidenses merecen algo mejor que los nominados judiciales radicales de Biden<\/h1>\t\t\t\t<\/div>\n\t\t\t\t<\/div>\n\t\t\t\t<div class=\"elementor-element elementor-element-5ed7a0c4 elementor-widget-divider--view-line elementor-widget elementor-widget-divider\" data-id=\"5ed7a0c4\" data-element_type=\"widget\" data-e-type=\"widget\" data-widget_type=\"divider.default\">\n\t\t\t\t<div class=\"elementor-widget-container\">\n\t\t\t\t\t\t\t<div class=\"elementor-divider\">\n\t\t\t<span class=\"elementor-divider-separator\">\n\t\t\t\t\t\t<\/span>\n\t\t<\/div>\n\t\t\t\t\t\t<\/div>\n\t\t\t\t<\/div>\n\t\t\t\t<div class=\"elementor-element elementor-element-48a58159 elementor-widget__width-initial elementor-widget-mobile__width-inherit elementor-widget elementor-widget-text-editor\" data-id=\"48a58159\" data-element_type=\"widget\" data-e-type=\"widget\" data-widget_type=\"text-editor.default\">\n\t\t\t\t<div class=\"elementor-widget-container\">\n\t\t\t\t\t\t\t\t\tJune 20, 2024\t\t\t\t\t\t\t\t<\/div>\n\t\t\t\t<\/div>\n\t\t\t\t<div class=\"elementor-element elementor-element-aa149c8 elementor-share-buttons--view-icon elementor-share-buttons--skin-flat elementor-share-buttons--shape-circle elementor-share-buttons--color-custom share-buttons elementor-widget__width-initial elementor-widget-mobile__width-inherit elementor-grid-0 elementor-widget elementor-widget-share-buttons\" data-id=\"aa149c8\" data-element_type=\"widget\" data-e-type=\"widget\" title=\"Share\" data-widget_type=\"share-buttons.default\">\n\t\t\t\t<div class=\"elementor-widget-container\">\n\t\t\t\t\t\t\t<div class=\"elementor-grid\" role=\"list\">\n\t\t\t\t\t\t\t\t<div class=\"elementor-grid-item\" role=\"listitem\">\n\t\t\t\t\t\t<div class=\"elementor-share-btn elementor-share-btn_email\" role=\"button\" tabindex=\"0\" aria-label=\"Share on email\">\n\t\t\t\t\t\t\t\t\t\t\t\t\t\t\t<span class=\"elementor-share-btn__icon\">\n\t\t\t\t\t\t\t\t<i class=\"fas fa-envelope\" aria-hidden=\"true\"><\/i>\t\t\t\t\t\t\t<\/span>\n\t\t\t\t\t\t\t\t\t\t\t\t\t\t\t\t\t\t\t\t<\/div>\n\t\t\t\t\t<\/div>\n\t\t\t\t\t\t\t\t\t<div class=\"elementor-grid-item\" role=\"listitem\">\n\t\t\t\t\t\t<div class=\"elementor-share-btn elementor-share-btn_linkedin\" role=\"button\" tabindex=\"0\" aria-label=\"Share on linkedin\">\n\t\t\t\t\t\t\t\t\t\t\t\t\t\t\t<span class=\"elementor-share-btn__icon\">\n\t\t\t\t\t\t\t\t<i class=\"fab fa-linkedin\" aria-hidden=\"true\"><\/i>\t\t\t\t\t\t\t<\/span>\n\t\t\t\t\t\t\t\t\t\t\t\t\t\t\t\t\t\t\t\t<\/div>\n\t\t\t\t\t<\/div>\n\t\t\t\t\t\t\t\t\t<div class=\"elementor-grid-item\" role=\"listitem\">\n\t\t\t\t\t\t<div class=\"elementor-share-btn elementor-share-btn_facebook\" role=\"button\" tabindex=\"0\" aria-label=\"Share on facebook\">\n\t\t\t\t\t\t\t\t\t\t\t\t\t\t\t<span class=\"elementor-share-btn__icon\">\n\t\t\t\t\t\t\t\t<i class=\"fab fa-facebook\" aria-hidden=\"true\"><\/i>\t\t\t\t\t\t\t<\/span>\n\t\t\t\t\t\t\t\t\t\t\t\t\t\t\t\t\t\t\t\t<\/div>\n\t\t\t\t\t<\/div>\n\t\t\t\t\t\t<\/div>\n\t\t\t\t\t\t<\/div>\n\t\t\t\t<\/div>\n\t\t\t\t<div class=\"elementor-element elementor-element-1a391f2d elementor-blockquote--skin-boxed elementor-widget elementor-widget-blockquote\" data-id=\"1a391f2d\" data-element_type=\"widget\" data-e-type=\"widget\" data-widget_type=\"blockquote.default\">\n\t\t\t\t<div class=\"elementor-widget-container\">\n\t\t\t\t\t\t\t<blockquote class=\"elementor-blockquote\">\n\t\t\t<p class=\"elementor-blockquote__content\">\n\t\t\t\t[Judge Kasubhai] se refiri\u00f3 a la diversidad, la equidad y la inclusi\u00f3n como \"el coraz\u00f3n y el alma del sistema judicial\".\n<br><br>\nEl hecho de que la direcci\u00f3n dem\u00f3crata no pueda reunir los votos entre sus propios miembros dice todo lo que necesitas saber sobre este candidato.\n <br><br>\nEl pueblo estadounidense... merece tener jueces justos e imparciales en el banquillo, y desde luego se merece algo mejor que este candidato.\t\t\t<\/p>\n\t\t\t\t\t<\/blockquote>\n\t\t\t\t\t\t<\/div>\n\t\t\t\t<\/div>\n\t\t\t\t<div class=\"elementor-element elementor-element-f48c9c9 elementor-widget elementor-widget-text-editor\" data-id=\"f48c9c9\" data-element_type=\"widget\" data-e-type=\"widget\" data-widget_type=\"text-editor.default\">\n\t\t\t\t<div class=\"elementor-widget-container\">\n\t\t\t\t\t\t\t\t\t<p><strong>WASHINGTON<\/strong> &#8211; Hoy en el hemiciclo, el senador John Cornyn (republicano de Texas) ha expuesto la filosof\u00eda judicial radical del juez Mustafa Kasubhai, candidato de la administraci\u00f3n Biden al Tribunal de Distrito de EE.UU. para el Distrito de Oreg\u00f3n, y ha reaccionado ante el hecho de que el l\u00edder de la mayor\u00eda haya retrasado la votaci\u00f3n de confirmaci\u00f3n del juez Kasubhai tras no haber conseguido reunir suficientes apoyos para confirmarlo. A continuaci\u00f3n se ofrecen extractos de las declaraciones del Senador Cornyn, y <a href=\"https:\/\/youtu.be\/UHsrPLWFJLE\">aqu\u00ed<\/a> puede verse el v\u00eddeo. <\/p>\n<p><em>&#8220;Yo mismo fui juez durante 13 a\u00f1os en el tribunal estatal de Texas, as\u00ed que tengo algunas opiniones firmes sobre las cualidades que hacen a un buen juez&#8221;.<\/em><\/p>\n<p><em>&#8220;Se esperaba que el Senado votara sobre el juez Mustafa Kasubhai, propuesto para formar parte del Tribunal del Distrito de Oreg\u00f3n&#8221;.<\/em><\/p>\n<p><em>&#8220;Este candidato era tan controvertido que ni siquiera un mal d\u00eda de asistencia llevar\u00eda a su confirmaci\u00f3n&#8221;.<\/em><\/p>\n<p><em>&#8220;Los jueces tienen que dejar de lado sus creencias personales y aplicar la ley tal como est\u00e1 escrita. El juez Kasubhai ha demostrado que no puede ni quiere hacerlo&#8221;.<\/em><\/p>\n<p><em>&#8220;En una entrevista hace unos a\u00f1os, el juez Kasubhai dijo: &#8216;Tenemos que dejar de lado las ideas convencionales sobre la prueba cuando nos ocupamos del trabajo interpersonal de la equidad, la diversidad y la inclusi\u00f3n'&#8221;.<\/em><\/p>\n<p><em>&#8220;Ahora bien, el criterio probatorio y lo que se considera prueba son cosas que se aprenden en la facultad de Derecho y que se aplican a todos los casos. Pero que ahora el juez diga que tenemos que dejar de lado esas ideas convencionales sobre la prueba cuando tratamos de equidad, diversidad e inclusi\u00f3n env\u00eda una se\u00f1al muy preocupante.&#8221; <\/em><\/p>\n<p><em>&#8220;M\u00e1s tarde se refiri\u00f3 a la diversidad, la equidad y la inclusi\u00f3n como el &#8216;coraz\u00f3n y el alma del sistema judicial&#8217;. Yo dir\u00eda que el &#8216;coraz\u00f3n y el alma&#8217; de nuestro sistema judicial es la b\u00fasqueda de la justicia y la igualdad de trato ante la ley, no la b\u00fasqueda de la diversidad por s\u00ed misma.&#8221;<\/em><\/p>\n<p><em>&#8220;El hecho de que la direcci\u00f3n dem\u00f3crata no pueda reunir los votos entre sus propios miembros dice todo lo que hay que saber sobre este candidato. El pueblo estadounidense -independientemente de d\u00f3nde viva- merece tener jueces justos e imparciales en el tribunal, y desde luego se merece algo mejor que este candidato&#8221;. <\/em><\/p>\n\t\t\t\t\t\t\t\t<\/div>\n\t\t\t\t<\/div>\n\t\t\t\t\t<\/div>\n\t\t<\/div>\n\t\t\t\t\t<\/div>\n\t\t<\/section>\n\t\t\t\t\t<\/div>\n\t\t<\/div>\n\t\t\t\t\t<\/div>\n\t\t<\/section>\n\t\t\t\t<\/div>\n\t\t","protected":false},"author":20,"template":"","news-type":[],"issues":[],"class_list":["post-46804","news","type-news","status-publish","hentry"],"acf":[],"yoast_head":"<!-- This site is optimized with the Yoast SEO plugin v27.2 - https:\/\/yoast.com\/product\/yoast-seo-wordpress\/ -->\n<title>Cornyn: Los estadounidenses merecen algo mejor que los nominados judiciales radicales de Biden - Senator Cornyn<\/title>\n<meta name=\"robots\" content=\"index, follow, max-snippet:-1, max-image-preview:large, max-video-preview:-1\" \/>\n<link rel=\"canonical\" href=\"https:\/\/www.cornyn.senate.gov\/es-mx\/news\/cornyn-los-estadounidenses-merecen-algo-mejor-que-los-nominados-judiciales-radicales-de-biden\/\" \/>\n<meta property=\"og:locale\" content=\"es_MX\" \/>\n<meta property=\"og:type\" content=\"article\" \/>\n<meta property=\"og:title\" content=\"Cornyn: Los estadounidenses merecen algo mejor que los nominados judiciales radicales de Biden - Senator Cornyn\" \/>\n<meta property=\"og:description\" content=\"Noticias [Judge Kasubhai] se refiri\u00f3 a la diversidad, la equidad y la inclusi\u00f3n como &#8220;el coraz\u00f3n y el alma del sistema judicial&#8221;. El hecho de que la direcci\u00f3n dem\u00f3crata no pueda reunir los votos entre sus propios miembros dice todo lo que necesitas saber sobre este candidato. El pueblo estadounidense&#8230; merece tener jueces justos e [&hellip;]\" \/>\n<meta property=\"og:url\" content=\"https:\/\/www.cornyn.senate.gov\/es-mx\/news\/cornyn-los-estadounidenses-merecen-algo-mejor-que-los-nominados-judiciales-radicales-de-biden\/\" \/>\n<meta property=\"og:site_name\" content=\"Senator Cornyn\" \/>\n<meta property=\"article:publisher\" content=\"https:\/\/www.facebook.com\/SenJohnCornyn\" \/>\n<meta property=\"article:modified_time\" content=\"2024-07-10T15:23:49+00:00\" \/>\n<meta property=\"og:image\" content=\"https:\/\/www.cornyn.senate.gov\/wp-content\/uploads\/2023\/11\/Twitter-Card-Dec-23-1024x535.png\" \/>\n\t<meta property=\"og:image:width\" content=\"1024\" \/>\n\t<meta property=\"og:image:height\" content=\"535\" \/>\n\t<meta property=\"og:image:type\" content=\"image\/png\" \/>\n<meta name=\"twitter:card\" content=\"summary_large_image\" \/>\n<meta name=\"twitter:site\" content=\"@johncornyn\" \/>\n<meta name=\"twitter:label1\" content=\"Est. reading time\" \/>\n\t<meta name=\"twitter:data1\" content=\"2 minutes\" \/>\n<script type=\"application\/ld+json\" class=\"yoast-schema-graph\">{\"@context\":\"https:\/\/schema.org\",\"@graph\":[{\"@type\":\"WebPage\",\"@id\":\"https:\/\/www.cornyn.senate.gov\/es-mx\/news\/cornyn-los-estadounidenses-merecen-algo-mejor-que-los-nominados-judiciales-radicales-de-biden\/\",\"url\":\"https:\/\/www.cornyn.senate.gov\/es-mx\/news\/cornyn-los-estadounidenses-merecen-algo-mejor-que-los-nominados-judiciales-radicales-de-biden\/\",\"name\":\"Cornyn: Los estadounidenses merecen algo mejor que los nominados judiciales radicales de Biden - Senator Cornyn\",\"isPartOf\":{\"@id\":\"https:\/\/www.cornyn.senate.gov\/es-mx\/#website\"},\"datePublished\":\"2024-06-20T18:18:48+00:00\",\"dateModified\":\"2024-07-10T15:23:49+00:00\",\"breadcrumb\":{\"@id\":\"https:\/\/www.cornyn.senate.gov\/es-mx\/news\/cornyn-los-estadounidenses-merecen-algo-mejor-que-los-nominados-judiciales-radicales-de-biden\/#breadcrumb\"},\"inLanguage\":\"es-MX\",\"potentialAction\":[{\"@type\":\"ReadAction\",\"target\":[\"https:\/\/www.cornyn.senate.gov\/es-mx\/news\/cornyn-los-estadounidenses-merecen-algo-mejor-que-los-nominados-judiciales-radicales-de-biden\/\"]}]},{\"@type\":\"BreadcrumbList\",\"@id\":\"https:\/\/www.cornyn.senate.gov\/es-mx\/news\/cornyn-los-estadounidenses-merecen-algo-mejor-que-los-nominados-judiciales-radicales-de-biden\/#breadcrumb\",\"itemListElement\":[{\"@type\":\"ListItem\",\"position\":1,\"name\":\"Home\",\"item\":\"https:\/\/www.cornyn.senate.gov\/es-mx\/\"},{\"@type\":\"ListItem\",\"position\":2,\"name\":\"News\",\"item\":\"https:\/\/www.cornyn.senate.gov\/es-mx\/news\/\"},{\"@type\":\"ListItem\",\"position\":3,\"name\":\"Cornyn: Los estadounidenses merecen algo mejor que los nominados judiciales radicales de Biden\"}]},{\"@type\":\"WebSite\",\"@id\":\"https:\/\/www.cornyn.senate.gov\/es-mx\/#website\",\"url\":\"https:\/\/www.cornyn.senate.gov\/es-mx\/\",\"name\":\"Senator Cornyn\",\"description\":\"\",\"publisher\":{\"@id\":\"https:\/\/www.cornyn.senate.gov\/es-mx\/#organization\"},\"potentialAction\":[{\"@type\":\"SearchAction\",\"target\":{\"@type\":\"EntryPoint\",\"urlTemplate\":\"https:\/\/www.cornyn.senate.gov\/es-mx\/?s={search_term_string}\"},\"query-input\":{\"@type\":\"PropertyValueSpecification\",\"valueRequired\":true,\"valueName\":\"search_term_string\"}}],\"inLanguage\":\"es-MX\"},{\"@type\":\"Organization\",\"@id\":\"https:\/\/www.cornyn.senate.gov\/es-mx\/#organization\",\"name\":\"Senator Cornyn\",\"url\":\"https:\/\/www.cornyn.senate.gov\/es-mx\/\",\"logo\":{\"@type\":\"ImageObject\",\"inLanguage\":\"es-MX\",\"@id\":\"https:\/\/www.cornyn.senate.gov\/es-mx\/#\/schema\/logo\/image\/\",\"url\":\"https:\/\/www.cornyn.senate.gov\/wp-content\/uploads\/2022\/01\/Logo-2.svg\",\"contentUrl\":\"https:\/\/www.cornyn.senate.gov\/wp-content\/uploads\/2022\/01\/Logo-2.svg\",\"caption\":\"Senator Cornyn\"},\"image\":{\"@id\":\"https:\/\/www.cornyn.senate.gov\/es-mx\/#\/schema\/logo\/image\/\"},\"sameAs\":[\"https:\/\/www.facebook.com\/SenJohnCornyn\",\"https:\/\/x.com\/johncornyn\"]}]}<\/script>\n<!-- \/ Yoast SEO plugin. -->","yoast_head_json":{"title":"Cornyn: Los estadounidenses merecen algo mejor que los nominados judiciales radicales de Biden - Senator Cornyn","robots":{"index":"index","follow":"follow","max-snippet":"max-snippet:-1","max-image-preview":"max-image-preview:large","max-video-preview":"max-video-preview:-1"},"canonical":"https:\/\/www.cornyn.senate.gov\/es-mx\/news\/cornyn-los-estadounidenses-merecen-algo-mejor-que-los-nominados-judiciales-radicales-de-biden\/","og_locale":"es_MX","og_type":"article","og_title":"Cornyn: Los estadounidenses merecen algo mejor que los nominados judiciales radicales de Biden - Senator Cornyn","og_description":"Noticias [Judge Kasubhai] se refiri\u00f3 a la diversidad, la equidad y la inclusi\u00f3n como &#8220;el coraz\u00f3n y el alma del sistema judicial&#8221;. El hecho de que la direcci\u00f3n dem\u00f3crata no pueda reunir los votos entre sus propios miembros dice todo lo que necesitas saber sobre este candidato. El pueblo estadounidense&#8230; merece tener jueces justos e [&hellip;]","og_url":"https:\/\/www.cornyn.senate.gov\/es-mx\/news\/cornyn-los-estadounidenses-merecen-algo-mejor-que-los-nominados-judiciales-radicales-de-biden\/","og_site_name":"Senator Cornyn","article_publisher":"https:\/\/www.facebook.com\/SenJohnCornyn","article_modified_time":"2024-07-10T15:23:49+00:00","og_image":[{"width":1024,"height":535,"url":"https:\/\/www.cornyn.senate.gov\/wp-content\/uploads\/2023\/11\/Twitter-Card-Dec-23-1024x535.png","type":"image\/png"}],"twitter_card":"summary_large_image","twitter_site":"@johncornyn","twitter_misc":{"Est. reading time":"2 minutes"},"schema":{"@context":"https:\/\/schema.org","@graph":[{"@type":"WebPage","@id":"https:\/\/www.cornyn.senate.gov\/es-mx\/news\/cornyn-los-estadounidenses-merecen-algo-mejor-que-los-nominados-judiciales-radicales-de-biden\/","url":"https:\/\/www.cornyn.senate.gov\/es-mx\/news\/cornyn-los-estadounidenses-merecen-algo-mejor-que-los-nominados-judiciales-radicales-de-biden\/","name":"Cornyn: Los estadounidenses merecen algo mejor que los nominados judiciales radicales de Biden - Senator Cornyn","isPartOf":{"@id":"https:\/\/www.cornyn.senate.gov\/es-mx\/#website"},"datePublished":"2024-06-20T18:18:48+00:00","dateModified":"2024-07-10T15:23:49+00:00","breadcrumb":{"@id":"https:\/\/www.cornyn.senate.gov\/es-mx\/news\/cornyn-los-estadounidenses-merecen-algo-mejor-que-los-nominados-judiciales-radicales-de-biden\/#breadcrumb"},"inLanguage":"es-MX","potentialAction":[{"@type":"ReadAction","target":["https:\/\/www.cornyn.senate.gov\/es-mx\/news\/cornyn-los-estadounidenses-merecen-algo-mejor-que-los-nominados-judiciales-radicales-de-biden\/"]}]},{"@type":"BreadcrumbList","@id":"https:\/\/www.cornyn.senate.gov\/es-mx\/news\/cornyn-los-estadounidenses-merecen-algo-mejor-que-los-nominados-judiciales-radicales-de-biden\/#breadcrumb","itemListElement":[{"@type":"ListItem","position":1,"name":"Home","item":"https:\/\/www.cornyn.senate.gov\/es-mx\/"},{"@type":"ListItem","position":2,"name":"News","item":"https:\/\/www.cornyn.senate.gov\/es-mx\/news\/"},{"@type":"ListItem","position":3,"name":"Cornyn: Los estadounidenses merecen algo mejor que los nominados judiciales radicales de Biden"}]},{"@type":"WebSite","@id":"https:\/\/www.cornyn.senate.gov\/es-mx\/#website","url":"https:\/\/www.cornyn.senate.gov\/es-mx\/","name":"Senator Cornyn","description":"","publisher":{"@id":"https:\/\/www.cornyn.senate.gov\/es-mx\/#organization"},"potentialAction":[{"@type":"SearchAction","target":{"@type":"EntryPoint","urlTemplate":"https:\/\/www.cornyn.senate.gov\/es-mx\/?s={search_term_string}"},"query-input":{"@type":"PropertyValueSpecification","valueRequired":true,"valueName":"search_term_string"}}],"inLanguage":"es-MX"},{"@type":"Organization","@id":"https:\/\/www.cornyn.senate.gov\/es-mx\/#organization","name":"Senator Cornyn","url":"https:\/\/www.cornyn.senate.gov\/es-mx\/","logo":{"@type":"ImageObject","inLanguage":"es-MX","@id":"https:\/\/www.cornyn.senate.gov\/es-mx\/#\/schema\/logo\/image\/","url":"https:\/\/www.cornyn.senate.gov\/wp-content\/uploads\/2022\/01\/Logo-2.svg","contentUrl":"https:\/\/www.cornyn.senate.gov\/wp-content\/uploads\/2022\/01\/Logo-2.svg","caption":"Senator Cornyn"},"image":{"@id":"https:\/\/www.cornyn.senate.gov\/es-mx\/#\/schema\/logo\/image\/"},"sameAs":["https:\/\/www.facebook.com\/SenJohnCornyn","https:\/\/x.com\/johncornyn"]}]}},"_links":{"self":[{"href":"https:\/\/www.cornyn.senate.gov\/es-mx\/wp-json\/wp\/v2\/news\/46804","targetHints":{"allow":["GET"]}}],"collection":[{"href":"https:\/\/www.cornyn.senate.gov\/es-mx\/wp-json\/wp\/v2\/news"}],"about":[{"href":"https:\/\/www.cornyn.senate.gov\/es-mx\/wp-json\/wp\/v2\/types\/news"}],"author":[{"embeddable":true,"href":"https:\/\/www.cornyn.senate.gov\/es-mx\/wp-json\/wp\/v2\/users\/20"}],"version-history":[{"count":1,"href":"https:\/\/www.cornyn.senate.gov\/es-mx\/wp-json\/wp\/v2\/news\/46804\/revisions"}],"predecessor-version":[{"id":46806,"href":"https:\/\/www.cornyn.senate.gov\/es-mx\/wp-json\/wp\/v2\/news\/46804\/revisions\/46806"}],"wp:attachment":[{"href":"https:\/\/www.cornyn.senate.gov\/es-mx\/wp-json\/wp\/v2\/media?parent=46804"}],"wp:term":[{"taxonomy":"news-type","embeddable":true,"href":"https:\/\/www.cornyn.senate.gov\/es-mx\/wp-json\/wp\/v2\/news-type?post=46804"},{"taxonomy":"issues","embeddable":true,"href":"https:\/\/www.cornyn.senate.gov\/es-mx\/wp-json\/wp\/v2\/issues?post=46804"}],"curies":[{"name":"wp","href":"https:\/\/api.w.org\/{rel}","templated":true}]}}