{"id":47247,"date":"2024-08-07T12:50:43","date_gmt":"2024-08-07T16:50:43","guid":{"rendered":"https:\/\/www.cornyn.senate.gov\/news\/cornyn-insta-al-gobierno-de-biden-a-presionar-para-que-se-libere-a-austin-tice\/"},"modified":"2024-08-07T12:53:18","modified_gmt":"2024-08-07T16:53:18","slug":"cornyn-insta-al-gobierno-de-biden-a-presionar-para-que-se-libere-a-austin-tice","status":"publish","type":"news","link":"https:\/\/www.cornyn.senate.gov\/es-mx\/news\/cornyn-insta-al-gobierno-de-biden-a-presionar-para-que-se-libere-a-austin-tice\/","title":{"rendered":"Cornyn insta al gobierno de Biden a presionar para que se libere a Austin Tice"},"content":{"rendered":"\t\t<div data-elementor-type=\"wp-post\" data-elementor-id=\"47247\" class=\"elementor elementor-47247 elementor-47242\" data-elementor-post-type=\"news\">\n\t\t\t\t\t\t<section class=\"elementor-section elementor-top-section elementor-element elementor-element-7035e33b elementor-section-boxed elementor-section-height-default elementor-section-height-default\" data-id=\"7035e33b\" data-element_type=\"section\" data-e-type=\"section\">\n\t\t\t\t\t\t<div class=\"elementor-container elementor-column-gap-default\">\n\t\t\t\t\t<div class=\"elementor-column elementor-col-100 elementor-top-column elementor-element elementor-element-2d67941e\" data-id=\"2d67941e\" data-element_type=\"column\" data-e-type=\"column\">\n\t\t\t<div class=\"elementor-widget-wrap elementor-element-populated\">\n\t\t\t\t\t\t<section class=\"elementor-section elementor-inner-section elementor-element elementor-element-4c5b016f elementor-section-boxed elementor-section-height-default elementor-section-height-default\" data-id=\"4c5b016f\" data-element_type=\"section\" data-e-type=\"section\">\n\t\t\t\t\t\t<div class=\"elementor-container elementor-column-gap-default\">\n\t\t\t\t\t<div class=\"elementor-column elementor-col-50 elementor-inner-column elementor-element elementor-element-63a922d8\" data-id=\"63a922d8\" data-element_type=\"column\" data-e-type=\"column\">\n\t\t\t<div class=\"elementor-widget-wrap elementor-element-populated\">\n\t\t\t\t\t\t<div class=\"elementor-element elementor-element-7cb66ad0 breadcrumb--back elementor-widget elementor-widget-button\" data-id=\"7cb66ad0\" data-element_type=\"widget\" data-e-type=\"widget\" data-widget_type=\"button.default\">\n\t\t\t\t<div class=\"elementor-widget-container\">\n\t\t\t\t\t\t\t\t\t<div class=\"elementor-button-wrapper\">\n\t\t\t\t\t<a class=\"elementor-button elementor-button-link elementor-size-sm\" href=\"\/news\/\">\n\t\t\t\t\t\t<span class=\"elementor-button-content-wrapper\">\n\t\t\t\t\t\t<span class=\"elementor-button-icon\">\n\t\t\t\t<i aria-hidden=\"true\" class=\"icon icon-arrow-left\"><\/i>\t\t\t<\/span>\n\t\t\t\t\t\t\t\t\t<span class=\"elementor-button-text\">Noticias<\/span>\n\t\t\t\t\t<\/span>\n\t\t\t\t\t<\/a>\n\t\t\t\t<\/div>\n\t\t\t\t\t\t\t\t<\/div>\n\t\t\t\t<\/div>\n\t\t\t\t\t<\/div>\n\t\t<\/div>\n\t\t\t\t<div class=\"elementor-column elementor-col-50 elementor-inner-column elementor-element elementor-element-6387b4e7 content-page__content\" data-id=\"6387b4e7\" data-element_type=\"column\" data-e-type=\"column\">\n\t\t\t<div class=\"elementor-widget-wrap elementor-element-populated\">\n\t\t\t\t\t\t<div class=\"elementor-element elementor-element-69d098e elementor-widget elementor-widget-theme-post-title elementor-page-title elementor-widget-heading\" data-id=\"69d098e\" data-element_type=\"widget\" data-e-type=\"widget\" data-widget_type=\"theme-post-title.default\">\n\t\t\t\t<div class=\"elementor-widget-container\">\n\t\t\t\t\t<h1 class=\"elementor-heading-title elementor-size-default\">Cornyn insta al gobierno de Biden a presionar para que se libere a Austin Tice<\/h1>\t\t\t\t<\/div>\n\t\t\t\t<\/div>\n\t\t\t\t<div class=\"elementor-element elementor-element-66a06e9a elementor-widget-divider--view-line elementor-widget elementor-widget-divider\" data-id=\"66a06e9a\" data-element_type=\"widget\" data-e-type=\"widget\" data-widget_type=\"divider.default\">\n\t\t\t\t<div class=\"elementor-widget-container\">\n\t\t\t\t\t\t\t<div class=\"elementor-divider\">\n\t\t\t<span class=\"elementor-divider-separator\">\n\t\t\t\t\t\t<\/span>\n\t\t<\/div>\n\t\t\t\t\t\t<\/div>\n\t\t\t\t<\/div>\n\t\t\t\t<div class=\"elementor-element elementor-element-36dd4f21 elementor-widget__width-initial elementor-widget-mobile__width-inherit elementor-widget elementor-widget-text-editor\" data-id=\"36dd4f21\" data-element_type=\"widget\" data-e-type=\"widget\" data-widget_type=\"text-editor.default\">\n\t\t\t\t<div class=\"elementor-widget-container\">\n\t\t\t\t\t\t\t\t\tAugust 7, 2024\t\t\t\t\t\t\t\t<\/div>\n\t\t\t\t<\/div>\n\t\t\t\t<div class=\"elementor-element elementor-element-70920d36 elementor-share-buttons--view-icon elementor-share-buttons--skin-flat elementor-share-buttons--shape-circle elementor-share-buttons--color-custom share-buttons elementor-widget__width-initial elementor-widget-mobile__width-inherit elementor-grid-0 elementor-widget elementor-widget-share-buttons\" data-id=\"70920d36\" data-element_type=\"widget\" data-e-type=\"widget\" title=\"Share\" data-widget_type=\"share-buttons.default\">\n\t\t\t\t<div class=\"elementor-widget-container\">\n\t\t\t\t\t\t\t<div class=\"elementor-grid\" role=\"list\">\n\t\t\t\t\t\t\t\t<div class=\"elementor-grid-item\" role=\"listitem\">\n\t\t\t\t\t\t<div class=\"elementor-share-btn elementor-share-btn_email\" role=\"button\" tabindex=\"0\" aria-label=\"Share on email\">\n\t\t\t\t\t\t\t\t\t\t\t\t\t\t\t<span class=\"elementor-share-btn__icon\">\n\t\t\t\t\t\t\t\t<i class=\"fas fa-envelope\" aria-hidden=\"true\"><\/i>\t\t\t\t\t\t\t<\/span>\n\t\t\t\t\t\t\t\t\t\t\t\t\t\t\t\t\t\t\t\t<\/div>\n\t\t\t\t\t<\/div>\n\t\t\t\t\t\t\t\t\t<div class=\"elementor-grid-item\" role=\"listitem\">\n\t\t\t\t\t\t<div class=\"elementor-share-btn elementor-share-btn_linkedin\" role=\"button\" tabindex=\"0\" aria-label=\"Share on linkedin\">\n\t\t\t\t\t\t\t\t\t\t\t\t\t\t\t<span class=\"elementor-share-btn__icon\">\n\t\t\t\t\t\t\t\t<i class=\"fab fa-linkedin\" aria-hidden=\"true\"><\/i>\t\t\t\t\t\t\t<\/span>\n\t\t\t\t\t\t\t\t\t\t\t\t\t\t\t\t\t\t\t\t<\/div>\n\t\t\t\t\t<\/div>\n\t\t\t\t\t\t\t\t\t<div class=\"elementor-grid-item\" role=\"listitem\">\n\t\t\t\t\t\t<div class=\"elementor-share-btn elementor-share-btn_facebook\" role=\"button\" tabindex=\"0\" aria-label=\"Share on facebook\">\n\t\t\t\t\t\t\t\t\t\t\t\t\t\t\t<span class=\"elementor-share-btn__icon\">\n\t\t\t\t\t\t\t\t<i class=\"fab fa-facebook\" aria-hidden=\"true\"><\/i>\t\t\t\t\t\t\t<\/span>\n\t\t\t\t\t\t\t\t\t\t\t\t\t\t\t\t\t\t\t\t<\/div>\n\t\t\t\t\t<\/div>\n\t\t\t\t\t\t<\/div>\n\t\t\t\t\t\t<\/div>\n\t\t\t\t<\/div>\n\t\t\t\t<div class=\"elementor-element elementor-element-e1d6841 elementor-widget elementor-widget-text-editor\" data-id=\"e1d6841\" data-element_type=\"widget\" data-e-type=\"widget\" data-widget_type=\"text-editor.default\">\n\t\t\t\t<div class=\"elementor-widget-container\">\n\t\t\t\t\t\t\t\t\t<p><strong>WASHINGTON &#8211; <\/strong>El senador John Cornyn (republicano de Texas), junto con el senador Chris Van Hollen (dem\u00f3crata de Maryland), encabezaron ayer a m\u00e1s de un tercio del Senado en una carta bipartidista dirigida al presidente Joe Biden en la que le instan a \u00e9l y a su administraci\u00f3n a dar prioridad a la devoluci\u00f3n de Austin Tice, periodista estadounidense, natural de Houston y veterano de la Infanter\u00eda de Marina, que el 14 de agosto cumplir\u00e1 el triste hito de llevar 12 a\u00f1os cautivo en Siria.<\/p>\n<p><em>&#8220;Hace m\u00e1s de cuatro a\u00f1os, muchos de nosotros nos unimos a una carta firmada por un grupo bipartidista de miembros de la C\u00e1mara de Representantes y del Senado en la que se instaba al presidente Trump a utilizar todo el peso de su equipo de seguridad nacional para conseguir la liberaci\u00f3n de Austin. Ahora reiteramos la petici\u00f3n de que haga todo lo posible por traer a Austin a casa&#8221;,<\/em> escribieron.  <\/p>\n<p><em>&#8220;Como estadounidense y veterano, Austin merece el apoyo pleno y activo de nuestro gobierno para conseguir su liberaci\u00f3n. Tambi\u00e9n animamos a su administraci\u00f3n a utilizar todos los medios disponibles para desalentar a\u00fan m\u00e1s la toma de rehenes de ciudadanos estadounidenses.&#8221;<\/em><\/p>\n<p><em>&#8220;Once a\u00f1os es demasiado tiempo&#8221;.  <\/em><\/p>\n<p>A los senadores Cornyn y Van Hollen se unieron en la carta los senadores Ted Cruz (R-TX), Mike Braun (R-IN), Tammy Baldwin (D-WI), John Thune (R-SD), Michael Bennet (D-CO), Marco Rubio (R-FL), Richard Blumenthal (D-CT), Maria Cantwell (D-WA), Todd Young (R-IN), Bob Casey (D-PA), Chris Coons (D-DE), Catherine Cortez Masto (D-NV), Dan Sullivan (R-AK), Dick Durbin (D-IL), Kirsten Gillibrand (D-NY), Martin Heinrich (D-NM), James Risch (R-ID), Mazie Hirono (D-HI), Tim Kaine (D-VA), Amy Klobuchar (D-MN), Jeff Merkley (D-OR), Lisa Murkowski (R-AK), Patty Murray (D-WA), Jon Ossoff (D-GA), Jack Reed (D-RI), Mitt Romney (R-UT), Jacky Rosen (D-NV), Bernie Sanders (I-VT), Brian Schatz (D-HI), Jeanne Shaheen (D-NH), Tina Smith (D-MN), Thom Tillis (R-NC), Mark Warner (D-VA) y Peter Welch (D-VT).<\/p>\n<p>El texto completo de la carta est\u00e1 disponible <a href=\"https:\/\/www.cornyn.senate.gov\/wp-content\/uploads\/2024\/08\/van_hollen_cornyn_letter_austin_tice.pdf\">aqu\u00ed<\/a> y m\u00e1s abajo.  <\/p>\n<p>6 de agosto de 2024<\/p>\n<p>Honorable Joseph R. Biden, Jr. <br \/>La Casa Blanca<br \/>Washington, D.C. 20500<\/p>\n<p>Estimado Presidente Biden:<\/p>\n<p>Han pasado ya casi 12 a\u00f1os desde que Austin Tice, veterano capit\u00e1n del Cuerpo de Marines que sirvi\u00f3 en Irak y Afganist\u00e1n, fue detenido en un puesto de control cerca de Damasco, Siria, mientras trabajaba como periodista independiente.<br \/>\nEl 11 de agosto de 2022, indicaste p\u00fablicamente que tu administraci\u00f3n sabe que Austin ha sido retenido por el r\u00e9gimen sirio.<br \/>\nEl 2 de mayo de 2022, te reuniste con los padres de Austin, Debra y Marc Tice, y te comprometiste a seguir buscando todas las v\u00edas disponibles para conseguir la tan esperada devoluci\u00f3n de Austin a su familia.<br \/>\nHace m\u00e1s de cuatro a\u00f1os, muchos de nosotros nos unimos a una carta firmada por un grupo bipartidista de miembros de la C\u00e1mara de Representantes y del Senado en la que se instaba al presidente Trump a utilizar todo el peso de su equipo de seguridad nacional para conseguir la liberaci\u00f3n de Austin.<br \/>\nAhora reiteramos la petici\u00f3n de que haga todo lo posible por traer a Austin a casa.      <\/p>\n<p>Como amado hijo, hermano, Eagle Scout, periodista y veterano, Austin representa lo mejor que nuestra naci\u00f3n puede ofrecer, y nos comprometemos a trabajar contigo para devolverlo a su querida familia.<br \/>\nComo estadounidense y veterano, Austin merece el apoyo pleno y activo de nuestro gobierno para conseguir su liberaci\u00f3n.<br \/>\nTambi\u00e9n animamos a tu administraci\u00f3n a utilizar todos los medios disponibles para desalentar a\u00fan m\u00e1s la toma de rehenes de ciudadanos estadounidenses.  <\/p>\n<p>Once a\u00f1os es demasiado tiempo para que se celebre Austin.<br \/>\nTe pedimos que nos mantengas informados de tus progresos para que el Congreso y tu Administraci\u00f3n puedan seguir trabajando codo con codo en esta importante cuesti\u00f3n. <\/p>\n\t\t\t\t\t\t\t\t<\/div>\n\t\t\t\t<\/div>\n\t\t\t\t\t<\/div>\n\t\t<\/div>\n\t\t\t\t\t<\/div>\n\t\t<\/section>\n\t\t\t\t\t<\/div>\n\t\t<\/div>\n\t\t\t\t\t<\/div>\n\t\t<\/section>\n\t\t\t\t<\/div>\n\t\t","protected":false},"author":20,"template":"","news-type":[161],"issues":[165],"class_list":["post-47247","news","type-news","status-publish","hentry","news-type-press-releases-es-mx","issues-foreign-affairs-national-security-es-mx"],"acf":[],"yoast_head":"<!-- This site is optimized with the Yoast SEO plugin v27.2 - https:\/\/yoast.com\/product\/yoast-seo-wordpress\/ -->\n<title>Cornyn insta al gobierno de Biden a presionar para que se libere a Austin Tice - Senator Cornyn<\/title>\n<meta name=\"robots\" content=\"index, follow, max-snippet:-1, max-image-preview:large, max-video-preview:-1\" \/>\n<link rel=\"canonical\" href=\"https:\/\/www.cornyn.senate.gov\/es-mx\/news\/cornyn-insta-al-gobierno-de-biden-a-presionar-para-que-se-libere-a-austin-tice\/\" \/>\n<meta property=\"og:locale\" content=\"es_MX\" \/>\n<meta property=\"og:type\" content=\"article\" \/>\n<meta property=\"og:title\" content=\"Cornyn insta al gobierno de Biden a presionar para que se libere a Austin Tice - Senator Cornyn\" \/>\n<meta property=\"og:description\" content=\"Noticias WASHINGTON &#8211; El senador John Cornyn (republicano de Texas), junto con el senador Chris Van Hollen (dem\u00f3crata de Maryland), encabezaron ayer a m\u00e1s de un tercio del Senado en una carta bipartidista dirigida al presidente Joe Biden en la que le instan a \u00e9l y a su administraci\u00f3n a dar prioridad a la devoluci\u00f3n [&hellip;]\" \/>\n<meta property=\"og:url\" content=\"https:\/\/www.cornyn.senate.gov\/es-mx\/news\/cornyn-insta-al-gobierno-de-biden-a-presionar-para-que-se-libere-a-austin-tice\/\" \/>\n<meta property=\"og:site_name\" content=\"Senator Cornyn\" \/>\n<meta property=\"article:publisher\" content=\"https:\/\/www.facebook.com\/SenJohnCornyn\" \/>\n<meta property=\"article:modified_time\" content=\"2024-08-07T16:53:18+00:00\" \/>\n<meta property=\"og:image\" content=\"https:\/\/www.cornyn.senate.gov\/wp-content\/uploads\/2023\/11\/Twitter-Card-Dec-23-1024x535.png\" \/>\n\t<meta property=\"og:image:width\" content=\"1024\" \/>\n\t<meta property=\"og:image:height\" content=\"535\" \/>\n\t<meta property=\"og:image:type\" content=\"image\/png\" \/>\n<meta name=\"twitter:card\" content=\"summary_large_image\" \/>\n<meta name=\"twitter:site\" content=\"@johncornyn\" \/>\n<meta name=\"twitter:label1\" content=\"Est. reading time\" \/>\n\t<meta name=\"twitter:data1\" content=\"3 minutes\" \/>\n<script type=\"application\/ld+json\" class=\"yoast-schema-graph\">{\"@context\":\"https:\/\/schema.org\",\"@graph\":[{\"@type\":\"WebPage\",\"@id\":\"https:\/\/www.cornyn.senate.gov\/es-mx\/news\/cornyn-insta-al-gobierno-de-biden-a-presionar-para-que-se-libere-a-austin-tice\/\",\"url\":\"https:\/\/www.cornyn.senate.gov\/es-mx\/news\/cornyn-insta-al-gobierno-de-biden-a-presionar-para-que-se-libere-a-austin-tice\/\",\"name\":\"Cornyn insta al gobierno de Biden a presionar para que se libere a Austin Tice - Senator Cornyn\",\"isPartOf\":{\"@id\":\"https:\/\/www.cornyn.senate.gov\/es-mx\/#website\"},\"datePublished\":\"2024-08-07T16:50:43+00:00\",\"dateModified\":\"2024-08-07T16:53:18+00:00\",\"breadcrumb\":{\"@id\":\"https:\/\/www.cornyn.senate.gov\/es-mx\/news\/cornyn-insta-al-gobierno-de-biden-a-presionar-para-que-se-libere-a-austin-tice\/#breadcrumb\"},\"inLanguage\":\"es-MX\",\"potentialAction\":[{\"@type\":\"ReadAction\",\"target\":[\"https:\/\/www.cornyn.senate.gov\/es-mx\/news\/cornyn-insta-al-gobierno-de-biden-a-presionar-para-que-se-libere-a-austin-tice\/\"]}]},{\"@type\":\"BreadcrumbList\",\"@id\":\"https:\/\/www.cornyn.senate.gov\/es-mx\/news\/cornyn-insta-al-gobierno-de-biden-a-presionar-para-que-se-libere-a-austin-tice\/#breadcrumb\",\"itemListElement\":[{\"@type\":\"ListItem\",\"position\":1,\"name\":\"Home\",\"item\":\"https:\/\/www.cornyn.senate.gov\/es-mx\/\"},{\"@type\":\"ListItem\",\"position\":2,\"name\":\"News\",\"item\":\"https:\/\/www.cornyn.senate.gov\/es-mx\/news\/\"},{\"@type\":\"ListItem\",\"position\":3,\"name\":\"Cornyn insta al gobierno de Biden a presionar para que se libere a Austin Tice\"}]},{\"@type\":\"WebSite\",\"@id\":\"https:\/\/www.cornyn.senate.gov\/es-mx\/#website\",\"url\":\"https:\/\/www.cornyn.senate.gov\/es-mx\/\",\"name\":\"Senator Cornyn\",\"description\":\"\",\"publisher\":{\"@id\":\"https:\/\/www.cornyn.senate.gov\/es-mx\/#organization\"},\"potentialAction\":[{\"@type\":\"SearchAction\",\"target\":{\"@type\":\"EntryPoint\",\"urlTemplate\":\"https:\/\/www.cornyn.senate.gov\/es-mx\/?s={search_term_string}\"},\"query-input\":{\"@type\":\"PropertyValueSpecification\",\"valueRequired\":true,\"valueName\":\"search_term_string\"}}],\"inLanguage\":\"es-MX\"},{\"@type\":\"Organization\",\"@id\":\"https:\/\/www.cornyn.senate.gov\/es-mx\/#organization\",\"name\":\"Senator Cornyn\",\"url\":\"https:\/\/www.cornyn.senate.gov\/es-mx\/\",\"logo\":{\"@type\":\"ImageObject\",\"inLanguage\":\"es-MX\",\"@id\":\"https:\/\/www.cornyn.senate.gov\/es-mx\/#\/schema\/logo\/image\/\",\"url\":\"https:\/\/www.cornyn.senate.gov\/wp-content\/uploads\/2022\/01\/Logo-2.svg\",\"contentUrl\":\"https:\/\/www.cornyn.senate.gov\/wp-content\/uploads\/2022\/01\/Logo-2.svg\",\"caption\":\"Senator Cornyn\"},\"image\":{\"@id\":\"https:\/\/www.cornyn.senate.gov\/es-mx\/#\/schema\/logo\/image\/\"},\"sameAs\":[\"https:\/\/www.facebook.com\/SenJohnCornyn\",\"https:\/\/x.com\/johncornyn\"]}]}<\/script>\n<!-- \/ Yoast SEO plugin. -->","yoast_head_json":{"title":"Cornyn insta al gobierno de Biden a presionar para que se libere a Austin Tice - Senator Cornyn","robots":{"index":"index","follow":"follow","max-snippet":"max-snippet:-1","max-image-preview":"max-image-preview:large","max-video-preview":"max-video-preview:-1"},"canonical":"https:\/\/www.cornyn.senate.gov\/es-mx\/news\/cornyn-insta-al-gobierno-de-biden-a-presionar-para-que-se-libere-a-austin-tice\/","og_locale":"es_MX","og_type":"article","og_title":"Cornyn insta al gobierno de Biden a presionar para que se libere a Austin Tice - Senator Cornyn","og_description":"Noticias WASHINGTON &#8211; El senador John Cornyn (republicano de Texas), junto con el senador Chris Van Hollen (dem\u00f3crata de Maryland), encabezaron ayer a m\u00e1s de un tercio del Senado en una carta bipartidista dirigida al presidente Joe Biden en la que le instan a \u00e9l y a su administraci\u00f3n a dar prioridad a la devoluci\u00f3n [&hellip;]","og_url":"https:\/\/www.cornyn.senate.gov\/es-mx\/news\/cornyn-insta-al-gobierno-de-biden-a-presionar-para-que-se-libere-a-austin-tice\/","og_site_name":"Senator Cornyn","article_publisher":"https:\/\/www.facebook.com\/SenJohnCornyn","article_modified_time":"2024-08-07T16:53:18+00:00","og_image":[{"width":1024,"height":535,"url":"https:\/\/www.cornyn.senate.gov\/wp-content\/uploads\/2023\/11\/Twitter-Card-Dec-23-1024x535.png","type":"image\/png"}],"twitter_card":"summary_large_image","twitter_site":"@johncornyn","twitter_misc":{"Est. reading time":"3 minutes"},"schema":{"@context":"https:\/\/schema.org","@graph":[{"@type":"WebPage","@id":"https:\/\/www.cornyn.senate.gov\/es-mx\/news\/cornyn-insta-al-gobierno-de-biden-a-presionar-para-que-se-libere-a-austin-tice\/","url":"https:\/\/www.cornyn.senate.gov\/es-mx\/news\/cornyn-insta-al-gobierno-de-biden-a-presionar-para-que-se-libere-a-austin-tice\/","name":"Cornyn insta al gobierno de Biden a presionar para que se libere a Austin Tice - Senator Cornyn","isPartOf":{"@id":"https:\/\/www.cornyn.senate.gov\/es-mx\/#website"},"datePublished":"2024-08-07T16:50:43+00:00","dateModified":"2024-08-07T16:53:18+00:00","breadcrumb":{"@id":"https:\/\/www.cornyn.senate.gov\/es-mx\/news\/cornyn-insta-al-gobierno-de-biden-a-presionar-para-que-se-libere-a-austin-tice\/#breadcrumb"},"inLanguage":"es-MX","potentialAction":[{"@type":"ReadAction","target":["https:\/\/www.cornyn.senate.gov\/es-mx\/news\/cornyn-insta-al-gobierno-de-biden-a-presionar-para-que-se-libere-a-austin-tice\/"]}]},{"@type":"BreadcrumbList","@id":"https:\/\/www.cornyn.senate.gov\/es-mx\/news\/cornyn-insta-al-gobierno-de-biden-a-presionar-para-que-se-libere-a-austin-tice\/#breadcrumb","itemListElement":[{"@type":"ListItem","position":1,"name":"Home","item":"https:\/\/www.cornyn.senate.gov\/es-mx\/"},{"@type":"ListItem","position":2,"name":"News","item":"https:\/\/www.cornyn.senate.gov\/es-mx\/news\/"},{"@type":"ListItem","position":3,"name":"Cornyn insta al gobierno de Biden a presionar para que se libere a Austin Tice"}]},{"@type":"WebSite","@id":"https:\/\/www.cornyn.senate.gov\/es-mx\/#website","url":"https:\/\/www.cornyn.senate.gov\/es-mx\/","name":"Senator Cornyn","description":"","publisher":{"@id":"https:\/\/www.cornyn.senate.gov\/es-mx\/#organization"},"potentialAction":[{"@type":"SearchAction","target":{"@type":"EntryPoint","urlTemplate":"https:\/\/www.cornyn.senate.gov\/es-mx\/?s={search_term_string}"},"query-input":{"@type":"PropertyValueSpecification","valueRequired":true,"valueName":"search_term_string"}}],"inLanguage":"es-MX"},{"@type":"Organization","@id":"https:\/\/www.cornyn.senate.gov\/es-mx\/#organization","name":"Senator Cornyn","url":"https:\/\/www.cornyn.senate.gov\/es-mx\/","logo":{"@type":"ImageObject","inLanguage":"es-MX","@id":"https:\/\/www.cornyn.senate.gov\/es-mx\/#\/schema\/logo\/image\/","url":"https:\/\/www.cornyn.senate.gov\/wp-content\/uploads\/2022\/01\/Logo-2.svg","contentUrl":"https:\/\/www.cornyn.senate.gov\/wp-content\/uploads\/2022\/01\/Logo-2.svg","caption":"Senator Cornyn"},"image":{"@id":"https:\/\/www.cornyn.senate.gov\/es-mx\/#\/schema\/logo\/image\/"},"sameAs":["https:\/\/www.facebook.com\/SenJohnCornyn","https:\/\/x.com\/johncornyn"]}]}},"_links":{"self":[{"href":"https:\/\/www.cornyn.senate.gov\/es-mx\/wp-json\/wp\/v2\/news\/47247","targetHints":{"allow":["GET"]}}],"collection":[{"href":"https:\/\/www.cornyn.senate.gov\/es-mx\/wp-json\/wp\/v2\/news"}],"about":[{"href":"https:\/\/www.cornyn.senate.gov\/es-mx\/wp-json\/wp\/v2\/types\/news"}],"author":[{"embeddable":true,"href":"https:\/\/www.cornyn.senate.gov\/es-mx\/wp-json\/wp\/v2\/users\/20"}],"version-history":[{"count":1,"href":"https:\/\/www.cornyn.senate.gov\/es-mx\/wp-json\/wp\/v2\/news\/47247\/revisions"}],"predecessor-version":[{"id":47248,"href":"https:\/\/www.cornyn.senate.gov\/es-mx\/wp-json\/wp\/v2\/news\/47247\/revisions\/47248"}],"wp:attachment":[{"href":"https:\/\/www.cornyn.senate.gov\/es-mx\/wp-json\/wp\/v2\/media?parent=47247"}],"wp:term":[{"taxonomy":"news-type","embeddable":true,"href":"https:\/\/www.cornyn.senate.gov\/es-mx\/wp-json\/wp\/v2\/news-type?post=47247"},{"taxonomy":"issues","embeddable":true,"href":"https:\/\/www.cornyn.senate.gov\/es-mx\/wp-json\/wp\/v2\/issues?post=47247"}],"curies":[{"name":"wp","href":"https:\/\/api.w.org\/{rel}","templated":true}]}}