{"id":47728,"date":"2024-11-19T09:05:13","date_gmt":"2024-11-19T14:05:13","guid":{"rendered":"https:\/\/www.cornyn.senate.gov\/news\/cornyn-y-bennet-presentan-un-proyecto-de-ley-para-ayudar-a-los-ninos-en-acogida-temporal\/"},"modified":"2024-11-19T09:11:12","modified_gmt":"2024-11-19T14:11:12","slug":"cornyn-y-bennet-presentan-un-proyecto-de-ley-para-ayudar-a-los-ninos-en-acogida-temporal","status":"publish","type":"news","link":"https:\/\/www.cornyn.senate.gov\/es-mx\/news\/cornyn-y-bennet-presentan-un-proyecto-de-ley-para-ayudar-a-los-ninos-en-acogida-temporal\/","title":{"rendered":"Cornyn y Bennet presentan un proyecto de ley para ayudar a los ni\u00f1os en acogida temporal"},"content":{"rendered":"\t\t<div data-elementor-type=\"wp-post\" data-elementor-id=\"47728\" class=\"elementor elementor-47728 elementor-47722\" data-elementor-post-type=\"news\">\n\t\t\t\t\t\t<section class=\"elementor-section elementor-top-section elementor-element elementor-element-7541352e elementor-section-boxed elementor-section-height-default elementor-section-height-default\" data-id=\"7541352e\" data-element_type=\"section\" data-e-type=\"section\">\n\t\t\t\t\t\t<div class=\"elementor-container elementor-column-gap-default\">\n\t\t\t\t\t<div class=\"elementor-column elementor-col-100 elementor-top-column elementor-element elementor-element-5e58fcaf\" data-id=\"5e58fcaf\" data-element_type=\"column\" data-e-type=\"column\">\n\t\t\t<div class=\"elementor-widget-wrap elementor-element-populated\">\n\t\t\t\t\t\t<section class=\"elementor-section elementor-inner-section elementor-element elementor-element-1c06f5f3 elementor-section-boxed elementor-section-height-default elementor-section-height-default\" data-id=\"1c06f5f3\" data-element_type=\"section\" data-e-type=\"section\">\n\t\t\t\t\t\t<div class=\"elementor-container elementor-column-gap-default\">\n\t\t\t\t\t<div class=\"elementor-column elementor-col-50 elementor-inner-column elementor-element elementor-element-42540bf6\" data-id=\"42540bf6\" data-element_type=\"column\" data-e-type=\"column\">\n\t\t\t<div class=\"elementor-widget-wrap elementor-element-populated\">\n\t\t\t\t\t\t<div class=\"elementor-element elementor-element-15954ab3 breadcrumb--back elementor-widget elementor-widget-button\" data-id=\"15954ab3\" data-element_type=\"widget\" data-e-type=\"widget\" data-widget_type=\"button.default\">\n\t\t\t\t<div class=\"elementor-widget-container\">\n\t\t\t\t\t\t\t\t\t<div class=\"elementor-button-wrapper\">\n\t\t\t\t\t<a class=\"elementor-button elementor-button-link elementor-size-sm\" href=\"\/news\/\">\n\t\t\t\t\t\t<span class=\"elementor-button-content-wrapper\">\n\t\t\t\t\t\t<span class=\"elementor-button-icon\">\n\t\t\t\t<i aria-hidden=\"true\" class=\"icon icon-arrow-left\"><\/i>\t\t\t<\/span>\n\t\t\t\t\t\t\t\t\t<span class=\"elementor-button-text\">Noticias<\/span>\n\t\t\t\t\t<\/span>\n\t\t\t\t\t<\/a>\n\t\t\t\t<\/div>\n\t\t\t\t\t\t\t\t<\/div>\n\t\t\t\t<\/div>\n\t\t\t\t\t<\/div>\n\t\t<\/div>\n\t\t\t\t<div class=\"elementor-column elementor-col-50 elementor-inner-column elementor-element elementor-element-279b0ea3 content-page__content\" data-id=\"279b0ea3\" data-element_type=\"column\" data-e-type=\"column\">\n\t\t\t<div class=\"elementor-widget-wrap elementor-element-populated\">\n\t\t\t\t\t\t<div class=\"elementor-element elementor-element-321c341e elementor-widget elementor-widget-theme-post-title elementor-page-title elementor-widget-heading\" data-id=\"321c341e\" data-element_type=\"widget\" data-e-type=\"widget\" data-widget_type=\"theme-post-title.default\">\n\t\t\t\t<div class=\"elementor-widget-container\">\n\t\t\t\t\t<h1 class=\"elementor-heading-title elementor-size-default\">Cornyn y Bennet presentan un proyecto de ley para ayudar a los ni\u00f1os en acogida temporal<\/h1>\t\t\t\t<\/div>\n\t\t\t\t<\/div>\n\t\t\t\t<div class=\"elementor-element elementor-element-fb0ef0c elementor-widget-divider--view-line elementor-widget elementor-widget-divider\" data-id=\"fb0ef0c\" data-element_type=\"widget\" data-e-type=\"widget\" data-widget_type=\"divider.default\">\n\t\t\t\t<div class=\"elementor-widget-container\">\n\t\t\t\t\t\t\t<div class=\"elementor-divider\">\n\t\t\t<span class=\"elementor-divider-separator\">\n\t\t\t\t\t\t<\/span>\n\t\t<\/div>\n\t\t\t\t\t\t<\/div>\n\t\t\t\t<\/div>\n\t\t\t\t<div class=\"elementor-element elementor-element-36eb711c elementor-widget__width-initial elementor-widget-mobile__width-inherit elementor-widget elementor-widget-text-editor\" data-id=\"36eb711c\" data-element_type=\"widget\" data-e-type=\"widget\" data-widget_type=\"text-editor.default\">\n\t\t\t\t<div class=\"elementor-widget-container\">\n\t\t\t\t\t\t\t\t\tNovember 19, 2024\t\t\t\t\t\t\t\t<\/div>\n\t\t\t\t<\/div>\n\t\t\t\t<div class=\"elementor-element elementor-element-7ed685b2 elementor-share-buttons--view-icon elementor-share-buttons--skin-flat elementor-share-buttons--shape-circle elementor-share-buttons--color-custom share-buttons elementor-widget__width-initial elementor-widget-mobile__width-inherit elementor-grid-0 elementor-widget elementor-widget-share-buttons\" data-id=\"7ed685b2\" data-element_type=\"widget\" data-e-type=\"widget\" title=\"Share\" data-widget_type=\"share-buttons.default\">\n\t\t\t\t<div class=\"elementor-widget-container\">\n\t\t\t\t\t\t\t<div class=\"elementor-grid\" role=\"list\">\n\t\t\t\t\t\t\t\t<div class=\"elementor-grid-item\" role=\"listitem\">\n\t\t\t\t\t\t<div class=\"elementor-share-btn elementor-share-btn_email\" role=\"button\" tabindex=\"0\" aria-label=\"Share on email\">\n\t\t\t\t\t\t\t\t\t\t\t\t\t\t\t<span class=\"elementor-share-btn__icon\">\n\t\t\t\t\t\t\t\t<i class=\"fas fa-envelope\" aria-hidden=\"true\"><\/i>\t\t\t\t\t\t\t<\/span>\n\t\t\t\t\t\t\t\t\t\t\t\t\t\t\t\t\t\t\t\t<\/div>\n\t\t\t\t\t<\/div>\n\t\t\t\t\t\t\t\t\t<div class=\"elementor-grid-item\" role=\"listitem\">\n\t\t\t\t\t\t<div class=\"elementor-share-btn elementor-share-btn_linkedin\" role=\"button\" tabindex=\"0\" aria-label=\"Share on linkedin\">\n\t\t\t\t\t\t\t\t\t\t\t\t\t\t\t<span class=\"elementor-share-btn__icon\">\n\t\t\t\t\t\t\t\t<i class=\"fab fa-linkedin\" aria-hidden=\"true\"><\/i>\t\t\t\t\t\t\t<\/span>\n\t\t\t\t\t\t\t\t\t\t\t\t\t\t\t\t\t\t\t\t<\/div>\n\t\t\t\t\t<\/div>\n\t\t\t\t\t\t\t\t\t<div class=\"elementor-grid-item\" role=\"listitem\">\n\t\t\t\t\t\t<div class=\"elementor-share-btn elementor-share-btn_facebook\" role=\"button\" tabindex=\"0\" aria-label=\"Share on facebook\">\n\t\t\t\t\t\t\t\t\t\t\t\t\t\t\t<span class=\"elementor-share-btn__icon\">\n\t\t\t\t\t\t\t\t<i class=\"fab fa-facebook\" aria-hidden=\"true\"><\/i>\t\t\t\t\t\t\t<\/span>\n\t\t\t\t\t\t\t\t\t\t\t\t\t\t\t\t\t\t\t\t<\/div>\n\t\t\t\t\t<\/div>\n\t\t\t\t\t\t<\/div>\n\t\t\t\t\t\t<\/div>\n\t\t\t\t<\/div>\n\t\t\t\t<div class=\"elementor-element elementor-element-43297096 elementor-widget elementor-widget-text-editor\" data-id=\"43297096\" data-element_type=\"widget\" data-e-type=\"widget\" data-widget_type=\"text-editor.default\">\n\t\t\t\t<div class=\"elementor-widget-container\">\n\t\t\t\t\t\t\t\t\t<p><strong>WASHINGTON <\/strong>&#8211; Los senadores John Cornyn (republicano de Texas) y Michael Bennet (dem\u00f3crata de Colorado) presentaron ayer la <em>ley Protecting America&#8217;s Children by Strengthening Families Act<\/em>, que reautorizar\u00eda y mejorar\u00eda un programa clave de servicios infantiles que promueve la unidad familiar y la seguridad y el bienestar de los ni\u00f1os en hogares de acogida:<\/p>\n<p><em>&#8220;Crear un entorno seguro, saludable y de apoyo en el hogar es el primer paso para ayudar a los ni\u00f1os de Texas a prosperar&#8221;,<\/em> dijo el senador Cornyn. <em>&#8220;Esta legislaci\u00f3n har\u00eda mejoras estrat\u00e9gicas y respaldadas por la evidencia para asegurar un sistema de apoyo de 360 grados para los ni\u00f1os en cuidado de crianza en todo el pa\u00eds.&#8221; <\/em> <\/p>\n<p>&#8220;<em>Tenemos la responsabilidad de garantizar que todos los ni\u00f1os de Estados Unidos crezcan en un hogar cari\u00f1oso y solidario&#8221;,<\/em> afirm\u00f3 el senador Bennet.  <em>&#8220;Es por eso que estamos proponiendo una legislaci\u00f3n para cortar a trav\u00e9s de la burocracia y proporcionar una inversi\u00f3n cr\u00edtica y flexible en la pol\u00edtica de bienestar infantil. Esto nos permitir\u00e1 proporcionar a las comunidades en Colorado y en todo el pa\u00eds la flexibilidad que necesitan para mantener a los ni\u00f1os seguros y a las familias unidas.&#8221; <\/em><\/p>\n<p><span style=\"text-decoration: underline;\">Antecedentes:<\/span><\/p>\n<p>La <em>ley Protecting America&#8217;s Children by Strengthening Families<\/em> reautorizar\u00eda y mejorar\u00eda el T\u00edtulo IV-B de la <em>Ley de Seguridad <\/em>Social mediante:<\/p>\n<ol>\n<li>Ampliar los servicios basados en pruebas para prevenir el maltrato y el abandono infantil;<\/li>\n<li>Aumentar el acceso a la formaci\u00f3n de los trabajadores sociales y mejorar los esfuerzos de contrataci\u00f3n y retenci\u00f3n para hacer frente a la escasez de trabajadores sociales y reforzar la mano de obra;<\/li>\n<li>Reducci\u00f3n de la carga administrativa;<\/li>\n<li>Concesi\u00f3n de subvenciones al Programa de Mejora de los Tribunales para apoyar los procedimientos judiciales de menores;<\/li>\n<li>Agilizar el acceso a la financiaci\u00f3n, tambi\u00e9n para las tribus ind\u00edgenas;<\/li>\n<li>Y reforzar los sistemas de apoyo a los parientes y a las transiciones familiares, incluidos los ni\u00f1os que entran en la derivaci\u00f3n por parentesco, salen del acogimiento familiar o pasan a una familia adoptiva.<\/li>\n<\/ol>\n<p>Representantes Darin LaHood (IL-16) y Danny Davis (IL-07) introdujo la legislaci\u00f3n de acompa\u00f1amiento en la C\u00e1mara. El coste de esta legislaci\u00f3n est\u00e1 totalmente compensado por los ahorros de la <em>Ley de Fortalecimiento de la Aplicaci\u00f3n Estatal y Tribal de la Infancia<\/em>.   <\/p>\n<p>La legislaci\u00f3n cuenta con el apoyo de Abrazo Adoption Associates, Families and Foster Care Coalition, Heart of Texas, Heart of Texas Goodwill, South Texas Alamo Chapter &#8211; National Association of Pediatric Nurse Practitioners, Texas Grandparents Raising Grandchildren, Texas Network of Youth Services, Texas Pediatric Society, TexProtects, junto con m\u00e1s de 200 organizaciones nacionales y estatales de salud mental y atenci\u00f3n infantil.<\/p>\n\t\t\t\t\t\t\t\t<\/div>\n\t\t\t\t<\/div>\n\t\t\t\t\t<\/div>\n\t\t<\/div>\n\t\t\t\t\t<\/div>\n\t\t<\/section>\n\t\t\t\t\t<\/div>\n\t\t<\/div>\n\t\t\t\t\t<\/div>\n\t\t<\/section>\n\t\t\t\t<\/div>\n\t\t","protected":false},"author":20,"template":"","news-type":[],"issues":[],"class_list":["post-47728","news","type-news","status-publish","hentry"],"acf":[],"yoast_head":"<!-- This site is optimized with the Yoast SEO plugin v27.2 - https:\/\/yoast.com\/product\/yoast-seo-wordpress\/ -->\n<title>Cornyn y Bennet presentan un proyecto de ley para ayudar a los ni\u00f1os en acogida temporal - Senator Cornyn<\/title>\n<meta name=\"robots\" content=\"index, follow, max-snippet:-1, max-image-preview:large, max-video-preview:-1\" \/>\n<link rel=\"canonical\" href=\"https:\/\/www.cornyn.senate.gov\/es-mx\/news\/cornyn-y-bennet-presentan-un-proyecto-de-ley-para-ayudar-a-los-ninos-en-acogida-temporal\/\" \/>\n<meta property=\"og:locale\" content=\"es_MX\" \/>\n<meta property=\"og:type\" content=\"article\" \/>\n<meta property=\"og:title\" content=\"Cornyn y Bennet presentan un proyecto de ley para ayudar a los ni\u00f1os en acogida temporal - Senator Cornyn\" \/>\n<meta property=\"og:description\" content=\"Noticias WASHINGTON &#8211; Los senadores John Cornyn (republicano de Texas) y Michael Bennet (dem\u00f3crata de Colorado) presentaron ayer la ley Protecting America&#8217;s Children by Strengthening Families Act, que reautorizar\u00eda y mejorar\u00eda un programa clave de servicios infantiles que promueve la unidad familiar y la seguridad y el bienestar de los ni\u00f1os en hogares de acogida: [&hellip;]\" \/>\n<meta property=\"og:url\" content=\"https:\/\/www.cornyn.senate.gov\/es-mx\/news\/cornyn-y-bennet-presentan-un-proyecto-de-ley-para-ayudar-a-los-ninos-en-acogida-temporal\/\" \/>\n<meta property=\"og:site_name\" content=\"Senator Cornyn\" \/>\n<meta property=\"article:publisher\" content=\"https:\/\/www.facebook.com\/SenJohnCornyn\" \/>\n<meta property=\"article:modified_time\" content=\"2024-11-19T14:11:12+00:00\" \/>\n<meta property=\"og:image\" content=\"https:\/\/www.cornyn.senate.gov\/wp-content\/uploads\/2023\/11\/Twitter-Card-Dec-23-1024x535.png\" \/>\n\t<meta property=\"og:image:width\" content=\"1024\" \/>\n\t<meta property=\"og:image:height\" content=\"535\" \/>\n\t<meta property=\"og:image:type\" content=\"image\/png\" \/>\n<meta name=\"twitter:card\" content=\"summary_large_image\" \/>\n<meta name=\"twitter:site\" content=\"@johncornyn\" \/>\n<meta name=\"twitter:label1\" content=\"Est. reading time\" \/>\n\t<meta name=\"twitter:data1\" content=\"2 minutes\" \/>\n<script type=\"application\/ld+json\" class=\"yoast-schema-graph\">{\"@context\":\"https:\/\/schema.org\",\"@graph\":[{\"@type\":\"WebPage\",\"@id\":\"https:\/\/www.cornyn.senate.gov\/es-mx\/news\/cornyn-y-bennet-presentan-un-proyecto-de-ley-para-ayudar-a-los-ninos-en-acogida-temporal\/\",\"url\":\"https:\/\/www.cornyn.senate.gov\/es-mx\/news\/cornyn-y-bennet-presentan-un-proyecto-de-ley-para-ayudar-a-los-ninos-en-acogida-temporal\/\",\"name\":\"Cornyn y Bennet presentan un proyecto de ley para ayudar a los ni\u00f1os en acogida temporal - Senator Cornyn\",\"isPartOf\":{\"@id\":\"https:\/\/www.cornyn.senate.gov\/es-mx\/#website\"},\"datePublished\":\"2024-11-19T14:05:13+00:00\",\"dateModified\":\"2024-11-19T14:11:12+00:00\",\"breadcrumb\":{\"@id\":\"https:\/\/www.cornyn.senate.gov\/es-mx\/news\/cornyn-y-bennet-presentan-un-proyecto-de-ley-para-ayudar-a-los-ninos-en-acogida-temporal\/#breadcrumb\"},\"inLanguage\":\"es-MX\",\"potentialAction\":[{\"@type\":\"ReadAction\",\"target\":[\"https:\/\/www.cornyn.senate.gov\/es-mx\/news\/cornyn-y-bennet-presentan-un-proyecto-de-ley-para-ayudar-a-los-ninos-en-acogida-temporal\/\"]}]},{\"@type\":\"BreadcrumbList\",\"@id\":\"https:\/\/www.cornyn.senate.gov\/es-mx\/news\/cornyn-y-bennet-presentan-un-proyecto-de-ley-para-ayudar-a-los-ninos-en-acogida-temporal\/#breadcrumb\",\"itemListElement\":[{\"@type\":\"ListItem\",\"position\":1,\"name\":\"Home\",\"item\":\"https:\/\/www.cornyn.senate.gov\/es-mx\/\"},{\"@type\":\"ListItem\",\"position\":2,\"name\":\"News\",\"item\":\"https:\/\/www.cornyn.senate.gov\/es-mx\/news\/\"},{\"@type\":\"ListItem\",\"position\":3,\"name\":\"Cornyn y Bennet presentan un proyecto de ley para ayudar a los ni\u00f1os en acogida temporal\"}]},{\"@type\":\"WebSite\",\"@id\":\"https:\/\/www.cornyn.senate.gov\/es-mx\/#website\",\"url\":\"https:\/\/www.cornyn.senate.gov\/es-mx\/\",\"name\":\"Senator Cornyn\",\"description\":\"\",\"publisher\":{\"@id\":\"https:\/\/www.cornyn.senate.gov\/es-mx\/#organization\"},\"potentialAction\":[{\"@type\":\"SearchAction\",\"target\":{\"@type\":\"EntryPoint\",\"urlTemplate\":\"https:\/\/www.cornyn.senate.gov\/es-mx\/?s={search_term_string}\"},\"query-input\":{\"@type\":\"PropertyValueSpecification\",\"valueRequired\":true,\"valueName\":\"search_term_string\"}}],\"inLanguage\":\"es-MX\"},{\"@type\":\"Organization\",\"@id\":\"https:\/\/www.cornyn.senate.gov\/es-mx\/#organization\",\"name\":\"Senator Cornyn\",\"url\":\"https:\/\/www.cornyn.senate.gov\/es-mx\/\",\"logo\":{\"@type\":\"ImageObject\",\"inLanguage\":\"es-MX\",\"@id\":\"https:\/\/www.cornyn.senate.gov\/es-mx\/#\/schema\/logo\/image\/\",\"url\":\"https:\/\/www.cornyn.senate.gov\/wp-content\/uploads\/2022\/01\/Logo-2.svg\",\"contentUrl\":\"https:\/\/www.cornyn.senate.gov\/wp-content\/uploads\/2022\/01\/Logo-2.svg\",\"caption\":\"Senator Cornyn\"},\"image\":{\"@id\":\"https:\/\/www.cornyn.senate.gov\/es-mx\/#\/schema\/logo\/image\/\"},\"sameAs\":[\"https:\/\/www.facebook.com\/SenJohnCornyn\",\"https:\/\/x.com\/johncornyn\"]}]}<\/script>\n<!-- \/ Yoast SEO plugin. -->","yoast_head_json":{"title":"Cornyn y Bennet presentan un proyecto de ley para ayudar a los ni\u00f1os en acogida temporal - Senator Cornyn","robots":{"index":"index","follow":"follow","max-snippet":"max-snippet:-1","max-image-preview":"max-image-preview:large","max-video-preview":"max-video-preview:-1"},"canonical":"https:\/\/www.cornyn.senate.gov\/es-mx\/news\/cornyn-y-bennet-presentan-un-proyecto-de-ley-para-ayudar-a-los-ninos-en-acogida-temporal\/","og_locale":"es_MX","og_type":"article","og_title":"Cornyn y Bennet presentan un proyecto de ley para ayudar a los ni\u00f1os en acogida temporal - Senator Cornyn","og_description":"Noticias WASHINGTON &#8211; Los senadores John Cornyn (republicano de Texas) y Michael Bennet (dem\u00f3crata de Colorado) presentaron ayer la ley Protecting America&#8217;s Children by Strengthening Families Act, que reautorizar\u00eda y mejorar\u00eda un programa clave de servicios infantiles que promueve la unidad familiar y la seguridad y el bienestar de los ni\u00f1os en hogares de acogida: [&hellip;]","og_url":"https:\/\/www.cornyn.senate.gov\/es-mx\/news\/cornyn-y-bennet-presentan-un-proyecto-de-ley-para-ayudar-a-los-ninos-en-acogida-temporal\/","og_site_name":"Senator Cornyn","article_publisher":"https:\/\/www.facebook.com\/SenJohnCornyn","article_modified_time":"2024-11-19T14:11:12+00:00","og_image":[{"width":1024,"height":535,"url":"https:\/\/www.cornyn.senate.gov\/wp-content\/uploads\/2023\/11\/Twitter-Card-Dec-23-1024x535.png","type":"image\/png"}],"twitter_card":"summary_large_image","twitter_site":"@johncornyn","twitter_misc":{"Est. reading time":"2 minutes"},"schema":{"@context":"https:\/\/schema.org","@graph":[{"@type":"WebPage","@id":"https:\/\/www.cornyn.senate.gov\/es-mx\/news\/cornyn-y-bennet-presentan-un-proyecto-de-ley-para-ayudar-a-los-ninos-en-acogida-temporal\/","url":"https:\/\/www.cornyn.senate.gov\/es-mx\/news\/cornyn-y-bennet-presentan-un-proyecto-de-ley-para-ayudar-a-los-ninos-en-acogida-temporal\/","name":"Cornyn y Bennet presentan un proyecto de ley para ayudar a los ni\u00f1os en acogida temporal - Senator Cornyn","isPartOf":{"@id":"https:\/\/www.cornyn.senate.gov\/es-mx\/#website"},"datePublished":"2024-11-19T14:05:13+00:00","dateModified":"2024-11-19T14:11:12+00:00","breadcrumb":{"@id":"https:\/\/www.cornyn.senate.gov\/es-mx\/news\/cornyn-y-bennet-presentan-un-proyecto-de-ley-para-ayudar-a-los-ninos-en-acogida-temporal\/#breadcrumb"},"inLanguage":"es-MX","potentialAction":[{"@type":"ReadAction","target":["https:\/\/www.cornyn.senate.gov\/es-mx\/news\/cornyn-y-bennet-presentan-un-proyecto-de-ley-para-ayudar-a-los-ninos-en-acogida-temporal\/"]}]},{"@type":"BreadcrumbList","@id":"https:\/\/www.cornyn.senate.gov\/es-mx\/news\/cornyn-y-bennet-presentan-un-proyecto-de-ley-para-ayudar-a-los-ninos-en-acogida-temporal\/#breadcrumb","itemListElement":[{"@type":"ListItem","position":1,"name":"Home","item":"https:\/\/www.cornyn.senate.gov\/es-mx\/"},{"@type":"ListItem","position":2,"name":"News","item":"https:\/\/www.cornyn.senate.gov\/es-mx\/news\/"},{"@type":"ListItem","position":3,"name":"Cornyn y Bennet presentan un proyecto de ley para ayudar a los ni\u00f1os en acogida temporal"}]},{"@type":"WebSite","@id":"https:\/\/www.cornyn.senate.gov\/es-mx\/#website","url":"https:\/\/www.cornyn.senate.gov\/es-mx\/","name":"Senator Cornyn","description":"","publisher":{"@id":"https:\/\/www.cornyn.senate.gov\/es-mx\/#organization"},"potentialAction":[{"@type":"SearchAction","target":{"@type":"EntryPoint","urlTemplate":"https:\/\/www.cornyn.senate.gov\/es-mx\/?s={search_term_string}"},"query-input":{"@type":"PropertyValueSpecification","valueRequired":true,"valueName":"search_term_string"}}],"inLanguage":"es-MX"},{"@type":"Organization","@id":"https:\/\/www.cornyn.senate.gov\/es-mx\/#organization","name":"Senator Cornyn","url":"https:\/\/www.cornyn.senate.gov\/es-mx\/","logo":{"@type":"ImageObject","inLanguage":"es-MX","@id":"https:\/\/www.cornyn.senate.gov\/es-mx\/#\/schema\/logo\/image\/","url":"https:\/\/www.cornyn.senate.gov\/wp-content\/uploads\/2022\/01\/Logo-2.svg","contentUrl":"https:\/\/www.cornyn.senate.gov\/wp-content\/uploads\/2022\/01\/Logo-2.svg","caption":"Senator Cornyn"},"image":{"@id":"https:\/\/www.cornyn.senate.gov\/es-mx\/#\/schema\/logo\/image\/"},"sameAs":["https:\/\/www.facebook.com\/SenJohnCornyn","https:\/\/x.com\/johncornyn"]}]}},"_links":{"self":[{"href":"https:\/\/www.cornyn.senate.gov\/es-mx\/wp-json\/wp\/v2\/news\/47728","targetHints":{"allow":["GET"]}}],"collection":[{"href":"https:\/\/www.cornyn.senate.gov\/es-mx\/wp-json\/wp\/v2\/news"}],"about":[{"href":"https:\/\/www.cornyn.senate.gov\/es-mx\/wp-json\/wp\/v2\/types\/news"}],"author":[{"embeddable":true,"href":"https:\/\/www.cornyn.senate.gov\/es-mx\/wp-json\/wp\/v2\/users\/20"}],"version-history":[{"count":1,"href":"https:\/\/www.cornyn.senate.gov\/es-mx\/wp-json\/wp\/v2\/news\/47728\/revisions"}],"predecessor-version":[{"id":47729,"href":"https:\/\/www.cornyn.senate.gov\/es-mx\/wp-json\/wp\/v2\/news\/47728\/revisions\/47729"}],"wp:attachment":[{"href":"https:\/\/www.cornyn.senate.gov\/es-mx\/wp-json\/wp\/v2\/media?parent=47728"}],"wp:term":[{"taxonomy":"news-type","embeddable":true,"href":"https:\/\/www.cornyn.senate.gov\/es-mx\/wp-json\/wp\/v2\/news-type?post=47728"},{"taxonomy":"issues","embeddable":true,"href":"https:\/\/www.cornyn.senate.gov\/es-mx\/wp-json\/wp\/v2\/issues?post=47728"}],"curies":[{"name":"wp","href":"https:\/\/api.w.org\/{rel}","templated":true}]}}