{"id":48098,"date":"2024-12-12T12:35:00","date_gmt":"2024-12-12T17:35:00","guid":{"rendered":"https:\/\/www.cornyn.senate.gov\/news\/video-cornyn-destaca-las-prioridades-del-doge-para-recortar-el-gasto-federal\/"},"modified":"2024-12-12T13:34:56","modified_gmt":"2024-12-12T18:34:56","slug":"video-cornyn-destaca-las-prioridades-del-doge-para-recortar-el-gasto-federal","status":"publish","type":"news","link":"https:\/\/www.cornyn.senate.gov\/es-mx\/news\/video-cornyn-destaca-las-prioridades-del-doge-para-recortar-el-gasto-federal\/","title":{"rendered":"V\u00cdDEO: Cornyn destaca las prioridades del DOGE para recortar el gasto federal"},"content":{"rendered":"\t\t<div data-elementor-type=\"wp-post\" data-elementor-id=\"48098\" class=\"elementor elementor-48098 elementor-48089\" data-elementor-post-type=\"news\">\n\t\t\t\t\t\t<section class=\"elementor-section elementor-top-section elementor-element elementor-element-1eaf6f99 elementor-section-boxed elementor-section-height-default elementor-section-height-default\" data-id=\"1eaf6f99\" data-element_type=\"section\" data-e-type=\"section\">\n\t\t\t\t\t\t<div class=\"elementor-container elementor-column-gap-default\">\n\t\t\t\t\t<div class=\"elementor-column elementor-col-100 elementor-top-column elementor-element elementor-element-75da37e5\" data-id=\"75da37e5\" data-element_type=\"column\" data-e-type=\"column\">\n\t\t\t<div class=\"elementor-widget-wrap elementor-element-populated\">\n\t\t\t\t\t\t<section class=\"elementor-section elementor-inner-section elementor-element elementor-element-1300e0cc elementor-section-boxed elementor-section-height-default elementor-section-height-default\" data-id=\"1300e0cc\" data-element_type=\"section\" data-e-type=\"section\">\n\t\t\t\t\t\t<div class=\"elementor-container elementor-column-gap-default\">\n\t\t\t\t\t<div class=\"elementor-column elementor-col-50 elementor-inner-column elementor-element elementor-element-49ea0baf\" data-id=\"49ea0baf\" data-element_type=\"column\" data-e-type=\"column\">\n\t\t\t<div class=\"elementor-widget-wrap elementor-element-populated\">\n\t\t\t\t\t\t<div class=\"elementor-element elementor-element-1379e645 breadcrumb--back elementor-widget elementor-widget-button\" data-id=\"1379e645\" data-element_type=\"widget\" data-e-type=\"widget\" data-widget_type=\"button.default\">\n\t\t\t\t<div class=\"elementor-widget-container\">\n\t\t\t\t\t\t\t\t\t<div class=\"elementor-button-wrapper\">\n\t\t\t\t\t<a class=\"elementor-button elementor-button-link elementor-size-sm\" href=\"\/news\/\">\n\t\t\t\t\t\t<span class=\"elementor-button-content-wrapper\">\n\t\t\t\t\t\t<span class=\"elementor-button-icon\">\n\t\t\t\t<i aria-hidden=\"true\" class=\"icon icon-arrow-left\"><\/i>\t\t\t<\/span>\n\t\t\t\t\t\t\t\t\t<span class=\"elementor-button-text\">Noticias<\/span>\n\t\t\t\t\t<\/span>\n\t\t\t\t\t<\/a>\n\t\t\t\t<\/div>\n\t\t\t\t\t\t\t\t<\/div>\n\t\t\t\t<\/div>\n\t\t\t\t\t<\/div>\n\t\t<\/div>\n\t\t\t\t<div class=\"elementor-column elementor-col-50 elementor-inner-column elementor-element elementor-element-2a4ae26a content-page__content\" data-id=\"2a4ae26a\" data-element_type=\"column\" data-e-type=\"column\">\n\t\t\t<div class=\"elementor-widget-wrap elementor-element-populated\">\n\t\t\t\t\t\t<div class=\"elementor-element elementor-element-11f809b2 elementor-widget elementor-widget-theme-post-title elementor-page-title elementor-widget-heading\" data-id=\"11f809b2\" data-element_type=\"widget\" data-e-type=\"widget\" data-widget_type=\"theme-post-title.default\">\n\t\t\t\t<div class=\"elementor-widget-container\">\n\t\t\t\t\t<h1 class=\"elementor-heading-title elementor-size-default\">V\u00cdDEO: Cornyn destaca las prioridades del DOGE para recortar el gasto federal<\/h1>\t\t\t\t<\/div>\n\t\t\t\t<\/div>\n\t\t\t\t<div class=\"elementor-element elementor-element-7b14ea9 elementor-widget-divider--view-line elementor-widget elementor-widget-divider\" data-id=\"7b14ea9\" data-element_type=\"widget\" data-e-type=\"widget\" data-widget_type=\"divider.default\">\n\t\t\t\t<div class=\"elementor-widget-container\">\n\t\t\t\t\t\t\t<div class=\"elementor-divider\">\n\t\t\t<span class=\"elementor-divider-separator\">\n\t\t\t\t\t\t<\/span>\n\t\t<\/div>\n\t\t\t\t\t\t<\/div>\n\t\t\t\t<\/div>\n\t\t\t\t<div class=\"elementor-element elementor-element-1feeadcd elementor-widget__width-initial elementor-widget-mobile__width-inherit elementor-widget elementor-widget-text-editor\" data-id=\"1feeadcd\" data-element_type=\"widget\" data-e-type=\"widget\" data-widget_type=\"text-editor.default\">\n\t\t\t\t<div class=\"elementor-widget-container\">\n\t\t\t\t\t\t\t\t\tDecember 12, 2024\t\t\t\t\t\t\t\t<\/div>\n\t\t\t\t<\/div>\n\t\t\t\t<div class=\"elementor-element elementor-element-20849093 elementor-share-buttons--view-icon elementor-share-buttons--skin-flat elementor-share-buttons--shape-circle elementor-share-buttons--color-custom share-buttons elementor-widget__width-initial elementor-widget-mobile__width-inherit elementor-grid-0 elementor-widget elementor-widget-share-buttons\" data-id=\"20849093\" data-element_type=\"widget\" data-e-type=\"widget\" title=\"Share\" data-widget_type=\"share-buttons.default\">\n\t\t\t\t<div class=\"elementor-widget-container\">\n\t\t\t\t\t\t\t<div class=\"elementor-grid\" role=\"list\">\n\t\t\t\t\t\t\t\t<div class=\"elementor-grid-item\" role=\"listitem\">\n\t\t\t\t\t\t<div class=\"elementor-share-btn elementor-share-btn_email\" role=\"button\" tabindex=\"0\" aria-label=\"Share on email\">\n\t\t\t\t\t\t\t\t\t\t\t\t\t\t\t<span class=\"elementor-share-btn__icon\">\n\t\t\t\t\t\t\t\t<i class=\"fas fa-envelope\" aria-hidden=\"true\"><\/i>\t\t\t\t\t\t\t<\/span>\n\t\t\t\t\t\t\t\t\t\t\t\t\t\t\t\t\t\t\t\t<\/div>\n\t\t\t\t\t<\/div>\n\t\t\t\t\t\t\t\t\t<div class=\"elementor-grid-item\" role=\"listitem\">\n\t\t\t\t\t\t<div class=\"elementor-share-btn elementor-share-btn_linkedin\" role=\"button\" tabindex=\"0\" aria-label=\"Share on linkedin\">\n\t\t\t\t\t\t\t\t\t\t\t\t\t\t\t<span class=\"elementor-share-btn__icon\">\n\t\t\t\t\t\t\t\t<i class=\"fab fa-linkedin\" aria-hidden=\"true\"><\/i>\t\t\t\t\t\t\t<\/span>\n\t\t\t\t\t\t\t\t\t\t\t\t\t\t\t\t\t\t\t\t<\/div>\n\t\t\t\t\t<\/div>\n\t\t\t\t\t\t\t\t\t<div class=\"elementor-grid-item\" role=\"listitem\">\n\t\t\t\t\t\t<div class=\"elementor-share-btn elementor-share-btn_facebook\" role=\"button\" tabindex=\"0\" aria-label=\"Share on facebook\">\n\t\t\t\t\t\t\t\t\t\t\t\t\t\t\t<span class=\"elementor-share-btn__icon\">\n\t\t\t\t\t\t\t\t<i class=\"fab fa-facebook\" aria-hidden=\"true\"><\/i>\t\t\t\t\t\t\t<\/span>\n\t\t\t\t\t\t\t\t\t\t\t\t\t\t\t\t\t\t\t\t<\/div>\n\t\t\t\t\t<\/div>\n\t\t\t\t\t\t<\/div>\n\t\t\t\t\t\t<\/div>\n\t\t\t\t<\/div>\n\t\t\t\t<div class=\"elementor-element elementor-element-2e4f3b84 elementor-blockquote--skin-boxed elementor-widget elementor-widget-blockquote\" data-id=\"2e4f3b84\" data-element_type=\"widget\" data-e-type=\"widget\" data-widget_type=\"blockquote.default\">\n\t\t\t\t<div class=\"elementor-widget-container\">\n\t\t\t\t\t\t\t<blockquote class=\"elementor-blockquote\">\n\t\t\t<p class=\"elementor-blockquote__content\">\n\t\t\t\tEstoy muy ilusionado con la asociaci\u00f3n [President Trump\u2019s] con mi compatriota tejano Elon Musk, que ayudar\u00e1 a dirigir el reci\u00e9n creado Departamento de Eficiencia Gubernamental. <br><br> D\u00f3nde gastamos lo que gastamos es casi tan importante como cu\u00e1nto gastamos. <br><br> Estoy deseando trabajar... para identificar y eliminar las \u00e1reas de despilfarro gubernamental, y frenar el gasto imprudente y derrochador, y mejorar la vida de los tejanos y de todos los estadounidenses.\t\t\t<\/p>\n\t\t\t\t\t<\/blockquote>\n\t\t\t\t\t\t<\/div>\n\t\t\t\t<\/div>\n\t\t\t\t<div class=\"elementor-element elementor-element-2a270012 elementor-widget elementor-widget-text-editor\" data-id=\"2a270012\" data-element_type=\"widget\" data-e-type=\"widget\" data-widget_type=\"text-editor.default\">\n\t\t\t\t<div class=\"elementor-widget-container\">\n\t\t\t\t\t\t\t\t\t<p><strong>WASHINGTON<\/strong> &#8211; Hoy en el pleno, el senador John Cornyn (republicano de Texas) ha hablado de los objetivos del Departamento de Eficiencia Gubernamental (DOGE) del presidente electo Trump junto con el Grupo del DOGE del Senado, del que es <a href=\"https:\/\/www.cornyn.senate.gov\/es-mx\/news\/cornyn-se-une-al-grupo-doge-del-senado-para-eliminar-el-despilfarro-gubernamental\/\">miembro fundador<\/a>. A continuaci\u00f3n se ofrecen extractos de las declaraciones del Senador Cornyn, y <a href=\"https:\/\/youtu.be\/-xjEPnleprE\">aqu\u00ed<\/a> puede verse el v\u00eddeo.<\/p>\n<p><em>&#8220;Estoy muy entusiasmado con la asociaci\u00f3n [President Trump\u2019s] con mi compatriota tejano, Elon Musk, que ayudar\u00e1 a dirigir el reci\u00e9n creado Departamento de Eficiencia Gubernamental&#8221;.<\/em><\/p>\n<p><em>&#8220;La deuda de nuestra naci\u00f3n se ha disparado a m\u00e1s de 36 billones de d\u00f3lares&#8221;.  <\/em><\/p>\n<p><em>&#8220;D\u00f3nde gastamos lo que gastamos es casi tan importante como cu\u00e1nto gastamos&#8221;.<\/em><\/p>\n<p><em>&#8220;[DOGE] puede destacar las formas en que podemos recortar el despilfarro y la ineficacia, y tanto si es el Presidente a trav\u00e9s de una orden ejecutiva, como si es el Congreso a trav\u00e9s de las Leyes de Revisi\u00f3n del Congreso, o a trav\u00e9s de otra legislaci\u00f3n, podemos unirnos a ellos para recortar nuestro gasto&#8221;.<\/em><\/p>\n<p><em>&#8220;Simplemente impidiendo la aplicaci\u00f3n de la norma del Presidente Biden que limita las emisiones de carbono de los veh\u00edculos -efectivamente un mandato para los veh\u00edculos el\u00e9ctricos- se ahorrar\u00edan 150.000 millones de d\u00f3lares&#8221;.<\/em><\/p>\n<p><em>&#8220;Otra forma sencilla pero eficaz de eliminar el despilfarro ser\u00eda eliminar las pol\u00edticas laborales de la era COVID para los empleados de las agencias federales&#8221;.<\/em><\/p>\n<p><em>&#8220;Las personas que conf\u00edan en los servicios de estas agencias, el p\u00fablico, se enfrentan a menudo a tiempos de espera prolongados debido a que los empleados federales trabajan a distancia&#8221;.<\/em><\/p>\n<p><em>&#8220;Si los empleados federales no quieren presentarse a trabajar, los contribuyentes estadounidenses no deber\u00edan tener que pagarles&#8221;.<\/em><\/p>\n<p><em>&#8220;Estoy deseando trabajar con el Comit\u00e9 DOGE [on] todos nuestros esfuerzos para identificar y eliminar las \u00e1reas de despilfarro gubernamental, y frenar el gasto imprudente y derrochador, y mejorar la vida de los tejanos y de todos los estadounidenses en el proceso.&#8221;<\/em><\/p>\n\t\t\t\t\t\t\t\t<\/div>\n\t\t\t\t<\/div>\n\t\t\t\t\t<\/div>\n\t\t<\/div>\n\t\t\t\t\t<\/div>\n\t\t<\/section>\n\t\t\t\t\t<\/div>\n\t\t<\/div>\n\t\t\t\t\t<\/div>\n\t\t<\/section>\n\t\t\t\t<\/div>\n\t\t","protected":false},"author":20,"template":"","news-type":[161],"issues":[167],"class_list":["post-48098","news","type-news","status-publish","hentry","news-type-press-releases-es-mx","issues-economy-fiscal-responsibility-es-mx"],"acf":[],"yoast_head":"<!-- This site is optimized with the Yoast SEO plugin v27.2 - https:\/\/yoast.com\/product\/yoast-seo-wordpress\/ -->\n<title>V\u00cdDEO: Cornyn destaca las prioridades del DOGE para recortar el gasto federal - Senator Cornyn<\/title>\n<meta name=\"robots\" content=\"index, follow, max-snippet:-1, max-image-preview:large, max-video-preview:-1\" \/>\n<link rel=\"canonical\" href=\"https:\/\/www.cornyn.senate.gov\/es-mx\/news\/video-cornyn-destaca-las-prioridades-del-doge-para-recortar-el-gasto-federal\/\" \/>\n<meta property=\"og:locale\" content=\"es_MX\" \/>\n<meta property=\"og:type\" content=\"article\" \/>\n<meta property=\"og:title\" content=\"V\u00cdDEO: Cornyn destaca las prioridades del DOGE para recortar el gasto federal - Senator Cornyn\" \/>\n<meta property=\"og:description\" content=\"Noticias Estoy muy ilusionado con la asociaci\u00f3n [President Trump\u2019s] con mi compatriota tejano Elon Musk, que ayudar\u00e1 a dirigir el reci\u00e9n creado Departamento de Eficiencia Gubernamental. D\u00f3nde gastamos lo que gastamos es casi tan importante como cu\u00e1nto gastamos. Estoy deseando trabajar&#8230; para identificar y eliminar las \u00e1reas de despilfarro gubernamental, y frenar el gasto imprudente [&hellip;]\" \/>\n<meta property=\"og:url\" content=\"https:\/\/www.cornyn.senate.gov\/es-mx\/news\/video-cornyn-destaca-las-prioridades-del-doge-para-recortar-el-gasto-federal\/\" \/>\n<meta property=\"og:site_name\" content=\"Senator Cornyn\" \/>\n<meta property=\"article:publisher\" content=\"https:\/\/www.facebook.com\/SenJohnCornyn\" \/>\n<meta property=\"article:modified_time\" content=\"2024-12-12T18:34:56+00:00\" \/>\n<meta property=\"og:image\" content=\"https:\/\/www.cornyn.senate.gov\/wp-content\/uploads\/2023\/11\/Twitter-Card-Dec-23-1024x535.png\" \/>\n\t<meta property=\"og:image:width\" content=\"1024\" \/>\n\t<meta property=\"og:image:height\" content=\"535\" \/>\n\t<meta property=\"og:image:type\" content=\"image\/png\" \/>\n<meta name=\"twitter:card\" content=\"summary_large_image\" \/>\n<meta name=\"twitter:site\" content=\"@johncornyn\" \/>\n<meta name=\"twitter:label1\" content=\"Est. reading time\" \/>\n\t<meta name=\"twitter:data1\" content=\"2 minutes\" \/>\n<script type=\"application\/ld+json\" class=\"yoast-schema-graph\">{\"@context\":\"https:\/\/schema.org\",\"@graph\":[{\"@type\":\"WebPage\",\"@id\":\"https:\/\/www.cornyn.senate.gov\/es-mx\/news\/video-cornyn-destaca-las-prioridades-del-doge-para-recortar-el-gasto-federal\/\",\"url\":\"https:\/\/www.cornyn.senate.gov\/es-mx\/news\/video-cornyn-destaca-las-prioridades-del-doge-para-recortar-el-gasto-federal\/\",\"name\":\"V\u00cdDEO: Cornyn destaca las prioridades del DOGE para recortar el gasto federal - Senator Cornyn\",\"isPartOf\":{\"@id\":\"https:\/\/www.cornyn.senate.gov\/es-mx\/#website\"},\"datePublished\":\"2024-12-12T17:35:00+00:00\",\"dateModified\":\"2024-12-12T18:34:56+00:00\",\"breadcrumb\":{\"@id\":\"https:\/\/www.cornyn.senate.gov\/es-mx\/news\/video-cornyn-destaca-las-prioridades-del-doge-para-recortar-el-gasto-federal\/#breadcrumb\"},\"inLanguage\":\"es-MX\",\"potentialAction\":[{\"@type\":\"ReadAction\",\"target\":[\"https:\/\/www.cornyn.senate.gov\/es-mx\/news\/video-cornyn-destaca-las-prioridades-del-doge-para-recortar-el-gasto-federal\/\"]}]},{\"@type\":\"BreadcrumbList\",\"@id\":\"https:\/\/www.cornyn.senate.gov\/es-mx\/news\/video-cornyn-destaca-las-prioridades-del-doge-para-recortar-el-gasto-federal\/#breadcrumb\",\"itemListElement\":[{\"@type\":\"ListItem\",\"position\":1,\"name\":\"Home\",\"item\":\"https:\/\/www.cornyn.senate.gov\/es-mx\/\"},{\"@type\":\"ListItem\",\"position\":2,\"name\":\"News\",\"item\":\"https:\/\/www.cornyn.senate.gov\/es-mx\/news\/\"},{\"@type\":\"ListItem\",\"position\":3,\"name\":\"V\u00cdDEO: Cornyn destaca las prioridades del DOGE para recortar el gasto federal\"}]},{\"@type\":\"WebSite\",\"@id\":\"https:\/\/www.cornyn.senate.gov\/es-mx\/#website\",\"url\":\"https:\/\/www.cornyn.senate.gov\/es-mx\/\",\"name\":\"Senator Cornyn\",\"description\":\"\",\"publisher\":{\"@id\":\"https:\/\/www.cornyn.senate.gov\/es-mx\/#organization\"},\"potentialAction\":[{\"@type\":\"SearchAction\",\"target\":{\"@type\":\"EntryPoint\",\"urlTemplate\":\"https:\/\/www.cornyn.senate.gov\/es-mx\/?s={search_term_string}\"},\"query-input\":{\"@type\":\"PropertyValueSpecification\",\"valueRequired\":true,\"valueName\":\"search_term_string\"}}],\"inLanguage\":\"es-MX\"},{\"@type\":\"Organization\",\"@id\":\"https:\/\/www.cornyn.senate.gov\/es-mx\/#organization\",\"name\":\"Senator Cornyn\",\"url\":\"https:\/\/www.cornyn.senate.gov\/es-mx\/\",\"logo\":{\"@type\":\"ImageObject\",\"inLanguage\":\"es-MX\",\"@id\":\"https:\/\/www.cornyn.senate.gov\/es-mx\/#\/schema\/logo\/image\/\",\"url\":\"https:\/\/www.cornyn.senate.gov\/wp-content\/uploads\/2022\/01\/Logo-2.svg\",\"contentUrl\":\"https:\/\/www.cornyn.senate.gov\/wp-content\/uploads\/2022\/01\/Logo-2.svg\",\"caption\":\"Senator Cornyn\"},\"image\":{\"@id\":\"https:\/\/www.cornyn.senate.gov\/es-mx\/#\/schema\/logo\/image\/\"},\"sameAs\":[\"https:\/\/www.facebook.com\/SenJohnCornyn\",\"https:\/\/x.com\/johncornyn\"]}]}<\/script>\n<!-- \/ Yoast SEO plugin. -->","yoast_head_json":{"title":"V\u00cdDEO: Cornyn destaca las prioridades del DOGE para recortar el gasto federal - Senator Cornyn","robots":{"index":"index","follow":"follow","max-snippet":"max-snippet:-1","max-image-preview":"max-image-preview:large","max-video-preview":"max-video-preview:-1"},"canonical":"https:\/\/www.cornyn.senate.gov\/es-mx\/news\/video-cornyn-destaca-las-prioridades-del-doge-para-recortar-el-gasto-federal\/","og_locale":"es_MX","og_type":"article","og_title":"V\u00cdDEO: Cornyn destaca las prioridades del DOGE para recortar el gasto federal - Senator Cornyn","og_description":"Noticias Estoy muy ilusionado con la asociaci\u00f3n [President Trump\u2019s] con mi compatriota tejano Elon Musk, que ayudar\u00e1 a dirigir el reci\u00e9n creado Departamento de Eficiencia Gubernamental. D\u00f3nde gastamos lo que gastamos es casi tan importante como cu\u00e1nto gastamos. Estoy deseando trabajar&#8230; para identificar y eliminar las \u00e1reas de despilfarro gubernamental, y frenar el gasto imprudente [&hellip;]","og_url":"https:\/\/www.cornyn.senate.gov\/es-mx\/news\/video-cornyn-destaca-las-prioridades-del-doge-para-recortar-el-gasto-federal\/","og_site_name":"Senator Cornyn","article_publisher":"https:\/\/www.facebook.com\/SenJohnCornyn","article_modified_time":"2024-12-12T18:34:56+00:00","og_image":[{"width":1024,"height":535,"url":"https:\/\/www.cornyn.senate.gov\/wp-content\/uploads\/2023\/11\/Twitter-Card-Dec-23-1024x535.png","type":"image\/png"}],"twitter_card":"summary_large_image","twitter_site":"@johncornyn","twitter_misc":{"Est. reading time":"2 minutes"},"schema":{"@context":"https:\/\/schema.org","@graph":[{"@type":"WebPage","@id":"https:\/\/www.cornyn.senate.gov\/es-mx\/news\/video-cornyn-destaca-las-prioridades-del-doge-para-recortar-el-gasto-federal\/","url":"https:\/\/www.cornyn.senate.gov\/es-mx\/news\/video-cornyn-destaca-las-prioridades-del-doge-para-recortar-el-gasto-federal\/","name":"V\u00cdDEO: Cornyn destaca las prioridades del DOGE para recortar el gasto federal - Senator Cornyn","isPartOf":{"@id":"https:\/\/www.cornyn.senate.gov\/es-mx\/#website"},"datePublished":"2024-12-12T17:35:00+00:00","dateModified":"2024-12-12T18:34:56+00:00","breadcrumb":{"@id":"https:\/\/www.cornyn.senate.gov\/es-mx\/news\/video-cornyn-destaca-las-prioridades-del-doge-para-recortar-el-gasto-federal\/#breadcrumb"},"inLanguage":"es-MX","potentialAction":[{"@type":"ReadAction","target":["https:\/\/www.cornyn.senate.gov\/es-mx\/news\/video-cornyn-destaca-las-prioridades-del-doge-para-recortar-el-gasto-federal\/"]}]},{"@type":"BreadcrumbList","@id":"https:\/\/www.cornyn.senate.gov\/es-mx\/news\/video-cornyn-destaca-las-prioridades-del-doge-para-recortar-el-gasto-federal\/#breadcrumb","itemListElement":[{"@type":"ListItem","position":1,"name":"Home","item":"https:\/\/www.cornyn.senate.gov\/es-mx\/"},{"@type":"ListItem","position":2,"name":"News","item":"https:\/\/www.cornyn.senate.gov\/es-mx\/news\/"},{"@type":"ListItem","position":3,"name":"V\u00cdDEO: Cornyn destaca las prioridades del DOGE para recortar el gasto federal"}]},{"@type":"WebSite","@id":"https:\/\/www.cornyn.senate.gov\/es-mx\/#website","url":"https:\/\/www.cornyn.senate.gov\/es-mx\/","name":"Senator Cornyn","description":"","publisher":{"@id":"https:\/\/www.cornyn.senate.gov\/es-mx\/#organization"},"potentialAction":[{"@type":"SearchAction","target":{"@type":"EntryPoint","urlTemplate":"https:\/\/www.cornyn.senate.gov\/es-mx\/?s={search_term_string}"},"query-input":{"@type":"PropertyValueSpecification","valueRequired":true,"valueName":"search_term_string"}}],"inLanguage":"es-MX"},{"@type":"Organization","@id":"https:\/\/www.cornyn.senate.gov\/es-mx\/#organization","name":"Senator Cornyn","url":"https:\/\/www.cornyn.senate.gov\/es-mx\/","logo":{"@type":"ImageObject","inLanguage":"es-MX","@id":"https:\/\/www.cornyn.senate.gov\/es-mx\/#\/schema\/logo\/image\/","url":"https:\/\/www.cornyn.senate.gov\/wp-content\/uploads\/2022\/01\/Logo-2.svg","contentUrl":"https:\/\/www.cornyn.senate.gov\/wp-content\/uploads\/2022\/01\/Logo-2.svg","caption":"Senator Cornyn"},"image":{"@id":"https:\/\/www.cornyn.senate.gov\/es-mx\/#\/schema\/logo\/image\/"},"sameAs":["https:\/\/www.facebook.com\/SenJohnCornyn","https:\/\/x.com\/johncornyn"]}]}},"_links":{"self":[{"href":"https:\/\/www.cornyn.senate.gov\/es-mx\/wp-json\/wp\/v2\/news\/48098","targetHints":{"allow":["GET"]}}],"collection":[{"href":"https:\/\/www.cornyn.senate.gov\/es-mx\/wp-json\/wp\/v2\/news"}],"about":[{"href":"https:\/\/www.cornyn.senate.gov\/es-mx\/wp-json\/wp\/v2\/types\/news"}],"author":[{"embeddable":true,"href":"https:\/\/www.cornyn.senate.gov\/es-mx\/wp-json\/wp\/v2\/users\/20"}],"version-history":[{"count":1,"href":"https:\/\/www.cornyn.senate.gov\/es-mx\/wp-json\/wp\/v2\/news\/48098\/revisions"}],"predecessor-version":[{"id":48099,"href":"https:\/\/www.cornyn.senate.gov\/es-mx\/wp-json\/wp\/v2\/news\/48098\/revisions\/48099"}],"wp:attachment":[{"href":"https:\/\/www.cornyn.senate.gov\/es-mx\/wp-json\/wp\/v2\/media?parent=48098"}],"wp:term":[{"taxonomy":"news-type","embeddable":true,"href":"https:\/\/www.cornyn.senate.gov\/es-mx\/wp-json\/wp\/v2\/news-type?post=48098"},{"taxonomy":"issues","embeddable":true,"href":"https:\/\/www.cornyn.senate.gov\/es-mx\/wp-json\/wp\/v2\/issues?post=48098"}],"curies":[{"name":"wp","href":"https:\/\/api.w.org\/{rel}","templated":true}]}}