{"id":48498,"date":"2025-01-07T15:00:00","date_gmt":"2025-01-07T20:00:00","guid":{"rendered":"https:\/\/www.cornyn.senate.gov\/news\/se-convierte-en-ley-el-proyecto-de-cornyn-y-self-para-renombrar-la-clinica-de-veteranos-de-plano-en-honor-del-congresista-sam-johnson\/"},"modified":"2025-01-08T08:59:54","modified_gmt":"2025-01-08T13:59:54","slug":"se-convierte-en-ley-el-proyecto-de-cornyn-y-self-para-renombrar-la-clinica-de-veteranos-de-plano-en-honor-del-congresista-sam-johnson","status":"publish","type":"news","link":"https:\/\/www.cornyn.senate.gov\/es-mx\/news\/se-convierte-en-ley-el-proyecto-de-cornyn-y-self-para-renombrar-la-clinica-de-veteranos-de-plano-en-honor-del-congresista-sam-johnson\/","title":{"rendered":"Se convierte en ley el proyecto de Cornyn y Self para renombrar la cl\u00ednica de veteranos de Plano en honor del congresista Sam Johnson"},"content":{"rendered":"\t\t<div data-elementor-type=\"wp-post\" data-elementor-id=\"48498\" class=\"elementor elementor-48498 elementor-48492\" data-elementor-post-type=\"news\">\n\t\t\t\t\t\t<section class=\"elementor-section elementor-top-section elementor-element elementor-element-5dee2877 elementor-section-boxed elementor-section-height-default elementor-section-height-default\" data-id=\"5dee2877\" data-element_type=\"section\" data-e-type=\"section\">\n\t\t\t\t\t\t<div class=\"elementor-container elementor-column-gap-default\">\n\t\t\t\t\t<div class=\"elementor-column elementor-col-100 elementor-top-column elementor-element elementor-element-2716bd15\" data-id=\"2716bd15\" data-element_type=\"column\" data-e-type=\"column\">\n\t\t\t<div class=\"elementor-widget-wrap elementor-element-populated\">\n\t\t\t\t\t\t<section class=\"elementor-section elementor-inner-section elementor-element elementor-element-31a76972 elementor-section-boxed elementor-section-height-default elementor-section-height-default\" data-id=\"31a76972\" data-element_type=\"section\" data-e-type=\"section\">\n\t\t\t\t\t\t<div class=\"elementor-container elementor-column-gap-default\">\n\t\t\t\t\t<div class=\"elementor-column elementor-col-50 elementor-inner-column elementor-element elementor-element-443802ba\" data-id=\"443802ba\" data-element_type=\"column\" data-e-type=\"column\">\n\t\t\t<div class=\"elementor-widget-wrap elementor-element-populated\">\n\t\t\t\t\t\t<div class=\"elementor-element elementor-element-4d9c37d0 breadcrumb--back elementor-widget elementor-widget-button\" data-id=\"4d9c37d0\" data-element_type=\"widget\" data-e-type=\"widget\" data-widget_type=\"button.default\">\n\t\t\t\t<div class=\"elementor-widget-container\">\n\t\t\t\t\t\t\t\t\t<div class=\"elementor-button-wrapper\">\n\t\t\t\t\t<a class=\"elementor-button elementor-button-link elementor-size-sm\" href=\"\/news\/\">\n\t\t\t\t\t\t<span class=\"elementor-button-content-wrapper\">\n\t\t\t\t\t\t<span class=\"elementor-button-icon\">\n\t\t\t\t<i aria-hidden=\"true\" class=\"icon icon-arrow-left\"><\/i>\t\t\t<\/span>\n\t\t\t\t\t\t\t\t\t<span class=\"elementor-button-text\">Noticias<\/span>\n\t\t\t\t\t<\/span>\n\t\t\t\t\t<\/a>\n\t\t\t\t<\/div>\n\t\t\t\t\t\t\t\t<\/div>\n\t\t\t\t<\/div>\n\t\t\t\t\t<\/div>\n\t\t<\/div>\n\t\t\t\t<div class=\"elementor-column elementor-col-50 elementor-inner-column elementor-element elementor-element-762f62cc content-page__content\" data-id=\"762f62cc\" data-element_type=\"column\" data-e-type=\"column\">\n\t\t\t<div class=\"elementor-widget-wrap elementor-element-populated\">\n\t\t\t\t\t\t<div class=\"elementor-element elementor-element-6b35c0a3 elementor-widget elementor-widget-theme-post-title elementor-page-title elementor-widget-heading\" data-id=\"6b35c0a3\" data-element_type=\"widget\" data-e-type=\"widget\" data-widget_type=\"theme-post-title.default\">\n\t\t\t\t<div class=\"elementor-widget-container\">\n\t\t\t\t\t<h1 class=\"elementor-heading-title elementor-size-default\">Se convierte en ley el proyecto de Cornyn y Self para renombrar la cl\u00ednica de veteranos de Plano en honor del congresista Sam Johnson<\/h1>\t\t\t\t<\/div>\n\t\t\t\t<\/div>\n\t\t\t\t<div class=\"elementor-element elementor-element-2ce760e3 elementor-widget-divider--view-line elementor-widget elementor-widget-divider\" data-id=\"2ce760e3\" data-element_type=\"widget\" data-e-type=\"widget\" data-widget_type=\"divider.default\">\n\t\t\t\t<div class=\"elementor-widget-container\">\n\t\t\t\t\t\t\t<div class=\"elementor-divider\">\n\t\t\t<span class=\"elementor-divider-separator\">\n\t\t\t\t\t\t<\/span>\n\t\t<\/div>\n\t\t\t\t\t\t<\/div>\n\t\t\t\t<\/div>\n\t\t\t\t<div class=\"elementor-element elementor-element-2d59c7d6 elementor-widget__width-initial elementor-widget-mobile__width-inherit elementor-widget elementor-widget-text-editor\" data-id=\"2d59c7d6\" data-element_type=\"widget\" data-e-type=\"widget\" data-widget_type=\"text-editor.default\">\n\t\t\t\t<div class=\"elementor-widget-container\">\n\t\t\t\t\t\t\t\t\tJanuary 7, 2025\t\t\t\t\t\t\t\t<\/div>\n\t\t\t\t<\/div>\n\t\t\t\t<div class=\"elementor-element elementor-element-7bd53922 elementor-share-buttons--view-icon elementor-share-buttons--skin-flat elementor-share-buttons--shape-circle elementor-share-buttons--color-custom share-buttons elementor-widget__width-initial elementor-widget-mobile__width-inherit elementor-grid-0 elementor-widget elementor-widget-share-buttons\" data-id=\"7bd53922\" data-element_type=\"widget\" data-e-type=\"widget\" title=\"Share\" data-widget_type=\"share-buttons.default\">\n\t\t\t\t<div class=\"elementor-widget-container\">\n\t\t\t\t\t\t\t<div class=\"elementor-grid\" role=\"list\">\n\t\t\t\t\t\t\t\t<div class=\"elementor-grid-item\" role=\"listitem\">\n\t\t\t\t\t\t<div class=\"elementor-share-btn elementor-share-btn_email\" role=\"button\" tabindex=\"0\" aria-label=\"Share on email\">\n\t\t\t\t\t\t\t\t\t\t\t\t\t\t\t<span class=\"elementor-share-btn__icon\">\n\t\t\t\t\t\t\t\t<i class=\"fas fa-envelope\" aria-hidden=\"true\"><\/i>\t\t\t\t\t\t\t<\/span>\n\t\t\t\t\t\t\t\t\t\t\t\t\t\t\t\t\t\t\t\t<\/div>\n\t\t\t\t\t<\/div>\n\t\t\t\t\t\t\t\t\t<div class=\"elementor-grid-item\" role=\"listitem\">\n\t\t\t\t\t\t<div class=\"elementor-share-btn elementor-share-btn_linkedin\" role=\"button\" tabindex=\"0\" aria-label=\"Share on linkedin\">\n\t\t\t\t\t\t\t\t\t\t\t\t\t\t\t<span class=\"elementor-share-btn__icon\">\n\t\t\t\t\t\t\t\t<i class=\"fab fa-linkedin\" aria-hidden=\"true\"><\/i>\t\t\t\t\t\t\t<\/span>\n\t\t\t\t\t\t\t\t\t\t\t\t\t\t\t\t\t\t\t\t<\/div>\n\t\t\t\t\t<\/div>\n\t\t\t\t\t\t\t\t\t<div class=\"elementor-grid-item\" role=\"listitem\">\n\t\t\t\t\t\t<div class=\"elementor-share-btn elementor-share-btn_facebook\" role=\"button\" tabindex=\"0\" aria-label=\"Share on facebook\">\n\t\t\t\t\t\t\t\t\t\t\t\t\t\t\t<span class=\"elementor-share-btn__icon\">\n\t\t\t\t\t\t\t\t<i class=\"fab fa-facebook\" aria-hidden=\"true\"><\/i>\t\t\t\t\t\t\t<\/span>\n\t\t\t\t\t\t\t\t\t\t\t\t\t\t\t\t\t\t\t\t<\/div>\n\t\t\t\t\t<\/div>\n\t\t\t\t\t\t<\/div>\n\t\t\t\t\t\t<\/div>\n\t\t\t\t<\/div>\n\t\t\t\t<div class=\"elementor-element elementor-element-56e68251 elementor-widget elementor-widget-text-editor\" data-id=\"56e68251\" data-element_type=\"widget\" data-e-type=\"widget\" data-widget_type=\"text-editor.default\">\n\t\t\t\t<div class=\"elementor-widget-container\">\n\t\t\t\t\t\t\t\t\t<p>El jueves 2 de enero, el presidente Biden promulg\u00f3 una ley presentada en el Senado por el senador John Cornyn y en la C\u00e1mara de Representantes por el congresista Keith Self para cambiar el nombre de la cl\u00ednica ambulatoria comunitaria del Departamento de Asuntos de los Veteranos en Plano, Texas, por el de &#8220;U.S. Congressman Sam Johnson Memorial VA Clinic&#8221;.<\/p>\n<p><em>&#8220;Sam Johnson fue un h\u00e9roe americano, un estadista, un esposo y padre cari\u00f1oso y un buen amigo&#8221;,<\/em> dijo el Senador Cornyn<strong>. <\/strong><em>&#8220;Con m\u00e1s de cinco d\u00e9cadas de servicio a nuestra naci\u00f3n en las Fuerzas A\u00e9reas y en el Congreso, la vida de Sam fue un brillante ejemplo de patriotismo estadounidense, y me alegro de que nuestra legislaci\u00f3n para preservar y honrar su extraordinario legado se haya convertido en ley.&#8221;<\/em><\/p>\n<p>&#8220;<em>El congresista Johnson encarnaba realmente lo que significa ser un h\u00e9roe americano&#8221;,<\/em> dijo el diputado Self. <em>&#8220;Estoy agradecido al senador Cornyn, al presidente del Comit\u00e9 de Asuntos de los Veteranos de la C\u00e1mara de Representantes, Bost, y al l\u00edder de la mayor\u00eda de la C\u00e1mara de Representantes, Scalise, por sus esfuerzos para conseguir que esta legislaci\u00f3n se convierta en ley. Espero que cada veterano que entre en este centro recuerde el legado perdurable de Sam y que su memoria inspire a los que prestan servicio en el centro a ejemplificar los valores de honor y excelencia que Sam demostr\u00f3 a lo largo de su vida y de su servicio a Am\u00e9rica.&#8221; <\/em> <\/p>\n<p><em>&#8220;Sam Johnson fue un h\u00e9roe americano. Vol\u00f3 en casi 100 misiones de combate en las Fuerzas A\u00e9reas y pas\u00f3 siete penosos a\u00f1os como prisionero de guerra en Vietnam, pero eso no debilit\u00f3 su esp\u00edritu de lucha&#8221;<\/em>, dijo el presidente Bost.  <em>&#8220;Como legislador de principios, comprendi\u00f3 la importancia de un compromiso personal con una causa mayor que una persona o un lugar, y su lucha por la libertad de las libertades individuales en nombre de los estadounidenses de a pie seguir\u00e1 haci\u00e9ndose sentir. Estoy deseando que la historia de sacrificio y servicio de Sam a sus conciudadanos estadounidenses, y su compromiso de poner a su pa\u00eds por encima de s\u00ed mismo, se cuente durante generaciones en su querido estado natal de Texas; no hay nadie m\u00e1s merecedor de este honor.&#8221;<\/em><\/p>\n<p><u>Antecedentes:<\/u><\/p>\n<p>El congresista Sam Johnson, coronel retirado y piloto de caza altamente condecorado, demostr\u00f3 un valor y una resistencia extraordinarios a lo largo de su carrera militar y de servicio p\u00fablico. Durante una misi\u00f3n de combate en Vietnam del Norte, sobrevivi\u00f3 a un ataque que derrib\u00f3 su avi\u00f3n y le dej\u00f3 el brazo derecho roto, la espalda rota y el hombro dislocado. Encarcelado y torturado en Vietnam durante casi siete a\u00f1os, incluidos 42 meses en r\u00e9gimen de aislamiento, Johnson nunca se rindi\u00f3 a sus captores y fue reconocido como uno de los miembros de la &#8220;Banda de Alcatraz&#8221;, un grupo de prisioneros de guerra conocidos por su esp\u00edritu inquebrantable y su determinaci\u00f3n para sobrevivir. El extraordinario servicio de Johnson fue reconocido con numerosos galardones, entre ellos dos Estrellas de Plata, dos Legiones al M\u00e9rito, la Cruz de Vuelo Distinguida, la Medalla de la Estrella de Bronce y dos Corazones P\u00farpuras. Tras una distinguida carrera de 29 a\u00f1os en las Fuerzas A\u00e9reas de Estados Unidos, Johnson continu\u00f3 su dedicaci\u00f3n al p\u00fablico en la C\u00e1mara de Representantes del Estado de Texas, donde sirvi\u00f3 hasta ser elegido para este \u00f3rgano en 1991. Continu\u00f3 en la C\u00e1mara hasta su jubilaci\u00f3n en 2019.     <\/p>\n\t\t\t\t\t\t\t\t<\/div>\n\t\t\t\t<\/div>\n\t\t\t\t\t<\/div>\n\t\t<\/div>\n\t\t\t\t\t<\/div>\n\t\t<\/section>\n\t\t\t\t\t<\/div>\n\t\t<\/div>\n\t\t\t\t\t<\/div>\n\t\t<\/section>\n\t\t\t\t<\/div>\n\t\t","protected":false},"author":20,"template":"","news-type":[161],"issues":[163],"class_list":["post-48498","news","type-news","status-publish","hentry","news-type-press-releases-es-mx","issues-u-s-military-and-veterans-es-mx"],"acf":[],"yoast_head":"<!-- This site is optimized with the Yoast SEO plugin v27.2 - https:\/\/yoast.com\/product\/yoast-seo-wordpress\/ -->\n<title>Se convierte en ley el proyecto de Cornyn y Self para renombrar la cl\u00ednica de veteranos de Plano en honor del congresista Sam Johnson - Senator Cornyn<\/title>\n<meta name=\"robots\" content=\"index, follow, max-snippet:-1, max-image-preview:large, max-video-preview:-1\" \/>\n<link rel=\"canonical\" href=\"https:\/\/www.cornyn.senate.gov\/es-mx\/news\/se-convierte-en-ley-el-proyecto-de-cornyn-y-self-para-renombrar-la-clinica-de-veteranos-de-plano-en-honor-del-congresista-sam-johnson\/\" \/>\n<meta property=\"og:locale\" content=\"es_MX\" \/>\n<meta property=\"og:type\" content=\"article\" \/>\n<meta property=\"og:title\" content=\"Se convierte en ley el proyecto de Cornyn y Self para renombrar la cl\u00ednica de veteranos de Plano en honor del congresista Sam Johnson - Senator Cornyn\" \/>\n<meta property=\"og:description\" content=\"Noticias El jueves 2 de enero, el presidente Biden promulg\u00f3 una ley presentada en el Senado por el senador John Cornyn y en la C\u00e1mara de Representantes por el congresista Keith Self para cambiar el nombre de la cl\u00ednica ambulatoria comunitaria del Departamento de Asuntos de los Veteranos en Plano, Texas, por el de &#8220;U.S. [&hellip;]\" \/>\n<meta property=\"og:url\" content=\"https:\/\/www.cornyn.senate.gov\/es-mx\/news\/se-convierte-en-ley-el-proyecto-de-cornyn-y-self-para-renombrar-la-clinica-de-veteranos-de-plano-en-honor-del-congresista-sam-johnson\/\" \/>\n<meta property=\"og:site_name\" content=\"Senator Cornyn\" \/>\n<meta property=\"article:publisher\" content=\"https:\/\/www.facebook.com\/SenJohnCornyn\" \/>\n<meta property=\"article:modified_time\" content=\"2025-01-08T13:59:54+00:00\" \/>\n<meta property=\"og:image\" content=\"https:\/\/www.cornyn.senate.gov\/wp-content\/uploads\/2023\/11\/Twitter-Card-Dec-23-1024x535.png\" \/>\n\t<meta property=\"og:image:width\" content=\"1024\" \/>\n\t<meta property=\"og:image:height\" content=\"535\" \/>\n\t<meta property=\"og:image:type\" content=\"image\/png\" \/>\n<meta name=\"twitter:card\" content=\"summary_large_image\" \/>\n<meta name=\"twitter:site\" content=\"@johncornyn\" \/>\n<meta name=\"twitter:label1\" content=\"Est. reading time\" \/>\n\t<meta name=\"twitter:data1\" content=\"3 minutes\" \/>\n<script type=\"application\/ld+json\" class=\"yoast-schema-graph\">{\"@context\":\"https:\/\/schema.org\",\"@graph\":[{\"@type\":\"WebPage\",\"@id\":\"https:\/\/www.cornyn.senate.gov\/es-mx\/news\/se-convierte-en-ley-el-proyecto-de-cornyn-y-self-para-renombrar-la-clinica-de-veteranos-de-plano-en-honor-del-congresista-sam-johnson\/\",\"url\":\"https:\/\/www.cornyn.senate.gov\/es-mx\/news\/se-convierte-en-ley-el-proyecto-de-cornyn-y-self-para-renombrar-la-clinica-de-veteranos-de-plano-en-honor-del-congresista-sam-johnson\/\",\"name\":\"Se convierte en ley el proyecto de Cornyn y Self para renombrar la cl\u00ednica de veteranos de Plano en honor del congresista Sam Johnson - Senator Cornyn\",\"isPartOf\":{\"@id\":\"https:\/\/www.cornyn.senate.gov\/es-mx\/#website\"},\"datePublished\":\"2025-01-07T20:00:00+00:00\",\"dateModified\":\"2025-01-08T13:59:54+00:00\",\"breadcrumb\":{\"@id\":\"https:\/\/www.cornyn.senate.gov\/es-mx\/news\/se-convierte-en-ley-el-proyecto-de-cornyn-y-self-para-renombrar-la-clinica-de-veteranos-de-plano-en-honor-del-congresista-sam-johnson\/#breadcrumb\"},\"inLanguage\":\"es-MX\",\"potentialAction\":[{\"@type\":\"ReadAction\",\"target\":[\"https:\/\/www.cornyn.senate.gov\/es-mx\/news\/se-convierte-en-ley-el-proyecto-de-cornyn-y-self-para-renombrar-la-clinica-de-veteranos-de-plano-en-honor-del-congresista-sam-johnson\/\"]}]},{\"@type\":\"BreadcrumbList\",\"@id\":\"https:\/\/www.cornyn.senate.gov\/es-mx\/news\/se-convierte-en-ley-el-proyecto-de-cornyn-y-self-para-renombrar-la-clinica-de-veteranos-de-plano-en-honor-del-congresista-sam-johnson\/#breadcrumb\",\"itemListElement\":[{\"@type\":\"ListItem\",\"position\":1,\"name\":\"Home\",\"item\":\"https:\/\/www.cornyn.senate.gov\/es-mx\/\"},{\"@type\":\"ListItem\",\"position\":2,\"name\":\"News\",\"item\":\"https:\/\/www.cornyn.senate.gov\/es-mx\/news\/\"},{\"@type\":\"ListItem\",\"position\":3,\"name\":\"Se convierte en ley el proyecto de Cornyn y Self para renombrar la cl\u00ednica de veteranos de Plano en honor del congresista Sam Johnson\"}]},{\"@type\":\"WebSite\",\"@id\":\"https:\/\/www.cornyn.senate.gov\/es-mx\/#website\",\"url\":\"https:\/\/www.cornyn.senate.gov\/es-mx\/\",\"name\":\"Senator Cornyn\",\"description\":\"\",\"publisher\":{\"@id\":\"https:\/\/www.cornyn.senate.gov\/es-mx\/#organization\"},\"potentialAction\":[{\"@type\":\"SearchAction\",\"target\":{\"@type\":\"EntryPoint\",\"urlTemplate\":\"https:\/\/www.cornyn.senate.gov\/es-mx\/?s={search_term_string}\"},\"query-input\":{\"@type\":\"PropertyValueSpecification\",\"valueRequired\":true,\"valueName\":\"search_term_string\"}}],\"inLanguage\":\"es-MX\"},{\"@type\":\"Organization\",\"@id\":\"https:\/\/www.cornyn.senate.gov\/es-mx\/#organization\",\"name\":\"Senator Cornyn\",\"url\":\"https:\/\/www.cornyn.senate.gov\/es-mx\/\",\"logo\":{\"@type\":\"ImageObject\",\"inLanguage\":\"es-MX\",\"@id\":\"https:\/\/www.cornyn.senate.gov\/es-mx\/#\/schema\/logo\/image\/\",\"url\":\"https:\/\/www.cornyn.senate.gov\/wp-content\/uploads\/2022\/01\/Logo-2.svg\",\"contentUrl\":\"https:\/\/www.cornyn.senate.gov\/wp-content\/uploads\/2022\/01\/Logo-2.svg\",\"caption\":\"Senator Cornyn\"},\"image\":{\"@id\":\"https:\/\/www.cornyn.senate.gov\/es-mx\/#\/schema\/logo\/image\/\"},\"sameAs\":[\"https:\/\/www.facebook.com\/SenJohnCornyn\",\"https:\/\/x.com\/johncornyn\"]}]}<\/script>\n<!-- \/ Yoast SEO plugin. -->","yoast_head_json":{"title":"Se convierte en ley el proyecto de Cornyn y Self para renombrar la cl\u00ednica de veteranos de Plano en honor del congresista Sam Johnson - Senator Cornyn","robots":{"index":"index","follow":"follow","max-snippet":"max-snippet:-1","max-image-preview":"max-image-preview:large","max-video-preview":"max-video-preview:-1"},"canonical":"https:\/\/www.cornyn.senate.gov\/es-mx\/news\/se-convierte-en-ley-el-proyecto-de-cornyn-y-self-para-renombrar-la-clinica-de-veteranos-de-plano-en-honor-del-congresista-sam-johnson\/","og_locale":"es_MX","og_type":"article","og_title":"Se convierte en ley el proyecto de Cornyn y Self para renombrar la cl\u00ednica de veteranos de Plano en honor del congresista Sam Johnson - Senator Cornyn","og_description":"Noticias El jueves 2 de enero, el presidente Biden promulg\u00f3 una ley presentada en el Senado por el senador John Cornyn y en la C\u00e1mara de Representantes por el congresista Keith Self para cambiar el nombre de la cl\u00ednica ambulatoria comunitaria del Departamento de Asuntos de los Veteranos en Plano, Texas, por el de &#8220;U.S. [&hellip;]","og_url":"https:\/\/www.cornyn.senate.gov\/es-mx\/news\/se-convierte-en-ley-el-proyecto-de-cornyn-y-self-para-renombrar-la-clinica-de-veteranos-de-plano-en-honor-del-congresista-sam-johnson\/","og_site_name":"Senator Cornyn","article_publisher":"https:\/\/www.facebook.com\/SenJohnCornyn","article_modified_time":"2025-01-08T13:59:54+00:00","og_image":[{"width":1024,"height":535,"url":"https:\/\/www.cornyn.senate.gov\/wp-content\/uploads\/2023\/11\/Twitter-Card-Dec-23-1024x535.png","type":"image\/png"}],"twitter_card":"summary_large_image","twitter_site":"@johncornyn","twitter_misc":{"Est. reading time":"3 minutes"},"schema":{"@context":"https:\/\/schema.org","@graph":[{"@type":"WebPage","@id":"https:\/\/www.cornyn.senate.gov\/es-mx\/news\/se-convierte-en-ley-el-proyecto-de-cornyn-y-self-para-renombrar-la-clinica-de-veteranos-de-plano-en-honor-del-congresista-sam-johnson\/","url":"https:\/\/www.cornyn.senate.gov\/es-mx\/news\/se-convierte-en-ley-el-proyecto-de-cornyn-y-self-para-renombrar-la-clinica-de-veteranos-de-plano-en-honor-del-congresista-sam-johnson\/","name":"Se convierte en ley el proyecto de Cornyn y Self para renombrar la cl\u00ednica de veteranos de Plano en honor del congresista Sam Johnson - Senator Cornyn","isPartOf":{"@id":"https:\/\/www.cornyn.senate.gov\/es-mx\/#website"},"datePublished":"2025-01-07T20:00:00+00:00","dateModified":"2025-01-08T13:59:54+00:00","breadcrumb":{"@id":"https:\/\/www.cornyn.senate.gov\/es-mx\/news\/se-convierte-en-ley-el-proyecto-de-cornyn-y-self-para-renombrar-la-clinica-de-veteranos-de-plano-en-honor-del-congresista-sam-johnson\/#breadcrumb"},"inLanguage":"es-MX","potentialAction":[{"@type":"ReadAction","target":["https:\/\/www.cornyn.senate.gov\/es-mx\/news\/se-convierte-en-ley-el-proyecto-de-cornyn-y-self-para-renombrar-la-clinica-de-veteranos-de-plano-en-honor-del-congresista-sam-johnson\/"]}]},{"@type":"BreadcrumbList","@id":"https:\/\/www.cornyn.senate.gov\/es-mx\/news\/se-convierte-en-ley-el-proyecto-de-cornyn-y-self-para-renombrar-la-clinica-de-veteranos-de-plano-en-honor-del-congresista-sam-johnson\/#breadcrumb","itemListElement":[{"@type":"ListItem","position":1,"name":"Home","item":"https:\/\/www.cornyn.senate.gov\/es-mx\/"},{"@type":"ListItem","position":2,"name":"News","item":"https:\/\/www.cornyn.senate.gov\/es-mx\/news\/"},{"@type":"ListItem","position":3,"name":"Se convierte en ley el proyecto de Cornyn y Self para renombrar la cl\u00ednica de veteranos de Plano en honor del congresista Sam Johnson"}]},{"@type":"WebSite","@id":"https:\/\/www.cornyn.senate.gov\/es-mx\/#website","url":"https:\/\/www.cornyn.senate.gov\/es-mx\/","name":"Senator Cornyn","description":"","publisher":{"@id":"https:\/\/www.cornyn.senate.gov\/es-mx\/#organization"},"potentialAction":[{"@type":"SearchAction","target":{"@type":"EntryPoint","urlTemplate":"https:\/\/www.cornyn.senate.gov\/es-mx\/?s={search_term_string}"},"query-input":{"@type":"PropertyValueSpecification","valueRequired":true,"valueName":"search_term_string"}}],"inLanguage":"es-MX"},{"@type":"Organization","@id":"https:\/\/www.cornyn.senate.gov\/es-mx\/#organization","name":"Senator Cornyn","url":"https:\/\/www.cornyn.senate.gov\/es-mx\/","logo":{"@type":"ImageObject","inLanguage":"es-MX","@id":"https:\/\/www.cornyn.senate.gov\/es-mx\/#\/schema\/logo\/image\/","url":"https:\/\/www.cornyn.senate.gov\/wp-content\/uploads\/2022\/01\/Logo-2.svg","contentUrl":"https:\/\/www.cornyn.senate.gov\/wp-content\/uploads\/2022\/01\/Logo-2.svg","caption":"Senator Cornyn"},"image":{"@id":"https:\/\/www.cornyn.senate.gov\/es-mx\/#\/schema\/logo\/image\/"},"sameAs":["https:\/\/www.facebook.com\/SenJohnCornyn","https:\/\/x.com\/johncornyn"]}]}},"_links":{"self":[{"href":"https:\/\/www.cornyn.senate.gov\/es-mx\/wp-json\/wp\/v2\/news\/48498","targetHints":{"allow":["GET"]}}],"collection":[{"href":"https:\/\/www.cornyn.senate.gov\/es-mx\/wp-json\/wp\/v2\/news"}],"about":[{"href":"https:\/\/www.cornyn.senate.gov\/es-mx\/wp-json\/wp\/v2\/types\/news"}],"author":[{"embeddable":true,"href":"https:\/\/www.cornyn.senate.gov\/es-mx\/wp-json\/wp\/v2\/users\/20"}],"version-history":[{"count":1,"href":"https:\/\/www.cornyn.senate.gov\/es-mx\/wp-json\/wp\/v2\/news\/48498\/revisions"}],"predecessor-version":[{"id":48499,"href":"https:\/\/www.cornyn.senate.gov\/es-mx\/wp-json\/wp\/v2\/news\/48498\/revisions\/48499"}],"wp:attachment":[{"href":"https:\/\/www.cornyn.senate.gov\/es-mx\/wp-json\/wp\/v2\/media?parent=48498"}],"wp:term":[{"taxonomy":"news-type","embeddable":true,"href":"https:\/\/www.cornyn.senate.gov\/es-mx\/wp-json\/wp\/v2\/news-type?post=48498"},{"taxonomy":"issues","embeddable":true,"href":"https:\/\/www.cornyn.senate.gov\/es-mx\/wp-json\/wp\/v2\/issues?post=48498"}],"curies":[{"name":"wp","href":"https:\/\/api.w.org\/{rel}","templated":true}]}}