{"id":48693,"date":"2025-01-17T11:12:52","date_gmt":"2025-01-17T16:12:52","guid":{"rendered":"https:\/\/www.cornyn.senate.gov\/news\/foto-cornyn-se-reune-con-el-alcalde-de-sugar-land\/"},"modified":"2025-01-17T11:15:44","modified_gmt":"2025-01-17T16:15:44","slug":"foto-cornyn-se-reune-con-el-alcalde-de-sugar-land","status":"publish","type":"news","link":"https:\/\/www.cornyn.senate.gov\/es-mx\/news\/foto-cornyn-se-reune-con-el-alcalde-de-sugar-land\/","title":{"rendered":"FOTO: Cornyn se re\u00fane con el alcalde de Sugar Land"},"content":{"rendered":"\t\t<div data-elementor-type=\"wp-post\" data-elementor-id=\"48693\" class=\"elementor elementor-48693 elementor-48680\" data-elementor-post-type=\"news\">\n\t\t\t\t\t\t<section class=\"elementor-section elementor-top-section elementor-element elementor-element-42fb08a elementor-section-boxed elementor-section-height-default elementor-section-height-default\" data-id=\"42fb08a\" data-element_type=\"section\" data-e-type=\"section\">\n\t\t\t\t\t\t<div class=\"elementor-container elementor-column-gap-default\">\n\t\t\t\t\t<div class=\"elementor-column elementor-col-100 elementor-top-column elementor-element elementor-element-5fff69e1\" data-id=\"5fff69e1\" data-element_type=\"column\" data-e-type=\"column\">\n\t\t\t<div class=\"elementor-widget-wrap elementor-element-populated\">\n\t\t\t\t\t\t<section class=\"elementor-section elementor-inner-section elementor-element elementor-element-5453cc86 elementor-section-boxed elementor-section-height-default elementor-section-height-default\" data-id=\"5453cc86\" data-element_type=\"section\" data-e-type=\"section\">\n\t\t\t\t\t\t<div class=\"elementor-container elementor-column-gap-default\">\n\t\t\t\t\t<div class=\"elementor-column elementor-col-50 elementor-inner-column elementor-element elementor-element-228cc7e5\" data-id=\"228cc7e5\" data-element_type=\"column\" data-e-type=\"column\">\n\t\t\t<div class=\"elementor-widget-wrap elementor-element-populated\">\n\t\t\t\t\t\t<div class=\"elementor-element elementor-element-2d1944d2 breadcrumb--back elementor-widget elementor-widget-button\" data-id=\"2d1944d2\" data-element_type=\"widget\" data-e-type=\"widget\" data-widget_type=\"button.default\">\n\t\t\t\t<div class=\"elementor-widget-container\">\n\t\t\t\t\t\t\t\t\t<div class=\"elementor-button-wrapper\">\n\t\t\t\t\t<a class=\"elementor-button elementor-button-link elementor-size-sm\" href=\"\/news\/\">\n\t\t\t\t\t\t<span class=\"elementor-button-content-wrapper\">\n\t\t\t\t\t\t<span class=\"elementor-button-icon\">\n\t\t\t\t<i aria-hidden=\"true\" class=\"icon icon-arrow-left\"><\/i>\t\t\t<\/span>\n\t\t\t\t\t\t\t\t\t<span class=\"elementor-button-text\">Noticias<\/span>\n\t\t\t\t\t<\/span>\n\t\t\t\t\t<\/a>\n\t\t\t\t<\/div>\n\t\t\t\t\t\t\t\t<\/div>\n\t\t\t\t<\/div>\n\t\t\t\t\t<\/div>\n\t\t<\/div>\n\t\t\t\t<div class=\"elementor-column elementor-col-50 elementor-inner-column elementor-element elementor-element-912b327 content-page__content\" data-id=\"912b327\" data-element_type=\"column\" data-e-type=\"column\">\n\t\t\t<div class=\"elementor-widget-wrap elementor-element-populated\">\n\t\t\t\t\t\t<div class=\"elementor-element elementor-element-7251102e elementor-widget elementor-widget-theme-post-title elementor-page-title elementor-widget-heading\" data-id=\"7251102e\" data-element_type=\"widget\" data-e-type=\"widget\" data-widget_type=\"theme-post-title.default\">\n\t\t\t\t<div class=\"elementor-widget-container\">\n\t\t\t\t\t<h1 class=\"elementor-heading-title elementor-size-default\">FOTO: Cornyn se re\u00fane con el alcalde de Sugar Land<\/h1>\t\t\t\t<\/div>\n\t\t\t\t<\/div>\n\t\t\t\t<div class=\"elementor-element elementor-element-1925e0ec elementor-widget-divider--view-line elementor-widget elementor-widget-divider\" data-id=\"1925e0ec\" data-element_type=\"widget\" data-e-type=\"widget\" data-widget_type=\"divider.default\">\n\t\t\t\t<div class=\"elementor-widget-container\">\n\t\t\t\t\t\t\t<div class=\"elementor-divider\">\n\t\t\t<span class=\"elementor-divider-separator\">\n\t\t\t\t\t\t<\/span>\n\t\t<\/div>\n\t\t\t\t\t\t<\/div>\n\t\t\t\t<\/div>\n\t\t\t\t<div class=\"elementor-element elementor-element-7c144de2 elementor-widget__width-initial elementor-widget-mobile__width-inherit elementor-widget elementor-widget-text-editor\" data-id=\"7c144de2\" data-element_type=\"widget\" data-e-type=\"widget\" data-widget_type=\"text-editor.default\">\n\t\t\t\t<div class=\"elementor-widget-container\">\n\t\t\t\t\t\t\t\t\tJanuary 17, 2025\t\t\t\t\t\t\t\t<\/div>\n\t\t\t\t<\/div>\n\t\t\t\t<div class=\"elementor-element elementor-element-10a6c7d6 elementor-share-buttons--view-icon elementor-share-buttons--skin-flat elementor-share-buttons--shape-circle elementor-share-buttons--color-custom share-buttons elementor-widget__width-initial elementor-widget-mobile__width-inherit elementor-grid-0 elementor-widget elementor-widget-share-buttons\" data-id=\"10a6c7d6\" data-element_type=\"widget\" data-e-type=\"widget\" title=\"Share\" data-widget_type=\"share-buttons.default\">\n\t\t\t\t<div class=\"elementor-widget-container\">\n\t\t\t\t\t\t\t<div class=\"elementor-grid\" role=\"list\">\n\t\t\t\t\t\t\t\t<div class=\"elementor-grid-item\" role=\"listitem\">\n\t\t\t\t\t\t<div class=\"elementor-share-btn elementor-share-btn_email\" role=\"button\" tabindex=\"0\" aria-label=\"Share on email\">\n\t\t\t\t\t\t\t\t\t\t\t\t\t\t\t<span class=\"elementor-share-btn__icon\">\n\t\t\t\t\t\t\t\t<i class=\"fas fa-envelope\" aria-hidden=\"true\"><\/i>\t\t\t\t\t\t\t<\/span>\n\t\t\t\t\t\t\t\t\t\t\t\t\t\t\t\t\t\t\t\t<\/div>\n\t\t\t\t\t<\/div>\n\t\t\t\t\t\t\t\t\t<div class=\"elementor-grid-item\" role=\"listitem\">\n\t\t\t\t\t\t<div class=\"elementor-share-btn elementor-share-btn_linkedin\" role=\"button\" tabindex=\"0\" aria-label=\"Share on linkedin\">\n\t\t\t\t\t\t\t\t\t\t\t\t\t\t\t<span class=\"elementor-share-btn__icon\">\n\t\t\t\t\t\t\t\t<i class=\"fab fa-linkedin\" aria-hidden=\"true\"><\/i>\t\t\t\t\t\t\t<\/span>\n\t\t\t\t\t\t\t\t\t\t\t\t\t\t\t\t\t\t\t\t<\/div>\n\t\t\t\t\t<\/div>\n\t\t\t\t\t\t\t\t\t<div class=\"elementor-grid-item\" role=\"listitem\">\n\t\t\t\t\t\t<div class=\"elementor-share-btn elementor-share-btn_facebook\" role=\"button\" tabindex=\"0\" aria-label=\"Share on facebook\">\n\t\t\t\t\t\t\t\t\t\t\t\t\t\t\t<span class=\"elementor-share-btn__icon\">\n\t\t\t\t\t\t\t\t<i class=\"fab fa-facebook\" aria-hidden=\"true\"><\/i>\t\t\t\t\t\t\t<\/span>\n\t\t\t\t\t\t\t\t\t\t\t\t\t\t\t\t\t\t\t\t<\/div>\n\t\t\t\t\t<\/div>\n\t\t\t\t\t\t<\/div>\n\t\t\t\t\t\t<\/div>\n\t\t\t\t<\/div>\n\t\t\t\t<div class=\"elementor-element elementor-element-55de3f81 elementor-widget elementor-widget-text-editor\" data-id=\"55de3f81\" data-element_type=\"widget\" data-e-type=\"widget\" data-widget_type=\"text-editor.default\">\n\t\t\t\t<div class=\"elementor-widget-container\">\n\t\t\t\t\t\t\t\t\t<p><strong> <\/strong><strong>WASHINGTON<\/strong> &#8211; El senador republicano John Cornyn se reuni\u00f3 ayer con el alcalde de Sugar Land, Joe Zimmerman, para hablar de las necesidades de infraestructuras de la pr\u00f3spera ciudad. V\u00e9ase la foto de abajo.<\/p>\n<p><img fetchpriority=\"high\" decoding=\"async\" class=\"size-large wp-image-48685 aligncenter\" src=\"https:\/\/www.cornyn.senate.gov\/wp-content\/uploads\/2025\/01\/Mayor-of-Sugar-Land-2025-01-16-1024x683.jpeg\" alt=\"\" width=\"800\" height=\"534\" srcset=\"https:\/\/www.cornyn.senate.gov\/wp-content\/uploads\/2025\/01\/Mayor-of-Sugar-Land-2025-01-16-1024x683.jpeg 1024w, https:\/\/www.cornyn.senate.gov\/wp-content\/uploads\/2025\/01\/Mayor-of-Sugar-Land-2025-01-16-300x200.jpeg 300w, https:\/\/www.cornyn.senate.gov\/wp-content\/uploads\/2025\/01\/Mayor-of-Sugar-Land-2025-01-16-768x512.jpeg 768w, https:\/\/www.cornyn.senate.gov\/wp-content\/uploads\/2025\/01\/Mayor-of-Sugar-Land-2025-01-16-1536x1025.jpeg 1536w, https:\/\/www.cornyn.senate.gov\/wp-content\/uploads\/2025\/01\/Mayor-of-Sugar-Land-2025-01-16-2048x1366.jpeg 2048w\" sizes=\"(max-width: 800px) 100vw, 800px\" \/><\/p>\n<p style=\"text-align: center;\"><em>Esta imagen es de dominio p\u00fablico, pero quienes deseen hacerlo pueden citar a la Oficina del Senador de EE.UU. John Cornyn.<\/em><\/p>\n<p style=\"text-align: center;\"><em>El senador John Cornyn, republicano por Texas, es miembro de las Comisiones de Finanzas, Judicatura, Inteligencia y Relaciones Exteriores del Senado, <\/em><em>Relaciones Exteriores y Presupuestos.<\/em><\/p>\n\t\t\t\t\t\t\t\t<\/div>\n\t\t\t\t<\/div>\n\t\t\t\t\t<\/div>\n\t\t<\/div>\n\t\t\t\t\t<\/div>\n\t\t<\/section>\n\t\t\t\t\t<\/div>\n\t\t<\/div>\n\t\t\t\t\t<\/div>\n\t\t<\/section>\n\t\t\t\t<\/div>\n\t\t","protected":false},"author":20,"template":"","news-type":[161],"issues":[167],"class_list":["post-48693","news","type-news","status-publish","hentry","news-type-press-releases-es-mx","issues-economy-fiscal-responsibility-es-mx"],"acf":[],"yoast_head":"<!-- This site is optimized with the Yoast SEO plugin v27.2 - https:\/\/yoast.com\/product\/yoast-seo-wordpress\/ -->\n<title>FOTO: Cornyn se re\u00fane con el alcalde de Sugar Land - Senator Cornyn<\/title>\n<meta name=\"robots\" content=\"index, follow, max-snippet:-1, max-image-preview:large, max-video-preview:-1\" \/>\n<link rel=\"canonical\" href=\"https:\/\/www.cornyn.senate.gov\/es-mx\/news\/foto-cornyn-se-reune-con-el-alcalde-de-sugar-land\/\" \/>\n<meta property=\"og:locale\" content=\"es_MX\" \/>\n<meta property=\"og:type\" content=\"article\" \/>\n<meta property=\"og:title\" content=\"FOTO: Cornyn se re\u00fane con el alcalde de Sugar Land - Senator Cornyn\" \/>\n<meta property=\"og:description\" content=\"Noticias WASHINGTON &#8211; El senador republicano John Cornyn se reuni\u00f3 ayer con el alcalde de Sugar Land, Joe Zimmerman, para hablar de las necesidades de infraestructuras de la pr\u00f3spera ciudad. V\u00e9ase la foto de abajo. Esta imagen es de dominio p\u00fablico, pero quienes deseen hacerlo pueden citar a la Oficina del Senador de EE.UU. John [&hellip;]\" \/>\n<meta property=\"og:url\" content=\"https:\/\/www.cornyn.senate.gov\/es-mx\/news\/foto-cornyn-se-reune-con-el-alcalde-de-sugar-land\/\" \/>\n<meta property=\"og:site_name\" content=\"Senator Cornyn\" \/>\n<meta property=\"article:publisher\" content=\"https:\/\/www.facebook.com\/SenJohnCornyn\" \/>\n<meta property=\"article:modified_time\" content=\"2025-01-17T16:15:44+00:00\" \/>\n<meta property=\"og:image\" content=\"https:\/\/www.cornyn.senate.gov\/wp-content\/uploads\/2025\/01\/Mayor-of-Sugar-Land-2025-01-16-1024x683.jpeg\" \/>\n<meta name=\"twitter:card\" content=\"summary_large_image\" \/>\n<meta name=\"twitter:site\" content=\"@johncornyn\" \/>\n<script type=\"application\/ld+json\" class=\"yoast-schema-graph\">{\"@context\":\"https:\/\/schema.org\",\"@graph\":[{\"@type\":\"WebPage\",\"@id\":\"https:\/\/www.cornyn.senate.gov\/es-mx\/news\/foto-cornyn-se-reune-con-el-alcalde-de-sugar-land\/\",\"url\":\"https:\/\/www.cornyn.senate.gov\/es-mx\/news\/foto-cornyn-se-reune-con-el-alcalde-de-sugar-land\/\",\"name\":\"FOTO: Cornyn se re\u00fane con el alcalde de Sugar Land - Senator Cornyn\",\"isPartOf\":{\"@id\":\"https:\/\/www.cornyn.senate.gov\/es-mx\/#website\"},\"primaryImageOfPage\":{\"@id\":\"https:\/\/www.cornyn.senate.gov\/es-mx\/news\/foto-cornyn-se-reune-con-el-alcalde-de-sugar-land\/#primaryimage\"},\"image\":{\"@id\":\"https:\/\/www.cornyn.senate.gov\/es-mx\/news\/foto-cornyn-se-reune-con-el-alcalde-de-sugar-land\/#primaryimage\"},\"thumbnailUrl\":\"https:\/\/www.cornyn.senate.gov\/wp-content\/uploads\/2025\/01\/Mayor-of-Sugar-Land-2025-01-16-1024x683.jpeg\",\"datePublished\":\"2025-01-17T16:12:52+00:00\",\"dateModified\":\"2025-01-17T16:15:44+00:00\",\"breadcrumb\":{\"@id\":\"https:\/\/www.cornyn.senate.gov\/es-mx\/news\/foto-cornyn-se-reune-con-el-alcalde-de-sugar-land\/#breadcrumb\"},\"inLanguage\":\"es-MX\",\"potentialAction\":[{\"@type\":\"ReadAction\",\"target\":[\"https:\/\/www.cornyn.senate.gov\/es-mx\/news\/foto-cornyn-se-reune-con-el-alcalde-de-sugar-land\/\"]}]},{\"@type\":\"ImageObject\",\"inLanguage\":\"es-MX\",\"@id\":\"https:\/\/www.cornyn.senate.gov\/es-mx\/news\/foto-cornyn-se-reune-con-el-alcalde-de-sugar-land\/#primaryimage\",\"url\":\"https:\/\/www.cornyn.senate.gov\/wp-content\/uploads\/2025\/01\/Mayor-of-Sugar-Land-2025-01-16-1024x683.jpeg\",\"contentUrl\":\"https:\/\/www.cornyn.senate.gov\/wp-content\/uploads\/2025\/01\/Mayor-of-Sugar-Land-2025-01-16-1024x683.jpeg\"},{\"@type\":\"BreadcrumbList\",\"@id\":\"https:\/\/www.cornyn.senate.gov\/es-mx\/news\/foto-cornyn-se-reune-con-el-alcalde-de-sugar-land\/#breadcrumb\",\"itemListElement\":[{\"@type\":\"ListItem\",\"position\":1,\"name\":\"Home\",\"item\":\"https:\/\/www.cornyn.senate.gov\/es-mx\/\"},{\"@type\":\"ListItem\",\"position\":2,\"name\":\"News\",\"item\":\"https:\/\/www.cornyn.senate.gov\/es-mx\/news\/\"},{\"@type\":\"ListItem\",\"position\":3,\"name\":\"FOTO: Cornyn se re\u00fane con el alcalde de Sugar Land\"}]},{\"@type\":\"WebSite\",\"@id\":\"https:\/\/www.cornyn.senate.gov\/es-mx\/#website\",\"url\":\"https:\/\/www.cornyn.senate.gov\/es-mx\/\",\"name\":\"Senator Cornyn\",\"description\":\"\",\"publisher\":{\"@id\":\"https:\/\/www.cornyn.senate.gov\/es-mx\/#organization\"},\"potentialAction\":[{\"@type\":\"SearchAction\",\"target\":{\"@type\":\"EntryPoint\",\"urlTemplate\":\"https:\/\/www.cornyn.senate.gov\/es-mx\/?s={search_term_string}\"},\"query-input\":{\"@type\":\"PropertyValueSpecification\",\"valueRequired\":true,\"valueName\":\"search_term_string\"}}],\"inLanguage\":\"es-MX\"},{\"@type\":\"Organization\",\"@id\":\"https:\/\/www.cornyn.senate.gov\/es-mx\/#organization\",\"name\":\"Senator Cornyn\",\"url\":\"https:\/\/www.cornyn.senate.gov\/es-mx\/\",\"logo\":{\"@type\":\"ImageObject\",\"inLanguage\":\"es-MX\",\"@id\":\"https:\/\/www.cornyn.senate.gov\/es-mx\/#\/schema\/logo\/image\/\",\"url\":\"https:\/\/www.cornyn.senate.gov\/wp-content\/uploads\/2022\/01\/Logo-2.svg\",\"contentUrl\":\"https:\/\/www.cornyn.senate.gov\/wp-content\/uploads\/2022\/01\/Logo-2.svg\",\"caption\":\"Senator Cornyn\"},\"image\":{\"@id\":\"https:\/\/www.cornyn.senate.gov\/es-mx\/#\/schema\/logo\/image\/\"},\"sameAs\":[\"https:\/\/www.facebook.com\/SenJohnCornyn\",\"https:\/\/x.com\/johncornyn\"]}]}<\/script>\n<!-- \/ Yoast SEO plugin. -->","yoast_head_json":{"title":"FOTO: Cornyn se re\u00fane con el alcalde de Sugar Land - Senator Cornyn","robots":{"index":"index","follow":"follow","max-snippet":"max-snippet:-1","max-image-preview":"max-image-preview:large","max-video-preview":"max-video-preview:-1"},"canonical":"https:\/\/www.cornyn.senate.gov\/es-mx\/news\/foto-cornyn-se-reune-con-el-alcalde-de-sugar-land\/","og_locale":"es_MX","og_type":"article","og_title":"FOTO: Cornyn se re\u00fane con el alcalde de Sugar Land - Senator Cornyn","og_description":"Noticias WASHINGTON &#8211; El senador republicano John Cornyn se reuni\u00f3 ayer con el alcalde de Sugar Land, Joe Zimmerman, para hablar de las necesidades de infraestructuras de la pr\u00f3spera ciudad. V\u00e9ase la foto de abajo. Esta imagen es de dominio p\u00fablico, pero quienes deseen hacerlo pueden citar a la Oficina del Senador de EE.UU. John [&hellip;]","og_url":"https:\/\/www.cornyn.senate.gov\/es-mx\/news\/foto-cornyn-se-reune-con-el-alcalde-de-sugar-land\/","og_site_name":"Senator Cornyn","article_publisher":"https:\/\/www.facebook.com\/SenJohnCornyn","article_modified_time":"2025-01-17T16:15:44+00:00","og_image":[{"url":"https:\/\/www.cornyn.senate.gov\/wp-content\/uploads\/2025\/01\/Mayor-of-Sugar-Land-2025-01-16-1024x683.jpeg","type":"","width":"","height":""}],"twitter_card":"summary_large_image","twitter_site":"@johncornyn","schema":{"@context":"https:\/\/schema.org","@graph":[{"@type":"WebPage","@id":"https:\/\/www.cornyn.senate.gov\/es-mx\/news\/foto-cornyn-se-reune-con-el-alcalde-de-sugar-land\/","url":"https:\/\/www.cornyn.senate.gov\/es-mx\/news\/foto-cornyn-se-reune-con-el-alcalde-de-sugar-land\/","name":"FOTO: Cornyn se re\u00fane con el alcalde de Sugar Land - Senator Cornyn","isPartOf":{"@id":"https:\/\/www.cornyn.senate.gov\/es-mx\/#website"},"primaryImageOfPage":{"@id":"https:\/\/www.cornyn.senate.gov\/es-mx\/news\/foto-cornyn-se-reune-con-el-alcalde-de-sugar-land\/#primaryimage"},"image":{"@id":"https:\/\/www.cornyn.senate.gov\/es-mx\/news\/foto-cornyn-se-reune-con-el-alcalde-de-sugar-land\/#primaryimage"},"thumbnailUrl":"https:\/\/www.cornyn.senate.gov\/wp-content\/uploads\/2025\/01\/Mayor-of-Sugar-Land-2025-01-16-1024x683.jpeg","datePublished":"2025-01-17T16:12:52+00:00","dateModified":"2025-01-17T16:15:44+00:00","breadcrumb":{"@id":"https:\/\/www.cornyn.senate.gov\/es-mx\/news\/foto-cornyn-se-reune-con-el-alcalde-de-sugar-land\/#breadcrumb"},"inLanguage":"es-MX","potentialAction":[{"@type":"ReadAction","target":["https:\/\/www.cornyn.senate.gov\/es-mx\/news\/foto-cornyn-se-reune-con-el-alcalde-de-sugar-land\/"]}]},{"@type":"ImageObject","inLanguage":"es-MX","@id":"https:\/\/www.cornyn.senate.gov\/es-mx\/news\/foto-cornyn-se-reune-con-el-alcalde-de-sugar-land\/#primaryimage","url":"https:\/\/www.cornyn.senate.gov\/wp-content\/uploads\/2025\/01\/Mayor-of-Sugar-Land-2025-01-16-1024x683.jpeg","contentUrl":"https:\/\/www.cornyn.senate.gov\/wp-content\/uploads\/2025\/01\/Mayor-of-Sugar-Land-2025-01-16-1024x683.jpeg"},{"@type":"BreadcrumbList","@id":"https:\/\/www.cornyn.senate.gov\/es-mx\/news\/foto-cornyn-se-reune-con-el-alcalde-de-sugar-land\/#breadcrumb","itemListElement":[{"@type":"ListItem","position":1,"name":"Home","item":"https:\/\/www.cornyn.senate.gov\/es-mx\/"},{"@type":"ListItem","position":2,"name":"News","item":"https:\/\/www.cornyn.senate.gov\/es-mx\/news\/"},{"@type":"ListItem","position":3,"name":"FOTO: Cornyn se re\u00fane con el alcalde de Sugar Land"}]},{"@type":"WebSite","@id":"https:\/\/www.cornyn.senate.gov\/es-mx\/#website","url":"https:\/\/www.cornyn.senate.gov\/es-mx\/","name":"Senator Cornyn","description":"","publisher":{"@id":"https:\/\/www.cornyn.senate.gov\/es-mx\/#organization"},"potentialAction":[{"@type":"SearchAction","target":{"@type":"EntryPoint","urlTemplate":"https:\/\/www.cornyn.senate.gov\/es-mx\/?s={search_term_string}"},"query-input":{"@type":"PropertyValueSpecification","valueRequired":true,"valueName":"search_term_string"}}],"inLanguage":"es-MX"},{"@type":"Organization","@id":"https:\/\/www.cornyn.senate.gov\/es-mx\/#organization","name":"Senator Cornyn","url":"https:\/\/www.cornyn.senate.gov\/es-mx\/","logo":{"@type":"ImageObject","inLanguage":"es-MX","@id":"https:\/\/www.cornyn.senate.gov\/es-mx\/#\/schema\/logo\/image\/","url":"https:\/\/www.cornyn.senate.gov\/wp-content\/uploads\/2022\/01\/Logo-2.svg","contentUrl":"https:\/\/www.cornyn.senate.gov\/wp-content\/uploads\/2022\/01\/Logo-2.svg","caption":"Senator Cornyn"},"image":{"@id":"https:\/\/www.cornyn.senate.gov\/es-mx\/#\/schema\/logo\/image\/"},"sameAs":["https:\/\/www.facebook.com\/SenJohnCornyn","https:\/\/x.com\/johncornyn"]}]}},"_links":{"self":[{"href":"https:\/\/www.cornyn.senate.gov\/es-mx\/wp-json\/wp\/v2\/news\/48693","targetHints":{"allow":["GET"]}}],"collection":[{"href":"https:\/\/www.cornyn.senate.gov\/es-mx\/wp-json\/wp\/v2\/news"}],"about":[{"href":"https:\/\/www.cornyn.senate.gov\/es-mx\/wp-json\/wp\/v2\/types\/news"}],"author":[{"embeddable":true,"href":"https:\/\/www.cornyn.senate.gov\/es-mx\/wp-json\/wp\/v2\/users\/20"}],"version-history":[{"count":1,"href":"https:\/\/www.cornyn.senate.gov\/es-mx\/wp-json\/wp\/v2\/news\/48693\/revisions"}],"predecessor-version":[{"id":48694,"href":"https:\/\/www.cornyn.senate.gov\/es-mx\/wp-json\/wp\/v2\/news\/48693\/revisions\/48694"}],"wp:attachment":[{"href":"https:\/\/www.cornyn.senate.gov\/es-mx\/wp-json\/wp\/v2\/media?parent=48693"}],"wp:term":[{"taxonomy":"news-type","embeddable":true,"href":"https:\/\/www.cornyn.senate.gov\/es-mx\/wp-json\/wp\/v2\/news-type?post=48693"},{"taxonomy":"issues","embeddable":true,"href":"https:\/\/www.cornyn.senate.gov\/es-mx\/wp-json\/wp\/v2\/issues?post=48693"}],"curies":[{"name":"wp","href":"https:\/\/api.w.org\/{rel}","templated":true}]}}