{"id":48793,"date":"2025-01-23T14:13:41","date_gmt":"2025-01-23T19:13:41","guid":{"rendered":"https:\/\/www.cornyn.senate.gov\/news\/video-cornyn-aplaude-a-los-nominados-encargados-de-promulgar-la-agenda-economica-del-presidente-trump\/"},"modified":"2025-01-23T14:14:50","modified_gmt":"2025-01-23T19:14:50","slug":"video-cornyn-aplaude-a-los-nominados-encargados-de-promulgar-la-agenda-economica-del-presidente-trump","status":"publish","type":"news","link":"https:\/\/www.cornyn.senate.gov\/es-mx\/news\/video-cornyn-aplaude-a-los-nominados-encargados-de-promulgar-la-agenda-economica-del-presidente-trump\/","title":{"rendered":"V\u00cdDEO: Cornyn aplaude a los nominados encargados de promulgar la agenda econ\u00f3mica del presidente Trump"},"content":{"rendered":"\t\t<div data-elementor-type=\"wp-post\" data-elementor-id=\"48793\" class=\"elementor elementor-48793 elementor-48783\" data-elementor-post-type=\"news\">\n\t\t\t\t\t\t<section class=\"elementor-section elementor-top-section elementor-element elementor-element-26fd109c elementor-section-boxed elementor-section-height-default elementor-section-height-default\" data-id=\"26fd109c\" data-element_type=\"section\" data-e-type=\"section\">\n\t\t\t\t\t\t<div class=\"elementor-container elementor-column-gap-default\">\n\t\t\t\t\t<div class=\"elementor-column elementor-col-100 elementor-top-column elementor-element elementor-element-689e4955\" data-id=\"689e4955\" data-element_type=\"column\" data-e-type=\"column\">\n\t\t\t<div class=\"elementor-widget-wrap elementor-element-populated\">\n\t\t\t\t\t\t<section class=\"elementor-section elementor-inner-section elementor-element elementor-element-1f21f780 elementor-section-boxed elementor-section-height-default elementor-section-height-default\" data-id=\"1f21f780\" data-element_type=\"section\" data-e-type=\"section\">\n\t\t\t\t\t\t<div class=\"elementor-container elementor-column-gap-default\">\n\t\t\t\t\t<div class=\"elementor-column elementor-col-50 elementor-inner-column elementor-element elementor-element-141bc8ad\" data-id=\"141bc8ad\" data-element_type=\"column\" data-e-type=\"column\">\n\t\t\t<div class=\"elementor-widget-wrap elementor-element-populated\">\n\t\t\t\t\t\t<div class=\"elementor-element elementor-element-21de1be0 breadcrumb--back elementor-widget elementor-widget-button\" data-id=\"21de1be0\" data-element_type=\"widget\" data-e-type=\"widget\" data-widget_type=\"button.default\">\n\t\t\t\t<div class=\"elementor-widget-container\">\n\t\t\t\t\t\t\t\t\t<div class=\"elementor-button-wrapper\">\n\t\t\t\t\t<a class=\"elementor-button elementor-button-link elementor-size-sm\" href=\"\/news\/\">\n\t\t\t\t\t\t<span class=\"elementor-button-content-wrapper\">\n\t\t\t\t\t\t<span class=\"elementor-button-icon\">\n\t\t\t\t<i aria-hidden=\"true\" class=\"icon icon-arrow-left\"><\/i>\t\t\t<\/span>\n\t\t\t\t\t\t\t\t\t<span class=\"elementor-button-text\">Noticias<\/span>\n\t\t\t\t\t<\/span>\n\t\t\t\t\t<\/a>\n\t\t\t\t<\/div>\n\t\t\t\t\t\t\t\t<\/div>\n\t\t\t\t<\/div>\n\t\t\t\t\t<\/div>\n\t\t<\/div>\n\t\t\t\t<div class=\"elementor-column elementor-col-50 elementor-inner-column elementor-element elementor-element-422fe02a content-page__content\" data-id=\"422fe02a\" data-element_type=\"column\" data-e-type=\"column\">\n\t\t\t<div class=\"elementor-widget-wrap elementor-element-populated\">\n\t\t\t\t\t\t<div class=\"elementor-element elementor-element-7240743e elementor-widget elementor-widget-theme-post-title elementor-page-title elementor-widget-heading\" data-id=\"7240743e\" data-element_type=\"widget\" data-e-type=\"widget\" data-widget_type=\"theme-post-title.default\">\n\t\t\t\t<div class=\"elementor-widget-container\">\n\t\t\t\t\t<h1 class=\"elementor-heading-title elementor-size-default\">V\u00cdDEO: Cornyn aplaude a los nominados encargados de promulgar la agenda econ\u00f3mica del presidente Trump<\/h1>\t\t\t\t<\/div>\n\t\t\t\t<\/div>\n\t\t\t\t<div class=\"elementor-element elementor-element-3ffa7265 elementor-widget-divider--view-line elementor-widget elementor-widget-divider\" data-id=\"3ffa7265\" data-element_type=\"widget\" data-e-type=\"widget\" data-widget_type=\"divider.default\">\n\t\t\t\t<div class=\"elementor-widget-container\">\n\t\t\t\t\t\t\t<div class=\"elementor-divider\">\n\t\t\t<span class=\"elementor-divider-separator\">\n\t\t\t\t\t\t<\/span>\n\t\t<\/div>\n\t\t\t\t\t\t<\/div>\n\t\t\t\t<\/div>\n\t\t\t\t<div class=\"elementor-element elementor-element-5e6eb950 elementor-widget__width-initial elementor-widget-mobile__width-inherit elementor-widget elementor-widget-text-editor\" data-id=\"5e6eb950\" data-element_type=\"widget\" data-e-type=\"widget\" data-widget_type=\"text-editor.default\">\n\t\t\t\t<div class=\"elementor-widget-container\">\n\t\t\t\t\t\t\t\t\tJanuary 23, 2025\t\t\t\t\t\t\t\t<\/div>\n\t\t\t\t<\/div>\n\t\t\t\t<div class=\"elementor-element elementor-element-1b220ee3 elementor-share-buttons--view-icon elementor-share-buttons--skin-flat elementor-share-buttons--shape-circle elementor-share-buttons--color-custom share-buttons elementor-widget__width-initial elementor-widget-mobile__width-inherit elementor-grid-0 elementor-widget elementor-widget-share-buttons\" data-id=\"1b220ee3\" data-element_type=\"widget\" data-e-type=\"widget\" title=\"Share\" data-widget_type=\"share-buttons.default\">\n\t\t\t\t<div class=\"elementor-widget-container\">\n\t\t\t\t\t\t\t<div class=\"elementor-grid\" role=\"list\">\n\t\t\t\t\t\t\t\t<div class=\"elementor-grid-item\" role=\"listitem\">\n\t\t\t\t\t\t<div class=\"elementor-share-btn elementor-share-btn_email\" role=\"button\" tabindex=\"0\" aria-label=\"Share on email\">\n\t\t\t\t\t\t\t\t\t\t\t\t\t\t\t<span class=\"elementor-share-btn__icon\">\n\t\t\t\t\t\t\t\t<i class=\"fas fa-envelope\" aria-hidden=\"true\"><\/i>\t\t\t\t\t\t\t<\/span>\n\t\t\t\t\t\t\t\t\t\t\t\t\t\t\t\t\t\t\t\t<\/div>\n\t\t\t\t\t<\/div>\n\t\t\t\t\t\t\t\t\t<div class=\"elementor-grid-item\" role=\"listitem\">\n\t\t\t\t\t\t<div class=\"elementor-share-btn elementor-share-btn_linkedin\" role=\"button\" tabindex=\"0\" aria-label=\"Share on linkedin\">\n\t\t\t\t\t\t\t\t\t\t\t\t\t\t\t<span class=\"elementor-share-btn__icon\">\n\t\t\t\t\t\t\t\t<i class=\"fab fa-linkedin\" aria-hidden=\"true\"><\/i>\t\t\t\t\t\t\t<\/span>\n\t\t\t\t\t\t\t\t\t\t\t\t\t\t\t\t\t\t\t\t<\/div>\n\t\t\t\t\t<\/div>\n\t\t\t\t\t\t\t\t\t<div class=\"elementor-grid-item\" role=\"listitem\">\n\t\t\t\t\t\t<div class=\"elementor-share-btn elementor-share-btn_facebook\" role=\"button\" tabindex=\"0\" aria-label=\"Share on facebook\">\n\t\t\t\t\t\t\t\t\t\t\t\t\t\t\t<span class=\"elementor-share-btn__icon\">\n\t\t\t\t\t\t\t\t<i class=\"fab fa-facebook\" aria-hidden=\"true\"><\/i>\t\t\t\t\t\t\t<\/span>\n\t\t\t\t\t\t\t\t\t\t\t\t\t\t\t\t\t\t\t\t<\/div>\n\t\t\t\t\t<\/div>\n\t\t\t\t\t\t<\/div>\n\t\t\t\t\t\t<\/div>\n\t\t\t\t<\/div>\n\t\t\t\t<div class=\"elementor-element elementor-element-793fbb4c elementor-blockquote--skin-boxed elementor-widget elementor-widget-blockquote\" data-id=\"793fbb4c\" data-element_type=\"widget\" data-e-type=\"widget\" data-widget_type=\"blockquote.default\">\n\t\t\t\t<div class=\"elementor-widget-container\">\n\t\t\t\t\t\t\t<blockquote class=\"elementor-blockquote\">\n\t\t\t<p class=\"elementor-blockquote__content\">\n\t\t\t\tEstos tres caballeros aportan una gran experiencia y pericia, y no me cabe duda de que Am\u00e9rica estar\u00e1 mejor con ellos al tim\u00f3n.  <br><br>  No es ning\u00fan secreto que el pueblo estadounidense se sinti\u00f3 profundamente decepcionado por la gesti\u00f3n de la econom\u00eda estadounidense por parte de la administraci\u00f3n Biden.\t\t\t<\/p>\n\t\t\t\t\t<\/blockquote>\n\t\t\t\t\t\t<\/div>\n\t\t\t\t<\/div>\n\t\t\t\t<div class=\"elementor-element elementor-element-31df0a24 elementor-widget elementor-widget-text-editor\" data-id=\"31df0a24\" data-element_type=\"widget\" data-e-type=\"widget\" data-widget_type=\"text-editor.default\">\n\t\t\t\t<div class=\"elementor-widget-container\">\n\t\t\t\t\t\t\t\t\t<p><strong>WASHINGTON<\/strong> &#8211; Hoy en el hemiciclo, el senador John Cornyn (republicano de Texas) ha expresado su apoyo a los candidatos del presidente Trump elegidos para ayudar a poner en pr\u00e1ctica su programa econ\u00f3mico, entre ellos Scott Bessent en el Departamento del Tesoro, Howard Lutnick para Secretario de Comercio y Russ Vought para dirigir la Oficina de Gesti\u00f3n y Presupuesto. A continuaci\u00f3n encontrar\u00e1s extractos de las declaraciones del Senador Cornyn, y puedes ver el v\u00eddeo <u><a href=\"https:\/\/youtu.be\/UdgZdIwxfYU\">aqu\u00ed<\/a><\/u>.<\/p>\n<p><em>&#8220;Estos tres caballeros aportan una gran experiencia y pericia, y no me cabe duda de que Estados Unidos estar\u00e1 mejor con ellos al tim\u00f3n, ayudando al presidente Trump durante su gobierno.&#8221;<\/em><\/p>\n<p><em>&#8220;Todos recordamos la tr\u00e1gica historia del 11-S, lo que ocurri\u00f3 aquel d\u00eda. M\u00e1s de dos tercios de los empleados de Cantor Fitzgerald -la empresa de Howard Lutnick-, incluido su propio hermano, murieron aquel d\u00eda.&#8221;<\/em><\/p>\n<p><em>&#8220;En medio de esta tragedia personal y con un futuro incierto, Howard recogi\u00f3 los pedazos y reconstruy\u00f3 Cantor Fitzgerald. Es un hombre diferente a la mayor\u00eda de los hombres, una persona de car\u00e1cter heroico&#8221;.<\/em><\/p>\n<p><em>&#8220;La semana pasada tuve el placer de hablar con Scott Bessent en la Comisi\u00f3n de Finanzas del Senado, en la que participo&#8221;.<\/em><\/p>\n<p><em>&#8220;El Sr. Bessent se\u00f1al\u00f3 acertadamente la semana pasada que China tiene una de las econom\u00edas m\u00e1s desequilibradas de la historia del mundo, y est\u00e1n utilizando sus excedentes para financiar su maquinaria militar para modernizarse y amenazar la paz&#8221;.<\/em><\/p>\n<p><em>&#8220;El Sr. Bessent va a ser un gran socio porque entiende c\u00f3mo funciona la econom\u00eda y c\u00f3mo est\u00e1 entrelazada con nuestra seguridad nacional&#8221;.<\/em><\/p>\n<p><em>&#8220;Por \u00faltimo, he tenido el placer de hablar una vez m\u00e1s con Russ Vought, que fue Director de la Oficina de Gesti\u00f3n y Presupuesto, cargo que ocup\u00f3 anteriormente con el Presidente Trump durante su primer gobierno. El Sr. Vought dirigi\u00f3 entonces la OMB, por lo que cuenta con una amplia experiencia en la que basarse en el segundo mandato del Presidente Trump.&#8221;  <\/em><\/p>\n<p><em>&#8220;No es ning\u00fan secreto que el pueblo estadounidense se sinti\u00f3 profundamente decepcionado por la gesti\u00f3n de la econom\u00eda estadounidense por parte de la administraci\u00f3n Biden, pero no tengo ninguna duda de que con el presidente Trump, Howard Lutnick, Scott Bessent y Russ Vought en el equipo del presidente Trump, estaremos en buena forma para volver a encarrilar la econom\u00eda y nuestra seguridad nacional.&#8221;<\/em><\/p>\n\t\t\t\t\t\t\t\t<\/div>\n\t\t\t\t<\/div>\n\t\t\t\t\t<\/div>\n\t\t<\/div>\n\t\t\t\t\t<\/div>\n\t\t<\/section>\n\t\t\t\t\t<\/div>\n\t\t<\/div>\n\t\t\t\t\t<\/div>\n\t\t<\/section>\n\t\t\t\t<\/div>\n\t\t","protected":false},"author":20,"template":"","news-type":[161],"issues":[167,165],"class_list":["post-48793","news","type-news","status-publish","hentry","news-type-press-releases-es-mx","issues-economy-fiscal-responsibility-es-mx","issues-foreign-affairs-national-security-es-mx"],"acf":[],"yoast_head":"<!-- This site is optimized with the Yoast SEO plugin v27.2 - https:\/\/yoast.com\/product\/yoast-seo-wordpress\/ -->\n<title>V\u00cdDEO: Cornyn aplaude a los nominados encargados de promulgar la agenda econ\u00f3mica del presidente Trump - Senator Cornyn<\/title>\n<meta name=\"robots\" content=\"index, follow, max-snippet:-1, max-image-preview:large, max-video-preview:-1\" \/>\n<link rel=\"canonical\" href=\"https:\/\/www.cornyn.senate.gov\/es-mx\/news\/video-cornyn-aplaude-a-los-nominados-encargados-de-promulgar-la-agenda-economica-del-presidente-trump\/\" \/>\n<meta property=\"og:locale\" content=\"es_MX\" \/>\n<meta property=\"og:type\" content=\"article\" \/>\n<meta property=\"og:title\" content=\"V\u00cdDEO: Cornyn aplaude a los nominados encargados de promulgar la agenda econ\u00f3mica del presidente Trump - Senator Cornyn\" \/>\n<meta property=\"og:description\" content=\"Noticias Estos tres caballeros aportan una gran experiencia y pericia, y no me cabe duda de que Am\u00e9rica estar\u00e1 mejor con ellos al tim\u00f3n. No es ning\u00fan secreto que el pueblo estadounidense se sinti\u00f3 profundamente decepcionado por la gesti\u00f3n de la econom\u00eda estadounidense por parte de la administraci\u00f3n Biden. WASHINGTON &#8211; Hoy en el hemiciclo, [&hellip;]\" \/>\n<meta property=\"og:url\" content=\"https:\/\/www.cornyn.senate.gov\/es-mx\/news\/video-cornyn-aplaude-a-los-nominados-encargados-de-promulgar-la-agenda-economica-del-presidente-trump\/\" \/>\n<meta property=\"og:site_name\" content=\"Senator Cornyn\" \/>\n<meta property=\"article:publisher\" content=\"https:\/\/www.facebook.com\/SenJohnCornyn\" \/>\n<meta property=\"article:modified_time\" content=\"2025-01-23T19:14:50+00:00\" \/>\n<meta property=\"og:image\" content=\"https:\/\/www.cornyn.senate.gov\/wp-content\/uploads\/2023\/11\/Twitter-Card-Dec-23-1024x535.png\" \/>\n\t<meta property=\"og:image:width\" content=\"1024\" \/>\n\t<meta property=\"og:image:height\" content=\"535\" \/>\n\t<meta property=\"og:image:type\" content=\"image\/png\" \/>\n<meta name=\"twitter:card\" content=\"summary_large_image\" \/>\n<meta name=\"twitter:site\" content=\"@johncornyn\" \/>\n<meta name=\"twitter:label1\" content=\"Est. reading time\" \/>\n\t<meta name=\"twitter:data1\" content=\"2 minutes\" \/>\n<script type=\"application\/ld+json\" class=\"yoast-schema-graph\">{\"@context\":\"https:\/\/schema.org\",\"@graph\":[{\"@type\":\"WebPage\",\"@id\":\"https:\/\/www.cornyn.senate.gov\/es-mx\/news\/video-cornyn-aplaude-a-los-nominados-encargados-de-promulgar-la-agenda-economica-del-presidente-trump\/\",\"url\":\"https:\/\/www.cornyn.senate.gov\/es-mx\/news\/video-cornyn-aplaude-a-los-nominados-encargados-de-promulgar-la-agenda-economica-del-presidente-trump\/\",\"name\":\"V\u00cdDEO: Cornyn aplaude a los nominados encargados de promulgar la agenda econ\u00f3mica del presidente Trump - Senator Cornyn\",\"isPartOf\":{\"@id\":\"https:\/\/www.cornyn.senate.gov\/es-mx\/#website\"},\"datePublished\":\"2025-01-23T19:13:41+00:00\",\"dateModified\":\"2025-01-23T19:14:50+00:00\",\"breadcrumb\":{\"@id\":\"https:\/\/www.cornyn.senate.gov\/es-mx\/news\/video-cornyn-aplaude-a-los-nominados-encargados-de-promulgar-la-agenda-economica-del-presidente-trump\/#breadcrumb\"},\"inLanguage\":\"es-MX\",\"potentialAction\":[{\"@type\":\"ReadAction\",\"target\":[\"https:\/\/www.cornyn.senate.gov\/es-mx\/news\/video-cornyn-aplaude-a-los-nominados-encargados-de-promulgar-la-agenda-economica-del-presidente-trump\/\"]}]},{\"@type\":\"BreadcrumbList\",\"@id\":\"https:\/\/www.cornyn.senate.gov\/es-mx\/news\/video-cornyn-aplaude-a-los-nominados-encargados-de-promulgar-la-agenda-economica-del-presidente-trump\/#breadcrumb\",\"itemListElement\":[{\"@type\":\"ListItem\",\"position\":1,\"name\":\"Home\",\"item\":\"https:\/\/www.cornyn.senate.gov\/es-mx\/\"},{\"@type\":\"ListItem\",\"position\":2,\"name\":\"News\",\"item\":\"https:\/\/www.cornyn.senate.gov\/es-mx\/news\/\"},{\"@type\":\"ListItem\",\"position\":3,\"name\":\"V\u00cdDEO: Cornyn aplaude a los nominados encargados de promulgar la agenda econ\u00f3mica del presidente Trump\"}]},{\"@type\":\"WebSite\",\"@id\":\"https:\/\/www.cornyn.senate.gov\/es-mx\/#website\",\"url\":\"https:\/\/www.cornyn.senate.gov\/es-mx\/\",\"name\":\"Senator Cornyn\",\"description\":\"\",\"publisher\":{\"@id\":\"https:\/\/www.cornyn.senate.gov\/es-mx\/#organization\"},\"potentialAction\":[{\"@type\":\"SearchAction\",\"target\":{\"@type\":\"EntryPoint\",\"urlTemplate\":\"https:\/\/www.cornyn.senate.gov\/es-mx\/?s={search_term_string}\"},\"query-input\":{\"@type\":\"PropertyValueSpecification\",\"valueRequired\":true,\"valueName\":\"search_term_string\"}}],\"inLanguage\":\"es-MX\"},{\"@type\":\"Organization\",\"@id\":\"https:\/\/www.cornyn.senate.gov\/es-mx\/#organization\",\"name\":\"Senator Cornyn\",\"url\":\"https:\/\/www.cornyn.senate.gov\/es-mx\/\",\"logo\":{\"@type\":\"ImageObject\",\"inLanguage\":\"es-MX\",\"@id\":\"https:\/\/www.cornyn.senate.gov\/es-mx\/#\/schema\/logo\/image\/\",\"url\":\"https:\/\/www.cornyn.senate.gov\/wp-content\/uploads\/2022\/01\/Logo-2.svg\",\"contentUrl\":\"https:\/\/www.cornyn.senate.gov\/wp-content\/uploads\/2022\/01\/Logo-2.svg\",\"caption\":\"Senator Cornyn\"},\"image\":{\"@id\":\"https:\/\/www.cornyn.senate.gov\/es-mx\/#\/schema\/logo\/image\/\"},\"sameAs\":[\"https:\/\/www.facebook.com\/SenJohnCornyn\",\"https:\/\/x.com\/johncornyn\"]}]}<\/script>\n<!-- \/ Yoast SEO plugin. -->","yoast_head_json":{"title":"V\u00cdDEO: Cornyn aplaude a los nominados encargados de promulgar la agenda econ\u00f3mica del presidente Trump - Senator Cornyn","robots":{"index":"index","follow":"follow","max-snippet":"max-snippet:-1","max-image-preview":"max-image-preview:large","max-video-preview":"max-video-preview:-1"},"canonical":"https:\/\/www.cornyn.senate.gov\/es-mx\/news\/video-cornyn-aplaude-a-los-nominados-encargados-de-promulgar-la-agenda-economica-del-presidente-trump\/","og_locale":"es_MX","og_type":"article","og_title":"V\u00cdDEO: Cornyn aplaude a los nominados encargados de promulgar la agenda econ\u00f3mica del presidente Trump - Senator Cornyn","og_description":"Noticias Estos tres caballeros aportan una gran experiencia y pericia, y no me cabe duda de que Am\u00e9rica estar\u00e1 mejor con ellos al tim\u00f3n. No es ning\u00fan secreto que el pueblo estadounidense se sinti\u00f3 profundamente decepcionado por la gesti\u00f3n de la econom\u00eda estadounidense por parte de la administraci\u00f3n Biden. WASHINGTON &#8211; Hoy en el hemiciclo, [&hellip;]","og_url":"https:\/\/www.cornyn.senate.gov\/es-mx\/news\/video-cornyn-aplaude-a-los-nominados-encargados-de-promulgar-la-agenda-economica-del-presidente-trump\/","og_site_name":"Senator Cornyn","article_publisher":"https:\/\/www.facebook.com\/SenJohnCornyn","article_modified_time":"2025-01-23T19:14:50+00:00","og_image":[{"width":1024,"height":535,"url":"https:\/\/www.cornyn.senate.gov\/wp-content\/uploads\/2023\/11\/Twitter-Card-Dec-23-1024x535.png","type":"image\/png"}],"twitter_card":"summary_large_image","twitter_site":"@johncornyn","twitter_misc":{"Est. reading time":"2 minutes"},"schema":{"@context":"https:\/\/schema.org","@graph":[{"@type":"WebPage","@id":"https:\/\/www.cornyn.senate.gov\/es-mx\/news\/video-cornyn-aplaude-a-los-nominados-encargados-de-promulgar-la-agenda-economica-del-presidente-trump\/","url":"https:\/\/www.cornyn.senate.gov\/es-mx\/news\/video-cornyn-aplaude-a-los-nominados-encargados-de-promulgar-la-agenda-economica-del-presidente-trump\/","name":"V\u00cdDEO: Cornyn aplaude a los nominados encargados de promulgar la agenda econ\u00f3mica del presidente Trump - Senator Cornyn","isPartOf":{"@id":"https:\/\/www.cornyn.senate.gov\/es-mx\/#website"},"datePublished":"2025-01-23T19:13:41+00:00","dateModified":"2025-01-23T19:14:50+00:00","breadcrumb":{"@id":"https:\/\/www.cornyn.senate.gov\/es-mx\/news\/video-cornyn-aplaude-a-los-nominados-encargados-de-promulgar-la-agenda-economica-del-presidente-trump\/#breadcrumb"},"inLanguage":"es-MX","potentialAction":[{"@type":"ReadAction","target":["https:\/\/www.cornyn.senate.gov\/es-mx\/news\/video-cornyn-aplaude-a-los-nominados-encargados-de-promulgar-la-agenda-economica-del-presidente-trump\/"]}]},{"@type":"BreadcrumbList","@id":"https:\/\/www.cornyn.senate.gov\/es-mx\/news\/video-cornyn-aplaude-a-los-nominados-encargados-de-promulgar-la-agenda-economica-del-presidente-trump\/#breadcrumb","itemListElement":[{"@type":"ListItem","position":1,"name":"Home","item":"https:\/\/www.cornyn.senate.gov\/es-mx\/"},{"@type":"ListItem","position":2,"name":"News","item":"https:\/\/www.cornyn.senate.gov\/es-mx\/news\/"},{"@type":"ListItem","position":3,"name":"V\u00cdDEO: Cornyn aplaude a los nominados encargados de promulgar la agenda econ\u00f3mica del presidente Trump"}]},{"@type":"WebSite","@id":"https:\/\/www.cornyn.senate.gov\/es-mx\/#website","url":"https:\/\/www.cornyn.senate.gov\/es-mx\/","name":"Senator Cornyn","description":"","publisher":{"@id":"https:\/\/www.cornyn.senate.gov\/es-mx\/#organization"},"potentialAction":[{"@type":"SearchAction","target":{"@type":"EntryPoint","urlTemplate":"https:\/\/www.cornyn.senate.gov\/es-mx\/?s={search_term_string}"},"query-input":{"@type":"PropertyValueSpecification","valueRequired":true,"valueName":"search_term_string"}}],"inLanguage":"es-MX"},{"@type":"Organization","@id":"https:\/\/www.cornyn.senate.gov\/es-mx\/#organization","name":"Senator Cornyn","url":"https:\/\/www.cornyn.senate.gov\/es-mx\/","logo":{"@type":"ImageObject","inLanguage":"es-MX","@id":"https:\/\/www.cornyn.senate.gov\/es-mx\/#\/schema\/logo\/image\/","url":"https:\/\/www.cornyn.senate.gov\/wp-content\/uploads\/2022\/01\/Logo-2.svg","contentUrl":"https:\/\/www.cornyn.senate.gov\/wp-content\/uploads\/2022\/01\/Logo-2.svg","caption":"Senator Cornyn"},"image":{"@id":"https:\/\/www.cornyn.senate.gov\/es-mx\/#\/schema\/logo\/image\/"},"sameAs":["https:\/\/www.facebook.com\/SenJohnCornyn","https:\/\/x.com\/johncornyn"]}]}},"_links":{"self":[{"href":"https:\/\/www.cornyn.senate.gov\/es-mx\/wp-json\/wp\/v2\/news\/48793","targetHints":{"allow":["GET"]}}],"collection":[{"href":"https:\/\/www.cornyn.senate.gov\/es-mx\/wp-json\/wp\/v2\/news"}],"about":[{"href":"https:\/\/www.cornyn.senate.gov\/es-mx\/wp-json\/wp\/v2\/types\/news"}],"author":[{"embeddable":true,"href":"https:\/\/www.cornyn.senate.gov\/es-mx\/wp-json\/wp\/v2\/users\/20"}],"version-history":[{"count":1,"href":"https:\/\/www.cornyn.senate.gov\/es-mx\/wp-json\/wp\/v2\/news\/48793\/revisions"}],"predecessor-version":[{"id":48794,"href":"https:\/\/www.cornyn.senate.gov\/es-mx\/wp-json\/wp\/v2\/news\/48793\/revisions\/48794"}],"wp:attachment":[{"href":"https:\/\/www.cornyn.senate.gov\/es-mx\/wp-json\/wp\/v2\/media?parent=48793"}],"wp:term":[{"taxonomy":"news-type","embeddable":true,"href":"https:\/\/www.cornyn.senate.gov\/es-mx\/wp-json\/wp\/v2\/news-type?post=48793"},{"taxonomy":"issues","embeddable":true,"href":"https:\/\/www.cornyn.senate.gov\/es-mx\/wp-json\/wp\/v2\/issues?post=48793"}],"curies":[{"name":"wp","href":"https:\/\/api.w.org\/{rel}","templated":true}]}}