{"id":49361,"date":"2025-02-26T12:50:00","date_gmt":"2025-02-26T17:50:00","guid":{"rendered":"https:\/\/www.cornyn.senate.gov\/news\/cornyn-sobre-los-progresos-realizados-para-promulgar-la-agenda-america-first-del-presidente-trump\/"},"modified":"2025-03-03T09:01:56","modified_gmt":"2025-03-03T14:01:56","slug":"cornyn-sobre-los-progresos-realizados-para-promulgar-la-agenda-america-first-del-presidente-trump","status":"publish","type":"news","link":"https:\/\/www.cornyn.senate.gov\/es-mx\/news\/cornyn-sobre-los-progresos-realizados-para-promulgar-la-agenda-america-first-del-presidente-trump\/","title":{"rendered":"Cornyn sobre los progresos realizados para promulgar la agenda &#8220;America First&#8221; del presidente Trump"},"content":{"rendered":"\t\t<div data-elementor-type=\"wp-post\" data-elementor-id=\"49361\" class=\"elementor elementor-49361 elementor-49343\" data-elementor-post-type=\"news\">\n\t\t\t\t\t\t<section class=\"elementor-section elementor-top-section elementor-element elementor-element-5e887d90 elementor-section-boxed elementor-section-height-default elementor-section-height-default\" data-id=\"5e887d90\" data-element_type=\"section\" data-e-type=\"section\">\n\t\t\t\t\t\t<div class=\"elementor-container elementor-column-gap-default\">\n\t\t\t\t\t<div class=\"elementor-column elementor-col-100 elementor-top-column elementor-element elementor-element-2c5527e8\" data-id=\"2c5527e8\" data-element_type=\"column\" data-e-type=\"column\">\n\t\t\t<div class=\"elementor-widget-wrap elementor-element-populated\">\n\t\t\t\t\t\t<section class=\"elementor-section elementor-inner-section elementor-element elementor-element-6771d103 elementor-section-boxed elementor-section-height-default elementor-section-height-default\" data-id=\"6771d103\" data-element_type=\"section\" data-e-type=\"section\">\n\t\t\t\t\t\t<div class=\"elementor-container elementor-column-gap-default\">\n\t\t\t\t\t<div class=\"elementor-column elementor-col-50 elementor-inner-column elementor-element elementor-element-682775c5\" data-id=\"682775c5\" data-element_type=\"column\" data-e-type=\"column\">\n\t\t\t<div class=\"elementor-widget-wrap elementor-element-populated\">\n\t\t\t\t\t\t<div class=\"elementor-element elementor-element-5d7a00bf breadcrumb--back elementor-widget elementor-widget-button\" data-id=\"5d7a00bf\" data-element_type=\"widget\" data-e-type=\"widget\" data-widget_type=\"button.default\">\n\t\t\t\t<div class=\"elementor-widget-container\">\n\t\t\t\t\t\t\t\t\t<div class=\"elementor-button-wrapper\">\n\t\t\t\t\t<a class=\"elementor-button elementor-button-link elementor-size-sm\" href=\"\/news\/\">\n\t\t\t\t\t\t<span class=\"elementor-button-content-wrapper\">\n\t\t\t\t\t\t<span class=\"elementor-button-icon\">\n\t\t\t\t<i aria-hidden=\"true\" class=\"icon icon-arrow-left\"><\/i>\t\t\t<\/span>\n\t\t\t\t\t\t\t\t\t<span class=\"elementor-button-text\">Noticias<\/span>\n\t\t\t\t\t<\/span>\n\t\t\t\t\t<\/a>\n\t\t\t\t<\/div>\n\t\t\t\t\t\t\t\t<\/div>\n\t\t\t\t<\/div>\n\t\t\t\t\t<\/div>\n\t\t<\/div>\n\t\t\t\t<div class=\"elementor-column elementor-col-50 elementor-inner-column elementor-element elementor-element-aed622a content-page__content\" data-id=\"aed622a\" data-element_type=\"column\" data-e-type=\"column\">\n\t\t\t<div class=\"elementor-widget-wrap elementor-element-populated\">\n\t\t\t\t\t\t<div class=\"elementor-element elementor-element-5f4a2a7f elementor-widget elementor-widget-theme-post-title elementor-page-title elementor-widget-heading\" data-id=\"5f4a2a7f\" data-element_type=\"widget\" data-e-type=\"widget\" data-widget_type=\"theme-post-title.default\">\n\t\t\t\t<div class=\"elementor-widget-container\">\n\t\t\t\t\t<h1 class=\"elementor-heading-title elementor-size-default\">Cornyn sobre los progresos realizados para promulgar la agenda &#8220;America First&#8221; del presidente Trump<\/h1>\t\t\t\t<\/div>\n\t\t\t\t<\/div>\n\t\t\t\t<div class=\"elementor-element elementor-element-582c068a elementor-widget-divider--view-line elementor-widget elementor-widget-divider\" data-id=\"582c068a\" data-element_type=\"widget\" data-e-type=\"widget\" data-widget_type=\"divider.default\">\n\t\t\t\t<div class=\"elementor-widget-container\">\n\t\t\t\t\t\t\t<div class=\"elementor-divider\">\n\t\t\t<span class=\"elementor-divider-separator\">\n\t\t\t\t\t\t<\/span>\n\t\t<\/div>\n\t\t\t\t\t\t<\/div>\n\t\t\t\t<\/div>\n\t\t\t\t<div class=\"elementor-element elementor-element-263d0a7e elementor-widget__width-initial elementor-widget-mobile__width-inherit elementor-widget elementor-widget-text-editor\" data-id=\"263d0a7e\" data-element_type=\"widget\" data-e-type=\"widget\" data-widget_type=\"text-editor.default\">\n\t\t\t\t<div class=\"elementor-widget-container\">\n\t\t\t\t\t\t\t\t\tFebruary 26, 2025\t\t\t\t\t\t\t\t<\/div>\n\t\t\t\t<\/div>\n\t\t\t\t<div class=\"elementor-element elementor-element-12824d14 elementor-share-buttons--view-icon elementor-share-buttons--skin-flat elementor-share-buttons--shape-circle elementor-share-buttons--color-custom share-buttons elementor-widget__width-initial elementor-widget-mobile__width-inherit elementor-grid-0 elementor-widget elementor-widget-share-buttons\" data-id=\"12824d14\" data-element_type=\"widget\" data-e-type=\"widget\" title=\"Share\" data-widget_type=\"share-buttons.default\">\n\t\t\t\t<div class=\"elementor-widget-container\">\n\t\t\t\t\t\t\t<div class=\"elementor-grid\" role=\"list\">\n\t\t\t\t\t\t\t\t<div class=\"elementor-grid-item\" role=\"listitem\">\n\t\t\t\t\t\t<div class=\"elementor-share-btn elementor-share-btn_email\" role=\"button\" tabindex=\"0\" aria-label=\"Share on email\">\n\t\t\t\t\t\t\t\t\t\t\t\t\t\t\t<span class=\"elementor-share-btn__icon\">\n\t\t\t\t\t\t\t\t<i class=\"fas fa-envelope\" aria-hidden=\"true\"><\/i>\t\t\t\t\t\t\t<\/span>\n\t\t\t\t\t\t\t\t\t\t\t\t\t\t\t\t\t\t\t\t<\/div>\n\t\t\t\t\t<\/div>\n\t\t\t\t\t\t\t\t\t<div class=\"elementor-grid-item\" role=\"listitem\">\n\t\t\t\t\t\t<div class=\"elementor-share-btn elementor-share-btn_linkedin\" role=\"button\" tabindex=\"0\" aria-label=\"Share on linkedin\">\n\t\t\t\t\t\t\t\t\t\t\t\t\t\t\t<span class=\"elementor-share-btn__icon\">\n\t\t\t\t\t\t\t\t<i class=\"fab fa-linkedin\" aria-hidden=\"true\"><\/i>\t\t\t\t\t\t\t<\/span>\n\t\t\t\t\t\t\t\t\t\t\t\t\t\t\t\t\t\t\t\t<\/div>\n\t\t\t\t\t<\/div>\n\t\t\t\t\t\t\t\t\t<div class=\"elementor-grid-item\" role=\"listitem\">\n\t\t\t\t\t\t<div class=\"elementor-share-btn elementor-share-btn_facebook\" role=\"button\" tabindex=\"0\" aria-label=\"Share on facebook\">\n\t\t\t\t\t\t\t\t\t\t\t\t\t\t\t<span class=\"elementor-share-btn__icon\">\n\t\t\t\t\t\t\t\t<i class=\"fab fa-facebook\" aria-hidden=\"true\"><\/i>\t\t\t\t\t\t\t<\/span>\n\t\t\t\t\t\t\t\t\t\t\t\t\t\t\t\t\t\t\t\t<\/div>\n\t\t\t\t\t<\/div>\n\t\t\t\t\t\t<\/div>\n\t\t\t\t\t\t<\/div>\n\t\t\t\t<\/div>\n\t\t\t\t<div class=\"elementor-element elementor-element-f3b437d elementor-blockquote--skin-boxed elementor-widget elementor-widget-blockquote\" data-id=\"f3b437d\" data-element_type=\"widget\" data-e-type=\"widget\" data-widget_type=\"blockquote.default\">\n\t\t\t\t<div class=\"elementor-widget-container\">\n\t\t\t\t\t\t\t<blockquote class=\"elementor-blockquote\">\n\t\t\t<p class=\"elementor-blockquote__content\">\n\t\t\t\tLo que importa no es si las cabezas parlantes de los medios de comunicaci\u00f3n o la gente de todo el pa\u00eds ven esto como un proyecto de ley del Senado o de la C\u00e1mara de Representantes: eso es intrascendente.\n<br><br> Lo que importa es que lo que estamos aplicando es la agenda del presidente Trump, tal y como nos encomend\u00f3 el pueblo estadounidense el pasado 5 de noviembre.\n<br><br> \n Tenemos que conseguir que esto llegue a la l\u00ednea de meta para asegurar la frontera, para proveer a la defensa com\u00fan, para evitar una subida masiva de impuestos a las familias de clase media y para poner nuestra deuda nacional bajo control.\t\t\t<\/p>\n\t\t\t\t\t<\/blockquote>\n\t\t\t\t\t\t<\/div>\n\t\t\t\t<\/div>\n\t\t\t\t<div class=\"elementor-element elementor-element-515c3639 elementor-widget elementor-widget-text-editor\" data-id=\"515c3639\" data-element_type=\"widget\" data-e-type=\"widget\" data-widget_type=\"text-editor.default\">\n\t\t\t\t<div class=\"elementor-widget-container\">\n\t\t\t\t\t\t\t\t\t<p><strong>WASHINGTON<\/strong> &#8211; Hoy en el pleno, el senador John Cornyn (republicano de Texas) ha hablado de la importancia de que el Congreso siga avanzando en la promulgaci\u00f3n de la agenda America First del presidente Trump, que incluye asegurar la frontera, apuntalar nuestra defensa nacional, ampliar los recortes fiscales de Trump y frenar el gasto fr\u00edvolo y nuestra deuda nacional, despu\u00e9s de que tanto la C\u00e1mara de Representantes como el Senado aprobaran resoluciones presupuestarias. A continuaci\u00f3n se ofrecen extractos de las declaraciones del Senador Cornyn, y <a href=\"https:\/\/youtu.be\/B_o81Q8KOWw\">aqu\u00ed<\/a> puede verse el v\u00eddeo.<\/p>\n<p><em>&#8220;Se ha vertido mucha tinta sobre la mec\u00e1nica del proceso, hablando de resoluciones presupuestarias, instrucciones de conciliaci\u00f3n y cosas que son un galimat\u00edas para la mayor\u00eda de los estadounidenses&#8221;.<\/em><\/p>\n<p><em>&#8220;Lo m\u00e1s importante es no perder de vista el premio, lo que realmente intentamos conseguir&#8221;.<\/em><\/p>\n<p><em>&#8220;El tr\u00e1fico de seres humanos y de drogas facilitado por las pol\u00edticas de fronteras abiertas de la administraci\u00f3n Biden han causado un sufrimiento inconmensurable al pueblo de Texas y al pueblo de la naci\u00f3n&#8221;.<\/em><\/p>\n<p><em>&#8220;Ahora depende de nosotros enderezar el barco promulgando la agenda de seguridad fronteriza del presidente Trump&#8221;.  <\/em><\/p>\n<p><em>&#8220;Si el Congreso no prorroga los recortes fiscales defendidos por el presidente Trump en su primer mandato y aprobados por las mayor\u00edas republicanas en la C\u00e1mara de Representantes y el Senado, los estadounidenses se enfrentar\u00e1n a la mayor subida de impuestos de la historia reciente. Una familia de cuatro miembros que gane unos 80.000 d\u00f3lares al a\u00f1o sufrir\u00e1 una subida de impuestos de 1.700 d\u00f3lares anuales si expiran estas disposiciones.&#8221;  <\/em><\/p>\n<p><em>&#8220;Tenemos que iniciar el proceso de poner bajo control nuestro gasto y nuestra deuda para poder controlar la hist\u00f3rica inflaci\u00f3n galopante causada por las imprudentes rachas de gasto del presidente Biden y los dem\u00f3cratas de Washington&#8221;.<\/em><\/p>\n<p><em>&#8220;Al fin y al cabo, lo que importa no es si los tertulianos de los medios de comunicaci\u00f3n o la gente de todo el pa\u00eds ven esto como un proyecto de ley del Senado o de la C\u00e1mara de Representantes: eso es intrascendente. Lo que importa es que estamos poniendo en pr\u00e1ctica la agenda del presidente Trump, tal y como nos encomend\u00f3 el pueblo estadounidense el pasado 5 de noviembre&#8221;.  <\/em><\/p>\n<p><em>&#8220;Tenemos que conseguir que esto llegue a la l\u00ednea de meta para asegurar la frontera, proveer a la defensa com\u00fan, evitar una subida masiva de impuestos a las familias de clase media y controlar de una vez por todas nuestra deuda nacional&#8221;.<\/em><\/p>\n\t\t\t\t\t\t\t\t<\/div>\n\t\t\t\t<\/div>\n\t\t\t\t\t<\/div>\n\t\t<\/div>\n\t\t\t\t\t<\/div>\n\t\t<\/section>\n\t\t\t\t\t<\/div>\n\t\t<\/div>\n\t\t\t\t\t<\/div>\n\t\t<\/section>\n\t\t\t\t<\/div>\n\t\t","protected":false},"author":20,"template":"","news-type":[161],"issues":[167],"class_list":["post-49361","news","type-news","status-publish","hentry","news-type-press-releases-es-mx","issues-economy-fiscal-responsibility-es-mx"],"acf":[],"yoast_head":"<!-- This site is optimized with the Yoast SEO plugin v27.2 - https:\/\/yoast.com\/product\/yoast-seo-wordpress\/ -->\n<title>Cornyn sobre los progresos realizados para promulgar la agenda &quot;America First&quot; del presidente Trump - Senator Cornyn<\/title>\n<meta name=\"robots\" content=\"index, follow, max-snippet:-1, max-image-preview:large, max-video-preview:-1\" \/>\n<link rel=\"canonical\" href=\"https:\/\/www.cornyn.senate.gov\/es-mx\/news\/cornyn-sobre-los-progresos-realizados-para-promulgar-la-agenda-america-first-del-presidente-trump\/\" \/>\n<meta property=\"og:locale\" content=\"es_MX\" \/>\n<meta property=\"og:type\" content=\"article\" \/>\n<meta property=\"og:title\" content=\"Cornyn sobre los progresos realizados para promulgar la agenda &quot;America First&quot; del presidente Trump - Senator Cornyn\" \/>\n<meta property=\"og:description\" content=\"Noticias Lo que importa no es si las cabezas parlantes de los medios de comunicaci\u00f3n o la gente de todo el pa\u00eds ven esto como un proyecto de ley del Senado o de la C\u00e1mara de Representantes: eso es intrascendente. Lo que importa es que lo que estamos aplicando es la agenda del presidente Trump, [&hellip;]\" \/>\n<meta property=\"og:url\" content=\"https:\/\/www.cornyn.senate.gov\/es-mx\/news\/cornyn-sobre-los-progresos-realizados-para-promulgar-la-agenda-america-first-del-presidente-trump\/\" \/>\n<meta property=\"og:site_name\" content=\"Senator Cornyn\" \/>\n<meta property=\"article:publisher\" content=\"https:\/\/www.facebook.com\/SenJohnCornyn\" \/>\n<meta property=\"article:modified_time\" content=\"2025-03-03T14:01:56+00:00\" \/>\n<meta property=\"og:image\" content=\"https:\/\/www.cornyn.senate.gov\/wp-content\/uploads\/2023\/11\/Twitter-Card-Dec-23-1024x535.png\" \/>\n\t<meta property=\"og:image:width\" content=\"1024\" \/>\n\t<meta property=\"og:image:height\" content=\"535\" \/>\n\t<meta property=\"og:image:type\" content=\"image\/png\" \/>\n<meta name=\"twitter:card\" content=\"summary_large_image\" \/>\n<meta name=\"twitter:site\" content=\"@johncornyn\" \/>\n<meta name=\"twitter:label1\" content=\"Est. reading time\" \/>\n\t<meta name=\"twitter:data1\" content=\"3 minutes\" \/>\n<script type=\"application\/ld+json\" class=\"yoast-schema-graph\">{\"@context\":\"https:\/\/schema.org\",\"@graph\":[{\"@type\":\"WebPage\",\"@id\":\"https:\/\/www.cornyn.senate.gov\/es-mx\/news\/cornyn-sobre-los-progresos-realizados-para-promulgar-la-agenda-america-first-del-presidente-trump\/\",\"url\":\"https:\/\/www.cornyn.senate.gov\/es-mx\/news\/cornyn-sobre-los-progresos-realizados-para-promulgar-la-agenda-america-first-del-presidente-trump\/\",\"name\":\"Cornyn sobre los progresos realizados para promulgar la agenda \\\"America First\\\" del presidente Trump - Senator Cornyn\",\"isPartOf\":{\"@id\":\"https:\/\/www.cornyn.senate.gov\/es-mx\/#website\"},\"datePublished\":\"2025-02-26T17:50:00+00:00\",\"dateModified\":\"2025-03-03T14:01:56+00:00\",\"breadcrumb\":{\"@id\":\"https:\/\/www.cornyn.senate.gov\/es-mx\/news\/cornyn-sobre-los-progresos-realizados-para-promulgar-la-agenda-america-first-del-presidente-trump\/#breadcrumb\"},\"inLanguage\":\"es-MX\",\"potentialAction\":[{\"@type\":\"ReadAction\",\"target\":[\"https:\/\/www.cornyn.senate.gov\/es-mx\/news\/cornyn-sobre-los-progresos-realizados-para-promulgar-la-agenda-america-first-del-presidente-trump\/\"]}]},{\"@type\":\"BreadcrumbList\",\"@id\":\"https:\/\/www.cornyn.senate.gov\/es-mx\/news\/cornyn-sobre-los-progresos-realizados-para-promulgar-la-agenda-america-first-del-presidente-trump\/#breadcrumb\",\"itemListElement\":[{\"@type\":\"ListItem\",\"position\":1,\"name\":\"Home\",\"item\":\"https:\/\/www.cornyn.senate.gov\/es-mx\/\"},{\"@type\":\"ListItem\",\"position\":2,\"name\":\"News\",\"item\":\"https:\/\/www.cornyn.senate.gov\/es-mx\/news\/\"},{\"@type\":\"ListItem\",\"position\":3,\"name\":\"Cornyn sobre los progresos realizados para promulgar la agenda &#8220;America First&#8221; del presidente Trump\"}]},{\"@type\":\"WebSite\",\"@id\":\"https:\/\/www.cornyn.senate.gov\/es-mx\/#website\",\"url\":\"https:\/\/www.cornyn.senate.gov\/es-mx\/\",\"name\":\"Senator Cornyn\",\"description\":\"\",\"publisher\":{\"@id\":\"https:\/\/www.cornyn.senate.gov\/es-mx\/#organization\"},\"potentialAction\":[{\"@type\":\"SearchAction\",\"target\":{\"@type\":\"EntryPoint\",\"urlTemplate\":\"https:\/\/www.cornyn.senate.gov\/es-mx\/?s={search_term_string}\"},\"query-input\":{\"@type\":\"PropertyValueSpecification\",\"valueRequired\":true,\"valueName\":\"search_term_string\"}}],\"inLanguage\":\"es-MX\"},{\"@type\":\"Organization\",\"@id\":\"https:\/\/www.cornyn.senate.gov\/es-mx\/#organization\",\"name\":\"Senator Cornyn\",\"url\":\"https:\/\/www.cornyn.senate.gov\/es-mx\/\",\"logo\":{\"@type\":\"ImageObject\",\"inLanguage\":\"es-MX\",\"@id\":\"https:\/\/www.cornyn.senate.gov\/es-mx\/#\/schema\/logo\/image\/\",\"url\":\"https:\/\/www.cornyn.senate.gov\/wp-content\/uploads\/2022\/01\/Logo-2.svg\",\"contentUrl\":\"https:\/\/www.cornyn.senate.gov\/wp-content\/uploads\/2022\/01\/Logo-2.svg\",\"caption\":\"Senator Cornyn\"},\"image\":{\"@id\":\"https:\/\/www.cornyn.senate.gov\/es-mx\/#\/schema\/logo\/image\/\"},\"sameAs\":[\"https:\/\/www.facebook.com\/SenJohnCornyn\",\"https:\/\/x.com\/johncornyn\"]}]}<\/script>\n<!-- \/ Yoast SEO plugin. -->","yoast_head_json":{"title":"Cornyn sobre los progresos realizados para promulgar la agenda \"America First\" del presidente Trump - Senator Cornyn","robots":{"index":"index","follow":"follow","max-snippet":"max-snippet:-1","max-image-preview":"max-image-preview:large","max-video-preview":"max-video-preview:-1"},"canonical":"https:\/\/www.cornyn.senate.gov\/es-mx\/news\/cornyn-sobre-los-progresos-realizados-para-promulgar-la-agenda-america-first-del-presidente-trump\/","og_locale":"es_MX","og_type":"article","og_title":"Cornyn sobre los progresos realizados para promulgar la agenda \"America First\" del presidente Trump - Senator Cornyn","og_description":"Noticias Lo que importa no es si las cabezas parlantes de los medios de comunicaci\u00f3n o la gente de todo el pa\u00eds ven esto como un proyecto de ley del Senado o de la C\u00e1mara de Representantes: eso es intrascendente. Lo que importa es que lo que estamos aplicando es la agenda del presidente Trump, [&hellip;]","og_url":"https:\/\/www.cornyn.senate.gov\/es-mx\/news\/cornyn-sobre-los-progresos-realizados-para-promulgar-la-agenda-america-first-del-presidente-trump\/","og_site_name":"Senator Cornyn","article_publisher":"https:\/\/www.facebook.com\/SenJohnCornyn","article_modified_time":"2025-03-03T14:01:56+00:00","og_image":[{"width":1024,"height":535,"url":"https:\/\/www.cornyn.senate.gov\/wp-content\/uploads\/2023\/11\/Twitter-Card-Dec-23-1024x535.png","type":"image\/png"}],"twitter_card":"summary_large_image","twitter_site":"@johncornyn","twitter_misc":{"Est. reading time":"3 minutes"},"schema":{"@context":"https:\/\/schema.org","@graph":[{"@type":"WebPage","@id":"https:\/\/www.cornyn.senate.gov\/es-mx\/news\/cornyn-sobre-los-progresos-realizados-para-promulgar-la-agenda-america-first-del-presidente-trump\/","url":"https:\/\/www.cornyn.senate.gov\/es-mx\/news\/cornyn-sobre-los-progresos-realizados-para-promulgar-la-agenda-america-first-del-presidente-trump\/","name":"Cornyn sobre los progresos realizados para promulgar la agenda \"America First\" del presidente Trump - Senator Cornyn","isPartOf":{"@id":"https:\/\/www.cornyn.senate.gov\/es-mx\/#website"},"datePublished":"2025-02-26T17:50:00+00:00","dateModified":"2025-03-03T14:01:56+00:00","breadcrumb":{"@id":"https:\/\/www.cornyn.senate.gov\/es-mx\/news\/cornyn-sobre-los-progresos-realizados-para-promulgar-la-agenda-america-first-del-presidente-trump\/#breadcrumb"},"inLanguage":"es-MX","potentialAction":[{"@type":"ReadAction","target":["https:\/\/www.cornyn.senate.gov\/es-mx\/news\/cornyn-sobre-los-progresos-realizados-para-promulgar-la-agenda-america-first-del-presidente-trump\/"]}]},{"@type":"BreadcrumbList","@id":"https:\/\/www.cornyn.senate.gov\/es-mx\/news\/cornyn-sobre-los-progresos-realizados-para-promulgar-la-agenda-america-first-del-presidente-trump\/#breadcrumb","itemListElement":[{"@type":"ListItem","position":1,"name":"Home","item":"https:\/\/www.cornyn.senate.gov\/es-mx\/"},{"@type":"ListItem","position":2,"name":"News","item":"https:\/\/www.cornyn.senate.gov\/es-mx\/news\/"},{"@type":"ListItem","position":3,"name":"Cornyn sobre los progresos realizados para promulgar la agenda &#8220;America First&#8221; del presidente Trump"}]},{"@type":"WebSite","@id":"https:\/\/www.cornyn.senate.gov\/es-mx\/#website","url":"https:\/\/www.cornyn.senate.gov\/es-mx\/","name":"Senator Cornyn","description":"","publisher":{"@id":"https:\/\/www.cornyn.senate.gov\/es-mx\/#organization"},"potentialAction":[{"@type":"SearchAction","target":{"@type":"EntryPoint","urlTemplate":"https:\/\/www.cornyn.senate.gov\/es-mx\/?s={search_term_string}"},"query-input":{"@type":"PropertyValueSpecification","valueRequired":true,"valueName":"search_term_string"}}],"inLanguage":"es-MX"},{"@type":"Organization","@id":"https:\/\/www.cornyn.senate.gov\/es-mx\/#organization","name":"Senator Cornyn","url":"https:\/\/www.cornyn.senate.gov\/es-mx\/","logo":{"@type":"ImageObject","inLanguage":"es-MX","@id":"https:\/\/www.cornyn.senate.gov\/es-mx\/#\/schema\/logo\/image\/","url":"https:\/\/www.cornyn.senate.gov\/wp-content\/uploads\/2022\/01\/Logo-2.svg","contentUrl":"https:\/\/www.cornyn.senate.gov\/wp-content\/uploads\/2022\/01\/Logo-2.svg","caption":"Senator Cornyn"},"image":{"@id":"https:\/\/www.cornyn.senate.gov\/es-mx\/#\/schema\/logo\/image\/"},"sameAs":["https:\/\/www.facebook.com\/SenJohnCornyn","https:\/\/x.com\/johncornyn"]}]}},"_links":{"self":[{"href":"https:\/\/www.cornyn.senate.gov\/es-mx\/wp-json\/wp\/v2\/news\/49361","targetHints":{"allow":["GET"]}}],"collection":[{"href":"https:\/\/www.cornyn.senate.gov\/es-mx\/wp-json\/wp\/v2\/news"}],"about":[{"href":"https:\/\/www.cornyn.senate.gov\/es-mx\/wp-json\/wp\/v2\/types\/news"}],"author":[{"embeddable":true,"href":"https:\/\/www.cornyn.senate.gov\/es-mx\/wp-json\/wp\/v2\/users\/20"}],"version-history":[{"count":1,"href":"https:\/\/www.cornyn.senate.gov\/es-mx\/wp-json\/wp\/v2\/news\/49361\/revisions"}],"predecessor-version":[{"id":49362,"href":"https:\/\/www.cornyn.senate.gov\/es-mx\/wp-json\/wp\/v2\/news\/49361\/revisions\/49362"}],"wp:attachment":[{"href":"https:\/\/www.cornyn.senate.gov\/es-mx\/wp-json\/wp\/v2\/media?parent=49361"}],"wp:term":[{"taxonomy":"news-type","embeddable":true,"href":"https:\/\/www.cornyn.senate.gov\/es-mx\/wp-json\/wp\/v2\/news-type?post=49361"},{"taxonomy":"issues","embeddable":true,"href":"https:\/\/www.cornyn.senate.gov\/es-mx\/wp-json\/wp\/v2\/issues?post=49361"}],"curies":[{"name":"wp","href":"https:\/\/api.w.org\/{rel}","templated":true}]}}