{"id":49964,"date":"2025-04-09T16:27:48","date_gmt":"2025-04-09T20:27:48","guid":{"rendered":"https:\/\/www.cornyn.senate.gov\/news\/cornyn-pide-pagos-retroactivos-completos-para-los-tejanos-en-virtud-de-la-ley-de-equidad-de-la-seguridad-social\/"},"modified":"2025-04-09T16:29:43","modified_gmt":"2025-04-09T20:29:43","slug":"cornyn-pide-pagos-retroactivos-completos-para-los-tejanos-en-virtud-de-la-ley-de-equidad-de-la-seguridad-social","status":"publish","type":"news","link":"https:\/\/www.cornyn.senate.gov\/es-mx\/news\/cornyn-pide-pagos-retroactivos-completos-para-los-tejanos-en-virtud-de-la-ley-de-equidad-de-la-seguridad-social\/","title":{"rendered":"Cornyn pide pagos retroactivos completos para los tejanos en virtud de la Ley de Equidad de la Seguridad Social"},"content":{"rendered":"\t\t<div data-elementor-type=\"wp-post\" data-elementor-id=\"49964\" class=\"elementor elementor-49964 elementor-49952\" data-elementor-post-type=\"news\">\n\t\t\t\t\t\t<section class=\"elementor-section elementor-top-section elementor-element elementor-element-24ccb1b8 elementor-section-boxed elementor-section-height-default elementor-section-height-default\" data-id=\"24ccb1b8\" data-element_type=\"section\" data-e-type=\"section\">\n\t\t\t\t\t\t<div class=\"elementor-container elementor-column-gap-default\">\n\t\t\t\t\t<div class=\"elementor-column elementor-col-100 elementor-top-column elementor-element elementor-element-679c509e\" data-id=\"679c509e\" data-element_type=\"column\" data-e-type=\"column\">\n\t\t\t<div class=\"elementor-widget-wrap elementor-element-populated\">\n\t\t\t\t\t\t<section class=\"elementor-section elementor-inner-section elementor-element elementor-element-7440008 elementor-section-boxed elementor-section-height-default elementor-section-height-default\" data-id=\"7440008\" data-element_type=\"section\" data-e-type=\"section\">\n\t\t\t\t\t\t<div class=\"elementor-container elementor-column-gap-default\">\n\t\t\t\t\t<div class=\"elementor-column elementor-col-50 elementor-inner-column elementor-element elementor-element-6e2d86bc\" data-id=\"6e2d86bc\" data-element_type=\"column\" data-e-type=\"column\">\n\t\t\t<div class=\"elementor-widget-wrap elementor-element-populated\">\n\t\t\t\t\t\t<div class=\"elementor-element elementor-element-60f16668 breadcrumb--back elementor-widget elementor-widget-button\" data-id=\"60f16668\" data-element_type=\"widget\" data-e-type=\"widget\" data-widget_type=\"button.default\">\n\t\t\t\t<div class=\"elementor-widget-container\">\n\t\t\t\t\t\t\t\t\t<div class=\"elementor-button-wrapper\">\n\t\t\t\t\t<a class=\"elementor-button elementor-button-link elementor-size-sm\" href=\"\/news\/\">\n\t\t\t\t\t\t<span class=\"elementor-button-content-wrapper\">\n\t\t\t\t\t\t<span class=\"elementor-button-icon\">\n\t\t\t\t<i aria-hidden=\"true\" class=\"icon icon-arrow-left\"><\/i>\t\t\t<\/span>\n\t\t\t\t\t\t\t\t\t<span class=\"elementor-button-text\">Noticias<\/span>\n\t\t\t\t\t<\/span>\n\t\t\t\t\t<\/a>\n\t\t\t\t<\/div>\n\t\t\t\t\t\t\t\t<\/div>\n\t\t\t\t<\/div>\n\t\t\t\t\t<\/div>\n\t\t<\/div>\n\t\t\t\t<div class=\"elementor-column elementor-col-50 elementor-inner-column elementor-element elementor-element-1ac9e7e8 content-page__content\" data-id=\"1ac9e7e8\" data-element_type=\"column\" data-e-type=\"column\">\n\t\t\t<div class=\"elementor-widget-wrap elementor-element-populated\">\n\t\t\t\t\t\t<div class=\"elementor-element elementor-element-1bd8aeb7 elementor-widget elementor-widget-theme-post-title elementor-page-title elementor-widget-heading\" data-id=\"1bd8aeb7\" data-element_type=\"widget\" data-e-type=\"widget\" data-widget_type=\"theme-post-title.default\">\n\t\t\t\t<div class=\"elementor-widget-container\">\n\t\t\t\t\t<h1 class=\"elementor-heading-title elementor-size-default\">Cornyn pide pagos retroactivos completos para los tejanos en virtud de la Ley de Equidad de la Seguridad Social<\/h1>\t\t\t\t<\/div>\n\t\t\t\t<\/div>\n\t\t\t\t<div class=\"elementor-element elementor-element-595e215d elementor-widget-divider--view-line elementor-widget elementor-widget-divider\" data-id=\"595e215d\" data-element_type=\"widget\" data-e-type=\"widget\" data-widget_type=\"divider.default\">\n\t\t\t\t<div class=\"elementor-widget-container\">\n\t\t\t\t\t\t\t<div class=\"elementor-divider\">\n\t\t\t<span class=\"elementor-divider-separator\">\n\t\t\t\t\t\t<\/span>\n\t\t<\/div>\n\t\t\t\t\t\t<\/div>\n\t\t\t\t<\/div>\n\t\t\t\t<div class=\"elementor-element elementor-element-164de1b7 elementor-widget__width-initial elementor-widget-mobile__width-inherit elementor-widget elementor-widget-text-editor\" data-id=\"164de1b7\" data-element_type=\"widget\" data-e-type=\"widget\" data-widget_type=\"text-editor.default\">\n\t\t\t\t<div class=\"elementor-widget-container\">\n\t\t\t\t\t\t\t\t\tApril 9, 2025\t\t\t\t\t\t\t\t<\/div>\n\t\t\t\t<\/div>\n\t\t\t\t<div class=\"elementor-element elementor-element-5e0b74b elementor-share-buttons--view-icon elementor-share-buttons--skin-flat elementor-share-buttons--shape-circle elementor-share-buttons--color-custom share-buttons elementor-widget__width-initial elementor-widget-mobile__width-inherit elementor-grid-0 elementor-widget elementor-widget-share-buttons\" data-id=\"5e0b74b\" data-element_type=\"widget\" data-e-type=\"widget\" title=\"Share\" data-widget_type=\"share-buttons.default\">\n\t\t\t\t<div class=\"elementor-widget-container\">\n\t\t\t\t\t\t\t<div class=\"elementor-grid\" role=\"list\">\n\t\t\t\t\t\t\t\t<div class=\"elementor-grid-item\" role=\"listitem\">\n\t\t\t\t\t\t<div class=\"elementor-share-btn elementor-share-btn_email\" role=\"button\" tabindex=\"0\" aria-label=\"Share on email\">\n\t\t\t\t\t\t\t\t\t\t\t\t\t\t\t<span class=\"elementor-share-btn__icon\">\n\t\t\t\t\t\t\t\t<i class=\"fas fa-envelope\" aria-hidden=\"true\"><\/i>\t\t\t\t\t\t\t<\/span>\n\t\t\t\t\t\t\t\t\t\t\t\t\t\t\t\t\t\t\t\t<\/div>\n\t\t\t\t\t<\/div>\n\t\t\t\t\t\t\t\t\t<div class=\"elementor-grid-item\" role=\"listitem\">\n\t\t\t\t\t\t<div class=\"elementor-share-btn elementor-share-btn_linkedin\" role=\"button\" tabindex=\"0\" aria-label=\"Share on linkedin\">\n\t\t\t\t\t\t\t\t\t\t\t\t\t\t\t<span class=\"elementor-share-btn__icon\">\n\t\t\t\t\t\t\t\t<i class=\"fab fa-linkedin\" aria-hidden=\"true\"><\/i>\t\t\t\t\t\t\t<\/span>\n\t\t\t\t\t\t\t\t\t\t\t\t\t\t\t\t\t\t\t\t<\/div>\n\t\t\t\t\t<\/div>\n\t\t\t\t\t\t\t\t\t<div class=\"elementor-grid-item\" role=\"listitem\">\n\t\t\t\t\t\t<div class=\"elementor-share-btn elementor-share-btn_facebook\" role=\"button\" tabindex=\"0\" aria-label=\"Share on facebook\">\n\t\t\t\t\t\t\t\t\t\t\t\t\t\t\t<span class=\"elementor-share-btn__icon\">\n\t\t\t\t\t\t\t\t<i class=\"fab fa-facebook\" aria-hidden=\"true\"><\/i>\t\t\t\t\t\t\t<\/span>\n\t\t\t\t\t\t\t\t\t\t\t\t\t\t\t\t\t\t\t\t<\/div>\n\t\t\t\t\t<\/div>\n\t\t\t\t\t\t<\/div>\n\t\t\t\t\t\t<\/div>\n\t\t\t\t<\/div>\n\t\t\t\t<div class=\"elementor-element elementor-element-2d20f9ad elementor-widget elementor-widget-text-editor\" data-id=\"2d20f9ad\" data-element_type=\"widget\" data-e-type=\"widget\" data-widget_type=\"text-editor.default\">\n\t\t\t\t<div class=\"elementor-widget-container\">\n\t\t\t\t\t\t\t\t\t<p><strong>WASHINGTON <\/strong>&#8211; El Senador John Cornyn (republicano de Texas) envi\u00f3 una carta con un grupo de sus colegas del Senado al Administrador de la Seguridad Social (SSA), Leland Dudek, solicitando que la SSA revise la pol\u00edtica de la agencia y conceda los pagos retroactivos m\u00e1ximos a todos los c\u00f3nyuges que re\u00fanan los requisitos conforme a la <em>Ley de Equidad de la Seguridad Social (SSFA)<\/em>. La SSFA, a favor de la cual vot\u00f3 el Senador Cornyn, restablece las prestaciones de la Seguridad Social devengadas por millones de trabajadores y sus c\u00f3nyuges al derogar la Disposici\u00f3n de Eliminaci\u00f3n de Ganancias Extraordinarias y la Compensaci\u00f3n de Pensiones del Gobierno. La SSFA tambi\u00e9n prev\u00e9 pagos retroactivos hasta enero de 2024.  <\/p>\n<p>Los senadores escribieron:<em> &#8220;En las \u00faltimas semanas, varios electores se han puesto en contacto con nuestras oficinas en relaci\u00f3n con la retroactividad de sus prestaciones conyugales en virtud de la Ley de Equidad de la Seguridad Social. La ley prev\u00e9 la retroactividad al a\u00f1o en que se present\u00f3 el proyecto de ley, aplic\u00e1ndose primero al pago de enero de 2024.&#8221;<\/em><\/p>\n<p><em>&#8220;Pedimos a la SSA que revise la pol\u00edtica de la agencia y conceda los pagos m\u00e1ximos de retroactividad a todos los c\u00f3nyuges que estaban protegidos en solicitudes anteriores y a los que los empleados de la SSA aconsejaron err\u00f3neamente que no solicitaran prestaciones conyugales cuando preguntaron por primera vez&#8221;.  <\/em><\/p>\n<p><em>&#8220;Apreciamos su r\u00e1pida aplicaci\u00f3n de la ley y el progreso de la SSA en el ajuste de m\u00e1s de 2 millones de registros hasta la fecha. Esperamos seguir trabajando juntos en nombre de quienes se han visto afectados por este error.&#8221;<\/em><\/p>\n<p>El texto completo de la carta est\u00e1 disponible <a href=\"https:\/\/www.cornyn.senate.gov\/wp-content\/uploads\/2025\/04\/gpo_ssfa_letter_to_acting_commissioner_dudek.pdf\">aqu\u00ed<\/a> y m\u00e1s abajo. La carta estaba encabezada por la Senadora Susan Collins (R-ME) y firmada tambi\u00e9n por los Senadores Bill Cassidy, M.D. (R-LA) y John Fetterman (D-PA).<\/p>\n<p>1 de abril de 2025<\/p>\n<p>Honorable Leland Dudek<\/p>\n<p>Comisario en funciones<\/p>\n<p>Administraci\u00f3n de la Seguridad Social<\/p>\n<p>6401 Bulevar de la Seguridad<\/p>\n<p>Baltimore, MD 21235<\/p>\n<p>Estimado Comisario en funciones Dudek,<\/p>\n<p>Te escribimos en relaci\u00f3n con un asunto relacionado con la Ley de Equidad de la Seguridad Social (Ley P\u00fablica n\u00ba:118-273). En las \u00faltimas semanas, varios electores se han puesto en contacto con nuestras oficinas en relaci\u00f3n con la retroactividad de sus prestaciones conyugales en virtud de la Ley de Equidad de la Seguridad Social. La ley prev\u00e9 la retroactividad al a\u00f1o en que se present\u00f3 el proyecto de ley, aplic\u00e1ndose por primera vez al pago de enero de 2024. Estos c\u00f3nyuges, incluidos viudos y viudas, me han contado que, cuando hace a\u00f1os se pusieron en contacto con la Administraci\u00f3n de la Seguridad Social (SSA) para informarse sobre las prestaciones para c\u00f3nyuges, los empleados de la SSA les dijeron que sus prestaciones para c\u00f3nyuges se reducir\u00edan a 0 $ debido a la compensaci\u00f3n de la pensi\u00f3n del gobierno; y que, por tanto, no era necesario presentar una solicitud de prestaciones para c\u00f3nyuges. Ahora, a estos mismos c\u00f3nyuges se les dice que presenten una solicitud de prestaciones conyugales, pero s\u00f3lo se les concede un m\u00e1ximo de seis meses de retroactividad a partir de su fecha m\u00e1s reciente de contacto con la SSA. Seg\u00fan la pol\u00edtica de la SSA, GN00204.010A5, si el c\u00f3nyuge estaba protegido en la solicitud del trabajador y nunca se cerr\u00f3 correctamente, la presentaci\u00f3n de protecci\u00f3n permanece abierta indefinidamente. Posteriormente, seg\u00fan GN00204.025B1, debe darse al solicitante la oportunidad de elegir la fecha de presentaci\u00f3n anterior para permitir la m\u00e1xima retroactividad.      <\/p>\n<p>Como se ha se\u00f1alado, hemos asistido a c\u00f3nyuges que se han puesto en contacto con nuestras oficinas cuestionando la retroactividad. Han compartido que, aunque cuestionen la retroactividad con los empleados de la SSA durante su reciente cita para solicitar prestaciones, a los solicitantes s\u00f3lo se les concede seis meses de retroactividad a partir de la fecha de contacto m\u00e1s reciente. Pedimos a la SSA que revise la pol\u00edtica de la agencia y conceda la m\u00e1xima retroactividad a todos los c\u00f3nyuges que fueron protegidos en solicitudes anteriores y a los que los empleados de la SSA aconsejaron err\u00f3neamente que no solicitaran prestaciones conyugales cuando preguntaron por primera vez.  <\/p>\n<p>Gracias por dedicar tiempo a este importante asunto. Apreciamos su r\u00e1pida aplicaci\u00f3n de la ley y el progreso de la SSA en el ajuste de m\u00e1s de 2 millones de registros hasta la fecha. Esperamos seguir trabajando juntos en nombre de quienes se han visto afectados por este error.  <\/p>\n<p>Atentamente,<\/p>\n<p>\/s\/<\/p>\n\t\t\t\t\t\t\t\t<\/div>\n\t\t\t\t<\/div>\n\t\t\t\t\t<\/div>\n\t\t<\/div>\n\t\t\t\t\t<\/div>\n\t\t<\/section>\n\t\t\t\t\t<\/div>\n\t\t<\/div>\n\t\t\t\t\t<\/div>\n\t\t<\/section>\n\t\t\t\t<\/div>\n\t\t","protected":false},"author":20,"template":"","news-type":[161],"issues":[167],"class_list":["post-49964","news","type-news","status-publish","hentry","news-type-press-releases-es-mx","issues-economy-fiscal-responsibility-es-mx"],"acf":[],"yoast_head":"<!-- This site is optimized with the Yoast SEO plugin v27.2 - https:\/\/yoast.com\/product\/yoast-seo-wordpress\/ -->\n<title>Cornyn pide pagos retroactivos completos para los tejanos en virtud de la Ley de Equidad de la Seguridad Social - Senator Cornyn<\/title>\n<meta name=\"robots\" content=\"index, follow, max-snippet:-1, max-image-preview:large, max-video-preview:-1\" \/>\n<link rel=\"canonical\" href=\"https:\/\/www.cornyn.senate.gov\/es-mx\/news\/cornyn-pide-pagos-retroactivos-completos-para-los-tejanos-en-virtud-de-la-ley-de-equidad-de-la-seguridad-social\/\" \/>\n<meta property=\"og:locale\" content=\"es_MX\" \/>\n<meta property=\"og:type\" content=\"article\" \/>\n<meta property=\"og:title\" content=\"Cornyn pide pagos retroactivos completos para los tejanos en virtud de la Ley de Equidad de la Seguridad Social - Senator Cornyn\" \/>\n<meta property=\"og:description\" content=\"Noticias WASHINGTON &#8211; El Senador John Cornyn (republicano de Texas) envi\u00f3 una carta con un grupo de sus colegas del Senado al Administrador de la Seguridad Social (SSA), Leland Dudek, solicitando que la SSA revise la pol\u00edtica de la agencia y conceda los pagos retroactivos m\u00e1ximos a todos los c\u00f3nyuges que re\u00fanan los requisitos conforme [&hellip;]\" \/>\n<meta property=\"og:url\" content=\"https:\/\/www.cornyn.senate.gov\/es-mx\/news\/cornyn-pide-pagos-retroactivos-completos-para-los-tejanos-en-virtud-de-la-ley-de-equidad-de-la-seguridad-social\/\" \/>\n<meta property=\"og:site_name\" content=\"Senator Cornyn\" \/>\n<meta property=\"article:publisher\" content=\"https:\/\/www.facebook.com\/SenJohnCornyn\" \/>\n<meta property=\"article:modified_time\" content=\"2025-04-09T20:29:43+00:00\" \/>\n<meta property=\"og:image\" content=\"https:\/\/www.cornyn.senate.gov\/wp-content\/uploads\/2023\/11\/Twitter-Card-Dec-23-1024x535.png\" \/>\n\t<meta property=\"og:image:width\" content=\"1024\" \/>\n\t<meta property=\"og:image:height\" content=\"535\" \/>\n\t<meta property=\"og:image:type\" content=\"image\/png\" \/>\n<meta name=\"twitter:card\" content=\"summary_large_image\" \/>\n<meta name=\"twitter:site\" content=\"@johncornyn\" \/>\n<meta name=\"twitter:label1\" content=\"Est. reading time\" \/>\n\t<meta name=\"twitter:data1\" content=\"4 minutes\" \/>\n<script type=\"application\/ld+json\" class=\"yoast-schema-graph\">{\"@context\":\"https:\/\/schema.org\",\"@graph\":[{\"@type\":\"WebPage\",\"@id\":\"https:\/\/www.cornyn.senate.gov\/es-mx\/news\/cornyn-pide-pagos-retroactivos-completos-para-los-tejanos-en-virtud-de-la-ley-de-equidad-de-la-seguridad-social\/\",\"url\":\"https:\/\/www.cornyn.senate.gov\/es-mx\/news\/cornyn-pide-pagos-retroactivos-completos-para-los-tejanos-en-virtud-de-la-ley-de-equidad-de-la-seguridad-social\/\",\"name\":\"Cornyn pide pagos retroactivos completos para los tejanos en virtud de la Ley de Equidad de la Seguridad Social - Senator Cornyn\",\"isPartOf\":{\"@id\":\"https:\/\/www.cornyn.senate.gov\/es-mx\/#website\"},\"datePublished\":\"2025-04-09T20:27:48+00:00\",\"dateModified\":\"2025-04-09T20:29:43+00:00\",\"breadcrumb\":{\"@id\":\"https:\/\/www.cornyn.senate.gov\/es-mx\/news\/cornyn-pide-pagos-retroactivos-completos-para-los-tejanos-en-virtud-de-la-ley-de-equidad-de-la-seguridad-social\/#breadcrumb\"},\"inLanguage\":\"es-MX\",\"potentialAction\":[{\"@type\":\"ReadAction\",\"target\":[\"https:\/\/www.cornyn.senate.gov\/es-mx\/news\/cornyn-pide-pagos-retroactivos-completos-para-los-tejanos-en-virtud-de-la-ley-de-equidad-de-la-seguridad-social\/\"]}]},{\"@type\":\"BreadcrumbList\",\"@id\":\"https:\/\/www.cornyn.senate.gov\/es-mx\/news\/cornyn-pide-pagos-retroactivos-completos-para-los-tejanos-en-virtud-de-la-ley-de-equidad-de-la-seguridad-social\/#breadcrumb\",\"itemListElement\":[{\"@type\":\"ListItem\",\"position\":1,\"name\":\"Home\",\"item\":\"https:\/\/www.cornyn.senate.gov\/es-mx\/\"},{\"@type\":\"ListItem\",\"position\":2,\"name\":\"News\",\"item\":\"https:\/\/www.cornyn.senate.gov\/es-mx\/news\/\"},{\"@type\":\"ListItem\",\"position\":3,\"name\":\"Cornyn pide pagos retroactivos completos para los tejanos en virtud de la Ley de Equidad de la Seguridad Social\"}]},{\"@type\":\"WebSite\",\"@id\":\"https:\/\/www.cornyn.senate.gov\/es-mx\/#website\",\"url\":\"https:\/\/www.cornyn.senate.gov\/es-mx\/\",\"name\":\"Senator Cornyn\",\"description\":\"\",\"publisher\":{\"@id\":\"https:\/\/www.cornyn.senate.gov\/es-mx\/#organization\"},\"potentialAction\":[{\"@type\":\"SearchAction\",\"target\":{\"@type\":\"EntryPoint\",\"urlTemplate\":\"https:\/\/www.cornyn.senate.gov\/es-mx\/?s={search_term_string}\"},\"query-input\":{\"@type\":\"PropertyValueSpecification\",\"valueRequired\":true,\"valueName\":\"search_term_string\"}}],\"inLanguage\":\"es-MX\"},{\"@type\":\"Organization\",\"@id\":\"https:\/\/www.cornyn.senate.gov\/es-mx\/#organization\",\"name\":\"Senator Cornyn\",\"url\":\"https:\/\/www.cornyn.senate.gov\/es-mx\/\",\"logo\":{\"@type\":\"ImageObject\",\"inLanguage\":\"es-MX\",\"@id\":\"https:\/\/www.cornyn.senate.gov\/es-mx\/#\/schema\/logo\/image\/\",\"url\":\"https:\/\/www.cornyn.senate.gov\/wp-content\/uploads\/2022\/01\/Logo-2.svg\",\"contentUrl\":\"https:\/\/www.cornyn.senate.gov\/wp-content\/uploads\/2022\/01\/Logo-2.svg\",\"caption\":\"Senator Cornyn\"},\"image\":{\"@id\":\"https:\/\/www.cornyn.senate.gov\/es-mx\/#\/schema\/logo\/image\/\"},\"sameAs\":[\"https:\/\/www.facebook.com\/SenJohnCornyn\",\"https:\/\/x.com\/johncornyn\"]}]}<\/script>\n<!-- \/ Yoast SEO plugin. -->","yoast_head_json":{"title":"Cornyn pide pagos retroactivos completos para los tejanos en virtud de la Ley de Equidad de la Seguridad Social - Senator Cornyn","robots":{"index":"index","follow":"follow","max-snippet":"max-snippet:-1","max-image-preview":"max-image-preview:large","max-video-preview":"max-video-preview:-1"},"canonical":"https:\/\/www.cornyn.senate.gov\/es-mx\/news\/cornyn-pide-pagos-retroactivos-completos-para-los-tejanos-en-virtud-de-la-ley-de-equidad-de-la-seguridad-social\/","og_locale":"es_MX","og_type":"article","og_title":"Cornyn pide pagos retroactivos completos para los tejanos en virtud de la Ley de Equidad de la Seguridad Social - Senator Cornyn","og_description":"Noticias WASHINGTON &#8211; El Senador John Cornyn (republicano de Texas) envi\u00f3 una carta con un grupo de sus colegas del Senado al Administrador de la Seguridad Social (SSA), Leland Dudek, solicitando que la SSA revise la pol\u00edtica de la agencia y conceda los pagos retroactivos m\u00e1ximos a todos los c\u00f3nyuges que re\u00fanan los requisitos conforme [&hellip;]","og_url":"https:\/\/www.cornyn.senate.gov\/es-mx\/news\/cornyn-pide-pagos-retroactivos-completos-para-los-tejanos-en-virtud-de-la-ley-de-equidad-de-la-seguridad-social\/","og_site_name":"Senator Cornyn","article_publisher":"https:\/\/www.facebook.com\/SenJohnCornyn","article_modified_time":"2025-04-09T20:29:43+00:00","og_image":[{"width":1024,"height":535,"url":"https:\/\/www.cornyn.senate.gov\/wp-content\/uploads\/2023\/11\/Twitter-Card-Dec-23-1024x535.png","type":"image\/png"}],"twitter_card":"summary_large_image","twitter_site":"@johncornyn","twitter_misc":{"Est. reading time":"4 minutes"},"schema":{"@context":"https:\/\/schema.org","@graph":[{"@type":"WebPage","@id":"https:\/\/www.cornyn.senate.gov\/es-mx\/news\/cornyn-pide-pagos-retroactivos-completos-para-los-tejanos-en-virtud-de-la-ley-de-equidad-de-la-seguridad-social\/","url":"https:\/\/www.cornyn.senate.gov\/es-mx\/news\/cornyn-pide-pagos-retroactivos-completos-para-los-tejanos-en-virtud-de-la-ley-de-equidad-de-la-seguridad-social\/","name":"Cornyn pide pagos retroactivos completos para los tejanos en virtud de la Ley de Equidad de la Seguridad Social - Senator Cornyn","isPartOf":{"@id":"https:\/\/www.cornyn.senate.gov\/es-mx\/#website"},"datePublished":"2025-04-09T20:27:48+00:00","dateModified":"2025-04-09T20:29:43+00:00","breadcrumb":{"@id":"https:\/\/www.cornyn.senate.gov\/es-mx\/news\/cornyn-pide-pagos-retroactivos-completos-para-los-tejanos-en-virtud-de-la-ley-de-equidad-de-la-seguridad-social\/#breadcrumb"},"inLanguage":"es-MX","potentialAction":[{"@type":"ReadAction","target":["https:\/\/www.cornyn.senate.gov\/es-mx\/news\/cornyn-pide-pagos-retroactivos-completos-para-los-tejanos-en-virtud-de-la-ley-de-equidad-de-la-seguridad-social\/"]}]},{"@type":"BreadcrumbList","@id":"https:\/\/www.cornyn.senate.gov\/es-mx\/news\/cornyn-pide-pagos-retroactivos-completos-para-los-tejanos-en-virtud-de-la-ley-de-equidad-de-la-seguridad-social\/#breadcrumb","itemListElement":[{"@type":"ListItem","position":1,"name":"Home","item":"https:\/\/www.cornyn.senate.gov\/es-mx\/"},{"@type":"ListItem","position":2,"name":"News","item":"https:\/\/www.cornyn.senate.gov\/es-mx\/news\/"},{"@type":"ListItem","position":3,"name":"Cornyn pide pagos retroactivos completos para los tejanos en virtud de la Ley de Equidad de la Seguridad Social"}]},{"@type":"WebSite","@id":"https:\/\/www.cornyn.senate.gov\/es-mx\/#website","url":"https:\/\/www.cornyn.senate.gov\/es-mx\/","name":"Senator Cornyn","description":"","publisher":{"@id":"https:\/\/www.cornyn.senate.gov\/es-mx\/#organization"},"potentialAction":[{"@type":"SearchAction","target":{"@type":"EntryPoint","urlTemplate":"https:\/\/www.cornyn.senate.gov\/es-mx\/?s={search_term_string}"},"query-input":{"@type":"PropertyValueSpecification","valueRequired":true,"valueName":"search_term_string"}}],"inLanguage":"es-MX"},{"@type":"Organization","@id":"https:\/\/www.cornyn.senate.gov\/es-mx\/#organization","name":"Senator Cornyn","url":"https:\/\/www.cornyn.senate.gov\/es-mx\/","logo":{"@type":"ImageObject","inLanguage":"es-MX","@id":"https:\/\/www.cornyn.senate.gov\/es-mx\/#\/schema\/logo\/image\/","url":"https:\/\/www.cornyn.senate.gov\/wp-content\/uploads\/2022\/01\/Logo-2.svg","contentUrl":"https:\/\/www.cornyn.senate.gov\/wp-content\/uploads\/2022\/01\/Logo-2.svg","caption":"Senator Cornyn"},"image":{"@id":"https:\/\/www.cornyn.senate.gov\/es-mx\/#\/schema\/logo\/image\/"},"sameAs":["https:\/\/www.facebook.com\/SenJohnCornyn","https:\/\/x.com\/johncornyn"]}]}},"_links":{"self":[{"href":"https:\/\/www.cornyn.senate.gov\/es-mx\/wp-json\/wp\/v2\/news\/49964","targetHints":{"allow":["GET"]}}],"collection":[{"href":"https:\/\/www.cornyn.senate.gov\/es-mx\/wp-json\/wp\/v2\/news"}],"about":[{"href":"https:\/\/www.cornyn.senate.gov\/es-mx\/wp-json\/wp\/v2\/types\/news"}],"author":[{"embeddable":true,"href":"https:\/\/www.cornyn.senate.gov\/es-mx\/wp-json\/wp\/v2\/users\/20"}],"version-history":[{"count":1,"href":"https:\/\/www.cornyn.senate.gov\/es-mx\/wp-json\/wp\/v2\/news\/49964\/revisions"}],"predecessor-version":[{"id":49965,"href":"https:\/\/www.cornyn.senate.gov\/es-mx\/wp-json\/wp\/v2\/news\/49964\/revisions\/49965"}],"wp:attachment":[{"href":"https:\/\/www.cornyn.senate.gov\/es-mx\/wp-json\/wp\/v2\/media?parent=49964"}],"wp:term":[{"taxonomy":"news-type","embeddable":true,"href":"https:\/\/www.cornyn.senate.gov\/es-mx\/wp-json\/wp\/v2\/news-type?post=49964"},{"taxonomy":"issues","embeddable":true,"href":"https:\/\/www.cornyn.senate.gov\/es-mx\/wp-json\/wp\/v2\/issues?post=49964"}],"curies":[{"name":"wp","href":"https:\/\/api.w.org\/{rel}","templated":true}]}}