{"id":50170,"date":"2025-04-28T14:47:15","date_gmt":"2025-04-28T18:47:15","guid":{"rendered":"https:\/\/www.cornyn.senate.gov\/news\/cornyn-se-reune-con-terry-cole-candidato-a-administrador-de-la-dea\/"},"modified":"2025-04-28T14:50:27","modified_gmt":"2025-04-28T18:50:27","slug":"cornyn-se-reune-con-terry-cole-candidato-a-administrador-de-la-dea","status":"publish","type":"news","link":"https:\/\/www.cornyn.senate.gov\/es-mx\/news\/cornyn-se-reune-con-terry-cole-candidato-a-administrador-de-la-dea\/","title":{"rendered":"Cornyn se re\u00fane con Terry Cole, candidato a administrador de la DEA"},"content":{"rendered":"\t\t<div data-elementor-type=\"wp-post\" data-elementor-id=\"50170\" class=\"elementor elementor-50170 elementor-50162\" data-elementor-post-type=\"news\">\n\t\t\t\t\t\t<section class=\"elementor-section elementor-top-section elementor-element elementor-element-5a677100 elementor-section-boxed elementor-section-height-default elementor-section-height-default\" data-id=\"5a677100\" data-element_type=\"section\" data-e-type=\"section\">\n\t\t\t\t\t\t<div class=\"elementor-container elementor-column-gap-default\">\n\t\t\t\t\t<div class=\"elementor-column elementor-col-100 elementor-top-column elementor-element elementor-element-56e52cd1\" data-id=\"56e52cd1\" data-element_type=\"column\" data-e-type=\"column\">\n\t\t\t<div class=\"elementor-widget-wrap elementor-element-populated\">\n\t\t\t\t\t\t<section class=\"elementor-section elementor-inner-section elementor-element elementor-element-2608eee4 elementor-section-boxed elementor-section-height-default elementor-section-height-default\" data-id=\"2608eee4\" data-element_type=\"section\" data-e-type=\"section\">\n\t\t\t\t\t\t<div class=\"elementor-container elementor-column-gap-default\">\n\t\t\t\t\t<div class=\"elementor-column elementor-col-50 elementor-inner-column elementor-element elementor-element-1f23ecad\" data-id=\"1f23ecad\" data-element_type=\"column\" data-e-type=\"column\">\n\t\t\t<div class=\"elementor-widget-wrap elementor-element-populated\">\n\t\t\t\t\t\t<div class=\"elementor-element elementor-element-5dfe4679 breadcrumb--back elementor-widget elementor-widget-button\" data-id=\"5dfe4679\" data-element_type=\"widget\" data-e-type=\"widget\" data-widget_type=\"button.default\">\n\t\t\t\t<div class=\"elementor-widget-container\">\n\t\t\t\t\t\t\t\t\t<div class=\"elementor-button-wrapper\">\n\t\t\t\t\t<a class=\"elementor-button elementor-button-link elementor-size-sm\" href=\"\/news\/\">\n\t\t\t\t\t\t<span class=\"elementor-button-content-wrapper\">\n\t\t\t\t\t\t<span class=\"elementor-button-icon\">\n\t\t\t\t<i aria-hidden=\"true\" class=\"icon icon-arrow-left\"><\/i>\t\t\t<\/span>\n\t\t\t\t\t\t\t\t\t<span class=\"elementor-button-text\">Noticias<\/span>\n\t\t\t\t\t<\/span>\n\t\t\t\t\t<\/a>\n\t\t\t\t<\/div>\n\t\t\t\t\t\t\t\t<\/div>\n\t\t\t\t<\/div>\n\t\t\t\t\t<\/div>\n\t\t<\/div>\n\t\t\t\t<div class=\"elementor-column elementor-col-50 elementor-inner-column elementor-element elementor-element-4e81e695 content-page__content\" data-id=\"4e81e695\" data-element_type=\"column\" data-e-type=\"column\">\n\t\t\t<div class=\"elementor-widget-wrap elementor-element-populated\">\n\t\t\t\t\t\t<div class=\"elementor-element elementor-element-60326d37 elementor-widget elementor-widget-theme-post-title elementor-page-title elementor-widget-heading\" data-id=\"60326d37\" data-element_type=\"widget\" data-e-type=\"widget\" data-widget_type=\"theme-post-title.default\">\n\t\t\t\t<div class=\"elementor-widget-container\">\n\t\t\t\t\t<h1 class=\"elementor-heading-title elementor-size-default\">Cornyn se re\u00fane con Terry Cole, candidato a administrador de la DEA<\/h1>\t\t\t\t<\/div>\n\t\t\t\t<\/div>\n\t\t\t\t<div class=\"elementor-element elementor-element-4c23086 elementor-widget-divider--view-line elementor-widget elementor-widget-divider\" data-id=\"4c23086\" data-element_type=\"widget\" data-e-type=\"widget\" data-widget_type=\"divider.default\">\n\t\t\t\t<div class=\"elementor-widget-container\">\n\t\t\t\t\t\t\t<div class=\"elementor-divider\">\n\t\t\t<span class=\"elementor-divider-separator\">\n\t\t\t\t\t\t<\/span>\n\t\t<\/div>\n\t\t\t\t\t\t<\/div>\n\t\t\t\t<\/div>\n\t\t\t\t<div class=\"elementor-element elementor-element-4b788ac1 elementor-widget__width-initial elementor-widget-mobile__width-inherit elementor-widget elementor-widget-text-editor\" data-id=\"4b788ac1\" data-element_type=\"widget\" data-e-type=\"widget\" data-widget_type=\"text-editor.default\">\n\t\t\t\t<div class=\"elementor-widget-container\">\n\t\t\t\t\t\t\t\t\tApril 28, 2025\t\t\t\t\t\t\t\t<\/div>\n\t\t\t\t<\/div>\n\t\t\t\t<div class=\"elementor-element elementor-element-4c0febd1 elementor-share-buttons--view-icon elementor-share-buttons--skin-flat elementor-share-buttons--shape-circle elementor-share-buttons--color-custom share-buttons elementor-widget__width-initial elementor-widget-mobile__width-inherit elementor-grid-0 elementor-widget elementor-widget-share-buttons\" data-id=\"4c0febd1\" data-element_type=\"widget\" data-e-type=\"widget\" title=\"Share\" data-widget_type=\"share-buttons.default\">\n\t\t\t\t<div class=\"elementor-widget-container\">\n\t\t\t\t\t\t\t<div class=\"elementor-grid\" role=\"list\">\n\t\t\t\t\t\t\t\t<div class=\"elementor-grid-item\" role=\"listitem\">\n\t\t\t\t\t\t<div class=\"elementor-share-btn elementor-share-btn_email\" role=\"button\" tabindex=\"0\" aria-label=\"Share on email\">\n\t\t\t\t\t\t\t\t\t\t\t\t\t\t\t<span class=\"elementor-share-btn__icon\">\n\t\t\t\t\t\t\t\t<i class=\"fas fa-envelope\" aria-hidden=\"true\"><\/i>\t\t\t\t\t\t\t<\/span>\n\t\t\t\t\t\t\t\t\t\t\t\t\t\t\t\t\t\t\t\t<\/div>\n\t\t\t\t\t<\/div>\n\t\t\t\t\t\t\t\t\t<div class=\"elementor-grid-item\" role=\"listitem\">\n\t\t\t\t\t\t<div class=\"elementor-share-btn elementor-share-btn_linkedin\" role=\"button\" tabindex=\"0\" aria-label=\"Share on linkedin\">\n\t\t\t\t\t\t\t\t\t\t\t\t\t\t\t<span class=\"elementor-share-btn__icon\">\n\t\t\t\t\t\t\t\t<i class=\"fab fa-linkedin\" aria-hidden=\"true\"><\/i>\t\t\t\t\t\t\t<\/span>\n\t\t\t\t\t\t\t\t\t\t\t\t\t\t\t\t\t\t\t\t<\/div>\n\t\t\t\t\t<\/div>\n\t\t\t\t\t\t\t\t\t<div class=\"elementor-grid-item\" role=\"listitem\">\n\t\t\t\t\t\t<div class=\"elementor-share-btn elementor-share-btn_facebook\" role=\"button\" tabindex=\"0\" aria-label=\"Share on facebook\">\n\t\t\t\t\t\t\t\t\t\t\t\t\t\t\t<span class=\"elementor-share-btn__icon\">\n\t\t\t\t\t\t\t\t<i class=\"fab fa-facebook\" aria-hidden=\"true\"><\/i>\t\t\t\t\t\t\t<\/span>\n\t\t\t\t\t\t\t\t\t\t\t\t\t\t\t\t\t\t\t\t<\/div>\n\t\t\t\t\t<\/div>\n\t\t\t\t\t\t<\/div>\n\t\t\t\t\t\t<\/div>\n\t\t\t\t<\/div>\n\t\t\t\t<div class=\"elementor-element elementor-element-46e9df1d elementor-widget elementor-widget-text-editor\" data-id=\"46e9df1d\" data-element_type=\"widget\" data-e-type=\"widget\" data-widget_type=\"text-editor.default\">\n\t\t\t\t<div class=\"elementor-widget-container\">\n\t\t\t\t\t\t\t\t\t<p><strong>WASHINGTON<\/strong> &#8211; El senador John Cornyn (republicano de Texas), que <a href=\"https:\/\/www.cornyn.senate.gov\/es-mx\/news\/cornyn-presidira-el-grupo-sobre-drogas-del-senado\/\">preside el Grupo del Senado de EE.UU. para el Control Internacional de Estupefacientes<\/a> en el <sup>119\u00ba<\/sup> Congreso, hizo las siguientes declaraciones a los medios de comunicaci\u00f3n tras reunirse con Terry Cole, a quien el presidente Trump ha nombrado Administrador de la Administraci\u00f3n para el Control de Drogas (DEA):<\/p>\n<p><em>&#8220;El mayor reto al que se enfrenta la DEA es la avalancha de fentanilo y otros opi\u00e1ceos sint\u00e9ticos a trav\u00e9s de la frontera&#8221;.<\/em><\/p>\n<p><em>&#8220;Estoy deseando visitarle a \u00e9l y a nuestro nuevo embajador en Ciudad de M\u00e9xico en las pr\u00f3ximas semanas para intentar averiguar qu\u00e9 m\u00e1s podemos hacer para tratar de ayudar a hacer frente a este desaf\u00edo, que se ha cobrado la vida de tantos estadounidenses aqu\u00ed, en este lado de la frontera&#8221;.  <\/em><\/p>\n<p><em>&#8220;Soy el Presidente del Grupo Internacional de Estupefacientes en esta sesi\u00f3n, y celebraremos diversas audiencias sobre los cambios pol\u00edticos que podemos hacer -recursos adicionales, mejores autoridades- no s\u00f3lo para perseguir la amenaza y detenerla antes de que llegue a nuestros barrios y comunidades de Texas y de todo el pa\u00eds.&#8221;<\/em><\/p>\n<p><em>&#8220;Estoy deseando presentar al candidato y apoyar su confirmaci\u00f3n&#8221;.<\/em><\/p>\n<p><img fetchpriority=\"high\" decoding=\"async\" class=\"size-full wp-image-50165 aligncenter\" src=\"https:\/\/www.cornyn.senate.gov\/wp-content\/uploads\/2025\/04\/dea-pic.jpg\" alt=\"\" width=\"777\" height=\"728\" srcset=\"https:\/\/www.cornyn.senate.gov\/wp-content\/uploads\/2025\/04\/dea-pic.jpg 777w, https:\/\/www.cornyn.senate.gov\/wp-content\/uploads\/2025\/04\/dea-pic-300x281.jpg 300w, https:\/\/www.cornyn.senate.gov\/wp-content\/uploads\/2025\/04\/dea-pic-768x720.jpg 768w\" sizes=\"(max-width: 777px) 100vw, 777px\" \/><\/p>\n<p style=\"text-align: center;\"><em>Esta imagen es de dominio p\u00fablico, pero quienes deseen hacerlo pueden citar a la Oficina del Senador de EE.UU. John Cornyn.<\/em><\/p>\n<p style=\"text-align: center;\"><em>El senador John Cornyn, republicano por Texas, es miembro de las Comisiones de Finanzas, Judicatura, Inteligencia y Relaciones Exteriores del Senado, <\/em><em>Relaciones Exteriores y Presupuestos.<\/em><\/p>\n\t\t\t\t\t\t\t\t<\/div>\n\t\t\t\t<\/div>\n\t\t\t\t\t<\/div>\n\t\t<\/div>\n\t\t\t\t\t<\/div>\n\t\t<\/section>\n\t\t\t\t\t<\/div>\n\t\t<\/div>\n\t\t\t\t\t<\/div>\n\t\t<\/section>\n\t\t\t\t<\/div>\n\t\t","protected":false},"author":20,"template":"","news-type":[161],"issues":[177],"class_list":["post-50170","news","type-news","status-publish","hentry","news-type-press-releases-es-mx","issues-crime-law-enforcement-es-mx"],"acf":[],"yoast_head":"<!-- This site is optimized with the Yoast SEO plugin v27.2 - https:\/\/yoast.com\/product\/yoast-seo-wordpress\/ -->\n<title>Cornyn se re\u00fane con Terry Cole, candidato a administrador de la DEA - Senator Cornyn<\/title>\n<meta name=\"robots\" content=\"index, follow, max-snippet:-1, max-image-preview:large, max-video-preview:-1\" \/>\n<link rel=\"canonical\" href=\"https:\/\/www.cornyn.senate.gov\/es-mx\/news\/cornyn-se-reune-con-terry-cole-candidato-a-administrador-de-la-dea\/\" \/>\n<meta property=\"og:locale\" content=\"es_MX\" \/>\n<meta property=\"og:type\" content=\"article\" \/>\n<meta property=\"og:title\" content=\"Cornyn se re\u00fane con Terry Cole, candidato a administrador de la DEA - Senator Cornyn\" \/>\n<meta property=\"og:description\" content=\"Noticias WASHINGTON &#8211; El senador John Cornyn (republicano de Texas), que preside el Grupo del Senado de EE.UU. para el Control Internacional de Estupefacientes en el 119\u00ba Congreso, hizo las siguientes declaraciones a los medios de comunicaci\u00f3n tras reunirse con Terry Cole, a quien el presidente Trump ha nombrado Administrador de la Administraci\u00f3n para el [&hellip;]\" \/>\n<meta property=\"og:url\" content=\"https:\/\/www.cornyn.senate.gov\/es-mx\/news\/cornyn-se-reune-con-terry-cole-candidato-a-administrador-de-la-dea\/\" \/>\n<meta property=\"og:site_name\" content=\"Senator Cornyn\" \/>\n<meta property=\"article:publisher\" content=\"https:\/\/www.facebook.com\/SenJohnCornyn\" \/>\n<meta property=\"article:modified_time\" content=\"2025-04-28T18:50:27+00:00\" \/>\n<meta property=\"og:image\" content=\"https:\/\/www.cornyn.senate.gov\/wp-content\/uploads\/2025\/04\/dea-pic.jpg\" \/>\n<meta name=\"twitter:card\" content=\"summary_large_image\" \/>\n<meta name=\"twitter:site\" content=\"@johncornyn\" \/>\n<meta name=\"twitter:label1\" content=\"Est. reading time\" \/>\n\t<meta name=\"twitter:data1\" content=\"1 minute\" \/>\n<script type=\"application\/ld+json\" class=\"yoast-schema-graph\">{\"@context\":\"https:\/\/schema.org\",\"@graph\":[{\"@type\":\"WebPage\",\"@id\":\"https:\/\/www.cornyn.senate.gov\/es-mx\/news\/cornyn-se-reune-con-terry-cole-candidato-a-administrador-de-la-dea\/\",\"url\":\"https:\/\/www.cornyn.senate.gov\/es-mx\/news\/cornyn-se-reune-con-terry-cole-candidato-a-administrador-de-la-dea\/\",\"name\":\"Cornyn se re\u00fane con Terry Cole, candidato a administrador de la DEA - Senator Cornyn\",\"isPartOf\":{\"@id\":\"https:\/\/www.cornyn.senate.gov\/es-mx\/#website\"},\"primaryImageOfPage\":{\"@id\":\"https:\/\/www.cornyn.senate.gov\/es-mx\/news\/cornyn-se-reune-con-terry-cole-candidato-a-administrador-de-la-dea\/#primaryimage\"},\"image\":{\"@id\":\"https:\/\/www.cornyn.senate.gov\/es-mx\/news\/cornyn-se-reune-con-terry-cole-candidato-a-administrador-de-la-dea\/#primaryimage\"},\"thumbnailUrl\":\"https:\/\/www.cornyn.senate.gov\/wp-content\/uploads\/2025\/04\/dea-pic.jpg\",\"datePublished\":\"2025-04-28T18:47:15+00:00\",\"dateModified\":\"2025-04-28T18:50:27+00:00\",\"breadcrumb\":{\"@id\":\"https:\/\/www.cornyn.senate.gov\/es-mx\/news\/cornyn-se-reune-con-terry-cole-candidato-a-administrador-de-la-dea\/#breadcrumb\"},\"inLanguage\":\"es-MX\",\"potentialAction\":[{\"@type\":\"ReadAction\",\"target\":[\"https:\/\/www.cornyn.senate.gov\/es-mx\/news\/cornyn-se-reune-con-terry-cole-candidato-a-administrador-de-la-dea\/\"]}]},{\"@type\":\"ImageObject\",\"inLanguage\":\"es-MX\",\"@id\":\"https:\/\/www.cornyn.senate.gov\/es-mx\/news\/cornyn-se-reune-con-terry-cole-candidato-a-administrador-de-la-dea\/#primaryimage\",\"url\":\"https:\/\/www.cornyn.senate.gov\/wp-content\/uploads\/2025\/04\/dea-pic.jpg\",\"contentUrl\":\"https:\/\/www.cornyn.senate.gov\/wp-content\/uploads\/2025\/04\/dea-pic.jpg\"},{\"@type\":\"BreadcrumbList\",\"@id\":\"https:\/\/www.cornyn.senate.gov\/es-mx\/news\/cornyn-se-reune-con-terry-cole-candidato-a-administrador-de-la-dea\/#breadcrumb\",\"itemListElement\":[{\"@type\":\"ListItem\",\"position\":1,\"name\":\"Home\",\"item\":\"https:\/\/www.cornyn.senate.gov\/es-mx\/\"},{\"@type\":\"ListItem\",\"position\":2,\"name\":\"News\",\"item\":\"https:\/\/www.cornyn.senate.gov\/es-mx\/news\/\"},{\"@type\":\"ListItem\",\"position\":3,\"name\":\"Cornyn se re\u00fane con Terry Cole, candidato a administrador de la DEA\"}]},{\"@type\":\"WebSite\",\"@id\":\"https:\/\/www.cornyn.senate.gov\/es-mx\/#website\",\"url\":\"https:\/\/www.cornyn.senate.gov\/es-mx\/\",\"name\":\"Senator Cornyn\",\"description\":\"\",\"publisher\":{\"@id\":\"https:\/\/www.cornyn.senate.gov\/es-mx\/#organization\"},\"potentialAction\":[{\"@type\":\"SearchAction\",\"target\":{\"@type\":\"EntryPoint\",\"urlTemplate\":\"https:\/\/www.cornyn.senate.gov\/es-mx\/?s={search_term_string}\"},\"query-input\":{\"@type\":\"PropertyValueSpecification\",\"valueRequired\":true,\"valueName\":\"search_term_string\"}}],\"inLanguage\":\"es-MX\"},{\"@type\":\"Organization\",\"@id\":\"https:\/\/www.cornyn.senate.gov\/es-mx\/#organization\",\"name\":\"Senator Cornyn\",\"url\":\"https:\/\/www.cornyn.senate.gov\/es-mx\/\",\"logo\":{\"@type\":\"ImageObject\",\"inLanguage\":\"es-MX\",\"@id\":\"https:\/\/www.cornyn.senate.gov\/es-mx\/#\/schema\/logo\/image\/\",\"url\":\"https:\/\/www.cornyn.senate.gov\/wp-content\/uploads\/2022\/01\/Logo-2.svg\",\"contentUrl\":\"https:\/\/www.cornyn.senate.gov\/wp-content\/uploads\/2022\/01\/Logo-2.svg\",\"caption\":\"Senator Cornyn\"},\"image\":{\"@id\":\"https:\/\/www.cornyn.senate.gov\/es-mx\/#\/schema\/logo\/image\/\"},\"sameAs\":[\"https:\/\/www.facebook.com\/SenJohnCornyn\",\"https:\/\/x.com\/johncornyn\"]}]}<\/script>\n<!-- \/ Yoast SEO plugin. -->","yoast_head_json":{"title":"Cornyn se re\u00fane con Terry Cole, candidato a administrador de la DEA - Senator Cornyn","robots":{"index":"index","follow":"follow","max-snippet":"max-snippet:-1","max-image-preview":"max-image-preview:large","max-video-preview":"max-video-preview:-1"},"canonical":"https:\/\/www.cornyn.senate.gov\/es-mx\/news\/cornyn-se-reune-con-terry-cole-candidato-a-administrador-de-la-dea\/","og_locale":"es_MX","og_type":"article","og_title":"Cornyn se re\u00fane con Terry Cole, candidato a administrador de la DEA - Senator Cornyn","og_description":"Noticias WASHINGTON &#8211; El senador John Cornyn (republicano de Texas), que preside el Grupo del Senado de EE.UU. para el Control Internacional de Estupefacientes en el 119\u00ba Congreso, hizo las siguientes declaraciones a los medios de comunicaci\u00f3n tras reunirse con Terry Cole, a quien el presidente Trump ha nombrado Administrador de la Administraci\u00f3n para el [&hellip;]","og_url":"https:\/\/www.cornyn.senate.gov\/es-mx\/news\/cornyn-se-reune-con-terry-cole-candidato-a-administrador-de-la-dea\/","og_site_name":"Senator Cornyn","article_publisher":"https:\/\/www.facebook.com\/SenJohnCornyn","article_modified_time":"2025-04-28T18:50:27+00:00","og_image":[{"url":"https:\/\/www.cornyn.senate.gov\/wp-content\/uploads\/2025\/04\/dea-pic.jpg","type":"","width":"","height":""}],"twitter_card":"summary_large_image","twitter_site":"@johncornyn","twitter_misc":{"Est. reading time":"1 minute"},"schema":{"@context":"https:\/\/schema.org","@graph":[{"@type":"WebPage","@id":"https:\/\/www.cornyn.senate.gov\/es-mx\/news\/cornyn-se-reune-con-terry-cole-candidato-a-administrador-de-la-dea\/","url":"https:\/\/www.cornyn.senate.gov\/es-mx\/news\/cornyn-se-reune-con-terry-cole-candidato-a-administrador-de-la-dea\/","name":"Cornyn se re\u00fane con Terry Cole, candidato a administrador de la DEA - Senator Cornyn","isPartOf":{"@id":"https:\/\/www.cornyn.senate.gov\/es-mx\/#website"},"primaryImageOfPage":{"@id":"https:\/\/www.cornyn.senate.gov\/es-mx\/news\/cornyn-se-reune-con-terry-cole-candidato-a-administrador-de-la-dea\/#primaryimage"},"image":{"@id":"https:\/\/www.cornyn.senate.gov\/es-mx\/news\/cornyn-se-reune-con-terry-cole-candidato-a-administrador-de-la-dea\/#primaryimage"},"thumbnailUrl":"https:\/\/www.cornyn.senate.gov\/wp-content\/uploads\/2025\/04\/dea-pic.jpg","datePublished":"2025-04-28T18:47:15+00:00","dateModified":"2025-04-28T18:50:27+00:00","breadcrumb":{"@id":"https:\/\/www.cornyn.senate.gov\/es-mx\/news\/cornyn-se-reune-con-terry-cole-candidato-a-administrador-de-la-dea\/#breadcrumb"},"inLanguage":"es-MX","potentialAction":[{"@type":"ReadAction","target":["https:\/\/www.cornyn.senate.gov\/es-mx\/news\/cornyn-se-reune-con-terry-cole-candidato-a-administrador-de-la-dea\/"]}]},{"@type":"ImageObject","inLanguage":"es-MX","@id":"https:\/\/www.cornyn.senate.gov\/es-mx\/news\/cornyn-se-reune-con-terry-cole-candidato-a-administrador-de-la-dea\/#primaryimage","url":"https:\/\/www.cornyn.senate.gov\/wp-content\/uploads\/2025\/04\/dea-pic.jpg","contentUrl":"https:\/\/www.cornyn.senate.gov\/wp-content\/uploads\/2025\/04\/dea-pic.jpg"},{"@type":"BreadcrumbList","@id":"https:\/\/www.cornyn.senate.gov\/es-mx\/news\/cornyn-se-reune-con-terry-cole-candidato-a-administrador-de-la-dea\/#breadcrumb","itemListElement":[{"@type":"ListItem","position":1,"name":"Home","item":"https:\/\/www.cornyn.senate.gov\/es-mx\/"},{"@type":"ListItem","position":2,"name":"News","item":"https:\/\/www.cornyn.senate.gov\/es-mx\/news\/"},{"@type":"ListItem","position":3,"name":"Cornyn se re\u00fane con Terry Cole, candidato a administrador de la DEA"}]},{"@type":"WebSite","@id":"https:\/\/www.cornyn.senate.gov\/es-mx\/#website","url":"https:\/\/www.cornyn.senate.gov\/es-mx\/","name":"Senator Cornyn","description":"","publisher":{"@id":"https:\/\/www.cornyn.senate.gov\/es-mx\/#organization"},"potentialAction":[{"@type":"SearchAction","target":{"@type":"EntryPoint","urlTemplate":"https:\/\/www.cornyn.senate.gov\/es-mx\/?s={search_term_string}"},"query-input":{"@type":"PropertyValueSpecification","valueRequired":true,"valueName":"search_term_string"}}],"inLanguage":"es-MX"},{"@type":"Organization","@id":"https:\/\/www.cornyn.senate.gov\/es-mx\/#organization","name":"Senator Cornyn","url":"https:\/\/www.cornyn.senate.gov\/es-mx\/","logo":{"@type":"ImageObject","inLanguage":"es-MX","@id":"https:\/\/www.cornyn.senate.gov\/es-mx\/#\/schema\/logo\/image\/","url":"https:\/\/www.cornyn.senate.gov\/wp-content\/uploads\/2022\/01\/Logo-2.svg","contentUrl":"https:\/\/www.cornyn.senate.gov\/wp-content\/uploads\/2022\/01\/Logo-2.svg","caption":"Senator Cornyn"},"image":{"@id":"https:\/\/www.cornyn.senate.gov\/es-mx\/#\/schema\/logo\/image\/"},"sameAs":["https:\/\/www.facebook.com\/SenJohnCornyn","https:\/\/x.com\/johncornyn"]}]}},"_links":{"self":[{"href":"https:\/\/www.cornyn.senate.gov\/es-mx\/wp-json\/wp\/v2\/news\/50170","targetHints":{"allow":["GET"]}}],"collection":[{"href":"https:\/\/www.cornyn.senate.gov\/es-mx\/wp-json\/wp\/v2\/news"}],"about":[{"href":"https:\/\/www.cornyn.senate.gov\/es-mx\/wp-json\/wp\/v2\/types\/news"}],"author":[{"embeddable":true,"href":"https:\/\/www.cornyn.senate.gov\/es-mx\/wp-json\/wp\/v2\/users\/20"}],"version-history":[{"count":1,"href":"https:\/\/www.cornyn.senate.gov\/es-mx\/wp-json\/wp\/v2\/news\/50170\/revisions"}],"predecessor-version":[{"id":50171,"href":"https:\/\/www.cornyn.senate.gov\/es-mx\/wp-json\/wp\/v2\/news\/50170\/revisions\/50171"}],"wp:attachment":[{"href":"https:\/\/www.cornyn.senate.gov\/es-mx\/wp-json\/wp\/v2\/media?parent=50170"}],"wp:term":[{"taxonomy":"news-type","embeddable":true,"href":"https:\/\/www.cornyn.senate.gov\/es-mx\/wp-json\/wp\/v2\/news-type?post=50170"},{"taxonomy":"issues","embeddable":true,"href":"https:\/\/www.cornyn.senate.gov\/es-mx\/wp-json\/wp\/v2\/issues?post=50170"}],"curies":[{"name":"wp","href":"https:\/\/api.w.org\/{rel}","templated":true}]}}